{"id":13945,"date":"2025-09-02T17:29:58","date_gmt":"2025-09-02T20:29:58","guid":{"rendered":"https:\/\/autofans.com.ar\/?p=13945"},"modified":"2025-09-02T17:29:58","modified_gmt":"2025-09-02T20:29:58","slug":"husqvarna-desembarca-en-tucuman-con-toda-su-gama","status":"publish","type":"post","link":"https:\/\/autofans.com.ar\/index.php\/2025\/09\/02\/husqvarna-desembarca-en-tucuman-con-toda-su-gama\/","title":{"rendered":"Husqvarna desembarca en Tucum\u00e1n con toda su gama"},"content":{"rendered":"<p class=\"ds-markdown-paragraph\">Husqvarna Argentina, de la mano de Grupo Simpa S.A., concret\u00f3 la apertura de su nuevo concesionario oficial en Tucum\u00e1n. La estrategia refuerza la expansi\u00f3n de la marca en el norte del pa\u00eds y se posiciona en una plaza con gran cultura motera.<\/p>\n<p class=\"ds-markdown-paragraph\">El espacio, ubicado en Combate de San Lorenzo 1312, esquina San Luis, funciona como un centro integral para los amantes de las dos ruedas. Cuenta con un showroom moderno, un taller full equipado, venta de accesorios y un servicio postventa con atenci\u00f3n personalizada.<\/p>\n<p>&nbsp;<\/p>\n<h2 class=\"ds-markdown-paragraph\">La inauguraci\u00f3n y las personalidades<\/h2>\n<p>&nbsp;<\/p>\n<div id='gallery-1' class='gallery galleryid-13945 gallery-columns-2 gallery-size-full'><figure class='gallery-item'>\n\t\t\t<div class='gallery-icon landscape'>\n\t\t\t\t<a href='https:\/\/autofans.com.ar\/index.php\/2025\/09\/02\/husqvarna-desembarca-en-tucuman-con-toda-su-gama\/moto-4-9\/'><img loading=\"lazy\" width=\"1000\" height=\"667\" src=\"https:\/\/autofans.com.ar\/wp-content\/uploads\/2025\/09\/moto-4.jpg\" class=\"attachment-full size-full\" alt=\"Husqvarna\" aria-describedby=\"gallery-1-13949\" srcset=\"https:\/\/autofans.com.ar\/wp-content\/uploads\/2025\/09\/moto-4.jpg 1000w, https:\/\/autofans.com.ar\/wp-content\/uploads\/2025\/09\/moto-4-300x200.jpg 300w, https:\/\/autofans.com.ar\/wp-content\/uploads\/2025\/09\/moto-4-768x512.jpg 768w\" sizes=\"auto, (max-width: 1000px) 100vw, 1000px\" loading=\"lazy\" decoding=\"async\" \/><\/a>\n\t\t\t<\/div>\n\t\t\t\t<figcaption class='wp-caption-text gallery-caption' id='gallery-1-13949'>\n\t\t\t\tMart\u00edn Schwartz, director de la Divisi\u00f3n Rodados de Grupo Simpa S.A.\n\t\t\t\t<\/figcaption><\/figure><figure class='gallery-item'>\n\t\t\t<div class='gallery-icon landscape'>\n\t\t\t\t<a href='https:\/\/autofans.com.ar\/index.php\/2025\/09\/02\/husqvarna-desembarca-en-tucuman-con-toda-su-gama\/moto-2-13\/'><img loading=\"lazy\" width=\"1000\" height=\"667\" src=\"https:\/\/autofans.com.ar\/wp-content\/uploads\/2025\/09\/moto-2.jpg\" class=\"attachment-full size-full\" alt=\"Husqvarna\" aria-describedby=\"gallery-1-13951\" srcset=\"https:\/\/autofans.com.ar\/wp-content\/uploads\/2025\/09\/moto-2.jpg 1000w, https:\/\/autofans.com.ar\/wp-content\/uploads\/2025\/09\/moto-2-300x200.jpg 300w, https:\/\/autofans.com.ar\/wp-content\/uploads\/2025\/09\/moto-2-768x512.jpg 768w\" sizes=\"auto, (max-width: 1000px) 100vw, 1000px\" loading=\"lazy\" decoding=\"async\" \/><\/a>\n\t\t\t<\/div>\n\t\t\t\t<figcaption class='wp-caption-text gallery-caption' id='gallery-1-13951'>\n\t\t\t\tLeandro Panaggio, Business Manager de Husqvarna Argentina en Grupo Simpa\n\t\t\t\t<\/figcaption><\/figure>\n\t\t<\/div>\n\n<p>&nbsp;<\/p>\n<p class=\"ds-markdown-paragraph\">El corte de cinta oficial estuvo a cargo de directivos de Grupo Simpa S.A., representantes de Husqvarna Mobility y los nuevos socios locales a cargo del concesionario. Mart\u00edn Schwartz, Leandro Panaggio y Joaqu\u00edn P\u00e9rez Cobo fueron algunos de los presentes en el evento.<\/p>\n<p>&nbsp;<\/p>\n<blockquote>\n<p style=\"text-align: center;\"><span lang=\"ES-AR\">Martin Schwartz coment\u00f3: \u201cDesde Grupo Simpa trabajamos diariamente para garantizar que todas las marcas que representamos en Argentina \u2014entre ellas Husqvarna Mobility \u2014 mantengan los m\u00e1s altos est\u00e1ndares de calidad, servicio y atenci\u00f3n al cliente. Actualmente contamos con m\u00e1s de 160 concesionarios en todo el pa\u00eds y, tenemos presencia en distintos puntos de la regi\u00f3n como M\u00e9xico y Per\u00fa, con la misi\u00f3n de garantizar que cada usuario reciba atenci\u00f3n de excelencia, tanto en el momento de la compra como en la posventa\u201d y agreg\u00f3\u201cabrir un nuevo punto de atenci\u00f3n para la marca es parte del compromiso que tenemos con quienes nos eligen\u201d<\/span>.<\/p>\n<\/blockquote>\n<p>&nbsp;<\/p>\n<h2 class=\"ds-markdown-paragraph\">Husqvarna &#8211; los modelos y las motos en exhibici\u00f3n<\/h2>\n<p>&nbsp;<\/p>\n<div id='gallery-2' class='gallery galleryid-13945 gallery-columns-2 gallery-size-full'><figure class='gallery-item'>\n\t\t\t<div class='gallery-icon landscape'>\n\t\t\t\t<a href='https:\/\/autofans.com.ar\/index.php\/2025\/09\/02\/husqvarna-desembarca-en-tucuman-con-toda-su-gama\/moto-1-15\/'><img loading=\"lazy\" width=\"1000\" height=\"667\" src=\"https:\/\/autofans.com.ar\/wp-content\/uploads\/2025\/09\/moto-1.jpg\" class=\"attachment-full size-full\" alt=\"Husqvarna\" aria-describedby=\"gallery-2-13952\" srcset=\"https:\/\/autofans.com.ar\/wp-content\/uploads\/2025\/09\/moto-1.jpg 1000w, https:\/\/autofans.com.ar\/wp-content\/uploads\/2025\/09\/moto-1-300x200.jpg 300w, https:\/\/autofans.com.ar\/wp-content\/uploads\/2025\/09\/moto-1-768x512.jpg 768w\" sizes=\"auto, (max-width: 1000px) 100vw, 1000px\" loading=\"lazy\" decoding=\"async\" \/><\/a>\n\t\t\t<\/div>\n\t\t\t\t<figcaption class='wp-caption-text gallery-caption' id='gallery-2-13952'>\n\t\t\t\tEl piloto Kevin Benavides en la inauguraci\u00f3n nuevo concesionario Husqvarna Tucum\u00e1n\n\t\t\t\t<\/figcaption><\/figure><figure class='gallery-item'>\n\t\t\t<div class='gallery-icon landscape'>\n\t\t\t\t<a href='https:\/\/autofans.com.ar\/index.php\/2025\/09\/02\/husqvarna-desembarca-en-tucuman-con-toda-su-gama\/foto-6-75\/'><img loading=\"lazy\" width=\"1000\" height=\"667\" src=\"https:\/\/autofans.com.ar\/wp-content\/uploads\/2025\/09\/foto-6.jpg\" class=\"attachment-full size-full\" alt=\"Husqvarna\" srcset=\"https:\/\/autofans.com.ar\/wp-content\/uploads\/2025\/09\/foto-6.jpg 1000w, https:\/\/autofans.com.ar\/wp-content\/uploads\/2025\/09\/foto-6-300x200.jpg 300w, https:\/\/autofans.com.ar\/wp-content\/uploads\/2025\/09\/foto-6-768x512.jpg 768w\" sizes=\"auto, (max-width: 1000px) 100vw, 1000px\" loading=\"lazy\" decoding=\"async\" \/><\/a>\n\t\t\t<\/div><\/figure>\n\t\t<\/div>\n\n<p>&nbsp;<\/p>\n<p class=\"ds-markdown-paragraph\">En el nuevo local, los clientes tucumanos pueden encontrar toda la gama Husqvarna. Desde las naked Svartpilen 250, 401 y 801, y la Vitpilen 401, hasta la aventurera Norden 901. Tambi\u00e9n hay espacio para el off-road, con modelos de motocross y enduro extremo como la TE 300, y las bicicletas el\u00e9ctricas E-Bicycles.<\/p>\n<p>&nbsp;<\/p>\n<blockquote>\n<p style=\"text-align: center;\">Por su parte, Pablo Reyven, representante del concesionario Husqvarna Tucum\u00e1n, se\u00f1alo: \u201cCon la apertura de este nuevo concesionario, ubicado en una esquina hist\u00f3rica y emblem\u00e1tica de Tucum\u00e1n queremos que nuestros clientes vivencien una experiencia \u00fanica, generando el acercamiento de una marca global como Husqvarna, con toda su innovaci\u00f3n y calidad, a la comunidad de nuestra provincia y de todo el NOA\u201d.<\/p>\n<\/blockquote>\n<p>&nbsp;<\/p>\n<h2 class=\"ds-markdown-paragraph\">Horarios y financiaci\u00f3n para los clientes<\/h2>\n<p>&nbsp;<\/p>\n<div id='gallery-3' class='gallery galleryid-13945 gallery-columns-2 gallery-size-full'><figure class='gallery-item'>\n\t\t\t<div class='gallery-icon landscape'>\n\t\t\t\t<a href='https:\/\/autofans.com.ar\/index.php\/2025\/09\/02\/husqvarna-desembarca-en-tucuman-con-toda-su-gama\/moto-3-10\/'><img loading=\"lazy\" width=\"1000\" height=\"667\" src=\"https:\/\/autofans.com.ar\/wp-content\/uploads\/2025\/09\/moto-3.jpg\" class=\"attachment-full size-full\" alt=\"Husqvarna\" aria-describedby=\"gallery-3-13950\" srcset=\"https:\/\/autofans.com.ar\/wp-content\/uploads\/2025\/09\/moto-3.jpg 1000w, https:\/\/autofans.com.ar\/wp-content\/uploads\/2025\/09\/moto-3-300x200.jpg 300w, https:\/\/autofans.com.ar\/wp-content\/uploads\/2025\/09\/moto-3-768x512.jpg 768w\" sizes=\"auto, (max-width: 1000px) 100vw, 1000px\" loading=\"lazy\" decoding=\"async\" \/><\/a>\n\t\t\t<\/div>\n\t\t\t\t<figcaption class='wp-caption-text gallery-caption' id='gallery-3-13950'>\n\t\t\t\tPablo Reyven, representante del concesionario Husqvarna Tucum\u00e1n\n\t\t\t\t<\/figcaption><\/figure><figure class='gallery-item'>\n\t\t\t<div class='gallery-icon landscape'>\n\t\t\t\t<a href='https:\/\/autofans.com.ar\/index.php\/2025\/09\/02\/husqvarna-desembarca-en-tucuman-con-toda-su-gama\/moto-5-6\/'><img loading=\"lazy\" width=\"1000\" height=\"667\" src=\"https:\/\/autofans.com.ar\/wp-content\/uploads\/2025\/09\/moto-5.jpg\" class=\"attachment-full size-full\" alt=\"Husqvarna\" srcset=\"https:\/\/autofans.com.ar\/wp-content\/uploads\/2025\/09\/moto-5.jpg 1000w, https:\/\/autofans.com.ar\/wp-content\/uploads\/2025\/09\/moto-5-300x200.jpg 300w, https:\/\/autofans.com.ar\/wp-content\/uploads\/2025\/09\/moto-5-768x512.jpg 768w\" sizes=\"auto, (max-width: 1000px) 100vw, 1000px\" loading=\"lazy\" decoding=\"async\" \/><\/a>\n\t\t\t<\/div><\/figure>\n\t\t<\/div>\n\n<p>&nbsp;<\/p>\n<p class=\"ds-markdown-paragraph\">Husqvarna Tucum\u00e1n atiende de lunes a viernes de 9 a 18 horas, y los s\u00e1bados de 9 a 13. Para hacer m\u00e1s f\u00e1cil la llegada a una Husqvarna, el concesionario ofrece planes de financiaci\u00f3n exclusivos con el Banco BBVA. Los precios de los modelos arrancan en los $10.000.000 y pueden superar los $35.000.000.<\/p>\n<p>&nbsp;<\/p>\n<p>&nbsp;<\/p>\n<p><i>Para enterarte de m\u00e1s novedades, no dejes de leer\u00a0<\/i><a href=\"https:\/\/autofans.thebrandsoup.com\/\"><i>nuestras notas<\/i><\/a><i>, de ver\u00a0<\/i><a href=\"https:\/\/www.youtube.com\/channel\/UCgAC8UGHZYbT6P7PpmVnP7g\"><i>AUTOFANS TV<\/i><\/a><i>\u00a0en nuestro\u00a0canal de Youtube. Adem\u00e1s seguinos en\u00a0<\/i><a href=\"https:\/\/www.instagram.com\/autofanstv\/\"><i>INSTAGRAM<\/i><\/a><i> y <\/i><a href=\"https:\/\/www.facebook.com\/autofansmas\/\"><i>FACEBOOK<\/i><\/a><i> para no perderte nada sobre las novedades del segmento automotor de Argentina y el mundo.<\/i><\/p>\n","protected":false},"excerpt":{"rendered":"<p>Husqvarna Argentina, de la mano de Grupo Simpa S.A., concret\u00f3 la apertura de su nuevo&#8230;<\/p>\n","protected":false},"author":2,"featured_media":13946,"comment_status":"closed","ping_status":"closed","sticky":false,"template":"","format":"standard","meta":{"footnotes":""},"categories":[292,1],"tags":[38,7311,3070,1233,1548,246,7308,2757,812,60,6740,7309,1186,7310],"class_list":["post-13945","post","type-post","status-publish","format-standard","has-post-thumbnail","hentry","category-empresas","category-lanzamientos","tag-argentina","tag-bbva","tag-concesionario","tag-enduro","tag-financiacion","tag-grupo-simpa","tag-husqvarna","tag-inauguracion","tag-motocross","tag-motos","tag-norden-901","tag-svartpilen","tag-tucuman","tag-vitpilen"],"yoast_head":"<!-- This site is optimized with the Yoast SEO plugin v27.5 - https:\/\/yoast.com\/product\/yoast-seo-wordpress\/ -->\n<title>Husqvarna desembarca en Tucum\u00e1n con toda su gama -<\/title>\n<meta name=\"description\" content=\"Husqvarna Argentina, de la mano de Grupo Simpa S.A., present\u00f3 su nuevo concesionario oficial en Tucum\u00e1n. La estrategia refuerza la expansi\u00f3n..\" \/>\n<meta name=\"robots\" content=\"index, follow, max-snippet:-1, max-image-preview:large, max-video-preview:-1\" \/>\n<link rel=\"canonical\" href=\"https:\/\/autofans.com.ar\/index.php\/2025\/09\/02\/husqvarna-desembarca-en-tucuman-con-toda-su-gama\/\" \/>\n<meta property=\"og:locale\" content=\"es_ES\" \/>\n<meta property=\"og:type\" content=\"article\" \/>\n<meta property=\"og:title\" content=\"Husqvarna desembarca en Tucum\u00e1n con toda su gama -\" \/>\n<meta property=\"og:description\" content=\"Husqvarna Argentina, de la mano de Grupo Simpa S.A., present\u00f3 su nuevo concesionario oficial en Tucum\u00e1n. La estrategia refuerza la expansi\u00f3n..\" \/>\n<meta property=\"og:url\" content=\"https:\/\/autofans.com.ar\/index.php\/2025\/09\/02\/husqvarna-desembarca-en-tucuman-con-toda-su-gama\/\" \/>\n<meta property=\"article:published_time\" content=\"2025-09-02T20:29:58+00:00\" \/>\n<meta property=\"og:image\" content=\"https:\/\/autofans.com.ar\/wp-content\/uploads\/2025\/09\/moto-7.jpg\" \/>\n\t<meta property=\"og:image:width\" content=\"1000\" \/>\n\t<meta property=\"og:image:height\" content=\"667\" \/>\n\t<meta property=\"og:image:type\" content=\"image\/jpeg\" \/>\n<meta name=\"author\" content=\"Alejandro Gabriel Rosito\" \/>\n<meta name=\"twitter:card\" content=\"summary_large_image\" \/>\n<meta name=\"twitter:label1\" content=\"Escrito por\" \/>\n\t<meta name=\"twitter:data1\" content=\"Alejandro Gabriel Rosito\" \/>\n\t<meta name=\"twitter:label2\" content=\"Tiempo de lectura\" \/>\n\t<meta name=\"twitter:data2\" content=\"2 minutos\" \/>\n<script type=\"application\/ld+json\" class=\"yoast-schema-graph\">{\"@context\":\"https:\\\/\\\/schema.org\",\"@graph\":[{\"@type\":\"Article\",\"@id\":\"https:\\\/\\\/autofans.com.ar\\\/index.php\\\/2025\\\/09\\\/02\\\/husqvarna-desembarca-en-tucuman-con-toda-su-gama\\\/#article\",\"isPartOf\":{\"@id\":\"https:\\\/\\\/autofans.com.ar\\\/index.php\\\/2025\\\/09\\\/02\\\/husqvarna-desembarca-en-tucuman-con-toda-su-gama\\\/\"},\"author\":{\"name\":\"Alejandro Gabriel Rosito\",\"@id\":\"https:\\\/\\\/autofans.com.ar\\\/#\\\/schema\\\/person\\\/4a8dda0b6df83ac3d6723e921274c2aa\"},\"headline\":\"Husqvarna desembarca en Tucum\u00e1n con toda su gama\",\"datePublished\":\"2025-09-02T20:29:58+00:00\",\"mainEntityOfPage\":{\"@id\":\"https:\\\/\\\/autofans.com.ar\\\/index.php\\\/2025\\\/09\\\/02\\\/husqvarna-desembarca-en-tucuman-con-toda-su-gama\\\/\"},\"wordCount\":517,\"image\":{\"@id\":\"https:\\\/\\\/autofans.com.ar\\\/index.php\\\/2025\\\/09\\\/02\\\/husqvarna-desembarca-en-tucuman-con-toda-su-gama\\\/#primaryimage\"},\"thumbnailUrl\":\"https:\\\/\\\/autofans.com.ar\\\/wp-content\\\/uploads\\\/2025\\\/09\\\/moto-7.jpg\",\"keywords\":[\"Argentina\",\"BBVA\",\"Concesionario\",\"enduro\",\"financiaci\u00f3n\",\"Grupo Simpa\",\"Husqvarna\",\"inauguraci\u00f3n\",\"Motocross\",\"Motos\",\"Norden 901\",\"Svartpilen\",\"Tucum\u00e1n\",\"Vitpilen\"],\"articleSection\":[\"EMPRESAS\",\"LANZAMIENTOS\"],\"inLanguage\":\"es\"},{\"@type\":\"WebPage\",\"@id\":\"https:\\\/\\\/autofans.com.ar\\\/index.php\\\/2025\\\/09\\\/02\\\/husqvarna-desembarca-en-tucuman-con-toda-su-gama\\\/\",\"url\":\"https:\\\/\\\/autofans.com.ar\\\/index.php\\\/2025\\\/09\\\/02\\\/husqvarna-desembarca-en-tucuman-con-toda-su-gama\\\/\",\"name\":\"Husqvarna desembarca en Tucum\u00e1n con toda su gama -\",\"isPartOf\":{\"@id\":\"https:\\\/\\\/autofans.com.ar\\\/#website\"},\"primaryImageOfPage\":{\"@id\":\"https:\\\/\\\/autofans.com.ar\\\/index.php\\\/2025\\\/09\\\/02\\\/husqvarna-desembarca-en-tucuman-con-toda-su-gama\\\/#primaryimage\"},\"image\":{\"@id\":\"https:\\\/\\\/autofans.com.ar\\\/index.php\\\/2025\\\/09\\\/02\\\/husqvarna-desembarca-en-tucuman-con-toda-su-gama\\\/#primaryimage\"},\"thumbnailUrl\":\"https:\\\/\\\/autofans.com.ar\\\/wp-content\\\/uploads\\\/2025\\\/09\\\/moto-7.jpg\",\"datePublished\":\"2025-09-02T20:29:58+00:00\",\"author\":{\"@id\":\"https:\\\/\\\/autofans.com.ar\\\/#\\\/schema\\\/person\\\/4a8dda0b6df83ac3d6723e921274c2aa\"},\"description\":\"Husqvarna Argentina, de la mano de Grupo Simpa S.A., present\u00f3 su nuevo concesionario oficial en Tucum\u00e1n. La estrategia refuerza la expansi\u00f3n..\",\"breadcrumb\":{\"@id\":\"https:\\\/\\\/autofans.com.ar\\\/index.php\\\/2025\\\/09\\\/02\\\/husqvarna-desembarca-en-tucuman-con-toda-su-gama\\\/#breadcrumb\"},\"inLanguage\":\"es\",\"potentialAction\":[{\"@type\":\"ReadAction\",\"target\":[\"https:\\\/\\\/autofans.com.ar\\\/index.php\\\/2025\\\/09\\\/02\\\/husqvarna-desembarca-en-tucuman-con-toda-su-gama\\\/\"]}]},{\"@type\":\"ImageObject\",\"inLanguage\":\"es\",\"@id\":\"https:\\\/\\\/autofans.com.ar\\\/index.php\\\/2025\\\/09\\\/02\\\/husqvarna-desembarca-en-tucuman-con-toda-su-gama\\\/#primaryimage\",\"url\":\"https:\\\/\\\/autofans.com.ar\\\/wp-content\\\/uploads\\\/2025\\\/09\\\/moto-7.jpg\",\"contentUrl\":\"https:\\\/\\\/autofans.com.ar\\\/wp-content\\\/uploads\\\/2025\\\/09\\\/moto-7.jpg\",\"width\":1000,\"height\":667,\"caption\":\"Husqvarna\"},{\"@type\":\"BreadcrumbList\",\"@id\":\"https:\\\/\\\/autofans.com.ar\\\/index.php\\\/2025\\\/09\\\/02\\\/husqvarna-desembarca-en-tucuman-con-toda-su-gama\\\/#breadcrumb\",\"itemListElement\":[{\"@type\":\"ListItem\",\"position\":1,\"name\":\"Inicio\",\"item\":\"https:\\\/\\\/autofans.com.ar\\\/\"},{\"@type\":\"ListItem\",\"position\":2,\"name\":\"Husqvarna desembarca en Tucum\u00e1n con toda su gama\"}]},{\"@type\":\"WebSite\",\"@id\":\"https:\\\/\\\/autofans.com.ar\\\/#website\",\"url\":\"https:\\\/\\\/autofans.com.ar\\\/\",\"name\":\"\",\"description\":\"El multimedio referente de la industria automotriz\",\"potentialAction\":[{\"@type\":\"SearchAction\",\"target\":{\"@type\":\"EntryPoint\",\"urlTemplate\":\"https:\\\/\\\/autofans.com.ar\\\/?s={search_term_string}\"},\"query-input\":{\"@type\":\"PropertyValueSpecification\",\"valueRequired\":true,\"valueName\":\"search_term_string\"}}],\"inLanguage\":\"es\"},{\"@type\":\"Person\",\"@id\":\"https:\\\/\\\/autofans.com.ar\\\/#\\\/schema\\\/person\\\/4a8dda0b6df83ac3d6723e921274c2aa\",\"name\":\"Alejandro Gabriel Rosito\",\"image\":{\"@type\":\"ImageObject\",\"inLanguage\":\"es\",\"@id\":\"https:\\\/\\\/secure.gravatar.com\\\/avatar\\\/16c5dda1489adfc62618084dcbb91cffd879c374b13fe5dd8e44ed6733852c88?s=96&d=mm&r=g\",\"url\":\"https:\\\/\\\/secure.gravatar.com\\\/avatar\\\/16c5dda1489adfc62618084dcbb91cffd879c374b13fe5dd8e44ed6733852c88?s=96&d=mm&r=g\",\"contentUrl\":\"https:\\\/\\\/secure.gravatar.com\\\/avatar\\\/16c5dda1489adfc62618084dcbb91cffd879c374b13fe5dd8e44ed6733852c88?s=96&d=mm&r=g\",\"caption\":\"Alejandro Gabriel Rosito\"},\"url\":\"https:\\\/\\\/autofans.com.ar\\\/index.php\\\/author\\\/gabrielr\\\/\"}]}<\/script>\n<!-- \/ Yoast SEO plugin. -->","yoast_head_json":{"title":"Husqvarna desembarca en Tucum\u00e1n con toda su gama -","description":"Husqvarna Argentina, de la mano de Grupo Simpa S.A., present\u00f3 su nuevo concesionario oficial en Tucum\u00e1n. La estrategia refuerza la expansi\u00f3n..","robots":{"index":"index","follow":"follow","max-snippet":"max-snippet:-1","max-image-preview":"max-image-preview:large","max-video-preview":"max-video-preview:-1"},"canonical":"https:\/\/autofans.com.ar\/index.php\/2025\/09\/02\/husqvarna-desembarca-en-tucuman-con-toda-su-gama\/","og_locale":"es_ES","og_type":"article","og_title":"Husqvarna desembarca en Tucum\u00e1n con toda su gama -","og_description":"Husqvarna Argentina, de la mano de Grupo Simpa S.A., present\u00f3 su nuevo concesionario oficial en Tucum\u00e1n. La estrategia refuerza la expansi\u00f3n..","og_url":"https:\/\/autofans.com.ar\/index.php\/2025\/09\/02\/husqvarna-desembarca-en-tucuman-con-toda-su-gama\/","article_published_time":"2025-09-02T20:29:58+00:00","og_image":[{"width":1000,"height":667,"url":"https:\/\/autofans.com.ar\/wp-content\/uploads\/2025\/09\/moto-7.jpg","type":"image\/jpeg"}],"author":"Alejandro Gabriel Rosito","twitter_card":"summary_large_image","twitter_misc":{"Escrito por":"Alejandro Gabriel Rosito","Tiempo de lectura":"2 minutos"},"schema":{"@context":"https:\/\/schema.org","@graph":[{"@type":"Article","@id":"https:\/\/autofans.com.ar\/index.php\/2025\/09\/02\/husqvarna-desembarca-en-tucuman-con-toda-su-gama\/#article","isPartOf":{"@id":"https:\/\/autofans.com.ar\/index.php\/2025\/09\/02\/husqvarna-desembarca-en-tucuman-con-toda-su-gama\/"},"author":{"name":"Alejandro Gabriel Rosito","@id":"https:\/\/autofans.com.ar\/#\/schema\/person\/4a8dda0b6df83ac3d6723e921274c2aa"},"headline":"Husqvarna desembarca en Tucum\u00e1n con toda su gama","datePublished":"2025-09-02T20:29:58+00:00","mainEntityOfPage":{"@id":"https:\/\/autofans.com.ar\/index.php\/2025\/09\/02\/husqvarna-desembarca-en-tucuman-con-toda-su-gama\/"},"wordCount":517,"image":{"@id":"https:\/\/autofans.com.ar\/index.php\/2025\/09\/02\/husqvarna-desembarca-en-tucuman-con-toda-su-gama\/#primaryimage"},"thumbnailUrl":"https:\/\/autofans.com.ar\/wp-content\/uploads\/2025\/09\/moto-7.jpg","keywords":["Argentina","BBVA","Concesionario","enduro","financiaci\u00f3n","Grupo Simpa","Husqvarna","inauguraci\u00f3n","Motocross","Motos","Norden 901","Svartpilen","Tucum\u00e1n","Vitpilen"],"articleSection":["EMPRESAS","LANZAMIENTOS"],"inLanguage":"es"},{"@type":"WebPage","@id":"https:\/\/autofans.com.ar\/index.php\/2025\/09\/02\/husqvarna-desembarca-en-tucuman-con-toda-su-gama\/","url":"https:\/\/autofans.com.ar\/index.php\/2025\/09\/02\/husqvarna-desembarca-en-tucuman-con-toda-su-gama\/","name":"Husqvarna desembarca en Tucum\u00e1n con toda su gama -","isPartOf":{"@id":"https:\/\/autofans.com.ar\/#website"},"primaryImageOfPage":{"@id":"https:\/\/autofans.com.ar\/index.php\/2025\/09\/02\/husqvarna-desembarca-en-tucuman-con-toda-su-gama\/#primaryimage"},"image":{"@id":"https:\/\/autofans.com.ar\/index.php\/2025\/09\/02\/husqvarna-desembarca-en-tucuman-con-toda-su-gama\/#primaryimage"},"thumbnailUrl":"https:\/\/autofans.com.ar\/wp-content\/uploads\/2025\/09\/moto-7.jpg","datePublished":"2025-09-02T20:29:58+00:00","author":{"@id":"https:\/\/autofans.com.ar\/#\/schema\/person\/4a8dda0b6df83ac3d6723e921274c2aa"},"description":"Husqvarna Argentina, de la mano de Grupo Simpa S.A., present\u00f3 su nuevo concesionario oficial en Tucum\u00e1n. La estrategia refuerza la expansi\u00f3n..","breadcrumb":{"@id":"https:\/\/autofans.com.ar\/index.php\/2025\/09\/02\/husqvarna-desembarca-en-tucuman-con-toda-su-gama\/#breadcrumb"},"inLanguage":"es","potentialAction":[{"@type":"ReadAction","target":["https:\/\/autofans.com.ar\/index.php\/2025\/09\/02\/husqvarna-desembarca-en-tucuman-con-toda-su-gama\/"]}]},{"@type":"ImageObject","inLanguage":"es","@id":"https:\/\/autofans.com.ar\/index.php\/2025\/09\/02\/husqvarna-desembarca-en-tucuman-con-toda-su-gama\/#primaryimage","url":"https:\/\/autofans.com.ar\/wp-content\/uploads\/2025\/09\/moto-7.jpg","contentUrl":"https:\/\/autofans.com.ar\/wp-content\/uploads\/2025\/09\/moto-7.jpg","width":1000,"height":667,"caption":"Husqvarna"},{"@type":"BreadcrumbList","@id":"https:\/\/autofans.com.ar\/index.php\/2025\/09\/02\/husqvarna-desembarca-en-tucuman-con-toda-su-gama\/#breadcrumb","itemListElement":[{"@type":"ListItem","position":1,"name":"Inicio","item":"https:\/\/autofans.com.ar\/"},{"@type":"ListItem","position":2,"name":"Husqvarna desembarca en Tucum\u00e1n con toda su gama"}]},{"@type":"WebSite","@id":"https:\/\/autofans.com.ar\/#website","url":"https:\/\/autofans.com.ar\/","name":"","description":"El multimedio referente de la industria automotriz","potentialAction":[{"@type":"SearchAction","target":{"@type":"EntryPoint","urlTemplate":"https:\/\/autofans.com.ar\/?s={search_term_string}"},"query-input":{"@type":"PropertyValueSpecification","valueRequired":true,"valueName":"search_term_string"}}],"inLanguage":"es"},{"@type":"Person","@id":"https:\/\/autofans.com.ar\/#\/schema\/person\/4a8dda0b6df83ac3d6723e921274c2aa","name":"Alejandro Gabriel Rosito","image":{"@type":"ImageObject","inLanguage":"es","@id":"https:\/\/secure.gravatar.com\/avatar\/16c5dda1489adfc62618084dcbb91cffd879c374b13fe5dd8e44ed6733852c88?s=96&d=mm&r=g","url":"https:\/\/secure.gravatar.com\/avatar\/16c5dda1489adfc62618084dcbb91cffd879c374b13fe5dd8e44ed6733852c88?s=96&d=mm&r=g","contentUrl":"https:\/\/secure.gravatar.com\/avatar\/16c5dda1489adfc62618084dcbb91cffd879c374b13fe5dd8e44ed6733852c88?s=96&d=mm&r=g","caption":"Alejandro Gabriel Rosito"},"url":"https:\/\/autofans.com.ar\/index.php\/author\/gabrielr\/"}]}},"featured_image_urls":{"full":["https:\/\/autofans.com.ar\/wp-content\/uploads\/2025\/09\/moto-7.jpg",1000,667,false],"thumbnail":["https:\/\/autofans.com.ar\/wp-content\/uploads\/2025\/09\/moto-7-150x150.jpg",150,150,true],"medium":["https:\/\/autofans.com.ar\/wp-content\/uploads\/2025\/09\/moto-7-300x200.jpg",300,200,true],"medium_large":["https:\/\/autofans.com.ar\/wp-content\/uploads\/2025\/09\/moto-7-768x512.jpg",640,427,true],"large":["https:\/\/autofans.com.ar\/wp-content\/uploads\/2025\/09\/moto-7.jpg",640,427,false],"1536x1536":["https:\/\/autofans.com.ar\/wp-content\/uploads\/2025\/09\/moto-7.jpg",1000,667,false],"2048x2048":["https:\/\/autofans.com.ar\/wp-content\/uploads\/2025\/09\/moto-7.jpg",1000,667,false],"covernews-featured":["https:\/\/autofans.com.ar\/wp-content\/uploads\/2025\/09\/moto-7.jpg",1000,667,false],"covernews-medium":["https:\/\/autofans.com.ar\/wp-content\/uploads\/2025\/09\/moto-7-540x340.jpg",540,340,true]},"author_info":{"display_name":"Alejandro Gabriel Rosito","author_link":"https:\/\/autofans.com.ar\/index.php\/author\/gabrielr\/"},"category_info":"<a href=\"https:\/\/autofans.com.ar\/index.php\/category\/noticias\/empresas\/\" rel=\"category tag\">EMPRESAS<\/a> <a href=\"https:\/\/autofans.com.ar\/index.php\/category\/lanzamientos\/\" rel=\"category tag\">LANZAMIENTOS<\/a>","tag_info":"LANZAMIENTOS","comment_count":0,"_links":{"self":[{"href":"https:\/\/autofans.com.ar\/index.php\/wp-json\/wp\/v2\/posts\/13945","targetHints":{"allow":["GET"]}}],"collection":[{"href":"https:\/\/autofans.com.ar\/index.php\/wp-json\/wp\/v2\/posts"}],"about":[{"href":"https:\/\/autofans.com.ar\/index.php\/wp-json\/wp\/v2\/types\/post"}],"author":[{"embeddable":true,"href":"https:\/\/autofans.com.ar\/index.php\/wp-json\/wp\/v2\/users\/2"}],"replies":[{"embeddable":true,"href":"https:\/\/autofans.com.ar\/index.php\/wp-json\/wp\/v2\/comments?post=13945"}],"version-history":[{"count":2,"href":"https:\/\/autofans.com.ar\/index.php\/wp-json\/wp\/v2\/posts\/13945\/revisions"}],"predecessor-version":[{"id":13954,"href":"https:\/\/autofans.com.ar\/index.php\/wp-json\/wp\/v2\/posts\/13945\/revisions\/13954"}],"wp:featuredmedia":[{"embeddable":true,"href":"https:\/\/autofans.com.ar\/index.php\/wp-json\/wp\/v2\/media\/13946"}],"wp:attachment":[{"href":"https:\/\/autofans.com.ar\/index.php\/wp-json\/wp\/v2\/media?parent=13945"}],"wp:term":[{"taxonomy":"category","embeddable":true,"href":"https:\/\/autofans.com.ar\/index.php\/wp-json\/wp\/v2\/categories?post=13945"},{"taxonomy":"post_tag","embeddable":true,"href":"https:\/\/autofans.com.ar\/index.php\/wp-json\/wp\/v2\/tags?post=13945"}],"curies":[{"name":"wp","href":"https:\/\/api.w.org\/{rel}","templated":true}]}}