{"id":13975,"date":"2025-09-03T18:00:46","date_gmt":"2025-09-03T21:00:46","guid":{"rendered":"https:\/\/autofans.com.ar\/?p=13975"},"modified":"2025-09-03T18:00:46","modified_gmt":"2025-09-03T21:00:46","slug":"asi-es-la-nueva-nissan-x-trail-advance","status":"publish","type":"post","link":"https:\/\/autofans.com.ar\/index.php\/2025\/09\/03\/asi-es-la-nueva-nissan-x-trail-advance\/","title":{"rendered":"As\u00ed es la Nueva Nissan X-Trail Advance"},"content":{"rendered":"<p class=\"ds-markdown-paragraph\">Nissan ampl\u00eda la gama de la X-Trail en Argentina con el lanzamiento de la versi\u00f3n Advance. Esta nueva propuesta llega para completar la oferta local, que ya incluye las versiones e-Power y Exclusive, apuntando directamente a las familias que buscan espacio y versatilidad.<\/p>\n<p>&nbsp;<\/p>\n<blockquote>\n<p style=\"text-align: center;\">\u00abEn Nissan trabajamos permanentemente para acercar a nuestros clientes m\u00e1s opciones dentro de cada segmento. El crecimiento de la categor\u00eda SUV en Argentina \u2013que ya representa m\u00e1s del 30% de las ventas de la industria\u2013 demuestra que los consumidores buscan espacio, versatilidad y seguridad en un solo veh\u00edculo.\u00bb destac\u00f3 Gast\u00f3n Forbes, Gerente de Producto de Nissan Argentina.<\/p>\n<\/blockquote>\n<p>&nbsp;<\/p>\n<h2>La SUV de 7 Plazas para la Ciudad y la Ruta<\/h2>\n<p>&nbsp;<\/p>\n<p><img fetchpriority=\"high\" decoding=\"async\" class=\"aligncenter wp-image-13979 size-full\" src=\"https:\/\/autofans.com.ar\/wp-content\/uploads\/2025\/09\/nissan-1.jpg\" alt=\"Nissan X-Trail\" width=\"1000\" height=\"667\" srcset=\"https:\/\/autofans.com.ar\/wp-content\/uploads\/2025\/09\/nissan-1.jpg 1000w, https:\/\/autofans.com.ar\/wp-content\/uploads\/2025\/09\/nissan-1-300x200.jpg 300w, https:\/\/autofans.com.ar\/wp-content\/uploads\/2025\/09\/nissan-1-768x512.jpg 768w\" sizes=\"(max-width: 1000px) 100vw, 1000px\" \/><\/p>\n<p>&nbsp;<\/p>\n<p class=\"ds-markdown-paragraph\">El punto fuerte de la Advance es su interior, que incorpora tres filas de asientos con capacidad para siete pasajeros. Esto la convierte en una opci\u00f3n ideal para quien necesita un veh\u00edculo pr\u00e1ctico para la ciudad pero que no quiere sacrificar comodidad en los viajes largos.<\/p>\n<p>&nbsp;<\/p>\n<h2>Los Lujos que Lleva la Nueva Nissan X-Trail Advance<\/h2>\n<p>&nbsp;<\/p>\n<p><img decoding=\"async\" class=\"aligncenter wp-image-13976 size-full\" src=\"https:\/\/autofans.com.ar\/wp-content\/uploads\/2025\/09\/nissan-4.jpg\" alt=\"Nissan X-Trail\" width=\"1000\" height=\"667\" srcset=\"https:\/\/autofans.com.ar\/wp-content\/uploads\/2025\/09\/nissan-4.jpg 1000w, https:\/\/autofans.com.ar\/wp-content\/uploads\/2025\/09\/nissan-4-300x200.jpg 300w, https:\/\/autofans.com.ar\/wp-content\/uploads\/2025\/09\/nissan-4-768x512.jpg 768w\" sizes=\"(max-width: 1000px) 100vw, 1000px\" \/><\/p>\n<p>&nbsp;<\/p>\n<p class=\"ds-markdown-paragraph\">En cuanto a equipamiento, no se queda atr\u00e1s. Incluye una pantalla t\u00e1ctil de 8 pulgadas, climatizador autom\u00e1tico de doble zona y un techo panor\u00e1mico el\u00e9ctrico. En el exterior, se destaca con llantas de 18 pulgadas y faros delanteros con tecnolog\u00eda LED.<\/p>\n<p>&nbsp;<\/p>\n<h2>Seguridad Activa de Nivel<\/h2>\n<p>&nbsp;<\/p>\n<p><img decoding=\"async\" class=\"aligncenter wp-image-13978 size-full\" src=\"https:\/\/autofans.com.ar\/wp-content\/uploads\/2025\/09\/nissan-2.jpg\" alt=\"Nissan X-Trail\" width=\"1000\" height=\"667\" srcset=\"https:\/\/autofans.com.ar\/wp-content\/uploads\/2025\/09\/nissan-2.jpg 1000w, https:\/\/autofans.com.ar\/wp-content\/uploads\/2025\/09\/nissan-2-300x200.jpg 300w, https:\/\/autofans.com.ar\/wp-content\/uploads\/2025\/09\/nissan-2-768x512.jpg 768w\" sizes=\"(max-width: 1000px) 100vw, 1000px\" \/><\/p>\n<p>&nbsp;<\/p>\n<p class=\"ds-markdown-paragraph\">La seguridad es otro de sus pilares. Integra un paquete de asistencia al conductor con alerta de colisi\u00f3n frontal, frenado aut\u00f3nomo de emergencia y control de crucero inteligente. Estas herramientas est\u00e1n dise\u00f1adas para asistir al conductor y prevenir incidentes.<\/p>\n<p class=\"ds-markdown-paragraph\">Con la llegada de la Advance, Nissan consolida su propuesta en el segmento de SUVs, ofreciendo una alternativa robusta y tecnol\u00f3gica para diferentes estilos de vida.<\/p>\n<p>&nbsp;<\/p>\n<p>&nbsp;<\/p>\n<p>&nbsp;<\/p>\n<p><i>Para enterarte de m\u00e1s novedades, no dejes de leer\u00a0<\/i><a href=\"https:\/\/autofans.thebrandsoup.com\/\"><i>nuestras notas<\/i><\/a><i>, de ver\u00a0<\/i><a href=\"https:\/\/www.youtube.com\/channel\/UCgAC8UGHZYbT6P7PpmVnP7g\"><i>AUTOFANS TV<\/i><\/a><i>\u00a0en nuestro\u00a0canal de Youtube. Adem\u00e1s seguinos en\u00a0<\/i><a href=\"https:\/\/www.instagram.com\/autofanstv\/\"><i>INSTAGRAM<\/i><\/a><i> y <\/i><a href=\"https:\/\/www.facebook.com\/autofansmas\/\"><i>FACEBOOK<\/i><\/a><i> para no perderte nada sobre las novedades del segmento automotor de Argentina y el mundo.<\/i><\/p>\n","protected":false},"excerpt":{"rendered":"<p>Nissan ampl\u00eda la gama de la X-Trail en Argentina con el lanzamiento de la versi\u00f3n&#8230;<\/p>\n","protected":false},"author":2,"featured_media":13977,"comment_status":"closed","ping_status":"closed","sticky":false,"template":"","format":"standard","meta":{"footnotes":""},"categories":[3,1],"tags":[7320,7323,46,7319,7322,1306,6649,7085,7321],"class_list":["post-13975","post","type-post","status-publish","format-standard","has-post-thumbnail","hentry","category-autos","category-lanzamientos","tag-auto-familiar","tag-lanzamiento-automotor","tag-nissan-argentina","tag-nissan-x-trail-advance","tag-precios-suv","tag-seguridad-vehicular","tag-suv-7-plazas","tag-suv-familiar","tag-tres-filas-de-asientos"],"yoast_head":"<!-- This site is optimized with the Yoast SEO plugin v27.5 - https:\/\/yoast.com\/product\/yoast-seo-wordpress\/ -->\n<title>As\u00ed es la Nueva Nissan X-Trail Advance -<\/title>\n<meta name=\"description\" content=\"Nissan ampl\u00eda la gama de la X-Trail en Argentina con el lanzamiento de la versi\u00f3n Advance. Esta nueva propuesta llega para completar la oferta\" \/>\n<meta name=\"robots\" content=\"index, follow, max-snippet:-1, max-image-preview:large, max-video-preview:-1\" \/>\n<link rel=\"canonical\" href=\"https:\/\/autofans.com.ar\/index.php\/2025\/09\/03\/asi-es-la-nueva-nissan-x-trail-advance\/\" \/>\n<meta property=\"og:locale\" content=\"es_ES\" \/>\n<meta property=\"og:type\" content=\"article\" \/>\n<meta property=\"og:title\" content=\"As\u00ed es la Nueva Nissan X-Trail Advance -\" \/>\n<meta property=\"og:description\" content=\"Nissan ampl\u00eda la gama de la X-Trail en Argentina con el lanzamiento de la versi\u00f3n Advance. Esta nueva propuesta llega para completar la oferta\" \/>\n<meta property=\"og:url\" content=\"https:\/\/autofans.com.ar\/index.php\/2025\/09\/03\/asi-es-la-nueva-nissan-x-trail-advance\/\" \/>\n<meta property=\"article:published_time\" content=\"2025-09-03T21:00:46+00:00\" \/>\n<meta property=\"og:image\" content=\"https:\/\/autofans.com.ar\/wp-content\/uploads\/2025\/09\/nissan-3.jpg\" \/>\n\t<meta property=\"og:image:width\" content=\"1000\" \/>\n\t<meta property=\"og:image:height\" content=\"667\" \/>\n\t<meta property=\"og:image:type\" content=\"image\/jpeg\" \/>\n<meta name=\"author\" content=\"Alejandro Gabriel Rosito\" \/>\n<meta name=\"twitter:card\" content=\"summary_large_image\" \/>\n<meta name=\"twitter:label1\" content=\"Escrito por\" \/>\n\t<meta name=\"twitter:data1\" content=\"Alejandro Gabriel Rosito\" \/>\n\t<meta name=\"twitter:label2\" content=\"Tiempo de lectura\" \/>\n\t<meta name=\"twitter:data2\" content=\"2 minutos\" \/>\n<script type=\"application\/ld+json\" class=\"yoast-schema-graph\">{\"@context\":\"https:\\\/\\\/schema.org\",\"@graph\":[{\"@type\":\"Article\",\"@id\":\"https:\\\/\\\/autofans.com.ar\\\/index.php\\\/2025\\\/09\\\/03\\\/asi-es-la-nueva-nissan-x-trail-advance\\\/#article\",\"isPartOf\":{\"@id\":\"https:\\\/\\\/autofans.com.ar\\\/index.php\\\/2025\\\/09\\\/03\\\/asi-es-la-nueva-nissan-x-trail-advance\\\/\"},\"author\":{\"name\":\"Alejandro Gabriel Rosito\",\"@id\":\"https:\\\/\\\/autofans.com.ar\\\/#\\\/schema\\\/person\\\/4a8dda0b6df83ac3d6723e921274c2aa\"},\"headline\":\"As\u00ed es la Nueva Nissan X-Trail Advance\",\"datePublished\":\"2025-09-03T21:00:46+00:00\",\"mainEntityOfPage\":{\"@id\":\"https:\\\/\\\/autofans.com.ar\\\/index.php\\\/2025\\\/09\\\/03\\\/asi-es-la-nueva-nissan-x-trail-advance\\\/\"},\"wordCount\":356,\"image\":{\"@id\":\"https:\\\/\\\/autofans.com.ar\\\/index.php\\\/2025\\\/09\\\/03\\\/asi-es-la-nueva-nissan-x-trail-advance\\\/#primaryimage\"},\"thumbnailUrl\":\"https:\\\/\\\/autofans.com.ar\\\/wp-content\\\/uploads\\\/2025\\\/09\\\/nissan-3.jpg\",\"keywords\":[\"auto familiar\",\"lanzamiento automotor\",\"Nissan Argentina\",\"nissan x-trail advance\",\"precios suv\",\"seguridad vehicular\",\"SUV 7 plazas\",\"SUV familiar\",\"tres filas de asientos\"],\"articleSection\":[\"AUTOS y SUV\",\"LANZAMIENTOS\"],\"inLanguage\":\"es\"},{\"@type\":\"WebPage\",\"@id\":\"https:\\\/\\\/autofans.com.ar\\\/index.php\\\/2025\\\/09\\\/03\\\/asi-es-la-nueva-nissan-x-trail-advance\\\/\",\"url\":\"https:\\\/\\\/autofans.com.ar\\\/index.php\\\/2025\\\/09\\\/03\\\/asi-es-la-nueva-nissan-x-trail-advance\\\/\",\"name\":\"As\u00ed es la Nueva Nissan X-Trail Advance -\",\"isPartOf\":{\"@id\":\"https:\\\/\\\/autofans.com.ar\\\/#website\"},\"primaryImageOfPage\":{\"@id\":\"https:\\\/\\\/autofans.com.ar\\\/index.php\\\/2025\\\/09\\\/03\\\/asi-es-la-nueva-nissan-x-trail-advance\\\/#primaryimage\"},\"image\":{\"@id\":\"https:\\\/\\\/autofans.com.ar\\\/index.php\\\/2025\\\/09\\\/03\\\/asi-es-la-nueva-nissan-x-trail-advance\\\/#primaryimage\"},\"thumbnailUrl\":\"https:\\\/\\\/autofans.com.ar\\\/wp-content\\\/uploads\\\/2025\\\/09\\\/nissan-3.jpg\",\"datePublished\":\"2025-09-03T21:00:46+00:00\",\"author\":{\"@id\":\"https:\\\/\\\/autofans.com.ar\\\/#\\\/schema\\\/person\\\/4a8dda0b6df83ac3d6723e921274c2aa\"},\"description\":\"Nissan ampl\u00eda la gama de la X-Trail en Argentina con el lanzamiento de la versi\u00f3n Advance. Esta nueva propuesta llega para completar la oferta\",\"breadcrumb\":{\"@id\":\"https:\\\/\\\/autofans.com.ar\\\/index.php\\\/2025\\\/09\\\/03\\\/asi-es-la-nueva-nissan-x-trail-advance\\\/#breadcrumb\"},\"inLanguage\":\"es\",\"potentialAction\":[{\"@type\":\"ReadAction\",\"target\":[\"https:\\\/\\\/autofans.com.ar\\\/index.php\\\/2025\\\/09\\\/03\\\/asi-es-la-nueva-nissan-x-trail-advance\\\/\"]}]},{\"@type\":\"ImageObject\",\"inLanguage\":\"es\",\"@id\":\"https:\\\/\\\/autofans.com.ar\\\/index.php\\\/2025\\\/09\\\/03\\\/asi-es-la-nueva-nissan-x-trail-advance\\\/#primaryimage\",\"url\":\"https:\\\/\\\/autofans.com.ar\\\/wp-content\\\/uploads\\\/2025\\\/09\\\/nissan-3.jpg\",\"contentUrl\":\"https:\\\/\\\/autofans.com.ar\\\/wp-content\\\/uploads\\\/2025\\\/09\\\/nissan-3.jpg\",\"width\":1000,\"height\":667,\"caption\":\"Nissan X-Trail\"},{\"@type\":\"BreadcrumbList\",\"@id\":\"https:\\\/\\\/autofans.com.ar\\\/index.php\\\/2025\\\/09\\\/03\\\/asi-es-la-nueva-nissan-x-trail-advance\\\/#breadcrumb\",\"itemListElement\":[{\"@type\":\"ListItem\",\"position\":1,\"name\":\"Inicio\",\"item\":\"https:\\\/\\\/autofans.com.ar\\\/\"},{\"@type\":\"ListItem\",\"position\":2,\"name\":\"As\u00ed es la Nueva Nissan X-Trail Advance\"}]},{\"@type\":\"WebSite\",\"@id\":\"https:\\\/\\\/autofans.com.ar\\\/#website\",\"url\":\"https:\\\/\\\/autofans.com.ar\\\/\",\"name\":\"\",\"description\":\"El multimedio referente de la industria automotriz\",\"potentialAction\":[{\"@type\":\"SearchAction\",\"target\":{\"@type\":\"EntryPoint\",\"urlTemplate\":\"https:\\\/\\\/autofans.com.ar\\\/?s={search_term_string}\"},\"query-input\":{\"@type\":\"PropertyValueSpecification\",\"valueRequired\":true,\"valueName\":\"search_term_string\"}}],\"inLanguage\":\"es\"},{\"@type\":\"Person\",\"@id\":\"https:\\\/\\\/autofans.com.ar\\\/#\\\/schema\\\/person\\\/4a8dda0b6df83ac3d6723e921274c2aa\",\"name\":\"Alejandro Gabriel Rosito\",\"image\":{\"@type\":\"ImageObject\",\"inLanguage\":\"es\",\"@id\":\"https:\\\/\\\/secure.gravatar.com\\\/avatar\\\/16c5dda1489adfc62618084dcbb91cffd879c374b13fe5dd8e44ed6733852c88?s=96&d=mm&r=g\",\"url\":\"https:\\\/\\\/secure.gravatar.com\\\/avatar\\\/16c5dda1489adfc62618084dcbb91cffd879c374b13fe5dd8e44ed6733852c88?s=96&d=mm&r=g\",\"contentUrl\":\"https:\\\/\\\/secure.gravatar.com\\\/avatar\\\/16c5dda1489adfc62618084dcbb91cffd879c374b13fe5dd8e44ed6733852c88?s=96&d=mm&r=g\",\"caption\":\"Alejandro Gabriel Rosito\"},\"url\":\"https:\\\/\\\/autofans.com.ar\\\/index.php\\\/author\\\/gabrielr\\\/\"}]}<\/script>\n<!-- \/ Yoast SEO plugin. -->","yoast_head_json":{"title":"As\u00ed es la Nueva Nissan X-Trail Advance -","description":"Nissan ampl\u00eda la gama de la X-Trail en Argentina con el lanzamiento de la versi\u00f3n Advance. Esta nueva propuesta llega para completar la oferta","robots":{"index":"index","follow":"follow","max-snippet":"max-snippet:-1","max-image-preview":"max-image-preview:large","max-video-preview":"max-video-preview:-1"},"canonical":"https:\/\/autofans.com.ar\/index.php\/2025\/09\/03\/asi-es-la-nueva-nissan-x-trail-advance\/","og_locale":"es_ES","og_type":"article","og_title":"As\u00ed es la Nueva Nissan X-Trail Advance -","og_description":"Nissan ampl\u00eda la gama de la X-Trail en Argentina con el lanzamiento de la versi\u00f3n Advance. Esta nueva propuesta llega para completar la oferta","og_url":"https:\/\/autofans.com.ar\/index.php\/2025\/09\/03\/asi-es-la-nueva-nissan-x-trail-advance\/","article_published_time":"2025-09-03T21:00:46+00:00","og_image":[{"width":1000,"height":667,"url":"https:\/\/autofans.com.ar\/wp-content\/uploads\/2025\/09\/nissan-3.jpg","type":"image\/jpeg"}],"author":"Alejandro Gabriel Rosito","twitter_card":"summary_large_image","twitter_misc":{"Escrito por":"Alejandro Gabriel Rosito","Tiempo de lectura":"2 minutos"},"schema":{"@context":"https:\/\/schema.org","@graph":[{"@type":"Article","@id":"https:\/\/autofans.com.ar\/index.php\/2025\/09\/03\/asi-es-la-nueva-nissan-x-trail-advance\/#article","isPartOf":{"@id":"https:\/\/autofans.com.ar\/index.php\/2025\/09\/03\/asi-es-la-nueva-nissan-x-trail-advance\/"},"author":{"name":"Alejandro Gabriel Rosito","@id":"https:\/\/autofans.com.ar\/#\/schema\/person\/4a8dda0b6df83ac3d6723e921274c2aa"},"headline":"As\u00ed es la Nueva Nissan X-Trail Advance","datePublished":"2025-09-03T21:00:46+00:00","mainEntityOfPage":{"@id":"https:\/\/autofans.com.ar\/index.php\/2025\/09\/03\/asi-es-la-nueva-nissan-x-trail-advance\/"},"wordCount":356,"image":{"@id":"https:\/\/autofans.com.ar\/index.php\/2025\/09\/03\/asi-es-la-nueva-nissan-x-trail-advance\/#primaryimage"},"thumbnailUrl":"https:\/\/autofans.com.ar\/wp-content\/uploads\/2025\/09\/nissan-3.jpg","keywords":["auto familiar","lanzamiento automotor","Nissan Argentina","nissan x-trail advance","precios suv","seguridad vehicular","SUV 7 plazas","SUV familiar","tres filas de asientos"],"articleSection":["AUTOS y SUV","LANZAMIENTOS"],"inLanguage":"es"},{"@type":"WebPage","@id":"https:\/\/autofans.com.ar\/index.php\/2025\/09\/03\/asi-es-la-nueva-nissan-x-trail-advance\/","url":"https:\/\/autofans.com.ar\/index.php\/2025\/09\/03\/asi-es-la-nueva-nissan-x-trail-advance\/","name":"As\u00ed es la Nueva Nissan X-Trail Advance -","isPartOf":{"@id":"https:\/\/autofans.com.ar\/#website"},"primaryImageOfPage":{"@id":"https:\/\/autofans.com.ar\/index.php\/2025\/09\/03\/asi-es-la-nueva-nissan-x-trail-advance\/#primaryimage"},"image":{"@id":"https:\/\/autofans.com.ar\/index.php\/2025\/09\/03\/asi-es-la-nueva-nissan-x-trail-advance\/#primaryimage"},"thumbnailUrl":"https:\/\/autofans.com.ar\/wp-content\/uploads\/2025\/09\/nissan-3.jpg","datePublished":"2025-09-03T21:00:46+00:00","author":{"@id":"https:\/\/autofans.com.ar\/#\/schema\/person\/4a8dda0b6df83ac3d6723e921274c2aa"},"description":"Nissan ampl\u00eda la gama de la X-Trail en Argentina con el lanzamiento de la versi\u00f3n Advance. Esta nueva propuesta llega para completar la oferta","breadcrumb":{"@id":"https:\/\/autofans.com.ar\/index.php\/2025\/09\/03\/asi-es-la-nueva-nissan-x-trail-advance\/#breadcrumb"},"inLanguage":"es","potentialAction":[{"@type":"ReadAction","target":["https:\/\/autofans.com.ar\/index.php\/2025\/09\/03\/asi-es-la-nueva-nissan-x-trail-advance\/"]}]},{"@type":"ImageObject","inLanguage":"es","@id":"https:\/\/autofans.com.ar\/index.php\/2025\/09\/03\/asi-es-la-nueva-nissan-x-trail-advance\/#primaryimage","url":"https:\/\/autofans.com.ar\/wp-content\/uploads\/2025\/09\/nissan-3.jpg","contentUrl":"https:\/\/autofans.com.ar\/wp-content\/uploads\/2025\/09\/nissan-3.jpg","width":1000,"height":667,"caption":"Nissan X-Trail"},{"@type":"BreadcrumbList","@id":"https:\/\/autofans.com.ar\/index.php\/2025\/09\/03\/asi-es-la-nueva-nissan-x-trail-advance\/#breadcrumb","itemListElement":[{"@type":"ListItem","position":1,"name":"Inicio","item":"https:\/\/autofans.com.ar\/"},{"@type":"ListItem","position":2,"name":"As\u00ed es la Nueva Nissan X-Trail Advance"}]},{"@type":"WebSite","@id":"https:\/\/autofans.com.ar\/#website","url":"https:\/\/autofans.com.ar\/","name":"","description":"El multimedio referente de la industria automotriz","potentialAction":[{"@type":"SearchAction","target":{"@type":"EntryPoint","urlTemplate":"https:\/\/autofans.com.ar\/?s={search_term_string}"},"query-input":{"@type":"PropertyValueSpecification","valueRequired":true,"valueName":"search_term_string"}}],"inLanguage":"es"},{"@type":"Person","@id":"https:\/\/autofans.com.ar\/#\/schema\/person\/4a8dda0b6df83ac3d6723e921274c2aa","name":"Alejandro Gabriel Rosito","image":{"@type":"ImageObject","inLanguage":"es","@id":"https:\/\/secure.gravatar.com\/avatar\/16c5dda1489adfc62618084dcbb91cffd879c374b13fe5dd8e44ed6733852c88?s=96&d=mm&r=g","url":"https:\/\/secure.gravatar.com\/avatar\/16c5dda1489adfc62618084dcbb91cffd879c374b13fe5dd8e44ed6733852c88?s=96&d=mm&r=g","contentUrl":"https:\/\/secure.gravatar.com\/avatar\/16c5dda1489adfc62618084dcbb91cffd879c374b13fe5dd8e44ed6733852c88?s=96&d=mm&r=g","caption":"Alejandro Gabriel Rosito"},"url":"https:\/\/autofans.com.ar\/index.php\/author\/gabrielr\/"}]}},"featured_image_urls":{"full":["https:\/\/autofans.com.ar\/wp-content\/uploads\/2025\/09\/nissan-3.jpg",1000,667,false],"thumbnail":["https:\/\/autofans.com.ar\/wp-content\/uploads\/2025\/09\/nissan-3-150x150.jpg",150,150,true],"medium":["https:\/\/autofans.com.ar\/wp-content\/uploads\/2025\/09\/nissan-3-300x200.jpg",300,200,true],"medium_large":["https:\/\/autofans.com.ar\/wp-content\/uploads\/2025\/09\/nissan-3-768x512.jpg",640,427,true],"large":["https:\/\/autofans.com.ar\/wp-content\/uploads\/2025\/09\/nissan-3.jpg",640,427,false],"1536x1536":["https:\/\/autofans.com.ar\/wp-content\/uploads\/2025\/09\/nissan-3.jpg",1000,667,false],"2048x2048":["https:\/\/autofans.com.ar\/wp-content\/uploads\/2025\/09\/nissan-3.jpg",1000,667,false],"covernews-featured":["https:\/\/autofans.com.ar\/wp-content\/uploads\/2025\/09\/nissan-3.jpg",1000,667,false],"covernews-medium":["https:\/\/autofans.com.ar\/wp-content\/uploads\/2025\/09\/nissan-3-540x340.jpg",540,340,true]},"author_info":{"display_name":"Alejandro Gabriel Rosito","author_link":"https:\/\/autofans.com.ar\/index.php\/author\/gabrielr\/"},"category_info":"<a href=\"https:\/\/autofans.com.ar\/index.php\/category\/noticias\/autos\/\" rel=\"category tag\">AUTOS y SUV<\/a> <a href=\"https:\/\/autofans.com.ar\/index.php\/category\/lanzamientos\/\" rel=\"category tag\">LANZAMIENTOS<\/a>","tag_info":"LANZAMIENTOS","comment_count":0,"_links":{"self":[{"href":"https:\/\/autofans.com.ar\/index.php\/wp-json\/wp\/v2\/posts\/13975","targetHints":{"allow":["GET"]}}],"collection":[{"href":"https:\/\/autofans.com.ar\/index.php\/wp-json\/wp\/v2\/posts"}],"about":[{"href":"https:\/\/autofans.com.ar\/index.php\/wp-json\/wp\/v2\/types\/post"}],"author":[{"embeddable":true,"href":"https:\/\/autofans.com.ar\/index.php\/wp-json\/wp\/v2\/users\/2"}],"replies":[{"embeddable":true,"href":"https:\/\/autofans.com.ar\/index.php\/wp-json\/wp\/v2\/comments?post=13975"}],"version-history":[{"count":1,"href":"https:\/\/autofans.com.ar\/index.php\/wp-json\/wp\/v2\/posts\/13975\/revisions"}],"predecessor-version":[{"id":13980,"href":"https:\/\/autofans.com.ar\/index.php\/wp-json\/wp\/v2\/posts\/13975\/revisions\/13980"}],"wp:featuredmedia":[{"embeddable":true,"href":"https:\/\/autofans.com.ar\/index.php\/wp-json\/wp\/v2\/media\/13977"}],"wp:attachment":[{"href":"https:\/\/autofans.com.ar\/index.php\/wp-json\/wp\/v2\/media?parent=13975"}],"wp:term":[{"taxonomy":"category","embeddable":true,"href":"https:\/\/autofans.com.ar\/index.php\/wp-json\/wp\/v2\/categories?post=13975"},{"taxonomy":"post_tag","embeddable":true,"href":"https:\/\/autofans.com.ar\/index.php\/wp-json\/wp\/v2\/tags?post=13975"}],"curies":[{"name":"wp","href":"https:\/\/api.w.org\/{rel}","templated":true}]}}