{"id":13981,"date":"2025-09-03T20:31:14","date_gmt":"2025-09-03T23:31:14","guid":{"rendered":"https:\/\/autofans.com.ar\/?p=13981"},"modified":"2025-09-03T20:31:14","modified_gmt":"2025-09-03T23:31:14","slug":"asi-son-los-nuevos-id-polo-e-id-gti-de-volkswagen","status":"publish","type":"post","link":"https:\/\/autofans.com.ar\/index.php\/2025\/09\/03\/asi-son-los-nuevos-id-polo-e-id-gti-de-volkswagen\/","title":{"rendered":"As\u00ed Son los Nuevos ID. Polo e ID. GTI de Volkswagen"},"content":{"rendered":"<p class=\"ds-markdown-paragraph\">Volkswagen decidi\u00f3 unificar su estrategia de nomenclatura. Los pr\u00f3ximos modelos el\u00e9ctricos de la marca abandonar\u00e1n la denominaci\u00f3n num\u00e9rica para heredar los nombres tradicionales de sus autos a combusti\u00f3n. El objetivo es conectar el legado de la marca con su futuro el\u00e9ctrico.<\/p>\n<p class=\"ds-markdown-paragraph\">El primer modelo en estrenar esta pol\u00edtica ser\u00e1 el ID. Polo. Este auto, presentado previamente como el concept ID. 2all, iniciar\u00e1 su producci\u00f3n en serie en 2026. La elecci\u00f3n no es casual: coincide con el 50 aniversario del Polo, un nombre que hist\u00f3ricamente represent\u00f3 calidad, seguridad y tecnolog\u00eda accesible.<\/p>\n<p>&nbsp;<\/p>\n<h2 class=\"ds-markdown-paragraph\">La Estrategia Detr\u00e1s del Cambio de Nombres<\/h2>\n<p class=\"ds-markdown-paragraph\">La decisi\u00f3n se basa en el capital emocional que poseen estas denominaciones. Thomas Sch\u00e4fer, CEO de la marca Volkswagen, explic\u00f3 que nombres como Polo o GTI est\u00e1n profundamente arraigados en el p\u00fablico. Representan confiabilidad, personalidad y una historia compartida con sus due\u00f1os.<\/p>\n<p>&nbsp;<\/p>\n<div id='gallery-1' class='gallery galleryid-13981 gallery-columns-2 gallery-size-full'><figure class='gallery-item'>\n\t\t\t<div class='gallery-icon landscape'>\n\t\t\t\t<a href='https:\/\/autofans.com.ar\/index.php\/2025\/09\/03\/asi-son-los-nuevos-id-polo-e-id-gti-de-volkswagen\/volkswagen-4-9\/'><img loading=\"lazy\" width=\"1000\" height=\"667\" src=\"https:\/\/autofans.com.ar\/wp-content\/uploads\/2025\/09\/volkswagen-4.jpg\" class=\"attachment-full size-full\" alt=\"ID. Polo e ID. GTI\" srcset=\"https:\/\/autofans.com.ar\/wp-content\/uploads\/2025\/09\/volkswagen-4.jpg 1000w, https:\/\/autofans.com.ar\/wp-content\/uploads\/2025\/09\/volkswagen-4-300x200.jpg 300w, https:\/\/autofans.com.ar\/wp-content\/uploads\/2025\/09\/volkswagen-4-768x512.jpg 768w\" sizes=\"auto, (max-width: 1000px) 100vw, 1000px\" loading=\"lazy\" decoding=\"async\" \/><\/a>\n\t\t\t<\/div><\/figure><figure class='gallery-item'>\n\t\t\t<div class='gallery-icon landscape'>\n\t\t\t\t<a href='https:\/\/autofans.com.ar\/index.php\/2025\/09\/03\/asi-son-los-nuevos-id-polo-e-id-gti-de-volkswagen\/volkswagen-6-5\/'><img loading=\"lazy\" width=\"1000\" height=\"667\" src=\"https:\/\/autofans.com.ar\/wp-content\/uploads\/2025\/09\/volkswagen-6.jpg\" class=\"attachment-full size-full\" alt=\"ID. Polo e ID. GTI\" srcset=\"https:\/\/autofans.com.ar\/wp-content\/uploads\/2025\/09\/volkswagen-6.jpg 1000w, https:\/\/autofans.com.ar\/wp-content\/uploads\/2025\/09\/volkswagen-6-300x200.jpg 300w, https:\/\/autofans.com.ar\/wp-content\/uploads\/2025\/09\/volkswagen-6-768x512.jpg 768w\" sizes=\"auto, (max-width: 1000px) 100vw, 1000px\" loading=\"lazy\" decoding=\"async\" \/><\/a>\n\t\t\t<\/div><\/figure>\n\t\t<\/div>\n\n<p>&nbsp;<\/p>\n<p class=\"ds-markdown-paragraph\">La movilidad el\u00e9ctrica, seg\u00fan la marca, debe ser progresista, pero tambi\u00e9n cercana y familiar. Transferir estos nombres consolida la transici\u00f3n hacia la electrificaci\u00f3n, haciendo que la gama de productos sea m\u00e1s comprensible para los clientes.<\/p>\n<p>&nbsp;<\/p>\n<h2 class=\"ds-markdown-paragraph\">El Regreso de una Leyenda &#8211; el ID. Polo GTI<\/h2>\n<p>&nbsp;<\/p>\n<div id='gallery-2' class='gallery galleryid-13981 gallery-columns-2 gallery-size-full'><figure class='gallery-item'>\n\t\t\t<div class='gallery-icon landscape'>\n\t\t\t\t<a href='https:\/\/autofans.com.ar\/index.php\/2025\/09\/03\/asi-son-los-nuevos-id-polo-e-id-gti-de-volkswagen\/volkswagen-8\/'><img loading=\"lazy\" width=\"1000\" height=\"667\" src=\"https:\/\/autofans.com.ar\/wp-content\/uploads\/2025\/09\/volkswagen-8.jpg\" class=\"attachment-full size-full\" alt=\"ID. Polo e ID. GTI\" srcset=\"https:\/\/autofans.com.ar\/wp-content\/uploads\/2025\/09\/volkswagen-8.jpg 1000w, https:\/\/autofans.com.ar\/wp-content\/uploads\/2025\/09\/volkswagen-8-300x200.jpg 300w, https:\/\/autofans.com.ar\/wp-content\/uploads\/2025\/09\/volkswagen-8-768x512.jpg 768w\" sizes=\"auto, (max-width: 1000px) 100vw, 1000px\" loading=\"lazy\" decoding=\"async\" \/><\/a>\n\t\t\t<\/div><\/figure><figure class='gallery-item'>\n\t\t\t<div class='gallery-icon landscape'>\n\t\t\t\t<a href='https:\/\/autofans.com.ar\/index.php\/2025\/09\/03\/asi-son-los-nuevos-id-polo-e-id-gti-de-volkswagen\/volkswagen-7\/'><img loading=\"lazy\" width=\"1000\" height=\"667\" src=\"https:\/\/autofans.com.ar\/wp-content\/uploads\/2025\/09\/volkswagen-7.jpg\" class=\"attachment-full size-full\" alt=\"ID. Polo e ID. GTI\" srcset=\"https:\/\/autofans.com.ar\/wp-content\/uploads\/2025\/09\/volkswagen-7.jpg 1000w, https:\/\/autofans.com.ar\/wp-content\/uploads\/2025\/09\/volkswagen-7-300x200.jpg 300w, https:\/\/autofans.com.ar\/wp-content\/uploads\/2025\/09\/volkswagen-7-768x512.jpg 768w\" sizes=\"auto, (max-width: 1000px) 100vw, 1000px\" loading=\"lazy\" decoding=\"async\" \/><\/a>\n\t\t\t<\/div><\/figure>\n\t\t<\/div>\n\n<p>&nbsp;<\/p>\n<p class=\"ds-markdown-paragraph\">Uno de los anuncios m\u00e1s esperados es la llegada de la performance el\u00e9ctrica. Volkswagen confirm\u00f3 que el concept ID. GTI se producir\u00e1 en serie como ID. Polo GTI, tambi\u00e9n en 2026.<\/p>\n<p class=\"ds-markdown-paragraph\">Este modelo promete dinamismo y un manejo divertido, llevando el ADN del m\u00ednicodeportivo al mundo el\u00e9ctrico. La marca busca replicar la misma emoci\u00f3n que generaron sus versiones a combusti\u00f3n.<\/p>\n<p>&nbsp;<\/p>\n<h2 class=\"ds-markdown-paragraph\">El Debut y el Pr\u00f3ximo en la Fila \u00a0ID. Cross<\/h2>\n<p class=\"ds-markdown-paragraph\">El mundo podr\u00e1 ver por primera vez los prototipos del ID. Polo y el ID. Polo GTI (a\u00fan camuflados) en el sal\u00f3n IAA MOBILITY de M\u00fanich (8-14 de septiembre).<\/p>\n<p>&nbsp;<\/p>\n<div id='gallery-3' class='gallery galleryid-13981 gallery-columns-2 gallery-size-full'><figure class='gallery-item'>\n\t\t\t<div class='gallery-icon landscape'>\n\t\t\t\t<a href='https:\/\/autofans.com.ar\/index.php\/2025\/09\/03\/asi-son-los-nuevos-id-polo-e-id-gti-de-volkswagen\/volkswagen-3-10\/'><img loading=\"lazy\" width=\"1000\" height=\"667\" src=\"https:\/\/autofans.com.ar\/wp-content\/uploads\/2025\/09\/volkswagen-3.jpg\" class=\"attachment-full size-full\" alt=\"ID. Polo e ID. GTI\" srcset=\"https:\/\/autofans.com.ar\/wp-content\/uploads\/2025\/09\/volkswagen-3.jpg 1000w, https:\/\/autofans.com.ar\/wp-content\/uploads\/2025\/09\/volkswagen-3-300x200.jpg 300w, https:\/\/autofans.com.ar\/wp-content\/uploads\/2025\/09\/volkswagen-3-768x512.jpg 768w\" sizes=\"auto, (max-width: 1000px) 100vw, 1000px\" loading=\"lazy\" decoding=\"async\" \/><\/a>\n\t\t\t<\/div><\/figure><figure class='gallery-item'>\n\t\t\t<div class='gallery-icon landscape'>\n\t\t\t\t<a href='https:\/\/autofans.com.ar\/index.php\/2025\/09\/03\/asi-son-los-nuevos-id-polo-e-id-gti-de-volkswagen\/volkswagen-2-14\/'><img loading=\"lazy\" width=\"1000\" height=\"667\" src=\"https:\/\/autofans.com.ar\/wp-content\/uploads\/2025\/09\/volkswagen-2.jpg\" class=\"attachment-full size-full\" alt=\"ID. Polo e ID. GTI\" srcset=\"https:\/\/autofans.com.ar\/wp-content\/uploads\/2025\/09\/volkswagen-2.jpg 1000w, https:\/\/autofans.com.ar\/wp-content\/uploads\/2025\/09\/volkswagen-2-300x200.jpg 300w, https:\/\/autofans.com.ar\/wp-content\/uploads\/2025\/09\/volkswagen-2-768x512.jpg 768w\" sizes=\"auto, (max-width: 1000px) 100vw, 1000px\" loading=\"lazy\" decoding=\"async\" \/><\/a>\n\t\t\t<\/div><\/figure>\n\t\t<\/div>\n\n<p>&nbsp;<\/p>\n<p class=\"ds-markdown-paragraph\">Un d\u00eda antes, Volkswagen presentar\u00e1 en primicia el ID. CROSS Concept, un SUV compacto el\u00e9ctrico. Su versi\u00f3n de producci\u00f3n, el ID. Cross, llegar\u00e1 a fines de 2026 como el sucesor el\u00e9ctrico del T-Cross. Estos lanzamientos marcan el inicio de una nueva era para la marca, con una propuesta de electrificaci\u00f3n m\u00e1s accesible.<\/p>\n<p class=\"ds-markdown-paragraph\">Todos estos nuevos modelos incorporan feedback directo de los clientes. Esto se traduce en interiores con materiales de mayor calidad, una combinaci\u00f3n inteligente de controles digitales y f\u00edsicos (como botones en el volante) y un concepto de manejo intuitivo. Volkswagen demuestra que su evoluci\u00f3n es tecnol\u00f3gica, pero tambi\u00e9n centrada en las personas.<\/p>\n<p>&nbsp;<\/p>\n<p>&nbsp;<\/p>\n<p><i>Para enterarte de m\u00e1s novedades, no dejes de leer\u00a0<\/i><a href=\"https:\/\/autofans.thebrandsoup.com\/\"><i>nuestras notas<\/i><\/a><i>, de ver\u00a0<\/i><a href=\"https:\/\/www.youtube.com\/channel\/UCgAC8UGHZYbT6P7PpmVnP7g\"><i>AUTOFANS TV<\/i><\/a><i>\u00a0en nuestro\u00a0canal de Youtube. Adem\u00e1s seguinos en\u00a0<\/i><a href=\"https:\/\/www.instagram.com\/autofanstv\/\"><i>INSTAGRAM<\/i><\/a><i> y <\/i><a href=\"https:\/\/www.facebook.com\/autofansmas\/\"><i>FACEBOOK<\/i><\/a><i> para no perderte nada sobre las novedades del segmento automotor de Argentina y el mundo.<\/i><\/p>\n","protected":false},"excerpt":{"rendered":"<p>Volkswagen decidi\u00f3 unificar su estrategia de nomenclatura. Los pr\u00f3ximos modelos el\u00e9ctricos de la marca abandonar\u00e1n&#8230;<\/p>\n","protected":false},"author":2,"featured_media":13985,"comment_status":"closed","ping_status":"closed","sticky":false,"template":"","format":"standard","meta":{"footnotes":""},"categories":[341,16],"tags":[3447,7327,7328,7326,7325,7324,1460,2547,382,75],"class_list":["post-13981","post","type-post","status-publish","format-standard","has-post-thumbnail","hentry","category-hibridos-y-electricos","category-noticias","tag-auto-electrico","tag-estrategia-volkswagen","tag-iaa-mobility-2024","tag-id-cross","tag-id-gti","tag-id-polo","tag-movilidad-sustentable","tag-suv-electrico","tag-volkswagen","tag-volkswagen-argentina"],"yoast_head":"<!-- This site is optimized with the Yoast SEO plugin v27.5 - https:\/\/yoast.com\/product\/yoast-seo-wordpress\/ -->\n<title>As\u00ed Son los Nuevos ID. Polo e ID. GTI de Volkswagen -<\/title>\n<meta name=\"description\" content=\"Volkswagen decidi\u00f3 unificar su estrategia de nomenclatura. Los pr\u00f3ximos modelos el\u00e9ctricos de la marca abandonar\u00e1n la denominaci\u00f3n num\u00e9rica\" \/>\n<meta name=\"robots\" content=\"index, follow, max-snippet:-1, max-image-preview:large, max-video-preview:-1\" \/>\n<link rel=\"canonical\" href=\"https:\/\/autofans.com.ar\/index.php\/2025\/09\/03\/asi-son-los-nuevos-id-polo-e-id-gti-de-volkswagen\/\" \/>\n<meta property=\"og:locale\" content=\"es_ES\" \/>\n<meta property=\"og:type\" content=\"article\" \/>\n<meta property=\"og:title\" content=\"As\u00ed Son los Nuevos ID. Polo e ID. GTI de Volkswagen -\" \/>\n<meta property=\"og:description\" content=\"Volkswagen decidi\u00f3 unificar su estrategia de nomenclatura. Los pr\u00f3ximos modelos el\u00e9ctricos de la marca abandonar\u00e1n la denominaci\u00f3n num\u00e9rica\" \/>\n<meta property=\"og:url\" content=\"https:\/\/autofans.com.ar\/index.php\/2025\/09\/03\/asi-son-los-nuevos-id-polo-e-id-gti-de-volkswagen\/\" \/>\n<meta property=\"article:published_time\" content=\"2025-09-03T23:31:14+00:00\" \/>\n<meta property=\"og:image\" content=\"https:\/\/autofans.com.ar\/wp-content\/uploads\/2025\/09\/volkswagen-5.jpg\" \/>\n\t<meta property=\"og:image:width\" content=\"1000\" \/>\n\t<meta property=\"og:image:height\" content=\"667\" \/>\n\t<meta property=\"og:image:type\" content=\"image\/jpeg\" \/>\n<meta name=\"author\" content=\"Alejandro Gabriel Rosito\" \/>\n<meta name=\"twitter:card\" content=\"summary_large_image\" \/>\n<meta name=\"twitter:label1\" content=\"Escrito por\" \/>\n\t<meta name=\"twitter:data1\" content=\"Alejandro Gabriel Rosito\" \/>\n\t<meta name=\"twitter:label2\" content=\"Tiempo de lectura\" \/>\n\t<meta name=\"twitter:data2\" content=\"3 minutos\" \/>\n<script type=\"application\/ld+json\" class=\"yoast-schema-graph\">{\"@context\":\"https:\\\/\\\/schema.org\",\"@graph\":[{\"@type\":\"Article\",\"@id\":\"https:\\\/\\\/autofans.com.ar\\\/index.php\\\/2025\\\/09\\\/03\\\/asi-son-los-nuevos-id-polo-e-id-gti-de-volkswagen\\\/#article\",\"isPartOf\":{\"@id\":\"https:\\\/\\\/autofans.com.ar\\\/index.php\\\/2025\\\/09\\\/03\\\/asi-son-los-nuevos-id-polo-e-id-gti-de-volkswagen\\\/\"},\"author\":{\"name\":\"Alejandro Gabriel Rosito\",\"@id\":\"https:\\\/\\\/autofans.com.ar\\\/#\\\/schema\\\/person\\\/4a8dda0b6df83ac3d6723e921274c2aa\"},\"headline\":\"As\u00ed Son los Nuevos ID. Polo e ID. GTI de Volkswagen\",\"datePublished\":\"2025-09-03T23:31:14+00:00\",\"mainEntityOfPage\":{\"@id\":\"https:\\\/\\\/autofans.com.ar\\\/index.php\\\/2025\\\/09\\\/03\\\/asi-son-los-nuevos-id-polo-e-id-gti-de-volkswagen\\\/\"},\"wordCount\":510,\"image\":{\"@id\":\"https:\\\/\\\/autofans.com.ar\\\/index.php\\\/2025\\\/09\\\/03\\\/asi-son-los-nuevos-id-polo-e-id-gti-de-volkswagen\\\/#primaryimage\"},\"thumbnailUrl\":\"https:\\\/\\\/autofans.com.ar\\\/wp-content\\\/uploads\\\/2025\\\/09\\\/volkswagen-5.jpg\",\"keywords\":[\"Auto el\u00e9ctrico\",\"estrategia Volkswagen\",\"IAA Mobility 2024\",\"ID. Cross\",\"ID. GTI\",\"ID. Polo\",\"movilidad sustentable\",\"SUV el\u00e9ctrico\",\"Volkswagen\",\"Volkswagen Argentina\"],\"articleSection\":[\"HIBRIDOS, ELECTRICOS y otros\",\"NOTICIAS\"],\"inLanguage\":\"es\"},{\"@type\":\"WebPage\",\"@id\":\"https:\\\/\\\/autofans.com.ar\\\/index.php\\\/2025\\\/09\\\/03\\\/asi-son-los-nuevos-id-polo-e-id-gti-de-volkswagen\\\/\",\"url\":\"https:\\\/\\\/autofans.com.ar\\\/index.php\\\/2025\\\/09\\\/03\\\/asi-son-los-nuevos-id-polo-e-id-gti-de-volkswagen\\\/\",\"name\":\"As\u00ed Son los Nuevos ID. Polo e ID. GTI de Volkswagen -\",\"isPartOf\":{\"@id\":\"https:\\\/\\\/autofans.com.ar\\\/#website\"},\"primaryImageOfPage\":{\"@id\":\"https:\\\/\\\/autofans.com.ar\\\/index.php\\\/2025\\\/09\\\/03\\\/asi-son-los-nuevos-id-polo-e-id-gti-de-volkswagen\\\/#primaryimage\"},\"image\":{\"@id\":\"https:\\\/\\\/autofans.com.ar\\\/index.php\\\/2025\\\/09\\\/03\\\/asi-son-los-nuevos-id-polo-e-id-gti-de-volkswagen\\\/#primaryimage\"},\"thumbnailUrl\":\"https:\\\/\\\/autofans.com.ar\\\/wp-content\\\/uploads\\\/2025\\\/09\\\/volkswagen-5.jpg\",\"datePublished\":\"2025-09-03T23:31:14+00:00\",\"author\":{\"@id\":\"https:\\\/\\\/autofans.com.ar\\\/#\\\/schema\\\/person\\\/4a8dda0b6df83ac3d6723e921274c2aa\"},\"description\":\"Volkswagen decidi\u00f3 unificar su estrategia de nomenclatura. Los pr\u00f3ximos modelos el\u00e9ctricos de la marca abandonar\u00e1n la denominaci\u00f3n num\u00e9rica\",\"breadcrumb\":{\"@id\":\"https:\\\/\\\/autofans.com.ar\\\/index.php\\\/2025\\\/09\\\/03\\\/asi-son-los-nuevos-id-polo-e-id-gti-de-volkswagen\\\/#breadcrumb\"},\"inLanguage\":\"es\",\"potentialAction\":[{\"@type\":\"ReadAction\",\"target\":[\"https:\\\/\\\/autofans.com.ar\\\/index.php\\\/2025\\\/09\\\/03\\\/asi-son-los-nuevos-id-polo-e-id-gti-de-volkswagen\\\/\"]}]},{\"@type\":\"ImageObject\",\"inLanguage\":\"es\",\"@id\":\"https:\\\/\\\/autofans.com.ar\\\/index.php\\\/2025\\\/09\\\/03\\\/asi-son-los-nuevos-id-polo-e-id-gti-de-volkswagen\\\/#primaryimage\",\"url\":\"https:\\\/\\\/autofans.com.ar\\\/wp-content\\\/uploads\\\/2025\\\/09\\\/volkswagen-5.jpg\",\"contentUrl\":\"https:\\\/\\\/autofans.com.ar\\\/wp-content\\\/uploads\\\/2025\\\/09\\\/volkswagen-5.jpg\",\"width\":1000,\"height\":667,\"caption\":\"ID. Polo e ID. GTI\"},{\"@type\":\"BreadcrumbList\",\"@id\":\"https:\\\/\\\/autofans.com.ar\\\/index.php\\\/2025\\\/09\\\/03\\\/asi-son-los-nuevos-id-polo-e-id-gti-de-volkswagen\\\/#breadcrumb\",\"itemListElement\":[{\"@type\":\"ListItem\",\"position\":1,\"name\":\"Inicio\",\"item\":\"https:\\\/\\\/autofans.com.ar\\\/\"},{\"@type\":\"ListItem\",\"position\":2,\"name\":\"As\u00ed Son los Nuevos ID. Polo e ID. GTI de Volkswagen\"}]},{\"@type\":\"WebSite\",\"@id\":\"https:\\\/\\\/autofans.com.ar\\\/#website\",\"url\":\"https:\\\/\\\/autofans.com.ar\\\/\",\"name\":\"\",\"description\":\"El multimedio referente de la industria automotriz\",\"potentialAction\":[{\"@type\":\"SearchAction\",\"target\":{\"@type\":\"EntryPoint\",\"urlTemplate\":\"https:\\\/\\\/autofans.com.ar\\\/?s={search_term_string}\"},\"query-input\":{\"@type\":\"PropertyValueSpecification\",\"valueRequired\":true,\"valueName\":\"search_term_string\"}}],\"inLanguage\":\"es\"},{\"@type\":\"Person\",\"@id\":\"https:\\\/\\\/autofans.com.ar\\\/#\\\/schema\\\/person\\\/4a8dda0b6df83ac3d6723e921274c2aa\",\"name\":\"Alejandro Gabriel Rosito\",\"image\":{\"@type\":\"ImageObject\",\"inLanguage\":\"es\",\"@id\":\"https:\\\/\\\/secure.gravatar.com\\\/avatar\\\/16c5dda1489adfc62618084dcbb91cffd879c374b13fe5dd8e44ed6733852c88?s=96&d=mm&r=g\",\"url\":\"https:\\\/\\\/secure.gravatar.com\\\/avatar\\\/16c5dda1489adfc62618084dcbb91cffd879c374b13fe5dd8e44ed6733852c88?s=96&d=mm&r=g\",\"contentUrl\":\"https:\\\/\\\/secure.gravatar.com\\\/avatar\\\/16c5dda1489adfc62618084dcbb91cffd879c374b13fe5dd8e44ed6733852c88?s=96&d=mm&r=g\",\"caption\":\"Alejandro Gabriel Rosito\"},\"url\":\"https:\\\/\\\/autofans.com.ar\\\/index.php\\\/author\\\/gabrielr\\\/\"}]}<\/script>\n<!-- \/ Yoast SEO plugin. -->","yoast_head_json":{"title":"As\u00ed Son los Nuevos ID. Polo e ID. GTI de Volkswagen -","description":"Volkswagen decidi\u00f3 unificar su estrategia de nomenclatura. Los pr\u00f3ximos modelos el\u00e9ctricos de la marca abandonar\u00e1n la denominaci\u00f3n num\u00e9rica","robots":{"index":"index","follow":"follow","max-snippet":"max-snippet:-1","max-image-preview":"max-image-preview:large","max-video-preview":"max-video-preview:-1"},"canonical":"https:\/\/autofans.com.ar\/index.php\/2025\/09\/03\/asi-son-los-nuevos-id-polo-e-id-gti-de-volkswagen\/","og_locale":"es_ES","og_type":"article","og_title":"As\u00ed Son los Nuevos ID. Polo e ID. GTI de Volkswagen -","og_description":"Volkswagen decidi\u00f3 unificar su estrategia de nomenclatura. Los pr\u00f3ximos modelos el\u00e9ctricos de la marca abandonar\u00e1n la denominaci\u00f3n num\u00e9rica","og_url":"https:\/\/autofans.com.ar\/index.php\/2025\/09\/03\/asi-son-los-nuevos-id-polo-e-id-gti-de-volkswagen\/","article_published_time":"2025-09-03T23:31:14+00:00","og_image":[{"width":1000,"height":667,"url":"https:\/\/autofans.com.ar\/wp-content\/uploads\/2025\/09\/volkswagen-5.jpg","type":"image\/jpeg"}],"author":"Alejandro Gabriel Rosito","twitter_card":"summary_large_image","twitter_misc":{"Escrito por":"Alejandro Gabriel Rosito","Tiempo de lectura":"3 minutos"},"schema":{"@context":"https:\/\/schema.org","@graph":[{"@type":"Article","@id":"https:\/\/autofans.com.ar\/index.php\/2025\/09\/03\/asi-son-los-nuevos-id-polo-e-id-gti-de-volkswagen\/#article","isPartOf":{"@id":"https:\/\/autofans.com.ar\/index.php\/2025\/09\/03\/asi-son-los-nuevos-id-polo-e-id-gti-de-volkswagen\/"},"author":{"name":"Alejandro Gabriel Rosito","@id":"https:\/\/autofans.com.ar\/#\/schema\/person\/4a8dda0b6df83ac3d6723e921274c2aa"},"headline":"As\u00ed Son los Nuevos ID. Polo e ID. GTI de Volkswagen","datePublished":"2025-09-03T23:31:14+00:00","mainEntityOfPage":{"@id":"https:\/\/autofans.com.ar\/index.php\/2025\/09\/03\/asi-son-los-nuevos-id-polo-e-id-gti-de-volkswagen\/"},"wordCount":510,"image":{"@id":"https:\/\/autofans.com.ar\/index.php\/2025\/09\/03\/asi-son-los-nuevos-id-polo-e-id-gti-de-volkswagen\/#primaryimage"},"thumbnailUrl":"https:\/\/autofans.com.ar\/wp-content\/uploads\/2025\/09\/volkswagen-5.jpg","keywords":["Auto el\u00e9ctrico","estrategia Volkswagen","IAA Mobility 2024","ID. Cross","ID. GTI","ID. Polo","movilidad sustentable","SUV el\u00e9ctrico","Volkswagen","Volkswagen Argentina"],"articleSection":["HIBRIDOS, ELECTRICOS y otros","NOTICIAS"],"inLanguage":"es"},{"@type":"WebPage","@id":"https:\/\/autofans.com.ar\/index.php\/2025\/09\/03\/asi-son-los-nuevos-id-polo-e-id-gti-de-volkswagen\/","url":"https:\/\/autofans.com.ar\/index.php\/2025\/09\/03\/asi-son-los-nuevos-id-polo-e-id-gti-de-volkswagen\/","name":"As\u00ed Son los Nuevos ID. Polo e ID. GTI de Volkswagen -","isPartOf":{"@id":"https:\/\/autofans.com.ar\/#website"},"primaryImageOfPage":{"@id":"https:\/\/autofans.com.ar\/index.php\/2025\/09\/03\/asi-son-los-nuevos-id-polo-e-id-gti-de-volkswagen\/#primaryimage"},"image":{"@id":"https:\/\/autofans.com.ar\/index.php\/2025\/09\/03\/asi-son-los-nuevos-id-polo-e-id-gti-de-volkswagen\/#primaryimage"},"thumbnailUrl":"https:\/\/autofans.com.ar\/wp-content\/uploads\/2025\/09\/volkswagen-5.jpg","datePublished":"2025-09-03T23:31:14+00:00","author":{"@id":"https:\/\/autofans.com.ar\/#\/schema\/person\/4a8dda0b6df83ac3d6723e921274c2aa"},"description":"Volkswagen decidi\u00f3 unificar su estrategia de nomenclatura. Los pr\u00f3ximos modelos el\u00e9ctricos de la marca abandonar\u00e1n la denominaci\u00f3n num\u00e9rica","breadcrumb":{"@id":"https:\/\/autofans.com.ar\/index.php\/2025\/09\/03\/asi-son-los-nuevos-id-polo-e-id-gti-de-volkswagen\/#breadcrumb"},"inLanguage":"es","potentialAction":[{"@type":"ReadAction","target":["https:\/\/autofans.com.ar\/index.php\/2025\/09\/03\/asi-son-los-nuevos-id-polo-e-id-gti-de-volkswagen\/"]}]},{"@type":"ImageObject","inLanguage":"es","@id":"https:\/\/autofans.com.ar\/index.php\/2025\/09\/03\/asi-son-los-nuevos-id-polo-e-id-gti-de-volkswagen\/#primaryimage","url":"https:\/\/autofans.com.ar\/wp-content\/uploads\/2025\/09\/volkswagen-5.jpg","contentUrl":"https:\/\/autofans.com.ar\/wp-content\/uploads\/2025\/09\/volkswagen-5.jpg","width":1000,"height":667,"caption":"ID. Polo e ID. GTI"},{"@type":"BreadcrumbList","@id":"https:\/\/autofans.com.ar\/index.php\/2025\/09\/03\/asi-son-los-nuevos-id-polo-e-id-gti-de-volkswagen\/#breadcrumb","itemListElement":[{"@type":"ListItem","position":1,"name":"Inicio","item":"https:\/\/autofans.com.ar\/"},{"@type":"ListItem","position":2,"name":"As\u00ed Son los Nuevos ID. Polo e ID. GTI de Volkswagen"}]},{"@type":"WebSite","@id":"https:\/\/autofans.com.ar\/#website","url":"https:\/\/autofans.com.ar\/","name":"","description":"El multimedio referente de la industria automotriz","potentialAction":[{"@type":"SearchAction","target":{"@type":"EntryPoint","urlTemplate":"https:\/\/autofans.com.ar\/?s={search_term_string}"},"query-input":{"@type":"PropertyValueSpecification","valueRequired":true,"valueName":"search_term_string"}}],"inLanguage":"es"},{"@type":"Person","@id":"https:\/\/autofans.com.ar\/#\/schema\/person\/4a8dda0b6df83ac3d6723e921274c2aa","name":"Alejandro Gabriel Rosito","image":{"@type":"ImageObject","inLanguage":"es","@id":"https:\/\/secure.gravatar.com\/avatar\/16c5dda1489adfc62618084dcbb91cffd879c374b13fe5dd8e44ed6733852c88?s=96&d=mm&r=g","url":"https:\/\/secure.gravatar.com\/avatar\/16c5dda1489adfc62618084dcbb91cffd879c374b13fe5dd8e44ed6733852c88?s=96&d=mm&r=g","contentUrl":"https:\/\/secure.gravatar.com\/avatar\/16c5dda1489adfc62618084dcbb91cffd879c374b13fe5dd8e44ed6733852c88?s=96&d=mm&r=g","caption":"Alejandro Gabriel Rosito"},"url":"https:\/\/autofans.com.ar\/index.php\/author\/gabrielr\/"}]}},"featured_image_urls":{"full":["https:\/\/autofans.com.ar\/wp-content\/uploads\/2025\/09\/volkswagen-5.jpg",1000,667,false],"thumbnail":["https:\/\/autofans.com.ar\/wp-content\/uploads\/2025\/09\/volkswagen-5-150x150.jpg",150,150,true],"medium":["https:\/\/autofans.com.ar\/wp-content\/uploads\/2025\/09\/volkswagen-5-300x200.jpg",300,200,true],"medium_large":["https:\/\/autofans.com.ar\/wp-content\/uploads\/2025\/09\/volkswagen-5-768x512.jpg",640,427,true],"large":["https:\/\/autofans.com.ar\/wp-content\/uploads\/2025\/09\/volkswagen-5.jpg",640,427,false],"1536x1536":["https:\/\/autofans.com.ar\/wp-content\/uploads\/2025\/09\/volkswagen-5.jpg",1000,667,false],"2048x2048":["https:\/\/autofans.com.ar\/wp-content\/uploads\/2025\/09\/volkswagen-5.jpg",1000,667,false],"covernews-featured":["https:\/\/autofans.com.ar\/wp-content\/uploads\/2025\/09\/volkswagen-5.jpg",1000,667,false],"covernews-medium":["https:\/\/autofans.com.ar\/wp-content\/uploads\/2025\/09\/volkswagen-5-540x340.jpg",540,340,true]},"author_info":{"display_name":"Alejandro Gabriel Rosito","author_link":"https:\/\/autofans.com.ar\/index.php\/author\/gabrielr\/"},"category_info":"<a href=\"https:\/\/autofans.com.ar\/index.php\/category\/noticias\/hibridos-y-electricos\/\" rel=\"category tag\">HIBRIDOS, ELECTRICOS y otros<\/a> <a href=\"https:\/\/autofans.com.ar\/index.php\/category\/noticias\/\" rel=\"category tag\">NOTICIAS<\/a>","tag_info":"NOTICIAS","comment_count":0,"_links":{"self":[{"href":"https:\/\/autofans.com.ar\/index.php\/wp-json\/wp\/v2\/posts\/13981","targetHints":{"allow":["GET"]}}],"collection":[{"href":"https:\/\/autofans.com.ar\/index.php\/wp-json\/wp\/v2\/posts"}],"about":[{"href":"https:\/\/autofans.com.ar\/index.php\/wp-json\/wp\/v2\/types\/post"}],"author":[{"embeddable":true,"href":"https:\/\/autofans.com.ar\/index.php\/wp-json\/wp\/v2\/users\/2"}],"replies":[{"embeddable":true,"href":"https:\/\/autofans.com.ar\/index.php\/wp-json\/wp\/v2\/comments?post=13981"}],"version-history":[{"count":2,"href":"https:\/\/autofans.com.ar\/index.php\/wp-json\/wp\/v2\/posts\/13981\/revisions"}],"predecessor-version":[{"id":13991,"href":"https:\/\/autofans.com.ar\/index.php\/wp-json\/wp\/v2\/posts\/13981\/revisions\/13991"}],"wp:featuredmedia":[{"embeddable":true,"href":"https:\/\/autofans.com.ar\/index.php\/wp-json\/wp\/v2\/media\/13985"}],"wp:attachment":[{"href":"https:\/\/autofans.com.ar\/index.php\/wp-json\/wp\/v2\/media?parent=13981"}],"wp:term":[{"taxonomy":"category","embeddable":true,"href":"https:\/\/autofans.com.ar\/index.php\/wp-json\/wp\/v2\/categories?post=13981"},{"taxonomy":"post_tag","embeddable":true,"href":"https:\/\/autofans.com.ar\/index.php\/wp-json\/wp\/v2\/tags?post=13981"}],"curies":[{"name":"wp","href":"https:\/\/api.w.org\/{rel}","templated":true}]}}