{"id":13992,"date":"2025-09-04T15:47:51","date_gmt":"2025-09-04T18:47:51","guid":{"rendered":"https:\/\/autofans.com.ar\/?p=13992"},"modified":"2025-09-04T15:47:51","modified_gmt":"2025-09-04T18:47:51","slug":"yamaha-fz25-abs-2025-llega-con-mas-tecnologia-y-conectividad","status":"publish","type":"post","link":"https:\/\/autofans.com.ar\/index.php\/2025\/09\/04\/yamaha-fz25-abs-2025-llega-con-mas-tecnologia-y-conectividad\/","title":{"rendered":"Yamaha FZ25 ABS 2025, llega con m\u00e1s tecnolog\u00eda y conectividad"},"content":{"rendered":"<p class=\"ds-markdown-paragraph\">Yamaha Motor Argentina present\u00f3 la renovada FZ25 ABS. Esta versi\u00f3n del modelo m\u00e1s grande de la familia FZ llega con actualizaciones que apuntan al dise\u00f1o, la tecnolog\u00eda y la experiencia de manejo.<\/p>\n<p>&nbsp;<\/p>\n<h2 class=\"ds-markdown-paragraph\">Las novedades de la Yamaha FZ25<\/h2>\n<p class=\"ds-markdown-paragraph\">La moto conserva su ADN vers\u00e1til pero suma equipamiento que la posiciona a la vanguardia en su segmento.<\/p>\n<p>&nbsp;<\/p>\n<p class=\"ds-markdown-paragraph\"><img fetchpriority=\"high\" decoding=\"async\" class=\"aligncenter wp-image-13999 size-full\" src=\"https:\/\/autofans.com.ar\/wp-content\/uploads\/2025\/09\/yama-1.jpg\" alt=\"Yamaha FZ25\" width=\"1000\" height=\"667\" srcset=\"https:\/\/autofans.com.ar\/wp-content\/uploads\/2025\/09\/yama-1.jpg 1000w, https:\/\/autofans.com.ar\/wp-content\/uploads\/2025\/09\/yama-1-300x200.jpg 300w, https:\/\/autofans.com.ar\/wp-content\/uploads\/2025\/09\/yama-1-768x512.jpg 768w\" sizes=\"(max-width: 1000px) 100vw, 1000px\" \/><\/p>\n<p>&nbsp;<\/p>\n<p class=\"ds-markdown-paragraph\">El frente ahora tiene faros con DRL (luces de circulaci\u00f3n diurna) LED, que mejoran la visibilidad y le dan un look m\u00e1s moderno. Esta tecnolog\u00eda tambi\u00e9n se aplica a las luces de giro, delanteras y traseras, para mayor durabilidad.<\/p>\n<p>&nbsp;<\/p>\n<h2 class=\"ds-markdown-paragraph\">Tablero digital renovado<\/h2>\n<p class=\"ds-markdown-paragraph\">La informaci\u00f3n la vas a ver en un nuevo tablero digital. Tiene una interfaz optimizada para que los datos se lean de forma clara y r\u00e1pida.<\/p>\n<p>&nbsp;<\/p>\n<p class=\"ds-markdown-paragraph\"><img decoding=\"async\" class=\"aligncenter wp-image-13998 size-full\" src=\"https:\/\/autofans.com.ar\/wp-content\/uploads\/2025\/09\/yama-2.jpg\" alt=\"Yamaha FZ25\" width=\"1000\" height=\"667\" srcset=\"https:\/\/autofans.com.ar\/wp-content\/uploads\/2025\/09\/yama-2.jpg 1000w, https:\/\/autofans.com.ar\/wp-content\/uploads\/2025\/09\/yama-2-300x200.jpg 300w, https:\/\/autofans.com.ar\/wp-content\/uploads\/2025\/09\/yama-2-768x512.jpg 768w\" sizes=\"(max-width: 1000px) 100vw, 1000px\" \/><\/p>\n<p>&nbsp;<\/p>\n<p class=\"ds-markdown-paragraph\">La gran novedad es la integraci\u00f3n con la aplicaci\u00f3n Y-Connect. Al vincularla con tu celular, pod\u00e9s acceder a datos de la moto en tiempo real y tener una interacci\u00f3n m\u00e1s completa con ella.<\/p>\n<p>&nbsp;<\/p>\n<hr \/>\n<div style=\"display: flex; justify-content: center; width: 100%;\">\n<div style=\"display: flex; align-items: center; justify-content: space-between; background: #f0f2f5; padding: 3px 92px; border-radius: 0px; box-shadow: 0 4px 10px rgba(0, 0, 0, 0.08); margin: 24px 0; max-width: 700px;\">\n<div style=\"flex: 1;\"><a style=\"font-size: 18px; color: #921414; font-weight: bold; text-decoration: underline;\" href=\"https:\/\/autofans.com.ar\/wp-content\/uploads\/2025\/09\/ficha-tecnica-fz25.pdf\" target=\"_blank\" rel=\"noopener\"><br \/>\n\u2192 Ficha T\u00e9cnica Yamaha FZ25<br \/>\n<\/a><a style=\"font-size: 18px; color: #007bff; font-weight: 1200; text-decoration: underline;\" href=\"https:\/\/autofans.com.ar\/wp-content\/uploads\/2025\/05\/ftmy26argo-681166d8eb8a6.pdf\" target=\"_blank\" rel=\"noopener\"><br \/>\n<\/a><\/div>\n<div style=\"margin-left: 46px;\"><img decoding=\"async\" class=\"alignright\" style=\"height: 20px; width: auto;\" src=\"https:\/\/autofans.com.ar\/wp-content\/uploads\/2023\/02\/Autofans_600x102_150px5.png\" alt=\"Logo Autofans\" width=\"1200\" height=\"137\" \/><\/div>\n<\/div>\n<\/div>\n<hr \/>\n<p>&nbsp;<\/p>\n<h2 class=\"ds-markdown-paragraph\">Precio, garant\u00eda y colores de la FZ25<\/h2>\n<p>&nbsp;<\/p>\n<div id='gallery-1' class='gallery galleryid-13992 gallery-columns-2 gallery-size-full'><figure class='gallery-item'>\n\t\t\t<div class='gallery-icon landscape'>\n\t\t\t\t<a href='https:\/\/autofans.com.ar\/index.php\/2025\/09\/04\/yamaha-fz25-abs-2025-llega-con-mas-tecnologia-y-conectividad\/yama-4\/'><img loading=\"lazy\" width=\"1000\" height=\"667\" src=\"https:\/\/autofans.com.ar\/wp-content\/uploads\/2025\/09\/yama-4.jpg\" class=\"attachment-full size-full\" alt=\"Yamaha FZ25\" srcset=\"https:\/\/autofans.com.ar\/wp-content\/uploads\/2025\/09\/yama-4.jpg 1000w, https:\/\/autofans.com.ar\/wp-content\/uploads\/2025\/09\/yama-4-300x200.jpg 300w, https:\/\/autofans.com.ar\/wp-content\/uploads\/2025\/09\/yama-4-768x512.jpg 768w\" sizes=\"auto, (max-width: 1000px) 100vw, 1000px\" loading=\"lazy\" decoding=\"async\" \/><\/a>\n\t\t\t<\/div><\/figure><figure class='gallery-item'>\n\t\t\t<div class='gallery-icon landscape'>\n\t\t\t\t<a href='https:\/\/autofans.com.ar\/index.php\/2025\/09\/04\/yamaha-fz25-abs-2025-llega-con-mas-tecnologia-y-conectividad\/yama-5\/'><img loading=\"lazy\" width=\"1000\" height=\"667\" src=\"https:\/\/autofans.com.ar\/wp-content\/uploads\/2025\/09\/yama-5.jpg\" class=\"attachment-full size-full\" alt=\"Yamaha FZ25\" srcset=\"https:\/\/autofans.com.ar\/wp-content\/uploads\/2025\/09\/yama-5.jpg 1000w, https:\/\/autofans.com.ar\/wp-content\/uploads\/2025\/09\/yama-5-300x200.jpg 300w, https:\/\/autofans.com.ar\/wp-content\/uploads\/2025\/09\/yama-5-768x512.jpg 768w\" sizes=\"auto, (max-width: 1000px) 100vw, 1000px\" loading=\"lazy\" decoding=\"async\" \/><\/a>\n\t\t\t<\/div><\/figure>\n\t\t<\/div>\n\n<p>&nbsp;<\/p>\n<p class=\"ds-markdown-paragraph\">La FZ25 ABS 2025 ya est\u00e1 en los concesionarios oficiales de Yamaha. Tiene un precio sugerido de $8.091.000 y viene en tres colores: blanco, rojo y azul.<\/p>\n<p class=\"ds-markdown-paragraph\">Como se fabrica en Argentina, cuenta con la garant\u00eda extendida de la marca: 5 a\u00f1os o 60.000 kil\u00f3metros.<\/p>\n<p>&nbsp;<\/p>\n<p>&nbsp;<\/p>\n<p>&nbsp;<\/p>\n<p><i>Para enterarte de m\u00e1s novedades, no dejes de leer\u00a0<\/i><a href=\"https:\/\/autofans.thebrandsoup.com\/\"><i>nuestras notas<\/i><\/a><i>, de ver\u00a0<\/i><a href=\"https:\/\/www.youtube.com\/channel\/UCgAC8UGHZYbT6P7PpmVnP7g\"><i>AUTOFANS TV<\/i><\/a><i>\u00a0en nuestro\u00a0canal de Youtube. Adem\u00e1s seguinos en\u00a0<\/i><a href=\"https:\/\/www.instagram.com\/autofanstv\/\"><i>INSTAGRAM<\/i><\/a><i> y <\/i><a href=\"https:\/\/www.facebook.com\/autofansmas\/\"><i>FACEBOOK<\/i><\/a><i> para no perderte nada sobre las novedades del segmento automotor de Argentina y el mundo.<\/i><\/p>\n","protected":false},"excerpt":{"rendered":"<p>Yamaha Motor Argentina present\u00f3 la renovada FZ25 ABS. Esta versi\u00f3n del modelo m\u00e1s grande de&#8230;<\/p>\n","protected":false},"author":2,"featured_media":13997,"comment_status":"closed","ping_status":"closed","sticky":false,"template":"","format":"standard","meta":{"footnotes":""},"categories":[1,4],"tags":[4584,7336,7330,7331,7333,7335,7334,2005,7329,7332],"class_list":["post-13992","post","type-post","status-publish","format-standard","has-post-thumbnail","hentry","category-lanzamientos","category-motos","tag-fz25-abs","tag-garantia-5-anos-motos","tag-moto-250cc","tag-moto-argentina","tag-moto-ciudad","tag-moto-led","tag-y-connect","tag-yamaha-argentina","tag-yamaha-fz25","tag-yamaha-fz25-precio"],"yoast_head":"<!-- This site is optimized with the Yoast SEO plugin v27.5 - https:\/\/yoast.com\/product\/yoast-seo-wordpress\/ -->\n<title>Yamaha FZ25 ABS 2025, llega con m\u00e1s tecnolog\u00eda y conectividad -<\/title>\n<meta name=\"description\" content=\"Yamaha Motor Argentina present\u00f3 la renovada FZ25 ABS. Esta versi\u00f3n del modelo m\u00e1s grande de la familia FZ llega con actualizaciones...\" \/>\n<meta name=\"robots\" content=\"index, follow, max-snippet:-1, max-image-preview:large, max-video-preview:-1\" \/>\n<link rel=\"canonical\" href=\"https:\/\/autofans.com.ar\/index.php\/2025\/09\/04\/yamaha-fz25-abs-2025-llega-con-mas-tecnologia-y-conectividad\/\" \/>\n<meta property=\"og:locale\" content=\"es_ES\" \/>\n<meta property=\"og:type\" content=\"article\" \/>\n<meta property=\"og:title\" content=\"Yamaha FZ25 ABS 2025, llega con m\u00e1s tecnolog\u00eda y conectividad -\" \/>\n<meta property=\"og:description\" content=\"Yamaha Motor Argentina present\u00f3 la renovada FZ25 ABS. Esta versi\u00f3n del modelo m\u00e1s grande de la familia FZ llega con actualizaciones...\" \/>\n<meta property=\"og:url\" content=\"https:\/\/autofans.com.ar\/index.php\/2025\/09\/04\/yamaha-fz25-abs-2025-llega-con-mas-tecnologia-y-conectividad\/\" \/>\n<meta property=\"article:published_time\" content=\"2025-09-04T18:47:51+00:00\" \/>\n<meta property=\"og:image\" content=\"https:\/\/autofans.com.ar\/wp-content\/uploads\/2025\/09\/yama-3.jpg\" \/>\n\t<meta property=\"og:image:width\" content=\"1000\" \/>\n\t<meta property=\"og:image:height\" content=\"667\" \/>\n\t<meta property=\"og:image:type\" content=\"image\/jpeg\" \/>\n<meta name=\"author\" content=\"Alejandro Gabriel Rosito\" \/>\n<meta name=\"twitter:card\" content=\"summary_large_image\" \/>\n<meta name=\"twitter:label1\" content=\"Escrito por\" \/>\n\t<meta name=\"twitter:data1\" content=\"Alejandro Gabriel Rosito\" \/>\n\t<meta name=\"twitter:label2\" content=\"Tiempo de lectura\" \/>\n\t<meta name=\"twitter:data2\" content=\"2 minutos\" \/>\n<script type=\"application\/ld+json\" class=\"yoast-schema-graph\">{\"@context\":\"https:\\\/\\\/schema.org\",\"@graph\":[{\"@type\":\"Article\",\"@id\":\"https:\\\/\\\/autofans.com.ar\\\/index.php\\\/2025\\\/09\\\/04\\\/yamaha-fz25-abs-2025-llega-con-mas-tecnologia-y-conectividad\\\/#article\",\"isPartOf\":{\"@id\":\"https:\\\/\\\/autofans.com.ar\\\/index.php\\\/2025\\\/09\\\/04\\\/yamaha-fz25-abs-2025-llega-con-mas-tecnologia-y-conectividad\\\/\"},\"author\":{\"name\":\"Alejandro Gabriel Rosito\",\"@id\":\"https:\\\/\\\/autofans.com.ar\\\/#\\\/schema\\\/person\\\/4a8dda0b6df83ac3d6723e921274c2aa\"},\"headline\":\"Yamaha FZ25 ABS 2025, llega con m\u00e1s tecnolog\u00eda y conectividad\",\"datePublished\":\"2025-09-04T18:47:51+00:00\",\"mainEntityOfPage\":{\"@id\":\"https:\\\/\\\/autofans.com.ar\\\/index.php\\\/2025\\\/09\\\/04\\\/yamaha-fz25-abs-2025-llega-con-mas-tecnologia-y-conectividad\\\/\"},\"wordCount\":302,\"image\":{\"@id\":\"https:\\\/\\\/autofans.com.ar\\\/index.php\\\/2025\\\/09\\\/04\\\/yamaha-fz25-abs-2025-llega-con-mas-tecnologia-y-conectividad\\\/#primaryimage\"},\"thumbnailUrl\":\"https:\\\/\\\/autofans.com.ar\\\/wp-content\\\/uploads\\\/2025\\\/09\\\/yama-3.jpg\",\"keywords\":[\"FZ25 ABS\",\"garant\u00eda 5 a\u00f1os motos\",\"moto 250cc\",\"moto argentina\",\"moto ciudad\",\"moto LED\",\"Y-Connect\",\"Yamaha Argentina\",\"Yamaha FZ25\",\"Yamaha FZ25 precio\"],\"articleSection\":[\"LANZAMIENTOS\",\"MOTOS\"],\"inLanguage\":\"es\"},{\"@type\":\"WebPage\",\"@id\":\"https:\\\/\\\/autofans.com.ar\\\/index.php\\\/2025\\\/09\\\/04\\\/yamaha-fz25-abs-2025-llega-con-mas-tecnologia-y-conectividad\\\/\",\"url\":\"https:\\\/\\\/autofans.com.ar\\\/index.php\\\/2025\\\/09\\\/04\\\/yamaha-fz25-abs-2025-llega-con-mas-tecnologia-y-conectividad\\\/\",\"name\":\"Yamaha FZ25 ABS 2025, llega con m\u00e1s tecnolog\u00eda y conectividad -\",\"isPartOf\":{\"@id\":\"https:\\\/\\\/autofans.com.ar\\\/#website\"},\"primaryImageOfPage\":{\"@id\":\"https:\\\/\\\/autofans.com.ar\\\/index.php\\\/2025\\\/09\\\/04\\\/yamaha-fz25-abs-2025-llega-con-mas-tecnologia-y-conectividad\\\/#primaryimage\"},\"image\":{\"@id\":\"https:\\\/\\\/autofans.com.ar\\\/index.php\\\/2025\\\/09\\\/04\\\/yamaha-fz25-abs-2025-llega-con-mas-tecnologia-y-conectividad\\\/#primaryimage\"},\"thumbnailUrl\":\"https:\\\/\\\/autofans.com.ar\\\/wp-content\\\/uploads\\\/2025\\\/09\\\/yama-3.jpg\",\"datePublished\":\"2025-09-04T18:47:51+00:00\",\"author\":{\"@id\":\"https:\\\/\\\/autofans.com.ar\\\/#\\\/schema\\\/person\\\/4a8dda0b6df83ac3d6723e921274c2aa\"},\"description\":\"Yamaha Motor Argentina present\u00f3 la renovada FZ25 ABS. Esta versi\u00f3n del modelo m\u00e1s grande de la familia FZ llega con actualizaciones...\",\"breadcrumb\":{\"@id\":\"https:\\\/\\\/autofans.com.ar\\\/index.php\\\/2025\\\/09\\\/04\\\/yamaha-fz25-abs-2025-llega-con-mas-tecnologia-y-conectividad\\\/#breadcrumb\"},\"inLanguage\":\"es\",\"potentialAction\":[{\"@type\":\"ReadAction\",\"target\":[\"https:\\\/\\\/autofans.com.ar\\\/index.php\\\/2025\\\/09\\\/04\\\/yamaha-fz25-abs-2025-llega-con-mas-tecnologia-y-conectividad\\\/\"]}]},{\"@type\":\"ImageObject\",\"inLanguage\":\"es\",\"@id\":\"https:\\\/\\\/autofans.com.ar\\\/index.php\\\/2025\\\/09\\\/04\\\/yamaha-fz25-abs-2025-llega-con-mas-tecnologia-y-conectividad\\\/#primaryimage\",\"url\":\"https:\\\/\\\/autofans.com.ar\\\/wp-content\\\/uploads\\\/2025\\\/09\\\/yama-3.jpg\",\"contentUrl\":\"https:\\\/\\\/autofans.com.ar\\\/wp-content\\\/uploads\\\/2025\\\/09\\\/yama-3.jpg\",\"width\":1000,\"height\":667,\"caption\":\"Yamaha FZ25\"},{\"@type\":\"BreadcrumbList\",\"@id\":\"https:\\\/\\\/autofans.com.ar\\\/index.php\\\/2025\\\/09\\\/04\\\/yamaha-fz25-abs-2025-llega-con-mas-tecnologia-y-conectividad\\\/#breadcrumb\",\"itemListElement\":[{\"@type\":\"ListItem\",\"position\":1,\"name\":\"Inicio\",\"item\":\"https:\\\/\\\/autofans.com.ar\\\/\"},{\"@type\":\"ListItem\",\"position\":2,\"name\":\"Yamaha FZ25 ABS 2025, llega con m\u00e1s tecnolog\u00eda y conectividad\"}]},{\"@type\":\"WebSite\",\"@id\":\"https:\\\/\\\/autofans.com.ar\\\/#website\",\"url\":\"https:\\\/\\\/autofans.com.ar\\\/\",\"name\":\"\",\"description\":\"El multimedio referente de la industria automotriz\",\"potentialAction\":[{\"@type\":\"SearchAction\",\"target\":{\"@type\":\"EntryPoint\",\"urlTemplate\":\"https:\\\/\\\/autofans.com.ar\\\/?s={search_term_string}\"},\"query-input\":{\"@type\":\"PropertyValueSpecification\",\"valueRequired\":true,\"valueName\":\"search_term_string\"}}],\"inLanguage\":\"es\"},{\"@type\":\"Person\",\"@id\":\"https:\\\/\\\/autofans.com.ar\\\/#\\\/schema\\\/person\\\/4a8dda0b6df83ac3d6723e921274c2aa\",\"name\":\"Alejandro Gabriel Rosito\",\"image\":{\"@type\":\"ImageObject\",\"inLanguage\":\"es\",\"@id\":\"https:\\\/\\\/secure.gravatar.com\\\/avatar\\\/16c5dda1489adfc62618084dcbb91cffd879c374b13fe5dd8e44ed6733852c88?s=96&d=mm&r=g\",\"url\":\"https:\\\/\\\/secure.gravatar.com\\\/avatar\\\/16c5dda1489adfc62618084dcbb91cffd879c374b13fe5dd8e44ed6733852c88?s=96&d=mm&r=g\",\"contentUrl\":\"https:\\\/\\\/secure.gravatar.com\\\/avatar\\\/16c5dda1489adfc62618084dcbb91cffd879c374b13fe5dd8e44ed6733852c88?s=96&d=mm&r=g\",\"caption\":\"Alejandro Gabriel Rosito\"},\"url\":\"https:\\\/\\\/autofans.com.ar\\\/index.php\\\/author\\\/gabrielr\\\/\"}]}<\/script>\n<!-- \/ Yoast SEO plugin. -->","yoast_head_json":{"title":"Yamaha FZ25 ABS 2025, llega con m\u00e1s tecnolog\u00eda y conectividad -","description":"Yamaha Motor Argentina present\u00f3 la renovada FZ25 ABS. Esta versi\u00f3n del modelo m\u00e1s grande de la familia FZ llega con actualizaciones...","robots":{"index":"index","follow":"follow","max-snippet":"max-snippet:-1","max-image-preview":"max-image-preview:large","max-video-preview":"max-video-preview:-1"},"canonical":"https:\/\/autofans.com.ar\/index.php\/2025\/09\/04\/yamaha-fz25-abs-2025-llega-con-mas-tecnologia-y-conectividad\/","og_locale":"es_ES","og_type":"article","og_title":"Yamaha FZ25 ABS 2025, llega con m\u00e1s tecnolog\u00eda y conectividad -","og_description":"Yamaha Motor Argentina present\u00f3 la renovada FZ25 ABS. Esta versi\u00f3n del modelo m\u00e1s grande de la familia FZ llega con actualizaciones...","og_url":"https:\/\/autofans.com.ar\/index.php\/2025\/09\/04\/yamaha-fz25-abs-2025-llega-con-mas-tecnologia-y-conectividad\/","article_published_time":"2025-09-04T18:47:51+00:00","og_image":[{"width":1000,"height":667,"url":"https:\/\/autofans.com.ar\/wp-content\/uploads\/2025\/09\/yama-3.jpg","type":"image\/jpeg"}],"author":"Alejandro Gabriel Rosito","twitter_card":"summary_large_image","twitter_misc":{"Escrito por":"Alejandro Gabriel Rosito","Tiempo de lectura":"2 minutos"},"schema":{"@context":"https:\/\/schema.org","@graph":[{"@type":"Article","@id":"https:\/\/autofans.com.ar\/index.php\/2025\/09\/04\/yamaha-fz25-abs-2025-llega-con-mas-tecnologia-y-conectividad\/#article","isPartOf":{"@id":"https:\/\/autofans.com.ar\/index.php\/2025\/09\/04\/yamaha-fz25-abs-2025-llega-con-mas-tecnologia-y-conectividad\/"},"author":{"name":"Alejandro Gabriel Rosito","@id":"https:\/\/autofans.com.ar\/#\/schema\/person\/4a8dda0b6df83ac3d6723e921274c2aa"},"headline":"Yamaha FZ25 ABS 2025, llega con m\u00e1s tecnolog\u00eda y conectividad","datePublished":"2025-09-04T18:47:51+00:00","mainEntityOfPage":{"@id":"https:\/\/autofans.com.ar\/index.php\/2025\/09\/04\/yamaha-fz25-abs-2025-llega-con-mas-tecnologia-y-conectividad\/"},"wordCount":302,"image":{"@id":"https:\/\/autofans.com.ar\/index.php\/2025\/09\/04\/yamaha-fz25-abs-2025-llega-con-mas-tecnologia-y-conectividad\/#primaryimage"},"thumbnailUrl":"https:\/\/autofans.com.ar\/wp-content\/uploads\/2025\/09\/yama-3.jpg","keywords":["FZ25 ABS","garant\u00eda 5 a\u00f1os motos","moto 250cc","moto argentina","moto ciudad","moto LED","Y-Connect","Yamaha Argentina","Yamaha FZ25","Yamaha FZ25 precio"],"articleSection":["LANZAMIENTOS","MOTOS"],"inLanguage":"es"},{"@type":"WebPage","@id":"https:\/\/autofans.com.ar\/index.php\/2025\/09\/04\/yamaha-fz25-abs-2025-llega-con-mas-tecnologia-y-conectividad\/","url":"https:\/\/autofans.com.ar\/index.php\/2025\/09\/04\/yamaha-fz25-abs-2025-llega-con-mas-tecnologia-y-conectividad\/","name":"Yamaha FZ25 ABS 2025, llega con m\u00e1s tecnolog\u00eda y conectividad -","isPartOf":{"@id":"https:\/\/autofans.com.ar\/#website"},"primaryImageOfPage":{"@id":"https:\/\/autofans.com.ar\/index.php\/2025\/09\/04\/yamaha-fz25-abs-2025-llega-con-mas-tecnologia-y-conectividad\/#primaryimage"},"image":{"@id":"https:\/\/autofans.com.ar\/index.php\/2025\/09\/04\/yamaha-fz25-abs-2025-llega-con-mas-tecnologia-y-conectividad\/#primaryimage"},"thumbnailUrl":"https:\/\/autofans.com.ar\/wp-content\/uploads\/2025\/09\/yama-3.jpg","datePublished":"2025-09-04T18:47:51+00:00","author":{"@id":"https:\/\/autofans.com.ar\/#\/schema\/person\/4a8dda0b6df83ac3d6723e921274c2aa"},"description":"Yamaha Motor Argentina present\u00f3 la renovada FZ25 ABS. Esta versi\u00f3n del modelo m\u00e1s grande de la familia FZ llega con actualizaciones...","breadcrumb":{"@id":"https:\/\/autofans.com.ar\/index.php\/2025\/09\/04\/yamaha-fz25-abs-2025-llega-con-mas-tecnologia-y-conectividad\/#breadcrumb"},"inLanguage":"es","potentialAction":[{"@type":"ReadAction","target":["https:\/\/autofans.com.ar\/index.php\/2025\/09\/04\/yamaha-fz25-abs-2025-llega-con-mas-tecnologia-y-conectividad\/"]}]},{"@type":"ImageObject","inLanguage":"es","@id":"https:\/\/autofans.com.ar\/index.php\/2025\/09\/04\/yamaha-fz25-abs-2025-llega-con-mas-tecnologia-y-conectividad\/#primaryimage","url":"https:\/\/autofans.com.ar\/wp-content\/uploads\/2025\/09\/yama-3.jpg","contentUrl":"https:\/\/autofans.com.ar\/wp-content\/uploads\/2025\/09\/yama-3.jpg","width":1000,"height":667,"caption":"Yamaha FZ25"},{"@type":"BreadcrumbList","@id":"https:\/\/autofans.com.ar\/index.php\/2025\/09\/04\/yamaha-fz25-abs-2025-llega-con-mas-tecnologia-y-conectividad\/#breadcrumb","itemListElement":[{"@type":"ListItem","position":1,"name":"Inicio","item":"https:\/\/autofans.com.ar\/"},{"@type":"ListItem","position":2,"name":"Yamaha FZ25 ABS 2025, llega con m\u00e1s tecnolog\u00eda y conectividad"}]},{"@type":"WebSite","@id":"https:\/\/autofans.com.ar\/#website","url":"https:\/\/autofans.com.ar\/","name":"","description":"El multimedio referente de la industria automotriz","potentialAction":[{"@type":"SearchAction","target":{"@type":"EntryPoint","urlTemplate":"https:\/\/autofans.com.ar\/?s={search_term_string}"},"query-input":{"@type":"PropertyValueSpecification","valueRequired":true,"valueName":"search_term_string"}}],"inLanguage":"es"},{"@type":"Person","@id":"https:\/\/autofans.com.ar\/#\/schema\/person\/4a8dda0b6df83ac3d6723e921274c2aa","name":"Alejandro Gabriel Rosito","image":{"@type":"ImageObject","inLanguage":"es","@id":"https:\/\/secure.gravatar.com\/avatar\/16c5dda1489adfc62618084dcbb91cffd879c374b13fe5dd8e44ed6733852c88?s=96&d=mm&r=g","url":"https:\/\/secure.gravatar.com\/avatar\/16c5dda1489adfc62618084dcbb91cffd879c374b13fe5dd8e44ed6733852c88?s=96&d=mm&r=g","contentUrl":"https:\/\/secure.gravatar.com\/avatar\/16c5dda1489adfc62618084dcbb91cffd879c374b13fe5dd8e44ed6733852c88?s=96&d=mm&r=g","caption":"Alejandro Gabriel Rosito"},"url":"https:\/\/autofans.com.ar\/index.php\/author\/gabrielr\/"}]}},"featured_image_urls":{"full":["https:\/\/autofans.com.ar\/wp-content\/uploads\/2025\/09\/yama-3.jpg",1000,667,false],"thumbnail":["https:\/\/autofans.com.ar\/wp-content\/uploads\/2025\/09\/yama-3-150x150.jpg",150,150,true],"medium":["https:\/\/autofans.com.ar\/wp-content\/uploads\/2025\/09\/yama-3-300x200.jpg",300,200,true],"medium_large":["https:\/\/autofans.com.ar\/wp-content\/uploads\/2025\/09\/yama-3-768x512.jpg",640,427,true],"large":["https:\/\/autofans.com.ar\/wp-content\/uploads\/2025\/09\/yama-3.jpg",640,427,false],"1536x1536":["https:\/\/autofans.com.ar\/wp-content\/uploads\/2025\/09\/yama-3.jpg",1000,667,false],"2048x2048":["https:\/\/autofans.com.ar\/wp-content\/uploads\/2025\/09\/yama-3.jpg",1000,667,false],"covernews-featured":["https:\/\/autofans.com.ar\/wp-content\/uploads\/2025\/09\/yama-3.jpg",1000,667,false],"covernews-medium":["https:\/\/autofans.com.ar\/wp-content\/uploads\/2025\/09\/yama-3-540x340.jpg",540,340,true]},"author_info":{"display_name":"Alejandro Gabriel Rosito","author_link":"https:\/\/autofans.com.ar\/index.php\/author\/gabrielr\/"},"category_info":"<a href=\"https:\/\/autofans.com.ar\/index.php\/category\/lanzamientos\/\" rel=\"category tag\">LANZAMIENTOS<\/a> <a href=\"https:\/\/autofans.com.ar\/index.php\/category\/noticias\/motos\/\" rel=\"category tag\">MOTOS<\/a>","tag_info":"MOTOS","comment_count":0,"_links":{"self":[{"href":"https:\/\/autofans.com.ar\/index.php\/wp-json\/wp\/v2\/posts\/13992","targetHints":{"allow":["GET"]}}],"collection":[{"href":"https:\/\/autofans.com.ar\/index.php\/wp-json\/wp\/v2\/posts"}],"about":[{"href":"https:\/\/autofans.com.ar\/index.php\/wp-json\/wp\/v2\/types\/post"}],"author":[{"embeddable":true,"href":"https:\/\/autofans.com.ar\/index.php\/wp-json\/wp\/v2\/users\/2"}],"replies":[{"embeddable":true,"href":"https:\/\/autofans.com.ar\/index.php\/wp-json\/wp\/v2\/comments?post=13992"}],"version-history":[{"count":2,"href":"https:\/\/autofans.com.ar\/index.php\/wp-json\/wp\/v2\/posts\/13992\/revisions"}],"predecessor-version":[{"id":14001,"href":"https:\/\/autofans.com.ar\/index.php\/wp-json\/wp\/v2\/posts\/13992\/revisions\/14001"}],"wp:featuredmedia":[{"embeddable":true,"href":"https:\/\/autofans.com.ar\/index.php\/wp-json\/wp\/v2\/media\/13997"}],"wp:attachment":[{"href":"https:\/\/autofans.com.ar\/index.php\/wp-json\/wp\/v2\/media?parent=13992"}],"wp:term":[{"taxonomy":"category","embeddable":true,"href":"https:\/\/autofans.com.ar\/index.php\/wp-json\/wp\/v2\/categories?post=13992"},{"taxonomy":"post_tag","embeddable":true,"href":"https:\/\/autofans.com.ar\/index.php\/wp-json\/wp\/v2\/tags?post=13992"}],"curies":[{"name":"wp","href":"https:\/\/api.w.org\/{rel}","templated":true}]}}