{"id":14026,"date":"2025-09-08T16:49:12","date_gmt":"2025-09-08T19:49:12","guid":{"rendered":"https:\/\/autofans.com.ar\/?p=14026"},"modified":"2025-09-08T16:49:12","modified_gmt":"2025-09-08T19:49:12","slug":"pirelli-premiada-a-nivel-mundial","status":"publish","type":"post","link":"https:\/\/autofans.com.ar\/index.php\/2025\/09\/08\/pirelli-premiada-a-nivel-mundial\/","title":{"rendered":"Pirelli, premiada a nivel mundial"},"content":{"rendered":"<p class=\"ds-markdown-paragraph\">Pirelli acaba de marcar un hito global. Por primera vez, un neum\u00e1tico fue galardonado con el Premio Internacional Compasso d\u2019Oro ADI, uno de los m\u00e1ximos reconocimientos al dise\u00f1o industrial a nivel mundial. El ganador fue el Pirelli P Zero E, premiado en la categor\u00eda \u00abDise\u00f1o para la Movilidad\u00bb durante una ceremonia especial por el 70 aniversario del premio en la Expo 2025 de Osaka, Jap\u00f3n.<\/p>\n<p>&nbsp;<\/p>\n<h2 class=\"ds-markdown-paragraph\">El neum\u00e1tico que conecta vidas con innovaci\u00f3n sustentable<\/h2>\n<p class=\"ds-markdown-paragraph\">El premio de este a\u00f1o se inspir\u00f3 en el tema de la Expo: \u00abDise\u00f1ando la sociedad del futuro para nuestras vidas\u00bb. Pirelli fue distinguida en el \u00e1rea \u00abConectar Vidas\u00bb, por desarrollar productos tecnol\u00f3gicamente avanzados con un impacto ambiental reducido. El P Zero E es el primer neum\u00e1tico de Ultra Alto Rendimiento del mundo fabricado con m\u00e1s de un 55% de materiales de base biol\u00f3gica y reciclados, un porcentaje sin precedentes en su segmento.<\/p>\n<p>&nbsp;<\/p>\n<p><img fetchpriority=\"high\" decoding=\"async\" class=\"aligncenter wp-image-14030 size-full\" src=\"https:\/\/autofans.com.ar\/wp-content\/uploads\/2025\/09\/pirelli-1.jpg\" alt=\"Pirelli\" width=\"1000\" height=\"667\" srcset=\"https:\/\/autofans.com.ar\/wp-content\/uploads\/2025\/09\/pirelli-1.jpg 1000w, https:\/\/autofans.com.ar\/wp-content\/uploads\/2025\/09\/pirelli-1-300x200.jpg 300w, https:\/\/autofans.com.ar\/wp-content\/uploads\/2025\/09\/pirelli-1-768x512.jpg 768w\" sizes=\"(max-width: 1000px) 100vw, 1000px\" \/><\/p>\n<p>&nbsp;<\/p>\n<p class=\"ds-markdown-paragraph\">Este neum\u00e1tico demuestra que alto rendimiento y sustentabilidad pueden ir de la mano. Mantiene todos los est\u00e1ndres de seguridad y desempe\u00f1o, incluso sobre asfalto mojado. Obtuvo la triple puntuaci\u00f3n \u00abClase A\u00bb en la etiqueta europea (agarre sobre mojado, resistencia a la rodadura y ruido). Est\u00e1 espec\u00edficamente dise\u00f1ado para maximizar la eficiencia de veh\u00edculos el\u00e9ctricos e h\u00edbridos, pudiendo aumentar su autonom\u00eda hasta en un 10%. Adem\u00e1s, incluye de serie la tecnolog\u00eda Run Flat, que permite seguir conduciendo tras un pinchazo.<\/p>\n<p>&nbsp;<\/p>\n<h2 class=\"ds-markdown-paragraph\">Pirelli tecnolog\u00eda de punta con sello argentino<\/h2>\n<p class=\"ds-markdown-paragraph\">La innovaci\u00f3n del P Zero E no se limita a sus materiales. Incorpora la tecnolog\u00eda Cyber Tyre, un sistema de hardware y software que recopila datos mediante sensores integrados en el neum\u00e1tico. Esta informaci\u00f3n se procesa con algoritmos para habilitar nuevas funcionalidades y conectar con entornos digitales, como las smart cities.<\/p>\n<p class=\"ds-markdown-paragraph\">El desarrollo de este neum\u00e1tico de avanzada cont\u00f3 con la participaci\u00f3n crucial de los centros de I+D de Pirelli en todo el mundo, incluida su operaci\u00f3n en Argentina, donde la aplicaci\u00f3n de inteligencia artificial e investigaci\u00f3n de nuevos materiales es clave.<\/p>\n<p>&nbsp;<\/p>\n<p><img decoding=\"async\" class=\"aligncenter wp-image-14028 size-full\" src=\"https:\/\/autofans.com.ar\/wp-content\/uploads\/2025\/09\/pirelli-3.jpg\" alt=\"Pirelli\" width=\"1000\" height=\"667\" srcset=\"https:\/\/autofans.com.ar\/wp-content\/uploads\/2025\/09\/pirelli-3.jpg 1000w, https:\/\/autofans.com.ar\/wp-content\/uploads\/2025\/09\/pirelli-3-300x200.jpg 300w, https:\/\/autofans.com.ar\/wp-content\/uploads\/2025\/09\/pirelli-3-768x512.jpg 768w\" sizes=\"(max-width: 1000px) 100vw, 1000px\" \/><\/p>\n<p>&nbsp;<\/p>\n<h2 class=\"ds-markdown-paragraph\">Pirelli una historia de dise\u00f1o que contin\u00faa<\/h2>\n<p class=\"ds-markdown-paragraph\">La relaci\u00f3n de Pirelli con el Compasso d&#8217;Oro no es nueva. La historia de la marca est\u00e1 entrelazada con este premio, gracias a campa\u00f1as publicitarias de grandes dise\u00f1adores gr\u00e1ficos y productos ic\u00f3nicos. El P Zero E se exhibir\u00e1 en el Pabell\u00f3n de Italia en la Expo Osaka antes de integrar la colecci\u00f3n permanente del Museo del Dise\u00f1o ADI en Mil\u00e1n, escribiendo un nuevo cap\u00edtulo para la industria.<\/p>\n<p>&nbsp;<\/p>\n<p>&nbsp;<\/p>\n<p><i>Para enterarte de m\u00e1s novedades, no dejes de leer\u00a0<\/i><a href=\"https:\/\/autofans.thebrandsoup.com\/\"><i>nuestras notas<\/i><\/a><i>, de ver\u00a0<\/i><a href=\"https:\/\/www.youtube.com\/channel\/UCgAC8UGHZYbT6P7PpmVnP7g\"><i>AUTOFANS TV<\/i><\/a><i>\u00a0en nuestro\u00a0canal de Youtube. Adem\u00e1s seguinos en\u00a0<\/i><a href=\"https:\/\/www.instagram.com\/autofanstv\/\"><i>INSTAGRAM<\/i><\/a><i> y <\/i><a href=\"https:\/\/www.facebook.com\/autofansmas\/\"><i>FACEBOOK<\/i><\/a><i> para no perderte nada sobre las novedades del segmento automotor de Argentina y el mundo.<\/i><\/p>\n","protected":false},"excerpt":{"rendered":"<p>Pirelli acaba de marcar un hito global. Por primera vez, un neum\u00e1tico fue galardonado con&#8230;<\/p>\n","protected":false},"author":2,"featured_media":14029,"comment_status":"closed","ping_status":"closed","sticky":false,"template":"","format":"standard","meta":{"footnotes":""},"categories":[292,16],"tags":[3447,7337,7344,7340,7342,7341,7343,731,7339,7338,4042],"class_list":["post-14026","post","type-post","status-publish","format-standard","has-post-thumbnail","hentry","category-empresas","category-noticias","tag-auto-electrico","tag-compasso-doro","tag-cyber-tyre","tag-diseno-industrial","tag-expo-2025-osaka","tag-innovacion-sustentable","tag-materiales-reciclados","tag-movilidad","tag-neumaticos-argentina","tag-p-zero-e","tag-pirelli"],"yoast_head":"<!-- This site is optimized with the Yoast SEO plugin v27.5 - https:\/\/yoast.com\/product\/yoast-seo-wordpress\/ -->\n<title>Pirelli, premiada a nivel mundial -<\/title>\n<meta name=\"description\" content=\"Pirelli acaba de marcar un hito global. Por primera vez, un neum\u00e1tico fue galardonado con el Premio Internacional Compasso d\u2019Oro ADI...\" \/>\n<meta name=\"robots\" content=\"index, follow, max-snippet:-1, max-image-preview:large, max-video-preview:-1\" \/>\n<link rel=\"canonical\" href=\"https:\/\/autofans.com.ar\/index.php\/2025\/09\/08\/pirelli-premiada-a-nivel-mundial\/\" \/>\n<meta property=\"og:locale\" content=\"es_ES\" \/>\n<meta property=\"og:type\" content=\"article\" \/>\n<meta property=\"og:title\" content=\"Pirelli, premiada a nivel mundial -\" \/>\n<meta property=\"og:description\" content=\"Pirelli acaba de marcar un hito global. Por primera vez, un neum\u00e1tico fue galardonado con el Premio Internacional Compasso d\u2019Oro ADI...\" \/>\n<meta property=\"og:url\" content=\"https:\/\/autofans.com.ar\/index.php\/2025\/09\/08\/pirelli-premiada-a-nivel-mundial\/\" \/>\n<meta property=\"article:published_time\" content=\"2025-09-08T19:49:12+00:00\" \/>\n<meta property=\"og:image\" content=\"https:\/\/autofans.com.ar\/wp-content\/uploads\/2025\/09\/pirelli-2.jpg\" \/>\n\t<meta property=\"og:image:width\" content=\"1000\" \/>\n\t<meta property=\"og:image:height\" content=\"667\" \/>\n\t<meta property=\"og:image:type\" content=\"image\/jpeg\" \/>\n<meta name=\"author\" content=\"Alejandro Gabriel Rosito\" \/>\n<meta name=\"twitter:card\" content=\"summary_large_image\" \/>\n<meta name=\"twitter:label1\" content=\"Escrito por\" \/>\n\t<meta name=\"twitter:data1\" content=\"Alejandro Gabriel Rosito\" \/>\n\t<meta name=\"twitter:label2\" content=\"Tiempo de lectura\" \/>\n\t<meta name=\"twitter:data2\" content=\"3 minutos\" \/>\n<script type=\"application\/ld+json\" class=\"yoast-schema-graph\">{\"@context\":\"https:\\\/\\\/schema.org\",\"@graph\":[{\"@type\":\"Article\",\"@id\":\"https:\\\/\\\/autofans.com.ar\\\/index.php\\\/2025\\\/09\\\/08\\\/pirelli-premiada-a-nivel-mundial\\\/#article\",\"isPartOf\":{\"@id\":\"https:\\\/\\\/autofans.com.ar\\\/index.php\\\/2025\\\/09\\\/08\\\/pirelli-premiada-a-nivel-mundial\\\/\"},\"author\":{\"name\":\"Alejandro Gabriel Rosito\",\"@id\":\"https:\\\/\\\/autofans.com.ar\\\/#\\\/schema\\\/person\\\/4a8dda0b6df83ac3d6723e921274c2aa\"},\"headline\":\"Pirelli, premiada a nivel mundial\",\"datePublished\":\"2025-09-08T19:49:12+00:00\",\"mainEntityOfPage\":{\"@id\":\"https:\\\/\\\/autofans.com.ar\\\/index.php\\\/2025\\\/09\\\/08\\\/pirelli-premiada-a-nivel-mundial\\\/\"},\"wordCount\":501,\"image\":{\"@id\":\"https:\\\/\\\/autofans.com.ar\\\/index.php\\\/2025\\\/09\\\/08\\\/pirelli-premiada-a-nivel-mundial\\\/#primaryimage\"},\"thumbnailUrl\":\"https:\\\/\\\/autofans.com.ar\\\/wp-content\\\/uploads\\\/2025\\\/09\\\/pirelli-2.jpg\",\"keywords\":[\"Auto el\u00e9ctrico\",\"Compasso d'Oro\",\"Cyber Tyre\",\"dise\u00f1o industrial\",\"Expo 2025 Osaka\",\"innovaci\u00f3n sustentable\",\"materiales reciclados\",\"movilidad\",\"neum\u00e1ticos Argentina\",\"P Zero E\",\"Pirelli\"],\"articleSection\":[\"EMPRESAS\",\"NOTICIAS\"],\"inLanguage\":\"es\"},{\"@type\":\"WebPage\",\"@id\":\"https:\\\/\\\/autofans.com.ar\\\/index.php\\\/2025\\\/09\\\/08\\\/pirelli-premiada-a-nivel-mundial\\\/\",\"url\":\"https:\\\/\\\/autofans.com.ar\\\/index.php\\\/2025\\\/09\\\/08\\\/pirelli-premiada-a-nivel-mundial\\\/\",\"name\":\"Pirelli, premiada a nivel mundial -\",\"isPartOf\":{\"@id\":\"https:\\\/\\\/autofans.com.ar\\\/#website\"},\"primaryImageOfPage\":{\"@id\":\"https:\\\/\\\/autofans.com.ar\\\/index.php\\\/2025\\\/09\\\/08\\\/pirelli-premiada-a-nivel-mundial\\\/#primaryimage\"},\"image\":{\"@id\":\"https:\\\/\\\/autofans.com.ar\\\/index.php\\\/2025\\\/09\\\/08\\\/pirelli-premiada-a-nivel-mundial\\\/#primaryimage\"},\"thumbnailUrl\":\"https:\\\/\\\/autofans.com.ar\\\/wp-content\\\/uploads\\\/2025\\\/09\\\/pirelli-2.jpg\",\"datePublished\":\"2025-09-08T19:49:12+00:00\",\"author\":{\"@id\":\"https:\\\/\\\/autofans.com.ar\\\/#\\\/schema\\\/person\\\/4a8dda0b6df83ac3d6723e921274c2aa\"},\"description\":\"Pirelli acaba de marcar un hito global. Por primera vez, un neum\u00e1tico fue galardonado con el Premio Internacional Compasso d\u2019Oro ADI...\",\"breadcrumb\":{\"@id\":\"https:\\\/\\\/autofans.com.ar\\\/index.php\\\/2025\\\/09\\\/08\\\/pirelli-premiada-a-nivel-mundial\\\/#breadcrumb\"},\"inLanguage\":\"es\",\"potentialAction\":[{\"@type\":\"ReadAction\",\"target\":[\"https:\\\/\\\/autofans.com.ar\\\/index.php\\\/2025\\\/09\\\/08\\\/pirelli-premiada-a-nivel-mundial\\\/\"]}]},{\"@type\":\"ImageObject\",\"inLanguage\":\"es\",\"@id\":\"https:\\\/\\\/autofans.com.ar\\\/index.php\\\/2025\\\/09\\\/08\\\/pirelli-premiada-a-nivel-mundial\\\/#primaryimage\",\"url\":\"https:\\\/\\\/autofans.com.ar\\\/wp-content\\\/uploads\\\/2025\\\/09\\\/pirelli-2.jpg\",\"contentUrl\":\"https:\\\/\\\/autofans.com.ar\\\/wp-content\\\/uploads\\\/2025\\\/09\\\/pirelli-2.jpg\",\"width\":1000,\"height\":667,\"caption\":\"Pirelli\"},{\"@type\":\"BreadcrumbList\",\"@id\":\"https:\\\/\\\/autofans.com.ar\\\/index.php\\\/2025\\\/09\\\/08\\\/pirelli-premiada-a-nivel-mundial\\\/#breadcrumb\",\"itemListElement\":[{\"@type\":\"ListItem\",\"position\":1,\"name\":\"Inicio\",\"item\":\"https:\\\/\\\/autofans.com.ar\\\/\"},{\"@type\":\"ListItem\",\"position\":2,\"name\":\"Pirelli, premiada a nivel mundial\"}]},{\"@type\":\"WebSite\",\"@id\":\"https:\\\/\\\/autofans.com.ar\\\/#website\",\"url\":\"https:\\\/\\\/autofans.com.ar\\\/\",\"name\":\"\",\"description\":\"El multimedio referente de la industria automotriz\",\"potentialAction\":[{\"@type\":\"SearchAction\",\"target\":{\"@type\":\"EntryPoint\",\"urlTemplate\":\"https:\\\/\\\/autofans.com.ar\\\/?s={search_term_string}\"},\"query-input\":{\"@type\":\"PropertyValueSpecification\",\"valueRequired\":true,\"valueName\":\"search_term_string\"}}],\"inLanguage\":\"es\"},{\"@type\":\"Person\",\"@id\":\"https:\\\/\\\/autofans.com.ar\\\/#\\\/schema\\\/person\\\/4a8dda0b6df83ac3d6723e921274c2aa\",\"name\":\"Alejandro Gabriel Rosito\",\"image\":{\"@type\":\"ImageObject\",\"inLanguage\":\"es\",\"@id\":\"https:\\\/\\\/secure.gravatar.com\\\/avatar\\\/16c5dda1489adfc62618084dcbb91cffd879c374b13fe5dd8e44ed6733852c88?s=96&d=mm&r=g\",\"url\":\"https:\\\/\\\/secure.gravatar.com\\\/avatar\\\/16c5dda1489adfc62618084dcbb91cffd879c374b13fe5dd8e44ed6733852c88?s=96&d=mm&r=g\",\"contentUrl\":\"https:\\\/\\\/secure.gravatar.com\\\/avatar\\\/16c5dda1489adfc62618084dcbb91cffd879c374b13fe5dd8e44ed6733852c88?s=96&d=mm&r=g\",\"caption\":\"Alejandro Gabriel Rosito\"},\"url\":\"https:\\\/\\\/autofans.com.ar\\\/index.php\\\/author\\\/gabrielr\\\/\"}]}<\/script>\n<!-- \/ Yoast SEO plugin. -->","yoast_head_json":{"title":"Pirelli, premiada a nivel mundial -","description":"Pirelli acaba de marcar un hito global. Por primera vez, un neum\u00e1tico fue galardonado con el Premio Internacional Compasso d\u2019Oro ADI...","robots":{"index":"index","follow":"follow","max-snippet":"max-snippet:-1","max-image-preview":"max-image-preview:large","max-video-preview":"max-video-preview:-1"},"canonical":"https:\/\/autofans.com.ar\/index.php\/2025\/09\/08\/pirelli-premiada-a-nivel-mundial\/","og_locale":"es_ES","og_type":"article","og_title":"Pirelli, premiada a nivel mundial -","og_description":"Pirelli acaba de marcar un hito global. Por primera vez, un neum\u00e1tico fue galardonado con el Premio Internacional Compasso d\u2019Oro ADI...","og_url":"https:\/\/autofans.com.ar\/index.php\/2025\/09\/08\/pirelli-premiada-a-nivel-mundial\/","article_published_time":"2025-09-08T19:49:12+00:00","og_image":[{"width":1000,"height":667,"url":"https:\/\/autofans.com.ar\/wp-content\/uploads\/2025\/09\/pirelli-2.jpg","type":"image\/jpeg"}],"author":"Alejandro Gabriel Rosito","twitter_card":"summary_large_image","twitter_misc":{"Escrito por":"Alejandro Gabriel Rosito","Tiempo de lectura":"3 minutos"},"schema":{"@context":"https:\/\/schema.org","@graph":[{"@type":"Article","@id":"https:\/\/autofans.com.ar\/index.php\/2025\/09\/08\/pirelli-premiada-a-nivel-mundial\/#article","isPartOf":{"@id":"https:\/\/autofans.com.ar\/index.php\/2025\/09\/08\/pirelli-premiada-a-nivel-mundial\/"},"author":{"name":"Alejandro Gabriel Rosito","@id":"https:\/\/autofans.com.ar\/#\/schema\/person\/4a8dda0b6df83ac3d6723e921274c2aa"},"headline":"Pirelli, premiada a nivel mundial","datePublished":"2025-09-08T19:49:12+00:00","mainEntityOfPage":{"@id":"https:\/\/autofans.com.ar\/index.php\/2025\/09\/08\/pirelli-premiada-a-nivel-mundial\/"},"wordCount":501,"image":{"@id":"https:\/\/autofans.com.ar\/index.php\/2025\/09\/08\/pirelli-premiada-a-nivel-mundial\/#primaryimage"},"thumbnailUrl":"https:\/\/autofans.com.ar\/wp-content\/uploads\/2025\/09\/pirelli-2.jpg","keywords":["Auto el\u00e9ctrico","Compasso d'Oro","Cyber Tyre","dise\u00f1o industrial","Expo 2025 Osaka","innovaci\u00f3n sustentable","materiales reciclados","movilidad","neum\u00e1ticos Argentina","P Zero E","Pirelli"],"articleSection":["EMPRESAS","NOTICIAS"],"inLanguage":"es"},{"@type":"WebPage","@id":"https:\/\/autofans.com.ar\/index.php\/2025\/09\/08\/pirelli-premiada-a-nivel-mundial\/","url":"https:\/\/autofans.com.ar\/index.php\/2025\/09\/08\/pirelli-premiada-a-nivel-mundial\/","name":"Pirelli, premiada a nivel mundial -","isPartOf":{"@id":"https:\/\/autofans.com.ar\/#website"},"primaryImageOfPage":{"@id":"https:\/\/autofans.com.ar\/index.php\/2025\/09\/08\/pirelli-premiada-a-nivel-mundial\/#primaryimage"},"image":{"@id":"https:\/\/autofans.com.ar\/index.php\/2025\/09\/08\/pirelli-premiada-a-nivel-mundial\/#primaryimage"},"thumbnailUrl":"https:\/\/autofans.com.ar\/wp-content\/uploads\/2025\/09\/pirelli-2.jpg","datePublished":"2025-09-08T19:49:12+00:00","author":{"@id":"https:\/\/autofans.com.ar\/#\/schema\/person\/4a8dda0b6df83ac3d6723e921274c2aa"},"description":"Pirelli acaba de marcar un hito global. Por primera vez, un neum\u00e1tico fue galardonado con el Premio Internacional Compasso d\u2019Oro ADI...","breadcrumb":{"@id":"https:\/\/autofans.com.ar\/index.php\/2025\/09\/08\/pirelli-premiada-a-nivel-mundial\/#breadcrumb"},"inLanguage":"es","potentialAction":[{"@type":"ReadAction","target":["https:\/\/autofans.com.ar\/index.php\/2025\/09\/08\/pirelli-premiada-a-nivel-mundial\/"]}]},{"@type":"ImageObject","inLanguage":"es","@id":"https:\/\/autofans.com.ar\/index.php\/2025\/09\/08\/pirelli-premiada-a-nivel-mundial\/#primaryimage","url":"https:\/\/autofans.com.ar\/wp-content\/uploads\/2025\/09\/pirelli-2.jpg","contentUrl":"https:\/\/autofans.com.ar\/wp-content\/uploads\/2025\/09\/pirelli-2.jpg","width":1000,"height":667,"caption":"Pirelli"},{"@type":"BreadcrumbList","@id":"https:\/\/autofans.com.ar\/index.php\/2025\/09\/08\/pirelli-premiada-a-nivel-mundial\/#breadcrumb","itemListElement":[{"@type":"ListItem","position":1,"name":"Inicio","item":"https:\/\/autofans.com.ar\/"},{"@type":"ListItem","position":2,"name":"Pirelli, premiada a nivel mundial"}]},{"@type":"WebSite","@id":"https:\/\/autofans.com.ar\/#website","url":"https:\/\/autofans.com.ar\/","name":"","description":"El multimedio referente de la industria automotriz","potentialAction":[{"@type":"SearchAction","target":{"@type":"EntryPoint","urlTemplate":"https:\/\/autofans.com.ar\/?s={search_term_string}"},"query-input":{"@type":"PropertyValueSpecification","valueRequired":true,"valueName":"search_term_string"}}],"inLanguage":"es"},{"@type":"Person","@id":"https:\/\/autofans.com.ar\/#\/schema\/person\/4a8dda0b6df83ac3d6723e921274c2aa","name":"Alejandro Gabriel Rosito","image":{"@type":"ImageObject","inLanguage":"es","@id":"https:\/\/secure.gravatar.com\/avatar\/16c5dda1489adfc62618084dcbb91cffd879c374b13fe5dd8e44ed6733852c88?s=96&d=mm&r=g","url":"https:\/\/secure.gravatar.com\/avatar\/16c5dda1489adfc62618084dcbb91cffd879c374b13fe5dd8e44ed6733852c88?s=96&d=mm&r=g","contentUrl":"https:\/\/secure.gravatar.com\/avatar\/16c5dda1489adfc62618084dcbb91cffd879c374b13fe5dd8e44ed6733852c88?s=96&d=mm&r=g","caption":"Alejandro Gabriel Rosito"},"url":"https:\/\/autofans.com.ar\/index.php\/author\/gabrielr\/"}]}},"featured_image_urls":{"full":["https:\/\/autofans.com.ar\/wp-content\/uploads\/2025\/09\/pirelli-2.jpg",1000,667,false],"thumbnail":["https:\/\/autofans.com.ar\/wp-content\/uploads\/2025\/09\/pirelli-2-150x150.jpg",150,150,true],"medium":["https:\/\/autofans.com.ar\/wp-content\/uploads\/2025\/09\/pirelli-2-300x200.jpg",300,200,true],"medium_large":["https:\/\/autofans.com.ar\/wp-content\/uploads\/2025\/09\/pirelli-2-768x512.jpg",640,427,true],"large":["https:\/\/autofans.com.ar\/wp-content\/uploads\/2025\/09\/pirelli-2.jpg",640,427,false],"1536x1536":["https:\/\/autofans.com.ar\/wp-content\/uploads\/2025\/09\/pirelli-2.jpg",1000,667,false],"2048x2048":["https:\/\/autofans.com.ar\/wp-content\/uploads\/2025\/09\/pirelli-2.jpg",1000,667,false],"covernews-featured":["https:\/\/autofans.com.ar\/wp-content\/uploads\/2025\/09\/pirelli-2.jpg",1000,667,false],"covernews-medium":["https:\/\/autofans.com.ar\/wp-content\/uploads\/2025\/09\/pirelli-2-540x340.jpg",540,340,true]},"author_info":{"display_name":"Alejandro Gabriel Rosito","author_link":"https:\/\/autofans.com.ar\/index.php\/author\/gabrielr\/"},"category_info":"<a href=\"https:\/\/autofans.com.ar\/index.php\/category\/noticias\/empresas\/\" rel=\"category tag\">EMPRESAS<\/a> <a href=\"https:\/\/autofans.com.ar\/index.php\/category\/noticias\/\" rel=\"category tag\">NOTICIAS<\/a>","tag_info":"NOTICIAS","comment_count":0,"_links":{"self":[{"href":"https:\/\/autofans.com.ar\/index.php\/wp-json\/wp\/v2\/posts\/14026","targetHints":{"allow":["GET"]}}],"collection":[{"href":"https:\/\/autofans.com.ar\/index.php\/wp-json\/wp\/v2\/posts"}],"about":[{"href":"https:\/\/autofans.com.ar\/index.php\/wp-json\/wp\/v2\/types\/post"}],"author":[{"embeddable":true,"href":"https:\/\/autofans.com.ar\/index.php\/wp-json\/wp\/v2\/users\/2"}],"replies":[{"embeddable":true,"href":"https:\/\/autofans.com.ar\/index.php\/wp-json\/wp\/v2\/comments?post=14026"}],"version-history":[{"count":2,"href":"https:\/\/autofans.com.ar\/index.php\/wp-json\/wp\/v2\/posts\/14026\/revisions"}],"predecessor-version":[{"id":14032,"href":"https:\/\/autofans.com.ar\/index.php\/wp-json\/wp\/v2\/posts\/14026\/revisions\/14032"}],"wp:featuredmedia":[{"embeddable":true,"href":"https:\/\/autofans.com.ar\/index.php\/wp-json\/wp\/v2\/media\/14029"}],"wp:attachment":[{"href":"https:\/\/autofans.com.ar\/index.php\/wp-json\/wp\/v2\/media?parent=14026"}],"wp:term":[{"taxonomy":"category","embeddable":true,"href":"https:\/\/autofans.com.ar\/index.php\/wp-json\/wp\/v2\/categories?post=14026"},{"taxonomy":"post_tag","embeddable":true,"href":"https:\/\/autofans.com.ar\/index.php\/wp-json\/wp\/v2\/tags?post=14026"}],"curies":[{"name":"wp","href":"https:\/\/api.w.org\/{rel}","templated":true}]}}