{"id":14040,"date":"2025-09-08T19:30:11","date_gmt":"2025-09-08T22:30:11","guid":{"rendered":"https:\/\/autofans.com.ar\/?p=14040"},"modified":"2025-09-08T20:10:59","modified_gmt":"2025-09-08T23:10:59","slug":"ktm-y-can-am-suman-su-concesionario-numero-24","status":"publish","type":"post","link":"https:\/\/autofans.com.ar\/index.php\/2025\/09\/08\/ktm-y-can-am-suman-su-concesionario-numero-24\/","title":{"rendered":"KTM y Can-Am suman su concesionario n\u00famero 24"},"content":{"rendered":"<p class=\"ds-markdown-paragraph\">KTM Can-Am, representadas por el Grupo Simpa S.A., sum\u00f3 un nuevo concesionario oficial a su red nacional. La apertura se concret\u00f3 en Quilmes, una zona con alta identidad motera en el sur del Gran Buenos Aires.<\/p>\n<p class=\"ds-markdown-paragraph\">Con este espacio, la red comercial de las marcas alcanza los 24 puntos de venta en el territorio argentino, consolidando su presencia.<\/p>\n<p>&nbsp;<\/p>\n<blockquote>\n<p style=\"text-align: center;\"><span lang=\"ES-AR\">\u201cHoy es un d\u00eda de enorme orgullo para nosotros, ya que este nuevo espacio refleja nuestro compromiso de estar cada vez m\u00e1s cerca de quienes comparten la pasi\u00f3n por la innovaci\u00f3n, la aventura y el esp\u00edritu de superaci\u00f3n. Tenemos un profundo agradecimiento a nuestro socio estrat\u00e9gico Claudio Ferraro y a todo su equipo, por el esfuerzo y la dedicaci\u00f3n puestos en este proyecto. Con su compromiso, hoy damos un paso m\u00e1s en nuestra misi\u00f3n de acercar productos y servicios de excelencia a la comunidad de Quilmes y toda la zona sur de Buenos Aires. Esta apertura significa mucho m\u00e1s que un nuevo concesionario: es un punto de encuentro para todos los que vibran el Ready to Race de KTM y toda la potencia y tecnolog\u00eda de Can-Am, dos marcas l\u00edderes que marcan tendencia a nivel mundial en motociclismo y powersports. A nuestros clientes y seguidores, gracias por la confianza y la fidelidad que nos inspiran a seguir creciendo\u201d, <\/span><span lang=\"ES-AR\">se\u00f1al\u00f3 Leandro Panaggio, business manager de KTM Argentina en Grupo Simpa S.A.<\/span><\/p>\n<\/blockquote>\n<p>&nbsp;<\/p>\n<h2 class=\"ds-markdown-paragraph\">Un espacio integral para moteros y aventureros<\/h2>\n<p class=\"ds-markdown-paragraph\">El nuevo local est\u00e1 ubicado en Avenida 12 de Octubre 898. Cuenta con 800 metros cuadrados destinados a la exhibici\u00f3n de unidades, atenci\u00f3n al cliente, servicio de posventa y mantenimiento especializado.<\/p>\n<p>&nbsp;<\/p>\n<div id='gallery-1' class='gallery galleryid-14040 gallery-columns-2 gallery-size-full'><figure class='gallery-item'>\n\t\t\t<div class='gallery-icon landscape'>\n\t\t\t\t<a href='https:\/\/autofans.com.ar\/index.php\/2025\/09\/08\/ktm-y-can-am-suman-su-concesionario-numero-24\/ktm-5-3\/'><img loading=\"lazy\" width=\"1000\" height=\"667\" src=\"https:\/\/autofans.com.ar\/wp-content\/uploads\/2025\/09\/ktm-5.jpg\" class=\"attachment-full size-full\" alt=\"KTM\" aria-describedby=\"gallery-1-14042\" srcset=\"https:\/\/autofans.com.ar\/wp-content\/uploads\/2025\/09\/ktm-5.jpg 1000w, https:\/\/autofans.com.ar\/wp-content\/uploads\/2025\/09\/ktm-5-300x200.jpg 300w, https:\/\/autofans.com.ar\/wp-content\/uploads\/2025\/09\/ktm-5-768x512.jpg 768w\" sizes=\"auto, (max-width: 1000px) 100vw, 1000px\" loading=\"lazy\" decoding=\"async\" \/><\/a>\n\t\t\t<\/div>\n\t\t\t\t<figcaption class='wp-caption-text gallery-caption' id='gallery-1-14042'>\n\t\t\t\tCorte de Cintas Nuevo concesionario KTM en Quilmes\n\t\t\t\t<\/figcaption><\/figure><figure class='gallery-item'>\n\t\t\t<div class='gallery-icon landscape'>\n\t\t\t\t<a href='https:\/\/autofans.com.ar\/index.php\/2025\/09\/08\/ktm-y-can-am-suman-su-concesionario-numero-24\/ktm-6\/'><img loading=\"lazy\" width=\"1000\" height=\"667\" src=\"https:\/\/autofans.com.ar\/wp-content\/uploads\/2025\/09\/ktm-6.jpg\" class=\"attachment-full size-full\" alt=\"KTM\" aria-describedby=\"gallery-1-14041\" srcset=\"https:\/\/autofans.com.ar\/wp-content\/uploads\/2025\/09\/ktm-6.jpg 1000w, https:\/\/autofans.com.ar\/wp-content\/uploads\/2025\/09\/ktm-6-300x200.jpg 300w, https:\/\/autofans.com.ar\/wp-content\/uploads\/2025\/09\/ktm-6-768x512.jpg 768w\" sizes=\"auto, (max-width: 1000px) 100vw, 1000px\" loading=\"lazy\" decoding=\"async\" \/><\/a>\n\t\t\t<\/div>\n\t\t\t\t<figcaption class='wp-caption-text gallery-caption' id='gallery-1-14041'>\n\t\t\t\tCorte de Cintas Leandro Panaggio, Grupo Simpa y Claudio Ferraro, KTM Quilmes\n\t\t\t\t<\/figcaption><\/figure>\n\t\t<\/div>\n\n<p>&nbsp;<\/p>\n<p class=\"ds-markdown-paragraph\">El concesionario de Quilmes ofrece desde el primer d\u00eda todas las l\u00edneas de productos:<\/p>\n<ul>\n<li>\n<p class=\"ds-markdown-paragraph\">KTM: Incluye modelos de calle, deportivas y adventure. Entre ellas, las Duke 200, 250, 390, 390 Spoke y Duke 990; las RC 200 y 390; las Adventure 250, 390, 790, 890 R y 1290 Super Adventure S. Tambi\u00e9n las off-road EXC-F 350 y SX-F 450.<\/p>\n<\/li>\n<li>\n<p class=\"ds-markdown-paragraph\">Can-Am: Exhibe una amplia variedad de sus side-by-sides y ATVs, como los Defender, Commander, Outlander y Maverick.<\/p>\n<\/li>\n<\/ul>\n<p>&nbsp;<\/p>\n<blockquote>\n<p style=\"text-align: center;\"><span lang=\"ES-AR\">\u201cPara m\u00ed es un verdadero orgullo representar a la marca KTM en Quilmes. Poder abrir las puertas de este concesionario y traer la fuerza del color naranja a la zona sur es un sue\u00f1o cumplido. Estoy profundamente agradecido al Grupo Simpa por la confianza, y a todos los que hoy nos acompa\u00f1an en este momento tan especial. Este es solo el comienzo de un camino que vamos a recorrer con pasi\u00f3n y compromiso\u201d,\u00a0<\/span><span lang=\"ES-AR\">destac\u00f3 Claudio Ferraro, socio responsable de KTM Quilmes.<\/span><\/p>\n<\/blockquote>\n<p>&nbsp;<\/p>\n<h2 class=\"ds-markdown-paragraph\">KTM, horarios y servicio personalizado<\/h2>\n<p>&nbsp;<\/p>\n<div id='gallery-2' class='gallery galleryid-14040 gallery-columns-2 gallery-size-full'><figure class='gallery-item'>\n\t\t\t<div class='gallery-icon landscape'>\n\t\t\t\t<a href='https:\/\/autofans.com.ar\/index.php\/2025\/09\/08\/ktm-y-can-am-suman-su-concesionario-numero-24\/ktm-2-8\/'><img loading=\"lazy\" width=\"1000\" height=\"667\" src=\"https:\/\/autofans.com.ar\/wp-content\/uploads\/2025\/09\/ktm-2.jpg\" class=\"attachment-full size-full\" alt=\"KTM\" aria-describedby=\"gallery-2-14045\" srcset=\"https:\/\/autofans.com.ar\/wp-content\/uploads\/2025\/09\/ktm-2.jpg 1000w, https:\/\/autofans.com.ar\/wp-content\/uploads\/2025\/09\/ktm-2-300x200.jpg 300w, https:\/\/autofans.com.ar\/wp-content\/uploads\/2025\/09\/ktm-2-768x512.jpg 768w\" sizes=\"auto, (max-width: 1000px) 100vw, 1000px\" loading=\"lazy\" decoding=\"async\" \/><\/a>\n\t\t\t<\/div>\n\t\t\t\t<figcaption class='wp-caption-text gallery-caption' id='gallery-2-14045'>\n\t\t\t\tLeandro Panaggio, de Grupo Simpa y Claudio Ferraro, responsable de KTM Quilmes\n\t\t\t\t<\/figcaption><\/figure><figure class='gallery-item'>\n\t\t\t<div class='gallery-icon landscape'>\n\t\t\t\t<a href='https:\/\/autofans.com.ar\/index.php\/2025\/09\/08\/ktm-y-can-am-suman-su-concesionario-numero-24\/ktm-1-8\/'><img loading=\"lazy\" width=\"1000\" height=\"667\" src=\"https:\/\/autofans.com.ar\/wp-content\/uploads\/2025\/09\/ktm-1.jpg\" class=\"attachment-full size-full\" alt=\"KTM\" srcset=\"https:\/\/autofans.com.ar\/wp-content\/uploads\/2025\/09\/ktm-1.jpg 1000w, https:\/\/autofans.com.ar\/wp-content\/uploads\/2025\/09\/ktm-1-300x200.jpg 300w, https:\/\/autofans.com.ar\/wp-content\/uploads\/2025\/09\/ktm-1-768x512.jpg 768w\" sizes=\"auto, (max-width: 1000px) 100vw, 1000px\" loading=\"lazy\" decoding=\"async\" \/><\/a>\n\t\t\t<\/div><\/figure>\n\t\t<\/div>\n\n<p>&nbsp;<\/p>\n<p class=\"ds-markdown-paragraph\">KTM Can-Am Quilmes atiende de lunes a viernes de 09:00 a 12:30 y de 13:30 a 18:30. Los s\u00e1bados, el horario es de 09:30 a 14:00. Un equipo especializado gu\u00eda al cliente en todo el proceso, desde la compra hasta el servicio postventa.<\/p>\n<p class=\"ds-markdown-paragraph\">Cabe destacar que los modelos KTM para Argentina se producen en la planta industrial de 10.000 m\u00b2 que el Grupo Simpa S.A. posee en Campana. La empresa es de capitales nacionales y cuenta con m\u00e1s de seis d\u00e9cadas de experiencia en el pa\u00eds.<\/p>\n<p>&nbsp;<\/p>\n<p>&nbsp;<\/p>\n<p>&nbsp;<\/p>\n<p><i>Para enterarte de m\u00e1s novedades, no dejes de leer\u00a0<\/i><a href=\"https:\/\/autofans.thebrandsoup.com\/\"><i>nuestras notas<\/i><\/a><i>, de ver\u00a0<\/i><a href=\"https:\/\/www.youtube.com\/channel\/UCgAC8UGHZYbT6P7PpmVnP7g\"><i>AUTOFANS TV<\/i><\/a><i>\u00a0en nuestro\u00a0canal de Youtube. Adem\u00e1s seguinos en\u00a0<\/i><a href=\"https:\/\/www.instagram.com\/autofanstv\/\"><i>INSTAGRAM<\/i><\/a><i> y <\/i><a href=\"https:\/\/www.facebook.com\/autofansmas\/\"><i>FACEBOOK<\/i><\/a><i> para no perderte nada sobre las novedades del segmento automotor de Argentina y el mundo.<\/i><\/p>\n","protected":false},"excerpt":{"rendered":"<p>KTM Can-Am, representadas por el Grupo Simpa S.A., sum\u00f3 un nuevo concesionario oficial a su&#8230;<\/p>\n","protected":false},"author":2,"featured_media":14044,"comment_status":"closed","ping_status":"closed","sticky":false,"template":"","format":"standard","meta":{"footnotes":""},"categories":[4,16],"tags":[2618,4298,7347,246,2757,1941,7349,5216,3683,7348],"class_list":["post-14040","post","type-post","status-publish","format-standard","has-post-thumbnail","hentry","category-motos","category-noticias","tag-atv","tag-can-am-argentina","tag-concesionario-quilmes","tag-grupo-simpa","tag-inauguracion","tag-ktm-argentina","tag-motos-buenos-aires","tag-motos-ktm","tag-motos-premium","tag-side-by-side-can-am"],"yoast_head":"<!-- This site is optimized with the Yoast SEO plugin v27.5 - https:\/\/yoast.com\/product\/yoast-seo-wordpress\/ -->\n<title>KTM y Can-Am suman su concesionario n\u00famero 24 -<\/title>\n<meta name=\"description\" content=\"KTM Can-Am, representadas por el Grupo Simpa S.A., sum\u00f3 un nuevo concesionario oficial a su red nacional. La apertura se concret\u00f3 en Quilmes..\" \/>\n<meta name=\"robots\" content=\"index, follow, max-snippet:-1, max-image-preview:large, max-video-preview:-1\" \/>\n<link rel=\"canonical\" href=\"https:\/\/autofans.com.ar\/index.php\/2025\/09\/08\/ktm-y-can-am-suman-su-concesionario-numero-24\/\" \/>\n<meta property=\"og:locale\" content=\"es_ES\" \/>\n<meta property=\"og:type\" content=\"article\" \/>\n<meta property=\"og:title\" content=\"KTM y Can-Am suman su concesionario n\u00famero 24 -\" \/>\n<meta property=\"og:description\" content=\"KTM Can-Am, representadas por el Grupo Simpa S.A., sum\u00f3 un nuevo concesionario oficial a su red nacional. La apertura se concret\u00f3 en Quilmes..\" \/>\n<meta property=\"og:url\" content=\"https:\/\/autofans.com.ar\/index.php\/2025\/09\/08\/ktm-y-can-am-suman-su-concesionario-numero-24\/\" \/>\n<meta property=\"article:published_time\" content=\"2025-09-08T22:30:11+00:00\" \/>\n<meta property=\"article:modified_time\" content=\"2025-09-08T23:10:59+00:00\" \/>\n<meta property=\"og:image\" content=\"https:\/\/autofans.com.ar\/wp-content\/uploads\/2025\/09\/ktm-3.jpg\" \/>\n\t<meta property=\"og:image:width\" content=\"1000\" \/>\n\t<meta property=\"og:image:height\" content=\"667\" \/>\n\t<meta property=\"og:image:type\" content=\"image\/jpeg\" \/>\n<meta name=\"author\" content=\"Alejandro Gabriel Rosito\" \/>\n<meta name=\"twitter:card\" content=\"summary_large_image\" \/>\n<meta name=\"twitter:label1\" content=\"Escrito por\" \/>\n\t<meta name=\"twitter:data1\" content=\"Alejandro Gabriel Rosito\" \/>\n\t<meta name=\"twitter:label2\" content=\"Tiempo de lectura\" \/>\n\t<meta name=\"twitter:data2\" content=\"2 minutos\" \/>\n<script type=\"application\/ld+json\" class=\"yoast-schema-graph\">{\"@context\":\"https:\\\/\\\/schema.org\",\"@graph\":[{\"@type\":\"Article\",\"@id\":\"https:\\\/\\\/autofans.com.ar\\\/index.php\\\/2025\\\/09\\\/08\\\/ktm-y-can-am-suman-su-concesionario-numero-24\\\/#article\",\"isPartOf\":{\"@id\":\"https:\\\/\\\/autofans.com.ar\\\/index.php\\\/2025\\\/09\\\/08\\\/ktm-y-can-am-suman-su-concesionario-numero-24\\\/\"},\"author\":{\"name\":\"Alejandro Gabriel Rosito\",\"@id\":\"https:\\\/\\\/autofans.com.ar\\\/#\\\/schema\\\/person\\\/4a8dda0b6df83ac3d6723e921274c2aa\"},\"headline\":\"KTM y Can-Am suman su concesionario n\u00famero 24\",\"datePublished\":\"2025-09-08T22:30:11+00:00\",\"dateModified\":\"2025-09-08T23:10:59+00:00\",\"mainEntityOfPage\":{\"@id\":\"https:\\\/\\\/autofans.com.ar\\\/index.php\\\/2025\\\/09\\\/08\\\/ktm-y-can-am-suman-su-concesionario-numero-24\\\/\"},\"wordCount\":591,\"image\":{\"@id\":\"https:\\\/\\\/autofans.com.ar\\\/index.php\\\/2025\\\/09\\\/08\\\/ktm-y-can-am-suman-su-concesionario-numero-24\\\/#primaryimage\"},\"thumbnailUrl\":\"https:\\\/\\\/autofans.com.ar\\\/wp-content\\\/uploads\\\/2025\\\/09\\\/ktm-3.jpg\",\"keywords\":[\"ATV\",\"Can-Am Argentina\",\"concesionario Quilmes\",\"Grupo Simpa\",\"inauguraci\u00f3n\",\"KTM Argentina\",\"motos Buenos Aires\",\"motos KTM\",\"Motos premium\",\"side by side Can-Am\"],\"articleSection\":[\"MOTOS\",\"NOTICIAS\"],\"inLanguage\":\"es\"},{\"@type\":\"WebPage\",\"@id\":\"https:\\\/\\\/autofans.com.ar\\\/index.php\\\/2025\\\/09\\\/08\\\/ktm-y-can-am-suman-su-concesionario-numero-24\\\/\",\"url\":\"https:\\\/\\\/autofans.com.ar\\\/index.php\\\/2025\\\/09\\\/08\\\/ktm-y-can-am-suman-su-concesionario-numero-24\\\/\",\"name\":\"KTM y Can-Am suman su concesionario n\u00famero 24 -\",\"isPartOf\":{\"@id\":\"https:\\\/\\\/autofans.com.ar\\\/#website\"},\"primaryImageOfPage\":{\"@id\":\"https:\\\/\\\/autofans.com.ar\\\/index.php\\\/2025\\\/09\\\/08\\\/ktm-y-can-am-suman-su-concesionario-numero-24\\\/#primaryimage\"},\"image\":{\"@id\":\"https:\\\/\\\/autofans.com.ar\\\/index.php\\\/2025\\\/09\\\/08\\\/ktm-y-can-am-suman-su-concesionario-numero-24\\\/#primaryimage\"},\"thumbnailUrl\":\"https:\\\/\\\/autofans.com.ar\\\/wp-content\\\/uploads\\\/2025\\\/09\\\/ktm-3.jpg\",\"datePublished\":\"2025-09-08T22:30:11+00:00\",\"dateModified\":\"2025-09-08T23:10:59+00:00\",\"author\":{\"@id\":\"https:\\\/\\\/autofans.com.ar\\\/#\\\/schema\\\/person\\\/4a8dda0b6df83ac3d6723e921274c2aa\"},\"description\":\"KTM Can-Am, representadas por el Grupo Simpa S.A., sum\u00f3 un nuevo concesionario oficial a su red nacional. La apertura se concret\u00f3 en Quilmes..\",\"breadcrumb\":{\"@id\":\"https:\\\/\\\/autofans.com.ar\\\/index.php\\\/2025\\\/09\\\/08\\\/ktm-y-can-am-suman-su-concesionario-numero-24\\\/#breadcrumb\"},\"inLanguage\":\"es\",\"potentialAction\":[{\"@type\":\"ReadAction\",\"target\":[\"https:\\\/\\\/autofans.com.ar\\\/index.php\\\/2025\\\/09\\\/08\\\/ktm-y-can-am-suman-su-concesionario-numero-24\\\/\"]}]},{\"@type\":\"ImageObject\",\"inLanguage\":\"es\",\"@id\":\"https:\\\/\\\/autofans.com.ar\\\/index.php\\\/2025\\\/09\\\/08\\\/ktm-y-can-am-suman-su-concesionario-numero-24\\\/#primaryimage\",\"url\":\"https:\\\/\\\/autofans.com.ar\\\/wp-content\\\/uploads\\\/2025\\\/09\\\/ktm-3.jpg\",\"contentUrl\":\"https:\\\/\\\/autofans.com.ar\\\/wp-content\\\/uploads\\\/2025\\\/09\\\/ktm-3.jpg\",\"width\":1000,\"height\":667,\"caption\":\"KTM\"},{\"@type\":\"BreadcrumbList\",\"@id\":\"https:\\\/\\\/autofans.com.ar\\\/index.php\\\/2025\\\/09\\\/08\\\/ktm-y-can-am-suman-su-concesionario-numero-24\\\/#breadcrumb\",\"itemListElement\":[{\"@type\":\"ListItem\",\"position\":1,\"name\":\"Inicio\",\"item\":\"https:\\\/\\\/autofans.com.ar\\\/\"},{\"@type\":\"ListItem\",\"position\":2,\"name\":\"KTM y Can-Am suman su concesionario n\u00famero 24\"}]},{\"@type\":\"WebSite\",\"@id\":\"https:\\\/\\\/autofans.com.ar\\\/#website\",\"url\":\"https:\\\/\\\/autofans.com.ar\\\/\",\"name\":\"\",\"description\":\"El multimedio referente de la industria automotriz\",\"potentialAction\":[{\"@type\":\"SearchAction\",\"target\":{\"@type\":\"EntryPoint\",\"urlTemplate\":\"https:\\\/\\\/autofans.com.ar\\\/?s={search_term_string}\"},\"query-input\":{\"@type\":\"PropertyValueSpecification\",\"valueRequired\":true,\"valueName\":\"search_term_string\"}}],\"inLanguage\":\"es\"},{\"@type\":\"Person\",\"@id\":\"https:\\\/\\\/autofans.com.ar\\\/#\\\/schema\\\/person\\\/4a8dda0b6df83ac3d6723e921274c2aa\",\"name\":\"Alejandro Gabriel Rosito\",\"image\":{\"@type\":\"ImageObject\",\"inLanguage\":\"es\",\"@id\":\"https:\\\/\\\/secure.gravatar.com\\\/avatar\\\/16c5dda1489adfc62618084dcbb91cffd879c374b13fe5dd8e44ed6733852c88?s=96&d=mm&r=g\",\"url\":\"https:\\\/\\\/secure.gravatar.com\\\/avatar\\\/16c5dda1489adfc62618084dcbb91cffd879c374b13fe5dd8e44ed6733852c88?s=96&d=mm&r=g\",\"contentUrl\":\"https:\\\/\\\/secure.gravatar.com\\\/avatar\\\/16c5dda1489adfc62618084dcbb91cffd879c374b13fe5dd8e44ed6733852c88?s=96&d=mm&r=g\",\"caption\":\"Alejandro Gabriel Rosito\"},\"url\":\"https:\\\/\\\/autofans.com.ar\\\/index.php\\\/author\\\/gabrielr\\\/\"}]}<\/script>\n<!-- \/ Yoast SEO plugin. -->","yoast_head_json":{"title":"KTM y Can-Am suman su concesionario n\u00famero 24 -","description":"KTM Can-Am, representadas por el Grupo Simpa S.A., sum\u00f3 un nuevo concesionario oficial a su red nacional. La apertura se concret\u00f3 en Quilmes..","robots":{"index":"index","follow":"follow","max-snippet":"max-snippet:-1","max-image-preview":"max-image-preview:large","max-video-preview":"max-video-preview:-1"},"canonical":"https:\/\/autofans.com.ar\/index.php\/2025\/09\/08\/ktm-y-can-am-suman-su-concesionario-numero-24\/","og_locale":"es_ES","og_type":"article","og_title":"KTM y Can-Am suman su concesionario n\u00famero 24 -","og_description":"KTM Can-Am, representadas por el Grupo Simpa S.A., sum\u00f3 un nuevo concesionario oficial a su red nacional. La apertura se concret\u00f3 en Quilmes..","og_url":"https:\/\/autofans.com.ar\/index.php\/2025\/09\/08\/ktm-y-can-am-suman-su-concesionario-numero-24\/","article_published_time":"2025-09-08T22:30:11+00:00","article_modified_time":"2025-09-08T23:10:59+00:00","og_image":[{"width":1000,"height":667,"url":"https:\/\/autofans.com.ar\/wp-content\/uploads\/2025\/09\/ktm-3.jpg","type":"image\/jpeg"}],"author":"Alejandro Gabriel Rosito","twitter_card":"summary_large_image","twitter_misc":{"Escrito por":"Alejandro Gabriel Rosito","Tiempo de lectura":"2 minutos"},"schema":{"@context":"https:\/\/schema.org","@graph":[{"@type":"Article","@id":"https:\/\/autofans.com.ar\/index.php\/2025\/09\/08\/ktm-y-can-am-suman-su-concesionario-numero-24\/#article","isPartOf":{"@id":"https:\/\/autofans.com.ar\/index.php\/2025\/09\/08\/ktm-y-can-am-suman-su-concesionario-numero-24\/"},"author":{"name":"Alejandro Gabriel Rosito","@id":"https:\/\/autofans.com.ar\/#\/schema\/person\/4a8dda0b6df83ac3d6723e921274c2aa"},"headline":"KTM y Can-Am suman su concesionario n\u00famero 24","datePublished":"2025-09-08T22:30:11+00:00","dateModified":"2025-09-08T23:10:59+00:00","mainEntityOfPage":{"@id":"https:\/\/autofans.com.ar\/index.php\/2025\/09\/08\/ktm-y-can-am-suman-su-concesionario-numero-24\/"},"wordCount":591,"image":{"@id":"https:\/\/autofans.com.ar\/index.php\/2025\/09\/08\/ktm-y-can-am-suman-su-concesionario-numero-24\/#primaryimage"},"thumbnailUrl":"https:\/\/autofans.com.ar\/wp-content\/uploads\/2025\/09\/ktm-3.jpg","keywords":["ATV","Can-Am Argentina","concesionario Quilmes","Grupo Simpa","inauguraci\u00f3n","KTM Argentina","motos Buenos Aires","motos KTM","Motos premium","side by side Can-Am"],"articleSection":["MOTOS","NOTICIAS"],"inLanguage":"es"},{"@type":"WebPage","@id":"https:\/\/autofans.com.ar\/index.php\/2025\/09\/08\/ktm-y-can-am-suman-su-concesionario-numero-24\/","url":"https:\/\/autofans.com.ar\/index.php\/2025\/09\/08\/ktm-y-can-am-suman-su-concesionario-numero-24\/","name":"KTM y Can-Am suman su concesionario n\u00famero 24 -","isPartOf":{"@id":"https:\/\/autofans.com.ar\/#website"},"primaryImageOfPage":{"@id":"https:\/\/autofans.com.ar\/index.php\/2025\/09\/08\/ktm-y-can-am-suman-su-concesionario-numero-24\/#primaryimage"},"image":{"@id":"https:\/\/autofans.com.ar\/index.php\/2025\/09\/08\/ktm-y-can-am-suman-su-concesionario-numero-24\/#primaryimage"},"thumbnailUrl":"https:\/\/autofans.com.ar\/wp-content\/uploads\/2025\/09\/ktm-3.jpg","datePublished":"2025-09-08T22:30:11+00:00","dateModified":"2025-09-08T23:10:59+00:00","author":{"@id":"https:\/\/autofans.com.ar\/#\/schema\/person\/4a8dda0b6df83ac3d6723e921274c2aa"},"description":"KTM Can-Am, representadas por el Grupo Simpa S.A., sum\u00f3 un nuevo concesionario oficial a su red nacional. La apertura se concret\u00f3 en Quilmes..","breadcrumb":{"@id":"https:\/\/autofans.com.ar\/index.php\/2025\/09\/08\/ktm-y-can-am-suman-su-concesionario-numero-24\/#breadcrumb"},"inLanguage":"es","potentialAction":[{"@type":"ReadAction","target":["https:\/\/autofans.com.ar\/index.php\/2025\/09\/08\/ktm-y-can-am-suman-su-concesionario-numero-24\/"]}]},{"@type":"ImageObject","inLanguage":"es","@id":"https:\/\/autofans.com.ar\/index.php\/2025\/09\/08\/ktm-y-can-am-suman-su-concesionario-numero-24\/#primaryimage","url":"https:\/\/autofans.com.ar\/wp-content\/uploads\/2025\/09\/ktm-3.jpg","contentUrl":"https:\/\/autofans.com.ar\/wp-content\/uploads\/2025\/09\/ktm-3.jpg","width":1000,"height":667,"caption":"KTM"},{"@type":"BreadcrumbList","@id":"https:\/\/autofans.com.ar\/index.php\/2025\/09\/08\/ktm-y-can-am-suman-su-concesionario-numero-24\/#breadcrumb","itemListElement":[{"@type":"ListItem","position":1,"name":"Inicio","item":"https:\/\/autofans.com.ar\/"},{"@type":"ListItem","position":2,"name":"KTM y Can-Am suman su concesionario n\u00famero 24"}]},{"@type":"WebSite","@id":"https:\/\/autofans.com.ar\/#website","url":"https:\/\/autofans.com.ar\/","name":"","description":"El multimedio referente de la industria automotriz","potentialAction":[{"@type":"SearchAction","target":{"@type":"EntryPoint","urlTemplate":"https:\/\/autofans.com.ar\/?s={search_term_string}"},"query-input":{"@type":"PropertyValueSpecification","valueRequired":true,"valueName":"search_term_string"}}],"inLanguage":"es"},{"@type":"Person","@id":"https:\/\/autofans.com.ar\/#\/schema\/person\/4a8dda0b6df83ac3d6723e921274c2aa","name":"Alejandro Gabriel Rosito","image":{"@type":"ImageObject","inLanguage":"es","@id":"https:\/\/secure.gravatar.com\/avatar\/16c5dda1489adfc62618084dcbb91cffd879c374b13fe5dd8e44ed6733852c88?s=96&d=mm&r=g","url":"https:\/\/secure.gravatar.com\/avatar\/16c5dda1489adfc62618084dcbb91cffd879c374b13fe5dd8e44ed6733852c88?s=96&d=mm&r=g","contentUrl":"https:\/\/secure.gravatar.com\/avatar\/16c5dda1489adfc62618084dcbb91cffd879c374b13fe5dd8e44ed6733852c88?s=96&d=mm&r=g","caption":"Alejandro Gabriel Rosito"},"url":"https:\/\/autofans.com.ar\/index.php\/author\/gabrielr\/"}]}},"featured_image_urls":{"full":["https:\/\/autofans.com.ar\/wp-content\/uploads\/2025\/09\/ktm-3.jpg",1000,667,false],"thumbnail":["https:\/\/autofans.com.ar\/wp-content\/uploads\/2025\/09\/ktm-3-150x150.jpg",150,150,true],"medium":["https:\/\/autofans.com.ar\/wp-content\/uploads\/2025\/09\/ktm-3-300x200.jpg",300,200,true],"medium_large":["https:\/\/autofans.com.ar\/wp-content\/uploads\/2025\/09\/ktm-3-768x512.jpg",640,427,true],"large":["https:\/\/autofans.com.ar\/wp-content\/uploads\/2025\/09\/ktm-3.jpg",640,427,false],"1536x1536":["https:\/\/autofans.com.ar\/wp-content\/uploads\/2025\/09\/ktm-3.jpg",1000,667,false],"2048x2048":["https:\/\/autofans.com.ar\/wp-content\/uploads\/2025\/09\/ktm-3.jpg",1000,667,false],"covernews-featured":["https:\/\/autofans.com.ar\/wp-content\/uploads\/2025\/09\/ktm-3.jpg",1000,667,false],"covernews-medium":["https:\/\/autofans.com.ar\/wp-content\/uploads\/2025\/09\/ktm-3-540x340.jpg",540,340,true]},"author_info":{"display_name":"Alejandro Gabriel Rosito","author_link":"https:\/\/autofans.com.ar\/index.php\/author\/gabrielr\/"},"category_info":"<a href=\"https:\/\/autofans.com.ar\/index.php\/category\/noticias\/motos\/\" rel=\"category tag\">MOTOS<\/a> <a href=\"https:\/\/autofans.com.ar\/index.php\/category\/noticias\/\" rel=\"category tag\">NOTICIAS<\/a>","tag_info":"NOTICIAS","comment_count":0,"_links":{"self":[{"href":"https:\/\/autofans.com.ar\/index.php\/wp-json\/wp\/v2\/posts\/14040","targetHints":{"allow":["GET"]}}],"collection":[{"href":"https:\/\/autofans.com.ar\/index.php\/wp-json\/wp\/v2\/posts"}],"about":[{"href":"https:\/\/autofans.com.ar\/index.php\/wp-json\/wp\/v2\/types\/post"}],"author":[{"embeddable":true,"href":"https:\/\/autofans.com.ar\/index.php\/wp-json\/wp\/v2\/users\/2"}],"replies":[{"embeddable":true,"href":"https:\/\/autofans.com.ar\/index.php\/wp-json\/wp\/v2\/comments?post=14040"}],"version-history":[{"count":1,"href":"https:\/\/autofans.com.ar\/index.php\/wp-json\/wp\/v2\/posts\/14040\/revisions"}],"predecessor-version":[{"id":14047,"href":"https:\/\/autofans.com.ar\/index.php\/wp-json\/wp\/v2\/posts\/14040\/revisions\/14047"}],"wp:featuredmedia":[{"embeddable":true,"href":"https:\/\/autofans.com.ar\/index.php\/wp-json\/wp\/v2\/media\/14044"}],"wp:attachment":[{"href":"https:\/\/autofans.com.ar\/index.php\/wp-json\/wp\/v2\/media?parent=14040"}],"wp:term":[{"taxonomy":"category","embeddable":true,"href":"https:\/\/autofans.com.ar\/index.php\/wp-json\/wp\/v2\/categories?post=14040"},{"taxonomy":"post_tag","embeddable":true,"href":"https:\/\/autofans.com.ar\/index.php\/wp-json\/wp\/v2\/tags?post=14040"}],"curies":[{"name":"wp","href":"https:\/\/api.w.org\/{rel}","templated":true}]}}