{"id":14088,"date":"2025-09-15T19:53:38","date_gmt":"2025-09-15T22:53:38","guid":{"rendered":"https:\/\/autofans.com.ar\/?p=14088"},"modified":"2025-09-15T19:53:38","modified_gmt":"2025-09-15T22:53:38","slug":"portfolio-iveco-camiones-a-gas-electricos-y-euro-vi","status":"publish","type":"post","link":"https:\/\/autofans.com.ar\/index.php\/2025\/09\/15\/portfolio-iveco-camiones-a-gas-electricos-y-euro-vi\/","title":{"rendered":"Portfolio IVECO, camiones a gas, el\u00e9ctricos y Euro VI"},"content":{"rendered":"<p class=\"ds-markdown-paragraph\">En el marco de la Semana de la Movilidad Sustentable, IVECO reafirma su posici\u00f3n como pionera en el transporte sostenible en Argentina. La compa\u00f1\u00eda demuestra c\u00f3mo su estrategia de a\u00f1os se materializa en un portfolio concreto para todos los segmentos, combinando competitividad y cuidado ambiental.<\/p>\n<p class=\"ds-markdown-paragraph\">Esta visi\u00f3n no es nueva. Desde la homologaci\u00f3n del primer Tector a GNC en 2019 hasta la producci\u00f3n local del bus urbano a gas en C\u00f3rdoba, la marca ha construido un camino s\u00f3lido que incluye innovaci\u00f3n en productos y procesos responsables.<\/p>\n<p>&nbsp;<\/p>\n<h2 class=\"ds-markdown-paragraph\">La estrategia multienerg\u00e9tica de IVECO<\/h2>\n<p class=\"ds-markdown-paragraph\">IVECO impulsa un enfoque que combina di\u00e9sel Euro VI, gas natural, biometano y soluciones el\u00e9ctricas. Esto le permite ofrecer veh\u00edculos adaptados a las realidades operativas de la regi\u00f3n, aprovechando su producci\u00f3n local en C\u00f3rdoba y Brasil.<\/p>\n<p>&nbsp;<\/p>\n<div id='gallery-1' class='gallery galleryid-14088 gallery-columns-2 gallery-size-full'><figure class='gallery-item'>\n\t\t\t<div class='gallery-icon landscape'>\n\t\t\t\t<a href='https:\/\/autofans.com.ar\/index.php\/2025\/09\/15\/portfolio-iveco-camiones-a-gas-electricos-y-euro-vi\/iveco-1-29\/'><img loading=\"lazy\" width=\"1000\" height=\"667\" src=\"https:\/\/autofans.com.ar\/wp-content\/uploads\/2025\/09\/iveco-1.jpg\" class=\"attachment-full size-full\" alt=\"IVECO\" aria-describedby=\"gallery-1-14096\" srcset=\"https:\/\/autofans.com.ar\/wp-content\/uploads\/2025\/09\/iveco-1.jpg 1000w, https:\/\/autofans.com.ar\/wp-content\/uploads\/2025\/09\/iveco-1-300x200.jpg 300w, https:\/\/autofans.com.ar\/wp-content\/uploads\/2025\/09\/iveco-1-768x512.jpg 768w\" sizes=\"auto, (max-width: 1000px) 100vw, 1000px\" loading=\"lazy\" decoding=\"async\" \/><\/a>\n\t\t\t<\/div>\n\t\t\t\t<figcaption class='wp-caption-text gallery-caption' id='gallery-1-14096'>\n\t\t\t\teDAILY 72CI4E\n\t\t\t\t<\/figcaption><\/figure><figure class='gallery-item'>\n\t\t\t<div class='gallery-icon landscape'>\n\t\t\t\t<a href='https:\/\/autofans.com.ar\/index.php\/2025\/09\/15\/portfolio-iveco-camiones-a-gas-electricos-y-euro-vi\/iveco-2-30\/'><img loading=\"lazy\" width=\"1000\" height=\"667\" src=\"https:\/\/autofans.com.ar\/wp-content\/uploads\/2025\/09\/iveco-2.jpg\" class=\"attachment-full size-full\" alt=\"IVECO\" aria-describedby=\"gallery-1-14095\" srcset=\"https:\/\/autofans.com.ar\/wp-content\/uploads\/2025\/09\/iveco-2.jpg 1000w, https:\/\/autofans.com.ar\/wp-content\/uploads\/2025\/09\/iveco-2-300x200.jpg 300w, https:\/\/autofans.com.ar\/wp-content\/uploads\/2025\/09\/iveco-2-768x512.jpg 768w\" sizes=\"auto, (max-width: 1000px) 100vw, 1000px\" loading=\"lazy\" decoding=\"async\" \/><\/a>\n\t\t\t<\/div>\n\t\t\t\t<figcaption class='wp-caption-text gallery-caption' id='gallery-1-14095'>\n\t\t\t\teDAILY 72CI4E\n\t\t\t\t<\/figcaption><\/figure>\n\t\t<\/div>\n\n<p>&nbsp;<\/p>\n<p><a href=\"https:\/\/autofans.com.ar\/wp-content\/uploads\/2025\/09\/Ficha-Tecnica-1.pdf\" target=\"_blank\" rel=\"noopener\">Ficha T\u00e9cnica: eDAILY 72CI4E<\/a><\/p>\n<p>&nbsp;<\/p>\n<p class=\"ds-markdown-paragraph\">El gas natural se posiciona como un recurso clave para Argentina, permitiendo descarbonizar el transporte y mejorar la competitividad. Estas tecnolog\u00edas no solo reducen las emisiones y la contaminaci\u00f3n sonora, sino que tambi\u00e9n optimizan los costos operativos de las empresas.<\/p>\n<ul>\n<li>\n<p class=\"ds-markdown-paragraph\">Reducci\u00f3n de emisiones con GNC: 15% menos de CO2.<\/p>\n<\/li>\n<li>\n<p class=\"ds-markdown-paragraph\">Reducci\u00f3n con biometano: Hasta un 95% menos de CO2.<\/p>\n<\/li>\n<li>\n<p class=\"ds-markdown-paragraph\">Reducci\u00f3n de NOx y material particulado: Hasta un 95% menos.<\/p>\n<\/li>\n<li>\n<p class=\"ds-markdown-paragraph\">Tecnolog\u00eda Euro VI: 50% menos de material particulado y 80% menos de NOx.<\/p>\n<\/li>\n<\/ul>\n<p>&nbsp;<\/p>\n<blockquote>\n<p style=\"text-align: center;\">\u201cNuestro enfoque multienerg\u00e9tico nos permite ofrecer soluciones concretas y adaptadas a cada necesidad de transporte, combinando eficiencia, competitividad y sostenibilidad. La disponibilidad del gas natural, potenciada por Vaca Muerta, es una ventaja \u00fanica que podemos transformar en desarrollo industrial, empleo y valor para el pa\u00eds. Ese es el rol que queremos cumplir: ser protagonistas de una transformaci\u00f3n sustentable con impacto real en la econom\u00eda argentina\u201d, destac\u00f3 Ricardo Cardozo, Country Manager Iveco Group Argentina.<\/p>\n<\/blockquote>\n<p>&nbsp;<\/p>\n<h2 class=\"ds-markdown-paragraph\">El portfolio Alternative Power de IVECO<\/h2>\n<p>&nbsp;<\/p>\n<div id='gallery-2' class='gallery galleryid-14088 gallery-columns-2 gallery-size-full'><figure class='gallery-item'>\n\t\t\t<div class='gallery-icon landscape'>\n\t\t\t\t<a href='https:\/\/autofans.com.ar\/index.php\/2025\/09\/15\/portfolio-iveco-camiones-a-gas-electricos-y-euro-vi\/iveco-5-5\/'><img loading=\"lazy\" width=\"1000\" height=\"667\" src=\"https:\/\/autofans.com.ar\/wp-content\/uploads\/2025\/09\/iveco-5.jpg\" class=\"attachment-full size-full\" alt=\"IVECO\" aria-describedby=\"gallery-2-14092\" srcset=\"https:\/\/autofans.com.ar\/wp-content\/uploads\/2025\/09\/iveco-5.jpg 1000w, https:\/\/autofans.com.ar\/wp-content\/uploads\/2025\/09\/iveco-5-300x200.jpg 300w, https:\/\/autofans.com.ar\/wp-content\/uploads\/2025\/09\/iveco-5-768x512.jpg 768w\" sizes=\"auto, (max-width: 1000px) 100vw, 1000px\" loading=\"lazy\" decoding=\"async\" \/><\/a>\n\t\t\t<\/div>\n\t\t\t\t<figcaption class='wp-caption-text gallery-caption' id='gallery-2-14092'>\n\t\t\t\tS-WAY 480 &#8211; SUSPENSI\u00d3N NEUMATICA\n\t\t\t\t<\/figcaption><\/figure><figure class='gallery-item'>\n\t\t\t<div class='gallery-icon landscape'>\n\t\t\t\t<a href='https:\/\/autofans.com.ar\/index.php\/2025\/09\/15\/portfolio-iveco-camiones-a-gas-electricos-y-euro-vi\/iveco-6-2\/'><img loading=\"lazy\" width=\"1000\" height=\"667\" src=\"https:\/\/autofans.com.ar\/wp-content\/uploads\/2025\/09\/iveco-6.jpg\" class=\"attachment-full size-full\" alt=\"IVECO\" aria-describedby=\"gallery-2-14091\" srcset=\"https:\/\/autofans.com.ar\/wp-content\/uploads\/2025\/09\/iveco-6.jpg 1000w, https:\/\/autofans.com.ar\/wp-content\/uploads\/2025\/09\/iveco-6-300x200.jpg 300w, https:\/\/autofans.com.ar\/wp-content\/uploads\/2025\/09\/iveco-6-768x512.jpg 768w\" sizes=\"auto, (max-width: 1000px) 100vw, 1000px\" loading=\"lazy\" decoding=\"async\" \/><\/a>\n\t\t\t<\/div>\n\t\t\t\t<figcaption class='wp-caption-text gallery-caption' id='gallery-2-14091'>\n\t\t\t\tTECTOR GNC 60-210\n\t\t\t\t<\/figcaption><\/figure>\n\t\t<\/div>\n\n<p>&nbsp;<\/p>\n<p><a href=\"https:\/\/autofans.com.ar\/wp-content\/uploads\/2025\/09\/S-WAY_480_6X2-05-2025-neumatico-V1.pdf\" target=\"_blank\" rel=\"noopener\">Ficha T\u00e9cnica:S-WAY 480 &#8211; SUSPENSI\u00d3N NEUMATICA<\/a><\/p>\n<p><a href=\"https:\/\/autofans.com.ar\/wp-content\/uploads\/2025\/09\/06-FT-TECTOR-160-210-GNC-2024.pdf\" target=\"_blank\" rel=\"noopener\">Ficha T\u00e9cnica: TECTOR GNC 60-210<\/a><\/p>\n<p>&nbsp;<\/p>\n<div>\n<p class=\"ds-markdown-paragraph\">La gama de veh\u00edculos con energ\u00edas alternativas de IVECO ya est\u00e1 disponible en el pa\u00eds, cubriendo desde la log\u00edstica urbana hasta el transporte de larga distancia.<\/p>\n<ul>\n<li>\n<p class=\"ds-markdown-paragraph\">eDaily: La primera propuesta 100% el\u00e9ctrica de la marca para trayectos urbanos.<\/p>\n<\/li>\n<li>\n<p class=\"ds-markdown-paragraph\">Daily NG: Motor a gas de 136 CV, ideal para log\u00edstica urbana con baja emisi\u00f3n sonora.<\/p>\n<\/li>\n<li>\n<p class=\"ds-markdown-paragraph\">Tector NG: Producido en C\u00f3rdoba para operaciones interurbanas de hasta 16 toneladas.<\/p>\n<\/li>\n<li>\n<p class=\"ds-markdown-paragraph\">170G21: El primer bus urbano argentino a gas, operando en ciudades como C\u00f3rdoba.<\/p>\n<\/li>\n<li>\n<p class=\"ds-markdown-paragraph\">S-Way NG: Para larga distancia, con 460 CV y una autonom\u00eda de hasta 700 km.<\/p>\n<\/li>\n<\/ul>\n<\/div>\n<p>&nbsp;<\/p>\n<blockquote>\n<p style=\"text-align: center;\">\u201cAnticiparnos a la normativa no solo es una apuesta tecnol\u00f3gica, tambi\u00e9n es una apuesta por la competitividad del transporte argentino. Esta decisi\u00f3n nos permite exportar m\u00e1s, generar sinergia entre nuestras plantas de Argentina y Brasil y garantizar a los clientes locales productos de clase mundial. Adelantarnos significa abrir oportunidades y demostrar que Argentina puede estar un paso adelante en innovaci\u00f3n\u201d, a\u00f1adi\u00f3 Francisco Spasaro, Director Comercial IVECO Argentina.<\/p>\n<\/blockquote>\n<p>&nbsp;<\/p>\n<h2 class=\"ds-markdown-paragraph\">Euro VI &#8211; la tecnolog\u00eda que anticipa el futuro<\/h2>\n<p class=\"ds-markdown-paragraph\">IVECO se adelant\u00f3 a la normativa para ofrecer a los transportistas la mejor tecnolog\u00eda disponible hoy. Euro VI significa m\u00e1ximo rendimiento, menor impacto ambiental y mayor eficiencia en el consumo.<\/p>\n<p>&nbsp;<\/p>\n<p><img fetchpriority=\"high\" decoding=\"async\" class=\"aligncenter wp-image-14097 size-full\" src=\"https:\/\/autofans.com.ar\/wp-content\/uploads\/2025\/09\/iveco-8.jpg\" alt=\"Iveco \" width=\"1000\" height=\"667\" srcset=\"https:\/\/autofans.com.ar\/wp-content\/uploads\/2025\/09\/iveco-8.jpg 1000w, https:\/\/autofans.com.ar\/wp-content\/uploads\/2025\/09\/iveco-8-300x200.jpg 300w, https:\/\/autofans.com.ar\/wp-content\/uploads\/2025\/09\/iveco-8-768x512.jpg 768w\" sizes=\"(max-width: 1000px) 100vw, 1000px\" \/><\/p>\n<p>&nbsp;<\/p>\n<p>&nbsp;<\/p>\n<p class=\"ds-markdown-paragraph\">Con la reciente incorporaci\u00f3n de la Daily 30-160 Euro VI, la marca completa su gama con opciones para todos los segmentos: liviano, mediano y pesado. Este modelo llega con una configuraci\u00f3n de rueda simple novedosa en el mercado, marcando un hito y prometiendo nuevas versiones pronto.<\/p>\n<p>&nbsp;<\/p>\n<blockquote>\n<p style=\"text-align: center;\">\u201cEn la Semana de la Movilidad Sustentable reafirmamos nuestra visi\u00f3n: la transici\u00f3n energ\u00e9tica en el transporte no es futuro, es presente. Y podemos recorrerla sin resignar eficiencia ni rentabilidad. Nuestras opciones Euro VI junto con la gama Alternative Power son la prueba de que existen alternativas concretas, de producci\u00f3n regional y sostenibles para cada tipo de operaci\u00f3n\u201d, expres\u00f3 Spasaro.<\/p>\n<\/blockquote>\n<p>&nbsp;<\/p>\n<h2 class=\"ds-markdown-paragraph\">Compromiso con un ecosistema sustentable<\/h2>\n<p>&nbsp;<\/p>\n<div id='gallery-3' class='gallery galleryid-14088 gallery-columns-2 gallery-size-full'><figure class='gallery-item'>\n\t\t\t<div class='gallery-icon landscape'>\n\t\t\t\t<a href='https:\/\/autofans.com.ar\/index.php\/2025\/09\/15\/portfolio-iveco-camiones-a-gas-electricos-y-euro-vi\/iveco-3-26\/'><img loading=\"lazy\" width=\"1000\" height=\"667\" src=\"https:\/\/autofans.com.ar\/wp-content\/uploads\/2025\/09\/iveco-3.jpg\" class=\"attachment-full size-full\" alt=\"IVECO\" aria-describedby=\"gallery-3-14094\" srcset=\"https:\/\/autofans.com.ar\/wp-content\/uploads\/2025\/09\/iveco-3.jpg 1000w, https:\/\/autofans.com.ar\/wp-content\/uploads\/2025\/09\/iveco-3-300x200.jpg 300w, https:\/\/autofans.com.ar\/wp-content\/uploads\/2025\/09\/iveco-3-768x512.jpg 768w\" sizes=\"auto, (max-width: 1000px) 100vw, 1000px\" loading=\"lazy\" decoding=\"async\" \/><\/a>\n\t\t\t<\/div>\n\t\t\t\t<figcaption class='wp-caption-text gallery-caption' id='gallery-3-14094'>\n\t\t\t\tBUS 170G21 &#8211; GNC\n\t\t\t\t<\/figcaption><\/figure><figure class='gallery-item'>\n\t\t\t<div class='gallery-icon landscape'>\n\t\t\t\t<a href='https:\/\/autofans.com.ar\/index.php\/2025\/09\/15\/portfolio-iveco-camiones-a-gas-electricos-y-euro-vi\/iveco-4-20\/'><img loading=\"lazy\" width=\"1000\" height=\"667\" src=\"https:\/\/autofans.com.ar\/wp-content\/uploads\/2025\/09\/iveco-4.jpg\" class=\"attachment-full size-full\" alt=\"IVECO\" aria-describedby=\"gallery-3-14093\" srcset=\"https:\/\/autofans.com.ar\/wp-content\/uploads\/2025\/09\/iveco-4.jpg 1000w, https:\/\/autofans.com.ar\/wp-content\/uploads\/2025\/09\/iveco-4-300x200.jpg 300w, https:\/\/autofans.com.ar\/wp-content\/uploads\/2025\/09\/iveco-4-768x512.jpg 768w\" sizes=\"auto, (max-width: 1000px) 100vw, 1000px\" loading=\"lazy\" decoding=\"async\" \/><\/a>\n\t\t\t<\/div>\n\t\t\t\t<figcaption class='wp-caption-text gallery-caption' id='gallery-3-14093'>\n\t\t\t\tDAILY 30-160 FURG\u00d3N\n\t\t\t\t<\/figcaption><\/figure>\n\t\t<\/div>\n\n<p>&nbsp;<\/p>\n<p><a href=\"https:\/\/autofans.com.ar\/wp-content\/uploads\/2025\/09\/FICHA-BUS-GNC-170G21.pdf\" target=\"_blank\" rel=\"noopener\">Ficha T\u00e9cnica: BUS 170G21 &#8211; GNC<\/a><\/p>\n<p><a href=\"https:\/\/autofans.com.ar\/wp-content\/uploads\/2025\/09\/DAILY-30-160-FURGON-V1.pdf\" target=\"_blank\" rel=\"noopener\">Ficha T\u00e9cnica: DAILY 30-160 FURG\u00d3N<\/a><\/p>\n<p>&nbsp;<\/p>\n<p class=\"ds-markdown-paragraph\">La visi\u00f3n de IVECO trasciende los productos. Se trata de construir un ecosistema de transporte m\u00e1s competitivo y respetuoso con el entorno, consolidando una filosof\u00eda de innovaci\u00f3n y sostenibilidad a largo plazo para Argentina y la regi\u00f3n.<\/p>\n<p>&nbsp;<\/p>\n<p>&nbsp;<\/p>\n<p>&nbsp;<\/p>\n<p><i>Para enterarte de m\u00e1s novedades, no dejes de leer\u00a0<\/i><a href=\"https:\/\/autofans.thebrandsoup.com\/\"><i>nuestras notas<\/i><\/a><i>, de ver\u00a0<\/i><a href=\"https:\/\/www.youtube.com\/channel\/UCgAC8UGHZYbT6P7PpmVnP7g\"><i>AUTOFANS TV<\/i><\/a><i>\u00a0en nuestro\u00a0canal de Youtube. Adem\u00e1s seguinos en\u00a0<\/i><a href=\"https:\/\/www.instagram.com\/autofanstv\/\"><i>INSTAGRAM<\/i><\/a><i> y <\/i><a href=\"https:\/\/www.facebook.com\/autofansmas\/\"><i>FACEBOOK<\/i><\/a><i> para no perderte nada sobre las novedades del segmento automotor de Argentina y el mundo.<\/i><\/p>\n","protected":false},"excerpt":{"rendered":"<p>En el marco de la Semana de la Movilidad Sustentable, IVECO reafirma su posici\u00f3n como&#8230;<\/p>\n","protected":false},"author":2,"featured_media":14090,"comment_status":"closed","ping_status":"closed","sticky":false,"template":"","format":"standard","meta":{"footnotes":""},"categories":[341,16],"tags":[1007,7371,7367,6698,6822,7372,7368,3591,6368,1460,7370,7369,1496],"class_list":["post-14088","post","type-post","status-publish","format-standard","has-post-thumbnail","hentry","category-hibridos-y-electricos","category-noticias","tag-biometano","tag-bus-urbano-a-gas","tag-camiones-a-gas","tag-camiones-ecologicos","tag-camiones-euro-vi","tag-daily-ng","tag-edaily","tag-iveco-argentina","tag-logistica-sustentable","tag-movilidad-sustentable","tag-s-way-ng","tag-tector-ng","tag-transporte-sostenible"],"yoast_head":"<!-- This site is optimized with the Yoast SEO plugin v27.5 - https:\/\/yoast.com\/product\/yoast-seo-wordpress\/ -->\n<title>Portfolio IVECO, camiones a gas, el\u00e9ctricos y Euro VI -<\/title>\n<meta name=\"description\" content=\"En el marco de la Semana de la Movilidad Sustentable, IVECO reafirma su posici\u00f3n como pionera en el transporte sostenible en Argentina...\" \/>\n<meta name=\"robots\" content=\"index, follow, max-snippet:-1, max-image-preview:large, max-video-preview:-1\" \/>\n<link rel=\"canonical\" href=\"https:\/\/autofans.com.ar\/index.php\/2025\/09\/15\/portfolio-iveco-camiones-a-gas-electricos-y-euro-vi\/\" \/>\n<meta property=\"og:locale\" content=\"es_ES\" \/>\n<meta property=\"og:type\" content=\"article\" \/>\n<meta property=\"og:title\" content=\"Portfolio IVECO, camiones a gas, el\u00e9ctricos y Euro VI -\" \/>\n<meta property=\"og:description\" content=\"En el marco de la Semana de la Movilidad Sustentable, IVECO reafirma su posici\u00f3n como pionera en el transporte sostenible en Argentina...\" \/>\n<meta property=\"og:url\" content=\"https:\/\/autofans.com.ar\/index.php\/2025\/09\/15\/portfolio-iveco-camiones-a-gas-electricos-y-euro-vi\/\" \/>\n<meta property=\"article:published_time\" content=\"2025-09-15T22:53:38+00:00\" \/>\n<meta property=\"og:image\" content=\"https:\/\/autofans.com.ar\/wp-content\/uploads\/2025\/09\/iveco-7.jpg\" \/>\n\t<meta property=\"og:image:width\" content=\"1000\" \/>\n\t<meta property=\"og:image:height\" content=\"667\" \/>\n\t<meta property=\"og:image:type\" content=\"image\/jpeg\" \/>\n<meta name=\"author\" content=\"Alejandro Gabriel Rosito\" \/>\n<meta name=\"twitter:card\" content=\"summary_large_image\" \/>\n<meta name=\"twitter:label1\" content=\"Escrito por\" \/>\n\t<meta name=\"twitter:data1\" content=\"Alejandro Gabriel Rosito\" \/>\n\t<meta name=\"twitter:label2\" content=\"Tiempo de lectura\" \/>\n\t<meta name=\"twitter:data2\" content=\"3 minutos\" \/>\n<script type=\"application\/ld+json\" class=\"yoast-schema-graph\">{\"@context\":\"https:\\\/\\\/schema.org\",\"@graph\":[{\"@type\":\"Article\",\"@id\":\"https:\\\/\\\/autofans.com.ar\\\/index.php\\\/2025\\\/09\\\/15\\\/portfolio-iveco-camiones-a-gas-electricos-y-euro-vi\\\/#article\",\"isPartOf\":{\"@id\":\"https:\\\/\\\/autofans.com.ar\\\/index.php\\\/2025\\\/09\\\/15\\\/portfolio-iveco-camiones-a-gas-electricos-y-euro-vi\\\/\"},\"author\":{\"name\":\"Alejandro Gabriel Rosito\",\"@id\":\"https:\\\/\\\/autofans.com.ar\\\/#\\\/schema\\\/person\\\/4a8dda0b6df83ac3d6723e921274c2aa\"},\"headline\":\"Portfolio IVECO, camiones a gas, el\u00e9ctricos y Euro VI\",\"datePublished\":\"2025-09-15T22:53:38+00:00\",\"mainEntityOfPage\":{\"@id\":\"https:\\\/\\\/autofans.com.ar\\\/index.php\\\/2025\\\/09\\\/15\\\/portfolio-iveco-camiones-a-gas-electricos-y-euro-vi\\\/\"},\"wordCount\":806,\"image\":{\"@id\":\"https:\\\/\\\/autofans.com.ar\\\/index.php\\\/2025\\\/09\\\/15\\\/portfolio-iveco-camiones-a-gas-electricos-y-euro-vi\\\/#primaryimage\"},\"thumbnailUrl\":\"https:\\\/\\\/autofans.com.ar\\\/wp-content\\\/uploads\\\/2025\\\/09\\\/iveco-7.jpg\",\"keywords\":[\"biometano\",\"bus urbano a gas\",\"camiones a gas\",\"camiones ecol\u00f3gicos\",\"camiones Euro VI\",\"Daily NG\",\"eDaily\",\"IVECO Argentina\",\"log\u00edstica sustentable\",\"movilidad sustentable\",\"S-Way NG\",\"Tector NG\",\"Transporte sostenible\"],\"articleSection\":[\"HIBRIDOS, ELECTRICOS y otros\",\"NOTICIAS\"],\"inLanguage\":\"es\"},{\"@type\":\"WebPage\",\"@id\":\"https:\\\/\\\/autofans.com.ar\\\/index.php\\\/2025\\\/09\\\/15\\\/portfolio-iveco-camiones-a-gas-electricos-y-euro-vi\\\/\",\"url\":\"https:\\\/\\\/autofans.com.ar\\\/index.php\\\/2025\\\/09\\\/15\\\/portfolio-iveco-camiones-a-gas-electricos-y-euro-vi\\\/\",\"name\":\"Portfolio IVECO, camiones a gas, el\u00e9ctricos y Euro VI -\",\"isPartOf\":{\"@id\":\"https:\\\/\\\/autofans.com.ar\\\/#website\"},\"primaryImageOfPage\":{\"@id\":\"https:\\\/\\\/autofans.com.ar\\\/index.php\\\/2025\\\/09\\\/15\\\/portfolio-iveco-camiones-a-gas-electricos-y-euro-vi\\\/#primaryimage\"},\"image\":{\"@id\":\"https:\\\/\\\/autofans.com.ar\\\/index.php\\\/2025\\\/09\\\/15\\\/portfolio-iveco-camiones-a-gas-electricos-y-euro-vi\\\/#primaryimage\"},\"thumbnailUrl\":\"https:\\\/\\\/autofans.com.ar\\\/wp-content\\\/uploads\\\/2025\\\/09\\\/iveco-7.jpg\",\"datePublished\":\"2025-09-15T22:53:38+00:00\",\"author\":{\"@id\":\"https:\\\/\\\/autofans.com.ar\\\/#\\\/schema\\\/person\\\/4a8dda0b6df83ac3d6723e921274c2aa\"},\"description\":\"En el marco de la Semana de la Movilidad Sustentable, IVECO reafirma su posici\u00f3n como pionera en el transporte sostenible en Argentina...\",\"breadcrumb\":{\"@id\":\"https:\\\/\\\/autofans.com.ar\\\/index.php\\\/2025\\\/09\\\/15\\\/portfolio-iveco-camiones-a-gas-electricos-y-euro-vi\\\/#breadcrumb\"},\"inLanguage\":\"es\",\"potentialAction\":[{\"@type\":\"ReadAction\",\"target\":[\"https:\\\/\\\/autofans.com.ar\\\/index.php\\\/2025\\\/09\\\/15\\\/portfolio-iveco-camiones-a-gas-electricos-y-euro-vi\\\/\"]}]},{\"@type\":\"ImageObject\",\"inLanguage\":\"es\",\"@id\":\"https:\\\/\\\/autofans.com.ar\\\/index.php\\\/2025\\\/09\\\/15\\\/portfolio-iveco-camiones-a-gas-electricos-y-euro-vi\\\/#primaryimage\",\"url\":\"https:\\\/\\\/autofans.com.ar\\\/wp-content\\\/uploads\\\/2025\\\/09\\\/iveco-7.jpg\",\"contentUrl\":\"https:\\\/\\\/autofans.com.ar\\\/wp-content\\\/uploads\\\/2025\\\/09\\\/iveco-7.jpg\",\"width\":1000,\"height\":667,\"caption\":\"IVECO\"},{\"@type\":\"BreadcrumbList\",\"@id\":\"https:\\\/\\\/autofans.com.ar\\\/index.php\\\/2025\\\/09\\\/15\\\/portfolio-iveco-camiones-a-gas-electricos-y-euro-vi\\\/#breadcrumb\",\"itemListElement\":[{\"@type\":\"ListItem\",\"position\":1,\"name\":\"Inicio\",\"item\":\"https:\\\/\\\/autofans.com.ar\\\/\"},{\"@type\":\"ListItem\",\"position\":2,\"name\":\"Portfolio IVECO, camiones a gas, el\u00e9ctricos y Euro VI\"}]},{\"@type\":\"WebSite\",\"@id\":\"https:\\\/\\\/autofans.com.ar\\\/#website\",\"url\":\"https:\\\/\\\/autofans.com.ar\\\/\",\"name\":\"\",\"description\":\"El multimedio referente de la industria automotriz\",\"potentialAction\":[{\"@type\":\"SearchAction\",\"target\":{\"@type\":\"EntryPoint\",\"urlTemplate\":\"https:\\\/\\\/autofans.com.ar\\\/?s={search_term_string}\"},\"query-input\":{\"@type\":\"PropertyValueSpecification\",\"valueRequired\":true,\"valueName\":\"search_term_string\"}}],\"inLanguage\":\"es\"},{\"@type\":\"Person\",\"@id\":\"https:\\\/\\\/autofans.com.ar\\\/#\\\/schema\\\/person\\\/4a8dda0b6df83ac3d6723e921274c2aa\",\"name\":\"Alejandro Gabriel Rosito\",\"image\":{\"@type\":\"ImageObject\",\"inLanguage\":\"es\",\"@id\":\"https:\\\/\\\/secure.gravatar.com\\\/avatar\\\/16c5dda1489adfc62618084dcbb91cffd879c374b13fe5dd8e44ed6733852c88?s=96&d=mm&r=g\",\"url\":\"https:\\\/\\\/secure.gravatar.com\\\/avatar\\\/16c5dda1489adfc62618084dcbb91cffd879c374b13fe5dd8e44ed6733852c88?s=96&d=mm&r=g\",\"contentUrl\":\"https:\\\/\\\/secure.gravatar.com\\\/avatar\\\/16c5dda1489adfc62618084dcbb91cffd879c374b13fe5dd8e44ed6733852c88?s=96&d=mm&r=g\",\"caption\":\"Alejandro Gabriel Rosito\"},\"url\":\"https:\\\/\\\/autofans.com.ar\\\/index.php\\\/author\\\/gabrielr\\\/\"}]}<\/script>\n<!-- \/ Yoast SEO plugin. -->","yoast_head_json":{"title":"Portfolio IVECO, camiones a gas, el\u00e9ctricos y Euro VI -","description":"En el marco de la Semana de la Movilidad Sustentable, IVECO reafirma su posici\u00f3n como pionera en el transporte sostenible en Argentina...","robots":{"index":"index","follow":"follow","max-snippet":"max-snippet:-1","max-image-preview":"max-image-preview:large","max-video-preview":"max-video-preview:-1"},"canonical":"https:\/\/autofans.com.ar\/index.php\/2025\/09\/15\/portfolio-iveco-camiones-a-gas-electricos-y-euro-vi\/","og_locale":"es_ES","og_type":"article","og_title":"Portfolio IVECO, camiones a gas, el\u00e9ctricos y Euro VI -","og_description":"En el marco de la Semana de la Movilidad Sustentable, IVECO reafirma su posici\u00f3n como pionera en el transporte sostenible en Argentina...","og_url":"https:\/\/autofans.com.ar\/index.php\/2025\/09\/15\/portfolio-iveco-camiones-a-gas-electricos-y-euro-vi\/","article_published_time":"2025-09-15T22:53:38+00:00","og_image":[{"width":1000,"height":667,"url":"https:\/\/autofans.com.ar\/wp-content\/uploads\/2025\/09\/iveco-7.jpg","type":"image\/jpeg"}],"author":"Alejandro Gabriel Rosito","twitter_card":"summary_large_image","twitter_misc":{"Escrito por":"Alejandro Gabriel Rosito","Tiempo de lectura":"3 minutos"},"schema":{"@context":"https:\/\/schema.org","@graph":[{"@type":"Article","@id":"https:\/\/autofans.com.ar\/index.php\/2025\/09\/15\/portfolio-iveco-camiones-a-gas-electricos-y-euro-vi\/#article","isPartOf":{"@id":"https:\/\/autofans.com.ar\/index.php\/2025\/09\/15\/portfolio-iveco-camiones-a-gas-electricos-y-euro-vi\/"},"author":{"name":"Alejandro Gabriel Rosito","@id":"https:\/\/autofans.com.ar\/#\/schema\/person\/4a8dda0b6df83ac3d6723e921274c2aa"},"headline":"Portfolio IVECO, camiones a gas, el\u00e9ctricos y Euro VI","datePublished":"2025-09-15T22:53:38+00:00","mainEntityOfPage":{"@id":"https:\/\/autofans.com.ar\/index.php\/2025\/09\/15\/portfolio-iveco-camiones-a-gas-electricos-y-euro-vi\/"},"wordCount":806,"image":{"@id":"https:\/\/autofans.com.ar\/index.php\/2025\/09\/15\/portfolio-iveco-camiones-a-gas-electricos-y-euro-vi\/#primaryimage"},"thumbnailUrl":"https:\/\/autofans.com.ar\/wp-content\/uploads\/2025\/09\/iveco-7.jpg","keywords":["biometano","bus urbano a gas","camiones a gas","camiones ecol\u00f3gicos","camiones Euro VI","Daily NG","eDaily","IVECO Argentina","log\u00edstica sustentable","movilidad sustentable","S-Way NG","Tector NG","Transporte sostenible"],"articleSection":["HIBRIDOS, ELECTRICOS y otros","NOTICIAS"],"inLanguage":"es"},{"@type":"WebPage","@id":"https:\/\/autofans.com.ar\/index.php\/2025\/09\/15\/portfolio-iveco-camiones-a-gas-electricos-y-euro-vi\/","url":"https:\/\/autofans.com.ar\/index.php\/2025\/09\/15\/portfolio-iveco-camiones-a-gas-electricos-y-euro-vi\/","name":"Portfolio IVECO, camiones a gas, el\u00e9ctricos y Euro VI -","isPartOf":{"@id":"https:\/\/autofans.com.ar\/#website"},"primaryImageOfPage":{"@id":"https:\/\/autofans.com.ar\/index.php\/2025\/09\/15\/portfolio-iveco-camiones-a-gas-electricos-y-euro-vi\/#primaryimage"},"image":{"@id":"https:\/\/autofans.com.ar\/index.php\/2025\/09\/15\/portfolio-iveco-camiones-a-gas-electricos-y-euro-vi\/#primaryimage"},"thumbnailUrl":"https:\/\/autofans.com.ar\/wp-content\/uploads\/2025\/09\/iveco-7.jpg","datePublished":"2025-09-15T22:53:38+00:00","author":{"@id":"https:\/\/autofans.com.ar\/#\/schema\/person\/4a8dda0b6df83ac3d6723e921274c2aa"},"description":"En el marco de la Semana de la Movilidad Sustentable, IVECO reafirma su posici\u00f3n como pionera en el transporte sostenible en Argentina...","breadcrumb":{"@id":"https:\/\/autofans.com.ar\/index.php\/2025\/09\/15\/portfolio-iveco-camiones-a-gas-electricos-y-euro-vi\/#breadcrumb"},"inLanguage":"es","potentialAction":[{"@type":"ReadAction","target":["https:\/\/autofans.com.ar\/index.php\/2025\/09\/15\/portfolio-iveco-camiones-a-gas-electricos-y-euro-vi\/"]}]},{"@type":"ImageObject","inLanguage":"es","@id":"https:\/\/autofans.com.ar\/index.php\/2025\/09\/15\/portfolio-iveco-camiones-a-gas-electricos-y-euro-vi\/#primaryimage","url":"https:\/\/autofans.com.ar\/wp-content\/uploads\/2025\/09\/iveco-7.jpg","contentUrl":"https:\/\/autofans.com.ar\/wp-content\/uploads\/2025\/09\/iveco-7.jpg","width":1000,"height":667,"caption":"IVECO"},{"@type":"BreadcrumbList","@id":"https:\/\/autofans.com.ar\/index.php\/2025\/09\/15\/portfolio-iveco-camiones-a-gas-electricos-y-euro-vi\/#breadcrumb","itemListElement":[{"@type":"ListItem","position":1,"name":"Inicio","item":"https:\/\/autofans.com.ar\/"},{"@type":"ListItem","position":2,"name":"Portfolio IVECO, camiones a gas, el\u00e9ctricos y Euro VI"}]},{"@type":"WebSite","@id":"https:\/\/autofans.com.ar\/#website","url":"https:\/\/autofans.com.ar\/","name":"","description":"El multimedio referente de la industria automotriz","potentialAction":[{"@type":"SearchAction","target":{"@type":"EntryPoint","urlTemplate":"https:\/\/autofans.com.ar\/?s={search_term_string}"},"query-input":{"@type":"PropertyValueSpecification","valueRequired":true,"valueName":"search_term_string"}}],"inLanguage":"es"},{"@type":"Person","@id":"https:\/\/autofans.com.ar\/#\/schema\/person\/4a8dda0b6df83ac3d6723e921274c2aa","name":"Alejandro Gabriel Rosito","image":{"@type":"ImageObject","inLanguage":"es","@id":"https:\/\/secure.gravatar.com\/avatar\/16c5dda1489adfc62618084dcbb91cffd879c374b13fe5dd8e44ed6733852c88?s=96&d=mm&r=g","url":"https:\/\/secure.gravatar.com\/avatar\/16c5dda1489adfc62618084dcbb91cffd879c374b13fe5dd8e44ed6733852c88?s=96&d=mm&r=g","contentUrl":"https:\/\/secure.gravatar.com\/avatar\/16c5dda1489adfc62618084dcbb91cffd879c374b13fe5dd8e44ed6733852c88?s=96&d=mm&r=g","caption":"Alejandro Gabriel Rosito"},"url":"https:\/\/autofans.com.ar\/index.php\/author\/gabrielr\/"}]}},"featured_image_urls":{"full":["https:\/\/autofans.com.ar\/wp-content\/uploads\/2025\/09\/iveco-7.jpg",1000,667,false],"thumbnail":["https:\/\/autofans.com.ar\/wp-content\/uploads\/2025\/09\/iveco-7-150x150.jpg",150,150,true],"medium":["https:\/\/autofans.com.ar\/wp-content\/uploads\/2025\/09\/iveco-7-300x200.jpg",300,200,true],"medium_large":["https:\/\/autofans.com.ar\/wp-content\/uploads\/2025\/09\/iveco-7-768x512.jpg",640,427,true],"large":["https:\/\/autofans.com.ar\/wp-content\/uploads\/2025\/09\/iveco-7.jpg",640,427,false],"1536x1536":["https:\/\/autofans.com.ar\/wp-content\/uploads\/2025\/09\/iveco-7.jpg",1000,667,false],"2048x2048":["https:\/\/autofans.com.ar\/wp-content\/uploads\/2025\/09\/iveco-7.jpg",1000,667,false],"covernews-featured":["https:\/\/autofans.com.ar\/wp-content\/uploads\/2025\/09\/iveco-7.jpg",1000,667,false],"covernews-medium":["https:\/\/autofans.com.ar\/wp-content\/uploads\/2025\/09\/iveco-7-540x340.jpg",540,340,true]},"author_info":{"display_name":"Alejandro Gabriel Rosito","author_link":"https:\/\/autofans.com.ar\/index.php\/author\/gabrielr\/"},"category_info":"<a href=\"https:\/\/autofans.com.ar\/index.php\/category\/noticias\/hibridos-y-electricos\/\" rel=\"category tag\">HIBRIDOS, ELECTRICOS y otros<\/a> <a href=\"https:\/\/autofans.com.ar\/index.php\/category\/noticias\/\" rel=\"category tag\">NOTICIAS<\/a>","tag_info":"NOTICIAS","comment_count":0,"_links":{"self":[{"href":"https:\/\/autofans.com.ar\/index.php\/wp-json\/wp\/v2\/posts\/14088","targetHints":{"allow":["GET"]}}],"collection":[{"href":"https:\/\/autofans.com.ar\/index.php\/wp-json\/wp\/v2\/posts"}],"about":[{"href":"https:\/\/autofans.com.ar\/index.php\/wp-json\/wp\/v2\/types\/post"}],"author":[{"embeddable":true,"href":"https:\/\/autofans.com.ar\/index.php\/wp-json\/wp\/v2\/users\/2"}],"replies":[{"embeddable":true,"href":"https:\/\/autofans.com.ar\/index.php\/wp-json\/wp\/v2\/comments?post=14088"}],"version-history":[{"count":10,"href":"https:\/\/autofans.com.ar\/index.php\/wp-json\/wp\/v2\/posts\/14088\/revisions"}],"predecessor-version":[{"id":14112,"href":"https:\/\/autofans.com.ar\/index.php\/wp-json\/wp\/v2\/posts\/14088\/revisions\/14112"}],"wp:featuredmedia":[{"embeddable":true,"href":"https:\/\/autofans.com.ar\/index.php\/wp-json\/wp\/v2\/media\/14090"}],"wp:attachment":[{"href":"https:\/\/autofans.com.ar\/index.php\/wp-json\/wp\/v2\/media?parent=14088"}],"wp:term":[{"taxonomy":"category","embeddable":true,"href":"https:\/\/autofans.com.ar\/index.php\/wp-json\/wp\/v2\/categories?post=14088"},{"taxonomy":"post_tag","embeddable":true,"href":"https:\/\/autofans.com.ar\/index.php\/wp-json\/wp\/v2\/tags?post=14088"}],"curies":[{"name":"wp","href":"https:\/\/api.w.org\/{rel}","templated":true}]}}