{"id":14113,"date":"2025-09-16T13:33:41","date_gmt":"2025-09-16T16:33:41","guid":{"rendered":"https:\/\/autofans.com.ar\/?p=14113"},"modified":"2025-09-16T13:33:41","modified_gmt":"2025-09-16T16:33:41","slug":"asi-es-el-nuevo-mustang-dark-horse-que-ya-esta-en-argentina","status":"publish","type":"post","link":"https:\/\/autofans.com.ar\/index.php\/2025\/09\/16\/asi-es-el-nuevo-mustang-dark-horse-que-ya-esta-en-argentina\/","title":{"rendered":"As\u00ed es el nuevo Mustang Dark Horse que ya est\u00e1 en Argentina"},"content":{"rendered":"<p class=\"ds-markdown-paragraph\">Ford Argentina celebr\u00f3 los nueve a\u00f1os del Mustang en el pa\u00eds con un evento exclusivo en el Herencia Mustang Custom Garage. El protagonista fue el nuevo Mustang Dark Horse, la variante m\u00e1s cercana a un auto de competici\u00f3n comercializada por la marca a nivel global.<\/p>\n<p class=\"ds-markdown-paragraph\">El escenario, ambientado con modelos cl\u00e1sicos del Mustang Club of Argentina, fue el marco perfecto para la presentaci\u00f3n. Entre humo y luces, se dio a conocer un dise\u00f1o que fusiona el legado hist\u00f3rico del modelo con tecnolog\u00eda de \u00faltima generaci\u00f3n.<\/p>\n<p>&nbsp;<\/p>\n<h2 class=\"ds-markdown-paragraph\">El recorrido del Mustang Dark Horse hasta Argentina<\/h2>\n<p>&nbsp;<\/p>\n<div id='gallery-1' class='gallery galleryid-14113 gallery-columns-2 gallery-size-full'><figure class='gallery-item'>\n\t\t\t<div class='gallery-icon landscape'>\n\t\t\t\t<a href='https:\/\/autofans.com.ar\/index.php\/2025\/09\/16\/asi-es-el-nuevo-mustang-dark-horse-que-ya-esta-en-argentina\/ford-5\/'><img loading=\"lazy\" width=\"1000\" height=\"667\" src=\"https:\/\/autofans.com.ar\/wp-content\/uploads\/2025\/09\/ford-5.jpg\" class=\"attachment-full size-full\" alt=\"Mustang Dark\" srcset=\"https:\/\/autofans.com.ar\/wp-content\/uploads\/2025\/09\/ford-5.jpg 1000w, https:\/\/autofans.com.ar\/wp-content\/uploads\/2025\/09\/ford-5-300x200.jpg 300w, https:\/\/autofans.com.ar\/wp-content\/uploads\/2025\/09\/ford-5-768x512.jpg 768w\" sizes=\"auto, (max-width: 1000px) 100vw, 1000px\" loading=\"lazy\" decoding=\"async\" \/><\/a>\n\t\t\t<\/div><\/figure><figure class='gallery-item'>\n\t\t\t<div class='gallery-icon landscape'>\n\t\t\t\t<a href='https:\/\/autofans.com.ar\/index.php\/2025\/09\/16\/asi-es-el-nuevo-mustang-dark-horse-que-ya-esta-en-argentina\/ford-1\/'><img loading=\"lazy\" width=\"1000\" height=\"667\" src=\"https:\/\/autofans.com.ar\/wp-content\/uploads\/2025\/09\/ford-1.jpg\" class=\"attachment-full size-full\" alt=\"Mustang Dark\" srcset=\"https:\/\/autofans.com.ar\/wp-content\/uploads\/2025\/09\/ford-1.jpg 1000w, https:\/\/autofans.com.ar\/wp-content\/uploads\/2025\/09\/ford-1-300x200.jpg 300w, https:\/\/autofans.com.ar\/wp-content\/uploads\/2025\/09\/ford-1-768x512.jpg 768w\" sizes=\"auto, (max-width: 1000px) 100vw, 1000px\" loading=\"lazy\" decoding=\"async\" \/><\/a>\n\t\t\t<\/div><\/figure>\n\t\t<\/div>\n\n<p>&nbsp;<\/p>\n<p class=\"ds-markdown-paragraph\">La llegada de esta unidad a Sudam\u00e9rica se anticip\u00f3 en julio, durante una fecha del Campeonato Mundial de Resistencia (WEC). Su debut regional fue en Brasil, en el circuito de Velocitt\u00e0, donde la prensa especializada pudo probarlo. Su arribo al mercado local marca el inicio de un nuevo cap\u00edtulo para la s\u00e9ptima generaci\u00f3n del muscle car.<\/p>\n<p>&nbsp;<\/p>\n<h2 class=\"ds-markdown-paragraph\">Una recepci\u00f3n que confirma su estatus<\/h2>\n<p>&nbsp;<\/p>\n<p><img fetchpriority=\"high\" decoding=\"async\" class=\"aligncenter wp-image-14115 size-full\" src=\"https:\/\/autofans.com.ar\/wp-content\/uploads\/2025\/09\/ford-4.jpg\" alt=\"Mustang Dark\" width=\"1000\" height=\"667\" srcset=\"https:\/\/autofans.com.ar\/wp-content\/uploads\/2025\/09\/ford-4.jpg 1000w, https:\/\/autofans.com.ar\/wp-content\/uploads\/2025\/09\/ford-4-300x200.jpg 300w, https:\/\/autofans.com.ar\/wp-content\/uploads\/2025\/09\/ford-4-768x512.jpg 768w\" sizes=\"(max-width: 1000px) 100vw, 1000px\" \/><\/p>\n<p>&nbsp;<\/p>\n<p class=\"ds-markdown-paragraph\">El inter\u00e9s del p\u00fablico argentino se hizo evidente de inmediato. La preventa, iniciada el 14 de agosto, agot\u00f3 el cupo inicial en poco tiempo. Las primeras entregas a sus compradores est\u00e1n previstas para fines de este mes.<\/p>\n<p class=\"ds-markdown-paragraph\">Con m\u00e1s de 10 millones de unidades vendidas a nivel global, el Mustang es la coup\u00e9 deportiva m\u00e1s popular de la \u00faltima d\u00e9cada. En Argentina, lidera su segmento desde 2016, con m\u00e1s de 655 unidades entregadas. El Dark Horse reafirma as\u00ed su leyenda sobre ruedas.<\/p>\n<p>&nbsp;<\/p>\n<hr \/>\n<div style=\"display: flex; justify-content: center; width: 100%;\">\n<div style=\"display: flex; align-items: center; justify-content: space-between; background: #f0f2f5; padding: 3px 92px; border-radius: 0px; box-shadow: 0 4px 10px rgba(0, 0, 0, 0.08); margin: 0px 0; max-width: 700px;\">\n<div style=\"flex: 1;\"><a style=\"font-size: 18px; color: #921414; font-weight: bold; text-decoration: underline;\" href=\"https:\/\/autofans.com.ar\/wp-content\/uploads\/2025\/09\/far-ficha-tecnica-mustang.pdf\" target=\"_blank\" rel=\"noopener\"><br \/>\n\u2192 Ficha T\u00e9cnica Mustang Dark Horse<br \/>\n<\/a><a style=\"font-size: 18px; color: #007bff; font-weight: 1200; text-decoration: underline;\" href=\"https:\/\/autofans.com.ar\/wp-content\/uploads\/2025\/05\/ftmy26argo-681166d8eb8a6.pdf\" target=\"_blank\" rel=\"noopener\"><br \/>\n<\/a><\/div>\n<div style=\"margin-left: 46px;\"><img decoding=\"async\" class=\"alignright\" style=\"height: 20px; width: auto;\" src=\"https:\/\/autofans.com.ar\/wp-content\/uploads\/2023\/02\/Autofans_600x102_150px5.png\" alt=\"Logo Autofans\" width=\"1200\" height=\"137\" \/><\/div>\n<\/div>\n<\/div>\n<hr \/>\n<p>&nbsp;<\/p>\n<p>&nbsp;<\/p>\n<p>&nbsp;<\/p>\n<p><i>Para enterarte de m\u00e1s novedades, no dejes de leer\u00a0<\/i><a href=\"https:\/\/autofans.thebrandsoup.com\/\"><i>nuestras notas<\/i><\/a><i>, de ver\u00a0<\/i><a href=\"https:\/\/www.youtube.com\/channel\/UCgAC8UGHZYbT6P7PpmVnP7g\"><i>AUTOFANS TV<\/i><\/a><i>\u00a0en nuestro\u00a0canal de Youtube. Adem\u00e1s seguinos en\u00a0<\/i><a href=\"https:\/\/www.instagram.com\/autofanstv\/\"><i>INSTAGRAM<\/i><\/a><i> y <\/i><a href=\"https:\/\/www.facebook.com\/autofansmas\/\"><i>FACEBOOK<\/i><\/a><i> para no perderte nada sobre las novedades del segmento automotor de Argentina y el mundo.<\/i><\/p>\n","protected":false},"excerpt":{"rendered":"<p>Ford Argentina celebr\u00f3 los nueve a\u00f1os del Mustang en el pa\u00eds con un evento exclusivo&#8230;<\/p>\n","protected":false},"author":2,"featured_media":14117,"comment_status":"closed","ping_status":"closed","sticky":false,"template":"","format":"standard","meta":{"footnotes":""},"categories":[8,1],"tags":[7375,244,7374,7376,7373,7377,7378,7379],"class_list":["post-14113","post","type-post","status-publish","format-standard","has-post-thumbnail","hentry","category-autos-y-suv","category-lanzamientos","tag-auto-competicion-argentina","tag-ford-argentina","tag-ford-mustang-rendimiento","tag-muscle-car","tag-mustang-dark-horse-argentina","tag-pony-car","tag-preventa-mustang","tag-septima-generacion-mustang"],"yoast_head":"<!-- This site is optimized with the Yoast SEO plugin v27.5 - https:\/\/yoast.com\/product\/yoast-seo-wordpress\/ -->\n<title>As\u00ed es el nuevo Mustang Dark Horse que ya est\u00e1 en Argentina -<\/title>\n<meta name=\"description\" content=\"Ford Argentina celebr\u00f3 los nueve a\u00f1os del Mustang en el pa\u00eds con un evento exclusivo en el Herencia Mustang Custom Garage...\" \/>\n<meta name=\"robots\" content=\"index, follow, max-snippet:-1, max-image-preview:large, max-video-preview:-1\" \/>\n<link rel=\"canonical\" href=\"https:\/\/autofans.com.ar\/index.php\/2025\/09\/16\/asi-es-el-nuevo-mustang-dark-horse-que-ya-esta-en-argentina\/\" \/>\n<meta property=\"og:locale\" content=\"es_ES\" \/>\n<meta property=\"og:type\" content=\"article\" \/>\n<meta property=\"og:title\" content=\"As\u00ed es el nuevo Mustang Dark Horse que ya est\u00e1 en Argentina -\" \/>\n<meta property=\"og:description\" content=\"Ford Argentina celebr\u00f3 los nueve a\u00f1os del Mustang en el pa\u00eds con un evento exclusivo en el Herencia Mustang Custom Garage...\" \/>\n<meta property=\"og:url\" content=\"https:\/\/autofans.com.ar\/index.php\/2025\/09\/16\/asi-es-el-nuevo-mustang-dark-horse-que-ya-esta-en-argentina\/\" \/>\n<meta property=\"article:published_time\" content=\"2025-09-16T16:33:41+00:00\" \/>\n<meta property=\"og:image\" content=\"https:\/\/autofans.com.ar\/wp-content\/uploads\/2025\/09\/ford-2.jpg\" \/>\n\t<meta property=\"og:image:width\" content=\"1000\" \/>\n\t<meta property=\"og:image:height\" content=\"667\" \/>\n\t<meta property=\"og:image:type\" content=\"image\/jpeg\" \/>\n<meta name=\"author\" content=\"Alejandro Gabriel Rosito\" \/>\n<meta name=\"twitter:card\" content=\"summary_large_image\" \/>\n<meta name=\"twitter:label1\" content=\"Escrito por\" \/>\n\t<meta name=\"twitter:data1\" content=\"Alejandro Gabriel Rosito\" \/>\n\t<meta name=\"twitter:label2\" content=\"Tiempo de lectura\" \/>\n\t<meta name=\"twitter:data2\" content=\"2 minutos\" \/>\n<script type=\"application\/ld+json\" class=\"yoast-schema-graph\">{\"@context\":\"https:\\\/\\\/schema.org\",\"@graph\":[{\"@type\":\"Article\",\"@id\":\"https:\\\/\\\/autofans.com.ar\\\/index.php\\\/2025\\\/09\\\/16\\\/asi-es-el-nuevo-mustang-dark-horse-que-ya-esta-en-argentina\\\/#article\",\"isPartOf\":{\"@id\":\"https:\\\/\\\/autofans.com.ar\\\/index.php\\\/2025\\\/09\\\/16\\\/asi-es-el-nuevo-mustang-dark-horse-que-ya-esta-en-argentina\\\/\"},\"author\":{\"name\":\"Alejandro Gabriel Rosito\",\"@id\":\"https:\\\/\\\/autofans.com.ar\\\/#\\\/schema\\\/person\\\/4a8dda0b6df83ac3d6723e921274c2aa\"},\"headline\":\"As\u00ed es el nuevo Mustang Dark Horse que ya est\u00e1 en Argentina\",\"datePublished\":\"2025-09-16T16:33:41+00:00\",\"mainEntityOfPage\":{\"@id\":\"https:\\\/\\\/autofans.com.ar\\\/index.php\\\/2025\\\/09\\\/16\\\/asi-es-el-nuevo-mustang-dark-horse-que-ya-esta-en-argentina\\\/\"},\"wordCount\":331,\"image\":{\"@id\":\"https:\\\/\\\/autofans.com.ar\\\/index.php\\\/2025\\\/09\\\/16\\\/asi-es-el-nuevo-mustang-dark-horse-que-ya-esta-en-argentina\\\/#primaryimage\"},\"thumbnailUrl\":\"https:\\\/\\\/autofans.com.ar\\\/wp-content\\\/uploads\\\/2025\\\/09\\\/ford-2.jpg\",\"keywords\":[\"auto competici\u00f3n Argentina\",\"ford argentina\",\"Ford Mustang rendimiento\",\"muscle car\",\"Mustang Dark Horse Argentina\",\"pony car\",\"preventa Mustang\",\"s\u00e9ptima generaci\u00f3n Mustang\"],\"articleSection\":[\"Autos y SUV\",\"LANZAMIENTOS\"],\"inLanguage\":\"es\"},{\"@type\":\"WebPage\",\"@id\":\"https:\\\/\\\/autofans.com.ar\\\/index.php\\\/2025\\\/09\\\/16\\\/asi-es-el-nuevo-mustang-dark-horse-que-ya-esta-en-argentina\\\/\",\"url\":\"https:\\\/\\\/autofans.com.ar\\\/index.php\\\/2025\\\/09\\\/16\\\/asi-es-el-nuevo-mustang-dark-horse-que-ya-esta-en-argentina\\\/\",\"name\":\"As\u00ed es el nuevo Mustang Dark Horse que ya est\u00e1 en Argentina -\",\"isPartOf\":{\"@id\":\"https:\\\/\\\/autofans.com.ar\\\/#website\"},\"primaryImageOfPage\":{\"@id\":\"https:\\\/\\\/autofans.com.ar\\\/index.php\\\/2025\\\/09\\\/16\\\/asi-es-el-nuevo-mustang-dark-horse-que-ya-esta-en-argentina\\\/#primaryimage\"},\"image\":{\"@id\":\"https:\\\/\\\/autofans.com.ar\\\/index.php\\\/2025\\\/09\\\/16\\\/asi-es-el-nuevo-mustang-dark-horse-que-ya-esta-en-argentina\\\/#primaryimage\"},\"thumbnailUrl\":\"https:\\\/\\\/autofans.com.ar\\\/wp-content\\\/uploads\\\/2025\\\/09\\\/ford-2.jpg\",\"datePublished\":\"2025-09-16T16:33:41+00:00\",\"author\":{\"@id\":\"https:\\\/\\\/autofans.com.ar\\\/#\\\/schema\\\/person\\\/4a8dda0b6df83ac3d6723e921274c2aa\"},\"description\":\"Ford Argentina celebr\u00f3 los nueve a\u00f1os del Mustang en el pa\u00eds con un evento exclusivo en el Herencia Mustang Custom Garage...\",\"breadcrumb\":{\"@id\":\"https:\\\/\\\/autofans.com.ar\\\/index.php\\\/2025\\\/09\\\/16\\\/asi-es-el-nuevo-mustang-dark-horse-que-ya-esta-en-argentina\\\/#breadcrumb\"},\"inLanguage\":\"es\",\"potentialAction\":[{\"@type\":\"ReadAction\",\"target\":[\"https:\\\/\\\/autofans.com.ar\\\/index.php\\\/2025\\\/09\\\/16\\\/asi-es-el-nuevo-mustang-dark-horse-que-ya-esta-en-argentina\\\/\"]}]},{\"@type\":\"ImageObject\",\"inLanguage\":\"es\",\"@id\":\"https:\\\/\\\/autofans.com.ar\\\/index.php\\\/2025\\\/09\\\/16\\\/asi-es-el-nuevo-mustang-dark-horse-que-ya-esta-en-argentina\\\/#primaryimage\",\"url\":\"https:\\\/\\\/autofans.com.ar\\\/wp-content\\\/uploads\\\/2025\\\/09\\\/ford-2.jpg\",\"contentUrl\":\"https:\\\/\\\/autofans.com.ar\\\/wp-content\\\/uploads\\\/2025\\\/09\\\/ford-2.jpg\",\"width\":1000,\"height\":667,\"caption\":\"Mustang Dark\"},{\"@type\":\"BreadcrumbList\",\"@id\":\"https:\\\/\\\/autofans.com.ar\\\/index.php\\\/2025\\\/09\\\/16\\\/asi-es-el-nuevo-mustang-dark-horse-que-ya-esta-en-argentina\\\/#breadcrumb\",\"itemListElement\":[{\"@type\":\"ListItem\",\"position\":1,\"name\":\"Inicio\",\"item\":\"https:\\\/\\\/autofans.com.ar\\\/\"},{\"@type\":\"ListItem\",\"position\":2,\"name\":\"As\u00ed es el nuevo Mustang Dark Horse que ya est\u00e1 en Argentina\"}]},{\"@type\":\"WebSite\",\"@id\":\"https:\\\/\\\/autofans.com.ar\\\/#website\",\"url\":\"https:\\\/\\\/autofans.com.ar\\\/\",\"name\":\"\",\"description\":\"El multimedio referente de la industria automotriz\",\"potentialAction\":[{\"@type\":\"SearchAction\",\"target\":{\"@type\":\"EntryPoint\",\"urlTemplate\":\"https:\\\/\\\/autofans.com.ar\\\/?s={search_term_string}\"},\"query-input\":{\"@type\":\"PropertyValueSpecification\",\"valueRequired\":true,\"valueName\":\"search_term_string\"}}],\"inLanguage\":\"es\"},{\"@type\":\"Person\",\"@id\":\"https:\\\/\\\/autofans.com.ar\\\/#\\\/schema\\\/person\\\/4a8dda0b6df83ac3d6723e921274c2aa\",\"name\":\"Alejandro Gabriel Rosito\",\"image\":{\"@type\":\"ImageObject\",\"inLanguage\":\"es\",\"@id\":\"https:\\\/\\\/secure.gravatar.com\\\/avatar\\\/16c5dda1489adfc62618084dcbb91cffd879c374b13fe5dd8e44ed6733852c88?s=96&d=mm&r=g\",\"url\":\"https:\\\/\\\/secure.gravatar.com\\\/avatar\\\/16c5dda1489adfc62618084dcbb91cffd879c374b13fe5dd8e44ed6733852c88?s=96&d=mm&r=g\",\"contentUrl\":\"https:\\\/\\\/secure.gravatar.com\\\/avatar\\\/16c5dda1489adfc62618084dcbb91cffd879c374b13fe5dd8e44ed6733852c88?s=96&d=mm&r=g\",\"caption\":\"Alejandro Gabriel Rosito\"},\"url\":\"https:\\\/\\\/autofans.com.ar\\\/index.php\\\/author\\\/gabrielr\\\/\"}]}<\/script>\n<!-- \/ Yoast SEO plugin. -->","yoast_head_json":{"title":"As\u00ed es el nuevo Mustang Dark Horse que ya est\u00e1 en Argentina -","description":"Ford Argentina celebr\u00f3 los nueve a\u00f1os del Mustang en el pa\u00eds con un evento exclusivo en el Herencia Mustang Custom Garage...","robots":{"index":"index","follow":"follow","max-snippet":"max-snippet:-1","max-image-preview":"max-image-preview:large","max-video-preview":"max-video-preview:-1"},"canonical":"https:\/\/autofans.com.ar\/index.php\/2025\/09\/16\/asi-es-el-nuevo-mustang-dark-horse-que-ya-esta-en-argentina\/","og_locale":"es_ES","og_type":"article","og_title":"As\u00ed es el nuevo Mustang Dark Horse que ya est\u00e1 en Argentina -","og_description":"Ford Argentina celebr\u00f3 los nueve a\u00f1os del Mustang en el pa\u00eds con un evento exclusivo en el Herencia Mustang Custom Garage...","og_url":"https:\/\/autofans.com.ar\/index.php\/2025\/09\/16\/asi-es-el-nuevo-mustang-dark-horse-que-ya-esta-en-argentina\/","article_published_time":"2025-09-16T16:33:41+00:00","og_image":[{"width":1000,"height":667,"url":"https:\/\/autofans.com.ar\/wp-content\/uploads\/2025\/09\/ford-2.jpg","type":"image\/jpeg"}],"author":"Alejandro Gabriel Rosito","twitter_card":"summary_large_image","twitter_misc":{"Escrito por":"Alejandro Gabriel Rosito","Tiempo de lectura":"2 minutos"},"schema":{"@context":"https:\/\/schema.org","@graph":[{"@type":"Article","@id":"https:\/\/autofans.com.ar\/index.php\/2025\/09\/16\/asi-es-el-nuevo-mustang-dark-horse-que-ya-esta-en-argentina\/#article","isPartOf":{"@id":"https:\/\/autofans.com.ar\/index.php\/2025\/09\/16\/asi-es-el-nuevo-mustang-dark-horse-que-ya-esta-en-argentina\/"},"author":{"name":"Alejandro Gabriel Rosito","@id":"https:\/\/autofans.com.ar\/#\/schema\/person\/4a8dda0b6df83ac3d6723e921274c2aa"},"headline":"As\u00ed es el nuevo Mustang Dark Horse que ya est\u00e1 en Argentina","datePublished":"2025-09-16T16:33:41+00:00","mainEntityOfPage":{"@id":"https:\/\/autofans.com.ar\/index.php\/2025\/09\/16\/asi-es-el-nuevo-mustang-dark-horse-que-ya-esta-en-argentina\/"},"wordCount":331,"image":{"@id":"https:\/\/autofans.com.ar\/index.php\/2025\/09\/16\/asi-es-el-nuevo-mustang-dark-horse-que-ya-esta-en-argentina\/#primaryimage"},"thumbnailUrl":"https:\/\/autofans.com.ar\/wp-content\/uploads\/2025\/09\/ford-2.jpg","keywords":["auto competici\u00f3n Argentina","ford argentina","Ford Mustang rendimiento","muscle car","Mustang Dark Horse Argentina","pony car","preventa Mustang","s\u00e9ptima generaci\u00f3n Mustang"],"articleSection":["Autos y SUV","LANZAMIENTOS"],"inLanguage":"es"},{"@type":"WebPage","@id":"https:\/\/autofans.com.ar\/index.php\/2025\/09\/16\/asi-es-el-nuevo-mustang-dark-horse-que-ya-esta-en-argentina\/","url":"https:\/\/autofans.com.ar\/index.php\/2025\/09\/16\/asi-es-el-nuevo-mustang-dark-horse-que-ya-esta-en-argentina\/","name":"As\u00ed es el nuevo Mustang Dark Horse que ya est\u00e1 en Argentina -","isPartOf":{"@id":"https:\/\/autofans.com.ar\/#website"},"primaryImageOfPage":{"@id":"https:\/\/autofans.com.ar\/index.php\/2025\/09\/16\/asi-es-el-nuevo-mustang-dark-horse-que-ya-esta-en-argentina\/#primaryimage"},"image":{"@id":"https:\/\/autofans.com.ar\/index.php\/2025\/09\/16\/asi-es-el-nuevo-mustang-dark-horse-que-ya-esta-en-argentina\/#primaryimage"},"thumbnailUrl":"https:\/\/autofans.com.ar\/wp-content\/uploads\/2025\/09\/ford-2.jpg","datePublished":"2025-09-16T16:33:41+00:00","author":{"@id":"https:\/\/autofans.com.ar\/#\/schema\/person\/4a8dda0b6df83ac3d6723e921274c2aa"},"description":"Ford Argentina celebr\u00f3 los nueve a\u00f1os del Mustang en el pa\u00eds con un evento exclusivo en el Herencia Mustang Custom Garage...","breadcrumb":{"@id":"https:\/\/autofans.com.ar\/index.php\/2025\/09\/16\/asi-es-el-nuevo-mustang-dark-horse-que-ya-esta-en-argentina\/#breadcrumb"},"inLanguage":"es","potentialAction":[{"@type":"ReadAction","target":["https:\/\/autofans.com.ar\/index.php\/2025\/09\/16\/asi-es-el-nuevo-mustang-dark-horse-que-ya-esta-en-argentina\/"]}]},{"@type":"ImageObject","inLanguage":"es","@id":"https:\/\/autofans.com.ar\/index.php\/2025\/09\/16\/asi-es-el-nuevo-mustang-dark-horse-que-ya-esta-en-argentina\/#primaryimage","url":"https:\/\/autofans.com.ar\/wp-content\/uploads\/2025\/09\/ford-2.jpg","contentUrl":"https:\/\/autofans.com.ar\/wp-content\/uploads\/2025\/09\/ford-2.jpg","width":1000,"height":667,"caption":"Mustang Dark"},{"@type":"BreadcrumbList","@id":"https:\/\/autofans.com.ar\/index.php\/2025\/09\/16\/asi-es-el-nuevo-mustang-dark-horse-que-ya-esta-en-argentina\/#breadcrumb","itemListElement":[{"@type":"ListItem","position":1,"name":"Inicio","item":"https:\/\/autofans.com.ar\/"},{"@type":"ListItem","position":2,"name":"As\u00ed es el nuevo Mustang Dark Horse que ya est\u00e1 en Argentina"}]},{"@type":"WebSite","@id":"https:\/\/autofans.com.ar\/#website","url":"https:\/\/autofans.com.ar\/","name":"","description":"El multimedio referente de la industria automotriz","potentialAction":[{"@type":"SearchAction","target":{"@type":"EntryPoint","urlTemplate":"https:\/\/autofans.com.ar\/?s={search_term_string}"},"query-input":{"@type":"PropertyValueSpecification","valueRequired":true,"valueName":"search_term_string"}}],"inLanguage":"es"},{"@type":"Person","@id":"https:\/\/autofans.com.ar\/#\/schema\/person\/4a8dda0b6df83ac3d6723e921274c2aa","name":"Alejandro Gabriel Rosito","image":{"@type":"ImageObject","inLanguage":"es","@id":"https:\/\/secure.gravatar.com\/avatar\/16c5dda1489adfc62618084dcbb91cffd879c374b13fe5dd8e44ed6733852c88?s=96&d=mm&r=g","url":"https:\/\/secure.gravatar.com\/avatar\/16c5dda1489adfc62618084dcbb91cffd879c374b13fe5dd8e44ed6733852c88?s=96&d=mm&r=g","contentUrl":"https:\/\/secure.gravatar.com\/avatar\/16c5dda1489adfc62618084dcbb91cffd879c374b13fe5dd8e44ed6733852c88?s=96&d=mm&r=g","caption":"Alejandro Gabriel Rosito"},"url":"https:\/\/autofans.com.ar\/index.php\/author\/gabrielr\/"}]}},"featured_image_urls":{"full":["https:\/\/autofans.com.ar\/wp-content\/uploads\/2025\/09\/ford-2.jpg",1000,667,false],"thumbnail":["https:\/\/autofans.com.ar\/wp-content\/uploads\/2025\/09\/ford-2-150x150.jpg",150,150,true],"medium":["https:\/\/autofans.com.ar\/wp-content\/uploads\/2025\/09\/ford-2-300x200.jpg",300,200,true],"medium_large":["https:\/\/autofans.com.ar\/wp-content\/uploads\/2025\/09\/ford-2-768x512.jpg",640,427,true],"large":["https:\/\/autofans.com.ar\/wp-content\/uploads\/2025\/09\/ford-2.jpg",640,427,false],"1536x1536":["https:\/\/autofans.com.ar\/wp-content\/uploads\/2025\/09\/ford-2.jpg",1000,667,false],"2048x2048":["https:\/\/autofans.com.ar\/wp-content\/uploads\/2025\/09\/ford-2.jpg",1000,667,false],"covernews-featured":["https:\/\/autofans.com.ar\/wp-content\/uploads\/2025\/09\/ford-2.jpg",1000,667,false],"covernews-medium":["https:\/\/autofans.com.ar\/wp-content\/uploads\/2025\/09\/ford-2-540x340.jpg",540,340,true]},"author_info":{"display_name":"Alejandro Gabriel Rosito","author_link":"https:\/\/autofans.com.ar\/index.php\/author\/gabrielr\/"},"category_info":"<a href=\"https:\/\/autofans.com.ar\/index.php\/category\/lanzamientos\/autos-y-suv\/\" rel=\"category tag\">Autos y SUV<\/a> <a href=\"https:\/\/autofans.com.ar\/index.php\/category\/lanzamientos\/\" rel=\"category tag\">LANZAMIENTOS<\/a>","tag_info":"LANZAMIENTOS","comment_count":0,"_links":{"self":[{"href":"https:\/\/autofans.com.ar\/index.php\/wp-json\/wp\/v2\/posts\/14113","targetHints":{"allow":["GET"]}}],"collection":[{"href":"https:\/\/autofans.com.ar\/index.php\/wp-json\/wp\/v2\/posts"}],"about":[{"href":"https:\/\/autofans.com.ar\/index.php\/wp-json\/wp\/v2\/types\/post"}],"author":[{"embeddable":true,"href":"https:\/\/autofans.com.ar\/index.php\/wp-json\/wp\/v2\/users\/2"}],"replies":[{"embeddable":true,"href":"https:\/\/autofans.com.ar\/index.php\/wp-json\/wp\/v2\/comments?post=14113"}],"version-history":[{"count":4,"href":"https:\/\/autofans.com.ar\/index.php\/wp-json\/wp\/v2\/posts\/14113\/revisions"}],"predecessor-version":[{"id":14123,"href":"https:\/\/autofans.com.ar\/index.php\/wp-json\/wp\/v2\/posts\/14113\/revisions\/14123"}],"wp:featuredmedia":[{"embeddable":true,"href":"https:\/\/autofans.com.ar\/index.php\/wp-json\/wp\/v2\/media\/14117"}],"wp:attachment":[{"href":"https:\/\/autofans.com.ar\/index.php\/wp-json\/wp\/v2\/media?parent=14113"}],"wp:term":[{"taxonomy":"category","embeddable":true,"href":"https:\/\/autofans.com.ar\/index.php\/wp-json\/wp\/v2\/categories?post=14113"},{"taxonomy":"post_tag","embeddable":true,"href":"https:\/\/autofans.com.ar\/index.php\/wp-json\/wp\/v2\/tags?post=14113"}],"curies":[{"name":"wp","href":"https:\/\/api.w.org\/{rel}","templated":true}]}}