{"id":14124,"date":"2025-09-17T14:55:15","date_gmt":"2025-09-17T17:55:15","guid":{"rendered":"https:\/\/autofans.com.ar\/?p=14124"},"modified":"2025-09-17T14:55:15","modified_gmt":"2025-09-17T17:55:15","slug":"service-oficial-mercedes-benz-con-precio-fijo","status":"publish","type":"post","link":"https:\/\/autofans.com.ar\/index.php\/2025\/09\/17\/service-oficial-mercedes-benz-con-precio-fijo\/","title":{"rendered":"Service oficial Mercedes-Benz con precio fijo"},"content":{"rendered":"<p class=\"ds-markdown-paragraph\">Prestige Auto, representante exclusivo de Mercedes-Benz en Argentina, anuncia un cambio estrat\u00e9gico en su posventa. A solo tres meses de su lanzamiento, unifica los precios de mano de obra y piezas para los servicios de sus vans en toda su red de concesionarios y talleres autorizados.<\/p>\n<p class=\"ds-markdown-paragraph\">La medida busca ofrecer mayor transparencia y previsibilidad a los clientes, asegurando una experiencia de servicio consistente en cualquier punto del pa\u00eds. Como parte de la iniciativa, se aplican rebajas promedio del 30% en una amplia gama de repuestos utilizados en los planes de mantenimiento.<\/p>\n<p>&nbsp;<\/p>\n<blockquote>\n<p style=\"text-align: center;\">\u201cEste reposicionamiento nos permite elevar el est\u00e1ndar de servicio, asegurando que nuestros clientes accedan a precios claros y homog\u00e9neos en todo el pa\u00eds, siempre con la calidad que distingue a Mercedes-Benz\u201d, destac\u00f3 <b>Mart\u00edn Idiarte<\/b>, director comercial de Prestige Auto.<span class=\"Apple-converted-space\">\u00a0<\/span><\/p>\n<\/blockquote>\n<p>&nbsp;<\/p>\n<h2 class=\"ds-markdown-paragraph\">\u00bfQu\u00e9 modelos incluye el nuevo esquema de precios?<\/h2>\n<p>&nbsp;<\/p>\n<figure id=\"attachment_14128\" aria-describedby=\"caption-attachment-14128\" style=\"width: 1000px\" class=\"wp-caption aligncenter\"><img fetchpriority=\"high\" decoding=\"async\" class=\"wp-image-14128 size-full\" src=\"https:\/\/autofans.com.ar\/wp-content\/uploads\/2025\/09\/splinter.jpg\" alt=\"\" width=\"1000\" height=\"667\" srcset=\"https:\/\/autofans.com.ar\/wp-content\/uploads\/2025\/09\/splinter.jpg 1000w, https:\/\/autofans.com.ar\/wp-content\/uploads\/2025\/09\/splinter-300x200.jpg 300w, https:\/\/autofans.com.ar\/wp-content\/uploads\/2025\/09\/splinter-768x512.jpg 768w\" sizes=\"(max-width: 1000px) 100vw, 1000px\" \/><figcaption id=\"caption-attachment-14128\" class=\"wp-caption-text\">Mercedes-Benz Sprinter<\/figcaption><\/figure>\n<p>&nbsp;<\/p>\n<p class=\"ds-markdown-paragraph\">La actualizaci\u00f3n aplica para los servicios de tres veh\u00edculos clave:<\/p>\n<ul>\n<li>\n<p class=\"ds-markdown-paragraph\">Sprinter con motor OM651.<\/p>\n<\/li>\n<li>\n<p class=\"ds-markdown-paragraph\">Sprinter con motor OM654.<\/p>\n<\/li>\n<li>\n<p class=\"ds-markdown-paragraph\">Nueva Vito con motor OM654.<\/p>\n<\/li>\n<\/ul>\n<p>&nbsp;<\/p>\n<blockquote>\n<p style=\"text-align: center;\">agreg\u00f3: \u201cEste paso refuerza nuestra visi\u00f3n de ofrecer una experiencia de posventa de excelencia, alineada con la estrategia comercial de la compa\u00f1\u00eda y con los m\u00e1s <b>altos est\u00e1ndares de la marca Mercedes-Benz<\/b> a nivel mundial\u201d.<\/p>\n<\/blockquote>\n<p>&nbsp;<\/p>\n<h2 class=\"ds-markdown-paragraph\">Cu\u00e1nto cuesta el service de una Mercedes-Benz Van<\/h2>\n<p>&nbsp;<\/p>\n<figure id=\"attachment_14129\" aria-describedby=\"caption-attachment-14129\" style=\"width: 1000px\" class=\"wp-caption aligncenter\"><img decoding=\"async\" class=\"wp-image-14129 size-full\" src=\"https:\/\/autofans.com.ar\/wp-content\/uploads\/2025\/09\/vito.jpg\" alt=\"\" width=\"1000\" height=\"667\" srcset=\"https:\/\/autofans.com.ar\/wp-content\/uploads\/2025\/09\/vito.jpg 1000w, https:\/\/autofans.com.ar\/wp-content\/uploads\/2025\/09\/vito-300x200.jpg 300w, https:\/\/autofans.com.ar\/wp-content\/uploads\/2025\/09\/vito-768x512.jpg 768w\" sizes=\"(max-width: 1000px) 100vw, 1000px\" \/><figcaption id=\"caption-attachment-14129\" class=\"wp-caption-text\">Mercedes-Benz Vito<\/figcaption><\/figure>\n<p>&nbsp;<\/p>\n<p class=\"ds-markdown-paragraph\">A modo de ejemplo, el primer service de la Sprinter (a los 20.000 km) tiene un valor desde $469.000. El servicio inicial de la Vito (a los 25.000 km) cuesta $390.000. Todos los precios incluyen IVA.<\/p>\n<p class=\"ds-markdown-paragraph\">Con esta pol\u00edtica, los veh\u00edculos alcanzan el menor costo de servicio por kil\u00f3metro del segmento. La estrategia de Prestige Auto facilita el acceso al mantenimiento oficial, respaldado por la calidad t\u00e9cnica y de seguridad de Mercedes-Benz.<\/p>\n<p class=\"ds-markdown-paragraph\">Los valores anunciados estar\u00e1n vigentes hasta el 30 de septiembre de 2025.<\/p>\n<p>&nbsp;<\/p>\n<p>&nbsp;<\/p>\n<p>&nbsp;<\/p>\n<p><i>Para enterarte de m\u00e1s novedades, no dejes de leer\u00a0<\/i><a href=\"https:\/\/autofans.thebrandsoup.com\/\"><i>nuestras notas<\/i><\/a><i>, de ver\u00a0<\/i><a href=\"https:\/\/www.youtube.com\/channel\/UCgAC8UGHZYbT6P7PpmVnP7g\"><i>AUTOFANS TV<\/i><\/a><i>\u00a0en nuestro\u00a0canal de Youtube. Adem\u00e1s seguinos en\u00a0<\/i><a href=\"https:\/\/www.instagram.com\/autofanstv\/\"><i>INSTAGRAM<\/i><\/a><i> y <\/i><a href=\"https:\/\/www.facebook.com\/autofansmas\/\"><i>FACEBOOK<\/i><\/a><i> para no perderte nada sobre las novedades del segmento automotor de Argentina y el mundo.<\/i><\/p>\n","protected":false},"excerpt":{"rendered":"<p>Prestige Auto, representante exclusivo de Mercedes-Benz en Argentina, anuncia un cambio estrat\u00e9gico en su posventa&#8230;.<\/p>\n","protected":false},"author":2,"featured_media":14130,"comment_status":"closed","ping_status":"closed","sticky":false,"template":"","format":"standard","meta":{"footnotes":""},"categories":[16,10],"tags":[38,7384,7380,7382,7383,6132,7386,7381,7385],"class_list":["post-14124","post","type-post","status-publish","format-standard","has-post-thumbnail","hentry","category-noticias","category-utilitarios-y-pesados-lanzamientos","tag-argentina","tag-mantenimiento-vans","tag-mercedes-benz-vans","tag-precio-service-sprinter","tag-precio-service-vito","tag-prestige-auto","tag-repuestos-mercedes-benz","tag-service-oficial-mercedes","tag-servicio-oficial-vehiculos-comerciales"],"yoast_head":"<!-- This site is optimized with the Yoast SEO plugin v27.5 - https:\/\/yoast.com\/product\/yoast-seo-wordpress\/ -->\n<title>Service oficial Mercedes-Benz con precio fijo -<\/title>\n<meta name=\"description\" content=\"Prestige Auto, representante de Mercedes-Benz en Argentina, anuncia un cambio estrat\u00e9gico en su posventa. A solo tres meses de su lanzamiento\" \/>\n<meta name=\"robots\" content=\"index, follow, max-snippet:-1, max-image-preview:large, max-video-preview:-1\" \/>\n<link rel=\"canonical\" href=\"https:\/\/autofans.com.ar\/index.php\/2025\/09\/17\/service-oficial-mercedes-benz-con-precio-fijo\/\" \/>\n<meta property=\"og:locale\" content=\"es_ES\" \/>\n<meta property=\"og:type\" content=\"article\" \/>\n<meta property=\"og:title\" content=\"Service oficial Mercedes-Benz con precio fijo -\" \/>\n<meta property=\"og:description\" content=\"Prestige Auto, representante de Mercedes-Benz en Argentina, anuncia un cambio estrat\u00e9gico en su posventa. A solo tres meses de su lanzamiento\" \/>\n<meta property=\"og:url\" content=\"https:\/\/autofans.com.ar\/index.php\/2025\/09\/17\/service-oficial-mercedes-benz-con-precio-fijo\/\" \/>\n<meta property=\"article:published_time\" content=\"2025-09-17T17:55:15+00:00\" \/>\n<meta property=\"og:image\" content=\"https:\/\/autofans.com.ar\/wp-content\/uploads\/2025\/09\/sprinter-1.jpg\" \/>\n\t<meta property=\"og:image:width\" content=\"1000\" \/>\n\t<meta property=\"og:image:height\" content=\"667\" \/>\n\t<meta property=\"og:image:type\" content=\"image\/jpeg\" \/>\n<meta name=\"author\" content=\"Alejandro Gabriel Rosito\" \/>\n<meta name=\"twitter:card\" content=\"summary_large_image\" \/>\n<meta name=\"twitter:label1\" content=\"Escrito por\" \/>\n\t<meta name=\"twitter:data1\" content=\"Alejandro Gabriel Rosito\" \/>\n\t<meta name=\"twitter:label2\" content=\"Tiempo de lectura\" \/>\n\t<meta name=\"twitter:data2\" content=\"2 minutos\" \/>\n<script type=\"application\/ld+json\" class=\"yoast-schema-graph\">{\"@context\":\"https:\\\/\\\/schema.org\",\"@graph\":[{\"@type\":\"Article\",\"@id\":\"https:\\\/\\\/autofans.com.ar\\\/index.php\\\/2025\\\/09\\\/17\\\/service-oficial-mercedes-benz-con-precio-fijo\\\/#article\",\"isPartOf\":{\"@id\":\"https:\\\/\\\/autofans.com.ar\\\/index.php\\\/2025\\\/09\\\/17\\\/service-oficial-mercedes-benz-con-precio-fijo\\\/\"},\"author\":{\"name\":\"Alejandro Gabriel Rosito\",\"@id\":\"https:\\\/\\\/autofans.com.ar\\\/#\\\/schema\\\/person\\\/4a8dda0b6df83ac3d6723e921274c2aa\"},\"headline\":\"Service oficial Mercedes-Benz con precio fijo\",\"datePublished\":\"2025-09-17T17:55:15+00:00\",\"mainEntityOfPage\":{\"@id\":\"https:\\\/\\\/autofans.com.ar\\\/index.php\\\/2025\\\/09\\\/17\\\/service-oficial-mercedes-benz-con-precio-fijo\\\/\"},\"wordCount\":377,\"image\":{\"@id\":\"https:\\\/\\\/autofans.com.ar\\\/index.php\\\/2025\\\/09\\\/17\\\/service-oficial-mercedes-benz-con-precio-fijo\\\/#primaryimage\"},\"thumbnailUrl\":\"https:\\\/\\\/autofans.com.ar\\\/wp-content\\\/uploads\\\/2025\\\/09\\\/sprinter-1.jpg\",\"keywords\":[\"Argentina\",\"mantenimiento vans\",\"Mercedes-Benz Vans\",\"precio service Sprinter\",\"precio service Vito\",\"Prestige Auto\",\"repuestos Mercedes-Benz\",\"service oficial Mercedes\",\"servicio oficial vehiculos comerciales\"],\"articleSection\":[\"NOTICIAS\",\"Pick Ups, Utilitarios y Pesados\"],\"inLanguage\":\"es\"},{\"@type\":\"WebPage\",\"@id\":\"https:\\\/\\\/autofans.com.ar\\\/index.php\\\/2025\\\/09\\\/17\\\/service-oficial-mercedes-benz-con-precio-fijo\\\/\",\"url\":\"https:\\\/\\\/autofans.com.ar\\\/index.php\\\/2025\\\/09\\\/17\\\/service-oficial-mercedes-benz-con-precio-fijo\\\/\",\"name\":\"Service oficial Mercedes-Benz con precio fijo -\",\"isPartOf\":{\"@id\":\"https:\\\/\\\/autofans.com.ar\\\/#website\"},\"primaryImageOfPage\":{\"@id\":\"https:\\\/\\\/autofans.com.ar\\\/index.php\\\/2025\\\/09\\\/17\\\/service-oficial-mercedes-benz-con-precio-fijo\\\/#primaryimage\"},\"image\":{\"@id\":\"https:\\\/\\\/autofans.com.ar\\\/index.php\\\/2025\\\/09\\\/17\\\/service-oficial-mercedes-benz-con-precio-fijo\\\/#primaryimage\"},\"thumbnailUrl\":\"https:\\\/\\\/autofans.com.ar\\\/wp-content\\\/uploads\\\/2025\\\/09\\\/sprinter-1.jpg\",\"datePublished\":\"2025-09-17T17:55:15+00:00\",\"author\":{\"@id\":\"https:\\\/\\\/autofans.com.ar\\\/#\\\/schema\\\/person\\\/4a8dda0b6df83ac3d6723e921274c2aa\"},\"description\":\"Prestige Auto, representante de Mercedes-Benz en Argentina, anuncia un cambio estrat\u00e9gico en su posventa. A solo tres meses de su lanzamiento\",\"breadcrumb\":{\"@id\":\"https:\\\/\\\/autofans.com.ar\\\/index.php\\\/2025\\\/09\\\/17\\\/service-oficial-mercedes-benz-con-precio-fijo\\\/#breadcrumb\"},\"inLanguage\":\"es\",\"potentialAction\":[{\"@type\":\"ReadAction\",\"target\":[\"https:\\\/\\\/autofans.com.ar\\\/index.php\\\/2025\\\/09\\\/17\\\/service-oficial-mercedes-benz-con-precio-fijo\\\/\"]}]},{\"@type\":\"ImageObject\",\"inLanguage\":\"es\",\"@id\":\"https:\\\/\\\/autofans.com.ar\\\/index.php\\\/2025\\\/09\\\/17\\\/service-oficial-mercedes-benz-con-precio-fijo\\\/#primaryimage\",\"url\":\"https:\\\/\\\/autofans.com.ar\\\/wp-content\\\/uploads\\\/2025\\\/09\\\/sprinter-1.jpg\",\"contentUrl\":\"https:\\\/\\\/autofans.com.ar\\\/wp-content\\\/uploads\\\/2025\\\/09\\\/sprinter-1.jpg\",\"width\":1000,\"height\":667},{\"@type\":\"BreadcrumbList\",\"@id\":\"https:\\\/\\\/autofans.com.ar\\\/index.php\\\/2025\\\/09\\\/17\\\/service-oficial-mercedes-benz-con-precio-fijo\\\/#breadcrumb\",\"itemListElement\":[{\"@type\":\"ListItem\",\"position\":1,\"name\":\"Inicio\",\"item\":\"https:\\\/\\\/autofans.com.ar\\\/\"},{\"@type\":\"ListItem\",\"position\":2,\"name\":\"Service oficial Mercedes-Benz con precio fijo\"}]},{\"@type\":\"WebSite\",\"@id\":\"https:\\\/\\\/autofans.com.ar\\\/#website\",\"url\":\"https:\\\/\\\/autofans.com.ar\\\/\",\"name\":\"\",\"description\":\"El multimedio referente de la industria automotriz\",\"potentialAction\":[{\"@type\":\"SearchAction\",\"target\":{\"@type\":\"EntryPoint\",\"urlTemplate\":\"https:\\\/\\\/autofans.com.ar\\\/?s={search_term_string}\"},\"query-input\":{\"@type\":\"PropertyValueSpecification\",\"valueRequired\":true,\"valueName\":\"search_term_string\"}}],\"inLanguage\":\"es\"},{\"@type\":\"Person\",\"@id\":\"https:\\\/\\\/autofans.com.ar\\\/#\\\/schema\\\/person\\\/4a8dda0b6df83ac3d6723e921274c2aa\",\"name\":\"Alejandro Gabriel Rosito\",\"image\":{\"@type\":\"ImageObject\",\"inLanguage\":\"es\",\"@id\":\"https:\\\/\\\/secure.gravatar.com\\\/avatar\\\/16c5dda1489adfc62618084dcbb91cffd879c374b13fe5dd8e44ed6733852c88?s=96&d=mm&r=g\",\"url\":\"https:\\\/\\\/secure.gravatar.com\\\/avatar\\\/16c5dda1489adfc62618084dcbb91cffd879c374b13fe5dd8e44ed6733852c88?s=96&d=mm&r=g\",\"contentUrl\":\"https:\\\/\\\/secure.gravatar.com\\\/avatar\\\/16c5dda1489adfc62618084dcbb91cffd879c374b13fe5dd8e44ed6733852c88?s=96&d=mm&r=g\",\"caption\":\"Alejandro Gabriel Rosito\"},\"url\":\"https:\\\/\\\/autofans.com.ar\\\/index.php\\\/author\\\/gabrielr\\\/\"}]}<\/script>\n<!-- \/ Yoast SEO plugin. -->","yoast_head_json":{"title":"Service oficial Mercedes-Benz con precio fijo -","description":"Prestige Auto, representante de Mercedes-Benz en Argentina, anuncia un cambio estrat\u00e9gico en su posventa. A solo tres meses de su lanzamiento","robots":{"index":"index","follow":"follow","max-snippet":"max-snippet:-1","max-image-preview":"max-image-preview:large","max-video-preview":"max-video-preview:-1"},"canonical":"https:\/\/autofans.com.ar\/index.php\/2025\/09\/17\/service-oficial-mercedes-benz-con-precio-fijo\/","og_locale":"es_ES","og_type":"article","og_title":"Service oficial Mercedes-Benz con precio fijo -","og_description":"Prestige Auto, representante de Mercedes-Benz en Argentina, anuncia un cambio estrat\u00e9gico en su posventa. A solo tres meses de su lanzamiento","og_url":"https:\/\/autofans.com.ar\/index.php\/2025\/09\/17\/service-oficial-mercedes-benz-con-precio-fijo\/","article_published_time":"2025-09-17T17:55:15+00:00","og_image":[{"width":1000,"height":667,"url":"https:\/\/autofans.com.ar\/wp-content\/uploads\/2025\/09\/sprinter-1.jpg","type":"image\/jpeg"}],"author":"Alejandro Gabriel Rosito","twitter_card":"summary_large_image","twitter_misc":{"Escrito por":"Alejandro Gabriel Rosito","Tiempo de lectura":"2 minutos"},"schema":{"@context":"https:\/\/schema.org","@graph":[{"@type":"Article","@id":"https:\/\/autofans.com.ar\/index.php\/2025\/09\/17\/service-oficial-mercedes-benz-con-precio-fijo\/#article","isPartOf":{"@id":"https:\/\/autofans.com.ar\/index.php\/2025\/09\/17\/service-oficial-mercedes-benz-con-precio-fijo\/"},"author":{"name":"Alejandro Gabriel Rosito","@id":"https:\/\/autofans.com.ar\/#\/schema\/person\/4a8dda0b6df83ac3d6723e921274c2aa"},"headline":"Service oficial Mercedes-Benz con precio fijo","datePublished":"2025-09-17T17:55:15+00:00","mainEntityOfPage":{"@id":"https:\/\/autofans.com.ar\/index.php\/2025\/09\/17\/service-oficial-mercedes-benz-con-precio-fijo\/"},"wordCount":377,"image":{"@id":"https:\/\/autofans.com.ar\/index.php\/2025\/09\/17\/service-oficial-mercedes-benz-con-precio-fijo\/#primaryimage"},"thumbnailUrl":"https:\/\/autofans.com.ar\/wp-content\/uploads\/2025\/09\/sprinter-1.jpg","keywords":["Argentina","mantenimiento vans","Mercedes-Benz Vans","precio service Sprinter","precio service Vito","Prestige Auto","repuestos Mercedes-Benz","service oficial Mercedes","servicio oficial vehiculos comerciales"],"articleSection":["NOTICIAS","Pick Ups, Utilitarios y Pesados"],"inLanguage":"es"},{"@type":"WebPage","@id":"https:\/\/autofans.com.ar\/index.php\/2025\/09\/17\/service-oficial-mercedes-benz-con-precio-fijo\/","url":"https:\/\/autofans.com.ar\/index.php\/2025\/09\/17\/service-oficial-mercedes-benz-con-precio-fijo\/","name":"Service oficial Mercedes-Benz con precio fijo -","isPartOf":{"@id":"https:\/\/autofans.com.ar\/#website"},"primaryImageOfPage":{"@id":"https:\/\/autofans.com.ar\/index.php\/2025\/09\/17\/service-oficial-mercedes-benz-con-precio-fijo\/#primaryimage"},"image":{"@id":"https:\/\/autofans.com.ar\/index.php\/2025\/09\/17\/service-oficial-mercedes-benz-con-precio-fijo\/#primaryimage"},"thumbnailUrl":"https:\/\/autofans.com.ar\/wp-content\/uploads\/2025\/09\/sprinter-1.jpg","datePublished":"2025-09-17T17:55:15+00:00","author":{"@id":"https:\/\/autofans.com.ar\/#\/schema\/person\/4a8dda0b6df83ac3d6723e921274c2aa"},"description":"Prestige Auto, representante de Mercedes-Benz en Argentina, anuncia un cambio estrat\u00e9gico en su posventa. A solo tres meses de su lanzamiento","breadcrumb":{"@id":"https:\/\/autofans.com.ar\/index.php\/2025\/09\/17\/service-oficial-mercedes-benz-con-precio-fijo\/#breadcrumb"},"inLanguage":"es","potentialAction":[{"@type":"ReadAction","target":["https:\/\/autofans.com.ar\/index.php\/2025\/09\/17\/service-oficial-mercedes-benz-con-precio-fijo\/"]}]},{"@type":"ImageObject","inLanguage":"es","@id":"https:\/\/autofans.com.ar\/index.php\/2025\/09\/17\/service-oficial-mercedes-benz-con-precio-fijo\/#primaryimage","url":"https:\/\/autofans.com.ar\/wp-content\/uploads\/2025\/09\/sprinter-1.jpg","contentUrl":"https:\/\/autofans.com.ar\/wp-content\/uploads\/2025\/09\/sprinter-1.jpg","width":1000,"height":667},{"@type":"BreadcrumbList","@id":"https:\/\/autofans.com.ar\/index.php\/2025\/09\/17\/service-oficial-mercedes-benz-con-precio-fijo\/#breadcrumb","itemListElement":[{"@type":"ListItem","position":1,"name":"Inicio","item":"https:\/\/autofans.com.ar\/"},{"@type":"ListItem","position":2,"name":"Service oficial Mercedes-Benz con precio fijo"}]},{"@type":"WebSite","@id":"https:\/\/autofans.com.ar\/#website","url":"https:\/\/autofans.com.ar\/","name":"","description":"El multimedio referente de la industria automotriz","potentialAction":[{"@type":"SearchAction","target":{"@type":"EntryPoint","urlTemplate":"https:\/\/autofans.com.ar\/?s={search_term_string}"},"query-input":{"@type":"PropertyValueSpecification","valueRequired":true,"valueName":"search_term_string"}}],"inLanguage":"es"},{"@type":"Person","@id":"https:\/\/autofans.com.ar\/#\/schema\/person\/4a8dda0b6df83ac3d6723e921274c2aa","name":"Alejandro Gabriel Rosito","image":{"@type":"ImageObject","inLanguage":"es","@id":"https:\/\/secure.gravatar.com\/avatar\/16c5dda1489adfc62618084dcbb91cffd879c374b13fe5dd8e44ed6733852c88?s=96&d=mm&r=g","url":"https:\/\/secure.gravatar.com\/avatar\/16c5dda1489adfc62618084dcbb91cffd879c374b13fe5dd8e44ed6733852c88?s=96&d=mm&r=g","contentUrl":"https:\/\/secure.gravatar.com\/avatar\/16c5dda1489adfc62618084dcbb91cffd879c374b13fe5dd8e44ed6733852c88?s=96&d=mm&r=g","caption":"Alejandro Gabriel Rosito"},"url":"https:\/\/autofans.com.ar\/index.php\/author\/gabrielr\/"}]}},"featured_image_urls":{"full":["https:\/\/autofans.com.ar\/wp-content\/uploads\/2025\/09\/sprinter-1.jpg",1000,667,false],"thumbnail":["https:\/\/autofans.com.ar\/wp-content\/uploads\/2025\/09\/sprinter-1-150x150.jpg",150,150,true],"medium":["https:\/\/autofans.com.ar\/wp-content\/uploads\/2025\/09\/sprinter-1-300x200.jpg",300,200,true],"medium_large":["https:\/\/autofans.com.ar\/wp-content\/uploads\/2025\/09\/sprinter-1-768x512.jpg",640,427,true],"large":["https:\/\/autofans.com.ar\/wp-content\/uploads\/2025\/09\/sprinter-1.jpg",640,427,false],"1536x1536":["https:\/\/autofans.com.ar\/wp-content\/uploads\/2025\/09\/sprinter-1.jpg",1000,667,false],"2048x2048":["https:\/\/autofans.com.ar\/wp-content\/uploads\/2025\/09\/sprinter-1.jpg",1000,667,false],"covernews-featured":["https:\/\/autofans.com.ar\/wp-content\/uploads\/2025\/09\/sprinter-1.jpg",1000,667,false],"covernews-medium":["https:\/\/autofans.com.ar\/wp-content\/uploads\/2025\/09\/sprinter-1-540x340.jpg",540,340,true]},"author_info":{"display_name":"Alejandro Gabriel Rosito","author_link":"https:\/\/autofans.com.ar\/index.php\/author\/gabrielr\/"},"category_info":"<a href=\"https:\/\/autofans.com.ar\/index.php\/category\/noticias\/\" rel=\"category tag\">NOTICIAS<\/a> <a href=\"https:\/\/autofans.com.ar\/index.php\/category\/lanzamientos\/utilitarios-y-pesados-lanzamientos\/\" rel=\"category tag\">Pick Ups, Utilitarios y Pesados<\/a>","tag_info":"Pick Ups, Utilitarios y Pesados","comment_count":0,"_links":{"self":[{"href":"https:\/\/autofans.com.ar\/index.php\/wp-json\/wp\/v2\/posts\/14124","targetHints":{"allow":["GET"]}}],"collection":[{"href":"https:\/\/autofans.com.ar\/index.php\/wp-json\/wp\/v2\/posts"}],"about":[{"href":"https:\/\/autofans.com.ar\/index.php\/wp-json\/wp\/v2\/types\/post"}],"author":[{"embeddable":true,"href":"https:\/\/autofans.com.ar\/index.php\/wp-json\/wp\/v2\/users\/2"}],"replies":[{"embeddable":true,"href":"https:\/\/autofans.com.ar\/index.php\/wp-json\/wp\/v2\/comments?post=14124"}],"version-history":[{"count":2,"href":"https:\/\/autofans.com.ar\/index.php\/wp-json\/wp\/v2\/posts\/14124\/revisions"}],"predecessor-version":[{"id":14132,"href":"https:\/\/autofans.com.ar\/index.php\/wp-json\/wp\/v2\/posts\/14124\/revisions\/14132"}],"wp:featuredmedia":[{"embeddable":true,"href":"https:\/\/autofans.com.ar\/index.php\/wp-json\/wp\/v2\/media\/14130"}],"wp:attachment":[{"href":"https:\/\/autofans.com.ar\/index.php\/wp-json\/wp\/v2\/media?parent=14124"}],"wp:term":[{"taxonomy":"category","embeddable":true,"href":"https:\/\/autofans.com.ar\/index.php\/wp-json\/wp\/v2\/categories?post=14124"},{"taxonomy":"post_tag","embeddable":true,"href":"https:\/\/autofans.com.ar\/index.php\/wp-json\/wp\/v2\/tags?post=14124"}],"curies":[{"name":"wp","href":"https:\/\/api.w.org\/{rel}","templated":true}]}}