{"id":14133,"date":"2025-09-18T14:09:00","date_gmt":"2025-09-18T17:09:00","guid":{"rendered":"https:\/\/autofans.com.ar\/?p=14133"},"modified":"2025-09-18T14:09:00","modified_gmt":"2025-09-18T17:09:00","slug":"asi-es-el-nuevo-nissan-sentra","status":"publish","type":"post","link":"https:\/\/autofans.com.ar\/index.php\/2025\/09\/18\/asi-es-el-nuevo-nissan-sentra\/","title":{"rendered":"As\u00ed es el nuevo Nissan Sentra"},"content":{"rendered":"<p class=\"ds-markdown-paragraph\">Se viene la nueva generaci\u00f3n del Nissan Sentra y su dise\u00f1o fue revelado a trav\u00e9s de su equivalente chino, el Nissan Sylphy. Este modelo anticipa todos los cambios que llegar\u00edan a Am\u00e9rica, incluyendo la Argentina, a fines de 2025 o principios de 2026.<\/p>\n<p>&nbsp;<\/p>\n<h2 class=\"ds-markdown-paragraph\">Un dise\u00f1o renovado y m\u00e1s moderno<\/h2>\n<p>&nbsp;<\/p>\n<p><img fetchpriority=\"high\" decoding=\"async\" class=\"aligncenter wp-image-14135 size-full\" src=\"https:\/\/autofans.com.ar\/wp-content\/uploads\/2025\/09\/nissan-4-1.jpg\" alt=\"Nissan Sentra\" width=\"1000\" height=\"667\" srcset=\"https:\/\/autofans.com.ar\/wp-content\/uploads\/2025\/09\/nissan-4-1.jpg 1000w, https:\/\/autofans.com.ar\/wp-content\/uploads\/2025\/09\/nissan-4-1-300x200.jpg 300w, https:\/\/autofans.com.ar\/wp-content\/uploads\/2025\/09\/nissan-4-1-768x512.jpg 768w\" sizes=\"(max-width: 1000px) 100vw, 1000px\" \/><\/p>\n<p>&nbsp;<\/p>\n<p class=\"ds-markdown-paragraph\">El Nissan Sentra 2026 presenta l\u00edneas m\u00e1s afiladas y dimensiones ligeramente mayores. Su frente lo domina una franja LED que conecta con las \u00f3pticas, siguiendo la nueva identidad visual de la marca. Con 4.656 mm de largo y 1.825 mm de ancho, se espera que su habit\u00e1culo sea un poco m\u00e1s espacioso que el del modelo actual.<\/p>\n<p>&nbsp;<\/p>\n<h2 class=\"ds-markdown-paragraph\">\u00bfQu\u00e9 motorizaciones podr\u00eda traer?<\/h2>\n<p>&nbsp;<\/p>\n<p><img decoding=\"async\" class=\"aligncenter wp-image-14137 size-full\" src=\"https:\/\/autofans.com.ar\/wp-content\/uploads\/2025\/09\/nissan-2-1.jpg\" alt=\"Nissan Sentra\" width=\"1000\" height=\"667\" srcset=\"https:\/\/autofans.com.ar\/wp-content\/uploads\/2025\/09\/nissan-2-1.jpg 1000w, https:\/\/autofans.com.ar\/wp-content\/uploads\/2025\/09\/nissan-2-1-300x200.jpg 300w, https:\/\/autofans.com.ar\/wp-content\/uploads\/2025\/09\/nissan-2-1-768x512.jpg 768w\" sizes=\"(max-width: 1000px) 100vw, 1000px\" \/><\/p>\n<p>&nbsp;<\/p>\n<p class=\"ds-markdown-paragraph\">Si bien no est\u00e1 confirmado para nuestro mercado, se especula que la marca mantendr\u00eda el motor 2.0 naftero de 147 caballos con caja CVT. La gran novedad ser\u00eda la incorporaci\u00f3n de un propulsor 1.5 turbo de m\u00e1s de 200 caballos y el sistema h\u00edbrido e-Power, que Nissan ya ofrece en otros modelos como la X-Trail.<\/p>\n<p>&nbsp;<\/p>\n<h2 class=\"ds-markdown-paragraph\">Nissan Sentra y un cambio clave en su producci\u00f3n<\/h2>\n<p>&nbsp;<\/p>\n<p><img decoding=\"async\" class=\"aligncenter wp-image-14134 size-full\" src=\"https:\/\/autofans.com.ar\/wp-content\/uploads\/2025\/09\/nissan-5.jpg\" alt=\"Nissan Sentra\" width=\"1000\" height=\"667\" srcset=\"https:\/\/autofans.com.ar\/wp-content\/uploads\/2025\/09\/nissan-5.jpg 1000w, https:\/\/autofans.com.ar\/wp-content\/uploads\/2025\/09\/nissan-5-300x200.jpg 300w, https:\/\/autofans.com.ar\/wp-content\/uploads\/2025\/09\/nissan-5-768x512.jpg 768w\" sizes=\"(max-width: 1000px) 100vw, 1000px\" \/><\/p>\n<p>&nbsp;<\/p>\n<p class=\"ds-markdown-paragraph\">Seg\u00fan informes internacionales, Nissan eval\u00faa trasladar la fabricaci\u00f3n del Sentra de M\u00e9xico a Estados Unidos. Este dato es relevante para la Argentina, ya que actualmente el modelo ingresa desde M\u00e9xico sin pagar aranceles de exportaci\u00f3n.<\/p>\n<p class=\"ds-markdown-paragraph\">Al llegar, el nuevo Sentra seguir\u00e1 compitiendo en el segmento de sedanes C con rivales como el Toyota Corolla, el Volkswagen Vento y el Honda Civic.<\/p>\n<p>&nbsp;<\/p>\n<p>&nbsp;<\/p>\n<p>&nbsp;<\/p>\n<p><i>Para enterarte de m\u00e1s novedades, no dejes de leer\u00a0<\/i><a href=\"https:\/\/autofans.thebrandsoup.com\/\"><i>nuestras notas<\/i><\/a><i>, de ver\u00a0<\/i><a href=\"https:\/\/www.youtube.com\/channel\/UCgAC8UGHZYbT6P7PpmVnP7g\"><i>AUTOFANS TV<\/i><\/a><i>\u00a0en nuestro\u00a0canal de Youtube. Adem\u00e1s seguinos en\u00a0<\/i><a href=\"https:\/\/www.instagram.com\/autofanstv\/\"><i>INSTAGRAM<\/i><\/a><i> y <\/i><a href=\"https:\/\/www.facebook.com\/autofansmas\/\"><i>FACEBOOK<\/i><\/a><i> para no perderte nada sobre las novedades del segmento automotor de Argentina y el mundo.<\/i><\/p>\n","protected":false},"excerpt":{"rendered":"<p>Se viene la nueva generaci\u00f3n del Nissan Sentra y su dise\u00f1o fue revelado a trav\u00e9s&#8230;<\/p>\n","protected":false},"author":2,"featured_media":14136,"comment_status":"closed","ping_status":"closed","sticky":false,"template":"","format":"standard","meta":{"footnotes":""},"categories":[3,1],"tags":[7390,4536,7393,6868,7391,46,1826,7387,7388,7389,7392,3144,1192],"class_list":["post-14133","post","type-post","status-publish","format-standard","has-post-thumbnail","hentry","category-autos","category-lanzamientos","tag-autos-2026","tag-e-power","tag-honda-civic","tag-lanzamiento-de-autos","tag-motor-hibrido","tag-nissan-argentina","tag-nissan-sentra","tag-nissan-sentra-2026","tag-nissan-sylphy","tag-nuevo-sedan","tag-segmento-c","tag-toyota-corolla","tag-volkswagen-vento"],"yoast_head":"<!-- This site is optimized with the Yoast SEO plugin v27.5 - https:\/\/yoast.com\/product\/yoast-seo-wordpress\/ -->\n<title>As\u00ed es el nuevo Nissan Sentra -<\/title>\n<meta name=\"description\" content=\"Se viene la nueva generaci\u00f3n del Nissan Sentra y su dise\u00f1o fue revelado a trav\u00e9s de su equivalente chino, el Nissan Sylphy...\" \/>\n<meta name=\"robots\" content=\"index, follow, max-snippet:-1, max-image-preview:large, max-video-preview:-1\" \/>\n<link rel=\"canonical\" href=\"https:\/\/autofans.com.ar\/index.php\/2025\/09\/18\/asi-es-el-nuevo-nissan-sentra\/\" \/>\n<meta property=\"og:locale\" content=\"es_ES\" \/>\n<meta property=\"og:type\" content=\"article\" \/>\n<meta property=\"og:title\" content=\"As\u00ed es el nuevo Nissan Sentra -\" \/>\n<meta property=\"og:description\" content=\"Se viene la nueva generaci\u00f3n del Nissan Sentra y su dise\u00f1o fue revelado a trav\u00e9s de su equivalente chino, el Nissan Sylphy...\" \/>\n<meta property=\"og:url\" content=\"https:\/\/autofans.com.ar\/index.php\/2025\/09\/18\/asi-es-el-nuevo-nissan-sentra\/\" \/>\n<meta property=\"article:published_time\" content=\"2025-09-18T17:09:00+00:00\" \/>\n<meta property=\"og:image\" content=\"https:\/\/autofans.com.ar\/wp-content\/uploads\/2025\/09\/nissan-3-1.jpg\" \/>\n\t<meta property=\"og:image:width\" content=\"1000\" \/>\n\t<meta property=\"og:image:height\" content=\"667\" \/>\n\t<meta property=\"og:image:type\" content=\"image\/jpeg\" \/>\n<meta name=\"author\" content=\"Alejandro Gabriel Rosito\" \/>\n<meta name=\"twitter:card\" content=\"summary_large_image\" \/>\n<meta name=\"twitter:label1\" content=\"Escrito por\" \/>\n\t<meta name=\"twitter:data1\" content=\"Alejandro Gabriel Rosito\" \/>\n\t<meta name=\"twitter:label2\" content=\"Tiempo de lectura\" \/>\n\t<meta name=\"twitter:data2\" content=\"3 minutos\" \/>\n<script type=\"application\/ld+json\" class=\"yoast-schema-graph\">{\"@context\":\"https:\\\/\\\/schema.org\",\"@graph\":[{\"@type\":\"Article\",\"@id\":\"https:\\\/\\\/autofans.com.ar\\\/index.php\\\/2025\\\/09\\\/18\\\/asi-es-el-nuevo-nissan-sentra\\\/#article\",\"isPartOf\":{\"@id\":\"https:\\\/\\\/autofans.com.ar\\\/index.php\\\/2025\\\/09\\\/18\\\/asi-es-el-nuevo-nissan-sentra\\\/\"},\"author\":{\"name\":\"Alejandro Gabriel Rosito\",\"@id\":\"https:\\\/\\\/autofans.com.ar\\\/#\\\/schema\\\/person\\\/4a8dda0b6df83ac3d6723e921274c2aa\"},\"headline\":\"As\u00ed es el nuevo Nissan Sentra\",\"datePublished\":\"2025-09-18T17:09:00+00:00\",\"mainEntityOfPage\":{\"@id\":\"https:\\\/\\\/autofans.com.ar\\\/index.php\\\/2025\\\/09\\\/18\\\/asi-es-el-nuevo-nissan-sentra\\\/\"},\"wordCount\":311,\"image\":{\"@id\":\"https:\\\/\\\/autofans.com.ar\\\/index.php\\\/2025\\\/09\\\/18\\\/asi-es-el-nuevo-nissan-sentra\\\/#primaryimage\"},\"thumbnailUrl\":\"https:\\\/\\\/autofans.com.ar\\\/wp-content\\\/uploads\\\/2025\\\/09\\\/nissan-3-1.jpg\",\"keywords\":[\"autos 2026\",\"e-POWER\",\"Honda Civic\",\"lanzamiento de autos\",\"motor h\u00edbrido\",\"Nissan Argentina\",\"Nissan Sentra\",\"Nissan Sentra 2026\",\"Nissan Sylphy\",\"nuevo sed\u00e1n\",\"segmento C\",\"Toyota Corolla\",\"Volkswagen Vento\"],\"articleSection\":[\"AUTOS y SUV\",\"LANZAMIENTOS\"],\"inLanguage\":\"es\"},{\"@type\":\"WebPage\",\"@id\":\"https:\\\/\\\/autofans.com.ar\\\/index.php\\\/2025\\\/09\\\/18\\\/asi-es-el-nuevo-nissan-sentra\\\/\",\"url\":\"https:\\\/\\\/autofans.com.ar\\\/index.php\\\/2025\\\/09\\\/18\\\/asi-es-el-nuevo-nissan-sentra\\\/\",\"name\":\"As\u00ed es el nuevo Nissan Sentra -\",\"isPartOf\":{\"@id\":\"https:\\\/\\\/autofans.com.ar\\\/#website\"},\"primaryImageOfPage\":{\"@id\":\"https:\\\/\\\/autofans.com.ar\\\/index.php\\\/2025\\\/09\\\/18\\\/asi-es-el-nuevo-nissan-sentra\\\/#primaryimage\"},\"image\":{\"@id\":\"https:\\\/\\\/autofans.com.ar\\\/index.php\\\/2025\\\/09\\\/18\\\/asi-es-el-nuevo-nissan-sentra\\\/#primaryimage\"},\"thumbnailUrl\":\"https:\\\/\\\/autofans.com.ar\\\/wp-content\\\/uploads\\\/2025\\\/09\\\/nissan-3-1.jpg\",\"datePublished\":\"2025-09-18T17:09:00+00:00\",\"author\":{\"@id\":\"https:\\\/\\\/autofans.com.ar\\\/#\\\/schema\\\/person\\\/4a8dda0b6df83ac3d6723e921274c2aa\"},\"description\":\"Se viene la nueva generaci\u00f3n del Nissan Sentra y su dise\u00f1o fue revelado a trav\u00e9s de su equivalente chino, el Nissan Sylphy...\",\"breadcrumb\":{\"@id\":\"https:\\\/\\\/autofans.com.ar\\\/index.php\\\/2025\\\/09\\\/18\\\/asi-es-el-nuevo-nissan-sentra\\\/#breadcrumb\"},\"inLanguage\":\"es\",\"potentialAction\":[{\"@type\":\"ReadAction\",\"target\":[\"https:\\\/\\\/autofans.com.ar\\\/index.php\\\/2025\\\/09\\\/18\\\/asi-es-el-nuevo-nissan-sentra\\\/\"]}]},{\"@type\":\"ImageObject\",\"inLanguage\":\"es\",\"@id\":\"https:\\\/\\\/autofans.com.ar\\\/index.php\\\/2025\\\/09\\\/18\\\/asi-es-el-nuevo-nissan-sentra\\\/#primaryimage\",\"url\":\"https:\\\/\\\/autofans.com.ar\\\/wp-content\\\/uploads\\\/2025\\\/09\\\/nissan-3-1.jpg\",\"contentUrl\":\"https:\\\/\\\/autofans.com.ar\\\/wp-content\\\/uploads\\\/2025\\\/09\\\/nissan-3-1.jpg\",\"width\":1000,\"height\":667,\"caption\":\"Nissan Sentra\"},{\"@type\":\"BreadcrumbList\",\"@id\":\"https:\\\/\\\/autofans.com.ar\\\/index.php\\\/2025\\\/09\\\/18\\\/asi-es-el-nuevo-nissan-sentra\\\/#breadcrumb\",\"itemListElement\":[{\"@type\":\"ListItem\",\"position\":1,\"name\":\"Inicio\",\"item\":\"https:\\\/\\\/autofans.com.ar\\\/\"},{\"@type\":\"ListItem\",\"position\":2,\"name\":\"As\u00ed es el nuevo Nissan Sentra\"}]},{\"@type\":\"WebSite\",\"@id\":\"https:\\\/\\\/autofans.com.ar\\\/#website\",\"url\":\"https:\\\/\\\/autofans.com.ar\\\/\",\"name\":\"\",\"description\":\"El multimedio referente de la industria automotriz\",\"potentialAction\":[{\"@type\":\"SearchAction\",\"target\":{\"@type\":\"EntryPoint\",\"urlTemplate\":\"https:\\\/\\\/autofans.com.ar\\\/?s={search_term_string}\"},\"query-input\":{\"@type\":\"PropertyValueSpecification\",\"valueRequired\":true,\"valueName\":\"search_term_string\"}}],\"inLanguage\":\"es\"},{\"@type\":\"Person\",\"@id\":\"https:\\\/\\\/autofans.com.ar\\\/#\\\/schema\\\/person\\\/4a8dda0b6df83ac3d6723e921274c2aa\",\"name\":\"Alejandro Gabriel Rosito\",\"image\":{\"@type\":\"ImageObject\",\"inLanguage\":\"es\",\"@id\":\"https:\\\/\\\/secure.gravatar.com\\\/avatar\\\/16c5dda1489adfc62618084dcbb91cffd879c374b13fe5dd8e44ed6733852c88?s=96&d=mm&r=g\",\"url\":\"https:\\\/\\\/secure.gravatar.com\\\/avatar\\\/16c5dda1489adfc62618084dcbb91cffd879c374b13fe5dd8e44ed6733852c88?s=96&d=mm&r=g\",\"contentUrl\":\"https:\\\/\\\/secure.gravatar.com\\\/avatar\\\/16c5dda1489adfc62618084dcbb91cffd879c374b13fe5dd8e44ed6733852c88?s=96&d=mm&r=g\",\"caption\":\"Alejandro Gabriel Rosito\"},\"url\":\"https:\\\/\\\/autofans.com.ar\\\/index.php\\\/author\\\/gabrielr\\\/\"}]}<\/script>\n<!-- \/ Yoast SEO plugin. -->","yoast_head_json":{"title":"As\u00ed es el nuevo Nissan Sentra -","description":"Se viene la nueva generaci\u00f3n del Nissan Sentra y su dise\u00f1o fue revelado a trav\u00e9s de su equivalente chino, el Nissan Sylphy...","robots":{"index":"index","follow":"follow","max-snippet":"max-snippet:-1","max-image-preview":"max-image-preview:large","max-video-preview":"max-video-preview:-1"},"canonical":"https:\/\/autofans.com.ar\/index.php\/2025\/09\/18\/asi-es-el-nuevo-nissan-sentra\/","og_locale":"es_ES","og_type":"article","og_title":"As\u00ed es el nuevo Nissan Sentra -","og_description":"Se viene la nueva generaci\u00f3n del Nissan Sentra y su dise\u00f1o fue revelado a trav\u00e9s de su equivalente chino, el Nissan Sylphy...","og_url":"https:\/\/autofans.com.ar\/index.php\/2025\/09\/18\/asi-es-el-nuevo-nissan-sentra\/","article_published_time":"2025-09-18T17:09:00+00:00","og_image":[{"width":1000,"height":667,"url":"https:\/\/autofans.com.ar\/wp-content\/uploads\/2025\/09\/nissan-3-1.jpg","type":"image\/jpeg"}],"author":"Alejandro Gabriel Rosito","twitter_card":"summary_large_image","twitter_misc":{"Escrito por":"Alejandro Gabriel Rosito","Tiempo de lectura":"3 minutos"},"schema":{"@context":"https:\/\/schema.org","@graph":[{"@type":"Article","@id":"https:\/\/autofans.com.ar\/index.php\/2025\/09\/18\/asi-es-el-nuevo-nissan-sentra\/#article","isPartOf":{"@id":"https:\/\/autofans.com.ar\/index.php\/2025\/09\/18\/asi-es-el-nuevo-nissan-sentra\/"},"author":{"name":"Alejandro Gabriel Rosito","@id":"https:\/\/autofans.com.ar\/#\/schema\/person\/4a8dda0b6df83ac3d6723e921274c2aa"},"headline":"As\u00ed es el nuevo Nissan Sentra","datePublished":"2025-09-18T17:09:00+00:00","mainEntityOfPage":{"@id":"https:\/\/autofans.com.ar\/index.php\/2025\/09\/18\/asi-es-el-nuevo-nissan-sentra\/"},"wordCount":311,"image":{"@id":"https:\/\/autofans.com.ar\/index.php\/2025\/09\/18\/asi-es-el-nuevo-nissan-sentra\/#primaryimage"},"thumbnailUrl":"https:\/\/autofans.com.ar\/wp-content\/uploads\/2025\/09\/nissan-3-1.jpg","keywords":["autos 2026","e-POWER","Honda Civic","lanzamiento de autos","motor h\u00edbrido","Nissan Argentina","Nissan Sentra","Nissan Sentra 2026","Nissan Sylphy","nuevo sed\u00e1n","segmento C","Toyota Corolla","Volkswagen Vento"],"articleSection":["AUTOS y SUV","LANZAMIENTOS"],"inLanguage":"es"},{"@type":"WebPage","@id":"https:\/\/autofans.com.ar\/index.php\/2025\/09\/18\/asi-es-el-nuevo-nissan-sentra\/","url":"https:\/\/autofans.com.ar\/index.php\/2025\/09\/18\/asi-es-el-nuevo-nissan-sentra\/","name":"As\u00ed es el nuevo Nissan Sentra -","isPartOf":{"@id":"https:\/\/autofans.com.ar\/#website"},"primaryImageOfPage":{"@id":"https:\/\/autofans.com.ar\/index.php\/2025\/09\/18\/asi-es-el-nuevo-nissan-sentra\/#primaryimage"},"image":{"@id":"https:\/\/autofans.com.ar\/index.php\/2025\/09\/18\/asi-es-el-nuevo-nissan-sentra\/#primaryimage"},"thumbnailUrl":"https:\/\/autofans.com.ar\/wp-content\/uploads\/2025\/09\/nissan-3-1.jpg","datePublished":"2025-09-18T17:09:00+00:00","author":{"@id":"https:\/\/autofans.com.ar\/#\/schema\/person\/4a8dda0b6df83ac3d6723e921274c2aa"},"description":"Se viene la nueva generaci\u00f3n del Nissan Sentra y su dise\u00f1o fue revelado a trav\u00e9s de su equivalente chino, el Nissan Sylphy...","breadcrumb":{"@id":"https:\/\/autofans.com.ar\/index.php\/2025\/09\/18\/asi-es-el-nuevo-nissan-sentra\/#breadcrumb"},"inLanguage":"es","potentialAction":[{"@type":"ReadAction","target":["https:\/\/autofans.com.ar\/index.php\/2025\/09\/18\/asi-es-el-nuevo-nissan-sentra\/"]}]},{"@type":"ImageObject","inLanguage":"es","@id":"https:\/\/autofans.com.ar\/index.php\/2025\/09\/18\/asi-es-el-nuevo-nissan-sentra\/#primaryimage","url":"https:\/\/autofans.com.ar\/wp-content\/uploads\/2025\/09\/nissan-3-1.jpg","contentUrl":"https:\/\/autofans.com.ar\/wp-content\/uploads\/2025\/09\/nissan-3-1.jpg","width":1000,"height":667,"caption":"Nissan Sentra"},{"@type":"BreadcrumbList","@id":"https:\/\/autofans.com.ar\/index.php\/2025\/09\/18\/asi-es-el-nuevo-nissan-sentra\/#breadcrumb","itemListElement":[{"@type":"ListItem","position":1,"name":"Inicio","item":"https:\/\/autofans.com.ar\/"},{"@type":"ListItem","position":2,"name":"As\u00ed es el nuevo Nissan Sentra"}]},{"@type":"WebSite","@id":"https:\/\/autofans.com.ar\/#website","url":"https:\/\/autofans.com.ar\/","name":"","description":"El multimedio referente de la industria automotriz","potentialAction":[{"@type":"SearchAction","target":{"@type":"EntryPoint","urlTemplate":"https:\/\/autofans.com.ar\/?s={search_term_string}"},"query-input":{"@type":"PropertyValueSpecification","valueRequired":true,"valueName":"search_term_string"}}],"inLanguage":"es"},{"@type":"Person","@id":"https:\/\/autofans.com.ar\/#\/schema\/person\/4a8dda0b6df83ac3d6723e921274c2aa","name":"Alejandro Gabriel Rosito","image":{"@type":"ImageObject","inLanguage":"es","@id":"https:\/\/secure.gravatar.com\/avatar\/16c5dda1489adfc62618084dcbb91cffd879c374b13fe5dd8e44ed6733852c88?s=96&d=mm&r=g","url":"https:\/\/secure.gravatar.com\/avatar\/16c5dda1489adfc62618084dcbb91cffd879c374b13fe5dd8e44ed6733852c88?s=96&d=mm&r=g","contentUrl":"https:\/\/secure.gravatar.com\/avatar\/16c5dda1489adfc62618084dcbb91cffd879c374b13fe5dd8e44ed6733852c88?s=96&d=mm&r=g","caption":"Alejandro Gabriel Rosito"},"url":"https:\/\/autofans.com.ar\/index.php\/author\/gabrielr\/"}]}},"featured_image_urls":{"full":["https:\/\/autofans.com.ar\/wp-content\/uploads\/2025\/09\/nissan-3-1.jpg",1000,667,false],"thumbnail":["https:\/\/autofans.com.ar\/wp-content\/uploads\/2025\/09\/nissan-3-1-150x150.jpg",150,150,true],"medium":["https:\/\/autofans.com.ar\/wp-content\/uploads\/2025\/09\/nissan-3-1-300x200.jpg",300,200,true],"medium_large":["https:\/\/autofans.com.ar\/wp-content\/uploads\/2025\/09\/nissan-3-1-768x512.jpg",640,427,true],"large":["https:\/\/autofans.com.ar\/wp-content\/uploads\/2025\/09\/nissan-3-1.jpg",640,427,false],"1536x1536":["https:\/\/autofans.com.ar\/wp-content\/uploads\/2025\/09\/nissan-3-1.jpg",1000,667,false],"2048x2048":["https:\/\/autofans.com.ar\/wp-content\/uploads\/2025\/09\/nissan-3-1.jpg",1000,667,false],"covernews-featured":["https:\/\/autofans.com.ar\/wp-content\/uploads\/2025\/09\/nissan-3-1.jpg",1000,667,false],"covernews-medium":["https:\/\/autofans.com.ar\/wp-content\/uploads\/2025\/09\/nissan-3-1-540x340.jpg",540,340,true]},"author_info":{"display_name":"Alejandro Gabriel Rosito","author_link":"https:\/\/autofans.com.ar\/index.php\/author\/gabrielr\/"},"category_info":"<a href=\"https:\/\/autofans.com.ar\/index.php\/category\/noticias\/autos\/\" rel=\"category tag\">AUTOS y SUV<\/a> <a href=\"https:\/\/autofans.com.ar\/index.php\/category\/lanzamientos\/\" rel=\"category tag\">LANZAMIENTOS<\/a>","tag_info":"LANZAMIENTOS","comment_count":0,"_links":{"self":[{"href":"https:\/\/autofans.com.ar\/index.php\/wp-json\/wp\/v2\/posts\/14133","targetHints":{"allow":["GET"]}}],"collection":[{"href":"https:\/\/autofans.com.ar\/index.php\/wp-json\/wp\/v2\/posts"}],"about":[{"href":"https:\/\/autofans.com.ar\/index.php\/wp-json\/wp\/v2\/types\/post"}],"author":[{"embeddable":true,"href":"https:\/\/autofans.com.ar\/index.php\/wp-json\/wp\/v2\/users\/2"}],"replies":[{"embeddable":true,"href":"https:\/\/autofans.com.ar\/index.php\/wp-json\/wp\/v2\/comments?post=14133"}],"version-history":[{"count":1,"href":"https:\/\/autofans.com.ar\/index.php\/wp-json\/wp\/v2\/posts\/14133\/revisions"}],"predecessor-version":[{"id":14139,"href":"https:\/\/autofans.com.ar\/index.php\/wp-json\/wp\/v2\/posts\/14133\/revisions\/14139"}],"wp:featuredmedia":[{"embeddable":true,"href":"https:\/\/autofans.com.ar\/index.php\/wp-json\/wp\/v2\/media\/14136"}],"wp:attachment":[{"href":"https:\/\/autofans.com.ar\/index.php\/wp-json\/wp\/v2\/media?parent=14133"}],"wp:term":[{"taxonomy":"category","embeddable":true,"href":"https:\/\/autofans.com.ar\/index.php\/wp-json\/wp\/v2\/categories?post=14133"},{"taxonomy":"post_tag","embeddable":true,"href":"https:\/\/autofans.com.ar\/index.php\/wp-json\/wp\/v2\/tags?post=14133"}],"curies":[{"name":"wp","href":"https:\/\/api.w.org\/{rel}","templated":true}]}}