{"id":14141,"date":"2025-09-18T21:29:33","date_gmt":"2025-09-19T00:29:33","guid":{"rendered":"https:\/\/autofans.com.ar\/?p=14141"},"modified":"2025-09-18T21:29:33","modified_gmt":"2025-09-19T00:29:33","slug":"tres-nuevos-mercedes-amg-desembarcan-con-tecnologia-f1-e-hibrida","status":"publish","type":"post","link":"https:\/\/autofans.com.ar\/index.php\/2025\/09\/18\/tres-nuevos-mercedes-amg-desembarcan-con-tecnologia-f1-e-hibrida\/","title":{"rendered":"Tres nuevos Mercedes-AMG desembarcan con tecnolog\u00eda F1 e h\u00edbrida"},"content":{"rendered":"<p class=\"ds-markdown-paragraph\">Prestige Auto, representante oficial de Mercedes-Benz en el pa\u00eds, incorpora tres nuevas opciones a su portfolio de veh\u00edculos de performance Mercedes-AMG. La estrategia refuerza la familia de SUV con tecnolog\u00eda h\u00edbrida y motores que heredan conocimiento de la F\u00f3rmula 1.<\/p>\n<p class=\"ds-markdown-paragraph\">Los modelos que llegan al mercado argentino son el Mercedes-AMG GLC 43 4MATIC (SUV), el Mercedes-AMG GLC 63 S E PERFORMANCE (en versiones SUV y Coup\u00e9) y el Mercedes-AMG GLE 63 S 4MATIC+ (tambi\u00e9n en SUV y Coup\u00e9). Estas unidades se suman a la oferta local que ya supera la docena de alternativas AMG.<\/p>\n<p>&nbsp;<\/p>\n<h2 class=\"ds-markdown-paragraph\">Mercedes-AMG GLC 43 4MATIC<\/h2>\n<p>&nbsp;<\/p>\n<div id='gallery-1' class='gallery galleryid-14141 gallery-columns-3 gallery-size-full'><figure class='gallery-item'>\n\t\t\t<div class='gallery-icon landscape'>\n\t\t\t\t<a href='https:\/\/autofans.com.ar\/index.php\/2025\/09\/18\/tres-nuevos-mercedes-amg-desembarcan-con-tecnologia-f1-e-hibrida\/gle43-matic-2\/'><img loading=\"lazy\" width=\"1000\" height=\"667\" src=\"https:\/\/autofans.com.ar\/wp-content\/uploads\/2025\/09\/gle43-matic-2.jpg\" class=\"attachment-full size-full\" alt=\"Mercedes\" srcset=\"https:\/\/autofans.com.ar\/wp-content\/uploads\/2025\/09\/gle43-matic-2.jpg 1000w, https:\/\/autofans.com.ar\/wp-content\/uploads\/2025\/09\/gle43-matic-2-300x200.jpg 300w, https:\/\/autofans.com.ar\/wp-content\/uploads\/2025\/09\/gle43-matic-2-768x512.jpg 768w\" sizes=\"auto, (max-width: 1000px) 100vw, 1000px\" loading=\"lazy\" decoding=\"async\" \/><\/a>\n\t\t\t<\/div><\/figure><figure class='gallery-item'>\n\t\t\t<div class='gallery-icon landscape'>\n\t\t\t\t<a href='https:\/\/autofans.com.ar\/index.php\/2025\/09\/18\/tres-nuevos-mercedes-amg-desembarcan-con-tecnologia-f1-e-hibrida\/gle-43-matic-1\/'><img loading=\"lazy\" width=\"1000\" height=\"667\" src=\"https:\/\/autofans.com.ar\/wp-content\/uploads\/2025\/09\/gle-43-matic-1.jpg\" class=\"attachment-full size-full\" alt=\"Mercedes\" srcset=\"https:\/\/autofans.com.ar\/wp-content\/uploads\/2025\/09\/gle-43-matic-1.jpg 1000w, https:\/\/autofans.com.ar\/wp-content\/uploads\/2025\/09\/gle-43-matic-1-300x200.jpg 300w, https:\/\/autofans.com.ar\/wp-content\/uploads\/2025\/09\/gle-43-matic-1-768x512.jpg 768w\" sizes=\"auto, (max-width: 1000px) 100vw, 1000px\" loading=\"lazy\" decoding=\"async\" \/><\/a>\n\t\t\t<\/div><\/figure><figure class='gallery-item'>\n\t\t\t<div class='gallery-icon landscape'>\n\t\t\t\t<a href='https:\/\/autofans.com.ar\/index.php\/2025\/09\/18\/tres-nuevos-mercedes-amg-desembarcan-con-tecnologia-f1-e-hibrida\/gle43matic-1\/'><img loading=\"lazy\" width=\"1000\" height=\"667\" src=\"https:\/\/autofans.com.ar\/wp-content\/uploads\/2025\/09\/gle43matic-1.jpg\" class=\"attachment-full size-full\" alt=\"Mercedes\" srcset=\"https:\/\/autofans.com.ar\/wp-content\/uploads\/2025\/09\/gle43matic-1.jpg 1000w, https:\/\/autofans.com.ar\/wp-content\/uploads\/2025\/09\/gle43matic-1-300x200.jpg 300w, https:\/\/autofans.com.ar\/wp-content\/uploads\/2025\/09\/gle43matic-1-768x512.jpg 768w\" sizes=\"auto, (max-width: 1000px) 100vw, 1000px\" loading=\"lazy\" decoding=\"async\" \/><\/a>\n\t\t\t<\/div><\/figure>\n\t\t<\/div>\n\n<p>&nbsp;<\/p>\n<p class=\"ds-markdown-paragraph\">Ya disponible en concesionarios, este SUV se integra a la familia del motor 43. Su propulsor turbo de 2.0 litros genera 421 CV y 500 Nm de torque. Incluye un sistema h\u00edbrido leve (MHEV) de 48V que contribuye a reducir el consumo. Cuenta con tracci\u00f3n integral 4MATIC, eje trasero direccional y una caja de cambios AMG SPEEDSHIFT MCT de 9 velocidades. Acelera de 0 a 100 km\/h en 4.8 segundos. Su precio de lanzamiento es de 155.000 d\u00f3lares.<\/p>\n<p>&nbsp;<\/p>\n<h2 class=\"ds-markdown-paragraph\">Mercedes-AMG GLC 63 S E PERFORMANCE<\/h2>\n<p>&nbsp;<\/p>\n<div id='gallery-2' class='gallery galleryid-14141 gallery-columns-3 gallery-size-full'><figure class='gallery-item'>\n\t\t\t<div class='gallery-icon landscape'>\n\t\t\t\t<a href='https:\/\/autofans.com.ar\/index.php\/2025\/09\/18\/tres-nuevos-mercedes-amg-desembarcan-con-tecnologia-f1-e-hibrida\/gle-63-3\/'><img loading=\"lazy\" width=\"1000\" height=\"667\" src=\"https:\/\/autofans.com.ar\/wp-content\/uploads\/2025\/09\/gle-63-3.jpg\" class=\"attachment-full size-full\" alt=\"Mercedes\" srcset=\"https:\/\/autofans.com.ar\/wp-content\/uploads\/2025\/09\/gle-63-3.jpg 1000w, https:\/\/autofans.com.ar\/wp-content\/uploads\/2025\/09\/gle-63-3-300x200.jpg 300w, https:\/\/autofans.com.ar\/wp-content\/uploads\/2025\/09\/gle-63-3-768x512.jpg 768w\" sizes=\"auto, (max-width: 1000px) 100vw, 1000px\" loading=\"lazy\" decoding=\"async\" \/><\/a>\n\t\t\t<\/div><\/figure><figure class='gallery-item'>\n\t\t\t<div class='gallery-icon landscape'>\n\t\t\t\t<a href='https:\/\/autofans.com.ar\/index.php\/2025\/09\/18\/tres-nuevos-mercedes-amg-desembarcan-con-tecnologia-f1-e-hibrida\/gle-63-2\/'><img loading=\"lazy\" width=\"1000\" height=\"667\" src=\"https:\/\/autofans.com.ar\/wp-content\/uploads\/2025\/09\/gle-63-2.jpg\" class=\"attachment-full size-full\" alt=\"Mercedes\" srcset=\"https:\/\/autofans.com.ar\/wp-content\/uploads\/2025\/09\/gle-63-2.jpg 1000w, https:\/\/autofans.com.ar\/wp-content\/uploads\/2025\/09\/gle-63-2-300x200.jpg 300w, https:\/\/autofans.com.ar\/wp-content\/uploads\/2025\/09\/gle-63-2-768x512.jpg 768w\" sizes=\"auto, (max-width: 1000px) 100vw, 1000px\" loading=\"lazy\" decoding=\"async\" \/><\/a>\n\t\t\t<\/div><\/figure><figure class='gallery-item'>\n\t\t\t<div class='gallery-icon landscape'>\n\t\t\t\t<a href='https:\/\/autofans.com.ar\/index.php\/2025\/09\/18\/tres-nuevos-mercedes-amg-desembarcan-con-tecnologia-f1-e-hibrida\/gle-63-1\/'><img loading=\"lazy\" width=\"1000\" height=\"667\" src=\"https:\/\/autofans.com.ar\/wp-content\/uploads\/2025\/09\/gle-63-1.jpg\" class=\"attachment-full size-full\" alt=\"Mercedes\" srcset=\"https:\/\/autofans.com.ar\/wp-content\/uploads\/2025\/09\/gle-63-1.jpg 1000w, https:\/\/autofans.com.ar\/wp-content\/uploads\/2025\/09\/gle-63-1-300x200.jpg 300w, https:\/\/autofans.com.ar\/wp-content\/uploads\/2025\/09\/gle-63-1-768x512.jpg 768w\" sizes=\"auto, (max-width: 1000px) 100vw, 1000px\" loading=\"lazy\" decoding=\"async\" \/><\/a>\n\t\t\t<\/div><\/figure>\n\t\t<\/div>\n\n<p>&nbsp;<\/p>\n<p class=\"ds-markdown-paragraph\">Este modelo representa la evoluci\u00f3n del segmento. Combina un motor turbo de 2.0 litros (476 CV) con un motor el\u00e9ctrico en el eje trasero (204 CV), logrando una potencia combinada de 680 CV y un torque monumental de 1020 Nm. Es un h\u00edbrido enchufable con una bater\u00eda de 6.1 kWh que permite circular hasta 12 km en modo totalmente el\u00e9ctrico. Su desempe\u00f1o es excepcional: de 0 a 100 km\/h en 3.5 segundos y una velocidad m\u00e1xima de 275 km\/h. Se ofrece en carrocer\u00edas SUV y Coup\u00e9, comercializado bajo pedido.<\/p>\n<p>&nbsp;<\/p>\n<h2 class=\"ds-markdown-paragraph\">Mercedes-AMG GLE 63 S 4MATIC+<\/h2>\n<p>&nbsp;<\/p>\n<div id='gallery-3' class='gallery galleryid-14141 gallery-columns-3 gallery-size-full'><figure class='gallery-item'>\n\t\t\t<div class='gallery-icon landscape'>\n\t\t\t\t<a href='https:\/\/autofans.com.ar\/index.php\/2025\/09\/18\/tres-nuevos-mercedes-amg-desembarcan-con-tecnologia-f1-e-hibrida\/gle63coupe-2\/'><img loading=\"lazy\" width=\"1000\" height=\"667\" src=\"https:\/\/autofans.com.ar\/wp-content\/uploads\/2025\/09\/gle63coupe-2.jpg\" class=\"attachment-full size-full\" alt=\"Mercedes\" srcset=\"https:\/\/autofans.com.ar\/wp-content\/uploads\/2025\/09\/gle63coupe-2.jpg 1000w, https:\/\/autofans.com.ar\/wp-content\/uploads\/2025\/09\/gle63coupe-2-300x200.jpg 300w, https:\/\/autofans.com.ar\/wp-content\/uploads\/2025\/09\/gle63coupe-2-768x512.jpg 768w\" sizes=\"auto, (max-width: 1000px) 100vw, 1000px\" loading=\"lazy\" decoding=\"async\" \/><\/a>\n\t\t\t<\/div><\/figure><figure class='gallery-item'>\n\t\t\t<div class='gallery-icon landscape'>\n\t\t\t\t<a href='https:\/\/autofans.com.ar\/index.php\/2025\/09\/18\/tres-nuevos-mercedes-amg-desembarcan-con-tecnologia-f1-e-hibrida\/gle63coupe-1\/'><img loading=\"lazy\" width=\"1000\" height=\"667\" src=\"https:\/\/autofans.com.ar\/wp-content\/uploads\/2025\/09\/gle63coupe-1.jpg\" class=\"attachment-full size-full\" alt=\"Mercedes\" srcset=\"https:\/\/autofans.com.ar\/wp-content\/uploads\/2025\/09\/gle63coupe-1.jpg 1000w, https:\/\/autofans.com.ar\/wp-content\/uploads\/2025\/09\/gle63coupe-1-300x200.jpg 300w, https:\/\/autofans.com.ar\/wp-content\/uploads\/2025\/09\/gle63coupe-1-768x512.jpg 768w\" sizes=\"auto, (max-width: 1000px) 100vw, 1000px\" loading=\"lazy\" decoding=\"async\" \/><\/a>\n\t\t\t<\/div><\/figure><figure class='gallery-item'>\n\t\t\t<div class='gallery-icon landscape'>\n\t\t\t\t<a href='https:\/\/autofans.com.ar\/index.php\/2025\/09\/18\/tres-nuevos-mercedes-amg-desembarcan-con-tecnologia-f1-e-hibrida\/gle63coupe-3\/'><img loading=\"lazy\" width=\"1000\" height=\"667\" src=\"https:\/\/autofans.com.ar\/wp-content\/uploads\/2025\/09\/gle63coupe-3.jpg\" class=\"attachment-full size-full\" alt=\"Mercedes\" srcset=\"https:\/\/autofans.com.ar\/wp-content\/uploads\/2025\/09\/gle63coupe-3.jpg 1000w, https:\/\/autofans.com.ar\/wp-content\/uploads\/2025\/09\/gle63coupe-3-300x200.jpg 300w, https:\/\/autofans.com.ar\/wp-content\/uploads\/2025\/09\/gle63coupe-3-768x512.jpg 768w\" sizes=\"auto, (max-width: 1000px) 100vw, 1000px\" loading=\"lazy\" decoding=\"async\" \/><\/a>\n\t\t\t<\/div><\/figure>\n\t\t<\/div>\n\n<p>&nbsp;<\/p>\n<p class=\"ds-markdown-paragraph\">La apuesta m\u00e1s robusta llega con un motor V8 biturbo de 4.0 litros que entrega 612 CV y 850 Nm, asistido por un sistema h\u00edbrido leve de 48V. Su tracci\u00f3n 4MATIC+ es variable y cuenta con una suspensi\u00f3n neum\u00e1tica activa (AMG ACTIVE RIDE CONTROL) para un manejo estable y \u00e1gil. Incluye modos de manejo para off-road y una c\u00e1mara con funci\u00f3n \u00abcap\u00f3 transparente\u00bb. Acelera de 0 a 100 km\/h en 3.9 segundos. Est\u00e1 disponible en versi\u00f3n SUV y Coup\u00e9, tambi\u00e9n bajo pedido.<\/p>\n<p>&nbsp;<\/p>\n<hr \/>\n<div style=\"display: flex; justify-content: center; width: 100%;\">\n<div style=\"display: flex; align-items: center; justify-content: space-between; background: #f0f2f5; padding: 3px 92px; border-radius: 0px; box-shadow: 0 4px 10px rgba(0, 0, 0, 0.08); margin: 24px 0; max-width: 700px;\">\n<div style=\"flex: 1;\"><a style=\"font-size: 18px; color: #921414; font-weight: bold; text-decoration: underline;\" href=\"https:\/\/autofans.com.ar\/wp-content\/uploads\/2025\/09\/Ficha-tecnica-GLC-43-4MATIC.pdf\" target=\"_blank\" rel=\"noopener\"><br \/>\n\u2192 Ficha T\u00e9cnica Mercedes-AMG<br \/>\n<\/a><a style=\"font-size: 18px; color: #007bff; font-weight: 1200; text-decoration: underline;\" href=\"https:\/\/autofans.com.ar\/wp-content\/uploads\/2025\/05\/ftmy26argo-681166d8eb8a6.pdf\" target=\"_blank\" rel=\"noopener\"><br \/>\n<\/a><\/div>\n<div style=\"margin-left: 46px;\"><img fetchpriority=\"high\" decoding=\"async\" class=\"alignright\" style=\"height: 20px; width: auto;\" src=\"https:\/\/autofans.com.ar\/wp-content\/uploads\/2023\/02\/Autofans_600x102_150px5.png\" alt=\"Logo Autofans\" width=\"1200\" height=\"137\" \/><\/div>\n<\/div>\n<\/div>\n<hr \/>\n<p>&nbsp;<\/p>\n<h2 class=\"ds-markdown-paragraph\">Precios y Comercializaci\u00f3n<\/h2>\n<p class=\"ds-markdown-paragraph\">Los modelos GLC 63 S E PERFORMANCE y GLE 63 S 4MATIC+ se venden a pedido, permitiendo a los clientes personalizar sus unidades con opciones exclusivas de color, tapicer\u00eda y equipamiento.<\/p>\n<ul>\n<li>\n<p class=\"ds-markdown-paragraph\">Mercedes\u2011AMG GLC 43 4MATIC SUV: USD 155.000<\/p>\n<\/li>\n<li>\n<p class=\"ds-markdown-paragraph\">Mercedes\u2011AMG GLC 63 S E PERFORMANCE SUV: USD 300.000<\/p>\n<\/li>\n<li>\n<p class=\"ds-markdown-paragraph\">Mercedes\u2011AMG GLC 63 S E PERFORMANCE Coup\u00e9: USD 310.000<\/p>\n<\/li>\n<li>\n<p class=\"ds-markdown-paragraph\">Mercedes\u2011AMG GLE 63 S 4MATIC+ SUV: USD 300.000<\/p>\n<\/li>\n<li>\n<p class=\"ds-markdown-paragraph\">Mercedes\u2011AMG GLE 63 S 4MATIC+ Coup\u00e9: USD 310.000<\/p>\n<\/li>\n<\/ul>\n<p>&nbsp;<\/p>\n<p>&nbsp;<\/p>\n<p>&nbsp;<\/p>\n<p><i>Para enterarte de m\u00e1s novedades, no dejes de leer\u00a0<\/i><a href=\"https:\/\/autofans.thebrandsoup.com\/\"><i>nuestras notas<\/i><\/a><i>, de ver\u00a0<\/i><a href=\"https:\/\/www.youtube.com\/channel\/UCgAC8UGHZYbT6P7PpmVnP7g\"><i>AUTOFANS TV<\/i><\/a><i>\u00a0en nuestro\u00a0canal de Youtube. Adem\u00e1s seguinos en\u00a0<\/i><a href=\"https:\/\/www.instagram.com\/autofanstv\/\"><i>INSTAGRAM<\/i><\/a><i> y <\/i><a href=\"https:\/\/www.facebook.com\/autofansmas\/\"><i>FACEBOOK<\/i><\/a><i> para no perderte nada sobre las novedades del segmento automotor de Argentina y el mundo.<\/i><\/p>\n","protected":false},"excerpt":{"rendered":"<p>Prestige Auto, representante oficial de Mercedes-Benz en el pa\u00eds, incorpora tres nuevas opciones a su&#8230;<\/p>\n","protected":false},"author":2,"featured_media":14152,"comment_status":"closed","ping_status":"closed","sticky":false,"template":"","format":"standard","meta":{"footnotes":""},"categories":[341,1],"tags":[1342,38,260,7277,7394,7395,7396,948,71,128,7397,6132,40],"class_list":["post-14141","post","type-post","status-publish","format-standard","has-post-thumbnail","hentry","category-hibridos-y-electricos","category-lanzamientos","tag-alto-rendimiento","tag-argentina","tag-autos","tag-ficha-tecnica","tag-glc-43","tag-glc-63","tag-gle-63","tag-hibrido","tag-lanzamiento","tag-mercedes-amg","tag-precio","tag-prestige-auto","tag-suv"],"yoast_head":"<!-- This site is optimized with the Yoast SEO plugin v27.5 - https:\/\/yoast.com\/product\/yoast-seo-wordpress\/ -->\n<title>Tres nuevos Mercedes-AMG desembarcan con tecnolog\u00eda F1 e h\u00edbrida -<\/title>\n<meta name=\"description\" content=\"Prestige Auto, representante oficial de Mercedes-Benz en el pa\u00eds, incorpora tres nuevas opciones a su portfolio de veh\u00edculos Mercedes-AMG..\" \/>\n<meta name=\"robots\" content=\"index, follow, max-snippet:-1, max-image-preview:large, max-video-preview:-1\" \/>\n<link rel=\"canonical\" href=\"https:\/\/autofans.com.ar\/index.php\/2025\/09\/18\/tres-nuevos-mercedes-amg-desembarcan-con-tecnologia-f1-e-hibrida\/\" \/>\n<meta property=\"og:locale\" content=\"es_ES\" \/>\n<meta property=\"og:type\" content=\"article\" \/>\n<meta property=\"og:title\" content=\"Tres nuevos Mercedes-AMG desembarcan con tecnolog\u00eda F1 e h\u00edbrida -\" \/>\n<meta property=\"og:description\" content=\"Prestige Auto, representante oficial de Mercedes-Benz en el pa\u00eds, incorpora tres nuevas opciones a su portfolio de veh\u00edculos Mercedes-AMG..\" \/>\n<meta property=\"og:url\" content=\"https:\/\/autofans.com.ar\/index.php\/2025\/09\/18\/tres-nuevos-mercedes-amg-desembarcan-con-tecnologia-f1-e-hibrida\/\" \/>\n<meta property=\"article:published_time\" content=\"2025-09-19T00:29:33+00:00\" \/>\n<meta property=\"og:image\" content=\"https:\/\/autofans.com.ar\/wp-content\/uploads\/2025\/09\/foto-1.jpg\" \/>\n\t<meta property=\"og:image:width\" content=\"1000\" \/>\n\t<meta property=\"og:image:height\" content=\"667\" \/>\n\t<meta property=\"og:image:type\" content=\"image\/jpeg\" \/>\n<meta name=\"author\" content=\"Alejandro Gabriel Rosito\" \/>\n<meta name=\"twitter:card\" content=\"summary_large_image\" \/>\n<meta name=\"twitter:label1\" content=\"Escrito por\" \/>\n\t<meta name=\"twitter:data1\" content=\"Alejandro Gabriel Rosito\" \/>\n\t<meta name=\"twitter:label2\" content=\"Tiempo de lectura\" \/>\n\t<meta name=\"twitter:data2\" content=\"3 minutos\" \/>\n<script type=\"application\/ld+json\" class=\"yoast-schema-graph\">{\"@context\":\"https:\\\/\\\/schema.org\",\"@graph\":[{\"@type\":\"Article\",\"@id\":\"https:\\\/\\\/autofans.com.ar\\\/index.php\\\/2025\\\/09\\\/18\\\/tres-nuevos-mercedes-amg-desembarcan-con-tecnologia-f1-e-hibrida\\\/#article\",\"isPartOf\":{\"@id\":\"https:\\\/\\\/autofans.com.ar\\\/index.php\\\/2025\\\/09\\\/18\\\/tres-nuevos-mercedes-amg-desembarcan-con-tecnologia-f1-e-hibrida\\\/\"},\"author\":{\"name\":\"Alejandro Gabriel Rosito\",\"@id\":\"https:\\\/\\\/autofans.com.ar\\\/#\\\/schema\\\/person\\\/4a8dda0b6df83ac3d6723e921274c2aa\"},\"headline\":\"Tres nuevos Mercedes-AMG desembarcan con tecnolog\u00eda F1 e h\u00edbrida\",\"datePublished\":\"2025-09-19T00:29:33+00:00\",\"mainEntityOfPage\":{\"@id\":\"https:\\\/\\\/autofans.com.ar\\\/index.php\\\/2025\\\/09\\\/18\\\/tres-nuevos-mercedes-amg-desembarcan-con-tecnologia-f1-e-hibrida\\\/\"},\"wordCount\":509,\"image\":{\"@id\":\"https:\\\/\\\/autofans.com.ar\\\/index.php\\\/2025\\\/09\\\/18\\\/tres-nuevos-mercedes-amg-desembarcan-con-tecnologia-f1-e-hibrida\\\/#primaryimage\"},\"thumbnailUrl\":\"https:\\\/\\\/autofans.com.ar\\\/wp-content\\\/uploads\\\/2025\\\/09\\\/foto-1.jpg\",\"keywords\":[\"alto rendimiento\",\"Argentina\",\"autos\",\"ficha t\u00e9cnica\",\"GLC 43\",\"GLC 63\",\"GLE 63\",\"h\u00edbrido\",\"Lanzamiento\",\"Mercedes-AMG\",\"precio\",\"Prestige Auto\",\"SUV\"],\"articleSection\":[\"HIBRIDOS, ELECTRICOS y otros\",\"LANZAMIENTOS\"],\"inLanguage\":\"es\"},{\"@type\":\"WebPage\",\"@id\":\"https:\\\/\\\/autofans.com.ar\\\/index.php\\\/2025\\\/09\\\/18\\\/tres-nuevos-mercedes-amg-desembarcan-con-tecnologia-f1-e-hibrida\\\/\",\"url\":\"https:\\\/\\\/autofans.com.ar\\\/index.php\\\/2025\\\/09\\\/18\\\/tres-nuevos-mercedes-amg-desembarcan-con-tecnologia-f1-e-hibrida\\\/\",\"name\":\"Tres nuevos Mercedes-AMG desembarcan con tecnolog\u00eda F1 e h\u00edbrida -\",\"isPartOf\":{\"@id\":\"https:\\\/\\\/autofans.com.ar\\\/#website\"},\"primaryImageOfPage\":{\"@id\":\"https:\\\/\\\/autofans.com.ar\\\/index.php\\\/2025\\\/09\\\/18\\\/tres-nuevos-mercedes-amg-desembarcan-con-tecnologia-f1-e-hibrida\\\/#primaryimage\"},\"image\":{\"@id\":\"https:\\\/\\\/autofans.com.ar\\\/index.php\\\/2025\\\/09\\\/18\\\/tres-nuevos-mercedes-amg-desembarcan-con-tecnologia-f1-e-hibrida\\\/#primaryimage\"},\"thumbnailUrl\":\"https:\\\/\\\/autofans.com.ar\\\/wp-content\\\/uploads\\\/2025\\\/09\\\/foto-1.jpg\",\"datePublished\":\"2025-09-19T00:29:33+00:00\",\"author\":{\"@id\":\"https:\\\/\\\/autofans.com.ar\\\/#\\\/schema\\\/person\\\/4a8dda0b6df83ac3d6723e921274c2aa\"},\"description\":\"Prestige Auto, representante oficial de Mercedes-Benz en el pa\u00eds, incorpora tres nuevas opciones a su portfolio de veh\u00edculos Mercedes-AMG..\",\"breadcrumb\":{\"@id\":\"https:\\\/\\\/autofans.com.ar\\\/index.php\\\/2025\\\/09\\\/18\\\/tres-nuevos-mercedes-amg-desembarcan-con-tecnologia-f1-e-hibrida\\\/#breadcrumb\"},\"inLanguage\":\"es\",\"potentialAction\":[{\"@type\":\"ReadAction\",\"target\":[\"https:\\\/\\\/autofans.com.ar\\\/index.php\\\/2025\\\/09\\\/18\\\/tres-nuevos-mercedes-amg-desembarcan-con-tecnologia-f1-e-hibrida\\\/\"]}]},{\"@type\":\"ImageObject\",\"inLanguage\":\"es\",\"@id\":\"https:\\\/\\\/autofans.com.ar\\\/index.php\\\/2025\\\/09\\\/18\\\/tres-nuevos-mercedes-amg-desembarcan-con-tecnologia-f1-e-hibrida\\\/#primaryimage\",\"url\":\"https:\\\/\\\/autofans.com.ar\\\/wp-content\\\/uploads\\\/2025\\\/09\\\/foto-1.jpg\",\"contentUrl\":\"https:\\\/\\\/autofans.com.ar\\\/wp-content\\\/uploads\\\/2025\\\/09\\\/foto-1.jpg\",\"width\":1000,\"height\":667,\"caption\":\"Mercedes\"},{\"@type\":\"BreadcrumbList\",\"@id\":\"https:\\\/\\\/autofans.com.ar\\\/index.php\\\/2025\\\/09\\\/18\\\/tres-nuevos-mercedes-amg-desembarcan-con-tecnologia-f1-e-hibrida\\\/#breadcrumb\",\"itemListElement\":[{\"@type\":\"ListItem\",\"position\":1,\"name\":\"Inicio\",\"item\":\"https:\\\/\\\/autofans.com.ar\\\/\"},{\"@type\":\"ListItem\",\"position\":2,\"name\":\"Tres nuevos Mercedes-AMG desembarcan con tecnolog\u00eda F1 e h\u00edbrida\"}]},{\"@type\":\"WebSite\",\"@id\":\"https:\\\/\\\/autofans.com.ar\\\/#website\",\"url\":\"https:\\\/\\\/autofans.com.ar\\\/\",\"name\":\"\",\"description\":\"El multimedio referente de la industria automotriz\",\"potentialAction\":[{\"@type\":\"SearchAction\",\"target\":{\"@type\":\"EntryPoint\",\"urlTemplate\":\"https:\\\/\\\/autofans.com.ar\\\/?s={search_term_string}\"},\"query-input\":{\"@type\":\"PropertyValueSpecification\",\"valueRequired\":true,\"valueName\":\"search_term_string\"}}],\"inLanguage\":\"es\"},{\"@type\":\"Person\",\"@id\":\"https:\\\/\\\/autofans.com.ar\\\/#\\\/schema\\\/person\\\/4a8dda0b6df83ac3d6723e921274c2aa\",\"name\":\"Alejandro Gabriel Rosito\",\"image\":{\"@type\":\"ImageObject\",\"inLanguage\":\"es\",\"@id\":\"https:\\\/\\\/secure.gravatar.com\\\/avatar\\\/16c5dda1489adfc62618084dcbb91cffd879c374b13fe5dd8e44ed6733852c88?s=96&d=mm&r=g\",\"url\":\"https:\\\/\\\/secure.gravatar.com\\\/avatar\\\/16c5dda1489adfc62618084dcbb91cffd879c374b13fe5dd8e44ed6733852c88?s=96&d=mm&r=g\",\"contentUrl\":\"https:\\\/\\\/secure.gravatar.com\\\/avatar\\\/16c5dda1489adfc62618084dcbb91cffd879c374b13fe5dd8e44ed6733852c88?s=96&d=mm&r=g\",\"caption\":\"Alejandro Gabriel Rosito\"},\"url\":\"https:\\\/\\\/autofans.com.ar\\\/index.php\\\/author\\\/gabrielr\\\/\"}]}<\/script>\n<!-- \/ Yoast SEO plugin. -->","yoast_head_json":{"title":"Tres nuevos Mercedes-AMG desembarcan con tecnolog\u00eda F1 e h\u00edbrida -","description":"Prestige Auto, representante oficial de Mercedes-Benz en el pa\u00eds, incorpora tres nuevas opciones a su portfolio de veh\u00edculos Mercedes-AMG..","robots":{"index":"index","follow":"follow","max-snippet":"max-snippet:-1","max-image-preview":"max-image-preview:large","max-video-preview":"max-video-preview:-1"},"canonical":"https:\/\/autofans.com.ar\/index.php\/2025\/09\/18\/tres-nuevos-mercedes-amg-desembarcan-con-tecnologia-f1-e-hibrida\/","og_locale":"es_ES","og_type":"article","og_title":"Tres nuevos Mercedes-AMG desembarcan con tecnolog\u00eda F1 e h\u00edbrida -","og_description":"Prestige Auto, representante oficial de Mercedes-Benz en el pa\u00eds, incorpora tres nuevas opciones a su portfolio de veh\u00edculos Mercedes-AMG..","og_url":"https:\/\/autofans.com.ar\/index.php\/2025\/09\/18\/tres-nuevos-mercedes-amg-desembarcan-con-tecnologia-f1-e-hibrida\/","article_published_time":"2025-09-19T00:29:33+00:00","og_image":[{"width":1000,"height":667,"url":"https:\/\/autofans.com.ar\/wp-content\/uploads\/2025\/09\/foto-1.jpg","type":"image\/jpeg"}],"author":"Alejandro Gabriel Rosito","twitter_card":"summary_large_image","twitter_misc":{"Escrito por":"Alejandro Gabriel Rosito","Tiempo de lectura":"3 minutos"},"schema":{"@context":"https:\/\/schema.org","@graph":[{"@type":"Article","@id":"https:\/\/autofans.com.ar\/index.php\/2025\/09\/18\/tres-nuevos-mercedes-amg-desembarcan-con-tecnologia-f1-e-hibrida\/#article","isPartOf":{"@id":"https:\/\/autofans.com.ar\/index.php\/2025\/09\/18\/tres-nuevos-mercedes-amg-desembarcan-con-tecnologia-f1-e-hibrida\/"},"author":{"name":"Alejandro Gabriel Rosito","@id":"https:\/\/autofans.com.ar\/#\/schema\/person\/4a8dda0b6df83ac3d6723e921274c2aa"},"headline":"Tres nuevos Mercedes-AMG desembarcan con tecnolog\u00eda F1 e h\u00edbrida","datePublished":"2025-09-19T00:29:33+00:00","mainEntityOfPage":{"@id":"https:\/\/autofans.com.ar\/index.php\/2025\/09\/18\/tres-nuevos-mercedes-amg-desembarcan-con-tecnologia-f1-e-hibrida\/"},"wordCount":509,"image":{"@id":"https:\/\/autofans.com.ar\/index.php\/2025\/09\/18\/tres-nuevos-mercedes-amg-desembarcan-con-tecnologia-f1-e-hibrida\/#primaryimage"},"thumbnailUrl":"https:\/\/autofans.com.ar\/wp-content\/uploads\/2025\/09\/foto-1.jpg","keywords":["alto rendimiento","Argentina","autos","ficha t\u00e9cnica","GLC 43","GLC 63","GLE 63","h\u00edbrido","Lanzamiento","Mercedes-AMG","precio","Prestige Auto","SUV"],"articleSection":["HIBRIDOS, ELECTRICOS y otros","LANZAMIENTOS"],"inLanguage":"es"},{"@type":"WebPage","@id":"https:\/\/autofans.com.ar\/index.php\/2025\/09\/18\/tres-nuevos-mercedes-amg-desembarcan-con-tecnologia-f1-e-hibrida\/","url":"https:\/\/autofans.com.ar\/index.php\/2025\/09\/18\/tres-nuevos-mercedes-amg-desembarcan-con-tecnologia-f1-e-hibrida\/","name":"Tres nuevos Mercedes-AMG desembarcan con tecnolog\u00eda F1 e h\u00edbrida -","isPartOf":{"@id":"https:\/\/autofans.com.ar\/#website"},"primaryImageOfPage":{"@id":"https:\/\/autofans.com.ar\/index.php\/2025\/09\/18\/tres-nuevos-mercedes-amg-desembarcan-con-tecnologia-f1-e-hibrida\/#primaryimage"},"image":{"@id":"https:\/\/autofans.com.ar\/index.php\/2025\/09\/18\/tres-nuevos-mercedes-amg-desembarcan-con-tecnologia-f1-e-hibrida\/#primaryimage"},"thumbnailUrl":"https:\/\/autofans.com.ar\/wp-content\/uploads\/2025\/09\/foto-1.jpg","datePublished":"2025-09-19T00:29:33+00:00","author":{"@id":"https:\/\/autofans.com.ar\/#\/schema\/person\/4a8dda0b6df83ac3d6723e921274c2aa"},"description":"Prestige Auto, representante oficial de Mercedes-Benz en el pa\u00eds, incorpora tres nuevas opciones a su portfolio de veh\u00edculos Mercedes-AMG..","breadcrumb":{"@id":"https:\/\/autofans.com.ar\/index.php\/2025\/09\/18\/tres-nuevos-mercedes-amg-desembarcan-con-tecnologia-f1-e-hibrida\/#breadcrumb"},"inLanguage":"es","potentialAction":[{"@type":"ReadAction","target":["https:\/\/autofans.com.ar\/index.php\/2025\/09\/18\/tres-nuevos-mercedes-amg-desembarcan-con-tecnologia-f1-e-hibrida\/"]}]},{"@type":"ImageObject","inLanguage":"es","@id":"https:\/\/autofans.com.ar\/index.php\/2025\/09\/18\/tres-nuevos-mercedes-amg-desembarcan-con-tecnologia-f1-e-hibrida\/#primaryimage","url":"https:\/\/autofans.com.ar\/wp-content\/uploads\/2025\/09\/foto-1.jpg","contentUrl":"https:\/\/autofans.com.ar\/wp-content\/uploads\/2025\/09\/foto-1.jpg","width":1000,"height":667,"caption":"Mercedes"},{"@type":"BreadcrumbList","@id":"https:\/\/autofans.com.ar\/index.php\/2025\/09\/18\/tres-nuevos-mercedes-amg-desembarcan-con-tecnologia-f1-e-hibrida\/#breadcrumb","itemListElement":[{"@type":"ListItem","position":1,"name":"Inicio","item":"https:\/\/autofans.com.ar\/"},{"@type":"ListItem","position":2,"name":"Tres nuevos Mercedes-AMG desembarcan con tecnolog\u00eda F1 e h\u00edbrida"}]},{"@type":"WebSite","@id":"https:\/\/autofans.com.ar\/#website","url":"https:\/\/autofans.com.ar\/","name":"","description":"El multimedio referente de la industria automotriz","potentialAction":[{"@type":"SearchAction","target":{"@type":"EntryPoint","urlTemplate":"https:\/\/autofans.com.ar\/?s={search_term_string}"},"query-input":{"@type":"PropertyValueSpecification","valueRequired":true,"valueName":"search_term_string"}}],"inLanguage":"es"},{"@type":"Person","@id":"https:\/\/autofans.com.ar\/#\/schema\/person\/4a8dda0b6df83ac3d6723e921274c2aa","name":"Alejandro Gabriel Rosito","image":{"@type":"ImageObject","inLanguage":"es","@id":"https:\/\/secure.gravatar.com\/avatar\/16c5dda1489adfc62618084dcbb91cffd879c374b13fe5dd8e44ed6733852c88?s=96&d=mm&r=g","url":"https:\/\/secure.gravatar.com\/avatar\/16c5dda1489adfc62618084dcbb91cffd879c374b13fe5dd8e44ed6733852c88?s=96&d=mm&r=g","contentUrl":"https:\/\/secure.gravatar.com\/avatar\/16c5dda1489adfc62618084dcbb91cffd879c374b13fe5dd8e44ed6733852c88?s=96&d=mm&r=g","caption":"Alejandro Gabriel Rosito"},"url":"https:\/\/autofans.com.ar\/index.php\/author\/gabrielr\/"}]}},"featured_image_urls":{"full":["https:\/\/autofans.com.ar\/wp-content\/uploads\/2025\/09\/foto-1.jpg",1000,667,false],"thumbnail":["https:\/\/autofans.com.ar\/wp-content\/uploads\/2025\/09\/foto-1-150x150.jpg",150,150,true],"medium":["https:\/\/autofans.com.ar\/wp-content\/uploads\/2025\/09\/foto-1-300x200.jpg",300,200,true],"medium_large":["https:\/\/autofans.com.ar\/wp-content\/uploads\/2025\/09\/foto-1-768x512.jpg",640,427,true],"large":["https:\/\/autofans.com.ar\/wp-content\/uploads\/2025\/09\/foto-1.jpg",640,427,false],"1536x1536":["https:\/\/autofans.com.ar\/wp-content\/uploads\/2025\/09\/foto-1.jpg",1000,667,false],"2048x2048":["https:\/\/autofans.com.ar\/wp-content\/uploads\/2025\/09\/foto-1.jpg",1000,667,false],"covernews-featured":["https:\/\/autofans.com.ar\/wp-content\/uploads\/2025\/09\/foto-1.jpg",1000,667,false],"covernews-medium":["https:\/\/autofans.com.ar\/wp-content\/uploads\/2025\/09\/foto-1-540x340.jpg",540,340,true]},"author_info":{"display_name":"Alejandro Gabriel Rosito","author_link":"https:\/\/autofans.com.ar\/index.php\/author\/gabrielr\/"},"category_info":"<a href=\"https:\/\/autofans.com.ar\/index.php\/category\/noticias\/hibridos-y-electricos\/\" rel=\"category tag\">HIBRIDOS, ELECTRICOS y otros<\/a> <a href=\"https:\/\/autofans.com.ar\/index.php\/category\/lanzamientos\/\" rel=\"category tag\">LANZAMIENTOS<\/a>","tag_info":"LANZAMIENTOS","comment_count":0,"_links":{"self":[{"href":"https:\/\/autofans.com.ar\/index.php\/wp-json\/wp\/v2\/posts\/14141","targetHints":{"allow":["GET"]}}],"collection":[{"href":"https:\/\/autofans.com.ar\/index.php\/wp-json\/wp\/v2\/posts"}],"about":[{"href":"https:\/\/autofans.com.ar\/index.php\/wp-json\/wp\/v2\/types\/post"}],"author":[{"embeddable":true,"href":"https:\/\/autofans.com.ar\/index.php\/wp-json\/wp\/v2\/users\/2"}],"replies":[{"embeddable":true,"href":"https:\/\/autofans.com.ar\/index.php\/wp-json\/wp\/v2\/comments?post=14141"}],"version-history":[{"count":3,"href":"https:\/\/autofans.com.ar\/index.php\/wp-json\/wp\/v2\/posts\/14141\/revisions"}],"predecessor-version":[{"id":14155,"href":"https:\/\/autofans.com.ar\/index.php\/wp-json\/wp\/v2\/posts\/14141\/revisions\/14155"}],"wp:featuredmedia":[{"embeddable":true,"href":"https:\/\/autofans.com.ar\/index.php\/wp-json\/wp\/v2\/media\/14152"}],"wp:attachment":[{"href":"https:\/\/autofans.com.ar\/index.php\/wp-json\/wp\/v2\/media?parent=14141"}],"wp:term":[{"taxonomy":"category","embeddable":true,"href":"https:\/\/autofans.com.ar\/index.php\/wp-json\/wp\/v2\/categories?post=14141"},{"taxonomy":"post_tag","embeddable":true,"href":"https:\/\/autofans.com.ar\/index.php\/wp-json\/wp\/v2\/tags?post=14141"}],"curies":[{"name":"wp","href":"https:\/\/api.w.org\/{rel}","templated":true}]}}