{"id":14178,"date":"2025-09-24T14:17:46","date_gmt":"2025-09-24T17:17:46","guid":{"rendered":"https:\/\/autofans.com.ar\/?p=14178"},"modified":"2025-09-24T14:17:46","modified_gmt":"2025-09-24T17:17:46","slug":"prestige-auto-fabricara-la-sprinter-automatica","status":"publish","type":"post","link":"https:\/\/autofans.com.ar\/index.php\/2025\/09\/24\/prestige-auto-fabricara-la-sprinter-automatica\/","title":{"rendered":"Prestige Auto fabricar\u00e1 la Sprinter autom\u00e1tica"},"content":{"rendered":"<p class=\"ds-markdown-paragraph\">Prestige Auto, el concesionario oficial de Mercedes-Benz en el pa\u00eds, anunci\u00f3 un paso clave en la industria nacional: el inicio de la producci\u00f3n de la Sprinter con caja autom\u00e1tica. El lanzamiento est\u00e1 programado para febrero de 2026 y el modelo se vender\u00e1 tanto en el mercado local como en otros pa\u00edses de la regi\u00f3n.<\/p>\n<p class=\"ds-markdown-paragraph\">Este desarrollo no es un hecho aislado. Ingenieros de Mercedes-Benz AG trabajaron codo a codo con el equipo local en el dise\u00f1o, las pruebas y la validaci\u00f3n final del proyecto. La presentaci\u00f3n oficial se realiz\u00f3 ante directivos de la Casa Matriz, quienes visitaron la Argentina para evaluar los primeros meses de gesti\u00f3n de Prestige Auto.<\/p>\n<p>&nbsp;<\/p>\n<h2 class=\"ds-markdown-paragraph\">Un respaldo que consolida la operaci\u00f3n<\/h2>\n<p>&nbsp;<\/p>\n<p><img fetchpriority=\"high\" decoding=\"async\" class=\"aligncenter wp-image-14181 size-full\" src=\"https:\/\/autofans.com.ar\/wp-content\/uploads\/2025\/09\/mercedes-2.jpg\" alt=\"Prestige Auto\" width=\"1000\" height=\"667\" srcset=\"https:\/\/autofans.com.ar\/wp-content\/uploads\/2025\/09\/mercedes-2.jpg 1000w, https:\/\/autofans.com.ar\/wp-content\/uploads\/2025\/09\/mercedes-2-300x200.jpg 300w, https:\/\/autofans.com.ar\/wp-content\/uploads\/2025\/09\/mercedes-2-768x512.jpg 768w\" sizes=\"(max-width: 1000px) 100vw, 1000px\" \/><\/p>\n<p>&nbsp;<\/p>\n<p class=\"ds-markdown-paragraph\">La llegada de los especialistas alemanes refuerza la alianza estrat\u00e9gica. Durante su visita, no solo avalaron el proyecto, sino que tambi\u00e9n conocieron en detalle la planta industrial. En este contexto, se confirm\u00f3 el plan de aumentar la producci\u00f3n total para 2026, que alcanzar\u00e1 las 20.000 unidades.<\/p>\n<p>&nbsp;<\/p>\n<blockquote>\n<p style=\"text-align: center;\">\u201cLa llegada de este primer prototipo con caja autom\u00e1tica es un paso clave en nuestra estrategia productiva y comercial, que forma parte de lo que dijimos el primer d\u00eda: fortalecer el proyecto industrial con productos y servicios de excelencia para nuestros clientes\u201d, afirm\u00f3 Daniel Herrero, presidente y CEO de Prestige Auto. Y agreg\u00f3 \u201cRecibir a los directivos de la casa matriz de Mercedes-Benz en nuestra planta reafirma el trabajo conjunto y la confianza en el talento argentino\u201d.<\/p>\n<\/blockquote>\n<p>&nbsp;<\/p>\n<h2 class=\"ds-markdown-paragraph\">Prestige Auto y la nueva Sprinter autom\u00e1tica<\/h2>\n<p>&nbsp;<\/p>\n<p><img decoding=\"async\" class=\"aligncenter wp-image-14184 size-full\" src=\"https:\/\/autofans.com.ar\/wp-content\/uploads\/2025\/09\/mercedes-5.jpg\" alt=\"\" width=\"1000\" height=\"667\" srcset=\"https:\/\/autofans.com.ar\/wp-content\/uploads\/2025\/09\/mercedes-5.jpg 1000w, https:\/\/autofans.com.ar\/wp-content\/uploads\/2025\/09\/mercedes-5-300x200.jpg 300w, https:\/\/autofans.com.ar\/wp-content\/uploads\/2025\/09\/mercedes-5-768x512.jpg 768w\" sizes=\"(max-width: 1000px) 100vw, 1000px\" \/><\/p>\n<p>&nbsp;<\/p>\n<p class=\"ds-markdown-paragraph\">La incorporaci\u00f3n de la transmisi\u00f3n autom\u00e1tica apunta a elevar el est\u00e1ndar de movilidad. Est\u00e1 pensada para ofrecer un mayor confort de manejo, mejor eficiencia y adaptarse a un amplio abanico de usuarios, desde particulares hasta pymes y grandes empresas que requieren soluciones de transporte modernas.<\/p>\n<p>&nbsp;<\/p>\n<h2 class=\"ds-markdown-paragraph\">Virrey del Pino, plataforma de exportaci\u00f3n<\/h2>\n<p>&nbsp;<\/p>\n<p><img decoding=\"async\" class=\"aligncenter wp-image-14179 size-full\" src=\"https:\/\/autofans.com.ar\/wp-content\/uploads\/2025\/09\/mercedes-4.jpg\" alt=\"Prestige Auto\" width=\"1000\" height=\"667\" srcset=\"https:\/\/autofans.com.ar\/wp-content\/uploads\/2025\/09\/mercedes-4.jpg 1000w, https:\/\/autofans.com.ar\/wp-content\/uploads\/2025\/09\/mercedes-4-300x200.jpg 300w, https:\/\/autofans.com.ar\/wp-content\/uploads\/2025\/09\/mercedes-4-768x512.jpg 768w\" sizes=\"(max-width: 1000px) 100vw, 1000px\" \/><\/p>\n<p>&nbsp;<\/p>\n<p class=\"ds-markdown-paragraph\">Este avance tecnol\u00f3gico se enmarca en un momento de fuerte expansi\u00f3n comercial. Prestige Auto ya cuenta con \u00f3rdenes de compra firmes para exportar 11.000 unidades de la nueva Sprinter autom\u00e1tica a diversos mercados de la regi\u00f3n en 2026. Esto consolida el rol del Centro Industrial Juan Manuel Fangio como un hub productivo y de distribuci\u00f3n clave para Mercedes-Benz en Latinoam\u00e9rica.<\/p>\n<p>&nbsp;<\/p>\n<p>&nbsp;<\/p>\n<p>&nbsp;<\/p>\n<p><i>Para enterarte de m\u00e1s novedades, no dejes de leer\u00a0<\/i><a href=\"https:\/\/autofans.thebrandsoup.com\/\"><i>nuestras notas<\/i><\/a><i>, de ver\u00a0<\/i><a href=\"https:\/\/www.youtube.com\/channel\/UCgAC8UGHZYbT6P7PpmVnP7g\"><i>AUTOFANS TV<\/i><\/a><i>\u00a0en nuestro\u00a0canal de Youtube. Adem\u00e1s seguinos en\u00a0<\/i><a href=\"https:\/\/www.instagram.com\/autofanstv\/\"><i>INSTAGRAM<\/i><\/a><i> y <\/i><a href=\"https:\/\/www.facebook.com\/autofansmas\/\"><i>FACEBOOK<\/i><\/a><i> para no perderte nada sobre las novedades del segmento automotor de Argentina y el mundo.<\/i><\/p>\n","protected":false},"excerpt":{"rendered":"<p>Prestige Auto, el concesionario oficial de Mercedes-Benz en el pa\u00eds, anunci\u00f3 un paso clave en&#8230;<\/p>\n","protected":false},"author":2,"featured_media":14180,"comment_status":"closed","ping_status":"closed","sticky":false,"template":"","format":"standard","meta":{"footnotes":""},"categories":[1],"tags":[7409,17,7411,7407,4175,7406,7408,7410],"class_list":["post-14178","post","type-post","status-publish","format-standard","has-post-thumbnail","hentry","category-lanzamientos","tag-exportacion-sprinter","tag-mercedes-benz-argentina","tag-novedades-mercedes-benz","tag-prestige-auto-sprinter","tag-produccion-automotriz-argentina","tag-sprinter-caja-automatica","tag-van-automatica","tag-virrey-del-pino-planta"],"yoast_head":"<!-- This site is optimized with the Yoast SEO plugin v27.5 - https:\/\/yoast.com\/product\/yoast-seo-wordpress\/ -->\n<title>Prestige Auto fabricar\u00e1 la Sprinter autom\u00e1tica -<\/title>\n<meta name=\"description\" content=\"Prestige Auto, el concesionario oficial de Mercedes-Benz en el pa\u00eds, anunci\u00f3 el inicio de la producci\u00f3n de la Sprinter con caja autom\u00e1tica..\" \/>\n<meta name=\"robots\" content=\"index, follow, max-snippet:-1, max-image-preview:large, max-video-preview:-1\" \/>\n<link rel=\"canonical\" href=\"https:\/\/autofans.com.ar\/index.php\/2025\/09\/24\/prestige-auto-fabricara-la-sprinter-automatica\/\" \/>\n<meta property=\"og:locale\" content=\"es_ES\" \/>\n<meta property=\"og:type\" content=\"article\" \/>\n<meta property=\"og:title\" content=\"Prestige Auto fabricar\u00e1 la Sprinter autom\u00e1tica -\" \/>\n<meta property=\"og:description\" content=\"Prestige Auto, el concesionario oficial de Mercedes-Benz en el pa\u00eds, anunci\u00f3 el inicio de la producci\u00f3n de la Sprinter con caja autom\u00e1tica..\" \/>\n<meta property=\"og:url\" content=\"https:\/\/autofans.com.ar\/index.php\/2025\/09\/24\/prestige-auto-fabricara-la-sprinter-automatica\/\" \/>\n<meta property=\"article:published_time\" content=\"2025-09-24T17:17:46+00:00\" \/>\n<meta property=\"og:image\" content=\"https:\/\/autofans.com.ar\/wp-content\/uploads\/2025\/09\/mercedes-3.jpg\" \/>\n\t<meta property=\"og:image:width\" content=\"1000\" \/>\n\t<meta property=\"og:image:height\" content=\"667\" \/>\n\t<meta property=\"og:image:type\" content=\"image\/jpeg\" \/>\n<meta name=\"author\" content=\"Alejandro Gabriel Rosito\" \/>\n<meta name=\"twitter:card\" content=\"summary_large_image\" \/>\n<meta name=\"twitter:label1\" content=\"Escrito por\" \/>\n\t<meta name=\"twitter:data1\" content=\"Alejandro Gabriel Rosito\" \/>\n\t<meta name=\"twitter:label2\" content=\"Tiempo de lectura\" \/>\n\t<meta name=\"twitter:data2\" content=\"3 minutos\" \/>\n<script type=\"application\/ld+json\" class=\"yoast-schema-graph\">{\"@context\":\"https:\\\/\\\/schema.org\",\"@graph\":[{\"@type\":\"Article\",\"@id\":\"https:\\\/\\\/autofans.com.ar\\\/index.php\\\/2025\\\/09\\\/24\\\/prestige-auto-fabricara-la-sprinter-automatica\\\/#article\",\"isPartOf\":{\"@id\":\"https:\\\/\\\/autofans.com.ar\\\/index.php\\\/2025\\\/09\\\/24\\\/prestige-auto-fabricara-la-sprinter-automatica\\\/\"},\"author\":{\"name\":\"Alejandro Gabriel Rosito\",\"@id\":\"https:\\\/\\\/autofans.com.ar\\\/#\\\/schema\\\/person\\\/4a8dda0b6df83ac3d6723e921274c2aa\"},\"headline\":\"Prestige Auto fabricar\u00e1 la Sprinter autom\u00e1tica\",\"datePublished\":\"2025-09-24T17:17:46+00:00\",\"mainEntityOfPage\":{\"@id\":\"https:\\\/\\\/autofans.com.ar\\\/index.php\\\/2025\\\/09\\\/24\\\/prestige-auto-fabricara-la-sprinter-automatica\\\/\"},\"wordCount\":441,\"image\":{\"@id\":\"https:\\\/\\\/autofans.com.ar\\\/index.php\\\/2025\\\/09\\\/24\\\/prestige-auto-fabricara-la-sprinter-automatica\\\/#primaryimage\"},\"thumbnailUrl\":\"https:\\\/\\\/autofans.com.ar\\\/wp-content\\\/uploads\\\/2025\\\/09\\\/mercedes-3.jpg\",\"keywords\":[\"exportaci\u00f3n Sprinter\",\"Mercedes Benz Argentina\",\"novedades Mercedes-Benz\",\"Prestige Auto Sprinter\",\"producci\u00f3n automotriz Argentina\",\"Sprinter caja autom\u00e1tica\",\"van autom\u00e1tica\",\"Virrey del Pino planta\"],\"articleSection\":[\"LANZAMIENTOS\"],\"inLanguage\":\"es\"},{\"@type\":\"WebPage\",\"@id\":\"https:\\\/\\\/autofans.com.ar\\\/index.php\\\/2025\\\/09\\\/24\\\/prestige-auto-fabricara-la-sprinter-automatica\\\/\",\"url\":\"https:\\\/\\\/autofans.com.ar\\\/index.php\\\/2025\\\/09\\\/24\\\/prestige-auto-fabricara-la-sprinter-automatica\\\/\",\"name\":\"Prestige Auto fabricar\u00e1 la Sprinter autom\u00e1tica -\",\"isPartOf\":{\"@id\":\"https:\\\/\\\/autofans.com.ar\\\/#website\"},\"primaryImageOfPage\":{\"@id\":\"https:\\\/\\\/autofans.com.ar\\\/index.php\\\/2025\\\/09\\\/24\\\/prestige-auto-fabricara-la-sprinter-automatica\\\/#primaryimage\"},\"image\":{\"@id\":\"https:\\\/\\\/autofans.com.ar\\\/index.php\\\/2025\\\/09\\\/24\\\/prestige-auto-fabricara-la-sprinter-automatica\\\/#primaryimage\"},\"thumbnailUrl\":\"https:\\\/\\\/autofans.com.ar\\\/wp-content\\\/uploads\\\/2025\\\/09\\\/mercedes-3.jpg\",\"datePublished\":\"2025-09-24T17:17:46+00:00\",\"author\":{\"@id\":\"https:\\\/\\\/autofans.com.ar\\\/#\\\/schema\\\/person\\\/4a8dda0b6df83ac3d6723e921274c2aa\"},\"description\":\"Prestige Auto, el concesionario oficial de Mercedes-Benz en el pa\u00eds, anunci\u00f3 el inicio de la producci\u00f3n de la Sprinter con caja autom\u00e1tica..\",\"breadcrumb\":{\"@id\":\"https:\\\/\\\/autofans.com.ar\\\/index.php\\\/2025\\\/09\\\/24\\\/prestige-auto-fabricara-la-sprinter-automatica\\\/#breadcrumb\"},\"inLanguage\":\"es\",\"potentialAction\":[{\"@type\":\"ReadAction\",\"target\":[\"https:\\\/\\\/autofans.com.ar\\\/index.php\\\/2025\\\/09\\\/24\\\/prestige-auto-fabricara-la-sprinter-automatica\\\/\"]}]},{\"@type\":\"ImageObject\",\"inLanguage\":\"es\",\"@id\":\"https:\\\/\\\/autofans.com.ar\\\/index.php\\\/2025\\\/09\\\/24\\\/prestige-auto-fabricara-la-sprinter-automatica\\\/#primaryimage\",\"url\":\"https:\\\/\\\/autofans.com.ar\\\/wp-content\\\/uploads\\\/2025\\\/09\\\/mercedes-3.jpg\",\"contentUrl\":\"https:\\\/\\\/autofans.com.ar\\\/wp-content\\\/uploads\\\/2025\\\/09\\\/mercedes-3.jpg\",\"width\":1000,\"height\":667,\"caption\":\"Prestige Auto\"},{\"@type\":\"BreadcrumbList\",\"@id\":\"https:\\\/\\\/autofans.com.ar\\\/index.php\\\/2025\\\/09\\\/24\\\/prestige-auto-fabricara-la-sprinter-automatica\\\/#breadcrumb\",\"itemListElement\":[{\"@type\":\"ListItem\",\"position\":1,\"name\":\"Inicio\",\"item\":\"https:\\\/\\\/autofans.com.ar\\\/\"},{\"@type\":\"ListItem\",\"position\":2,\"name\":\"Prestige Auto fabricar\u00e1 la Sprinter autom\u00e1tica\"}]},{\"@type\":\"WebSite\",\"@id\":\"https:\\\/\\\/autofans.com.ar\\\/#website\",\"url\":\"https:\\\/\\\/autofans.com.ar\\\/\",\"name\":\"\",\"description\":\"El multimedio referente de la industria automotriz\",\"potentialAction\":[{\"@type\":\"SearchAction\",\"target\":{\"@type\":\"EntryPoint\",\"urlTemplate\":\"https:\\\/\\\/autofans.com.ar\\\/?s={search_term_string}\"},\"query-input\":{\"@type\":\"PropertyValueSpecification\",\"valueRequired\":true,\"valueName\":\"search_term_string\"}}],\"inLanguage\":\"es\"},{\"@type\":\"Person\",\"@id\":\"https:\\\/\\\/autofans.com.ar\\\/#\\\/schema\\\/person\\\/4a8dda0b6df83ac3d6723e921274c2aa\",\"name\":\"Alejandro Gabriel Rosito\",\"image\":{\"@type\":\"ImageObject\",\"inLanguage\":\"es\",\"@id\":\"https:\\\/\\\/secure.gravatar.com\\\/avatar\\\/16c5dda1489adfc62618084dcbb91cffd879c374b13fe5dd8e44ed6733852c88?s=96&d=mm&r=g\",\"url\":\"https:\\\/\\\/secure.gravatar.com\\\/avatar\\\/16c5dda1489adfc62618084dcbb91cffd879c374b13fe5dd8e44ed6733852c88?s=96&d=mm&r=g\",\"contentUrl\":\"https:\\\/\\\/secure.gravatar.com\\\/avatar\\\/16c5dda1489adfc62618084dcbb91cffd879c374b13fe5dd8e44ed6733852c88?s=96&d=mm&r=g\",\"caption\":\"Alejandro Gabriel Rosito\"},\"url\":\"https:\\\/\\\/autofans.com.ar\\\/index.php\\\/author\\\/gabrielr\\\/\"}]}<\/script>\n<!-- \/ Yoast SEO plugin. -->","yoast_head_json":{"title":"Prestige Auto fabricar\u00e1 la Sprinter autom\u00e1tica -","description":"Prestige Auto, el concesionario oficial de Mercedes-Benz en el pa\u00eds, anunci\u00f3 el inicio de la producci\u00f3n de la Sprinter con caja autom\u00e1tica..","robots":{"index":"index","follow":"follow","max-snippet":"max-snippet:-1","max-image-preview":"max-image-preview:large","max-video-preview":"max-video-preview:-1"},"canonical":"https:\/\/autofans.com.ar\/index.php\/2025\/09\/24\/prestige-auto-fabricara-la-sprinter-automatica\/","og_locale":"es_ES","og_type":"article","og_title":"Prestige Auto fabricar\u00e1 la Sprinter autom\u00e1tica -","og_description":"Prestige Auto, el concesionario oficial de Mercedes-Benz en el pa\u00eds, anunci\u00f3 el inicio de la producci\u00f3n de la Sprinter con caja autom\u00e1tica..","og_url":"https:\/\/autofans.com.ar\/index.php\/2025\/09\/24\/prestige-auto-fabricara-la-sprinter-automatica\/","article_published_time":"2025-09-24T17:17:46+00:00","og_image":[{"width":1000,"height":667,"url":"https:\/\/autofans.com.ar\/wp-content\/uploads\/2025\/09\/mercedes-3.jpg","type":"image\/jpeg"}],"author":"Alejandro Gabriel Rosito","twitter_card":"summary_large_image","twitter_misc":{"Escrito por":"Alejandro Gabriel Rosito","Tiempo de lectura":"3 minutos"},"schema":{"@context":"https:\/\/schema.org","@graph":[{"@type":"Article","@id":"https:\/\/autofans.com.ar\/index.php\/2025\/09\/24\/prestige-auto-fabricara-la-sprinter-automatica\/#article","isPartOf":{"@id":"https:\/\/autofans.com.ar\/index.php\/2025\/09\/24\/prestige-auto-fabricara-la-sprinter-automatica\/"},"author":{"name":"Alejandro Gabriel Rosito","@id":"https:\/\/autofans.com.ar\/#\/schema\/person\/4a8dda0b6df83ac3d6723e921274c2aa"},"headline":"Prestige Auto fabricar\u00e1 la Sprinter autom\u00e1tica","datePublished":"2025-09-24T17:17:46+00:00","mainEntityOfPage":{"@id":"https:\/\/autofans.com.ar\/index.php\/2025\/09\/24\/prestige-auto-fabricara-la-sprinter-automatica\/"},"wordCount":441,"image":{"@id":"https:\/\/autofans.com.ar\/index.php\/2025\/09\/24\/prestige-auto-fabricara-la-sprinter-automatica\/#primaryimage"},"thumbnailUrl":"https:\/\/autofans.com.ar\/wp-content\/uploads\/2025\/09\/mercedes-3.jpg","keywords":["exportaci\u00f3n Sprinter","Mercedes Benz Argentina","novedades Mercedes-Benz","Prestige Auto Sprinter","producci\u00f3n automotriz Argentina","Sprinter caja autom\u00e1tica","van autom\u00e1tica","Virrey del Pino planta"],"articleSection":["LANZAMIENTOS"],"inLanguage":"es"},{"@type":"WebPage","@id":"https:\/\/autofans.com.ar\/index.php\/2025\/09\/24\/prestige-auto-fabricara-la-sprinter-automatica\/","url":"https:\/\/autofans.com.ar\/index.php\/2025\/09\/24\/prestige-auto-fabricara-la-sprinter-automatica\/","name":"Prestige Auto fabricar\u00e1 la Sprinter autom\u00e1tica -","isPartOf":{"@id":"https:\/\/autofans.com.ar\/#website"},"primaryImageOfPage":{"@id":"https:\/\/autofans.com.ar\/index.php\/2025\/09\/24\/prestige-auto-fabricara-la-sprinter-automatica\/#primaryimage"},"image":{"@id":"https:\/\/autofans.com.ar\/index.php\/2025\/09\/24\/prestige-auto-fabricara-la-sprinter-automatica\/#primaryimage"},"thumbnailUrl":"https:\/\/autofans.com.ar\/wp-content\/uploads\/2025\/09\/mercedes-3.jpg","datePublished":"2025-09-24T17:17:46+00:00","author":{"@id":"https:\/\/autofans.com.ar\/#\/schema\/person\/4a8dda0b6df83ac3d6723e921274c2aa"},"description":"Prestige Auto, el concesionario oficial de Mercedes-Benz en el pa\u00eds, anunci\u00f3 el inicio de la producci\u00f3n de la Sprinter con caja autom\u00e1tica..","breadcrumb":{"@id":"https:\/\/autofans.com.ar\/index.php\/2025\/09\/24\/prestige-auto-fabricara-la-sprinter-automatica\/#breadcrumb"},"inLanguage":"es","potentialAction":[{"@type":"ReadAction","target":["https:\/\/autofans.com.ar\/index.php\/2025\/09\/24\/prestige-auto-fabricara-la-sprinter-automatica\/"]}]},{"@type":"ImageObject","inLanguage":"es","@id":"https:\/\/autofans.com.ar\/index.php\/2025\/09\/24\/prestige-auto-fabricara-la-sprinter-automatica\/#primaryimage","url":"https:\/\/autofans.com.ar\/wp-content\/uploads\/2025\/09\/mercedes-3.jpg","contentUrl":"https:\/\/autofans.com.ar\/wp-content\/uploads\/2025\/09\/mercedes-3.jpg","width":1000,"height":667,"caption":"Prestige Auto"},{"@type":"BreadcrumbList","@id":"https:\/\/autofans.com.ar\/index.php\/2025\/09\/24\/prestige-auto-fabricara-la-sprinter-automatica\/#breadcrumb","itemListElement":[{"@type":"ListItem","position":1,"name":"Inicio","item":"https:\/\/autofans.com.ar\/"},{"@type":"ListItem","position":2,"name":"Prestige Auto fabricar\u00e1 la Sprinter autom\u00e1tica"}]},{"@type":"WebSite","@id":"https:\/\/autofans.com.ar\/#website","url":"https:\/\/autofans.com.ar\/","name":"","description":"El multimedio referente de la industria automotriz","potentialAction":[{"@type":"SearchAction","target":{"@type":"EntryPoint","urlTemplate":"https:\/\/autofans.com.ar\/?s={search_term_string}"},"query-input":{"@type":"PropertyValueSpecification","valueRequired":true,"valueName":"search_term_string"}}],"inLanguage":"es"},{"@type":"Person","@id":"https:\/\/autofans.com.ar\/#\/schema\/person\/4a8dda0b6df83ac3d6723e921274c2aa","name":"Alejandro Gabriel Rosito","image":{"@type":"ImageObject","inLanguage":"es","@id":"https:\/\/secure.gravatar.com\/avatar\/16c5dda1489adfc62618084dcbb91cffd879c374b13fe5dd8e44ed6733852c88?s=96&d=mm&r=g","url":"https:\/\/secure.gravatar.com\/avatar\/16c5dda1489adfc62618084dcbb91cffd879c374b13fe5dd8e44ed6733852c88?s=96&d=mm&r=g","contentUrl":"https:\/\/secure.gravatar.com\/avatar\/16c5dda1489adfc62618084dcbb91cffd879c374b13fe5dd8e44ed6733852c88?s=96&d=mm&r=g","caption":"Alejandro Gabriel Rosito"},"url":"https:\/\/autofans.com.ar\/index.php\/author\/gabrielr\/"}]}},"featured_image_urls":{"full":["https:\/\/autofans.com.ar\/wp-content\/uploads\/2025\/09\/mercedes-3.jpg",1000,667,false],"thumbnail":["https:\/\/autofans.com.ar\/wp-content\/uploads\/2025\/09\/mercedes-3-150x150.jpg",150,150,true],"medium":["https:\/\/autofans.com.ar\/wp-content\/uploads\/2025\/09\/mercedes-3-300x200.jpg",300,200,true],"medium_large":["https:\/\/autofans.com.ar\/wp-content\/uploads\/2025\/09\/mercedes-3-768x512.jpg",640,427,true],"large":["https:\/\/autofans.com.ar\/wp-content\/uploads\/2025\/09\/mercedes-3.jpg",640,427,false],"1536x1536":["https:\/\/autofans.com.ar\/wp-content\/uploads\/2025\/09\/mercedes-3.jpg",1000,667,false],"2048x2048":["https:\/\/autofans.com.ar\/wp-content\/uploads\/2025\/09\/mercedes-3.jpg",1000,667,false],"covernews-featured":["https:\/\/autofans.com.ar\/wp-content\/uploads\/2025\/09\/mercedes-3.jpg",1000,667,false],"covernews-medium":["https:\/\/autofans.com.ar\/wp-content\/uploads\/2025\/09\/mercedes-3-540x340.jpg",540,340,true]},"author_info":{"display_name":"Alejandro Gabriel Rosito","author_link":"https:\/\/autofans.com.ar\/index.php\/author\/gabrielr\/"},"category_info":"<a href=\"https:\/\/autofans.com.ar\/index.php\/category\/lanzamientos\/\" rel=\"category tag\">LANZAMIENTOS<\/a>","tag_info":"LANZAMIENTOS","comment_count":0,"_links":{"self":[{"href":"https:\/\/autofans.com.ar\/index.php\/wp-json\/wp\/v2\/posts\/14178","targetHints":{"allow":["GET"]}}],"collection":[{"href":"https:\/\/autofans.com.ar\/index.php\/wp-json\/wp\/v2\/posts"}],"about":[{"href":"https:\/\/autofans.com.ar\/index.php\/wp-json\/wp\/v2\/types\/post"}],"author":[{"embeddable":true,"href":"https:\/\/autofans.com.ar\/index.php\/wp-json\/wp\/v2\/users\/2"}],"replies":[{"embeddable":true,"href":"https:\/\/autofans.com.ar\/index.php\/wp-json\/wp\/v2\/comments?post=14178"}],"version-history":[{"count":3,"href":"https:\/\/autofans.com.ar\/index.php\/wp-json\/wp\/v2\/posts\/14178\/revisions"}],"predecessor-version":[{"id":14188,"href":"https:\/\/autofans.com.ar\/index.php\/wp-json\/wp\/v2\/posts\/14178\/revisions\/14188"}],"wp:featuredmedia":[{"embeddable":true,"href":"https:\/\/autofans.com.ar\/index.php\/wp-json\/wp\/v2\/media\/14180"}],"wp:attachment":[{"href":"https:\/\/autofans.com.ar\/index.php\/wp-json\/wp\/v2\/media?parent=14178"}],"wp:term":[{"taxonomy":"category","embeddable":true,"href":"https:\/\/autofans.com.ar\/index.php\/wp-json\/wp\/v2\/categories?post=14178"},{"taxonomy":"post_tag","embeddable":true,"href":"https:\/\/autofans.com.ar\/index.php\/wp-json\/wp\/v2\/tags?post=14178"}],"curies":[{"name":"wp","href":"https:\/\/api.w.org\/{rel}","templated":true}]}}