{"id":14190,"date":"2025-09-24T20:36:44","date_gmt":"2025-09-24T23:36:44","guid":{"rendered":"https:\/\/autofans.com.ar\/?p=14190"},"modified":"2025-09-24T20:38:07","modified_gmt":"2025-09-24T23:38:07","slug":"volkswagen-lanza-el-nuevo-tiguan","status":"publish","type":"post","link":"https:\/\/autofans.com.ar\/index.php\/2025\/09\/24\/volkswagen-lanza-el-nuevo-tiguan\/","title":{"rendered":"Volkswagen lanza el Nuevo Tiguan"},"content":{"rendered":"<p class=\"ds-markdown-paragraph\">Volkswagen Argentina acaba de presentar la tercera generaci\u00f3n del Tiguan, un modelo clave a nivel global. Este SUV, que llega importado desde M\u00e9xico sobre la plataforma MQB Evo, marca un antes y un despu\u00e9s con un dise\u00f1o renovado, una dosis tecnol\u00f3gica superior y un equipamiento que lo posiciona en la gama alta.<\/p>\n<p>&nbsp;<\/p>\n<h2 class=\"ds-markdown-paragraph\">Las dos versiones del Nuevo Tiguan &#8211; Life y R-Line<\/h2>\n<p class=\"ds-markdown-paragraph\">Ambas variantes comparten la mec\u00e1nica: un motor 1.4 TSI de 150 caballos, con caja autom\u00e1tica DSG de 7 velocidades y tracci\u00f3n delantera. La diferencia central est\u00e1 en el nivel de confort y tecnolog\u00eda.<\/p>\n<p>&nbsp;<\/p>\n<div id='gallery-1' class='gallery galleryid-14190 gallery-columns-3 gallery-size-full'><figure class='gallery-item'>\n\t\t\t<div class='gallery-icon landscape'>\n\t\t\t\t<a href='https:\/\/autofans.com.ar\/index.php\/2025\/09\/24\/volkswagen-lanza-el-nuevo-tiguan\/volks-7-2\/'><img loading=\"lazy\" width=\"1000\" height=\"667\" src=\"https:\/\/autofans.com.ar\/wp-content\/uploads\/2025\/09\/volks-7.jpg\" class=\"attachment-full size-full\" alt=\"volks-7\" srcset=\"https:\/\/autofans.com.ar\/wp-content\/uploads\/2025\/09\/volks-7.jpg 1000w, https:\/\/autofans.com.ar\/wp-content\/uploads\/2025\/09\/volks-7-300x200.jpg 300w, https:\/\/autofans.com.ar\/wp-content\/uploads\/2025\/09\/volks-7-768x512.jpg 768w\" sizes=\"auto, (max-width: 1000px) 100vw, 1000px\" loading=\"lazy\" decoding=\"async\" \/><\/a>\n\t\t\t<\/div><\/figure><figure class='gallery-item'>\n\t\t\t<div class='gallery-icon landscape'>\n\t\t\t\t<a href='https:\/\/autofans.com.ar\/index.php\/2025\/09\/24\/volkswagen-lanza-el-nuevo-tiguan\/volks-5-2\/'><img loading=\"lazy\" width=\"1000\" height=\"667\" src=\"https:\/\/autofans.com.ar\/wp-content\/uploads\/2025\/09\/volks-5.jpg\" class=\"attachment-full size-full\" alt=\"Tiguan\" srcset=\"https:\/\/autofans.com.ar\/wp-content\/uploads\/2025\/09\/volks-5.jpg 1000w, https:\/\/autofans.com.ar\/wp-content\/uploads\/2025\/09\/volks-5-300x200.jpg 300w, https:\/\/autofans.com.ar\/wp-content\/uploads\/2025\/09\/volks-5-768x512.jpg 768w\" sizes=\"auto, (max-width: 1000px) 100vw, 1000px\" loading=\"lazy\" decoding=\"async\" \/><\/a>\n\t\t\t<\/div><\/figure><figure class='gallery-item'>\n\t\t\t<div class='gallery-icon landscape'>\n\t\t\t\t<a href='https:\/\/autofans.com.ar\/index.php\/2025\/09\/24\/volkswagen-lanza-el-nuevo-tiguan\/volks-4-2\/'><img loading=\"lazy\" width=\"1000\" height=\"667\" src=\"https:\/\/autofans.com.ar\/wp-content\/uploads\/2025\/09\/volks-4.jpg\" class=\"attachment-full size-full\" alt=\"Tiguan\" srcset=\"https:\/\/autofans.com.ar\/wp-content\/uploads\/2025\/09\/volks-4.jpg 1000w, https:\/\/autofans.com.ar\/wp-content\/uploads\/2025\/09\/volks-4-300x200.jpg 300w, https:\/\/autofans.com.ar\/wp-content\/uploads\/2025\/09\/volks-4-768x512.jpg 768w\" sizes=\"auto, (max-width: 1000px) 100vw, 1000px\" loading=\"lazy\" decoding=\"async\" \/><\/a>\n\t\t\t<\/div><\/figure>\n\t\t<\/div>\n\n<p>&nbsp;<\/p>\n<h4 class=\"ds-markdown-paragraph\">Versi\u00f3n Life: tecnolog\u00eda y confort de serie<\/h4>\n<p class=\"ds-markdown-paragraph\">La versi\u00f3n de entrada llega muy bien equipada. En el exterior incluye llantas de 18\u201d, faros full LED y port\u00f3n trasero el\u00e9ctrico. Adentro, lo m\u00e1s destacado es el tablero digital \u201cDigital Cockpit Pro\u201d y una pantalla de infotainment semiflotante de 12.9 pulgadas. Tambi\u00e9n trae climatizador de tres zonas, cargador inal\u00e1mbrico, asistente de estacionamiento aut\u00f3nomo y un sistema clave que incluye arranque sin llave. En seguridad, suma asistente de frenada aut\u00f3noma (Front Assist), control de crucero adaptativo y asistente de mantenimiento de carril.<\/p>\n<h4 class=\"ds-markdown-paragraph\">Versi\u00f3n R-Line: el m\u00e1ximo nivel con estilo deportivo<\/h4>\n<p class=\"ds-markdown-paragraph\">La l\u00ednea R-Line eleva la apuesta. A\u00f1ade llantas de 19\u201d, faros delanteros IQ Light con tecnolog\u00eda Matrix, y emblemas de la marca iluminados. El interior es m\u00e1s lujoso, con asientos delanteros el\u00e9ctricos, con ventilaci\u00f3n, calefacci\u00f3n y funci\u00f3n de masaje, y un techo panor\u00e1mico. La pantalla crece a 15 pulgadas y se complementa con un Head-up Display que proyecta datos en el parabrisas. Un sistema de \u201catm\u00f3sferas\u201d permite sincronizar la iluminaci\u00f3n ambiental de 30 colores con el audio. En seguridad, incorpora asistentes adicionales como el Emergency Assist.<\/p>\n<p>&nbsp;<\/p>\n<blockquote>\n<p style=\"text-align: center;\">\u201cEl Tiguan es un modelo muy especial para Volkswagen a nivel global y regional. Su tercera generaci\u00f3n marca un nuevo cap\u00edtulo en la historia de los SUVW de la marca, combinando dise\u00f1o, tecnolog\u00eda y versatilidad para seguir siendo un referente en el segmento\u201d, expres\u00f3 Mart\u00edn Massimino, Director Comercial del Grupo Volkswagen Argentina.<span class=\"Apple-converted-space\">\u00a0<\/span><\/p>\n<\/blockquote>\n<p>&nbsp;<\/p>\n<h2 class=\"ds-markdown-paragraph\">Precios, colores y postventa del Nuevo Tiguan<\/h2>\n<p>&nbsp;<\/p>\n<div id='gallery-2' class='gallery galleryid-14190 gallery-columns-3 gallery-size-full'><figure class='gallery-item'>\n\t\t\t<div class='gallery-icon landscape'>\n\t\t\t\t<a href='https:\/\/autofans.com.ar\/index.php\/2025\/09\/24\/volkswagen-lanza-el-nuevo-tiguan\/volks-1-2\/'><img loading=\"lazy\" width=\"1000\" height=\"667\" src=\"https:\/\/autofans.com.ar\/wp-content\/uploads\/2025\/09\/volks-1.jpg\" class=\"attachment-full size-full\" alt=\"Tiguan\" srcset=\"https:\/\/autofans.com.ar\/wp-content\/uploads\/2025\/09\/volks-1.jpg 1000w, https:\/\/autofans.com.ar\/wp-content\/uploads\/2025\/09\/volks-1-300x200.jpg 300w, https:\/\/autofans.com.ar\/wp-content\/uploads\/2025\/09\/volks-1-768x512.jpg 768w\" sizes=\"auto, (max-width: 1000px) 100vw, 1000px\" loading=\"lazy\" decoding=\"async\" \/><\/a>\n\t\t\t<\/div><\/figure><figure class='gallery-item'>\n\t\t\t<div class='gallery-icon landscape'>\n\t\t\t\t<a href='https:\/\/autofans.com.ar\/index.php\/2025\/09\/24\/volkswagen-lanza-el-nuevo-tiguan\/volks-3-2\/'><img loading=\"lazy\" width=\"1000\" height=\"667\" src=\"https:\/\/autofans.com.ar\/wp-content\/uploads\/2025\/09\/volks-3.jpg\" class=\"attachment-full size-full\" alt=\"Tiguan\" srcset=\"https:\/\/autofans.com.ar\/wp-content\/uploads\/2025\/09\/volks-3.jpg 1000w, https:\/\/autofans.com.ar\/wp-content\/uploads\/2025\/09\/volks-3-300x200.jpg 300w, https:\/\/autofans.com.ar\/wp-content\/uploads\/2025\/09\/volks-3-768x512.jpg 768w\" sizes=\"auto, (max-width: 1000px) 100vw, 1000px\" loading=\"lazy\" decoding=\"async\" \/><\/a>\n\t\t\t<\/div><\/figure><figure class='gallery-item'>\n\t\t\t<div class='gallery-icon landscape'>\n\t\t\t\t<a href='https:\/\/autofans.com.ar\/index.php\/2025\/09\/24\/volkswagen-lanza-el-nuevo-tiguan\/volks-2-2\/'><img loading=\"lazy\" width=\"1000\" height=\"667\" src=\"https:\/\/autofans.com.ar\/wp-content\/uploads\/2025\/09\/volks-2.jpg\" class=\"attachment-full size-full\" alt=\"Tiguan\" srcset=\"https:\/\/autofans.com.ar\/wp-content\/uploads\/2025\/09\/volks-2.jpg 1000w, https:\/\/autofans.com.ar\/wp-content\/uploads\/2025\/09\/volks-2-300x200.jpg 300w, https:\/\/autofans.com.ar\/wp-content\/uploads\/2025\/09\/volks-2-768x512.jpg 768w\" sizes=\"auto, (max-width: 1000px) 100vw, 1000px\" loading=\"lazy\" decoding=\"async\" \/><\/a>\n\t\t\t<\/div><\/figure>\n\t\t<\/div>\n\n<p>&nbsp;<\/p>\n<p class=\"ds-markdown-paragraph\"><strong>Precios:<\/strong><\/p>\n<p class=\"ds-markdown-paragraph\">Nuevo Volkswagen Tiguan Life: $70.663.800<\/p>\n<p class=\"ds-markdown-paragraph\">Nuevo Volkswagen Tiguan R-Line: $74.374.650<\/p>\n<p class=\"ds-markdown-paragraph\"><strong>Colores:<\/strong> La paleta ofrece seis opciones, incluyendo los nuevos tonos Azul Pac\u00edfico y Blanco Marfil, junto a Blanco Puro, Negro Profundo, Gris Pirita y Gris Platino.<\/p>\n<p class=\"ds-markdown-paragraph\"><strong>Postventa:<\/strong> Volkswagen respalda al Tiguan con una garant\u00eda de 3 a\u00f1os o 100.000 km. Adem\u00e1s, incluye los primeros tres servicios de mantenimiento bonificados. La marca ofrece la posibilidad de contratar planes de mantenimiento prepagos hasta el s\u00e9ptimo servicio.<\/p>\n<p>&nbsp;<\/p>\n<p><center><\/center><center><iframe title=\"Nuevo Volkswagen Tiguan 2024 llega a Argentina con dos versiones y un cambio tecnol\u00f3gico radical.\" width=\"640\" height=\"480\" src=\"https:\/\/www.youtube.com\/embed\/lmDZL5Ssaf0?feature=oembed\" frameborder=\"0\" allow=\"accelerometer; autoplay; clipboard-write; encrypted-media; gyroscope; picture-in-picture; web-share\" referrerpolicy=\"strict-origin-when-cross-origin\" allowfullscreen><\/iframe><\/p>\n<p>&nbsp;<\/p>\n<p>&nbsp;<\/p>\n<p><\/center><\/p>\n<p class=\"ds-markdown-paragraph\">El Nuevo Tiguan ya se encuentra disponible en todos los concesionarios oficiales de la marca en el pa\u00eds.<\/p>\n<p>&nbsp;<\/p>\n<p>&nbsp;<\/p>\n<p><i>Para enterarte de m\u00e1s novedades, no dejes de leer\u00a0<\/i><a href=\"https:\/\/autofans.thebrandsoup.com\/\"><i>nuestras notas<\/i><\/a><i>, de ver\u00a0<\/i><a href=\"https:\/\/www.youtube.com\/channel\/UCgAC8UGHZYbT6P7PpmVnP7g\"><i>AUTOFANS TV<\/i><\/a><i>\u00a0en nuestro\u00a0canal de Youtube. Adem\u00e1s seguinos en\u00a0<\/i><a href=\"https:\/\/www.instagram.com\/autofanstv\/\"><i>INSTAGRAM<\/i><\/a><i> y <\/i><a href=\"https:\/\/www.facebook.com\/autofansmas\/\"><i>FACEBOOK<\/i><\/a><i> para no perderte nada sobre las novedades del segmento automotor de Argentina y el mundo.<\/i><\/p>\n","protected":false},"excerpt":{"rendered":"<p>Volkswagen Argentina acaba de presentar la tercera generaci\u00f3n del Tiguan, un modelo clave a nivel&#8230;<\/p>\n","protected":false},"author":2,"featured_media":14200,"comment_status":"closed","ping_status":"closed","sticky":false,"template":"","format":"standard","meta":{"footnotes":""},"categories":[3,1],"tags":[7323,7412,7416,6794,7085,4603,7414,7415,75,7413],"class_list":["post-14190","post","type-post","status-publish","format-standard","has-post-thumbnail","hentry","category-autos","category-lanzamientos","tag-lanzamiento-automotor","tag-nuevo-volkswagen-tiguan","tag-precios-volkswagen","tag-suv-argentino","tag-suv-familiar","tag-suv-premium","tag-tiguan-life","tag-tiguan-r-line","tag-volkswagen-argentina","tag-vw-tiguan-2024"],"yoast_head":"<!-- This site is optimized with the Yoast SEO plugin v27.5 - https:\/\/yoast.com\/product\/yoast-seo-wordpress\/ -->\n<title>Volkswagen lanza el Nuevo Tiguan -<\/title>\n<meta name=\"description\" content=\"Volkswagen Argentina presenta la tercera generaci\u00f3n del Tiguan. Este SUV, que llega importado desde M\u00e9xico sobre la plataforma MQB Evo...\" \/>\n<meta name=\"robots\" content=\"index, follow, max-snippet:-1, max-image-preview:large, max-video-preview:-1\" \/>\n<link rel=\"canonical\" href=\"https:\/\/autofans.com.ar\/index.php\/2025\/09\/24\/volkswagen-lanza-el-nuevo-tiguan\/\" \/>\n<meta property=\"og:locale\" content=\"es_ES\" \/>\n<meta property=\"og:type\" content=\"article\" \/>\n<meta property=\"og:title\" content=\"Volkswagen lanza el Nuevo Tiguan -\" \/>\n<meta property=\"og:description\" content=\"Volkswagen Argentina presenta la tercera generaci\u00f3n del Tiguan. Este SUV, que llega importado desde M\u00e9xico sobre la plataforma MQB Evo...\" \/>\n<meta property=\"og:url\" content=\"https:\/\/autofans.com.ar\/index.php\/2025\/09\/24\/volkswagen-lanza-el-nuevo-tiguan\/\" \/>\n<meta property=\"article:published_time\" content=\"2025-09-24T23:36:44+00:00\" \/>\n<meta property=\"article:modified_time\" content=\"2025-09-24T23:38:07+00:00\" \/>\n<meta property=\"og:image\" content=\"https:\/\/autofans.com.ar\/wp-content\/uploads\/2025\/09\/volks-6.jpg\" \/>\n\t<meta property=\"og:image:width\" content=\"1000\" \/>\n\t<meta property=\"og:image:height\" content=\"667\" \/>\n\t<meta property=\"og:image:type\" content=\"image\/jpeg\" \/>\n<meta name=\"author\" content=\"Alejandro Gabriel Rosito\" \/>\n<meta name=\"twitter:card\" content=\"summary_large_image\" \/>\n<meta name=\"twitter:label1\" content=\"Escrito por\" \/>\n\t<meta name=\"twitter:data1\" content=\"Alejandro Gabriel Rosito\" \/>\n\t<meta name=\"twitter:label2\" content=\"Tiempo de lectura\" \/>\n\t<meta name=\"twitter:data2\" content=\"3 minutos\" \/>\n<script type=\"application\/ld+json\" class=\"yoast-schema-graph\">{\"@context\":\"https:\\\/\\\/schema.org\",\"@graph\":[{\"@type\":\"Article\",\"@id\":\"https:\\\/\\\/autofans.com.ar\\\/index.php\\\/2025\\\/09\\\/24\\\/volkswagen-lanza-el-nuevo-tiguan\\\/#article\",\"isPartOf\":{\"@id\":\"https:\\\/\\\/autofans.com.ar\\\/index.php\\\/2025\\\/09\\\/24\\\/volkswagen-lanza-el-nuevo-tiguan\\\/\"},\"author\":{\"name\":\"Alejandro Gabriel Rosito\",\"@id\":\"https:\\\/\\\/autofans.com.ar\\\/#\\\/schema\\\/person\\\/4a8dda0b6df83ac3d6723e921274c2aa\"},\"headline\":\"Volkswagen lanza el Nuevo Tiguan\",\"datePublished\":\"2025-09-24T23:36:44+00:00\",\"dateModified\":\"2025-09-24T23:38:07+00:00\",\"mainEntityOfPage\":{\"@id\":\"https:\\\/\\\/autofans.com.ar\\\/index.php\\\/2025\\\/09\\\/24\\\/volkswagen-lanza-el-nuevo-tiguan\\\/\"},\"wordCount\":536,\"image\":{\"@id\":\"https:\\\/\\\/autofans.com.ar\\\/index.php\\\/2025\\\/09\\\/24\\\/volkswagen-lanza-el-nuevo-tiguan\\\/#primaryimage\"},\"thumbnailUrl\":\"https:\\\/\\\/autofans.com.ar\\\/wp-content\\\/uploads\\\/2025\\\/09\\\/volks-6.jpg\",\"keywords\":[\"lanzamiento automotor\",\"Nuevo Volkswagen Tiguan\",\"precios Volkswagen\",\"SUV argentino\",\"SUV familiar\",\"SUV Premium\",\"Tiguan Life\",\"Tiguan R-Line\",\"Volkswagen Argentina\",\"VW Tiguan 2024\"],\"articleSection\":[\"AUTOS y SUV\",\"LANZAMIENTOS\"],\"inLanguage\":\"es\"},{\"@type\":\"WebPage\",\"@id\":\"https:\\\/\\\/autofans.com.ar\\\/index.php\\\/2025\\\/09\\\/24\\\/volkswagen-lanza-el-nuevo-tiguan\\\/\",\"url\":\"https:\\\/\\\/autofans.com.ar\\\/index.php\\\/2025\\\/09\\\/24\\\/volkswagen-lanza-el-nuevo-tiguan\\\/\",\"name\":\"Volkswagen lanza el Nuevo Tiguan -\",\"isPartOf\":{\"@id\":\"https:\\\/\\\/autofans.com.ar\\\/#website\"},\"primaryImageOfPage\":{\"@id\":\"https:\\\/\\\/autofans.com.ar\\\/index.php\\\/2025\\\/09\\\/24\\\/volkswagen-lanza-el-nuevo-tiguan\\\/#primaryimage\"},\"image\":{\"@id\":\"https:\\\/\\\/autofans.com.ar\\\/index.php\\\/2025\\\/09\\\/24\\\/volkswagen-lanza-el-nuevo-tiguan\\\/#primaryimage\"},\"thumbnailUrl\":\"https:\\\/\\\/autofans.com.ar\\\/wp-content\\\/uploads\\\/2025\\\/09\\\/volks-6.jpg\",\"datePublished\":\"2025-09-24T23:36:44+00:00\",\"dateModified\":\"2025-09-24T23:38:07+00:00\",\"author\":{\"@id\":\"https:\\\/\\\/autofans.com.ar\\\/#\\\/schema\\\/person\\\/4a8dda0b6df83ac3d6723e921274c2aa\"},\"description\":\"Volkswagen Argentina presenta la tercera generaci\u00f3n del Tiguan. Este SUV, que llega importado desde M\u00e9xico sobre la plataforma MQB Evo...\",\"breadcrumb\":{\"@id\":\"https:\\\/\\\/autofans.com.ar\\\/index.php\\\/2025\\\/09\\\/24\\\/volkswagen-lanza-el-nuevo-tiguan\\\/#breadcrumb\"},\"inLanguage\":\"es\",\"potentialAction\":[{\"@type\":\"ReadAction\",\"target\":[\"https:\\\/\\\/autofans.com.ar\\\/index.php\\\/2025\\\/09\\\/24\\\/volkswagen-lanza-el-nuevo-tiguan\\\/\"]}]},{\"@type\":\"ImageObject\",\"inLanguage\":\"es\",\"@id\":\"https:\\\/\\\/autofans.com.ar\\\/index.php\\\/2025\\\/09\\\/24\\\/volkswagen-lanza-el-nuevo-tiguan\\\/#primaryimage\",\"url\":\"https:\\\/\\\/autofans.com.ar\\\/wp-content\\\/uploads\\\/2025\\\/09\\\/volks-6.jpg\",\"contentUrl\":\"https:\\\/\\\/autofans.com.ar\\\/wp-content\\\/uploads\\\/2025\\\/09\\\/volks-6.jpg\",\"width\":1000,\"height\":667,\"caption\":\"Tiguan\"},{\"@type\":\"BreadcrumbList\",\"@id\":\"https:\\\/\\\/autofans.com.ar\\\/index.php\\\/2025\\\/09\\\/24\\\/volkswagen-lanza-el-nuevo-tiguan\\\/#breadcrumb\",\"itemListElement\":[{\"@type\":\"ListItem\",\"position\":1,\"name\":\"Inicio\",\"item\":\"https:\\\/\\\/autofans.com.ar\\\/\"},{\"@type\":\"ListItem\",\"position\":2,\"name\":\"Volkswagen lanza el Nuevo Tiguan\"}]},{\"@type\":\"WebSite\",\"@id\":\"https:\\\/\\\/autofans.com.ar\\\/#website\",\"url\":\"https:\\\/\\\/autofans.com.ar\\\/\",\"name\":\"\",\"description\":\"El multimedio referente de la industria automotriz\",\"potentialAction\":[{\"@type\":\"SearchAction\",\"target\":{\"@type\":\"EntryPoint\",\"urlTemplate\":\"https:\\\/\\\/autofans.com.ar\\\/?s={search_term_string}\"},\"query-input\":{\"@type\":\"PropertyValueSpecification\",\"valueRequired\":true,\"valueName\":\"search_term_string\"}}],\"inLanguage\":\"es\"},{\"@type\":\"Person\",\"@id\":\"https:\\\/\\\/autofans.com.ar\\\/#\\\/schema\\\/person\\\/4a8dda0b6df83ac3d6723e921274c2aa\",\"name\":\"Alejandro Gabriel Rosito\",\"image\":{\"@type\":\"ImageObject\",\"inLanguage\":\"es\",\"@id\":\"https:\\\/\\\/secure.gravatar.com\\\/avatar\\\/16c5dda1489adfc62618084dcbb91cffd879c374b13fe5dd8e44ed6733852c88?s=96&d=mm&r=g\",\"url\":\"https:\\\/\\\/secure.gravatar.com\\\/avatar\\\/16c5dda1489adfc62618084dcbb91cffd879c374b13fe5dd8e44ed6733852c88?s=96&d=mm&r=g\",\"contentUrl\":\"https:\\\/\\\/secure.gravatar.com\\\/avatar\\\/16c5dda1489adfc62618084dcbb91cffd879c374b13fe5dd8e44ed6733852c88?s=96&d=mm&r=g\",\"caption\":\"Alejandro Gabriel Rosito\"},\"url\":\"https:\\\/\\\/autofans.com.ar\\\/index.php\\\/author\\\/gabrielr\\\/\"}]}<\/script>\n<!-- \/ Yoast SEO plugin. -->","yoast_head_json":{"title":"Volkswagen lanza el Nuevo Tiguan -","description":"Volkswagen Argentina presenta la tercera generaci\u00f3n del Tiguan. Este SUV, que llega importado desde M\u00e9xico sobre la plataforma MQB Evo...","robots":{"index":"index","follow":"follow","max-snippet":"max-snippet:-1","max-image-preview":"max-image-preview:large","max-video-preview":"max-video-preview:-1"},"canonical":"https:\/\/autofans.com.ar\/index.php\/2025\/09\/24\/volkswagen-lanza-el-nuevo-tiguan\/","og_locale":"es_ES","og_type":"article","og_title":"Volkswagen lanza el Nuevo Tiguan -","og_description":"Volkswagen Argentina presenta la tercera generaci\u00f3n del Tiguan. Este SUV, que llega importado desde M\u00e9xico sobre la plataforma MQB Evo...","og_url":"https:\/\/autofans.com.ar\/index.php\/2025\/09\/24\/volkswagen-lanza-el-nuevo-tiguan\/","article_published_time":"2025-09-24T23:36:44+00:00","article_modified_time":"2025-09-24T23:38:07+00:00","og_image":[{"width":1000,"height":667,"url":"https:\/\/autofans.com.ar\/wp-content\/uploads\/2025\/09\/volks-6.jpg","type":"image\/jpeg"}],"author":"Alejandro Gabriel Rosito","twitter_card":"summary_large_image","twitter_misc":{"Escrito por":"Alejandro Gabriel Rosito","Tiempo de lectura":"3 minutos"},"schema":{"@context":"https:\/\/schema.org","@graph":[{"@type":"Article","@id":"https:\/\/autofans.com.ar\/index.php\/2025\/09\/24\/volkswagen-lanza-el-nuevo-tiguan\/#article","isPartOf":{"@id":"https:\/\/autofans.com.ar\/index.php\/2025\/09\/24\/volkswagen-lanza-el-nuevo-tiguan\/"},"author":{"name":"Alejandro Gabriel Rosito","@id":"https:\/\/autofans.com.ar\/#\/schema\/person\/4a8dda0b6df83ac3d6723e921274c2aa"},"headline":"Volkswagen lanza el Nuevo Tiguan","datePublished":"2025-09-24T23:36:44+00:00","dateModified":"2025-09-24T23:38:07+00:00","mainEntityOfPage":{"@id":"https:\/\/autofans.com.ar\/index.php\/2025\/09\/24\/volkswagen-lanza-el-nuevo-tiguan\/"},"wordCount":536,"image":{"@id":"https:\/\/autofans.com.ar\/index.php\/2025\/09\/24\/volkswagen-lanza-el-nuevo-tiguan\/#primaryimage"},"thumbnailUrl":"https:\/\/autofans.com.ar\/wp-content\/uploads\/2025\/09\/volks-6.jpg","keywords":["lanzamiento automotor","Nuevo Volkswagen Tiguan","precios Volkswagen","SUV argentino","SUV familiar","SUV Premium","Tiguan Life","Tiguan R-Line","Volkswagen Argentina","VW Tiguan 2024"],"articleSection":["AUTOS y SUV","LANZAMIENTOS"],"inLanguage":"es"},{"@type":"WebPage","@id":"https:\/\/autofans.com.ar\/index.php\/2025\/09\/24\/volkswagen-lanza-el-nuevo-tiguan\/","url":"https:\/\/autofans.com.ar\/index.php\/2025\/09\/24\/volkswagen-lanza-el-nuevo-tiguan\/","name":"Volkswagen lanza el Nuevo Tiguan -","isPartOf":{"@id":"https:\/\/autofans.com.ar\/#website"},"primaryImageOfPage":{"@id":"https:\/\/autofans.com.ar\/index.php\/2025\/09\/24\/volkswagen-lanza-el-nuevo-tiguan\/#primaryimage"},"image":{"@id":"https:\/\/autofans.com.ar\/index.php\/2025\/09\/24\/volkswagen-lanza-el-nuevo-tiguan\/#primaryimage"},"thumbnailUrl":"https:\/\/autofans.com.ar\/wp-content\/uploads\/2025\/09\/volks-6.jpg","datePublished":"2025-09-24T23:36:44+00:00","dateModified":"2025-09-24T23:38:07+00:00","author":{"@id":"https:\/\/autofans.com.ar\/#\/schema\/person\/4a8dda0b6df83ac3d6723e921274c2aa"},"description":"Volkswagen Argentina presenta la tercera generaci\u00f3n del Tiguan. Este SUV, que llega importado desde M\u00e9xico sobre la plataforma MQB Evo...","breadcrumb":{"@id":"https:\/\/autofans.com.ar\/index.php\/2025\/09\/24\/volkswagen-lanza-el-nuevo-tiguan\/#breadcrumb"},"inLanguage":"es","potentialAction":[{"@type":"ReadAction","target":["https:\/\/autofans.com.ar\/index.php\/2025\/09\/24\/volkswagen-lanza-el-nuevo-tiguan\/"]}]},{"@type":"ImageObject","inLanguage":"es","@id":"https:\/\/autofans.com.ar\/index.php\/2025\/09\/24\/volkswagen-lanza-el-nuevo-tiguan\/#primaryimage","url":"https:\/\/autofans.com.ar\/wp-content\/uploads\/2025\/09\/volks-6.jpg","contentUrl":"https:\/\/autofans.com.ar\/wp-content\/uploads\/2025\/09\/volks-6.jpg","width":1000,"height":667,"caption":"Tiguan"},{"@type":"BreadcrumbList","@id":"https:\/\/autofans.com.ar\/index.php\/2025\/09\/24\/volkswagen-lanza-el-nuevo-tiguan\/#breadcrumb","itemListElement":[{"@type":"ListItem","position":1,"name":"Inicio","item":"https:\/\/autofans.com.ar\/"},{"@type":"ListItem","position":2,"name":"Volkswagen lanza el Nuevo Tiguan"}]},{"@type":"WebSite","@id":"https:\/\/autofans.com.ar\/#website","url":"https:\/\/autofans.com.ar\/","name":"","description":"El multimedio referente de la industria automotriz","potentialAction":[{"@type":"SearchAction","target":{"@type":"EntryPoint","urlTemplate":"https:\/\/autofans.com.ar\/?s={search_term_string}"},"query-input":{"@type":"PropertyValueSpecification","valueRequired":true,"valueName":"search_term_string"}}],"inLanguage":"es"},{"@type":"Person","@id":"https:\/\/autofans.com.ar\/#\/schema\/person\/4a8dda0b6df83ac3d6723e921274c2aa","name":"Alejandro Gabriel Rosito","image":{"@type":"ImageObject","inLanguage":"es","@id":"https:\/\/secure.gravatar.com\/avatar\/16c5dda1489adfc62618084dcbb91cffd879c374b13fe5dd8e44ed6733852c88?s=96&d=mm&r=g","url":"https:\/\/secure.gravatar.com\/avatar\/16c5dda1489adfc62618084dcbb91cffd879c374b13fe5dd8e44ed6733852c88?s=96&d=mm&r=g","contentUrl":"https:\/\/secure.gravatar.com\/avatar\/16c5dda1489adfc62618084dcbb91cffd879c374b13fe5dd8e44ed6733852c88?s=96&d=mm&r=g","caption":"Alejandro Gabriel Rosito"},"url":"https:\/\/autofans.com.ar\/index.php\/author\/gabrielr\/"}]}},"featured_image_urls":{"full":["https:\/\/autofans.com.ar\/wp-content\/uploads\/2025\/09\/volks-6.jpg",1000,667,false],"thumbnail":["https:\/\/autofans.com.ar\/wp-content\/uploads\/2025\/09\/volks-6-150x150.jpg",150,150,true],"medium":["https:\/\/autofans.com.ar\/wp-content\/uploads\/2025\/09\/volks-6-300x200.jpg",300,200,true],"medium_large":["https:\/\/autofans.com.ar\/wp-content\/uploads\/2025\/09\/volks-6-768x512.jpg",640,427,true],"large":["https:\/\/autofans.com.ar\/wp-content\/uploads\/2025\/09\/volks-6.jpg",640,427,false],"1536x1536":["https:\/\/autofans.com.ar\/wp-content\/uploads\/2025\/09\/volks-6.jpg",1000,667,false],"2048x2048":["https:\/\/autofans.com.ar\/wp-content\/uploads\/2025\/09\/volks-6.jpg",1000,667,false],"covernews-featured":["https:\/\/autofans.com.ar\/wp-content\/uploads\/2025\/09\/volks-6.jpg",1000,667,false],"covernews-medium":["https:\/\/autofans.com.ar\/wp-content\/uploads\/2025\/09\/volks-6-540x340.jpg",540,340,true]},"author_info":{"display_name":"Alejandro Gabriel Rosito","author_link":"https:\/\/autofans.com.ar\/index.php\/author\/gabrielr\/"},"category_info":"<a href=\"https:\/\/autofans.com.ar\/index.php\/category\/noticias\/autos\/\" rel=\"category tag\">AUTOS y SUV<\/a> <a href=\"https:\/\/autofans.com.ar\/index.php\/category\/lanzamientos\/\" rel=\"category tag\">LANZAMIENTOS<\/a>","tag_info":"LANZAMIENTOS","comment_count":0,"_links":{"self":[{"href":"https:\/\/autofans.com.ar\/index.php\/wp-json\/wp\/v2\/posts\/14190","targetHints":{"allow":["GET"]}}],"collection":[{"href":"https:\/\/autofans.com.ar\/index.php\/wp-json\/wp\/v2\/posts"}],"about":[{"href":"https:\/\/autofans.com.ar\/index.php\/wp-json\/wp\/v2\/types\/post"}],"author":[{"embeddable":true,"href":"https:\/\/autofans.com.ar\/index.php\/wp-json\/wp\/v2\/users\/2"}],"replies":[{"embeddable":true,"href":"https:\/\/autofans.com.ar\/index.php\/wp-json\/wp\/v2\/comments?post=14190"}],"version-history":[{"count":11,"href":"https:\/\/autofans.com.ar\/index.php\/wp-json\/wp\/v2\/posts\/14190\/revisions"}],"predecessor-version":[{"id":14210,"href":"https:\/\/autofans.com.ar\/index.php\/wp-json\/wp\/v2\/posts\/14190\/revisions\/14210"}],"wp:featuredmedia":[{"embeddable":true,"href":"https:\/\/autofans.com.ar\/index.php\/wp-json\/wp\/v2\/media\/14200"}],"wp:attachment":[{"href":"https:\/\/autofans.com.ar\/index.php\/wp-json\/wp\/v2\/media?parent=14190"}],"wp:term":[{"taxonomy":"category","embeddable":true,"href":"https:\/\/autofans.com.ar\/index.php\/wp-json\/wp\/v2\/categories?post=14190"},{"taxonomy":"post_tag","embeddable":true,"href":"https:\/\/autofans.com.ar\/index.php\/wp-json\/wp\/v2\/tags?post=14190"}],"curies":[{"name":"wp","href":"https:\/\/api.w.org\/{rel}","templated":true}]}}