{"id":14222,"date":"2025-09-26T11:03:56","date_gmt":"2025-09-26T14:03:56","guid":{"rendered":"https:\/\/autofans.com.ar\/?p=14222"},"modified":"2025-09-26T11:03:56","modified_gmt":"2025-09-26T14:03:56","slug":"gwm-vehiculo-oficial-de-la-irenita-la-hache","status":"publish","type":"post","link":"https:\/\/autofans.com.ar\/index.php\/2025\/09\/26\/gwm-vehiculo-oficial-de-la-irenita-la-hache\/","title":{"rendered":"GWM, veh\u00edculo oficial de La Irenita\/La Hache"},"content":{"rendered":"<p class=\"ds-markdown-paragraph\">GWM, importada en el pa\u00eds por el Grupo Antelo, dio un paso clave en su posicionamiento al convertirse en el veh\u00edculo oficial del flamante equipo La Irenita\/La Hache Polo Team para la temporada 2025. Este sponsorship de alto impacto marca el debut de la automotriz en el apoyo a equipos de polo.<\/p>\n<p>&nbsp;<\/p>\n<h2 class=\"ds-markdown-paragraph\">Un equipo estelar para los torneos m\u00e1s importantes<\/h2>\n<p>&nbsp;<\/p>\n<p><img fetchpriority=\"high\" decoding=\"async\" class=\"aligncenter wp-image-14224 size-full\" src=\"https:\/\/autofans.com.ar\/wp-content\/uploads\/2025\/09\/GWM-2-1.jpg\" alt=\"GWM\" width=\"1000\" height=\"667\" srcset=\"https:\/\/autofans.com.ar\/wp-content\/uploads\/2025\/09\/GWM-2-1.jpg 1000w, https:\/\/autofans.com.ar\/wp-content\/uploads\/2025\/09\/GWM-2-1-300x200.jpg 300w, https:\/\/autofans.com.ar\/wp-content\/uploads\/2025\/09\/GWM-2-1-768x512.jpg 768w\" sizes=\"(max-width: 1000px) 100vw, 1000px\" \/><\/p>\n<p>&nbsp;<\/p>\n<p class=\"ds-markdown-paragraph\">La formaci\u00f3n que patrocinar\u00e1 GWM es uno de los equipos de mayor h\u00e1ndicap de la temporada, con un total de 37 goles. Lo integran figuras de primer nivel mundial: Pablo Mac Donough (10), Hilario Ulloa (9), Francisco Elizalde (9) e Ignatius Du Plessis (9). El objetivo claro del team es disputar la Triple Corona, que incluye los abiertos de Tortugas, Hurlingham y Palermo, este \u00faltimo considerado el torneo m\u00e1s importante a nivel global.<\/p>\n<p>&nbsp;<\/p>\n<blockquote>\n<p class=\"ds-markdown-paragraph\" style=\"text-align: center;\">Alejandro Nicolini, Gerente General del Grupo Antelo, destac\u00f3 la sinergia entre ambas partes: \u201cEs un orgullo para GWM y para el Grupo Antelo acompa\u00f1ar al equipo La Irenita\/La Hache en este camino hacia la triple corona. Ambas marcas compartimos los valores del esfuerzo y el trabajo en equipo\u201d. Esta alianza refleja la estrategia de GWM de asociarse con referentes que exigen excelencia y performance.<\/p>\n<\/blockquote>\n<h2 class=\"ds-markdown-paragraph\">El Tank 300 &#8211; potencia y seguridad para la adrenalina<\/h2>\n<p class=\"ds-markdown-paragraph\">Durante los torneos, el equipo utilizar\u00e1 el SUV Tank 300, dise\u00f1ado para el off road extremo. Est\u00e1 equipado con un motor 2.0 Turbo que entrega 217 HP, asociado a una transmisi\u00f3n autom\u00e1tica ZF de 8 velocidades. Su sistema de tracci\u00f3n 4&#215;4 incluye 6 modos de conducci\u00f3n off road, bloqueo de diferenciales y diversas asistencias. Este modelo cuenta con la m\u00e1xima calificaci\u00f3n de seguridad de 5 estrellas en las pruebas de ANCAP y ofrece una garant\u00eda extensa de 6 a\u00f1os o 200.000 km.<\/p>\n<p>&nbsp;<\/p>\n<p><img decoding=\"async\" class=\"aligncenter wp-image-14225 size-full\" src=\"https:\/\/autofans.com.ar\/wp-content\/uploads\/2025\/09\/GWM-1-1.jpg\" alt=\"GWM\" width=\"1000\" height=\"667\" srcset=\"https:\/\/autofans.com.ar\/wp-content\/uploads\/2025\/09\/GWM-1-1.jpg 1000w, https:\/\/autofans.com.ar\/wp-content\/uploads\/2025\/09\/GWM-1-1-300x200.jpg 300w, https:\/\/autofans.com.ar\/wp-content\/uploads\/2025\/09\/GWM-1-1-768x512.jpg 768w\" sizes=\"(max-width: 1000px) 100vw, 1000px\" \/><\/p>\n<p>&nbsp;<\/p>\n<h2 class=\"ds-markdown-paragraph\">La Pick Up Poer de GWM &#8211; la encargada de la log\u00edstica<\/h2>\n<p class=\"ds-markdown-paragraph\">Para las tareas de apoyo y log\u00edstica, estar\u00e1 presente la pick up Poer. Motorizada con un eficiente di\u00e9sel 2.0 litros VGT, cuenta con transmisi\u00f3n mec\u00e1nica de 6 velocidades ZF y opciones de tracci\u00f3n 2WD o 4WD. Combina robustez y durabilidad con un equipamiento completo en seguridad y confort, ideal para los requerimientos de un equipo de alto rendimiento.<\/p>\n<p class=\"ds-markdown-paragraph\">Esta movida de GWM no solo acerca sus veh\u00edculos a un p\u00fablico exigente, sino que tambi\u00e9n consolida su imagen en el mercado argentino vinculada al alto desempe\u00f1o.<\/p>\n<p>&nbsp;<\/p>\n<p>&nbsp;<\/p>\n<p>&nbsp;<\/p>\n<p><i>Para enterarte de m\u00e1s novedades, no dejes de leer\u00a0<\/i><a href=\"https:\/\/autofans.thebrandsoup.com\/\"><i>nuestras notas<\/i><\/a><i>, de ver\u00a0<\/i><a href=\"https:\/\/www.youtube.com\/channel\/UCgAC8UGHZYbT6P7PpmVnP7g\"><i>AUTOFANS TV<\/i><\/a><i>\u00a0en nuestro\u00a0canal de Youtube. Adem\u00e1s seguinos en\u00a0<\/i><a href=\"https:\/\/www.instagram.com\/autofanstv\/\"><i>INSTAGRAM<\/i><\/a><i> y <\/i><a href=\"https:\/\/www.facebook.com\/autofansmas\/\"><i>FACEBOOK<\/i><\/a><i> para no perderte nada sobre las novedades del segmento automotor de Argentina y el mundo.<\/i><\/p>\n","protected":false},"excerpt":{"rendered":"<p>GWM, importada en el pa\u00eds por el Grupo Antelo, dio un paso clave en su&#8230;<\/p>\n","protected":false},"author":2,"featured_media":14223,"comment_status":"closed","ping_status":"closed","sticky":false,"template":"","format":"standard","meta":{"footnotes":""},"categories":[292,16],"tags":[7437,7434,7429,7431,7438,7433,7430,7432,7436,7435],"class_list":["post-14222","post","type-post","status-publish","format-standard","has-post-thumbnail","hentry","category-empresas","category-noticias","tag-autos-4x4-argentina","tag-grupo-antelo","tag-gwm-argentina","tag-la-irenita-la-hache","tag-pick-up-diesel","tag-poer","tag-polo-argentino","tag-tank-300","tag-triple-corona-polo","tag-vehiculo-oficial-polo"],"yoast_head":"<!-- This site is optimized with the Yoast SEO plugin v27.5 - https:\/\/yoast.com\/product\/yoast-seo-wordpress\/ -->\n<title>GWM, veh\u00edculo oficial de La Irenita\/La Hache -<\/title>\n<meta name=\"description\" content=\"GWM, importada en el pa\u00eds por el Grupo Antelo se convierte en el veh\u00edculo oficial del equipo La Irenita\/La Hache Polo Team en la temporada\/25\" \/>\n<meta name=\"robots\" content=\"index, follow, max-snippet:-1, max-image-preview:large, max-video-preview:-1\" \/>\n<link rel=\"canonical\" href=\"https:\/\/autofans.com.ar\/index.php\/2025\/09\/26\/gwm-vehiculo-oficial-de-la-irenita-la-hache\/\" \/>\n<meta property=\"og:locale\" content=\"es_ES\" \/>\n<meta property=\"og:type\" content=\"article\" \/>\n<meta property=\"og:title\" content=\"GWM, veh\u00edculo oficial de La Irenita\/La Hache -\" \/>\n<meta property=\"og:description\" content=\"GWM, importada en el pa\u00eds por el Grupo Antelo se convierte en el veh\u00edculo oficial del equipo La Irenita\/La Hache Polo Team en la temporada\/25\" \/>\n<meta property=\"og:url\" content=\"https:\/\/autofans.com.ar\/index.php\/2025\/09\/26\/gwm-vehiculo-oficial-de-la-irenita-la-hache\/\" \/>\n<meta property=\"article:published_time\" content=\"2025-09-26T14:03:56+00:00\" \/>\n<meta property=\"og:image\" content=\"https:\/\/autofans.com.ar\/wp-content\/uploads\/2025\/09\/GWM-3.jpg\" \/>\n\t<meta property=\"og:image:width\" content=\"1000\" \/>\n\t<meta property=\"og:image:height\" content=\"667\" \/>\n\t<meta property=\"og:image:type\" content=\"image\/jpeg\" \/>\n<meta name=\"author\" content=\"Alejandro Gabriel Rosito\" \/>\n<meta name=\"twitter:card\" content=\"summary_large_image\" \/>\n<meta name=\"twitter:label1\" content=\"Escrito por\" \/>\n\t<meta name=\"twitter:data1\" content=\"Alejandro Gabriel Rosito\" \/>\n\t<meta name=\"twitter:label2\" content=\"Tiempo de lectura\" \/>\n\t<meta name=\"twitter:data2\" content=\"3 minutos\" \/>\n<script type=\"application\/ld+json\" class=\"yoast-schema-graph\">{\"@context\":\"https:\\\/\\\/schema.org\",\"@graph\":[{\"@type\":\"Article\",\"@id\":\"https:\\\/\\\/autofans.com.ar\\\/index.php\\\/2025\\\/09\\\/26\\\/gwm-vehiculo-oficial-de-la-irenita-la-hache\\\/#article\",\"isPartOf\":{\"@id\":\"https:\\\/\\\/autofans.com.ar\\\/index.php\\\/2025\\\/09\\\/26\\\/gwm-vehiculo-oficial-de-la-irenita-la-hache\\\/\"},\"author\":{\"name\":\"Alejandro Gabriel Rosito\",\"@id\":\"https:\\\/\\\/autofans.com.ar\\\/#\\\/schema\\\/person\\\/4a8dda0b6df83ac3d6723e921274c2aa\"},\"headline\":\"GWM, veh\u00edculo oficial de La Irenita\\\/La Hache\",\"datePublished\":\"2025-09-26T14:03:56+00:00\",\"mainEntityOfPage\":{\"@id\":\"https:\\\/\\\/autofans.com.ar\\\/index.php\\\/2025\\\/09\\\/26\\\/gwm-vehiculo-oficial-de-la-irenita-la-hache\\\/\"},\"wordCount\":458,\"image\":{\"@id\":\"https:\\\/\\\/autofans.com.ar\\\/index.php\\\/2025\\\/09\\\/26\\\/gwm-vehiculo-oficial-de-la-irenita-la-hache\\\/#primaryimage\"},\"thumbnailUrl\":\"https:\\\/\\\/autofans.com.ar\\\/wp-content\\\/uploads\\\/2025\\\/09\\\/GWM-3.jpg\",\"keywords\":[\"autos 4x4 Argentina\",\"Grupo Antelo\",\"GWM Argentina\",\"La Irenita La Hache\",\"pick up diesel\",\"Poer\",\"polo argentino\",\"Tank 300\",\"Triple Corona polo\",\"veh\u00edculo oficial polo\"],\"articleSection\":[\"EMPRESAS\",\"NOTICIAS\"],\"inLanguage\":\"es\"},{\"@type\":\"WebPage\",\"@id\":\"https:\\\/\\\/autofans.com.ar\\\/index.php\\\/2025\\\/09\\\/26\\\/gwm-vehiculo-oficial-de-la-irenita-la-hache\\\/\",\"url\":\"https:\\\/\\\/autofans.com.ar\\\/index.php\\\/2025\\\/09\\\/26\\\/gwm-vehiculo-oficial-de-la-irenita-la-hache\\\/\",\"name\":\"GWM, veh\u00edculo oficial de La Irenita\\\/La Hache -\",\"isPartOf\":{\"@id\":\"https:\\\/\\\/autofans.com.ar\\\/#website\"},\"primaryImageOfPage\":{\"@id\":\"https:\\\/\\\/autofans.com.ar\\\/index.php\\\/2025\\\/09\\\/26\\\/gwm-vehiculo-oficial-de-la-irenita-la-hache\\\/#primaryimage\"},\"image\":{\"@id\":\"https:\\\/\\\/autofans.com.ar\\\/index.php\\\/2025\\\/09\\\/26\\\/gwm-vehiculo-oficial-de-la-irenita-la-hache\\\/#primaryimage\"},\"thumbnailUrl\":\"https:\\\/\\\/autofans.com.ar\\\/wp-content\\\/uploads\\\/2025\\\/09\\\/GWM-3.jpg\",\"datePublished\":\"2025-09-26T14:03:56+00:00\",\"author\":{\"@id\":\"https:\\\/\\\/autofans.com.ar\\\/#\\\/schema\\\/person\\\/4a8dda0b6df83ac3d6723e921274c2aa\"},\"description\":\"GWM, importada en el pa\u00eds por el Grupo Antelo se convierte en el veh\u00edculo oficial del equipo La Irenita\\\/La Hache Polo Team en la temporada\\\/25\",\"breadcrumb\":{\"@id\":\"https:\\\/\\\/autofans.com.ar\\\/index.php\\\/2025\\\/09\\\/26\\\/gwm-vehiculo-oficial-de-la-irenita-la-hache\\\/#breadcrumb\"},\"inLanguage\":\"es\",\"potentialAction\":[{\"@type\":\"ReadAction\",\"target\":[\"https:\\\/\\\/autofans.com.ar\\\/index.php\\\/2025\\\/09\\\/26\\\/gwm-vehiculo-oficial-de-la-irenita-la-hache\\\/\"]}]},{\"@type\":\"ImageObject\",\"inLanguage\":\"es\",\"@id\":\"https:\\\/\\\/autofans.com.ar\\\/index.php\\\/2025\\\/09\\\/26\\\/gwm-vehiculo-oficial-de-la-irenita-la-hache\\\/#primaryimage\",\"url\":\"https:\\\/\\\/autofans.com.ar\\\/wp-content\\\/uploads\\\/2025\\\/09\\\/GWM-3.jpg\",\"contentUrl\":\"https:\\\/\\\/autofans.com.ar\\\/wp-content\\\/uploads\\\/2025\\\/09\\\/GWM-3.jpg\",\"width\":1000,\"height\":667,\"caption\":\"GWM\"},{\"@type\":\"BreadcrumbList\",\"@id\":\"https:\\\/\\\/autofans.com.ar\\\/index.php\\\/2025\\\/09\\\/26\\\/gwm-vehiculo-oficial-de-la-irenita-la-hache\\\/#breadcrumb\",\"itemListElement\":[{\"@type\":\"ListItem\",\"position\":1,\"name\":\"Inicio\",\"item\":\"https:\\\/\\\/autofans.com.ar\\\/\"},{\"@type\":\"ListItem\",\"position\":2,\"name\":\"GWM, veh\u00edculo oficial de La Irenita\\\/La Hache\"}]},{\"@type\":\"WebSite\",\"@id\":\"https:\\\/\\\/autofans.com.ar\\\/#website\",\"url\":\"https:\\\/\\\/autofans.com.ar\\\/\",\"name\":\"\",\"description\":\"El multimedio referente de la industria automotriz\",\"potentialAction\":[{\"@type\":\"SearchAction\",\"target\":{\"@type\":\"EntryPoint\",\"urlTemplate\":\"https:\\\/\\\/autofans.com.ar\\\/?s={search_term_string}\"},\"query-input\":{\"@type\":\"PropertyValueSpecification\",\"valueRequired\":true,\"valueName\":\"search_term_string\"}}],\"inLanguage\":\"es\"},{\"@type\":\"Person\",\"@id\":\"https:\\\/\\\/autofans.com.ar\\\/#\\\/schema\\\/person\\\/4a8dda0b6df83ac3d6723e921274c2aa\",\"name\":\"Alejandro Gabriel Rosito\",\"image\":{\"@type\":\"ImageObject\",\"inLanguage\":\"es\",\"@id\":\"https:\\\/\\\/secure.gravatar.com\\\/avatar\\\/16c5dda1489adfc62618084dcbb91cffd879c374b13fe5dd8e44ed6733852c88?s=96&d=mm&r=g\",\"url\":\"https:\\\/\\\/secure.gravatar.com\\\/avatar\\\/16c5dda1489adfc62618084dcbb91cffd879c374b13fe5dd8e44ed6733852c88?s=96&d=mm&r=g\",\"contentUrl\":\"https:\\\/\\\/secure.gravatar.com\\\/avatar\\\/16c5dda1489adfc62618084dcbb91cffd879c374b13fe5dd8e44ed6733852c88?s=96&d=mm&r=g\",\"caption\":\"Alejandro Gabriel Rosito\"},\"url\":\"https:\\\/\\\/autofans.com.ar\\\/index.php\\\/author\\\/gabrielr\\\/\"}]}<\/script>\n<!-- \/ Yoast SEO plugin. -->","yoast_head_json":{"title":"GWM, veh\u00edculo oficial de La Irenita\/La Hache -","description":"GWM, importada en el pa\u00eds por el Grupo Antelo se convierte en el veh\u00edculo oficial del equipo La Irenita\/La Hache Polo Team en la temporada\/25","robots":{"index":"index","follow":"follow","max-snippet":"max-snippet:-1","max-image-preview":"max-image-preview:large","max-video-preview":"max-video-preview:-1"},"canonical":"https:\/\/autofans.com.ar\/index.php\/2025\/09\/26\/gwm-vehiculo-oficial-de-la-irenita-la-hache\/","og_locale":"es_ES","og_type":"article","og_title":"GWM, veh\u00edculo oficial de La Irenita\/La Hache -","og_description":"GWM, importada en el pa\u00eds por el Grupo Antelo se convierte en el veh\u00edculo oficial del equipo La Irenita\/La Hache Polo Team en la temporada\/25","og_url":"https:\/\/autofans.com.ar\/index.php\/2025\/09\/26\/gwm-vehiculo-oficial-de-la-irenita-la-hache\/","article_published_time":"2025-09-26T14:03:56+00:00","og_image":[{"width":1000,"height":667,"url":"https:\/\/autofans.com.ar\/wp-content\/uploads\/2025\/09\/GWM-3.jpg","type":"image\/jpeg"}],"author":"Alejandro Gabriel Rosito","twitter_card":"summary_large_image","twitter_misc":{"Escrito por":"Alejandro Gabriel Rosito","Tiempo de lectura":"3 minutos"},"schema":{"@context":"https:\/\/schema.org","@graph":[{"@type":"Article","@id":"https:\/\/autofans.com.ar\/index.php\/2025\/09\/26\/gwm-vehiculo-oficial-de-la-irenita-la-hache\/#article","isPartOf":{"@id":"https:\/\/autofans.com.ar\/index.php\/2025\/09\/26\/gwm-vehiculo-oficial-de-la-irenita-la-hache\/"},"author":{"name":"Alejandro Gabriel Rosito","@id":"https:\/\/autofans.com.ar\/#\/schema\/person\/4a8dda0b6df83ac3d6723e921274c2aa"},"headline":"GWM, veh\u00edculo oficial de La Irenita\/La Hache","datePublished":"2025-09-26T14:03:56+00:00","mainEntityOfPage":{"@id":"https:\/\/autofans.com.ar\/index.php\/2025\/09\/26\/gwm-vehiculo-oficial-de-la-irenita-la-hache\/"},"wordCount":458,"image":{"@id":"https:\/\/autofans.com.ar\/index.php\/2025\/09\/26\/gwm-vehiculo-oficial-de-la-irenita-la-hache\/#primaryimage"},"thumbnailUrl":"https:\/\/autofans.com.ar\/wp-content\/uploads\/2025\/09\/GWM-3.jpg","keywords":["autos 4x4 Argentina","Grupo Antelo","GWM Argentina","La Irenita La Hache","pick up diesel","Poer","polo argentino","Tank 300","Triple Corona polo","veh\u00edculo oficial polo"],"articleSection":["EMPRESAS","NOTICIAS"],"inLanguage":"es"},{"@type":"WebPage","@id":"https:\/\/autofans.com.ar\/index.php\/2025\/09\/26\/gwm-vehiculo-oficial-de-la-irenita-la-hache\/","url":"https:\/\/autofans.com.ar\/index.php\/2025\/09\/26\/gwm-vehiculo-oficial-de-la-irenita-la-hache\/","name":"GWM, veh\u00edculo oficial de La Irenita\/La Hache -","isPartOf":{"@id":"https:\/\/autofans.com.ar\/#website"},"primaryImageOfPage":{"@id":"https:\/\/autofans.com.ar\/index.php\/2025\/09\/26\/gwm-vehiculo-oficial-de-la-irenita-la-hache\/#primaryimage"},"image":{"@id":"https:\/\/autofans.com.ar\/index.php\/2025\/09\/26\/gwm-vehiculo-oficial-de-la-irenita-la-hache\/#primaryimage"},"thumbnailUrl":"https:\/\/autofans.com.ar\/wp-content\/uploads\/2025\/09\/GWM-3.jpg","datePublished":"2025-09-26T14:03:56+00:00","author":{"@id":"https:\/\/autofans.com.ar\/#\/schema\/person\/4a8dda0b6df83ac3d6723e921274c2aa"},"description":"GWM, importada en el pa\u00eds por el Grupo Antelo se convierte en el veh\u00edculo oficial del equipo La Irenita\/La Hache Polo Team en la temporada\/25","breadcrumb":{"@id":"https:\/\/autofans.com.ar\/index.php\/2025\/09\/26\/gwm-vehiculo-oficial-de-la-irenita-la-hache\/#breadcrumb"},"inLanguage":"es","potentialAction":[{"@type":"ReadAction","target":["https:\/\/autofans.com.ar\/index.php\/2025\/09\/26\/gwm-vehiculo-oficial-de-la-irenita-la-hache\/"]}]},{"@type":"ImageObject","inLanguage":"es","@id":"https:\/\/autofans.com.ar\/index.php\/2025\/09\/26\/gwm-vehiculo-oficial-de-la-irenita-la-hache\/#primaryimage","url":"https:\/\/autofans.com.ar\/wp-content\/uploads\/2025\/09\/GWM-3.jpg","contentUrl":"https:\/\/autofans.com.ar\/wp-content\/uploads\/2025\/09\/GWM-3.jpg","width":1000,"height":667,"caption":"GWM"},{"@type":"BreadcrumbList","@id":"https:\/\/autofans.com.ar\/index.php\/2025\/09\/26\/gwm-vehiculo-oficial-de-la-irenita-la-hache\/#breadcrumb","itemListElement":[{"@type":"ListItem","position":1,"name":"Inicio","item":"https:\/\/autofans.com.ar\/"},{"@type":"ListItem","position":2,"name":"GWM, veh\u00edculo oficial de La Irenita\/La Hache"}]},{"@type":"WebSite","@id":"https:\/\/autofans.com.ar\/#website","url":"https:\/\/autofans.com.ar\/","name":"","description":"El multimedio referente de la industria automotriz","potentialAction":[{"@type":"SearchAction","target":{"@type":"EntryPoint","urlTemplate":"https:\/\/autofans.com.ar\/?s={search_term_string}"},"query-input":{"@type":"PropertyValueSpecification","valueRequired":true,"valueName":"search_term_string"}}],"inLanguage":"es"},{"@type":"Person","@id":"https:\/\/autofans.com.ar\/#\/schema\/person\/4a8dda0b6df83ac3d6723e921274c2aa","name":"Alejandro Gabriel Rosito","image":{"@type":"ImageObject","inLanguage":"es","@id":"https:\/\/secure.gravatar.com\/avatar\/16c5dda1489adfc62618084dcbb91cffd879c374b13fe5dd8e44ed6733852c88?s=96&d=mm&r=g","url":"https:\/\/secure.gravatar.com\/avatar\/16c5dda1489adfc62618084dcbb91cffd879c374b13fe5dd8e44ed6733852c88?s=96&d=mm&r=g","contentUrl":"https:\/\/secure.gravatar.com\/avatar\/16c5dda1489adfc62618084dcbb91cffd879c374b13fe5dd8e44ed6733852c88?s=96&d=mm&r=g","caption":"Alejandro Gabriel Rosito"},"url":"https:\/\/autofans.com.ar\/index.php\/author\/gabrielr\/"}]}},"featured_image_urls":{"full":["https:\/\/autofans.com.ar\/wp-content\/uploads\/2025\/09\/GWM-3.jpg",1000,667,false],"thumbnail":["https:\/\/autofans.com.ar\/wp-content\/uploads\/2025\/09\/GWM-3-150x150.jpg",150,150,true],"medium":["https:\/\/autofans.com.ar\/wp-content\/uploads\/2025\/09\/GWM-3-300x200.jpg",300,200,true],"medium_large":["https:\/\/autofans.com.ar\/wp-content\/uploads\/2025\/09\/GWM-3-768x512.jpg",640,427,true],"large":["https:\/\/autofans.com.ar\/wp-content\/uploads\/2025\/09\/GWM-3.jpg",640,427,false],"1536x1536":["https:\/\/autofans.com.ar\/wp-content\/uploads\/2025\/09\/GWM-3.jpg",1000,667,false],"2048x2048":["https:\/\/autofans.com.ar\/wp-content\/uploads\/2025\/09\/GWM-3.jpg",1000,667,false],"covernews-featured":["https:\/\/autofans.com.ar\/wp-content\/uploads\/2025\/09\/GWM-3.jpg",1000,667,false],"covernews-medium":["https:\/\/autofans.com.ar\/wp-content\/uploads\/2025\/09\/GWM-3-540x340.jpg",540,340,true]},"author_info":{"display_name":"Alejandro Gabriel Rosito","author_link":"https:\/\/autofans.com.ar\/index.php\/author\/gabrielr\/"},"category_info":"<a href=\"https:\/\/autofans.com.ar\/index.php\/category\/noticias\/empresas\/\" rel=\"category tag\">EMPRESAS<\/a> <a href=\"https:\/\/autofans.com.ar\/index.php\/category\/noticias\/\" rel=\"category tag\">NOTICIAS<\/a>","tag_info":"NOTICIAS","comment_count":0,"_links":{"self":[{"href":"https:\/\/autofans.com.ar\/index.php\/wp-json\/wp\/v2\/posts\/14222","targetHints":{"allow":["GET"]}}],"collection":[{"href":"https:\/\/autofans.com.ar\/index.php\/wp-json\/wp\/v2\/posts"}],"about":[{"href":"https:\/\/autofans.com.ar\/index.php\/wp-json\/wp\/v2\/types\/post"}],"author":[{"embeddable":true,"href":"https:\/\/autofans.com.ar\/index.php\/wp-json\/wp\/v2\/users\/2"}],"replies":[{"embeddable":true,"href":"https:\/\/autofans.com.ar\/index.php\/wp-json\/wp\/v2\/comments?post=14222"}],"version-history":[{"count":2,"href":"https:\/\/autofans.com.ar\/index.php\/wp-json\/wp\/v2\/posts\/14222\/revisions"}],"predecessor-version":[{"id":14227,"href":"https:\/\/autofans.com.ar\/index.php\/wp-json\/wp\/v2\/posts\/14222\/revisions\/14227"}],"wp:featuredmedia":[{"embeddable":true,"href":"https:\/\/autofans.com.ar\/index.php\/wp-json\/wp\/v2\/media\/14223"}],"wp:attachment":[{"href":"https:\/\/autofans.com.ar\/index.php\/wp-json\/wp\/v2\/media?parent=14222"}],"wp:term":[{"taxonomy":"category","embeddable":true,"href":"https:\/\/autofans.com.ar\/index.php\/wp-json\/wp\/v2\/categories?post=14222"},{"taxonomy":"post_tag","embeddable":true,"href":"https:\/\/autofans.com.ar\/index.php\/wp-json\/wp\/v2\/tags?post=14222"}],"curies":[{"name":"wp","href":"https:\/\/api.w.org\/{rel}","templated":true}]}}