{"id":14228,"date":"2025-09-26T20:39:35","date_gmt":"2025-09-26T23:39:35","guid":{"rendered":"https:\/\/autofans.com.ar\/?p=14228"},"modified":"2025-09-26T20:39:35","modified_gmt":"2025-09-26T23:39:35","slug":"marcelo-klappenbach-asume-en-comunicaciones-de-nissan","status":"publish","type":"post","link":"https:\/\/autofans.com.ar\/index.php\/2025\/09\/26\/marcelo-klappenbach-asume-en-comunicaciones-de-nissan\/","title":{"rendered":"Marcelo Klappenbach asume en comunicaciones de Nissan"},"content":{"rendered":"<p class=\"ds-markdown-paragraph\">Nissan Argentina confirm\u00f3 el nombramiento de Marcelo Klappenbach como su nuevo subdirector de Comunicaciones. La designaci\u00f3n, efectiva desde el 1 de octubre de 2025, marca una apuesta por el talento interno y la experiencia para dirigir la estrategia comunicacional de la filial local.<\/p>\n<p>&nbsp;<\/p>\n<h2 class=\"ds-markdown-paragraph\">Una carrera forjada dentro de Nissan<\/h2>\n<p class=\"ds-markdown-paragraph\">Klappenbach no es nuevo en la compa\u00f1\u00eda. Se incorpor\u00f3 en 2016 y desde entonces ha transitado por posiciones clave. Comenz\u00f3 liderando las comunicaciones para Argentina, dio el salto a la regi\u00f3n en 2019 para manejar la estrategia de producto y, desde 2020, se desempe\u00f1aba como subdirector de Comunicaciones para toda Am\u00e9rica Latina.<\/p>\n<p class=\"ds-markdown-paragraph\">La novedad de este ascenso radica en la integraci\u00f3n de roles. Marcelo Klappenbach ahora estar\u00e1 a cargo de la conducci\u00f3n de las comunicaciones en Argentina, pero sin abandonar sus responsabilidades a nivel regional. Este enfoque busca alinear los mensajes y potenciar la reputaci\u00f3n de la marca en todos los frentes.<\/p>\n<p class=\"ds-markdown-paragraph\">Con m\u00e1s de 25 a\u00f1os en la industria, su figura representa continuidad y conocimiento profundo del negocio.<\/p>\n<p>&nbsp;<\/p>\n<p><img fetchpriority=\"high\" decoding=\"async\" class=\"aligncenter wp-image-14230 size-full\" src=\"https:\/\/autofans.com.ar\/wp-content\/uploads\/2025\/09\/nissan-1-2.jpg\" alt=\"Nissan\" width=\"1000\" height=\"667\" srcset=\"https:\/\/autofans.com.ar\/wp-content\/uploads\/2025\/09\/nissan-1-2.jpg 1000w, https:\/\/autofans.com.ar\/wp-content\/uploads\/2025\/09\/nissan-1-2-300x200.jpg 300w, https:\/\/autofans.com.ar\/wp-content\/uploads\/2025\/09\/nissan-1-2-768x512.jpg 768w\" sizes=\"(max-width: 1000px) 100vw, 1000px\" \/><\/p>\n<p>&nbsp;<\/p>\n<h2 class=\"ds-markdown-paragraph\">Un relevo con mirada hacia el futuro<\/h2>\n<p class=\"ds-markdown-paragraph\">El cargo que ocupa Klappenbach estaba previamente en manos de Carolina Martinenghi, quien decidi\u00f3 emprender un nuevo camino profesional fuera de la industria automotriz. Este movimiento refleja la pol\u00edtica de Nissan de generar oportunidades de crecimiento para su equipo, creando una estructura s\u00f3lida y con visi\u00f3n de futuro.<\/p>\n<p class=\"ds-markdown-paragraph\">La designaci\u00f3n subraya el compromiso de la compa\u00f1\u00eda con el mercado argentino y su intenci\u00f3n de fortalecer el v\u00ednculo con todos sus p\u00fablicos.<\/p>\n<p>&nbsp;<\/p>\n<p>&nbsp;<\/p>\n<p>&nbsp;<\/p>\n<p><i>Para enterarte de m\u00e1s novedades, no dejes de leer\u00a0<\/i><a href=\"https:\/\/autofans.thebrandsoup.com\/\"><i>nuestras notas<\/i><\/a><i>, de ver\u00a0<\/i><a href=\"https:\/\/www.youtube.com\/channel\/UCgAC8UGHZYbT6P7PpmVnP7g\"><i>AUTOFANS TV<\/i><\/a><i>\u00a0en nuestro\u00a0canal de Youtube. Adem\u00e1s seguinos en\u00a0<\/i><a href=\"https:\/\/www.instagram.com\/autofanstv\/\"><i>INSTAGRAM<\/i><\/a><i> y <\/i><a href=\"https:\/\/www.facebook.com\/autofansmas\/\"><i>FACEBOOK<\/i><\/a><i> para no perderte nada sobre las novedades del segmento automotor de Argentina y el mundo.<\/i><\/p>\n","protected":false},"excerpt":{"rendered":"<p>Nissan Argentina confirm\u00f3 el nombramiento de Marcelo Klappenbach como su nuevo subdirector de Comunicaciones. La&#8230;<\/p>\n","protected":false},"author":2,"featured_media":14229,"comment_status":"closed","ping_status":"closed","sticky":false,"template":"","format":"standard","meta":{"footnotes":""},"categories":[292,16],"tags":[3085,7442,86,7439,46,7205,7441,7440],"class_list":["post-14228","post","type-post","status-publish","format-standard","has-post-thumbnail","hentry","category-empresas","category-noticias","tag-comunicacion-corporativa","tag-ejecutivos-argentinos","tag-industria-automotriz","tag-marcelo-klappenbach","tag-nissan-argentina","tag-nissan-latinoamerica","tag-noticias-empresas","tag-subdirector-de-comunicaciones"],"yoast_head":"<!-- This site is optimized with the Yoast SEO plugin v27.5 - https:\/\/yoast.com\/product\/yoast-seo-wordpress\/ -->\n<title>Marcelo Klappenbach asume en comunicaciones de Nissan -<\/title>\n<meta name=\"description\" content=\"Nissan Argentina confirm\u00f3 el nombramiento de Marcelo Klappenbach como su nuevo subdirector de Comunicaciones, desde el 1 de octubre de 2025..\" \/>\n<meta name=\"robots\" content=\"index, follow, max-snippet:-1, max-image-preview:large, max-video-preview:-1\" \/>\n<link rel=\"canonical\" href=\"https:\/\/autofans.com.ar\/index.php\/2025\/09\/26\/marcelo-klappenbach-asume-en-comunicaciones-de-nissan\/\" \/>\n<meta property=\"og:locale\" content=\"es_ES\" \/>\n<meta property=\"og:type\" content=\"article\" \/>\n<meta property=\"og:title\" content=\"Marcelo Klappenbach asume en comunicaciones de Nissan -\" \/>\n<meta property=\"og:description\" content=\"Nissan Argentina confirm\u00f3 el nombramiento de Marcelo Klappenbach como su nuevo subdirector de Comunicaciones, desde el 1 de octubre de 2025..\" \/>\n<meta property=\"og:url\" content=\"https:\/\/autofans.com.ar\/index.php\/2025\/09\/26\/marcelo-klappenbach-asume-en-comunicaciones-de-nissan\/\" \/>\n<meta property=\"article:published_time\" content=\"2025-09-26T23:39:35+00:00\" \/>\n<meta property=\"og:image\" content=\"https:\/\/autofans.com.ar\/wp-content\/uploads\/2025\/09\/nissan-2-2.jpg\" \/>\n\t<meta property=\"og:image:width\" content=\"1000\" \/>\n\t<meta property=\"og:image:height\" content=\"667\" \/>\n\t<meta property=\"og:image:type\" content=\"image\/jpeg\" \/>\n<meta name=\"author\" content=\"Alejandro Gabriel Rosito\" \/>\n<meta name=\"twitter:card\" content=\"summary_large_image\" \/>\n<meta name=\"twitter:label1\" content=\"Escrito por\" \/>\n\t<meta name=\"twitter:data1\" content=\"Alejandro Gabriel Rosito\" \/>\n\t<meta name=\"twitter:label2\" content=\"Tiempo de lectura\" \/>\n\t<meta name=\"twitter:data2\" content=\"2 minutos\" \/>\n<script type=\"application\/ld+json\" class=\"yoast-schema-graph\">{\"@context\":\"https:\\\/\\\/schema.org\",\"@graph\":[{\"@type\":\"Article\",\"@id\":\"https:\\\/\\\/autofans.com.ar\\\/index.php\\\/2025\\\/09\\\/26\\\/marcelo-klappenbach-asume-en-comunicaciones-de-nissan\\\/#article\",\"isPartOf\":{\"@id\":\"https:\\\/\\\/autofans.com.ar\\\/index.php\\\/2025\\\/09\\\/26\\\/marcelo-klappenbach-asume-en-comunicaciones-de-nissan\\\/\"},\"author\":{\"name\":\"Alejandro Gabriel Rosito\",\"@id\":\"https:\\\/\\\/autofans.com.ar\\\/#\\\/schema\\\/person\\\/4a8dda0b6df83ac3d6723e921274c2aa\"},\"headline\":\"Marcelo Klappenbach asume en comunicaciones de Nissan\",\"datePublished\":\"2025-09-26T23:39:35+00:00\",\"mainEntityOfPage\":{\"@id\":\"https:\\\/\\\/autofans.com.ar\\\/index.php\\\/2025\\\/09\\\/26\\\/marcelo-klappenbach-asume-en-comunicaciones-de-nissan\\\/\"},\"wordCount\":314,\"image\":{\"@id\":\"https:\\\/\\\/autofans.com.ar\\\/index.php\\\/2025\\\/09\\\/26\\\/marcelo-klappenbach-asume-en-comunicaciones-de-nissan\\\/#primaryimage\"},\"thumbnailUrl\":\"https:\\\/\\\/autofans.com.ar\\\/wp-content\\\/uploads\\\/2025\\\/09\\\/nissan-2-2.jpg\",\"keywords\":[\"Comunicaci\u00f3n Corporativa\",\"ejecutivos argentinos\",\"Industria Automotriz\",\"Marcelo Klappenbach\",\"Nissan Argentina\",\"Nissan Latinoam\u00e9rica\",\"noticias empresas\",\"subdirector de Comunicaciones\"],\"articleSection\":[\"EMPRESAS\",\"NOTICIAS\"],\"inLanguage\":\"es\"},{\"@type\":\"WebPage\",\"@id\":\"https:\\\/\\\/autofans.com.ar\\\/index.php\\\/2025\\\/09\\\/26\\\/marcelo-klappenbach-asume-en-comunicaciones-de-nissan\\\/\",\"url\":\"https:\\\/\\\/autofans.com.ar\\\/index.php\\\/2025\\\/09\\\/26\\\/marcelo-klappenbach-asume-en-comunicaciones-de-nissan\\\/\",\"name\":\"Marcelo Klappenbach asume en comunicaciones de Nissan -\",\"isPartOf\":{\"@id\":\"https:\\\/\\\/autofans.com.ar\\\/#website\"},\"primaryImageOfPage\":{\"@id\":\"https:\\\/\\\/autofans.com.ar\\\/index.php\\\/2025\\\/09\\\/26\\\/marcelo-klappenbach-asume-en-comunicaciones-de-nissan\\\/#primaryimage\"},\"image\":{\"@id\":\"https:\\\/\\\/autofans.com.ar\\\/index.php\\\/2025\\\/09\\\/26\\\/marcelo-klappenbach-asume-en-comunicaciones-de-nissan\\\/#primaryimage\"},\"thumbnailUrl\":\"https:\\\/\\\/autofans.com.ar\\\/wp-content\\\/uploads\\\/2025\\\/09\\\/nissan-2-2.jpg\",\"datePublished\":\"2025-09-26T23:39:35+00:00\",\"author\":{\"@id\":\"https:\\\/\\\/autofans.com.ar\\\/#\\\/schema\\\/person\\\/4a8dda0b6df83ac3d6723e921274c2aa\"},\"description\":\"Nissan Argentina confirm\u00f3 el nombramiento de Marcelo Klappenbach como su nuevo subdirector de Comunicaciones, desde el 1 de octubre de 2025..\",\"breadcrumb\":{\"@id\":\"https:\\\/\\\/autofans.com.ar\\\/index.php\\\/2025\\\/09\\\/26\\\/marcelo-klappenbach-asume-en-comunicaciones-de-nissan\\\/#breadcrumb\"},\"inLanguage\":\"es\",\"potentialAction\":[{\"@type\":\"ReadAction\",\"target\":[\"https:\\\/\\\/autofans.com.ar\\\/index.php\\\/2025\\\/09\\\/26\\\/marcelo-klappenbach-asume-en-comunicaciones-de-nissan\\\/\"]}]},{\"@type\":\"ImageObject\",\"inLanguage\":\"es\",\"@id\":\"https:\\\/\\\/autofans.com.ar\\\/index.php\\\/2025\\\/09\\\/26\\\/marcelo-klappenbach-asume-en-comunicaciones-de-nissan\\\/#primaryimage\",\"url\":\"https:\\\/\\\/autofans.com.ar\\\/wp-content\\\/uploads\\\/2025\\\/09\\\/nissan-2-2.jpg\",\"contentUrl\":\"https:\\\/\\\/autofans.com.ar\\\/wp-content\\\/uploads\\\/2025\\\/09\\\/nissan-2-2.jpg\",\"width\":1000,\"height\":667,\"caption\":\"Nissan\"},{\"@type\":\"BreadcrumbList\",\"@id\":\"https:\\\/\\\/autofans.com.ar\\\/index.php\\\/2025\\\/09\\\/26\\\/marcelo-klappenbach-asume-en-comunicaciones-de-nissan\\\/#breadcrumb\",\"itemListElement\":[{\"@type\":\"ListItem\",\"position\":1,\"name\":\"Inicio\",\"item\":\"https:\\\/\\\/autofans.com.ar\\\/\"},{\"@type\":\"ListItem\",\"position\":2,\"name\":\"Marcelo Klappenbach asume en comunicaciones de Nissan\"}]},{\"@type\":\"WebSite\",\"@id\":\"https:\\\/\\\/autofans.com.ar\\\/#website\",\"url\":\"https:\\\/\\\/autofans.com.ar\\\/\",\"name\":\"\",\"description\":\"El multimedio referente de la industria automotriz\",\"potentialAction\":[{\"@type\":\"SearchAction\",\"target\":{\"@type\":\"EntryPoint\",\"urlTemplate\":\"https:\\\/\\\/autofans.com.ar\\\/?s={search_term_string}\"},\"query-input\":{\"@type\":\"PropertyValueSpecification\",\"valueRequired\":true,\"valueName\":\"search_term_string\"}}],\"inLanguage\":\"es\"},{\"@type\":\"Person\",\"@id\":\"https:\\\/\\\/autofans.com.ar\\\/#\\\/schema\\\/person\\\/4a8dda0b6df83ac3d6723e921274c2aa\",\"name\":\"Alejandro Gabriel Rosito\",\"image\":{\"@type\":\"ImageObject\",\"inLanguage\":\"es\",\"@id\":\"https:\\\/\\\/secure.gravatar.com\\\/avatar\\\/16c5dda1489adfc62618084dcbb91cffd879c374b13fe5dd8e44ed6733852c88?s=96&d=mm&r=g\",\"url\":\"https:\\\/\\\/secure.gravatar.com\\\/avatar\\\/16c5dda1489adfc62618084dcbb91cffd879c374b13fe5dd8e44ed6733852c88?s=96&d=mm&r=g\",\"contentUrl\":\"https:\\\/\\\/secure.gravatar.com\\\/avatar\\\/16c5dda1489adfc62618084dcbb91cffd879c374b13fe5dd8e44ed6733852c88?s=96&d=mm&r=g\",\"caption\":\"Alejandro Gabriel Rosito\"},\"url\":\"https:\\\/\\\/autofans.com.ar\\\/index.php\\\/author\\\/gabrielr\\\/\"}]}<\/script>\n<!-- \/ Yoast SEO plugin. -->","yoast_head_json":{"title":"Marcelo Klappenbach asume en comunicaciones de Nissan -","description":"Nissan Argentina confirm\u00f3 el nombramiento de Marcelo Klappenbach como su nuevo subdirector de Comunicaciones, desde el 1 de octubre de 2025..","robots":{"index":"index","follow":"follow","max-snippet":"max-snippet:-1","max-image-preview":"max-image-preview:large","max-video-preview":"max-video-preview:-1"},"canonical":"https:\/\/autofans.com.ar\/index.php\/2025\/09\/26\/marcelo-klappenbach-asume-en-comunicaciones-de-nissan\/","og_locale":"es_ES","og_type":"article","og_title":"Marcelo Klappenbach asume en comunicaciones de Nissan -","og_description":"Nissan Argentina confirm\u00f3 el nombramiento de Marcelo Klappenbach como su nuevo subdirector de Comunicaciones, desde el 1 de octubre de 2025..","og_url":"https:\/\/autofans.com.ar\/index.php\/2025\/09\/26\/marcelo-klappenbach-asume-en-comunicaciones-de-nissan\/","article_published_time":"2025-09-26T23:39:35+00:00","og_image":[{"width":1000,"height":667,"url":"https:\/\/autofans.com.ar\/wp-content\/uploads\/2025\/09\/nissan-2-2.jpg","type":"image\/jpeg"}],"author":"Alejandro Gabriel Rosito","twitter_card":"summary_large_image","twitter_misc":{"Escrito por":"Alejandro Gabriel Rosito","Tiempo de lectura":"2 minutos"},"schema":{"@context":"https:\/\/schema.org","@graph":[{"@type":"Article","@id":"https:\/\/autofans.com.ar\/index.php\/2025\/09\/26\/marcelo-klappenbach-asume-en-comunicaciones-de-nissan\/#article","isPartOf":{"@id":"https:\/\/autofans.com.ar\/index.php\/2025\/09\/26\/marcelo-klappenbach-asume-en-comunicaciones-de-nissan\/"},"author":{"name":"Alejandro Gabriel Rosito","@id":"https:\/\/autofans.com.ar\/#\/schema\/person\/4a8dda0b6df83ac3d6723e921274c2aa"},"headline":"Marcelo Klappenbach asume en comunicaciones de Nissan","datePublished":"2025-09-26T23:39:35+00:00","mainEntityOfPage":{"@id":"https:\/\/autofans.com.ar\/index.php\/2025\/09\/26\/marcelo-klappenbach-asume-en-comunicaciones-de-nissan\/"},"wordCount":314,"image":{"@id":"https:\/\/autofans.com.ar\/index.php\/2025\/09\/26\/marcelo-klappenbach-asume-en-comunicaciones-de-nissan\/#primaryimage"},"thumbnailUrl":"https:\/\/autofans.com.ar\/wp-content\/uploads\/2025\/09\/nissan-2-2.jpg","keywords":["Comunicaci\u00f3n Corporativa","ejecutivos argentinos","Industria Automotriz","Marcelo Klappenbach","Nissan Argentina","Nissan Latinoam\u00e9rica","noticias empresas","subdirector de Comunicaciones"],"articleSection":["EMPRESAS","NOTICIAS"],"inLanguage":"es"},{"@type":"WebPage","@id":"https:\/\/autofans.com.ar\/index.php\/2025\/09\/26\/marcelo-klappenbach-asume-en-comunicaciones-de-nissan\/","url":"https:\/\/autofans.com.ar\/index.php\/2025\/09\/26\/marcelo-klappenbach-asume-en-comunicaciones-de-nissan\/","name":"Marcelo Klappenbach asume en comunicaciones de Nissan -","isPartOf":{"@id":"https:\/\/autofans.com.ar\/#website"},"primaryImageOfPage":{"@id":"https:\/\/autofans.com.ar\/index.php\/2025\/09\/26\/marcelo-klappenbach-asume-en-comunicaciones-de-nissan\/#primaryimage"},"image":{"@id":"https:\/\/autofans.com.ar\/index.php\/2025\/09\/26\/marcelo-klappenbach-asume-en-comunicaciones-de-nissan\/#primaryimage"},"thumbnailUrl":"https:\/\/autofans.com.ar\/wp-content\/uploads\/2025\/09\/nissan-2-2.jpg","datePublished":"2025-09-26T23:39:35+00:00","author":{"@id":"https:\/\/autofans.com.ar\/#\/schema\/person\/4a8dda0b6df83ac3d6723e921274c2aa"},"description":"Nissan Argentina confirm\u00f3 el nombramiento de Marcelo Klappenbach como su nuevo subdirector de Comunicaciones, desde el 1 de octubre de 2025..","breadcrumb":{"@id":"https:\/\/autofans.com.ar\/index.php\/2025\/09\/26\/marcelo-klappenbach-asume-en-comunicaciones-de-nissan\/#breadcrumb"},"inLanguage":"es","potentialAction":[{"@type":"ReadAction","target":["https:\/\/autofans.com.ar\/index.php\/2025\/09\/26\/marcelo-klappenbach-asume-en-comunicaciones-de-nissan\/"]}]},{"@type":"ImageObject","inLanguage":"es","@id":"https:\/\/autofans.com.ar\/index.php\/2025\/09\/26\/marcelo-klappenbach-asume-en-comunicaciones-de-nissan\/#primaryimage","url":"https:\/\/autofans.com.ar\/wp-content\/uploads\/2025\/09\/nissan-2-2.jpg","contentUrl":"https:\/\/autofans.com.ar\/wp-content\/uploads\/2025\/09\/nissan-2-2.jpg","width":1000,"height":667,"caption":"Nissan"},{"@type":"BreadcrumbList","@id":"https:\/\/autofans.com.ar\/index.php\/2025\/09\/26\/marcelo-klappenbach-asume-en-comunicaciones-de-nissan\/#breadcrumb","itemListElement":[{"@type":"ListItem","position":1,"name":"Inicio","item":"https:\/\/autofans.com.ar\/"},{"@type":"ListItem","position":2,"name":"Marcelo Klappenbach asume en comunicaciones de Nissan"}]},{"@type":"WebSite","@id":"https:\/\/autofans.com.ar\/#website","url":"https:\/\/autofans.com.ar\/","name":"","description":"El multimedio referente de la industria automotriz","potentialAction":[{"@type":"SearchAction","target":{"@type":"EntryPoint","urlTemplate":"https:\/\/autofans.com.ar\/?s={search_term_string}"},"query-input":{"@type":"PropertyValueSpecification","valueRequired":true,"valueName":"search_term_string"}}],"inLanguage":"es"},{"@type":"Person","@id":"https:\/\/autofans.com.ar\/#\/schema\/person\/4a8dda0b6df83ac3d6723e921274c2aa","name":"Alejandro Gabriel Rosito","image":{"@type":"ImageObject","inLanguage":"es","@id":"https:\/\/secure.gravatar.com\/avatar\/16c5dda1489adfc62618084dcbb91cffd879c374b13fe5dd8e44ed6733852c88?s=96&d=mm&r=g","url":"https:\/\/secure.gravatar.com\/avatar\/16c5dda1489adfc62618084dcbb91cffd879c374b13fe5dd8e44ed6733852c88?s=96&d=mm&r=g","contentUrl":"https:\/\/secure.gravatar.com\/avatar\/16c5dda1489adfc62618084dcbb91cffd879c374b13fe5dd8e44ed6733852c88?s=96&d=mm&r=g","caption":"Alejandro Gabriel Rosito"},"url":"https:\/\/autofans.com.ar\/index.php\/author\/gabrielr\/"}]}},"featured_image_urls":{"full":["https:\/\/autofans.com.ar\/wp-content\/uploads\/2025\/09\/nissan-2-2.jpg",1000,667,false],"thumbnail":["https:\/\/autofans.com.ar\/wp-content\/uploads\/2025\/09\/nissan-2-2-150x150.jpg",150,150,true],"medium":["https:\/\/autofans.com.ar\/wp-content\/uploads\/2025\/09\/nissan-2-2-300x200.jpg",300,200,true],"medium_large":["https:\/\/autofans.com.ar\/wp-content\/uploads\/2025\/09\/nissan-2-2-768x512.jpg",640,427,true],"large":["https:\/\/autofans.com.ar\/wp-content\/uploads\/2025\/09\/nissan-2-2.jpg",640,427,false],"1536x1536":["https:\/\/autofans.com.ar\/wp-content\/uploads\/2025\/09\/nissan-2-2.jpg",1000,667,false],"2048x2048":["https:\/\/autofans.com.ar\/wp-content\/uploads\/2025\/09\/nissan-2-2.jpg",1000,667,false],"covernews-featured":["https:\/\/autofans.com.ar\/wp-content\/uploads\/2025\/09\/nissan-2-2.jpg",1000,667,false],"covernews-medium":["https:\/\/autofans.com.ar\/wp-content\/uploads\/2025\/09\/nissan-2-2-540x340.jpg",540,340,true]},"author_info":{"display_name":"Alejandro Gabriel Rosito","author_link":"https:\/\/autofans.com.ar\/index.php\/author\/gabrielr\/"},"category_info":"<a href=\"https:\/\/autofans.com.ar\/index.php\/category\/noticias\/empresas\/\" rel=\"category tag\">EMPRESAS<\/a> <a href=\"https:\/\/autofans.com.ar\/index.php\/category\/noticias\/\" rel=\"category tag\">NOTICIAS<\/a>","tag_info":"NOTICIAS","comment_count":0,"_links":{"self":[{"href":"https:\/\/autofans.com.ar\/index.php\/wp-json\/wp\/v2\/posts\/14228","targetHints":{"allow":["GET"]}}],"collection":[{"href":"https:\/\/autofans.com.ar\/index.php\/wp-json\/wp\/v2\/posts"}],"about":[{"href":"https:\/\/autofans.com.ar\/index.php\/wp-json\/wp\/v2\/types\/post"}],"author":[{"embeddable":true,"href":"https:\/\/autofans.com.ar\/index.php\/wp-json\/wp\/v2\/users\/2"}],"replies":[{"embeddable":true,"href":"https:\/\/autofans.com.ar\/index.php\/wp-json\/wp\/v2\/comments?post=14228"}],"version-history":[{"count":1,"href":"https:\/\/autofans.com.ar\/index.php\/wp-json\/wp\/v2\/posts\/14228\/revisions"}],"predecessor-version":[{"id":14231,"href":"https:\/\/autofans.com.ar\/index.php\/wp-json\/wp\/v2\/posts\/14228\/revisions\/14231"}],"wp:featuredmedia":[{"embeddable":true,"href":"https:\/\/autofans.com.ar\/index.php\/wp-json\/wp\/v2\/media\/14229"}],"wp:attachment":[{"href":"https:\/\/autofans.com.ar\/index.php\/wp-json\/wp\/v2\/media?parent=14228"}],"wp:term":[{"taxonomy":"category","embeddable":true,"href":"https:\/\/autofans.com.ar\/index.php\/wp-json\/wp\/v2\/categories?post=14228"},{"taxonomy":"post_tag","embeddable":true,"href":"https:\/\/autofans.com.ar\/index.php\/wp-json\/wp\/v2\/tags?post=14228"}],"curies":[{"name":"wp","href":"https:\/\/api.w.org\/{rel}","templated":true}]}}