{"id":14232,"date":"2025-09-29T16:51:04","date_gmt":"2025-09-29T19:51:04","guid":{"rendered":"https:\/\/autofans.com.ar\/?p=14232"},"modified":"2025-09-29T16:51:04","modified_gmt":"2025-09-29T19:51:04","slug":"uber-y-el-aca-suman-fuerzas-en-capacitacion-vial","status":"publish","type":"post","link":"https:\/\/autofans.com.ar\/index.php\/2025\/09\/29\/uber-y-el-aca-suman-fuerzas-en-capacitacion-vial\/","title":{"rendered":"Uber y el ACA suman fuerzas en capacitaci\u00f3n vial"},"content":{"rendered":"<p class=\"ds-markdown-paragraph\">Uber, en alianza con el Autom\u00f3vil Club Argentino (ACA), realiz\u00f3 una nueva jornada de seguridad vial dirigida a socios conductores de Uber Moto. El encuentro, que convoc\u00f3 a m\u00e1s de 60 participantes, se llev\u00f3 a cabo en la Escuela de Conducci\u00f3n \u201cJuan Manuel Fangio\u201d del ACA, ubicada en Palermo.<\/p>\n<p>&nbsp;<\/p>\n<blockquote>\n<p style=\"text-align: center;\">\u201cEl Autom\u00f3vil Club Argentino tiene entre sus objetivos el desarrollo de propuestas e iniciativas para fomentar buenas pr\u00e1cticas de conducci\u00f3n, generar conciencia vial en la comunidad y entablar el v\u00ednculo entre empresas. El desarrollo de esta propuesta pedag\u00f3gica en colaboraci\u00f3n con Uber se orienta a conductores que utilizan la moto como medio para generar ingresos. De este modo, el ACA refuerza su actuaci\u00f3n en el mundo del motociclismo y acompa\u00f1a la iniciativa Socio Moto, lanzada a principios de 2025\u201d, mencionaron desde el equipo del ACA durante la jornada.<\/p>\n<\/blockquote>\n<p>&nbsp;<\/p>\n<h2 class=\"ds-markdown-paragraph\">Primera capacitaci\u00f3n de Uber Moto en CABA<\/h2>\n<p class=\"ds-markdown-paragraph\">Esta fue la primera edici\u00f3n de este tipo de talleres en la Ciudad de Buenos Aires y la cuarta a nivel nacional, despu\u00e9s de realizarse con \u00e9xito en La Plata, Tucum\u00e1n y C\u00f3rdoba. La iniciativa tiene como objetivo principal brindar herramientas que contribuyan a mejorar los h\u00e1bitos de conducci\u00f3n, prevenir riesgos y optimizar las habilidades de manejo en el entorno urbano.<\/p>\n<p>&nbsp;<\/p>\n<p class=\"ds-markdown-paragraph\"><img fetchpriority=\"high\" decoding=\"async\" class=\"aligncenter wp-image-14234 size-full\" src=\"https:\/\/autofans.com.ar\/wp-content\/uploads\/2025\/09\/aca-2.jpg\" alt=\"Uber\" width=\"1000\" height=\"667\" srcset=\"https:\/\/autofans.com.ar\/wp-content\/uploads\/2025\/09\/aca-2.jpg 1000w, https:\/\/autofans.com.ar\/wp-content\/uploads\/2025\/09\/aca-2-300x200.jpg 300w, https:\/\/autofans.com.ar\/wp-content\/uploads\/2025\/09\/aca-2-768x512.jpg 768w\" sizes=\"(max-width: 1000px) 100vw, 1000px\" \/><\/p>\n<p>&nbsp;<\/p>\n<p class=\"ds-markdown-paragraph\">Durante la capacitaci\u00f3n, instructores especializados del ACA compartieron conocimientos esenciales para los conductores. Los temas incluyeron consejos de manejo seguro, la importancia del uso correcto del casco, pr\u00e1cticas para viajar con acompa\u00f1ante y estrategias para minimizar riesgos en la calle.<\/p>\n<p class=\"ds-markdown-paragraph\">La jornada combin\u00f3 sesiones te\u00f3ricas con ejercicios pr\u00e1cticos en pista. All\u00ed, los participantes realizaron maniobras de esquive, practicaron frenados controlados, trabajaron t\u00e9cnicas de equilibrio y enfrentaron simulaciones de tr\u00e1nsito real. Estas actividades buscan fortalecer destrezas clave para moverse en la ciudad.<\/p>\n<p>&nbsp;<\/p>\n<blockquote>\n<p style=\"text-align: center;\">\u201cLa seguridad es una prioridad para Uber, dentro y fuera de la app. Por eso, adem\u00e1s de las herramientas disponibles en la plataforma, buscamos generar instancias de sensibilizaci\u00f3n que refuercen h\u00e1bitos responsables en el tr\u00e1nsito. Nos entusiasma compartir este encuentro con el ACA para seguir contribuyendo con una cultura vial m\u00e1s segura en las ciudades donde estamos presentes\u201d coment\u00f3 Eleonora Turk, Responsable de Comunicaciones de Seguridad de Uber en Argentina.<\/p>\n<\/blockquote>\n<p>&nbsp;<\/p>\n<h2 class=\"ds-markdown-paragraph\">El Ecosistema de Seguridad que impulsa a Uber Moto<\/h2>\n<p class=\"ds-markdown-paragraph\">Desde su lanzamiento en el pa\u00eds, Uber Moto ha demostrado un crecimiento sostenido. La app ya conecta a m\u00e1s de 50 mil socios conductores con cientos de miles de usuarios cada mes, operando en m\u00e1s de 30 ciudades argentinas.<\/p>\n<p class=\"ds-markdown-paragraph\">Este programa se complementa con otras iniciativas, como la alianza regional con Honda para crear una plataforma interactiva con recomendaciones de seguridad. Adem\u00e1s, Uber recibi\u00f3 la m\u00e1xima calificaci\u00f3n en el \u00cdndice de Seguridad Vial de la Federaci\u00f3n Internacional del Autom\u00f3vil (FIA).<\/p>\n<p>&nbsp;<\/p>\n<p><img decoding=\"async\" class=\"aligncenter wp-image-14235 size-full\" src=\"https:\/\/autofans.com.ar\/wp-content\/uploads\/2025\/09\/aca-1.jpg\" alt=\"\" width=\"1000\" height=\"667\" srcset=\"https:\/\/autofans.com.ar\/wp-content\/uploads\/2025\/09\/aca-1.jpg 1000w, https:\/\/autofans.com.ar\/wp-content\/uploads\/2025\/09\/aca-1-300x200.jpg 300w, https:\/\/autofans.com.ar\/wp-content\/uploads\/2025\/09\/aca-1-768x512.jpg 768w\" sizes=\"(max-width: 1000px) 100vw, 1000px\" \/><\/p>\n<p>&nbsp;<\/p>\n<p class=\"ds-markdown-paragraph\">La plataforma contin\u00faa incorporando funciones pensadas para proteger a usuarios y socios. Una de las novedades es Stop Chat, que pausa autom\u00e1ticamente los mensajes durante el viaje para evitar distracciones.<\/p>\n<p class=\"ds-markdown-paragraph\">Para los viajes en Uber Moto, la app incluye:<\/p>\n<ul>\n<li>\n<p class=\"ds-markdown-paragraph\">Alerta de casco antes de cada viaje.<\/p>\n<\/li>\n<li>\n<p class=\"ds-markdown-paragraph\">Confirmaci\u00f3n del uso de casco mediante selfie para el conductor.<\/p>\n<\/li>\n<li>\n<p class=\"ds-markdown-paragraph\">Lista interactiva de verificaci\u00f3n previa al viaje.<\/p>\n<\/li>\n<li>\n<p class=\"ds-markdown-paragraph\">Detecci\u00f3n de anomal\u00edas con acceso directo al bot\u00f3n 911.<\/p>\n<\/li>\n<li>\n<p class=\"ds-markdown-paragraph\">L\u00edmite de horas de manejo para prevenir la fatiga.<\/p>\n<\/li>\n<li>\n<p class=\"ds-markdown-paragraph\">Soporte las 24 horas y cobertura de Galicia Seguros.<\/p>\n<\/li>\n<\/ul>\n<p>&nbsp;<\/p>\n<p>&nbsp;<\/p>\n<p>&nbsp;<\/p>\n<p><i>Para enterarte de m\u00e1s novedades, no dejes de leer\u00a0<\/i><a href=\"https:\/\/autofans.thebrandsoup.com\/\"><i>nuestras notas<\/i><\/a><i>, de ver\u00a0<\/i><a href=\"https:\/\/www.youtube.com\/channel\/UCgAC8UGHZYbT6P7PpmVnP7g\"><i>AUTOFANS TV<\/i><\/a><i>\u00a0en nuestro\u00a0canal de Youtube. Adem\u00e1s seguinos en\u00a0<\/i><a href=\"https:\/\/www.instagram.com\/autofanstv\/\"><i>INSTAGRAM<\/i><\/a><i> y <\/i><a href=\"https:\/\/www.facebook.com\/autofansmas\/\"><i>FACEBOOK<\/i><\/a><i> para no perderte nada sobre las novedades del segmento automotor de Argentina y el mundo.<\/i><\/p>\n","protected":false},"excerpt":{"rendered":"<p>Uber, en alianza con el Autom\u00f3vil Club Argentino (ACA), realiz\u00f3 una nueva jornada de seguridad&#8230;<\/p>\n","protected":false},"author":2,"featured_media":14236,"comment_status":"closed","ping_status":"closed","sticky":false,"template":"","format":"standard","meta":{"footnotes":""},"categories":[292,16],"tags":[755,2103,1184,757,1309,7445,94,698,7443,7444],"class_list":["post-14232","post","type-post","status-publish","format-standard","has-post-thumbnail","hentry","category-empresas","category-noticias","tag-aca","tag-automovil-club-argentino","tag-buenos-aires","tag-capacitacion","tag-conduccion-segura","tag-conductores","tag-moto","tag-seguridad-vial","tag-uber","tag-uber-moto"],"yoast_head":"<!-- This site is optimized with the Yoast SEO plugin v27.5 - https:\/\/yoast.com\/product\/yoast-seo-wordpress\/ -->\n<title>Uber y el ACA suman fuerzas en capacitaci\u00f3n vial -<\/title>\n<meta name=\"description\" content=\"Uber, en alianza con el Autom\u00f3vil Club Argentino (ACA, realiz\u00f3 una nueva jornada de seguridad vial dirigida a socios conductores de Uber Moto\" \/>\n<meta name=\"robots\" content=\"index, follow, max-snippet:-1, max-image-preview:large, max-video-preview:-1\" \/>\n<link rel=\"canonical\" href=\"https:\/\/autofans.com.ar\/index.php\/2025\/09\/29\/uber-y-el-aca-suman-fuerzas-en-capacitacion-vial\/\" \/>\n<meta property=\"og:locale\" content=\"es_ES\" \/>\n<meta property=\"og:type\" content=\"article\" \/>\n<meta property=\"og:title\" content=\"Uber y el ACA suman fuerzas en capacitaci\u00f3n vial -\" \/>\n<meta property=\"og:description\" content=\"Uber, en alianza con el Autom\u00f3vil Club Argentino (ACA, realiz\u00f3 una nueva jornada de seguridad vial dirigida a socios conductores de Uber Moto\" \/>\n<meta property=\"og:url\" content=\"https:\/\/autofans.com.ar\/index.php\/2025\/09\/29\/uber-y-el-aca-suman-fuerzas-en-capacitacion-vial\/\" \/>\n<meta property=\"article:published_time\" content=\"2025-09-29T19:51:04+00:00\" \/>\n<meta property=\"og:image\" content=\"https:\/\/autofans.com.ar\/wp-content\/uploads\/2025\/09\/aca-3.jpg\" \/>\n\t<meta property=\"og:image:width\" content=\"1000\" \/>\n\t<meta property=\"og:image:height\" content=\"667\" \/>\n\t<meta property=\"og:image:type\" content=\"image\/jpeg\" \/>\n<meta name=\"author\" content=\"Alejandro Gabriel Rosito\" \/>\n<meta name=\"twitter:card\" content=\"summary_large_image\" \/>\n<meta name=\"twitter:label1\" content=\"Escrito por\" \/>\n\t<meta name=\"twitter:data1\" content=\"Alejandro Gabriel Rosito\" \/>\n\t<meta name=\"twitter:label2\" content=\"Tiempo de lectura\" \/>\n\t<meta name=\"twitter:data2\" content=\"3 minutos\" \/>\n<script type=\"application\/ld+json\" class=\"yoast-schema-graph\">{\"@context\":\"https:\\\/\\\/schema.org\",\"@graph\":[{\"@type\":\"Article\",\"@id\":\"https:\\\/\\\/autofans.com.ar\\\/index.php\\\/2025\\\/09\\\/29\\\/uber-y-el-aca-suman-fuerzas-en-capacitacion-vial\\\/#article\",\"isPartOf\":{\"@id\":\"https:\\\/\\\/autofans.com.ar\\\/index.php\\\/2025\\\/09\\\/29\\\/uber-y-el-aca-suman-fuerzas-en-capacitacion-vial\\\/\"},\"author\":{\"name\":\"Alejandro Gabriel Rosito\",\"@id\":\"https:\\\/\\\/autofans.com.ar\\\/#\\\/schema\\\/person\\\/4a8dda0b6df83ac3d6723e921274c2aa\"},\"headline\":\"Uber y el ACA suman fuerzas en capacitaci\u00f3n vial\",\"datePublished\":\"2025-09-29T19:51:04+00:00\",\"mainEntityOfPage\":{\"@id\":\"https:\\\/\\\/autofans.com.ar\\\/index.php\\\/2025\\\/09\\\/29\\\/uber-y-el-aca-suman-fuerzas-en-capacitacion-vial\\\/\"},\"wordCount\":639,\"image\":{\"@id\":\"https:\\\/\\\/autofans.com.ar\\\/index.php\\\/2025\\\/09\\\/29\\\/uber-y-el-aca-suman-fuerzas-en-capacitacion-vial\\\/#primaryimage\"},\"thumbnailUrl\":\"https:\\\/\\\/autofans.com.ar\\\/wp-content\\\/uploads\\\/2025\\\/09\\\/aca-3.jpg\",\"keywords\":[\"ACA\",\"Automovil Club Argentino\",\"Buenos Aires\",\"capacitaci\u00f3n\",\"conducci\u00f3n segura\",\"conductores\",\"Moto\",\"Seguridad Vial\",\"Uber\",\"Uber Moto\"],\"articleSection\":[\"EMPRESAS\",\"NOTICIAS\"],\"inLanguage\":\"es\"},{\"@type\":\"WebPage\",\"@id\":\"https:\\\/\\\/autofans.com.ar\\\/index.php\\\/2025\\\/09\\\/29\\\/uber-y-el-aca-suman-fuerzas-en-capacitacion-vial\\\/\",\"url\":\"https:\\\/\\\/autofans.com.ar\\\/index.php\\\/2025\\\/09\\\/29\\\/uber-y-el-aca-suman-fuerzas-en-capacitacion-vial\\\/\",\"name\":\"Uber y el ACA suman fuerzas en capacitaci\u00f3n vial -\",\"isPartOf\":{\"@id\":\"https:\\\/\\\/autofans.com.ar\\\/#website\"},\"primaryImageOfPage\":{\"@id\":\"https:\\\/\\\/autofans.com.ar\\\/index.php\\\/2025\\\/09\\\/29\\\/uber-y-el-aca-suman-fuerzas-en-capacitacion-vial\\\/#primaryimage\"},\"image\":{\"@id\":\"https:\\\/\\\/autofans.com.ar\\\/index.php\\\/2025\\\/09\\\/29\\\/uber-y-el-aca-suman-fuerzas-en-capacitacion-vial\\\/#primaryimage\"},\"thumbnailUrl\":\"https:\\\/\\\/autofans.com.ar\\\/wp-content\\\/uploads\\\/2025\\\/09\\\/aca-3.jpg\",\"datePublished\":\"2025-09-29T19:51:04+00:00\",\"author\":{\"@id\":\"https:\\\/\\\/autofans.com.ar\\\/#\\\/schema\\\/person\\\/4a8dda0b6df83ac3d6723e921274c2aa\"},\"description\":\"Uber, en alianza con el Autom\u00f3vil Club Argentino (ACA, realiz\u00f3 una nueva jornada de seguridad vial dirigida a socios conductores de Uber Moto\",\"breadcrumb\":{\"@id\":\"https:\\\/\\\/autofans.com.ar\\\/index.php\\\/2025\\\/09\\\/29\\\/uber-y-el-aca-suman-fuerzas-en-capacitacion-vial\\\/#breadcrumb\"},\"inLanguage\":\"es\",\"potentialAction\":[{\"@type\":\"ReadAction\",\"target\":[\"https:\\\/\\\/autofans.com.ar\\\/index.php\\\/2025\\\/09\\\/29\\\/uber-y-el-aca-suman-fuerzas-en-capacitacion-vial\\\/\"]}]},{\"@type\":\"ImageObject\",\"inLanguage\":\"es\",\"@id\":\"https:\\\/\\\/autofans.com.ar\\\/index.php\\\/2025\\\/09\\\/29\\\/uber-y-el-aca-suman-fuerzas-en-capacitacion-vial\\\/#primaryimage\",\"url\":\"https:\\\/\\\/autofans.com.ar\\\/wp-content\\\/uploads\\\/2025\\\/09\\\/aca-3.jpg\",\"contentUrl\":\"https:\\\/\\\/autofans.com.ar\\\/wp-content\\\/uploads\\\/2025\\\/09\\\/aca-3.jpg\",\"width\":1000,\"height\":667},{\"@type\":\"BreadcrumbList\",\"@id\":\"https:\\\/\\\/autofans.com.ar\\\/index.php\\\/2025\\\/09\\\/29\\\/uber-y-el-aca-suman-fuerzas-en-capacitacion-vial\\\/#breadcrumb\",\"itemListElement\":[{\"@type\":\"ListItem\",\"position\":1,\"name\":\"Inicio\",\"item\":\"https:\\\/\\\/autofans.com.ar\\\/\"},{\"@type\":\"ListItem\",\"position\":2,\"name\":\"Uber y el ACA suman fuerzas en capacitaci\u00f3n vial\"}]},{\"@type\":\"WebSite\",\"@id\":\"https:\\\/\\\/autofans.com.ar\\\/#website\",\"url\":\"https:\\\/\\\/autofans.com.ar\\\/\",\"name\":\"\",\"description\":\"El multimedio referente de la industria automotriz\",\"potentialAction\":[{\"@type\":\"SearchAction\",\"target\":{\"@type\":\"EntryPoint\",\"urlTemplate\":\"https:\\\/\\\/autofans.com.ar\\\/?s={search_term_string}\"},\"query-input\":{\"@type\":\"PropertyValueSpecification\",\"valueRequired\":true,\"valueName\":\"search_term_string\"}}],\"inLanguage\":\"es\"},{\"@type\":\"Person\",\"@id\":\"https:\\\/\\\/autofans.com.ar\\\/#\\\/schema\\\/person\\\/4a8dda0b6df83ac3d6723e921274c2aa\",\"name\":\"Alejandro Gabriel Rosito\",\"image\":{\"@type\":\"ImageObject\",\"inLanguage\":\"es\",\"@id\":\"https:\\\/\\\/secure.gravatar.com\\\/avatar\\\/16c5dda1489adfc62618084dcbb91cffd879c374b13fe5dd8e44ed6733852c88?s=96&d=mm&r=g\",\"url\":\"https:\\\/\\\/secure.gravatar.com\\\/avatar\\\/16c5dda1489adfc62618084dcbb91cffd879c374b13fe5dd8e44ed6733852c88?s=96&d=mm&r=g\",\"contentUrl\":\"https:\\\/\\\/secure.gravatar.com\\\/avatar\\\/16c5dda1489adfc62618084dcbb91cffd879c374b13fe5dd8e44ed6733852c88?s=96&d=mm&r=g\",\"caption\":\"Alejandro Gabriel Rosito\"},\"url\":\"https:\\\/\\\/autofans.com.ar\\\/index.php\\\/author\\\/gabrielr\\\/\"}]}<\/script>\n<!-- \/ Yoast SEO plugin. -->","yoast_head_json":{"title":"Uber y el ACA suman fuerzas en capacitaci\u00f3n vial -","description":"Uber, en alianza con el Autom\u00f3vil Club Argentino (ACA, realiz\u00f3 una nueva jornada de seguridad vial dirigida a socios conductores de Uber Moto","robots":{"index":"index","follow":"follow","max-snippet":"max-snippet:-1","max-image-preview":"max-image-preview:large","max-video-preview":"max-video-preview:-1"},"canonical":"https:\/\/autofans.com.ar\/index.php\/2025\/09\/29\/uber-y-el-aca-suman-fuerzas-en-capacitacion-vial\/","og_locale":"es_ES","og_type":"article","og_title":"Uber y el ACA suman fuerzas en capacitaci\u00f3n vial -","og_description":"Uber, en alianza con el Autom\u00f3vil Club Argentino (ACA, realiz\u00f3 una nueva jornada de seguridad vial dirigida a socios conductores de Uber Moto","og_url":"https:\/\/autofans.com.ar\/index.php\/2025\/09\/29\/uber-y-el-aca-suman-fuerzas-en-capacitacion-vial\/","article_published_time":"2025-09-29T19:51:04+00:00","og_image":[{"width":1000,"height":667,"url":"https:\/\/autofans.com.ar\/wp-content\/uploads\/2025\/09\/aca-3.jpg","type":"image\/jpeg"}],"author":"Alejandro Gabriel Rosito","twitter_card":"summary_large_image","twitter_misc":{"Escrito por":"Alejandro Gabriel Rosito","Tiempo de lectura":"3 minutos"},"schema":{"@context":"https:\/\/schema.org","@graph":[{"@type":"Article","@id":"https:\/\/autofans.com.ar\/index.php\/2025\/09\/29\/uber-y-el-aca-suman-fuerzas-en-capacitacion-vial\/#article","isPartOf":{"@id":"https:\/\/autofans.com.ar\/index.php\/2025\/09\/29\/uber-y-el-aca-suman-fuerzas-en-capacitacion-vial\/"},"author":{"name":"Alejandro Gabriel Rosito","@id":"https:\/\/autofans.com.ar\/#\/schema\/person\/4a8dda0b6df83ac3d6723e921274c2aa"},"headline":"Uber y el ACA suman fuerzas en capacitaci\u00f3n vial","datePublished":"2025-09-29T19:51:04+00:00","mainEntityOfPage":{"@id":"https:\/\/autofans.com.ar\/index.php\/2025\/09\/29\/uber-y-el-aca-suman-fuerzas-en-capacitacion-vial\/"},"wordCount":639,"image":{"@id":"https:\/\/autofans.com.ar\/index.php\/2025\/09\/29\/uber-y-el-aca-suman-fuerzas-en-capacitacion-vial\/#primaryimage"},"thumbnailUrl":"https:\/\/autofans.com.ar\/wp-content\/uploads\/2025\/09\/aca-3.jpg","keywords":["ACA","Automovil Club Argentino","Buenos Aires","capacitaci\u00f3n","conducci\u00f3n segura","conductores","Moto","Seguridad Vial","Uber","Uber Moto"],"articleSection":["EMPRESAS","NOTICIAS"],"inLanguage":"es"},{"@type":"WebPage","@id":"https:\/\/autofans.com.ar\/index.php\/2025\/09\/29\/uber-y-el-aca-suman-fuerzas-en-capacitacion-vial\/","url":"https:\/\/autofans.com.ar\/index.php\/2025\/09\/29\/uber-y-el-aca-suman-fuerzas-en-capacitacion-vial\/","name":"Uber y el ACA suman fuerzas en capacitaci\u00f3n vial -","isPartOf":{"@id":"https:\/\/autofans.com.ar\/#website"},"primaryImageOfPage":{"@id":"https:\/\/autofans.com.ar\/index.php\/2025\/09\/29\/uber-y-el-aca-suman-fuerzas-en-capacitacion-vial\/#primaryimage"},"image":{"@id":"https:\/\/autofans.com.ar\/index.php\/2025\/09\/29\/uber-y-el-aca-suman-fuerzas-en-capacitacion-vial\/#primaryimage"},"thumbnailUrl":"https:\/\/autofans.com.ar\/wp-content\/uploads\/2025\/09\/aca-3.jpg","datePublished":"2025-09-29T19:51:04+00:00","author":{"@id":"https:\/\/autofans.com.ar\/#\/schema\/person\/4a8dda0b6df83ac3d6723e921274c2aa"},"description":"Uber, en alianza con el Autom\u00f3vil Club Argentino (ACA, realiz\u00f3 una nueva jornada de seguridad vial dirigida a socios conductores de Uber Moto","breadcrumb":{"@id":"https:\/\/autofans.com.ar\/index.php\/2025\/09\/29\/uber-y-el-aca-suman-fuerzas-en-capacitacion-vial\/#breadcrumb"},"inLanguage":"es","potentialAction":[{"@type":"ReadAction","target":["https:\/\/autofans.com.ar\/index.php\/2025\/09\/29\/uber-y-el-aca-suman-fuerzas-en-capacitacion-vial\/"]}]},{"@type":"ImageObject","inLanguage":"es","@id":"https:\/\/autofans.com.ar\/index.php\/2025\/09\/29\/uber-y-el-aca-suman-fuerzas-en-capacitacion-vial\/#primaryimage","url":"https:\/\/autofans.com.ar\/wp-content\/uploads\/2025\/09\/aca-3.jpg","contentUrl":"https:\/\/autofans.com.ar\/wp-content\/uploads\/2025\/09\/aca-3.jpg","width":1000,"height":667},{"@type":"BreadcrumbList","@id":"https:\/\/autofans.com.ar\/index.php\/2025\/09\/29\/uber-y-el-aca-suman-fuerzas-en-capacitacion-vial\/#breadcrumb","itemListElement":[{"@type":"ListItem","position":1,"name":"Inicio","item":"https:\/\/autofans.com.ar\/"},{"@type":"ListItem","position":2,"name":"Uber y el ACA suman fuerzas en capacitaci\u00f3n vial"}]},{"@type":"WebSite","@id":"https:\/\/autofans.com.ar\/#website","url":"https:\/\/autofans.com.ar\/","name":"","description":"El multimedio referente de la industria automotriz","potentialAction":[{"@type":"SearchAction","target":{"@type":"EntryPoint","urlTemplate":"https:\/\/autofans.com.ar\/?s={search_term_string}"},"query-input":{"@type":"PropertyValueSpecification","valueRequired":true,"valueName":"search_term_string"}}],"inLanguage":"es"},{"@type":"Person","@id":"https:\/\/autofans.com.ar\/#\/schema\/person\/4a8dda0b6df83ac3d6723e921274c2aa","name":"Alejandro Gabriel Rosito","image":{"@type":"ImageObject","inLanguage":"es","@id":"https:\/\/secure.gravatar.com\/avatar\/16c5dda1489adfc62618084dcbb91cffd879c374b13fe5dd8e44ed6733852c88?s=96&d=mm&r=g","url":"https:\/\/secure.gravatar.com\/avatar\/16c5dda1489adfc62618084dcbb91cffd879c374b13fe5dd8e44ed6733852c88?s=96&d=mm&r=g","contentUrl":"https:\/\/secure.gravatar.com\/avatar\/16c5dda1489adfc62618084dcbb91cffd879c374b13fe5dd8e44ed6733852c88?s=96&d=mm&r=g","caption":"Alejandro Gabriel Rosito"},"url":"https:\/\/autofans.com.ar\/index.php\/author\/gabrielr\/"}]}},"featured_image_urls":{"full":["https:\/\/autofans.com.ar\/wp-content\/uploads\/2025\/09\/aca-3.jpg",1000,667,false],"thumbnail":["https:\/\/autofans.com.ar\/wp-content\/uploads\/2025\/09\/aca-3-150x150.jpg",150,150,true],"medium":["https:\/\/autofans.com.ar\/wp-content\/uploads\/2025\/09\/aca-3-300x200.jpg",300,200,true],"medium_large":["https:\/\/autofans.com.ar\/wp-content\/uploads\/2025\/09\/aca-3-768x512.jpg",640,427,true],"large":["https:\/\/autofans.com.ar\/wp-content\/uploads\/2025\/09\/aca-3.jpg",640,427,false],"1536x1536":["https:\/\/autofans.com.ar\/wp-content\/uploads\/2025\/09\/aca-3.jpg",1000,667,false],"2048x2048":["https:\/\/autofans.com.ar\/wp-content\/uploads\/2025\/09\/aca-3.jpg",1000,667,false],"covernews-featured":["https:\/\/autofans.com.ar\/wp-content\/uploads\/2025\/09\/aca-3.jpg",1000,667,false],"covernews-medium":["https:\/\/autofans.com.ar\/wp-content\/uploads\/2025\/09\/aca-3-540x340.jpg",540,340,true]},"author_info":{"display_name":"Alejandro Gabriel Rosito","author_link":"https:\/\/autofans.com.ar\/index.php\/author\/gabrielr\/"},"category_info":"<a href=\"https:\/\/autofans.com.ar\/index.php\/category\/noticias\/empresas\/\" rel=\"category tag\">EMPRESAS<\/a> <a href=\"https:\/\/autofans.com.ar\/index.php\/category\/noticias\/\" rel=\"category tag\">NOTICIAS<\/a>","tag_info":"NOTICIAS","comment_count":0,"_links":{"self":[{"href":"https:\/\/autofans.com.ar\/index.php\/wp-json\/wp\/v2\/posts\/14232","targetHints":{"allow":["GET"]}}],"collection":[{"href":"https:\/\/autofans.com.ar\/index.php\/wp-json\/wp\/v2\/posts"}],"about":[{"href":"https:\/\/autofans.com.ar\/index.php\/wp-json\/wp\/v2\/types\/post"}],"author":[{"embeddable":true,"href":"https:\/\/autofans.com.ar\/index.php\/wp-json\/wp\/v2\/users\/2"}],"replies":[{"embeddable":true,"href":"https:\/\/autofans.com.ar\/index.php\/wp-json\/wp\/v2\/comments?post=14232"}],"version-history":[{"count":2,"href":"https:\/\/autofans.com.ar\/index.php\/wp-json\/wp\/v2\/posts\/14232\/revisions"}],"predecessor-version":[{"id":14238,"href":"https:\/\/autofans.com.ar\/index.php\/wp-json\/wp\/v2\/posts\/14232\/revisions\/14238"}],"wp:featuredmedia":[{"embeddable":true,"href":"https:\/\/autofans.com.ar\/index.php\/wp-json\/wp\/v2\/media\/14236"}],"wp:attachment":[{"href":"https:\/\/autofans.com.ar\/index.php\/wp-json\/wp\/v2\/media?parent=14232"}],"wp:term":[{"taxonomy":"category","embeddable":true,"href":"https:\/\/autofans.com.ar\/index.php\/wp-json\/wp\/v2\/categories?post=14232"},{"taxonomy":"post_tag","embeddable":true,"href":"https:\/\/autofans.com.ar\/index.php\/wp-json\/wp\/v2\/tags?post=14232"}],"curies":[{"name":"wp","href":"https:\/\/api.w.org\/{rel}","templated":true}]}}