{"id":14256,"date":"2025-09-30T18:10:58","date_gmt":"2025-09-30T21:10:58","guid":{"rendered":"https:\/\/autofans.com.ar\/?p=14256"},"modified":"2025-09-30T18:10:58","modified_gmt":"2025-09-30T21:10:58","slug":"llego-a-argentina-el-suv-dfsk-e5-hibrido-enchufable-de-7-plazas","status":"publish","type":"post","link":"https:\/\/autofans.com.ar\/index.php\/2025\/09\/30\/llego-a-argentina-el-suv-dfsk-e5-hibrido-enchufable-de-7-plazas\/","title":{"rendered":"Lleg\u00f3 a Argentina el SUV DFSK E5 h\u00edbrido enchufable de 7 plazas"},"content":{"rendered":"<p class=\"ds-markdown-paragraph\">DFSK present\u00f3 el E5, un SUV que llega para ampliar su gama en el pa\u00eds. Su propuesta se basa en ofrecer espacio para siete ocupantes y una mec\u00e1nica h\u00edbrida enchufable, una combinaci\u00f3n poco frecuente en el mercado.<\/p>\n<p>&nbsp;<\/p>\n<h2 class=\"ds-markdown-paragraph\">DFSK E5, dise\u00f1o y dimensiones<\/h2>\n<p class=\"ds-markdown-paragraph\">El E5 tiene una carrocer\u00eda de 4,76 metros de largo y un paso de 2,75 metros, lo que se traduce en un habit\u00e1culo espacioso. Completan su imagen llantas de aleaci\u00f3n de 18 pulgadas y tres colores a elecci\u00f3n: blanco nieve, gris plateado y negro \u00f3nix.<\/p>\n<p>&nbsp;<\/p>\n<div id='gallery-1' class='gallery galleryid-14256 gallery-columns-2 gallery-size-full'><figure class='gallery-item'>\n\t\t\t<div class='gallery-icon landscape'>\n\t\t\t\t<a href='https:\/\/autofans.com.ar\/index.php\/2025\/09\/30\/llego-a-argentina-el-suv-dfsk-e5-hibrido-enchufable-de-7-plazas\/dfsk-2\/'><img loading=\"lazy\" width=\"1000\" height=\"667\" src=\"https:\/\/autofans.com.ar\/wp-content\/uploads\/2025\/09\/DFSK-2.jpg\" class=\"attachment-full size-full\" alt=\"DFSK E5\" srcset=\"https:\/\/autofans.com.ar\/wp-content\/uploads\/2025\/09\/DFSK-2.jpg 1000w, https:\/\/autofans.com.ar\/wp-content\/uploads\/2025\/09\/DFSK-2-300x200.jpg 300w, https:\/\/autofans.com.ar\/wp-content\/uploads\/2025\/09\/DFSK-2-768x512.jpg 768w\" sizes=\"auto, (max-width: 1000px) 100vw, 1000px\" loading=\"lazy\" decoding=\"async\" \/><\/a>\n\t\t\t<\/div><\/figure><figure class='gallery-item'>\n\t\t\t<div class='gallery-icon landscape'>\n\t\t\t\t<a href='https:\/\/autofans.com.ar\/index.php\/2025\/09\/30\/llego-a-argentina-el-suv-dfsk-e5-hibrido-enchufable-de-7-plazas\/dfsk-3\/'><img loading=\"lazy\" width=\"1000\" height=\"667\" src=\"https:\/\/autofans.com.ar\/wp-content\/uploads\/2025\/09\/DFSK-3.jpg\" class=\"attachment-full size-full\" alt=\"DFSK E5\" srcset=\"https:\/\/autofans.com.ar\/wp-content\/uploads\/2025\/09\/DFSK-3.jpg 1000w, https:\/\/autofans.com.ar\/wp-content\/uploads\/2025\/09\/DFSK-3-300x200.jpg 300w, https:\/\/autofans.com.ar\/wp-content\/uploads\/2025\/09\/DFSK-3-768x512.jpg 768w\" sizes=\"auto, (max-width: 1000px) 100vw, 1000px\" loading=\"lazy\" decoding=\"async\" \/><\/a>\n\t\t\t<\/div><\/figure>\n\t\t<\/div>\n\n<p>&nbsp;<\/p>\n<p class=\"ds-markdown-paragraph\">El interior est\u00e1 organizado en tres filas con capacidad para siete personas. Incluye una pantalla digital de 7 pulgadas en el tablero y un sistema multimedia central de 12,3 pulgadas con GPS, conexi\u00f3n 4G, y compatibilidad con Android Auto y Apple CarPlay de forma inal\u00e1mbrica.<\/p>\n<p class=\"ds-markdown-paragraph\">Suma asientos delanteros con regulaci\u00f3n el\u00e9ctrica, calefacci\u00f3n y ventilaci\u00f3n, tapizados en cuero ecol\u00f3gico. Tambi\u00e9n cuenta con techo solar el\u00e9ctrico, climatizador digital, encendido sin llave y dos tomas USB.<\/p>\n<p>&nbsp;<\/p>\n<h2 class=\"ds-markdown-paragraph\">Seguridad &#8211; qu\u00e9 elementos incorpora<\/h2>\n<p>&nbsp;<\/p>\n<p><img fetchpriority=\"high\" decoding=\"async\" class=\"aligncenter wp-image-14258 size-full\" src=\"https:\/\/autofans.com.ar\/wp-content\/uploads\/2025\/09\/DSKF-6.jpg\" alt=\"DFSK E5\" width=\"1000\" height=\"667\" srcset=\"https:\/\/autofans.com.ar\/wp-content\/uploads\/2025\/09\/DSKF-6.jpg 1000w, https:\/\/autofans.com.ar\/wp-content\/uploads\/2025\/09\/DSKF-6-300x200.jpg 300w, https:\/\/autofans.com.ar\/wp-content\/uploads\/2025\/09\/DSKF-6-768x512.jpg 768w\" sizes=\"(max-width: 1000px) 100vw, 1000px\" \/><\/p>\n<p>&nbsp;<\/p>\n<p class=\"ds-markdown-paragraph\">En este apartado, el E5 incluye cuatro airbags (frontales y laterales), frenos a disco en las cuatro ruedas, y asistencia para el estacionamiento con c\u00e1mara y sensores traseros. Adem\u00e1s, tiene control de descenso, monitoreo de presi\u00f3n de neum\u00e1ticos y freno de estacionamiento el\u00e9ctrico con funci\u00f3n auto-hold.<\/p>\n<p>&nbsp;<\/p>\n<hr \/>\n<div style=\"display: flex; justify-content: center; width: 100%;\">\n<div style=\"display: flex; align-items: center; justify-content: space-between; background: #f0f2f5; padding: 3px 92px; border-radius: 0px; box-shadow: 0 4px 10px rgba(0, 0, 0, 0.08); margin: 24px 0; max-width: 700px;\">\n<div style=\"flex: 1;\"><a style=\"font-size: 18px; color: #921414; font-weight: bold; text-decoration: underline;\" href=\"https:\/\/autofans.com.ar\/wp-content\/uploads\/2025\/09\/DFSK-E5.pdf\" target=\"_blank\" rel=\"noopener\"><br \/>\n\u2192 Ficha T\u00e9cnica DFSK E5<br \/>\n<\/a><a style=\"font-size: 18px; color: #007bff; font-weight: 1200; text-decoration: underline;\" href=\"https:\/\/autofans.com.ar\/wp-content\/uploads\/2025\/05\/ftmy26argo-681166d8eb8a6.pdf\" target=\"_blank\" rel=\"noopener\"><br \/>\n<\/a><\/div>\n<div style=\"margin-left: 46px;\"><img decoding=\"async\" class=\"alignright\" style=\"height: 20px; width: auto;\" src=\"https:\/\/autofans.com.ar\/wp-content\/uploads\/2023\/02\/Autofans_600x102_150px5.png\" alt=\"Logo Autofans\" width=\"1200\" height=\"137\" \/><\/div>\n<\/div>\n<\/div>\n<hr \/>\n<p>&nbsp;<\/p>\n<h2 class=\"ds-markdown-paragraph\">La mec\u00e1nica &#8211; un sistema h\u00edbrido enchufable<\/h2>\n<p class=\"ds-markdown-paragraph\">El coraz\u00f3n del E5 es un sistema h\u00edbrido enchufable (PHEV). Combina un motor naftero 1.5 de 100 caballos con uno el\u00e9ctrico de 174 caballos. Juntos, generan una potencia total de 217 caballos, gestionados por una caja autom\u00e1tica e-CVT y tracci\u00f3n delantera.<\/p>\n<p>&nbsp;<\/p>\n<p><img decoding=\"async\" class=\"aligncenter wp-image-14263 size-full\" src=\"https:\/\/autofans.com.ar\/wp-content\/uploads\/2025\/09\/DFSK-1.jpg\" alt=\"DFSK E5\" width=\"1000\" height=\"667\" srcset=\"https:\/\/autofans.com.ar\/wp-content\/uploads\/2025\/09\/DFSK-1.jpg 1000w, https:\/\/autofans.com.ar\/wp-content\/uploads\/2025\/09\/DFSK-1-300x200.jpg 300w, https:\/\/autofans.com.ar\/wp-content\/uploads\/2025\/09\/DFSK-1-768x512.jpg 768w\" sizes=\"(max-width: 1000px) 100vw, 1000px\" \/><\/p>\n<p>&nbsp;<\/p>\n<p class=\"ds-markdown-paragraph\">Su bater\u00eda de iones de litio de 17,52 kWh permite recorrer m\u00e1s de 85 kil\u00f3metros en modo 100% el\u00e9ctrico. La recarga del 20% al 80% en cargadores de potencia media demanda cerca de tres horas.<\/p>\n<p class=\"ds-markdown-paragraph\">El DFSK E5 ya est\u00e1 a la venta con un precio sugerido de 34.500 d\u00f3lares. Incluye una garant\u00eda de 6 a\u00f1os o 150.000 kil\u00f3metros, que cubre tanto el veh\u00edculo como la bater\u00eda.<\/p>\n<p>Para m\u00e1s informaci\u00f3n visita la <a href=\"https:\/\/dfsk.ar\/e5\/\" target=\"_blank\" rel=\"noopener\">web de DFSK<\/a><\/p>\n<p>&nbsp;<\/p>\n<p>&nbsp;<\/p>\n<p>&nbsp;<\/p>\n<p><i>Para enterarte de m\u00e1s novedades, no dejes de leer\u00a0<\/i><a href=\"https:\/\/autofans.thebrandsoup.com\/\"><i>nuestras notas<\/i><\/a><i>, de ver\u00a0<\/i><a href=\"https:\/\/www.youtube.com\/channel\/UCgAC8UGHZYbT6P7PpmVnP7g\"><i>AUTOFANS TV<\/i><\/a><i>\u00a0en nuestro\u00a0canal de Youtube. Adem\u00e1s seguinos en\u00a0<\/i><a href=\"https:\/\/www.instagram.com\/autofanstv\/\"><i>INSTAGRAM<\/i><\/a><i> y <\/i><a href=\"https:\/\/www.facebook.com\/autofansmas\/\"><i>FACEBOOK<\/i><\/a><i> para no perderte nada sobre las novedades del segmento automotor de Argentina y el mundo.<\/i><\/p>\n","protected":false},"excerpt":{"rendered":"<p>DFSK present\u00f3 el E5, un SUV que llega para ampliar su gama en el pa\u00eds&#8230;.<\/p>\n","protected":false},"author":2,"featured_media":14259,"comment_status":"closed","ping_status":"closed","sticky":false,"template":"","format":"standard","meta":{"footnotes":""},"categories":[1],"tags":[7458,7460,2549,7457,7462,1882,7461,7459,7085,6349],"class_list":["post-14256","post","type-post","status-publish","format-standard","has-post-thumbnail","hentry","category-lanzamientos","tag-auto-7-plazas","tag-auto-chino","tag-autonomia-electrica","tag-dfsk-e5","tag-garantia-auto","tag-hibrido-enchufable","tag-motor-phev","tag-precio-dfsk-argentina","tag-suv-familiar","tag-suv-hibrido-enchufable"],"yoast_head":"<!-- This site is optimized with the Yoast SEO plugin v27.5 - https:\/\/yoast.com\/product\/yoast-seo-wordpress\/ -->\n<title>Lleg\u00f3 a Argentina el SUV DFSK E5 h\u00edbrido enchufable de 7 plazas -<\/title>\n<meta name=\"description\" content=\"DFSK present\u00f3 el E5, un SUV que llega para ampliar su gama en el pa\u00eds. Su propuesta se basa en ofrecer espacio para siete ocupantes...\" \/>\n<meta name=\"robots\" content=\"index, follow, max-snippet:-1, max-image-preview:large, max-video-preview:-1\" \/>\n<link rel=\"canonical\" href=\"https:\/\/autofans.com.ar\/index.php\/2025\/09\/30\/llego-a-argentina-el-suv-dfsk-e5-hibrido-enchufable-de-7-plazas\/\" \/>\n<meta property=\"og:locale\" content=\"es_ES\" \/>\n<meta property=\"og:type\" content=\"article\" \/>\n<meta property=\"og:title\" content=\"Lleg\u00f3 a Argentina el SUV DFSK E5 h\u00edbrido enchufable de 7 plazas -\" \/>\n<meta property=\"og:description\" content=\"DFSK present\u00f3 el E5, un SUV que llega para ampliar su gama en el pa\u00eds. Su propuesta se basa en ofrecer espacio para siete ocupantes...\" \/>\n<meta property=\"og:url\" content=\"https:\/\/autofans.com.ar\/index.php\/2025\/09\/30\/llego-a-argentina-el-suv-dfsk-e5-hibrido-enchufable-de-7-plazas\/\" \/>\n<meta property=\"article:published_time\" content=\"2025-09-30T21:10:58+00:00\" \/>\n<meta property=\"og:image\" content=\"https:\/\/autofans.com.ar\/wp-content\/uploads\/2025\/09\/DFSK-5.jpg\" \/>\n\t<meta property=\"og:image:width\" content=\"1000\" \/>\n\t<meta property=\"og:image:height\" content=\"667\" \/>\n\t<meta property=\"og:image:type\" content=\"image\/jpeg\" \/>\n<meta name=\"author\" content=\"Alejandro Gabriel Rosito\" \/>\n<meta name=\"twitter:card\" content=\"summary_large_image\" \/>\n<meta name=\"twitter:label1\" content=\"Escrito por\" \/>\n\t<meta name=\"twitter:data1\" content=\"Alejandro Gabriel Rosito\" \/>\n\t<meta name=\"twitter:label2\" content=\"Tiempo de lectura\" \/>\n\t<meta name=\"twitter:data2\" content=\"3 minutos\" \/>\n<script type=\"application\/ld+json\" class=\"yoast-schema-graph\">{\"@context\":\"https:\\\/\\\/schema.org\",\"@graph\":[{\"@type\":\"Article\",\"@id\":\"https:\\\/\\\/autofans.com.ar\\\/index.php\\\/2025\\\/09\\\/30\\\/llego-a-argentina-el-suv-dfsk-e5-hibrido-enchufable-de-7-plazas\\\/#article\",\"isPartOf\":{\"@id\":\"https:\\\/\\\/autofans.com.ar\\\/index.php\\\/2025\\\/09\\\/30\\\/llego-a-argentina-el-suv-dfsk-e5-hibrido-enchufable-de-7-plazas\\\/\"},\"author\":{\"name\":\"Alejandro Gabriel Rosito\",\"@id\":\"https:\\\/\\\/autofans.com.ar\\\/#\\\/schema\\\/person\\\/4a8dda0b6df83ac3d6723e921274c2aa\"},\"headline\":\"Lleg\u00f3 a Argentina el SUV DFSK E5 h\u00edbrido enchufable de 7 plazas\",\"datePublished\":\"2025-09-30T21:10:58+00:00\",\"mainEntityOfPage\":{\"@id\":\"https:\\\/\\\/autofans.com.ar\\\/index.php\\\/2025\\\/09\\\/30\\\/llego-a-argentina-el-suv-dfsk-e5-hibrido-enchufable-de-7-plazas\\\/\"},\"wordCount\":438,\"image\":{\"@id\":\"https:\\\/\\\/autofans.com.ar\\\/index.php\\\/2025\\\/09\\\/30\\\/llego-a-argentina-el-suv-dfsk-e5-hibrido-enchufable-de-7-plazas\\\/#primaryimage\"},\"thumbnailUrl\":\"https:\\\/\\\/autofans.com.ar\\\/wp-content\\\/uploads\\\/2025\\\/09\\\/DFSK-5.jpg\",\"keywords\":[\"auto 7 plazas\",\"auto chino\",\"autonom\u00eda el\u00e9ctrica\",\"DFSK E5\",\"garant\u00eda auto\",\"Hibrido enchufable\",\"motor PHEV\",\"precio DFSK Argentina\",\"SUV familiar\",\"SUV h\u00edbrido enchufable\"],\"articleSection\":[\"LANZAMIENTOS\"],\"inLanguage\":\"es\"},{\"@type\":\"WebPage\",\"@id\":\"https:\\\/\\\/autofans.com.ar\\\/index.php\\\/2025\\\/09\\\/30\\\/llego-a-argentina-el-suv-dfsk-e5-hibrido-enchufable-de-7-plazas\\\/\",\"url\":\"https:\\\/\\\/autofans.com.ar\\\/index.php\\\/2025\\\/09\\\/30\\\/llego-a-argentina-el-suv-dfsk-e5-hibrido-enchufable-de-7-plazas\\\/\",\"name\":\"Lleg\u00f3 a Argentina el SUV DFSK E5 h\u00edbrido enchufable de 7 plazas -\",\"isPartOf\":{\"@id\":\"https:\\\/\\\/autofans.com.ar\\\/#website\"},\"primaryImageOfPage\":{\"@id\":\"https:\\\/\\\/autofans.com.ar\\\/index.php\\\/2025\\\/09\\\/30\\\/llego-a-argentina-el-suv-dfsk-e5-hibrido-enchufable-de-7-plazas\\\/#primaryimage\"},\"image\":{\"@id\":\"https:\\\/\\\/autofans.com.ar\\\/index.php\\\/2025\\\/09\\\/30\\\/llego-a-argentina-el-suv-dfsk-e5-hibrido-enchufable-de-7-plazas\\\/#primaryimage\"},\"thumbnailUrl\":\"https:\\\/\\\/autofans.com.ar\\\/wp-content\\\/uploads\\\/2025\\\/09\\\/DFSK-5.jpg\",\"datePublished\":\"2025-09-30T21:10:58+00:00\",\"author\":{\"@id\":\"https:\\\/\\\/autofans.com.ar\\\/#\\\/schema\\\/person\\\/4a8dda0b6df83ac3d6723e921274c2aa\"},\"description\":\"DFSK present\u00f3 el E5, un SUV que llega para ampliar su gama en el pa\u00eds. Su propuesta se basa en ofrecer espacio para siete ocupantes...\",\"breadcrumb\":{\"@id\":\"https:\\\/\\\/autofans.com.ar\\\/index.php\\\/2025\\\/09\\\/30\\\/llego-a-argentina-el-suv-dfsk-e5-hibrido-enchufable-de-7-plazas\\\/#breadcrumb\"},\"inLanguage\":\"es\",\"potentialAction\":[{\"@type\":\"ReadAction\",\"target\":[\"https:\\\/\\\/autofans.com.ar\\\/index.php\\\/2025\\\/09\\\/30\\\/llego-a-argentina-el-suv-dfsk-e5-hibrido-enchufable-de-7-plazas\\\/\"]}]},{\"@type\":\"ImageObject\",\"inLanguage\":\"es\",\"@id\":\"https:\\\/\\\/autofans.com.ar\\\/index.php\\\/2025\\\/09\\\/30\\\/llego-a-argentina-el-suv-dfsk-e5-hibrido-enchufable-de-7-plazas\\\/#primaryimage\",\"url\":\"https:\\\/\\\/autofans.com.ar\\\/wp-content\\\/uploads\\\/2025\\\/09\\\/DFSK-5.jpg\",\"contentUrl\":\"https:\\\/\\\/autofans.com.ar\\\/wp-content\\\/uploads\\\/2025\\\/09\\\/DFSK-5.jpg\",\"width\":1000,\"height\":667,\"caption\":\"DFSK E5\"},{\"@type\":\"BreadcrumbList\",\"@id\":\"https:\\\/\\\/autofans.com.ar\\\/index.php\\\/2025\\\/09\\\/30\\\/llego-a-argentina-el-suv-dfsk-e5-hibrido-enchufable-de-7-plazas\\\/#breadcrumb\",\"itemListElement\":[{\"@type\":\"ListItem\",\"position\":1,\"name\":\"Inicio\",\"item\":\"https:\\\/\\\/autofans.com.ar\\\/\"},{\"@type\":\"ListItem\",\"position\":2,\"name\":\"Lleg\u00f3 a Argentina el SUV DFSK E5 h\u00edbrido enchufable de 7 plazas\"}]},{\"@type\":\"WebSite\",\"@id\":\"https:\\\/\\\/autofans.com.ar\\\/#website\",\"url\":\"https:\\\/\\\/autofans.com.ar\\\/\",\"name\":\"\",\"description\":\"El multimedio referente de la industria automotriz\",\"potentialAction\":[{\"@type\":\"SearchAction\",\"target\":{\"@type\":\"EntryPoint\",\"urlTemplate\":\"https:\\\/\\\/autofans.com.ar\\\/?s={search_term_string}\"},\"query-input\":{\"@type\":\"PropertyValueSpecification\",\"valueRequired\":true,\"valueName\":\"search_term_string\"}}],\"inLanguage\":\"es\"},{\"@type\":\"Person\",\"@id\":\"https:\\\/\\\/autofans.com.ar\\\/#\\\/schema\\\/person\\\/4a8dda0b6df83ac3d6723e921274c2aa\",\"name\":\"Alejandro Gabriel Rosito\",\"image\":{\"@type\":\"ImageObject\",\"inLanguage\":\"es\",\"@id\":\"https:\\\/\\\/secure.gravatar.com\\\/avatar\\\/16c5dda1489adfc62618084dcbb91cffd879c374b13fe5dd8e44ed6733852c88?s=96&d=mm&r=g\",\"url\":\"https:\\\/\\\/secure.gravatar.com\\\/avatar\\\/16c5dda1489adfc62618084dcbb91cffd879c374b13fe5dd8e44ed6733852c88?s=96&d=mm&r=g\",\"contentUrl\":\"https:\\\/\\\/secure.gravatar.com\\\/avatar\\\/16c5dda1489adfc62618084dcbb91cffd879c374b13fe5dd8e44ed6733852c88?s=96&d=mm&r=g\",\"caption\":\"Alejandro Gabriel Rosito\"},\"url\":\"https:\\\/\\\/autofans.com.ar\\\/index.php\\\/author\\\/gabrielr\\\/\"}]}<\/script>\n<!-- \/ Yoast SEO plugin. -->","yoast_head_json":{"title":"Lleg\u00f3 a Argentina el SUV DFSK E5 h\u00edbrido enchufable de 7 plazas -","description":"DFSK present\u00f3 el E5, un SUV que llega para ampliar su gama en el pa\u00eds. Su propuesta se basa en ofrecer espacio para siete ocupantes...","robots":{"index":"index","follow":"follow","max-snippet":"max-snippet:-1","max-image-preview":"max-image-preview:large","max-video-preview":"max-video-preview:-1"},"canonical":"https:\/\/autofans.com.ar\/index.php\/2025\/09\/30\/llego-a-argentina-el-suv-dfsk-e5-hibrido-enchufable-de-7-plazas\/","og_locale":"es_ES","og_type":"article","og_title":"Lleg\u00f3 a Argentina el SUV DFSK E5 h\u00edbrido enchufable de 7 plazas -","og_description":"DFSK present\u00f3 el E5, un SUV que llega para ampliar su gama en el pa\u00eds. Su propuesta se basa en ofrecer espacio para siete ocupantes...","og_url":"https:\/\/autofans.com.ar\/index.php\/2025\/09\/30\/llego-a-argentina-el-suv-dfsk-e5-hibrido-enchufable-de-7-plazas\/","article_published_time":"2025-09-30T21:10:58+00:00","og_image":[{"width":1000,"height":667,"url":"https:\/\/autofans.com.ar\/wp-content\/uploads\/2025\/09\/DFSK-5.jpg","type":"image\/jpeg"}],"author":"Alejandro Gabriel Rosito","twitter_card":"summary_large_image","twitter_misc":{"Escrito por":"Alejandro Gabriel Rosito","Tiempo de lectura":"3 minutos"},"schema":{"@context":"https:\/\/schema.org","@graph":[{"@type":"Article","@id":"https:\/\/autofans.com.ar\/index.php\/2025\/09\/30\/llego-a-argentina-el-suv-dfsk-e5-hibrido-enchufable-de-7-plazas\/#article","isPartOf":{"@id":"https:\/\/autofans.com.ar\/index.php\/2025\/09\/30\/llego-a-argentina-el-suv-dfsk-e5-hibrido-enchufable-de-7-plazas\/"},"author":{"name":"Alejandro Gabriel Rosito","@id":"https:\/\/autofans.com.ar\/#\/schema\/person\/4a8dda0b6df83ac3d6723e921274c2aa"},"headline":"Lleg\u00f3 a Argentina el SUV DFSK E5 h\u00edbrido enchufable de 7 plazas","datePublished":"2025-09-30T21:10:58+00:00","mainEntityOfPage":{"@id":"https:\/\/autofans.com.ar\/index.php\/2025\/09\/30\/llego-a-argentina-el-suv-dfsk-e5-hibrido-enchufable-de-7-plazas\/"},"wordCount":438,"image":{"@id":"https:\/\/autofans.com.ar\/index.php\/2025\/09\/30\/llego-a-argentina-el-suv-dfsk-e5-hibrido-enchufable-de-7-plazas\/#primaryimage"},"thumbnailUrl":"https:\/\/autofans.com.ar\/wp-content\/uploads\/2025\/09\/DFSK-5.jpg","keywords":["auto 7 plazas","auto chino","autonom\u00eda el\u00e9ctrica","DFSK E5","garant\u00eda auto","Hibrido enchufable","motor PHEV","precio DFSK Argentina","SUV familiar","SUV h\u00edbrido enchufable"],"articleSection":["LANZAMIENTOS"],"inLanguage":"es"},{"@type":"WebPage","@id":"https:\/\/autofans.com.ar\/index.php\/2025\/09\/30\/llego-a-argentina-el-suv-dfsk-e5-hibrido-enchufable-de-7-plazas\/","url":"https:\/\/autofans.com.ar\/index.php\/2025\/09\/30\/llego-a-argentina-el-suv-dfsk-e5-hibrido-enchufable-de-7-plazas\/","name":"Lleg\u00f3 a Argentina el SUV DFSK E5 h\u00edbrido enchufable de 7 plazas -","isPartOf":{"@id":"https:\/\/autofans.com.ar\/#website"},"primaryImageOfPage":{"@id":"https:\/\/autofans.com.ar\/index.php\/2025\/09\/30\/llego-a-argentina-el-suv-dfsk-e5-hibrido-enchufable-de-7-plazas\/#primaryimage"},"image":{"@id":"https:\/\/autofans.com.ar\/index.php\/2025\/09\/30\/llego-a-argentina-el-suv-dfsk-e5-hibrido-enchufable-de-7-plazas\/#primaryimage"},"thumbnailUrl":"https:\/\/autofans.com.ar\/wp-content\/uploads\/2025\/09\/DFSK-5.jpg","datePublished":"2025-09-30T21:10:58+00:00","author":{"@id":"https:\/\/autofans.com.ar\/#\/schema\/person\/4a8dda0b6df83ac3d6723e921274c2aa"},"description":"DFSK present\u00f3 el E5, un SUV que llega para ampliar su gama en el pa\u00eds. Su propuesta se basa en ofrecer espacio para siete ocupantes...","breadcrumb":{"@id":"https:\/\/autofans.com.ar\/index.php\/2025\/09\/30\/llego-a-argentina-el-suv-dfsk-e5-hibrido-enchufable-de-7-plazas\/#breadcrumb"},"inLanguage":"es","potentialAction":[{"@type":"ReadAction","target":["https:\/\/autofans.com.ar\/index.php\/2025\/09\/30\/llego-a-argentina-el-suv-dfsk-e5-hibrido-enchufable-de-7-plazas\/"]}]},{"@type":"ImageObject","inLanguage":"es","@id":"https:\/\/autofans.com.ar\/index.php\/2025\/09\/30\/llego-a-argentina-el-suv-dfsk-e5-hibrido-enchufable-de-7-plazas\/#primaryimage","url":"https:\/\/autofans.com.ar\/wp-content\/uploads\/2025\/09\/DFSK-5.jpg","contentUrl":"https:\/\/autofans.com.ar\/wp-content\/uploads\/2025\/09\/DFSK-5.jpg","width":1000,"height":667,"caption":"DFSK E5"},{"@type":"BreadcrumbList","@id":"https:\/\/autofans.com.ar\/index.php\/2025\/09\/30\/llego-a-argentina-el-suv-dfsk-e5-hibrido-enchufable-de-7-plazas\/#breadcrumb","itemListElement":[{"@type":"ListItem","position":1,"name":"Inicio","item":"https:\/\/autofans.com.ar\/"},{"@type":"ListItem","position":2,"name":"Lleg\u00f3 a Argentina el SUV DFSK E5 h\u00edbrido enchufable de 7 plazas"}]},{"@type":"WebSite","@id":"https:\/\/autofans.com.ar\/#website","url":"https:\/\/autofans.com.ar\/","name":"","description":"El multimedio referente de la industria automotriz","potentialAction":[{"@type":"SearchAction","target":{"@type":"EntryPoint","urlTemplate":"https:\/\/autofans.com.ar\/?s={search_term_string}"},"query-input":{"@type":"PropertyValueSpecification","valueRequired":true,"valueName":"search_term_string"}}],"inLanguage":"es"},{"@type":"Person","@id":"https:\/\/autofans.com.ar\/#\/schema\/person\/4a8dda0b6df83ac3d6723e921274c2aa","name":"Alejandro Gabriel Rosito","image":{"@type":"ImageObject","inLanguage":"es","@id":"https:\/\/secure.gravatar.com\/avatar\/16c5dda1489adfc62618084dcbb91cffd879c374b13fe5dd8e44ed6733852c88?s=96&d=mm&r=g","url":"https:\/\/secure.gravatar.com\/avatar\/16c5dda1489adfc62618084dcbb91cffd879c374b13fe5dd8e44ed6733852c88?s=96&d=mm&r=g","contentUrl":"https:\/\/secure.gravatar.com\/avatar\/16c5dda1489adfc62618084dcbb91cffd879c374b13fe5dd8e44ed6733852c88?s=96&d=mm&r=g","caption":"Alejandro Gabriel Rosito"},"url":"https:\/\/autofans.com.ar\/index.php\/author\/gabrielr\/"}]}},"featured_image_urls":{"full":["https:\/\/autofans.com.ar\/wp-content\/uploads\/2025\/09\/DFSK-5.jpg",1000,667,false],"thumbnail":["https:\/\/autofans.com.ar\/wp-content\/uploads\/2025\/09\/DFSK-5-150x150.jpg",150,150,true],"medium":["https:\/\/autofans.com.ar\/wp-content\/uploads\/2025\/09\/DFSK-5-300x200.jpg",300,200,true],"medium_large":["https:\/\/autofans.com.ar\/wp-content\/uploads\/2025\/09\/DFSK-5-768x512.jpg",640,427,true],"large":["https:\/\/autofans.com.ar\/wp-content\/uploads\/2025\/09\/DFSK-5.jpg",640,427,false],"1536x1536":["https:\/\/autofans.com.ar\/wp-content\/uploads\/2025\/09\/DFSK-5.jpg",1000,667,false],"2048x2048":["https:\/\/autofans.com.ar\/wp-content\/uploads\/2025\/09\/DFSK-5.jpg",1000,667,false],"covernews-featured":["https:\/\/autofans.com.ar\/wp-content\/uploads\/2025\/09\/DFSK-5.jpg",1000,667,false],"covernews-medium":["https:\/\/autofans.com.ar\/wp-content\/uploads\/2025\/09\/DFSK-5-540x340.jpg",540,340,true]},"author_info":{"display_name":"Alejandro Gabriel Rosito","author_link":"https:\/\/autofans.com.ar\/index.php\/author\/gabrielr\/"},"category_info":"<a href=\"https:\/\/autofans.com.ar\/index.php\/category\/lanzamientos\/\" rel=\"category tag\">LANZAMIENTOS<\/a>","tag_info":"LANZAMIENTOS","comment_count":0,"_links":{"self":[{"href":"https:\/\/autofans.com.ar\/index.php\/wp-json\/wp\/v2\/posts\/14256","targetHints":{"allow":["GET"]}}],"collection":[{"href":"https:\/\/autofans.com.ar\/index.php\/wp-json\/wp\/v2\/posts"}],"about":[{"href":"https:\/\/autofans.com.ar\/index.php\/wp-json\/wp\/v2\/types\/post"}],"author":[{"embeddable":true,"href":"https:\/\/autofans.com.ar\/index.php\/wp-json\/wp\/v2\/users\/2"}],"replies":[{"embeddable":true,"href":"https:\/\/autofans.com.ar\/index.php\/wp-json\/wp\/v2\/comments?post=14256"}],"version-history":[{"count":3,"href":"https:\/\/autofans.com.ar\/index.php\/wp-json\/wp\/v2\/posts\/14256\/revisions"}],"predecessor-version":[{"id":14267,"href":"https:\/\/autofans.com.ar\/index.php\/wp-json\/wp\/v2\/posts\/14256\/revisions\/14267"}],"wp:featuredmedia":[{"embeddable":true,"href":"https:\/\/autofans.com.ar\/index.php\/wp-json\/wp\/v2\/media\/14259"}],"wp:attachment":[{"href":"https:\/\/autofans.com.ar\/index.php\/wp-json\/wp\/v2\/media?parent=14256"}],"wp:term":[{"taxonomy":"category","embeddable":true,"href":"https:\/\/autofans.com.ar\/index.php\/wp-json\/wp\/v2\/categories?post=14256"},{"taxonomy":"post_tag","embeddable":true,"href":"https:\/\/autofans.com.ar\/index.php\/wp-json\/wp\/v2\/tags?post=14256"}],"curies":[{"name":"wp","href":"https:\/\/api.w.org\/{rel}","templated":true}]}}