{"id":14293,"date":"2025-10-03T18:25:11","date_gmt":"2025-10-03T21:25:11","guid":{"rendered":"https:\/\/autofans.com.ar\/?p=14293"},"modified":"2025-10-03T18:25:11","modified_gmt":"2025-10-03T21:25:11","slug":"spark-euv-lider-en-el-segmento-electrico-local","status":"publish","type":"post","link":"https:\/\/autofans.com.ar\/index.php\/2025\/10\/03\/spark-euv-lider-en-el-segmento-electrico-local\/","title":{"rendered":"Spark EUV lider en el segmento el\u00e9ctrico local"},"content":{"rendered":"<p class=\"ds-markdown-paragraph\">El Chevrolet Spark EUV se consolid\u00f3 como el veh\u00edculo el\u00e9ctrico m\u00e1s vendido en el pa\u00eds. Seg\u00fan el \u00faltimo reporte de la Asociaci\u00f3n de Concesionarios de Automotores (ACARA), el modelo alcanz\u00f3 el primer puesto en ventas durante septiembre.<\/p>\n<p>&nbsp;<\/p>\n<h2 class=\"ds-markdown-paragraph\">El fen\u00f3meno Spark EUV en n\u00fameros<\/h2>\n<p>&nbsp;<\/p>\n<p><img fetchpriority=\"high\" decoding=\"async\" class=\"aligncenter wp-image-14294 size-full\" src=\"https:\/\/autofans.com.ar\/wp-content\/uploads\/2025\/10\/chevrolet-4.jpg\" alt=\"Spark EUV\" width=\"1000\" height=\"667\" srcset=\"https:\/\/autofans.com.ar\/wp-content\/uploads\/2025\/10\/chevrolet-4.jpg 1000w, https:\/\/autofans.com.ar\/wp-content\/uploads\/2025\/10\/chevrolet-4-300x200.jpg 300w, https:\/\/autofans.com.ar\/wp-content\/uploads\/2025\/10\/chevrolet-4-768x512.jpg 768w\" sizes=\"(max-width: 1000px) 100vw, 1000px\" \/><\/p>\n<p>&nbsp;<\/p>\n<p class=\"ds-markdown-paragraph\">En su primer mes completo en el mercado, el Spark EUV registr\u00f3 104 unidades patentadas. Esta cifra le otorga una participaci\u00f3n de mercado del 65,4% en el segmento de el\u00e9ctricos puros (BEV). En el acumulado anual, tambi\u00e9n lidera con 122 unidades y una cuota del 17,5%.<\/p>\n<p>&nbsp;<\/p>\n<blockquote>\n<p style=\"text-align: center;\">\u201cNos pone muy contentos que el nuevo Spark EUV, 100% el\u00e9ctrico, est\u00e9 confirmando nuestras expectativas y sea la punta de lanza para redefinir la movilidad sustentable y masiva en nuestro pa\u00eds\u201d, coment\u00f3 Andr\u00e9s Carfagna, Director Comercial de GM Argentina, Paraguay y Uruguay. \u201cCon su atractivo dise\u00f1o, avanzada tecnolog\u00eda de propulsi\u00f3n y seguridad, y el gran espacio y confort que brinda, adem\u00e1s de una relaci\u00f3n precio-beneficio imbatible para un veh\u00edculo el\u00e9ctrico, el Spark EUV ha cautivado a nuestros clientes, \u00e1vidos de veh\u00edculos inteligentes, amigables con el medio ambiente y que tiene el respaldo de una marca centenaria en Argentina,\u201d agreg\u00f3 Carfagna.<\/p>\n<\/blockquote>\n<p>&nbsp;<\/p>\n<h2 class=\"ds-markdown-paragraph\">Potencia y autonom\u00eda para el uso urbano<\/h2>\n<p>&nbsp;<\/p>\n<p><img decoding=\"async\" class=\"aligncenter wp-image-14295 size-full\" src=\"https:\/\/autofans.com.ar\/wp-content\/uploads\/2025\/10\/chevrolet-3.jpg\" alt=\"Spark EUV\" width=\"1000\" height=\"667\" srcset=\"https:\/\/autofans.com.ar\/wp-content\/uploads\/2025\/10\/chevrolet-3.jpg 1000w, https:\/\/autofans.com.ar\/wp-content\/uploads\/2025\/10\/chevrolet-3-300x200.jpg 300w, https:\/\/autofans.com.ar\/wp-content\/uploads\/2025\/10\/chevrolet-3-768x512.jpg 768w\" sizes=\"(max-width: 1000px) 100vw, 1000px\" \/><\/p>\n<p>&nbsp;<\/p>\n<p class=\"ds-markdown-paragraph\">El Spark EUV est\u00e1 equipado con un motor el\u00e9ctrico que entrega 102 CV de potencia y 180 Nm de torque. Su bater\u00eda de 42 kWh proporciona una autonom\u00eda de hasta 360 kil\u00f3metros, una ventaja clave para el manejo diario en la ciudad. Adem\u00e1s, admite recarga r\u00e1pida: en 30 minutos puede pasar del 30% al 80% de su capacidad.<\/p>\n<p>&nbsp;<\/p>\n<h2 class=\"ds-markdown-paragraph\">Confort, tecnolog\u00eda y seguridad<\/h2>\n<p class=\"ds-markdown-paragraph\">Con una longitud de cuatro metros, combina el estilo de un SUV con una maniobrabilidad ideal para el tr\u00e1nsito. Su interior incluye una pantalla t\u00e1ctil de 10,1&#8243;, tapizados de eco-cuero y una c\u00e1mara de 360\u00b0. En seguridad, ofrece seis airbags, control de estabilidad y tracci\u00f3n, y sistemas de asistencia al conductor (ADAS). El ba\u00fal tiene una capacidad de 355 litros.<\/p>\n<p>&nbsp;<\/p>\n<p><img decoding=\"async\" class=\"aligncenter wp-image-14296 size-full\" src=\"https:\/\/autofans.com.ar\/wp-content\/uploads\/2025\/10\/chevrolet-2.jpg\" alt=\"Spark EUV\" width=\"1000\" height=\"667\" srcset=\"https:\/\/autofans.com.ar\/wp-content\/uploads\/2025\/10\/chevrolet-2.jpg 1000w, https:\/\/autofans.com.ar\/wp-content\/uploads\/2025\/10\/chevrolet-2-300x200.jpg 300w, https:\/\/autofans.com.ar\/wp-content\/uploads\/2025\/10\/chevrolet-2-768x512.jpg 768w\" sizes=\"(max-width: 1000px) 100vw, 1000px\" \/><\/p>\n<p>&nbsp;<\/p>\n<p class=\"ds-markdown-paragraph\">El \u00e9xito del Spark EUV refleja el creciente inter\u00e9s de los argentinos por opciones de movilidad m\u00e1s eficientes y tecnol\u00f3gicas.<\/p>\n<p>&nbsp;<\/p>\n<p>&nbsp;<\/p>\n<p>&nbsp;<\/p>\n<p><i>Para enterarte de m\u00e1s novedades, no dejes de leer\u00a0<\/i><a href=\"https:\/\/autofans.thebrandsoup.com\/\"><i>nuestras notas<\/i><\/a><i>, de ver\u00a0<\/i><a href=\"https:\/\/www.youtube.com\/channel\/UCgAC8UGHZYbT6P7PpmVnP7g\"><i>AUTOFANS TV<\/i><\/a><i>\u00a0en nuestro\u00a0canal de Youtube. Adem\u00e1s seguinos en\u00a0<\/i><a href=\"https:\/\/www.instagram.com\/autofanstv\/\"><i>INSTAGRAM<\/i><\/a><i> y <\/i><a href=\"https:\/\/www.facebook.com\/autofansmas\/\"><i>FACEBOOK<\/i><\/a><i> para no perderte nada sobre las novedades del segmento automotor de Argentina y el mundo.<\/i><\/p>\n","protected":false},"excerpt":{"rendered":"<p>El Chevrolet Spark EUV se consolid\u00f3 como el veh\u00edculo el\u00e9ctrico m\u00e1s vendido en el pa\u00eds&#8230;.<\/p>\n","protected":false},"author":2,"featured_media":14297,"comment_status":"closed","ping_status":"closed","sticky":false,"template":"","format":"standard","meta":{"footnotes":""},"categories":[341,16],"tags":[7483,7479,272,7478,1014,7484,7480,2410,7482,7481],"class_list":["post-14293","post","type-post","status-publish","format-standard","has-post-thumbnail","hentry","category-hibridos-y-electricos","category-noticias","tag-autodelano","tag-autoelectrico","tag-chevrolet","tag-chevroletsparkeuv","tag-cocheelectrico","tag-ecofriendly","tag-electricosenargentina","tag-movilidadsustentable","tag-novedadautomotor","tag-sparkeuv"],"yoast_head":"<!-- This site is optimized with the Yoast SEO plugin v27.5 - https:\/\/yoast.com\/product\/yoast-seo-wordpress\/ -->\n<title>Spark EUV lider en el segmento el\u00e9ctrico local -<\/title>\n<meta name=\"description\" content=\"El Chevrolet Spark EUV se consolid\u00f3 como el veh\u00edculo el\u00e9ctrico m\u00e1s vendido en el pa\u00eds. Seg\u00fan el reporte de la Asociaci\u00f3n de Concesionarios...\" \/>\n<meta name=\"robots\" content=\"index, follow, max-snippet:-1, max-image-preview:large, max-video-preview:-1\" \/>\n<link rel=\"canonical\" href=\"https:\/\/autofans.com.ar\/index.php\/2025\/10\/03\/spark-euv-lider-en-el-segmento-electrico-local\/\" \/>\n<meta property=\"og:locale\" content=\"es_ES\" \/>\n<meta property=\"og:type\" content=\"article\" \/>\n<meta property=\"og:title\" content=\"Spark EUV lider en el segmento el\u00e9ctrico local -\" \/>\n<meta property=\"og:description\" content=\"El Chevrolet Spark EUV se consolid\u00f3 como el veh\u00edculo el\u00e9ctrico m\u00e1s vendido en el pa\u00eds. Seg\u00fan el reporte de la Asociaci\u00f3n de Concesionarios...\" \/>\n<meta property=\"og:url\" content=\"https:\/\/autofans.com.ar\/index.php\/2025\/10\/03\/spark-euv-lider-en-el-segmento-electrico-local\/\" \/>\n<meta property=\"article:published_time\" content=\"2025-10-03T21:25:11+00:00\" \/>\n<meta property=\"og:image\" content=\"https:\/\/autofans.com.ar\/wp-content\/uploads\/2025\/10\/chevrolet-1.jpg\" \/>\n\t<meta property=\"og:image:width\" content=\"1000\" \/>\n\t<meta property=\"og:image:height\" content=\"667\" \/>\n\t<meta property=\"og:image:type\" content=\"image\/jpeg\" \/>\n<meta name=\"author\" content=\"Alejandro Gabriel Rosito\" \/>\n<meta name=\"twitter:card\" content=\"summary_large_image\" \/>\n<meta name=\"twitter:label1\" content=\"Escrito por\" \/>\n\t<meta name=\"twitter:data1\" content=\"Alejandro Gabriel Rosito\" \/>\n\t<meta name=\"twitter:label2\" content=\"Tiempo de lectura\" \/>\n\t<meta name=\"twitter:data2\" content=\"3 minutos\" \/>\n<script type=\"application\/ld+json\" class=\"yoast-schema-graph\">{\"@context\":\"https:\\\/\\\/schema.org\",\"@graph\":[{\"@type\":\"Article\",\"@id\":\"https:\\\/\\\/autofans.com.ar\\\/index.php\\\/2025\\\/10\\\/03\\\/spark-euv-lider-en-el-segmento-electrico-local\\\/#article\",\"isPartOf\":{\"@id\":\"https:\\\/\\\/autofans.com.ar\\\/index.php\\\/2025\\\/10\\\/03\\\/spark-euv-lider-en-el-segmento-electrico-local\\\/\"},\"author\":{\"name\":\"Alejandro Gabriel Rosito\",\"@id\":\"https:\\\/\\\/autofans.com.ar\\\/#\\\/schema\\\/person\\\/4a8dda0b6df83ac3d6723e921274c2aa\"},\"headline\":\"Spark EUV lider en el segmento el\u00e9ctrico local\",\"datePublished\":\"2025-10-03T21:25:11+00:00\",\"mainEntityOfPage\":{\"@id\":\"https:\\\/\\\/autofans.com.ar\\\/index.php\\\/2025\\\/10\\\/03\\\/spark-euv-lider-en-el-segmento-electrico-local\\\/\"},\"wordCount\":426,\"image\":{\"@id\":\"https:\\\/\\\/autofans.com.ar\\\/index.php\\\/2025\\\/10\\\/03\\\/spark-euv-lider-en-el-segmento-electrico-local\\\/#primaryimage\"},\"thumbnailUrl\":\"https:\\\/\\\/autofans.com.ar\\\/wp-content\\\/uploads\\\/2025\\\/10\\\/chevrolet-1.jpg\",\"keywords\":[\"AutoDelA\u00f1o\",\"AutoEl\u00e9ctrico\",\"Chevrolet\",\"ChevroletSparkEUV\",\"CocheEl\u00e9ctrico\",\"EcoFriendly\",\"El\u00e9ctricosEnArgentina\",\"MovilidadSustentable\",\"NovedadAutomotor\",\"SparkEUV\"],\"articleSection\":[\"HIBRIDOS, ELECTRICOS y otros\",\"NOTICIAS\"],\"inLanguage\":\"es\"},{\"@type\":\"WebPage\",\"@id\":\"https:\\\/\\\/autofans.com.ar\\\/index.php\\\/2025\\\/10\\\/03\\\/spark-euv-lider-en-el-segmento-electrico-local\\\/\",\"url\":\"https:\\\/\\\/autofans.com.ar\\\/index.php\\\/2025\\\/10\\\/03\\\/spark-euv-lider-en-el-segmento-electrico-local\\\/\",\"name\":\"Spark EUV lider en el segmento el\u00e9ctrico local -\",\"isPartOf\":{\"@id\":\"https:\\\/\\\/autofans.com.ar\\\/#website\"},\"primaryImageOfPage\":{\"@id\":\"https:\\\/\\\/autofans.com.ar\\\/index.php\\\/2025\\\/10\\\/03\\\/spark-euv-lider-en-el-segmento-electrico-local\\\/#primaryimage\"},\"image\":{\"@id\":\"https:\\\/\\\/autofans.com.ar\\\/index.php\\\/2025\\\/10\\\/03\\\/spark-euv-lider-en-el-segmento-electrico-local\\\/#primaryimage\"},\"thumbnailUrl\":\"https:\\\/\\\/autofans.com.ar\\\/wp-content\\\/uploads\\\/2025\\\/10\\\/chevrolet-1.jpg\",\"datePublished\":\"2025-10-03T21:25:11+00:00\",\"author\":{\"@id\":\"https:\\\/\\\/autofans.com.ar\\\/#\\\/schema\\\/person\\\/4a8dda0b6df83ac3d6723e921274c2aa\"},\"description\":\"El Chevrolet Spark EUV se consolid\u00f3 como el veh\u00edculo el\u00e9ctrico m\u00e1s vendido en el pa\u00eds. Seg\u00fan el reporte de la Asociaci\u00f3n de Concesionarios...\",\"breadcrumb\":{\"@id\":\"https:\\\/\\\/autofans.com.ar\\\/index.php\\\/2025\\\/10\\\/03\\\/spark-euv-lider-en-el-segmento-electrico-local\\\/#breadcrumb\"},\"inLanguage\":\"es\",\"potentialAction\":[{\"@type\":\"ReadAction\",\"target\":[\"https:\\\/\\\/autofans.com.ar\\\/index.php\\\/2025\\\/10\\\/03\\\/spark-euv-lider-en-el-segmento-electrico-local\\\/\"]}]},{\"@type\":\"ImageObject\",\"inLanguage\":\"es\",\"@id\":\"https:\\\/\\\/autofans.com.ar\\\/index.php\\\/2025\\\/10\\\/03\\\/spark-euv-lider-en-el-segmento-electrico-local\\\/#primaryimage\",\"url\":\"https:\\\/\\\/autofans.com.ar\\\/wp-content\\\/uploads\\\/2025\\\/10\\\/chevrolet-1.jpg\",\"contentUrl\":\"https:\\\/\\\/autofans.com.ar\\\/wp-content\\\/uploads\\\/2025\\\/10\\\/chevrolet-1.jpg\",\"width\":1000,\"height\":667,\"caption\":\"Spark EUV\"},{\"@type\":\"BreadcrumbList\",\"@id\":\"https:\\\/\\\/autofans.com.ar\\\/index.php\\\/2025\\\/10\\\/03\\\/spark-euv-lider-en-el-segmento-electrico-local\\\/#breadcrumb\",\"itemListElement\":[{\"@type\":\"ListItem\",\"position\":1,\"name\":\"Inicio\",\"item\":\"https:\\\/\\\/autofans.com.ar\\\/\"},{\"@type\":\"ListItem\",\"position\":2,\"name\":\"Spark EUV lider en el segmento el\u00e9ctrico local\"}]},{\"@type\":\"WebSite\",\"@id\":\"https:\\\/\\\/autofans.com.ar\\\/#website\",\"url\":\"https:\\\/\\\/autofans.com.ar\\\/\",\"name\":\"\",\"description\":\"El multimedio referente de la industria automotriz\",\"potentialAction\":[{\"@type\":\"SearchAction\",\"target\":{\"@type\":\"EntryPoint\",\"urlTemplate\":\"https:\\\/\\\/autofans.com.ar\\\/?s={search_term_string}\"},\"query-input\":{\"@type\":\"PropertyValueSpecification\",\"valueRequired\":true,\"valueName\":\"search_term_string\"}}],\"inLanguage\":\"es\"},{\"@type\":\"Person\",\"@id\":\"https:\\\/\\\/autofans.com.ar\\\/#\\\/schema\\\/person\\\/4a8dda0b6df83ac3d6723e921274c2aa\",\"name\":\"Alejandro Gabriel Rosito\",\"image\":{\"@type\":\"ImageObject\",\"inLanguage\":\"es\",\"@id\":\"https:\\\/\\\/secure.gravatar.com\\\/avatar\\\/16c5dda1489adfc62618084dcbb91cffd879c374b13fe5dd8e44ed6733852c88?s=96&d=mm&r=g\",\"url\":\"https:\\\/\\\/secure.gravatar.com\\\/avatar\\\/16c5dda1489adfc62618084dcbb91cffd879c374b13fe5dd8e44ed6733852c88?s=96&d=mm&r=g\",\"contentUrl\":\"https:\\\/\\\/secure.gravatar.com\\\/avatar\\\/16c5dda1489adfc62618084dcbb91cffd879c374b13fe5dd8e44ed6733852c88?s=96&d=mm&r=g\",\"caption\":\"Alejandro Gabriel Rosito\"},\"url\":\"https:\\\/\\\/autofans.com.ar\\\/index.php\\\/author\\\/gabrielr\\\/\"}]}<\/script>\n<!-- \/ Yoast SEO plugin. -->","yoast_head_json":{"title":"Spark EUV lider en el segmento el\u00e9ctrico local -","description":"El Chevrolet Spark EUV se consolid\u00f3 como el veh\u00edculo el\u00e9ctrico m\u00e1s vendido en el pa\u00eds. Seg\u00fan el reporte de la Asociaci\u00f3n de Concesionarios...","robots":{"index":"index","follow":"follow","max-snippet":"max-snippet:-1","max-image-preview":"max-image-preview:large","max-video-preview":"max-video-preview:-1"},"canonical":"https:\/\/autofans.com.ar\/index.php\/2025\/10\/03\/spark-euv-lider-en-el-segmento-electrico-local\/","og_locale":"es_ES","og_type":"article","og_title":"Spark EUV lider en el segmento el\u00e9ctrico local -","og_description":"El Chevrolet Spark EUV se consolid\u00f3 como el veh\u00edculo el\u00e9ctrico m\u00e1s vendido en el pa\u00eds. Seg\u00fan el reporte de la Asociaci\u00f3n de Concesionarios...","og_url":"https:\/\/autofans.com.ar\/index.php\/2025\/10\/03\/spark-euv-lider-en-el-segmento-electrico-local\/","article_published_time":"2025-10-03T21:25:11+00:00","og_image":[{"width":1000,"height":667,"url":"https:\/\/autofans.com.ar\/wp-content\/uploads\/2025\/10\/chevrolet-1.jpg","type":"image\/jpeg"}],"author":"Alejandro Gabriel Rosito","twitter_card":"summary_large_image","twitter_misc":{"Escrito por":"Alejandro Gabriel Rosito","Tiempo de lectura":"3 minutos"},"schema":{"@context":"https:\/\/schema.org","@graph":[{"@type":"Article","@id":"https:\/\/autofans.com.ar\/index.php\/2025\/10\/03\/spark-euv-lider-en-el-segmento-electrico-local\/#article","isPartOf":{"@id":"https:\/\/autofans.com.ar\/index.php\/2025\/10\/03\/spark-euv-lider-en-el-segmento-electrico-local\/"},"author":{"name":"Alejandro Gabriel Rosito","@id":"https:\/\/autofans.com.ar\/#\/schema\/person\/4a8dda0b6df83ac3d6723e921274c2aa"},"headline":"Spark EUV lider en el segmento el\u00e9ctrico local","datePublished":"2025-10-03T21:25:11+00:00","mainEntityOfPage":{"@id":"https:\/\/autofans.com.ar\/index.php\/2025\/10\/03\/spark-euv-lider-en-el-segmento-electrico-local\/"},"wordCount":426,"image":{"@id":"https:\/\/autofans.com.ar\/index.php\/2025\/10\/03\/spark-euv-lider-en-el-segmento-electrico-local\/#primaryimage"},"thumbnailUrl":"https:\/\/autofans.com.ar\/wp-content\/uploads\/2025\/10\/chevrolet-1.jpg","keywords":["AutoDelA\u00f1o","AutoEl\u00e9ctrico","Chevrolet","ChevroletSparkEUV","CocheEl\u00e9ctrico","EcoFriendly","El\u00e9ctricosEnArgentina","MovilidadSustentable","NovedadAutomotor","SparkEUV"],"articleSection":["HIBRIDOS, ELECTRICOS y otros","NOTICIAS"],"inLanguage":"es"},{"@type":"WebPage","@id":"https:\/\/autofans.com.ar\/index.php\/2025\/10\/03\/spark-euv-lider-en-el-segmento-electrico-local\/","url":"https:\/\/autofans.com.ar\/index.php\/2025\/10\/03\/spark-euv-lider-en-el-segmento-electrico-local\/","name":"Spark EUV lider en el segmento el\u00e9ctrico local -","isPartOf":{"@id":"https:\/\/autofans.com.ar\/#website"},"primaryImageOfPage":{"@id":"https:\/\/autofans.com.ar\/index.php\/2025\/10\/03\/spark-euv-lider-en-el-segmento-electrico-local\/#primaryimage"},"image":{"@id":"https:\/\/autofans.com.ar\/index.php\/2025\/10\/03\/spark-euv-lider-en-el-segmento-electrico-local\/#primaryimage"},"thumbnailUrl":"https:\/\/autofans.com.ar\/wp-content\/uploads\/2025\/10\/chevrolet-1.jpg","datePublished":"2025-10-03T21:25:11+00:00","author":{"@id":"https:\/\/autofans.com.ar\/#\/schema\/person\/4a8dda0b6df83ac3d6723e921274c2aa"},"description":"El Chevrolet Spark EUV se consolid\u00f3 como el veh\u00edculo el\u00e9ctrico m\u00e1s vendido en el pa\u00eds. Seg\u00fan el reporte de la Asociaci\u00f3n de Concesionarios...","breadcrumb":{"@id":"https:\/\/autofans.com.ar\/index.php\/2025\/10\/03\/spark-euv-lider-en-el-segmento-electrico-local\/#breadcrumb"},"inLanguage":"es","potentialAction":[{"@type":"ReadAction","target":["https:\/\/autofans.com.ar\/index.php\/2025\/10\/03\/spark-euv-lider-en-el-segmento-electrico-local\/"]}]},{"@type":"ImageObject","inLanguage":"es","@id":"https:\/\/autofans.com.ar\/index.php\/2025\/10\/03\/spark-euv-lider-en-el-segmento-electrico-local\/#primaryimage","url":"https:\/\/autofans.com.ar\/wp-content\/uploads\/2025\/10\/chevrolet-1.jpg","contentUrl":"https:\/\/autofans.com.ar\/wp-content\/uploads\/2025\/10\/chevrolet-1.jpg","width":1000,"height":667,"caption":"Spark EUV"},{"@type":"BreadcrumbList","@id":"https:\/\/autofans.com.ar\/index.php\/2025\/10\/03\/spark-euv-lider-en-el-segmento-electrico-local\/#breadcrumb","itemListElement":[{"@type":"ListItem","position":1,"name":"Inicio","item":"https:\/\/autofans.com.ar\/"},{"@type":"ListItem","position":2,"name":"Spark EUV lider en el segmento el\u00e9ctrico local"}]},{"@type":"WebSite","@id":"https:\/\/autofans.com.ar\/#website","url":"https:\/\/autofans.com.ar\/","name":"","description":"El multimedio referente de la industria automotriz","potentialAction":[{"@type":"SearchAction","target":{"@type":"EntryPoint","urlTemplate":"https:\/\/autofans.com.ar\/?s={search_term_string}"},"query-input":{"@type":"PropertyValueSpecification","valueRequired":true,"valueName":"search_term_string"}}],"inLanguage":"es"},{"@type":"Person","@id":"https:\/\/autofans.com.ar\/#\/schema\/person\/4a8dda0b6df83ac3d6723e921274c2aa","name":"Alejandro Gabriel Rosito","image":{"@type":"ImageObject","inLanguage":"es","@id":"https:\/\/secure.gravatar.com\/avatar\/16c5dda1489adfc62618084dcbb91cffd879c374b13fe5dd8e44ed6733852c88?s=96&d=mm&r=g","url":"https:\/\/secure.gravatar.com\/avatar\/16c5dda1489adfc62618084dcbb91cffd879c374b13fe5dd8e44ed6733852c88?s=96&d=mm&r=g","contentUrl":"https:\/\/secure.gravatar.com\/avatar\/16c5dda1489adfc62618084dcbb91cffd879c374b13fe5dd8e44ed6733852c88?s=96&d=mm&r=g","caption":"Alejandro Gabriel Rosito"},"url":"https:\/\/autofans.com.ar\/index.php\/author\/gabrielr\/"}]}},"featured_image_urls":{"full":["https:\/\/autofans.com.ar\/wp-content\/uploads\/2025\/10\/chevrolet-1.jpg",1000,667,false],"thumbnail":["https:\/\/autofans.com.ar\/wp-content\/uploads\/2025\/10\/chevrolet-1-150x150.jpg",150,150,true],"medium":["https:\/\/autofans.com.ar\/wp-content\/uploads\/2025\/10\/chevrolet-1-300x200.jpg",300,200,true],"medium_large":["https:\/\/autofans.com.ar\/wp-content\/uploads\/2025\/10\/chevrolet-1-768x512.jpg",640,427,true],"large":["https:\/\/autofans.com.ar\/wp-content\/uploads\/2025\/10\/chevrolet-1.jpg",640,427,false],"1536x1536":["https:\/\/autofans.com.ar\/wp-content\/uploads\/2025\/10\/chevrolet-1.jpg",1000,667,false],"2048x2048":["https:\/\/autofans.com.ar\/wp-content\/uploads\/2025\/10\/chevrolet-1.jpg",1000,667,false],"covernews-featured":["https:\/\/autofans.com.ar\/wp-content\/uploads\/2025\/10\/chevrolet-1.jpg",1000,667,false],"covernews-medium":["https:\/\/autofans.com.ar\/wp-content\/uploads\/2025\/10\/chevrolet-1-540x340.jpg",540,340,true]},"author_info":{"display_name":"Alejandro Gabriel Rosito","author_link":"https:\/\/autofans.com.ar\/index.php\/author\/gabrielr\/"},"category_info":"<a href=\"https:\/\/autofans.com.ar\/index.php\/category\/noticias\/hibridos-y-electricos\/\" rel=\"category tag\">HIBRIDOS, ELECTRICOS y otros<\/a> <a href=\"https:\/\/autofans.com.ar\/index.php\/category\/noticias\/\" rel=\"category tag\">NOTICIAS<\/a>","tag_info":"NOTICIAS","comment_count":0,"_links":{"self":[{"href":"https:\/\/autofans.com.ar\/index.php\/wp-json\/wp\/v2\/posts\/14293","targetHints":{"allow":["GET"]}}],"collection":[{"href":"https:\/\/autofans.com.ar\/index.php\/wp-json\/wp\/v2\/posts"}],"about":[{"href":"https:\/\/autofans.com.ar\/index.php\/wp-json\/wp\/v2\/types\/post"}],"author":[{"embeddable":true,"href":"https:\/\/autofans.com.ar\/index.php\/wp-json\/wp\/v2\/users\/2"}],"replies":[{"embeddable":true,"href":"https:\/\/autofans.com.ar\/index.php\/wp-json\/wp\/v2\/comments?post=14293"}],"version-history":[{"count":3,"href":"https:\/\/autofans.com.ar\/index.php\/wp-json\/wp\/v2\/posts\/14293\/revisions"}],"predecessor-version":[{"id":14300,"href":"https:\/\/autofans.com.ar\/index.php\/wp-json\/wp\/v2\/posts\/14293\/revisions\/14300"}],"wp:featuredmedia":[{"embeddable":true,"href":"https:\/\/autofans.com.ar\/index.php\/wp-json\/wp\/v2\/media\/14297"}],"wp:attachment":[{"href":"https:\/\/autofans.com.ar\/index.php\/wp-json\/wp\/v2\/media?parent=14293"}],"wp:term":[{"taxonomy":"category","embeddable":true,"href":"https:\/\/autofans.com.ar\/index.php\/wp-json\/wp\/v2\/categories?post=14293"},{"taxonomy":"post_tag","embeddable":true,"href":"https:\/\/autofans.com.ar\/index.php\/wp-json\/wp\/v2\/tags?post=14293"}],"curies":[{"name":"wp","href":"https:\/\/api.w.org\/{rel}","templated":true}]}}