{"id":14301,"date":"2025-10-03T20:16:41","date_gmt":"2025-10-03T23:16:41","guid":{"rendered":"https:\/\/autofans.com.ar\/?p=14301"},"modified":"2025-10-03T20:16:41","modified_gmt":"2025-10-03T23:16:41","slug":"ya-se-puede-reservar-el-nuevo-fiat-600-hybrid","status":"publish","type":"post","link":"https:\/\/autofans.com.ar\/index.php\/2025\/10\/03\/ya-se-puede-reservar-el-nuevo-fiat-600-hybrid\/","title":{"rendered":"Ya se puede reservar el nuevo Fiat 600 Hybrid"},"content":{"rendered":"<p class=\"ds-markdown-paragraph\">Stellantis abri\u00f3 la preventa del Fiat 600 Hybrid en Argentina. La SUV, que se comercializar\u00e1 a partir de fines de octubre, arribar\u00e1 al pa\u00eds importada desde Polonia.<\/p>\n<p>&nbsp;<\/p>\n<h2 class=\"ds-markdown-paragraph\">Un h\u00edbrido con potencia definida<\/h2>\n<p>&nbsp;<\/p>\n<p><img fetchpriority=\"high\" decoding=\"async\" class=\"aligncenter wp-image-14304 size-full\" src=\"https:\/\/autofans.com.ar\/wp-content\/uploads\/2025\/10\/fiat-2.jpg\" alt=\"Fiat 600 Hybrid\" width=\"1000\" height=\"667\" srcset=\"https:\/\/autofans.com.ar\/wp-content\/uploads\/2025\/10\/fiat-2.jpg 1000w, https:\/\/autofans.com.ar\/wp-content\/uploads\/2025\/10\/fiat-2-300x200.jpg 300w, https:\/\/autofans.com.ar\/wp-content\/uploads\/2025\/10\/fiat-2-768x512.jpg 768w\" sizes=\"(max-width: 1000px) 100vw, 1000px\" \/><\/p>\n<p>&nbsp;<\/p>\n<p>&nbsp;<\/p>\n<p class=\"ds-markdown-paragraph\">El modelo funciona con un sistema mild-hybrid. Combina un motor 1.2 turbo de tres cilindros que entrega 136 cv, con un el\u00e9ctrico de 29 cv. El conjunto desarrolla una potencia m\u00e1xima de 145 cv. Incluye una caja autom\u00e1tica de seis velocidades con doble embrague y tracci\u00f3n delantera.<\/p>\n<p>&nbsp;<\/p>\n<h2 class=\"ds-markdown-paragraph\">Equipamiento confirmado para la Argentina<\/h2>\n<p>&nbsp;<\/p>\n<p><img decoding=\"async\" class=\"aligncenter wp-image-14302 size-full\" src=\"https:\/\/autofans.com.ar\/wp-content\/uploads\/2025\/10\/fiat-4.jpg\" alt=\"Fiat 600 Hybrid\" width=\"1000\" height=\"667\" srcset=\"https:\/\/autofans.com.ar\/wp-content\/uploads\/2025\/10\/fiat-4.jpg 1000w, https:\/\/autofans.com.ar\/wp-content\/uploads\/2025\/10\/fiat-4-300x200.jpg 300w, https:\/\/autofans.com.ar\/wp-content\/uploads\/2025\/10\/fiat-4-768x512.jpg 768w\" sizes=\"(max-width: 1000px) 100vw, 1000px\" \/><\/p>\n<p>&nbsp;<\/p>\n<p class=\"ds-markdown-paragraph\">La marca ya detall\u00f3 c\u00f3mo llegar\u00e1 el veh\u00edculo. Contar\u00e1 con seis airbags, llantas de aleaci\u00f3n de 17 pulgadas, iluminaci\u00f3n led y una pantalla multimedia de 10.1 pulgadas.<\/p>\n<p>&nbsp;<\/p>\n<h2 class=\"ds-markdown-paragraph\">Fiat 600 Hybrid &#8211; el regreso de un nombre hist\u00f3rico<\/h2>\n<p>&nbsp;<\/p>\n<p><img decoding=\"async\" class=\"aligncenter wp-image-14305 size-full\" src=\"https:\/\/autofans.com.ar\/wp-content\/uploads\/2025\/10\/fiat-1.jpg\" alt=\"Fiat 600 Hybrid\" width=\"1000\" height=\"667\" srcset=\"https:\/\/autofans.com.ar\/wp-content\/uploads\/2025\/10\/fiat-1.jpg 1000w, https:\/\/autofans.com.ar\/wp-content\/uploads\/2025\/10\/fiat-1-300x200.jpg 300w, https:\/\/autofans.com.ar\/wp-content\/uploads\/2025\/10\/fiat-1-768x512.jpg 768w\" sizes=\"(max-width: 1000px) 100vw, 1000px\" \/><\/p>\n<p>&nbsp;<\/p>\n<p>&nbsp;<\/p>\n<p class=\"ds-markdown-paragraph\">La llegada del 600 Hybrid representa la vuelta de la denominaci\u00f3n \u00abSeicientos\u00bb al mercado local, que cumple 70 a\u00f1os. Adem\u00e1s, ser\u00e1 el primer modelo h\u00edbrido de Fiat en Argentina. Este veh\u00edculo ocupar\u00e1 el lugar del Fiat 500X, que se vendi\u00f3 en el pa\u00eds desde 2017.<\/p>\n<p>&nbsp;<\/p>\n<p>&nbsp;<\/p>\n<p><i>Para enterarte de m\u00e1s novedades, no dejes de leer\u00a0<\/i><a href=\"https:\/\/autofans.thebrandsoup.com\/\"><i>nuestras notas<\/i><\/a><i>, de ver\u00a0<\/i><a href=\"https:\/\/www.youtube.com\/channel\/UCgAC8UGHZYbT6P7PpmVnP7g\"><i>AUTOFANS TV<\/i><\/a><i>\u00a0en nuestro\u00a0canal de Youtube. Adem\u00e1s seguinos en\u00a0<\/i><a href=\"https:\/\/www.instagram.com\/autofanstv\/\"><i>INSTAGRAM<\/i><\/a><i> y <\/i><a href=\"https:\/\/www.facebook.com\/autofansmas\/\"><i>FACEBOOK<\/i><\/a><i> para no perderte nada sobre las novedades del segmento automotor de Argentina y el mundo.<\/i><\/p>\n","protected":false},"excerpt":{"rendered":"<p>Stellantis abri\u00f3 la preventa del Fiat 600 Hybrid en Argentina. La SUV, que se comercializar\u00e1&#8230;<\/p>\n","protected":false},"author":2,"featured_media":14303,"comment_status":"closed","ping_status":"closed","sticky":false,"template":"","format":"standard","meta":{"footnotes":""},"categories":[371,1],"tags":[7487,7488,7485,258,993,7490,7489,7486,108,4924],"class_list":["post-14301","post","type-post","status-publish","format-standard","has-post-thumbnail","hentry","category-hibridos-electricos-y","category-lanzamientos","tag-auto-hibrido-argentina","tag-fiat-600-especificaciones","tag-fiat-600-hybrid","tag-fiat-argentina","tag-mild-hybrid","tag-nuevo-fiat-2025","tag-precio-fiat-600","tag-preventa-fiat-600","tag-stellantis-argentina","tag-suv-hibrida"],"yoast_head":"<!-- This site is optimized with the Yoast SEO plugin v27.5 - https:\/\/yoast.com\/product\/yoast-seo-wordpress\/ -->\n<title>Ya se puede reservar el nuevo Fiat 600 Hybrid -<\/title>\n<meta name=\"description\" content=\"Stellantis abri\u00f3 la preventa del Fiat 600 Hybrid en Argentina. La SUV, se comercializar\u00e1 a de fines de octubre, arribar\u00e1 al pa\u00eds desde Polonia\" \/>\n<meta name=\"robots\" content=\"index, follow, max-snippet:-1, max-image-preview:large, max-video-preview:-1\" \/>\n<link rel=\"canonical\" href=\"https:\/\/autofans.com.ar\/index.php\/2025\/10\/03\/ya-se-puede-reservar-el-nuevo-fiat-600-hybrid\/\" \/>\n<meta property=\"og:locale\" content=\"es_ES\" \/>\n<meta property=\"og:type\" content=\"article\" \/>\n<meta property=\"og:title\" content=\"Ya se puede reservar el nuevo Fiat 600 Hybrid -\" \/>\n<meta property=\"og:description\" content=\"Stellantis abri\u00f3 la preventa del Fiat 600 Hybrid en Argentina. La SUV, se comercializar\u00e1 a de fines de octubre, arribar\u00e1 al pa\u00eds desde Polonia\" \/>\n<meta property=\"og:url\" content=\"https:\/\/autofans.com.ar\/index.php\/2025\/10\/03\/ya-se-puede-reservar-el-nuevo-fiat-600-hybrid\/\" \/>\n<meta property=\"article:published_time\" content=\"2025-10-03T23:16:41+00:00\" \/>\n<meta property=\"og:image\" content=\"https:\/\/autofans.com.ar\/wp-content\/uploads\/2025\/10\/fiat-3.jpg\" \/>\n\t<meta property=\"og:image:width\" content=\"1000\" \/>\n\t<meta property=\"og:image:height\" content=\"667\" \/>\n\t<meta property=\"og:image:type\" content=\"image\/jpeg\" \/>\n<meta name=\"author\" content=\"Alejandro Gabriel Rosito\" \/>\n<meta name=\"twitter:card\" content=\"summary_large_image\" \/>\n<meta name=\"twitter:label1\" content=\"Escrito por\" \/>\n\t<meta name=\"twitter:data1\" content=\"Alejandro Gabriel Rosito\" \/>\n\t<meta name=\"twitter:label2\" content=\"Tiempo de lectura\" \/>\n\t<meta name=\"twitter:data2\" content=\"2 minutos\" \/>\n<script type=\"application\/ld+json\" class=\"yoast-schema-graph\">{\"@context\":\"https:\\\/\\\/schema.org\",\"@graph\":[{\"@type\":\"Article\",\"@id\":\"https:\\\/\\\/autofans.com.ar\\\/index.php\\\/2025\\\/10\\\/03\\\/ya-se-puede-reservar-el-nuevo-fiat-600-hybrid\\\/#article\",\"isPartOf\":{\"@id\":\"https:\\\/\\\/autofans.com.ar\\\/index.php\\\/2025\\\/10\\\/03\\\/ya-se-puede-reservar-el-nuevo-fiat-600-hybrid\\\/\"},\"author\":{\"name\":\"Alejandro Gabriel Rosito\",\"@id\":\"https:\\\/\\\/autofans.com.ar\\\/#\\\/schema\\\/person\\\/4a8dda0b6df83ac3d6723e921274c2aa\"},\"headline\":\"Ya se puede reservar el nuevo Fiat 600 Hybrid\",\"datePublished\":\"2025-10-03T23:16:41+00:00\",\"mainEntityOfPage\":{\"@id\":\"https:\\\/\\\/autofans.com.ar\\\/index.php\\\/2025\\\/10\\\/03\\\/ya-se-puede-reservar-el-nuevo-fiat-600-hybrid\\\/\"},\"wordCount\":236,\"image\":{\"@id\":\"https:\\\/\\\/autofans.com.ar\\\/index.php\\\/2025\\\/10\\\/03\\\/ya-se-puede-reservar-el-nuevo-fiat-600-hybrid\\\/#primaryimage\"},\"thumbnailUrl\":\"https:\\\/\\\/autofans.com.ar\\\/wp-content\\\/uploads\\\/2025\\\/10\\\/fiat-3.jpg\",\"keywords\":[\"auto h\u00edbrido Argentina\",\"Fiat 600 especificaciones\",\"Fiat 600 Hybrid\",\"fiat argentina\",\"Mild Hybrid\",\"nuevo Fiat 2025\",\"precio Fiat 600\",\"preventa Fiat 600\",\"Stellantis Argentina\",\"SUV h\u00edbrida\"],\"articleSection\":[\"H\u00edbridos, El\u00e9ctricos y +\",\"LANZAMIENTOS\"],\"inLanguage\":\"es\"},{\"@type\":\"WebPage\",\"@id\":\"https:\\\/\\\/autofans.com.ar\\\/index.php\\\/2025\\\/10\\\/03\\\/ya-se-puede-reservar-el-nuevo-fiat-600-hybrid\\\/\",\"url\":\"https:\\\/\\\/autofans.com.ar\\\/index.php\\\/2025\\\/10\\\/03\\\/ya-se-puede-reservar-el-nuevo-fiat-600-hybrid\\\/\",\"name\":\"Ya se puede reservar el nuevo Fiat 600 Hybrid -\",\"isPartOf\":{\"@id\":\"https:\\\/\\\/autofans.com.ar\\\/#website\"},\"primaryImageOfPage\":{\"@id\":\"https:\\\/\\\/autofans.com.ar\\\/index.php\\\/2025\\\/10\\\/03\\\/ya-se-puede-reservar-el-nuevo-fiat-600-hybrid\\\/#primaryimage\"},\"image\":{\"@id\":\"https:\\\/\\\/autofans.com.ar\\\/index.php\\\/2025\\\/10\\\/03\\\/ya-se-puede-reservar-el-nuevo-fiat-600-hybrid\\\/#primaryimage\"},\"thumbnailUrl\":\"https:\\\/\\\/autofans.com.ar\\\/wp-content\\\/uploads\\\/2025\\\/10\\\/fiat-3.jpg\",\"datePublished\":\"2025-10-03T23:16:41+00:00\",\"author\":{\"@id\":\"https:\\\/\\\/autofans.com.ar\\\/#\\\/schema\\\/person\\\/4a8dda0b6df83ac3d6723e921274c2aa\"},\"description\":\"Stellantis abri\u00f3 la preventa del Fiat 600 Hybrid en Argentina. La SUV, se comercializar\u00e1 a de fines de octubre, arribar\u00e1 al pa\u00eds desde Polonia\",\"breadcrumb\":{\"@id\":\"https:\\\/\\\/autofans.com.ar\\\/index.php\\\/2025\\\/10\\\/03\\\/ya-se-puede-reservar-el-nuevo-fiat-600-hybrid\\\/#breadcrumb\"},\"inLanguage\":\"es\",\"potentialAction\":[{\"@type\":\"ReadAction\",\"target\":[\"https:\\\/\\\/autofans.com.ar\\\/index.php\\\/2025\\\/10\\\/03\\\/ya-se-puede-reservar-el-nuevo-fiat-600-hybrid\\\/\"]}]},{\"@type\":\"ImageObject\",\"inLanguage\":\"es\",\"@id\":\"https:\\\/\\\/autofans.com.ar\\\/index.php\\\/2025\\\/10\\\/03\\\/ya-se-puede-reservar-el-nuevo-fiat-600-hybrid\\\/#primaryimage\",\"url\":\"https:\\\/\\\/autofans.com.ar\\\/wp-content\\\/uploads\\\/2025\\\/10\\\/fiat-3.jpg\",\"contentUrl\":\"https:\\\/\\\/autofans.com.ar\\\/wp-content\\\/uploads\\\/2025\\\/10\\\/fiat-3.jpg\",\"width\":1000,\"height\":667,\"caption\":\"Fiat 600 Hybrid\"},{\"@type\":\"BreadcrumbList\",\"@id\":\"https:\\\/\\\/autofans.com.ar\\\/index.php\\\/2025\\\/10\\\/03\\\/ya-se-puede-reservar-el-nuevo-fiat-600-hybrid\\\/#breadcrumb\",\"itemListElement\":[{\"@type\":\"ListItem\",\"position\":1,\"name\":\"Inicio\",\"item\":\"https:\\\/\\\/autofans.com.ar\\\/\"},{\"@type\":\"ListItem\",\"position\":2,\"name\":\"Ya se puede reservar el nuevo Fiat 600 Hybrid\"}]},{\"@type\":\"WebSite\",\"@id\":\"https:\\\/\\\/autofans.com.ar\\\/#website\",\"url\":\"https:\\\/\\\/autofans.com.ar\\\/\",\"name\":\"\",\"description\":\"El multimedio referente de la industria automotriz\",\"potentialAction\":[{\"@type\":\"SearchAction\",\"target\":{\"@type\":\"EntryPoint\",\"urlTemplate\":\"https:\\\/\\\/autofans.com.ar\\\/?s={search_term_string}\"},\"query-input\":{\"@type\":\"PropertyValueSpecification\",\"valueRequired\":true,\"valueName\":\"search_term_string\"}}],\"inLanguage\":\"es\"},{\"@type\":\"Person\",\"@id\":\"https:\\\/\\\/autofans.com.ar\\\/#\\\/schema\\\/person\\\/4a8dda0b6df83ac3d6723e921274c2aa\",\"name\":\"Alejandro Gabriel Rosito\",\"image\":{\"@type\":\"ImageObject\",\"inLanguage\":\"es\",\"@id\":\"https:\\\/\\\/secure.gravatar.com\\\/avatar\\\/16c5dda1489adfc62618084dcbb91cffd879c374b13fe5dd8e44ed6733852c88?s=96&d=mm&r=g\",\"url\":\"https:\\\/\\\/secure.gravatar.com\\\/avatar\\\/16c5dda1489adfc62618084dcbb91cffd879c374b13fe5dd8e44ed6733852c88?s=96&d=mm&r=g\",\"contentUrl\":\"https:\\\/\\\/secure.gravatar.com\\\/avatar\\\/16c5dda1489adfc62618084dcbb91cffd879c374b13fe5dd8e44ed6733852c88?s=96&d=mm&r=g\",\"caption\":\"Alejandro Gabriel Rosito\"},\"url\":\"https:\\\/\\\/autofans.com.ar\\\/index.php\\\/author\\\/gabrielr\\\/\"}]}<\/script>\n<!-- \/ Yoast SEO plugin. -->","yoast_head_json":{"title":"Ya se puede reservar el nuevo Fiat 600 Hybrid -","description":"Stellantis abri\u00f3 la preventa del Fiat 600 Hybrid en Argentina. La SUV, se comercializar\u00e1 a de fines de octubre, arribar\u00e1 al pa\u00eds desde Polonia","robots":{"index":"index","follow":"follow","max-snippet":"max-snippet:-1","max-image-preview":"max-image-preview:large","max-video-preview":"max-video-preview:-1"},"canonical":"https:\/\/autofans.com.ar\/index.php\/2025\/10\/03\/ya-se-puede-reservar-el-nuevo-fiat-600-hybrid\/","og_locale":"es_ES","og_type":"article","og_title":"Ya se puede reservar el nuevo Fiat 600 Hybrid -","og_description":"Stellantis abri\u00f3 la preventa del Fiat 600 Hybrid en Argentina. La SUV, se comercializar\u00e1 a de fines de octubre, arribar\u00e1 al pa\u00eds desde Polonia","og_url":"https:\/\/autofans.com.ar\/index.php\/2025\/10\/03\/ya-se-puede-reservar-el-nuevo-fiat-600-hybrid\/","article_published_time":"2025-10-03T23:16:41+00:00","og_image":[{"width":1000,"height":667,"url":"https:\/\/autofans.com.ar\/wp-content\/uploads\/2025\/10\/fiat-3.jpg","type":"image\/jpeg"}],"author":"Alejandro Gabriel Rosito","twitter_card":"summary_large_image","twitter_misc":{"Escrito por":"Alejandro Gabriel Rosito","Tiempo de lectura":"2 minutos"},"schema":{"@context":"https:\/\/schema.org","@graph":[{"@type":"Article","@id":"https:\/\/autofans.com.ar\/index.php\/2025\/10\/03\/ya-se-puede-reservar-el-nuevo-fiat-600-hybrid\/#article","isPartOf":{"@id":"https:\/\/autofans.com.ar\/index.php\/2025\/10\/03\/ya-se-puede-reservar-el-nuevo-fiat-600-hybrid\/"},"author":{"name":"Alejandro Gabriel Rosito","@id":"https:\/\/autofans.com.ar\/#\/schema\/person\/4a8dda0b6df83ac3d6723e921274c2aa"},"headline":"Ya se puede reservar el nuevo Fiat 600 Hybrid","datePublished":"2025-10-03T23:16:41+00:00","mainEntityOfPage":{"@id":"https:\/\/autofans.com.ar\/index.php\/2025\/10\/03\/ya-se-puede-reservar-el-nuevo-fiat-600-hybrid\/"},"wordCount":236,"image":{"@id":"https:\/\/autofans.com.ar\/index.php\/2025\/10\/03\/ya-se-puede-reservar-el-nuevo-fiat-600-hybrid\/#primaryimage"},"thumbnailUrl":"https:\/\/autofans.com.ar\/wp-content\/uploads\/2025\/10\/fiat-3.jpg","keywords":["auto h\u00edbrido Argentina","Fiat 600 especificaciones","Fiat 600 Hybrid","fiat argentina","Mild Hybrid","nuevo Fiat 2025","precio Fiat 600","preventa Fiat 600","Stellantis Argentina","SUV h\u00edbrida"],"articleSection":["H\u00edbridos, El\u00e9ctricos y +","LANZAMIENTOS"],"inLanguage":"es"},{"@type":"WebPage","@id":"https:\/\/autofans.com.ar\/index.php\/2025\/10\/03\/ya-se-puede-reservar-el-nuevo-fiat-600-hybrid\/","url":"https:\/\/autofans.com.ar\/index.php\/2025\/10\/03\/ya-se-puede-reservar-el-nuevo-fiat-600-hybrid\/","name":"Ya se puede reservar el nuevo Fiat 600 Hybrid -","isPartOf":{"@id":"https:\/\/autofans.com.ar\/#website"},"primaryImageOfPage":{"@id":"https:\/\/autofans.com.ar\/index.php\/2025\/10\/03\/ya-se-puede-reservar-el-nuevo-fiat-600-hybrid\/#primaryimage"},"image":{"@id":"https:\/\/autofans.com.ar\/index.php\/2025\/10\/03\/ya-se-puede-reservar-el-nuevo-fiat-600-hybrid\/#primaryimage"},"thumbnailUrl":"https:\/\/autofans.com.ar\/wp-content\/uploads\/2025\/10\/fiat-3.jpg","datePublished":"2025-10-03T23:16:41+00:00","author":{"@id":"https:\/\/autofans.com.ar\/#\/schema\/person\/4a8dda0b6df83ac3d6723e921274c2aa"},"description":"Stellantis abri\u00f3 la preventa del Fiat 600 Hybrid en Argentina. La SUV, se comercializar\u00e1 a de fines de octubre, arribar\u00e1 al pa\u00eds desde Polonia","breadcrumb":{"@id":"https:\/\/autofans.com.ar\/index.php\/2025\/10\/03\/ya-se-puede-reservar-el-nuevo-fiat-600-hybrid\/#breadcrumb"},"inLanguage":"es","potentialAction":[{"@type":"ReadAction","target":["https:\/\/autofans.com.ar\/index.php\/2025\/10\/03\/ya-se-puede-reservar-el-nuevo-fiat-600-hybrid\/"]}]},{"@type":"ImageObject","inLanguage":"es","@id":"https:\/\/autofans.com.ar\/index.php\/2025\/10\/03\/ya-se-puede-reservar-el-nuevo-fiat-600-hybrid\/#primaryimage","url":"https:\/\/autofans.com.ar\/wp-content\/uploads\/2025\/10\/fiat-3.jpg","contentUrl":"https:\/\/autofans.com.ar\/wp-content\/uploads\/2025\/10\/fiat-3.jpg","width":1000,"height":667,"caption":"Fiat 600 Hybrid"},{"@type":"BreadcrumbList","@id":"https:\/\/autofans.com.ar\/index.php\/2025\/10\/03\/ya-se-puede-reservar-el-nuevo-fiat-600-hybrid\/#breadcrumb","itemListElement":[{"@type":"ListItem","position":1,"name":"Inicio","item":"https:\/\/autofans.com.ar\/"},{"@type":"ListItem","position":2,"name":"Ya se puede reservar el nuevo Fiat 600 Hybrid"}]},{"@type":"WebSite","@id":"https:\/\/autofans.com.ar\/#website","url":"https:\/\/autofans.com.ar\/","name":"","description":"El multimedio referente de la industria automotriz","potentialAction":[{"@type":"SearchAction","target":{"@type":"EntryPoint","urlTemplate":"https:\/\/autofans.com.ar\/?s={search_term_string}"},"query-input":{"@type":"PropertyValueSpecification","valueRequired":true,"valueName":"search_term_string"}}],"inLanguage":"es"},{"@type":"Person","@id":"https:\/\/autofans.com.ar\/#\/schema\/person\/4a8dda0b6df83ac3d6723e921274c2aa","name":"Alejandro Gabriel Rosito","image":{"@type":"ImageObject","inLanguage":"es","@id":"https:\/\/secure.gravatar.com\/avatar\/16c5dda1489adfc62618084dcbb91cffd879c374b13fe5dd8e44ed6733852c88?s=96&d=mm&r=g","url":"https:\/\/secure.gravatar.com\/avatar\/16c5dda1489adfc62618084dcbb91cffd879c374b13fe5dd8e44ed6733852c88?s=96&d=mm&r=g","contentUrl":"https:\/\/secure.gravatar.com\/avatar\/16c5dda1489adfc62618084dcbb91cffd879c374b13fe5dd8e44ed6733852c88?s=96&d=mm&r=g","caption":"Alejandro Gabriel Rosito"},"url":"https:\/\/autofans.com.ar\/index.php\/author\/gabrielr\/"}]}},"featured_image_urls":{"full":["https:\/\/autofans.com.ar\/wp-content\/uploads\/2025\/10\/fiat-3.jpg",1000,667,false],"thumbnail":["https:\/\/autofans.com.ar\/wp-content\/uploads\/2025\/10\/fiat-3-150x150.jpg",150,150,true],"medium":["https:\/\/autofans.com.ar\/wp-content\/uploads\/2025\/10\/fiat-3-300x200.jpg",300,200,true],"medium_large":["https:\/\/autofans.com.ar\/wp-content\/uploads\/2025\/10\/fiat-3-768x512.jpg",640,427,true],"large":["https:\/\/autofans.com.ar\/wp-content\/uploads\/2025\/10\/fiat-3.jpg",640,427,false],"1536x1536":["https:\/\/autofans.com.ar\/wp-content\/uploads\/2025\/10\/fiat-3.jpg",1000,667,false],"2048x2048":["https:\/\/autofans.com.ar\/wp-content\/uploads\/2025\/10\/fiat-3.jpg",1000,667,false],"covernews-featured":["https:\/\/autofans.com.ar\/wp-content\/uploads\/2025\/10\/fiat-3.jpg",1000,667,false],"covernews-medium":["https:\/\/autofans.com.ar\/wp-content\/uploads\/2025\/10\/fiat-3-540x340.jpg",540,340,true]},"author_info":{"display_name":"Alejandro Gabriel Rosito","author_link":"https:\/\/autofans.com.ar\/index.php\/author\/gabrielr\/"},"category_info":"<a href=\"https:\/\/autofans.com.ar\/index.php\/category\/lanzamientos\/hibridos-electricos-y\/\" rel=\"category tag\">H\u00edbridos, El\u00e9ctricos y +<\/a> <a href=\"https:\/\/autofans.com.ar\/index.php\/category\/lanzamientos\/\" rel=\"category tag\">LANZAMIENTOS<\/a>","tag_info":"LANZAMIENTOS","comment_count":0,"_links":{"self":[{"href":"https:\/\/autofans.com.ar\/index.php\/wp-json\/wp\/v2\/posts\/14301","targetHints":{"allow":["GET"]}}],"collection":[{"href":"https:\/\/autofans.com.ar\/index.php\/wp-json\/wp\/v2\/posts"}],"about":[{"href":"https:\/\/autofans.com.ar\/index.php\/wp-json\/wp\/v2\/types\/post"}],"author":[{"embeddable":true,"href":"https:\/\/autofans.com.ar\/index.php\/wp-json\/wp\/v2\/users\/2"}],"replies":[{"embeddable":true,"href":"https:\/\/autofans.com.ar\/index.php\/wp-json\/wp\/v2\/comments?post=14301"}],"version-history":[{"count":2,"href":"https:\/\/autofans.com.ar\/index.php\/wp-json\/wp\/v2\/posts\/14301\/revisions"}],"predecessor-version":[{"id":14307,"href":"https:\/\/autofans.com.ar\/index.php\/wp-json\/wp\/v2\/posts\/14301\/revisions\/14307"}],"wp:featuredmedia":[{"embeddable":true,"href":"https:\/\/autofans.com.ar\/index.php\/wp-json\/wp\/v2\/media\/14303"}],"wp:attachment":[{"href":"https:\/\/autofans.com.ar\/index.php\/wp-json\/wp\/v2\/media?parent=14301"}],"wp:term":[{"taxonomy":"category","embeddable":true,"href":"https:\/\/autofans.com.ar\/index.php\/wp-json\/wp\/v2\/categories?post=14301"},{"taxonomy":"post_tag","embeddable":true,"href":"https:\/\/autofans.com.ar\/index.php\/wp-json\/wp\/v2\/tags?post=14301"}],"curies":[{"name":"wp","href":"https:\/\/api.w.org\/{rel}","templated":true}]}}