{"id":14315,"date":"2025-10-06T16:57:14","date_gmt":"2025-10-06T19:57:14","guid":{"rendered":"https:\/\/autofans.com.ar\/?p=14315"},"modified":"2025-10-06T17:30:16","modified_gmt":"2025-10-06T20:30:16","slug":"ktm-y-can-am-estrenan-casa-en-villa-urquiza","status":"publish","type":"post","link":"https:\/\/autofans.com.ar\/index.php\/2025\/10\/06\/ktm-y-can-am-estrenan-casa-en-villa-urquiza\/","title":{"rendered":"KTM y Can-Am estrenan casa en Villa Urquiza"},"content":{"rendered":"<p class=\"ds-markdown-paragraph\">KTM y Can-Am, marcas del Grupo Simpa S.A., inauguraron un nuevo concesionario oficial en la Ciudad de Buenos Aires. La ubicaci\u00f3n elegida es el barrio de Villa Urquiza, espec\u00edficamente en Avenida Triunvirato 5551.<\/p>\n<p class=\"ds-markdown-paragraph\">Este espacio, denominado KTM Urquiza, cuenta con 300 m\u00b2 dedicados a la exhibici\u00f3n, venta y servicio postventa de ambas marcas. La operaci\u00f3n est\u00e1 a cargo de Rodrigo Insua y su familia, quienes poseen una trayectoria de m\u00e1s de dos d\u00e9cadas en el rubro a trav\u00e9s de Urquiza Motos.<\/p>\n<p>&nbsp;<\/p>\n<blockquote>\n<p style=\"text-align: center;\"><span lang=\"ES-AR\">\u201cQuiero destacar y agradecer de manera especial a todo el equipo de Urquiza Motos, por asumir con entusiasmo el desaf\u00edo de llevar adelante este proyecto. Tambi\u00e9n a nuestros clientes con los cuales compartimos la pasi\u00f3n por lo que hacemos: llevar la emoci\u00f3n de rodar y de explorar m\u00e1s all\u00e1 de los l\u00edmites. KTM y Can-Am son sin\u00f3nimo de esp\u00edritu aventurero, tecnolog\u00eda de punta y superaci\u00f3n constante y con este nuevo concesionario estaremos m\u00e1s cerca de nuestros clientes, listos para brindarles no solo productos de excelencia, sino tambi\u00e9n servicios de calidad y un espacio de encuentro para toda la comunidad de riders\u201d<\/span><span lang=\"ES-AR\">, se\u00f1al\u00f3 Leandro Panaggio, Business Manager en Grupo Simpa S.A.<\/span><\/p>\n<\/blockquote>\n<p>&nbsp;<\/p>\n<h2 class=\"ds-markdown-paragraph\">Modelos disponibles en KTM Urquiza<\/h2>\n<p>&nbsp;<\/p>\n<div id='gallery-1' class='gallery galleryid-14315 gallery-columns-2 gallery-size-full'><figure class='gallery-item'>\n\t\t\t<div class='gallery-icon landscape'>\n\t\t\t\t<a href='https:\/\/autofans.com.ar\/index.php\/2025\/10\/06\/ktm-y-can-am-estrenan-casa-en-villa-urquiza\/ktm-1-1\/'><img loading=\"lazy\" width=\"1000\" height=\"667\" src=\"https:\/\/autofans.com.ar\/wp-content\/uploads\/2025\/10\/ktm-1-1.jpg\" class=\"attachment-full size-full\" alt=\"KTM\" aria-describedby=\"gallery-1-14334\" srcset=\"https:\/\/autofans.com.ar\/wp-content\/uploads\/2025\/10\/ktm-1-1.jpg 1000w, https:\/\/autofans.com.ar\/wp-content\/uploads\/2025\/10\/ktm-1-1-300x200.jpg 300w, https:\/\/autofans.com.ar\/wp-content\/uploads\/2025\/10\/ktm-1-1-768x512.jpg 768w\" sizes=\"auto, (max-width: 1000px) 100vw, 1000px\" loading=\"lazy\" decoding=\"async\" \/><\/a>\n\t\t\t<\/div>\n\t\t\t\t<figcaption class='wp-caption-text gallery-caption' id='gallery-1-14334'>\n\t\t\t\tLeandro Panaggio, Grupo Simpa y Rodrigo Insua, responsable de KTM Urquiza.jpg\n\t\t\t\t<\/figcaption><\/figure><figure class='gallery-item'>\n\t\t\t<div class='gallery-icon landscape'>\n\t\t\t\t<a href='https:\/\/autofans.com.ar\/index.php\/2025\/10\/06\/ktm-y-can-am-estrenan-casa-en-villa-urquiza\/ktm-6-6\/'><img loading=\"lazy\" width=\"1000\" height=\"667\" src=\"https:\/\/autofans.com.ar\/wp-content\/uploads\/2025\/10\/ktm-6-6.jpg\" class=\"attachment-full size-full\" alt=\"KTM\" srcset=\"https:\/\/autofans.com.ar\/wp-content\/uploads\/2025\/10\/ktm-6-6.jpg 1000w, https:\/\/autofans.com.ar\/wp-content\/uploads\/2025\/10\/ktm-6-6-300x200.jpg 300w, https:\/\/autofans.com.ar\/wp-content\/uploads\/2025\/10\/ktm-6-6-768x512.jpg 768w\" sizes=\"auto, (max-width: 1000px) 100vw, 1000px\" loading=\"lazy\" decoding=\"async\" \/><\/a>\n\t\t\t<\/div><\/figure>\n\t\t<\/div>\n\n<p>&nbsp;<\/p>\n<p class=\"ds-markdown-paragraph\">Los entusiastas de KTM podr\u00e1n encontrar toda la l\u00ednea de la familia Duke, junto con opciones offroad y travel. Pr\u00f3ximamente, se sumar\u00e1n las novedades: los modelos 390 Adventure R, Adventure X y Enduro R.<\/p>\n<p class=\"ds-markdown-paragraph\">En cuanto a Can-Am, el concesionario ofrecer\u00e1 veh\u00edculos como el Outlander 500, el Defender HD7\/HD9 y el Maverick X3 Turbo RR. Estos productos se caracterizan por su potencia y capacidad para terrenos desafiantes.<\/p>\n<p>&nbsp;<\/p>\n<blockquote>\n<p style=\"text-align: center;\"><span lang=\"ES-AR\">\u201cEsta apertura es la concreci\u00f3n de un sue\u00f1o que finalmente se hace realidad. Desde Urquiza Motos apostamos m\u00e1s fuerte que nunca, convencidos de que la pasi\u00f3n y el trabajo serio son la base para seguir creciendo junto a toda la cadena de valor. Agradecemos a Grupo Simpa por la confianza y reafirmamos nuestro compromiso de representar a KTM y Can-Am de la mejor manera, con innovaci\u00f3n, esfuerzo y una visi\u00f3n de largo plazo\u201d,<\/span><span lang=\"ES-AR\"> expres\u00f3 Rodrigo Insua, responsable de KTM Urquiza.<\/span><\/p>\n<\/blockquote>\n<p>&nbsp;<\/p>\n<h2 class=\"ds-markdown-paragraph\">Horarios y servicios del nuevo local<\/h2>\n<p>&nbsp;<\/p>\n<div id='gallery-2' class='gallery galleryid-14315 gallery-columns-3 gallery-size-full'><figure class='gallery-item'>\n\t\t\t<div class='gallery-icon landscape'>\n\t\t\t\t<a href='https:\/\/autofans.com.ar\/index.php\/2025\/10\/06\/ktm-y-can-am-estrenan-casa-en-villa-urquiza\/ktm-3-3-2\/'><img loading=\"lazy\" width=\"1000\" height=\"667\" src=\"https:\/\/autofans.com.ar\/wp-content\/uploads\/2025\/10\/ktm-3-3.jpg\" class=\"attachment-full size-full\" alt=\"KTM\" srcset=\"https:\/\/autofans.com.ar\/wp-content\/uploads\/2025\/10\/ktm-3-3.jpg 1000w, https:\/\/autofans.com.ar\/wp-content\/uploads\/2025\/10\/ktm-3-3-300x200.jpg 300w, https:\/\/autofans.com.ar\/wp-content\/uploads\/2025\/10\/ktm-3-3-768x512.jpg 768w\" sizes=\"auto, (max-width: 1000px) 100vw, 1000px\" loading=\"lazy\" decoding=\"async\" \/><\/a>\n\t\t\t<\/div><\/figure><figure class='gallery-item'>\n\t\t\t<div class='gallery-icon landscape'>\n\t\t\t\t<a href='https:\/\/autofans.com.ar\/index.php\/2025\/10\/06\/ktm-y-can-am-estrenan-casa-en-villa-urquiza\/ktm-4-4-2\/'><img loading=\"lazy\" width=\"1000\" height=\"667\" src=\"https:\/\/autofans.com.ar\/wp-content\/uploads\/2025\/10\/ktm-4-4.jpg\" class=\"attachment-full size-full\" alt=\"KTM\" srcset=\"https:\/\/autofans.com.ar\/wp-content\/uploads\/2025\/10\/ktm-4-4.jpg 1000w, https:\/\/autofans.com.ar\/wp-content\/uploads\/2025\/10\/ktm-4-4-300x200.jpg 300w, https:\/\/autofans.com.ar\/wp-content\/uploads\/2025\/10\/ktm-4-4-768x512.jpg 768w\" sizes=\"auto, (max-width: 1000px) 100vw, 1000px\" loading=\"lazy\" decoding=\"async\" \/><\/a>\n\t\t\t<\/div><\/figure><figure class='gallery-item'>\n\t\t\t<div class='gallery-icon landscape'>\n\t\t\t\t<a href='https:\/\/autofans.com.ar\/index.php\/2025\/10\/06\/ktm-y-can-am-estrenan-casa-en-villa-urquiza\/ktm-5-5\/'><img loading=\"lazy\" width=\"1000\" height=\"667\" src=\"https:\/\/autofans.com.ar\/wp-content\/uploads\/2025\/10\/ktm-5-5.jpg\" class=\"attachment-full size-full\" alt=\"KTM\" srcset=\"https:\/\/autofans.com.ar\/wp-content\/uploads\/2025\/10\/ktm-5-5.jpg 1000w, https:\/\/autofans.com.ar\/wp-content\/uploads\/2025\/10\/ktm-5-5-300x200.jpg 300w, https:\/\/autofans.com.ar\/wp-content\/uploads\/2025\/10\/ktm-5-5-768x512.jpg 768w\" sizes=\"auto, (max-width: 1000px) 100vw, 1000px\" loading=\"lazy\" decoding=\"async\" \/><\/a>\n\t\t\t<\/div><\/figure>\n\t\t<\/div>\n\n<p>&nbsp;<\/p>\n<p class=\"ds-markdown-paragraph\">KTM Can-Am Urquiza atender\u00e1 de lunes a viernes, de 9 a 13 y de 14 a 18 horas. Los s\u00e1bados, el horario ser\u00e1 de 10 a 14. Con esta apertura, las marcas consolidan su red de distribuci\u00f3n en el pa\u00eds, acercando a los usuarios de la capital productos de alta gama, innovaci\u00f3n tecnol\u00f3gica y la experiencia caracter\u00edstica de ambas firmas a nivel global.<\/p>\n<p>&nbsp;<\/p>\n<p>&nbsp;<\/p>\n<p><i>Para enterarte de m\u00e1s novedades, no dejes de leer\u00a0<\/i><a href=\"https:\/\/autofans.thebrandsoup.com\/\"><i>nuestras notas<\/i><\/a><i>, de ver\u00a0<\/i><a href=\"https:\/\/www.youtube.com\/channel\/UCgAC8UGHZYbT6P7PpmVnP7g\"><i>AUTOFANS TV<\/i><\/a><i>\u00a0en nuestro\u00a0canal de Youtube. Adem\u00e1s seguinos en\u00a0<\/i><a href=\"https:\/\/www.instagram.com\/autofanstv\/\"><i>INSTAGRAM<\/i><\/a><i> y <\/i><a href=\"https:\/\/www.facebook.com\/autofansmas\/\"><i>FACEBOOK<\/i><\/a><i> para no perderte nada sobre las novedades del segmento automotor de Argentina y el mundo.<\/i><\/p>\n","protected":false},"excerpt":{"rendered":"<p>KTM y Can-Am, marcas del Grupo Simpa S.A., inauguraron un nuevo concesionario oficial en la&#8230;<\/p>\n","protected":false},"author":2,"featured_media":14333,"comment_status":"closed","ping_status":"closed","sticky":false,"template":"","format":"standard","meta":{"footnotes":""},"categories":[292,16],"tags":[7497,7495,246,7496,7494,5216,7498,7499],"class_list":["post-14315","post","type-post","status-publish","format-standard","has-post-thumbnail","hentry","category-empresas","category-noticias","tag-can-am-outlander","tag-concesionario-can-am","tag-grupo-simpa","tag-ktm-duke","tag-ktm-urquiza","tag-motos-ktm","tag-vehiculos-aventura","tag-villa-urquiza"],"yoast_head":"<!-- This site is optimized with the Yoast SEO plugin v27.5 - https:\/\/yoast.com\/product\/yoast-seo-wordpress\/ -->\n<title>KTM y Can-Am estrenan casa en Villa Urquiza -<\/title>\n<meta name=\"description\" content=\"KTM y Can-Am, marcas del Grupo Simpa S.A., inauguraron un nuevo concesionario oficial en la Ciudad. La ubicada en el barrio de Villa Urquiza..\" \/>\n<meta name=\"robots\" content=\"index, follow, max-snippet:-1, max-image-preview:large, max-video-preview:-1\" \/>\n<link rel=\"canonical\" href=\"https:\/\/autofans.com.ar\/index.php\/2025\/10\/06\/ktm-y-can-am-estrenan-casa-en-villa-urquiza\/\" \/>\n<meta property=\"og:locale\" content=\"es_ES\" \/>\n<meta property=\"og:type\" content=\"article\" \/>\n<meta property=\"og:title\" content=\"KTM y Can-Am estrenan casa en Villa Urquiza -\" \/>\n<meta property=\"og:description\" content=\"KTM y Can-Am, marcas del Grupo Simpa S.A., inauguraron un nuevo concesionario oficial en la Ciudad. La ubicada en el barrio de Villa Urquiza..\" \/>\n<meta property=\"og:url\" content=\"https:\/\/autofans.com.ar\/index.php\/2025\/10\/06\/ktm-y-can-am-estrenan-casa-en-villa-urquiza\/\" \/>\n<meta property=\"article:published_time\" content=\"2025-10-06T19:57:14+00:00\" \/>\n<meta property=\"article:modified_time\" content=\"2025-10-06T20:30:16+00:00\" \/>\n<meta property=\"og:image\" content=\"https:\/\/autofans.com.ar\/wp-content\/uploads\/2025\/10\/ktm-2-2.jpg\" \/>\n\t<meta property=\"og:image:width\" content=\"1000\" \/>\n\t<meta property=\"og:image:height\" content=\"667\" \/>\n\t<meta property=\"og:image:type\" content=\"image\/jpeg\" \/>\n<meta name=\"author\" content=\"Alejandro Gabriel Rosito\" \/>\n<meta name=\"twitter:card\" content=\"summary_large_image\" \/>\n<meta name=\"twitter:label1\" content=\"Escrito por\" \/>\n\t<meta name=\"twitter:data1\" content=\"Alejandro Gabriel Rosito\" \/>\n\t<meta name=\"twitter:label2\" content=\"Tiempo de lectura\" \/>\n\t<meta name=\"twitter:data2\" content=\"2 minutos\" \/>\n<script type=\"application\/ld+json\" class=\"yoast-schema-graph\">{\"@context\":\"https:\\\/\\\/schema.org\",\"@graph\":[{\"@type\":\"Article\",\"@id\":\"https:\\\/\\\/autofans.com.ar\\\/index.php\\\/2025\\\/10\\\/06\\\/ktm-y-can-am-estrenan-casa-en-villa-urquiza\\\/#article\",\"isPartOf\":{\"@id\":\"https:\\\/\\\/autofans.com.ar\\\/index.php\\\/2025\\\/10\\\/06\\\/ktm-y-can-am-estrenan-casa-en-villa-urquiza\\\/\"},\"author\":{\"name\":\"Alejandro Gabriel Rosito\",\"@id\":\"https:\\\/\\\/autofans.com.ar\\\/#\\\/schema\\\/person\\\/4a8dda0b6df83ac3d6723e921274c2aa\"},\"headline\":\"KTM y Can-Am estrenan casa en Villa Urquiza\",\"datePublished\":\"2025-10-06T19:57:14+00:00\",\"dateModified\":\"2025-10-06T20:30:16+00:00\",\"mainEntityOfPage\":{\"@id\":\"https:\\\/\\\/autofans.com.ar\\\/index.php\\\/2025\\\/10\\\/06\\\/ktm-y-can-am-estrenan-casa-en-villa-urquiza\\\/\"},\"wordCount\":512,\"image\":{\"@id\":\"https:\\\/\\\/autofans.com.ar\\\/index.php\\\/2025\\\/10\\\/06\\\/ktm-y-can-am-estrenan-casa-en-villa-urquiza\\\/#primaryimage\"},\"thumbnailUrl\":\"https:\\\/\\\/autofans.com.ar\\\/wp-content\\\/uploads\\\/2025\\\/10\\\/ktm-2-2.jpg\",\"keywords\":[\"Can-Am Outlander\",\"concesionario Can-Am\",\"Grupo Simpa\",\"KTM Duke\",\"KTM Urquiza\",\"motos KTM\",\"veh\u00edculos aventura\",\"Villa Urquiza\"],\"articleSection\":[\"EMPRESAS\",\"NOTICIAS\"],\"inLanguage\":\"es\"},{\"@type\":\"WebPage\",\"@id\":\"https:\\\/\\\/autofans.com.ar\\\/index.php\\\/2025\\\/10\\\/06\\\/ktm-y-can-am-estrenan-casa-en-villa-urquiza\\\/\",\"url\":\"https:\\\/\\\/autofans.com.ar\\\/index.php\\\/2025\\\/10\\\/06\\\/ktm-y-can-am-estrenan-casa-en-villa-urquiza\\\/\",\"name\":\"KTM y Can-Am estrenan casa en Villa Urquiza -\",\"isPartOf\":{\"@id\":\"https:\\\/\\\/autofans.com.ar\\\/#website\"},\"primaryImageOfPage\":{\"@id\":\"https:\\\/\\\/autofans.com.ar\\\/index.php\\\/2025\\\/10\\\/06\\\/ktm-y-can-am-estrenan-casa-en-villa-urquiza\\\/#primaryimage\"},\"image\":{\"@id\":\"https:\\\/\\\/autofans.com.ar\\\/index.php\\\/2025\\\/10\\\/06\\\/ktm-y-can-am-estrenan-casa-en-villa-urquiza\\\/#primaryimage\"},\"thumbnailUrl\":\"https:\\\/\\\/autofans.com.ar\\\/wp-content\\\/uploads\\\/2025\\\/10\\\/ktm-2-2.jpg\",\"datePublished\":\"2025-10-06T19:57:14+00:00\",\"dateModified\":\"2025-10-06T20:30:16+00:00\",\"author\":{\"@id\":\"https:\\\/\\\/autofans.com.ar\\\/#\\\/schema\\\/person\\\/4a8dda0b6df83ac3d6723e921274c2aa\"},\"description\":\"KTM y Can-Am, marcas del Grupo Simpa S.A., inauguraron un nuevo concesionario oficial en la Ciudad. La ubicada en el barrio de Villa Urquiza..\",\"breadcrumb\":{\"@id\":\"https:\\\/\\\/autofans.com.ar\\\/index.php\\\/2025\\\/10\\\/06\\\/ktm-y-can-am-estrenan-casa-en-villa-urquiza\\\/#breadcrumb\"},\"inLanguage\":\"es\",\"potentialAction\":[{\"@type\":\"ReadAction\",\"target\":[\"https:\\\/\\\/autofans.com.ar\\\/index.php\\\/2025\\\/10\\\/06\\\/ktm-y-can-am-estrenan-casa-en-villa-urquiza\\\/\"]}]},{\"@type\":\"ImageObject\",\"inLanguage\":\"es\",\"@id\":\"https:\\\/\\\/autofans.com.ar\\\/index.php\\\/2025\\\/10\\\/06\\\/ktm-y-can-am-estrenan-casa-en-villa-urquiza\\\/#primaryimage\",\"url\":\"https:\\\/\\\/autofans.com.ar\\\/wp-content\\\/uploads\\\/2025\\\/10\\\/ktm-2-2.jpg\",\"contentUrl\":\"https:\\\/\\\/autofans.com.ar\\\/wp-content\\\/uploads\\\/2025\\\/10\\\/ktm-2-2.jpg\",\"width\":1000,\"height\":667,\"caption\":\"KTM\"},{\"@type\":\"BreadcrumbList\",\"@id\":\"https:\\\/\\\/autofans.com.ar\\\/index.php\\\/2025\\\/10\\\/06\\\/ktm-y-can-am-estrenan-casa-en-villa-urquiza\\\/#breadcrumb\",\"itemListElement\":[{\"@type\":\"ListItem\",\"position\":1,\"name\":\"Inicio\",\"item\":\"https:\\\/\\\/autofans.com.ar\\\/\"},{\"@type\":\"ListItem\",\"position\":2,\"name\":\"KTM y Can-Am estrenan casa en Villa Urquiza\"}]},{\"@type\":\"WebSite\",\"@id\":\"https:\\\/\\\/autofans.com.ar\\\/#website\",\"url\":\"https:\\\/\\\/autofans.com.ar\\\/\",\"name\":\"\",\"description\":\"El multimedio referente de la industria automotriz\",\"potentialAction\":[{\"@type\":\"SearchAction\",\"target\":{\"@type\":\"EntryPoint\",\"urlTemplate\":\"https:\\\/\\\/autofans.com.ar\\\/?s={search_term_string}\"},\"query-input\":{\"@type\":\"PropertyValueSpecification\",\"valueRequired\":true,\"valueName\":\"search_term_string\"}}],\"inLanguage\":\"es\"},{\"@type\":\"Person\",\"@id\":\"https:\\\/\\\/autofans.com.ar\\\/#\\\/schema\\\/person\\\/4a8dda0b6df83ac3d6723e921274c2aa\",\"name\":\"Alejandro Gabriel Rosito\",\"image\":{\"@type\":\"ImageObject\",\"inLanguage\":\"es\",\"@id\":\"https:\\\/\\\/secure.gravatar.com\\\/avatar\\\/16c5dda1489adfc62618084dcbb91cffd879c374b13fe5dd8e44ed6733852c88?s=96&d=mm&r=g\",\"url\":\"https:\\\/\\\/secure.gravatar.com\\\/avatar\\\/16c5dda1489adfc62618084dcbb91cffd879c374b13fe5dd8e44ed6733852c88?s=96&d=mm&r=g\",\"contentUrl\":\"https:\\\/\\\/secure.gravatar.com\\\/avatar\\\/16c5dda1489adfc62618084dcbb91cffd879c374b13fe5dd8e44ed6733852c88?s=96&d=mm&r=g\",\"caption\":\"Alejandro Gabriel Rosito\"},\"url\":\"https:\\\/\\\/autofans.com.ar\\\/index.php\\\/author\\\/gabrielr\\\/\"}]}<\/script>\n<!-- \/ Yoast SEO plugin. -->","yoast_head_json":{"title":"KTM y Can-Am estrenan casa en Villa Urquiza -","description":"KTM y Can-Am, marcas del Grupo Simpa S.A., inauguraron un nuevo concesionario oficial en la Ciudad. La ubicada en el barrio de Villa Urquiza..","robots":{"index":"index","follow":"follow","max-snippet":"max-snippet:-1","max-image-preview":"max-image-preview:large","max-video-preview":"max-video-preview:-1"},"canonical":"https:\/\/autofans.com.ar\/index.php\/2025\/10\/06\/ktm-y-can-am-estrenan-casa-en-villa-urquiza\/","og_locale":"es_ES","og_type":"article","og_title":"KTM y Can-Am estrenan casa en Villa Urquiza -","og_description":"KTM y Can-Am, marcas del Grupo Simpa S.A., inauguraron un nuevo concesionario oficial en la Ciudad. La ubicada en el barrio de Villa Urquiza..","og_url":"https:\/\/autofans.com.ar\/index.php\/2025\/10\/06\/ktm-y-can-am-estrenan-casa-en-villa-urquiza\/","article_published_time":"2025-10-06T19:57:14+00:00","article_modified_time":"2025-10-06T20:30:16+00:00","og_image":[{"width":1000,"height":667,"url":"https:\/\/autofans.com.ar\/wp-content\/uploads\/2025\/10\/ktm-2-2.jpg","type":"image\/jpeg"}],"author":"Alejandro Gabriel Rosito","twitter_card":"summary_large_image","twitter_misc":{"Escrito por":"Alejandro Gabriel Rosito","Tiempo de lectura":"2 minutos"},"schema":{"@context":"https:\/\/schema.org","@graph":[{"@type":"Article","@id":"https:\/\/autofans.com.ar\/index.php\/2025\/10\/06\/ktm-y-can-am-estrenan-casa-en-villa-urquiza\/#article","isPartOf":{"@id":"https:\/\/autofans.com.ar\/index.php\/2025\/10\/06\/ktm-y-can-am-estrenan-casa-en-villa-urquiza\/"},"author":{"name":"Alejandro Gabriel Rosito","@id":"https:\/\/autofans.com.ar\/#\/schema\/person\/4a8dda0b6df83ac3d6723e921274c2aa"},"headline":"KTM y Can-Am estrenan casa en Villa Urquiza","datePublished":"2025-10-06T19:57:14+00:00","dateModified":"2025-10-06T20:30:16+00:00","mainEntityOfPage":{"@id":"https:\/\/autofans.com.ar\/index.php\/2025\/10\/06\/ktm-y-can-am-estrenan-casa-en-villa-urquiza\/"},"wordCount":512,"image":{"@id":"https:\/\/autofans.com.ar\/index.php\/2025\/10\/06\/ktm-y-can-am-estrenan-casa-en-villa-urquiza\/#primaryimage"},"thumbnailUrl":"https:\/\/autofans.com.ar\/wp-content\/uploads\/2025\/10\/ktm-2-2.jpg","keywords":["Can-Am Outlander","concesionario Can-Am","Grupo Simpa","KTM Duke","KTM Urquiza","motos KTM","veh\u00edculos aventura","Villa Urquiza"],"articleSection":["EMPRESAS","NOTICIAS"],"inLanguage":"es"},{"@type":"WebPage","@id":"https:\/\/autofans.com.ar\/index.php\/2025\/10\/06\/ktm-y-can-am-estrenan-casa-en-villa-urquiza\/","url":"https:\/\/autofans.com.ar\/index.php\/2025\/10\/06\/ktm-y-can-am-estrenan-casa-en-villa-urquiza\/","name":"KTM y Can-Am estrenan casa en Villa Urquiza -","isPartOf":{"@id":"https:\/\/autofans.com.ar\/#website"},"primaryImageOfPage":{"@id":"https:\/\/autofans.com.ar\/index.php\/2025\/10\/06\/ktm-y-can-am-estrenan-casa-en-villa-urquiza\/#primaryimage"},"image":{"@id":"https:\/\/autofans.com.ar\/index.php\/2025\/10\/06\/ktm-y-can-am-estrenan-casa-en-villa-urquiza\/#primaryimage"},"thumbnailUrl":"https:\/\/autofans.com.ar\/wp-content\/uploads\/2025\/10\/ktm-2-2.jpg","datePublished":"2025-10-06T19:57:14+00:00","dateModified":"2025-10-06T20:30:16+00:00","author":{"@id":"https:\/\/autofans.com.ar\/#\/schema\/person\/4a8dda0b6df83ac3d6723e921274c2aa"},"description":"KTM y Can-Am, marcas del Grupo Simpa S.A., inauguraron un nuevo concesionario oficial en la Ciudad. La ubicada en el barrio de Villa Urquiza..","breadcrumb":{"@id":"https:\/\/autofans.com.ar\/index.php\/2025\/10\/06\/ktm-y-can-am-estrenan-casa-en-villa-urquiza\/#breadcrumb"},"inLanguage":"es","potentialAction":[{"@type":"ReadAction","target":["https:\/\/autofans.com.ar\/index.php\/2025\/10\/06\/ktm-y-can-am-estrenan-casa-en-villa-urquiza\/"]}]},{"@type":"ImageObject","inLanguage":"es","@id":"https:\/\/autofans.com.ar\/index.php\/2025\/10\/06\/ktm-y-can-am-estrenan-casa-en-villa-urquiza\/#primaryimage","url":"https:\/\/autofans.com.ar\/wp-content\/uploads\/2025\/10\/ktm-2-2.jpg","contentUrl":"https:\/\/autofans.com.ar\/wp-content\/uploads\/2025\/10\/ktm-2-2.jpg","width":1000,"height":667,"caption":"KTM"},{"@type":"BreadcrumbList","@id":"https:\/\/autofans.com.ar\/index.php\/2025\/10\/06\/ktm-y-can-am-estrenan-casa-en-villa-urquiza\/#breadcrumb","itemListElement":[{"@type":"ListItem","position":1,"name":"Inicio","item":"https:\/\/autofans.com.ar\/"},{"@type":"ListItem","position":2,"name":"KTM y Can-Am estrenan casa en Villa Urquiza"}]},{"@type":"WebSite","@id":"https:\/\/autofans.com.ar\/#website","url":"https:\/\/autofans.com.ar\/","name":"","description":"El multimedio referente de la industria automotriz","potentialAction":[{"@type":"SearchAction","target":{"@type":"EntryPoint","urlTemplate":"https:\/\/autofans.com.ar\/?s={search_term_string}"},"query-input":{"@type":"PropertyValueSpecification","valueRequired":true,"valueName":"search_term_string"}}],"inLanguage":"es"},{"@type":"Person","@id":"https:\/\/autofans.com.ar\/#\/schema\/person\/4a8dda0b6df83ac3d6723e921274c2aa","name":"Alejandro Gabriel Rosito","image":{"@type":"ImageObject","inLanguage":"es","@id":"https:\/\/secure.gravatar.com\/avatar\/16c5dda1489adfc62618084dcbb91cffd879c374b13fe5dd8e44ed6733852c88?s=96&d=mm&r=g","url":"https:\/\/secure.gravatar.com\/avatar\/16c5dda1489adfc62618084dcbb91cffd879c374b13fe5dd8e44ed6733852c88?s=96&d=mm&r=g","contentUrl":"https:\/\/secure.gravatar.com\/avatar\/16c5dda1489adfc62618084dcbb91cffd879c374b13fe5dd8e44ed6733852c88?s=96&d=mm&r=g","caption":"Alejandro Gabriel Rosito"},"url":"https:\/\/autofans.com.ar\/index.php\/author\/gabrielr\/"}]}},"featured_image_urls":{"full":["https:\/\/autofans.com.ar\/wp-content\/uploads\/2025\/10\/ktm-2-2.jpg",1000,667,false],"thumbnail":["https:\/\/autofans.com.ar\/wp-content\/uploads\/2025\/10\/ktm-2-2-150x150.jpg",150,150,true],"medium":["https:\/\/autofans.com.ar\/wp-content\/uploads\/2025\/10\/ktm-2-2-300x200.jpg",300,200,true],"medium_large":["https:\/\/autofans.com.ar\/wp-content\/uploads\/2025\/10\/ktm-2-2-768x512.jpg",640,427,true],"large":["https:\/\/autofans.com.ar\/wp-content\/uploads\/2025\/10\/ktm-2-2.jpg",640,427,false],"1536x1536":["https:\/\/autofans.com.ar\/wp-content\/uploads\/2025\/10\/ktm-2-2.jpg",1000,667,false],"2048x2048":["https:\/\/autofans.com.ar\/wp-content\/uploads\/2025\/10\/ktm-2-2.jpg",1000,667,false],"covernews-featured":["https:\/\/autofans.com.ar\/wp-content\/uploads\/2025\/10\/ktm-2-2.jpg",1000,667,false],"covernews-medium":["https:\/\/autofans.com.ar\/wp-content\/uploads\/2025\/10\/ktm-2-2-540x340.jpg",540,340,true]},"author_info":{"display_name":"Alejandro Gabriel Rosito","author_link":"https:\/\/autofans.com.ar\/index.php\/author\/gabrielr\/"},"category_info":"<a href=\"https:\/\/autofans.com.ar\/index.php\/category\/noticias\/empresas\/\" rel=\"category tag\">EMPRESAS<\/a> <a href=\"https:\/\/autofans.com.ar\/index.php\/category\/noticias\/\" rel=\"category tag\">NOTICIAS<\/a>","tag_info":"NOTICIAS","comment_count":0,"_links":{"self":[{"href":"https:\/\/autofans.com.ar\/index.php\/wp-json\/wp\/v2\/posts\/14315","targetHints":{"allow":["GET"]}}],"collection":[{"href":"https:\/\/autofans.com.ar\/index.php\/wp-json\/wp\/v2\/posts"}],"about":[{"href":"https:\/\/autofans.com.ar\/index.php\/wp-json\/wp\/v2\/types\/post"}],"author":[{"embeddable":true,"href":"https:\/\/autofans.com.ar\/index.php\/wp-json\/wp\/v2\/users\/2"}],"replies":[{"embeddable":true,"href":"https:\/\/autofans.com.ar\/index.php\/wp-json\/wp\/v2\/comments?post=14315"}],"version-history":[{"count":4,"href":"https:\/\/autofans.com.ar\/index.php\/wp-json\/wp\/v2\/posts\/14315\/revisions"}],"predecessor-version":[{"id":14338,"href":"https:\/\/autofans.com.ar\/index.php\/wp-json\/wp\/v2\/posts\/14315\/revisions\/14338"}],"wp:featuredmedia":[{"embeddable":true,"href":"https:\/\/autofans.com.ar\/index.php\/wp-json\/wp\/v2\/media\/14333"}],"wp:attachment":[{"href":"https:\/\/autofans.com.ar\/index.php\/wp-json\/wp\/v2\/media?parent=14315"}],"wp:term":[{"taxonomy":"category","embeddable":true,"href":"https:\/\/autofans.com.ar\/index.php\/wp-json\/wp\/v2\/categories?post=14315"},{"taxonomy":"post_tag","embeddable":true,"href":"https:\/\/autofans.com.ar\/index.php\/wp-json\/wp\/v2\/tags?post=14315"}],"curies":[{"name":"wp","href":"https:\/\/api.w.org\/{rel}","templated":true}]}}