{"id":14340,"date":"2025-10-06T20:33:30","date_gmt":"2025-10-06T23:33:30","guid":{"rendered":"https:\/\/autofans.com.ar\/?p=14340"},"modified":"2025-10-06T20:33:30","modified_gmt":"2025-10-06T23:33:30","slug":"citroen-revive-una-leyenda-los-nuevos-c3-y-aircross-xtr-ya-estan-en-argentina","status":"publish","type":"post","link":"https:\/\/autofans.com.ar\/index.php\/2025\/10\/06\/citroen-revive-una-leyenda-los-nuevos-c3-y-aircross-xtr-ya-estan-en-argentina\/","title":{"rendered":"Citro\u00ebn revive una leyenda, los nuevos C3 y Aircross XTR ya est\u00e1n en Argentina"},"content":{"rendered":"<p class=\"ds-markdown-paragraph\">Citro\u00ebn reactiva un nombre hist\u00f3rico en el pa\u00eds: la l\u00ednea XTR. Ahora, sobre las bases del C3 y el Aircross, propone dos versiones con personalidad propia, enfocadas en un dise\u00f1o robusto y equipamiento completo.<\/p>\n<p>&nbsp;<\/p>\n<h2 class=\"ds-markdown-paragraph\">Dise\u00f1o XTR &#8211; actitud outdoor al primer vistazo<\/h2>\n<p>&nbsp;<\/p>\n<p><img fetchpriority=\"high\" decoding=\"async\" class=\"aligncenter wp-image-14345 size-full\" src=\"https:\/\/autofans.com.ar\/wp-content\/uploads\/2025\/10\/citroen-2.jpg\" alt=\"Citro\u00ebn\" width=\"1000\" height=\"667\" srcset=\"https:\/\/autofans.com.ar\/wp-content\/uploads\/2025\/10\/citroen-2.jpg 1000w, https:\/\/autofans.com.ar\/wp-content\/uploads\/2025\/10\/citroen-2-300x200.jpg 300w, https:\/\/autofans.com.ar\/wp-content\/uploads\/2025\/10\/citroen-2-768x512.jpg 768w\" sizes=\"(max-width: 1000px) 100vw, 1000px\" \/><\/p>\n<p>&nbsp;<\/p>\n<p>&nbsp;<\/p>\n<p class=\"ds-markdown-paragraph\">La identidad de estas versiones se nota en los detalles. Llegan con acentos exclusivos en verde claro, un tono que remite a la naturaleza. Este color aparece en los emblemas, molduras y hasta en las costuras internas. Las carrocer\u00edas est\u00e1n disponibles en gris, blanco o negro, con opci\u00f3n bitono. Suman una parrilla delantera negra brillante, espejos oscurecidos y llantas de aleaci\u00f3n oscuras (15 pulgadas para el C3 y 17 para el Aircross). El Aircross XTR incluye cubiertas Pirelli Scorpion de uso mixto, pensadas para el asfalto y caminos de tierra.<\/p>\n<p>&nbsp;<\/p>\n<h2 class=\"ds-markdown-paragraph\">Interior y tecnolog\u00eda: confort y conectividad<\/h2>\n<p class=\"ds-markdown-paragraph\">Adentro, el ambiente es exclusivo. Los tapizados son oscuros con costuras verdes, creando un aire moderno. Los materiales son suaves al tacto. En tecnolog\u00eda, ambos modelos traen el sistema Citro\u00ebn Connect con pantalla de 10,25 pulgadas y conexi\u00f3n inal\u00e1mbrica para Android Auto y Apple CarPlay. El C3 XTR agrega puertos USB tipo A y C para los pasajeros de atr\u00e1s.<\/p>\n<p>&nbsp;<\/p>\n<div id='gallery-1' class='gallery galleryid-14340 gallery-columns-2 gallery-size-full'><figure class='gallery-item'>\n\t\t\t<div class='gallery-icon landscape'>\n\t\t\t\t<a href='https:\/\/autofans.com.ar\/index.php\/2025\/10\/06\/citroen-revive-una-leyenda-los-nuevos-c3-y-aircross-xtr-ya-estan-en-argentina\/citroen-1-11\/'><img loading=\"lazy\" width=\"1000\" height=\"667\" src=\"https:\/\/autofans.com.ar\/wp-content\/uploads\/2025\/10\/citroen-1.jpg\" class=\"attachment-full size-full\" alt=\"Citro\u00ebn\" srcset=\"https:\/\/autofans.com.ar\/wp-content\/uploads\/2025\/10\/citroen-1.jpg 1000w, https:\/\/autofans.com.ar\/wp-content\/uploads\/2025\/10\/citroen-1-300x200.jpg 300w, https:\/\/autofans.com.ar\/wp-content\/uploads\/2025\/10\/citroen-1-768x512.jpg 768w\" sizes=\"auto, (max-width: 1000px) 100vw, 1000px\" loading=\"lazy\" decoding=\"async\" \/><\/a>\n\t\t\t<\/div><\/figure><figure class='gallery-item'>\n\t\t\t<div class='gallery-icon landscape'>\n\t\t\t\t<a href='https:\/\/autofans.com.ar\/index.php\/2025\/10\/06\/citroen-revive-una-leyenda-los-nuevos-c3-y-aircross-xtr-ya-estan-en-argentina\/citroen-4-8\/'><img loading=\"lazy\" width=\"1000\" height=\"667\" src=\"https:\/\/autofans.com.ar\/wp-content\/uploads\/2025\/10\/citroen-4.jpg\" class=\"attachment-full size-full\" alt=\"Citro\u00ebn\" srcset=\"https:\/\/autofans.com.ar\/wp-content\/uploads\/2025\/10\/citroen-4.jpg 1000w, https:\/\/autofans.com.ar\/wp-content\/uploads\/2025\/10\/citroen-4-300x200.jpg 300w, https:\/\/autofans.com.ar\/wp-content\/uploads\/2025\/10\/citroen-4-768x512.jpg 768w\" sizes=\"auto, (max-width: 1000px) 100vw, 1000px\" loading=\"lazy\" decoding=\"async\" \/><\/a>\n\t\t\t<\/div><\/figure>\n\t\t<\/div>\n\n<p>&nbsp;<\/p>\n<p class=\"ds-markdown-paragraph\">El C3 XTR mantiene el motor 1.6 de 115 CV con caja autom\u00e1tica de 6 velocidades, una opci\u00f3n conocida por su confiabilidad. El Aircross XTR se posiciona como la versi\u00f3n tope de gama del SUV. Usa el motor Turbo 200 de 120 CV con una transmisi\u00f3n CVT autom\u00e1tica que simula siete marchas e incluye un modo Sport, buscando un manejo m\u00e1s \u00e1gil.<\/p>\n<p>&nbsp;<\/p>\n<h2 class=\"ds-markdown-paragraph\">Citro\u00ebn financiaci\u00f3n &#8211; planes para arrancar<\/h2>\n<p>&nbsp;<\/p>\n<p><img decoding=\"async\" class=\"aligncenter wp-image-14344 size-full\" src=\"https:\/\/autofans.com.ar\/wp-content\/uploads\/2025\/10\/citroen-3.jpg\" alt=\"Citro\u00ebn\" width=\"1000\" height=\"667\" srcset=\"https:\/\/autofans.com.ar\/wp-content\/uploads\/2025\/10\/citroen-3.jpg 1000w, https:\/\/autofans.com.ar\/wp-content\/uploads\/2025\/10\/citroen-3-300x200.jpg 300w, https:\/\/autofans.com.ar\/wp-content\/uploads\/2025\/10\/citroen-3-768x512.jpg 768w\" sizes=\"(max-width: 1000px) 100vw, 1000px\" \/><\/p>\n<p>&nbsp;<\/p>\n<p class=\"ds-markdown-paragraph\">El lanzamiento tiene opciones de cr\u00e9dito a trav\u00e9s de PSA Finance:<\/p>\n<ul>\n<li>\n<p class=\"ds-markdown-paragraph\">Tasa 0% a 18 meses para montos de hasta $15.000.000.<\/p>\n<\/li>\n<li>\n<p class=\"ds-markdown-paragraph\">Cr\u00e9ditos UVA a 24 meses con TNA 5,9%, hasta $22.000.000.<\/p>\n<\/li>\n<li>\n<p class=\"ds-markdown-paragraph\">L\u00ednea tradicional a 36 meses con TNA 14,9%, para sumas de hasta $26.000.000.<\/p>\n<\/li>\n<\/ul>\n<p class=\"ds-markdown-paragraph\">La vuelta de la l\u00ednea XTR marca un refuerzo en la oferta local de Citro\u00ebn, apuntando a quienes buscan un veh\u00edculo con identidad, bien equipado y adaptable a distintos ritmos de vida.<\/p>\n<p>&nbsp;<\/p>\n<p>&nbsp;<\/p>\n<p>&nbsp;<\/p>\n<p><i>Para enterarte de m\u00e1s novedades, no dejes de leer\u00a0<\/i><a href=\"https:\/\/autofans.thebrandsoup.com\/\"><i>nuestras notas<\/i><\/a><i>, de ver\u00a0<\/i><a href=\"https:\/\/www.youtube.com\/channel\/UCgAC8UGHZYbT6P7PpmVnP7g\"><i>AUTOFANS TV<\/i><\/a><i>\u00a0en nuestro\u00a0canal de Youtube. Adem\u00e1s seguinos en\u00a0<\/i><a href=\"https:\/\/www.instagram.com\/autofanstv\/\"><i>INSTAGRAM<\/i><\/a><i> y <\/i><a href=\"https:\/\/www.facebook.com\/autofansmas\/\"><i>FACEBOOK<\/i><\/a><i> para no perderte nada sobre las novedades del segmento automotor de Argentina y el mundo.<\/i><\/p>\n","protected":false},"excerpt":{"rendered":"<p>Citro\u00ebn reactiva un nombre hist\u00f3rico en el pa\u00eds: la l\u00ednea XTR. Ahora, sobre las bases&#8230;<\/p>\n","protected":false},"author":2,"featured_media":14342,"comment_status":"closed","ping_status":"closed","sticky":false,"template":"","format":"standard","meta":{"footnotes":""},"categories":[3,1],"tags":[7502,7501,7505,7500,7117,6811,2846,7506,7504,3763,7503],"class_list":["post-14340","post","type-post","status-publish","format-standard","has-post-thumbnail","hentry","category-autos","category-lanzamientos","tag-aircross-xtr","tag-c3-xtr","tag-citroen-connect","tag-citroen-xtr","tag-financiacion-auto","tag-lanzamiento-autos-argentina","tag-motor-turbo","tag-planes-de-pago","tag-suv-equipado","tag-tasa-0","tag-version-extrema"],"yoast_head":"<!-- This site is optimized with the Yoast SEO plugin v27.5 - https:\/\/yoast.com\/product\/yoast-seo-wordpress\/ -->\n<title>Citro\u00ebn revive una leyenda, los nuevos C3 y Aircross XTR ya est\u00e1n en Argentina -<\/title>\n<meta name=\"description\" content=\"Citro\u00ebn reactiva un nombre hist\u00f3rico en el pa\u00eds: la l\u00ednea XTR. Ahora, sobre las bases del C3 y el Aircross, propone dos versiones...\" \/>\n<meta name=\"robots\" content=\"index, follow, max-snippet:-1, max-image-preview:large, max-video-preview:-1\" \/>\n<link rel=\"canonical\" href=\"https:\/\/autofans.com.ar\/index.php\/2025\/10\/06\/citroen-revive-una-leyenda-los-nuevos-c3-y-aircross-xtr-ya-estan-en-argentina\/\" \/>\n<meta property=\"og:locale\" content=\"es_ES\" \/>\n<meta property=\"og:type\" content=\"article\" \/>\n<meta property=\"og:title\" content=\"Citro\u00ebn revive una leyenda, los nuevos C3 y Aircross XTR ya est\u00e1n en Argentina -\" \/>\n<meta property=\"og:description\" content=\"Citro\u00ebn reactiva un nombre hist\u00f3rico en el pa\u00eds: la l\u00ednea XTR. Ahora, sobre las bases del C3 y el Aircross, propone dos versiones...\" \/>\n<meta property=\"og:url\" content=\"https:\/\/autofans.com.ar\/index.php\/2025\/10\/06\/citroen-revive-una-leyenda-los-nuevos-c3-y-aircross-xtr-ya-estan-en-argentina\/\" \/>\n<meta property=\"article:published_time\" content=\"2025-10-06T23:33:30+00:00\" \/>\n<meta property=\"og:image\" content=\"https:\/\/autofans.com.ar\/wp-content\/uploads\/2025\/10\/citroen-5.jpg\" \/>\n\t<meta property=\"og:image:width\" content=\"1000\" \/>\n\t<meta property=\"og:image:height\" content=\"667\" \/>\n\t<meta property=\"og:image:type\" content=\"image\/jpeg\" \/>\n<meta name=\"author\" content=\"Alejandro Gabriel Rosito\" \/>\n<meta name=\"twitter:card\" content=\"summary_large_image\" \/>\n<meta name=\"twitter:label1\" content=\"Escrito por\" \/>\n\t<meta name=\"twitter:data1\" content=\"Alejandro Gabriel Rosito\" \/>\n\t<meta name=\"twitter:label2\" content=\"Tiempo de lectura\" \/>\n\t<meta name=\"twitter:data2\" content=\"3 minutos\" \/>\n<script type=\"application\/ld+json\" class=\"yoast-schema-graph\">{\"@context\":\"https:\\\/\\\/schema.org\",\"@graph\":[{\"@type\":\"Article\",\"@id\":\"https:\\\/\\\/autofans.com.ar\\\/index.php\\\/2025\\\/10\\\/06\\\/citroen-revive-una-leyenda-los-nuevos-c3-y-aircross-xtr-ya-estan-en-argentina\\\/#article\",\"isPartOf\":{\"@id\":\"https:\\\/\\\/autofans.com.ar\\\/index.php\\\/2025\\\/10\\\/06\\\/citroen-revive-una-leyenda-los-nuevos-c3-y-aircross-xtr-ya-estan-en-argentina\\\/\"},\"author\":{\"name\":\"Alejandro Gabriel Rosito\",\"@id\":\"https:\\\/\\\/autofans.com.ar\\\/#\\\/schema\\\/person\\\/4a8dda0b6df83ac3d6723e921274c2aa\"},\"headline\":\"Citro\u00ebn revive una leyenda, los nuevos C3 y Aircross XTR ya est\u00e1n en Argentina\",\"datePublished\":\"2025-10-06T23:33:30+00:00\",\"mainEntityOfPage\":{\"@id\":\"https:\\\/\\\/autofans.com.ar\\\/index.php\\\/2025\\\/10\\\/06\\\/citroen-revive-una-leyenda-los-nuevos-c3-y-aircross-xtr-ya-estan-en-argentina\\\/\"},\"wordCount\":433,\"image\":{\"@id\":\"https:\\\/\\\/autofans.com.ar\\\/index.php\\\/2025\\\/10\\\/06\\\/citroen-revive-una-leyenda-los-nuevos-c3-y-aircross-xtr-ya-estan-en-argentina\\\/#primaryimage\"},\"thumbnailUrl\":\"https:\\\/\\\/autofans.com.ar\\\/wp-content\\\/uploads\\\/2025\\\/10\\\/citroen-5.jpg\",\"keywords\":[\"Aircross XTR\",\"C3 XTR\",\"Citro\u00ebn Connect\",\"Citro\u00ebn XTR\",\"financiaci\u00f3n auto\",\"lanzamiento autos Argentina\",\"Motor turbo\",\"planes de pago.\",\"SUV equipado\",\"Tasa 0%\",\"versi\u00f3n extrema\"],\"articleSection\":[\"AUTOS y SUV\",\"LANZAMIENTOS\"],\"inLanguage\":\"es\"},{\"@type\":\"WebPage\",\"@id\":\"https:\\\/\\\/autofans.com.ar\\\/index.php\\\/2025\\\/10\\\/06\\\/citroen-revive-una-leyenda-los-nuevos-c3-y-aircross-xtr-ya-estan-en-argentina\\\/\",\"url\":\"https:\\\/\\\/autofans.com.ar\\\/index.php\\\/2025\\\/10\\\/06\\\/citroen-revive-una-leyenda-los-nuevos-c3-y-aircross-xtr-ya-estan-en-argentina\\\/\",\"name\":\"Citro\u00ebn revive una leyenda, los nuevos C3 y Aircross XTR ya est\u00e1n en Argentina -\",\"isPartOf\":{\"@id\":\"https:\\\/\\\/autofans.com.ar\\\/#website\"},\"primaryImageOfPage\":{\"@id\":\"https:\\\/\\\/autofans.com.ar\\\/index.php\\\/2025\\\/10\\\/06\\\/citroen-revive-una-leyenda-los-nuevos-c3-y-aircross-xtr-ya-estan-en-argentina\\\/#primaryimage\"},\"image\":{\"@id\":\"https:\\\/\\\/autofans.com.ar\\\/index.php\\\/2025\\\/10\\\/06\\\/citroen-revive-una-leyenda-los-nuevos-c3-y-aircross-xtr-ya-estan-en-argentina\\\/#primaryimage\"},\"thumbnailUrl\":\"https:\\\/\\\/autofans.com.ar\\\/wp-content\\\/uploads\\\/2025\\\/10\\\/citroen-5.jpg\",\"datePublished\":\"2025-10-06T23:33:30+00:00\",\"author\":{\"@id\":\"https:\\\/\\\/autofans.com.ar\\\/#\\\/schema\\\/person\\\/4a8dda0b6df83ac3d6723e921274c2aa\"},\"description\":\"Citro\u00ebn reactiva un nombre hist\u00f3rico en el pa\u00eds: la l\u00ednea XTR. Ahora, sobre las bases del C3 y el Aircross, propone dos versiones...\",\"breadcrumb\":{\"@id\":\"https:\\\/\\\/autofans.com.ar\\\/index.php\\\/2025\\\/10\\\/06\\\/citroen-revive-una-leyenda-los-nuevos-c3-y-aircross-xtr-ya-estan-en-argentina\\\/#breadcrumb\"},\"inLanguage\":\"es\",\"potentialAction\":[{\"@type\":\"ReadAction\",\"target\":[\"https:\\\/\\\/autofans.com.ar\\\/index.php\\\/2025\\\/10\\\/06\\\/citroen-revive-una-leyenda-los-nuevos-c3-y-aircross-xtr-ya-estan-en-argentina\\\/\"]}]},{\"@type\":\"ImageObject\",\"inLanguage\":\"es\",\"@id\":\"https:\\\/\\\/autofans.com.ar\\\/index.php\\\/2025\\\/10\\\/06\\\/citroen-revive-una-leyenda-los-nuevos-c3-y-aircross-xtr-ya-estan-en-argentina\\\/#primaryimage\",\"url\":\"https:\\\/\\\/autofans.com.ar\\\/wp-content\\\/uploads\\\/2025\\\/10\\\/citroen-5.jpg\",\"contentUrl\":\"https:\\\/\\\/autofans.com.ar\\\/wp-content\\\/uploads\\\/2025\\\/10\\\/citroen-5.jpg\",\"width\":1000,\"height\":667,\"caption\":\"Citro\u00ebn\"},{\"@type\":\"BreadcrumbList\",\"@id\":\"https:\\\/\\\/autofans.com.ar\\\/index.php\\\/2025\\\/10\\\/06\\\/citroen-revive-una-leyenda-los-nuevos-c3-y-aircross-xtr-ya-estan-en-argentina\\\/#breadcrumb\",\"itemListElement\":[{\"@type\":\"ListItem\",\"position\":1,\"name\":\"Inicio\",\"item\":\"https:\\\/\\\/autofans.com.ar\\\/\"},{\"@type\":\"ListItem\",\"position\":2,\"name\":\"Citro\u00ebn revive una leyenda, los nuevos C3 y Aircross XTR ya est\u00e1n en Argentina\"}]},{\"@type\":\"WebSite\",\"@id\":\"https:\\\/\\\/autofans.com.ar\\\/#website\",\"url\":\"https:\\\/\\\/autofans.com.ar\\\/\",\"name\":\"\",\"description\":\"El multimedio referente de la industria automotriz\",\"potentialAction\":[{\"@type\":\"SearchAction\",\"target\":{\"@type\":\"EntryPoint\",\"urlTemplate\":\"https:\\\/\\\/autofans.com.ar\\\/?s={search_term_string}\"},\"query-input\":{\"@type\":\"PropertyValueSpecification\",\"valueRequired\":true,\"valueName\":\"search_term_string\"}}],\"inLanguage\":\"es\"},{\"@type\":\"Person\",\"@id\":\"https:\\\/\\\/autofans.com.ar\\\/#\\\/schema\\\/person\\\/4a8dda0b6df83ac3d6723e921274c2aa\",\"name\":\"Alejandro Gabriel Rosito\",\"image\":{\"@type\":\"ImageObject\",\"inLanguage\":\"es\",\"@id\":\"https:\\\/\\\/secure.gravatar.com\\\/avatar\\\/16c5dda1489adfc62618084dcbb91cffd879c374b13fe5dd8e44ed6733852c88?s=96&d=mm&r=g\",\"url\":\"https:\\\/\\\/secure.gravatar.com\\\/avatar\\\/16c5dda1489adfc62618084dcbb91cffd879c374b13fe5dd8e44ed6733852c88?s=96&d=mm&r=g\",\"contentUrl\":\"https:\\\/\\\/secure.gravatar.com\\\/avatar\\\/16c5dda1489adfc62618084dcbb91cffd879c374b13fe5dd8e44ed6733852c88?s=96&d=mm&r=g\",\"caption\":\"Alejandro Gabriel Rosito\"},\"url\":\"https:\\\/\\\/autofans.com.ar\\\/index.php\\\/author\\\/gabrielr\\\/\"}]}<\/script>\n<!-- \/ Yoast SEO plugin. -->","yoast_head_json":{"title":"Citro\u00ebn revive una leyenda, los nuevos C3 y Aircross XTR ya est\u00e1n en Argentina -","description":"Citro\u00ebn reactiva un nombre hist\u00f3rico en el pa\u00eds: la l\u00ednea XTR. Ahora, sobre las bases del C3 y el Aircross, propone dos versiones...","robots":{"index":"index","follow":"follow","max-snippet":"max-snippet:-1","max-image-preview":"max-image-preview:large","max-video-preview":"max-video-preview:-1"},"canonical":"https:\/\/autofans.com.ar\/index.php\/2025\/10\/06\/citroen-revive-una-leyenda-los-nuevos-c3-y-aircross-xtr-ya-estan-en-argentina\/","og_locale":"es_ES","og_type":"article","og_title":"Citro\u00ebn revive una leyenda, los nuevos C3 y Aircross XTR ya est\u00e1n en Argentina -","og_description":"Citro\u00ebn reactiva un nombre hist\u00f3rico en el pa\u00eds: la l\u00ednea XTR. Ahora, sobre las bases del C3 y el Aircross, propone dos versiones...","og_url":"https:\/\/autofans.com.ar\/index.php\/2025\/10\/06\/citroen-revive-una-leyenda-los-nuevos-c3-y-aircross-xtr-ya-estan-en-argentina\/","article_published_time":"2025-10-06T23:33:30+00:00","og_image":[{"width":1000,"height":667,"url":"https:\/\/autofans.com.ar\/wp-content\/uploads\/2025\/10\/citroen-5.jpg","type":"image\/jpeg"}],"author":"Alejandro Gabriel Rosito","twitter_card":"summary_large_image","twitter_misc":{"Escrito por":"Alejandro Gabriel Rosito","Tiempo de lectura":"3 minutos"},"schema":{"@context":"https:\/\/schema.org","@graph":[{"@type":"Article","@id":"https:\/\/autofans.com.ar\/index.php\/2025\/10\/06\/citroen-revive-una-leyenda-los-nuevos-c3-y-aircross-xtr-ya-estan-en-argentina\/#article","isPartOf":{"@id":"https:\/\/autofans.com.ar\/index.php\/2025\/10\/06\/citroen-revive-una-leyenda-los-nuevos-c3-y-aircross-xtr-ya-estan-en-argentina\/"},"author":{"name":"Alejandro Gabriel Rosito","@id":"https:\/\/autofans.com.ar\/#\/schema\/person\/4a8dda0b6df83ac3d6723e921274c2aa"},"headline":"Citro\u00ebn revive una leyenda, los nuevos C3 y Aircross XTR ya est\u00e1n en Argentina","datePublished":"2025-10-06T23:33:30+00:00","mainEntityOfPage":{"@id":"https:\/\/autofans.com.ar\/index.php\/2025\/10\/06\/citroen-revive-una-leyenda-los-nuevos-c3-y-aircross-xtr-ya-estan-en-argentina\/"},"wordCount":433,"image":{"@id":"https:\/\/autofans.com.ar\/index.php\/2025\/10\/06\/citroen-revive-una-leyenda-los-nuevos-c3-y-aircross-xtr-ya-estan-en-argentina\/#primaryimage"},"thumbnailUrl":"https:\/\/autofans.com.ar\/wp-content\/uploads\/2025\/10\/citroen-5.jpg","keywords":["Aircross XTR","C3 XTR","Citro\u00ebn Connect","Citro\u00ebn XTR","financiaci\u00f3n auto","lanzamiento autos Argentina","Motor turbo","planes de pago.","SUV equipado","Tasa 0%","versi\u00f3n extrema"],"articleSection":["AUTOS y SUV","LANZAMIENTOS"],"inLanguage":"es"},{"@type":"WebPage","@id":"https:\/\/autofans.com.ar\/index.php\/2025\/10\/06\/citroen-revive-una-leyenda-los-nuevos-c3-y-aircross-xtr-ya-estan-en-argentina\/","url":"https:\/\/autofans.com.ar\/index.php\/2025\/10\/06\/citroen-revive-una-leyenda-los-nuevos-c3-y-aircross-xtr-ya-estan-en-argentina\/","name":"Citro\u00ebn revive una leyenda, los nuevos C3 y Aircross XTR ya est\u00e1n en Argentina -","isPartOf":{"@id":"https:\/\/autofans.com.ar\/#website"},"primaryImageOfPage":{"@id":"https:\/\/autofans.com.ar\/index.php\/2025\/10\/06\/citroen-revive-una-leyenda-los-nuevos-c3-y-aircross-xtr-ya-estan-en-argentina\/#primaryimage"},"image":{"@id":"https:\/\/autofans.com.ar\/index.php\/2025\/10\/06\/citroen-revive-una-leyenda-los-nuevos-c3-y-aircross-xtr-ya-estan-en-argentina\/#primaryimage"},"thumbnailUrl":"https:\/\/autofans.com.ar\/wp-content\/uploads\/2025\/10\/citroen-5.jpg","datePublished":"2025-10-06T23:33:30+00:00","author":{"@id":"https:\/\/autofans.com.ar\/#\/schema\/person\/4a8dda0b6df83ac3d6723e921274c2aa"},"description":"Citro\u00ebn reactiva un nombre hist\u00f3rico en el pa\u00eds: la l\u00ednea XTR. Ahora, sobre las bases del C3 y el Aircross, propone dos versiones...","breadcrumb":{"@id":"https:\/\/autofans.com.ar\/index.php\/2025\/10\/06\/citroen-revive-una-leyenda-los-nuevos-c3-y-aircross-xtr-ya-estan-en-argentina\/#breadcrumb"},"inLanguage":"es","potentialAction":[{"@type":"ReadAction","target":["https:\/\/autofans.com.ar\/index.php\/2025\/10\/06\/citroen-revive-una-leyenda-los-nuevos-c3-y-aircross-xtr-ya-estan-en-argentina\/"]}]},{"@type":"ImageObject","inLanguage":"es","@id":"https:\/\/autofans.com.ar\/index.php\/2025\/10\/06\/citroen-revive-una-leyenda-los-nuevos-c3-y-aircross-xtr-ya-estan-en-argentina\/#primaryimage","url":"https:\/\/autofans.com.ar\/wp-content\/uploads\/2025\/10\/citroen-5.jpg","contentUrl":"https:\/\/autofans.com.ar\/wp-content\/uploads\/2025\/10\/citroen-5.jpg","width":1000,"height":667,"caption":"Citro\u00ebn"},{"@type":"BreadcrumbList","@id":"https:\/\/autofans.com.ar\/index.php\/2025\/10\/06\/citroen-revive-una-leyenda-los-nuevos-c3-y-aircross-xtr-ya-estan-en-argentina\/#breadcrumb","itemListElement":[{"@type":"ListItem","position":1,"name":"Inicio","item":"https:\/\/autofans.com.ar\/"},{"@type":"ListItem","position":2,"name":"Citro\u00ebn revive una leyenda, los nuevos C3 y Aircross XTR ya est\u00e1n en Argentina"}]},{"@type":"WebSite","@id":"https:\/\/autofans.com.ar\/#website","url":"https:\/\/autofans.com.ar\/","name":"","description":"El multimedio referente de la industria automotriz","potentialAction":[{"@type":"SearchAction","target":{"@type":"EntryPoint","urlTemplate":"https:\/\/autofans.com.ar\/?s={search_term_string}"},"query-input":{"@type":"PropertyValueSpecification","valueRequired":true,"valueName":"search_term_string"}}],"inLanguage":"es"},{"@type":"Person","@id":"https:\/\/autofans.com.ar\/#\/schema\/person\/4a8dda0b6df83ac3d6723e921274c2aa","name":"Alejandro Gabriel Rosito","image":{"@type":"ImageObject","inLanguage":"es","@id":"https:\/\/secure.gravatar.com\/avatar\/16c5dda1489adfc62618084dcbb91cffd879c374b13fe5dd8e44ed6733852c88?s=96&d=mm&r=g","url":"https:\/\/secure.gravatar.com\/avatar\/16c5dda1489adfc62618084dcbb91cffd879c374b13fe5dd8e44ed6733852c88?s=96&d=mm&r=g","contentUrl":"https:\/\/secure.gravatar.com\/avatar\/16c5dda1489adfc62618084dcbb91cffd879c374b13fe5dd8e44ed6733852c88?s=96&d=mm&r=g","caption":"Alejandro Gabriel Rosito"},"url":"https:\/\/autofans.com.ar\/index.php\/author\/gabrielr\/"}]}},"featured_image_urls":{"full":["https:\/\/autofans.com.ar\/wp-content\/uploads\/2025\/10\/citroen-5.jpg",1000,667,false],"thumbnail":["https:\/\/autofans.com.ar\/wp-content\/uploads\/2025\/10\/citroen-5-150x150.jpg",150,150,true],"medium":["https:\/\/autofans.com.ar\/wp-content\/uploads\/2025\/10\/citroen-5-300x200.jpg",300,200,true],"medium_large":["https:\/\/autofans.com.ar\/wp-content\/uploads\/2025\/10\/citroen-5-768x512.jpg",640,427,true],"large":["https:\/\/autofans.com.ar\/wp-content\/uploads\/2025\/10\/citroen-5.jpg",640,427,false],"1536x1536":["https:\/\/autofans.com.ar\/wp-content\/uploads\/2025\/10\/citroen-5.jpg",1000,667,false],"2048x2048":["https:\/\/autofans.com.ar\/wp-content\/uploads\/2025\/10\/citroen-5.jpg",1000,667,false],"covernews-featured":["https:\/\/autofans.com.ar\/wp-content\/uploads\/2025\/10\/citroen-5.jpg",1000,667,false],"covernews-medium":["https:\/\/autofans.com.ar\/wp-content\/uploads\/2025\/10\/citroen-5-540x340.jpg",540,340,true]},"author_info":{"display_name":"Alejandro Gabriel Rosito","author_link":"https:\/\/autofans.com.ar\/index.php\/author\/gabrielr\/"},"category_info":"<a href=\"https:\/\/autofans.com.ar\/index.php\/category\/noticias\/autos\/\" rel=\"category tag\">AUTOS y SUV<\/a> <a href=\"https:\/\/autofans.com.ar\/index.php\/category\/lanzamientos\/\" rel=\"category tag\">LANZAMIENTOS<\/a>","tag_info":"LANZAMIENTOS","comment_count":0,"_links":{"self":[{"href":"https:\/\/autofans.com.ar\/index.php\/wp-json\/wp\/v2\/posts\/14340","targetHints":{"allow":["GET"]}}],"collection":[{"href":"https:\/\/autofans.com.ar\/index.php\/wp-json\/wp\/v2\/posts"}],"about":[{"href":"https:\/\/autofans.com.ar\/index.php\/wp-json\/wp\/v2\/types\/post"}],"author":[{"embeddable":true,"href":"https:\/\/autofans.com.ar\/index.php\/wp-json\/wp\/v2\/users\/2"}],"replies":[{"embeddable":true,"href":"https:\/\/autofans.com.ar\/index.php\/wp-json\/wp\/v2\/comments?post=14340"}],"version-history":[{"count":2,"href":"https:\/\/autofans.com.ar\/index.php\/wp-json\/wp\/v2\/posts\/14340\/revisions"}],"predecessor-version":[{"id":14347,"href":"https:\/\/autofans.com.ar\/index.php\/wp-json\/wp\/v2\/posts\/14340\/revisions\/14347"}],"wp:featuredmedia":[{"embeddable":true,"href":"https:\/\/autofans.com.ar\/index.php\/wp-json\/wp\/v2\/media\/14342"}],"wp:attachment":[{"href":"https:\/\/autofans.com.ar\/index.php\/wp-json\/wp\/v2\/media?parent=14340"}],"wp:term":[{"taxonomy":"category","embeddable":true,"href":"https:\/\/autofans.com.ar\/index.php\/wp-json\/wp\/v2\/categories?post=14340"},{"taxonomy":"post_tag","embeddable":true,"href":"https:\/\/autofans.com.ar\/index.php\/wp-json\/wp\/v2\/tags?post=14340"}],"curies":[{"name":"wp","href":"https:\/\/api.w.org\/{rel}","templated":true}]}}