{"id":14356,"date":"2025-10-07T19:10:10","date_gmt":"2025-10-07T22:10:10","guid":{"rendered":"https:\/\/autofans.com.ar\/?p=14356"},"modified":"2025-10-07T19:14:30","modified_gmt":"2025-10-07T22:14:30","slug":"citroen-lanza-el-basalt-dark-edition","status":"publish","type":"post","link":"https:\/\/autofans.com.ar\/index.php\/2025\/10\/07\/citroen-lanza-el-basalt-dark-edition\/","title":{"rendered":"Citro\u00ebn lanza el Basalt Dark Edition"},"content":{"rendered":"<p class=\"ds-markdown-paragraph\">Citro\u00ebn Argentina present\u00f3 el Basalt Dark Edition, la versi\u00f3n tope de gama de su SUV. Este modelo combina una est\u00e9tica oscura con toques de color que potencian su car\u00e1cter urbano y sofisticado.<\/p>\n<p>&nbsp;<\/p>\n<h2 class=\"ds-markdown-paragraph\">Dise\u00f1o exterior &#8211; actitud oscura con un toque de color<\/h2>\n<p>&nbsp;<\/p>\n<p><img fetchpriority=\"high\" decoding=\"async\" class=\"aligncenter wp-image-14360 size-full\" src=\"https:\/\/autofans.com.ar\/wp-content\/uploads\/2025\/10\/basalt-3.jpg\" alt=\"Basalt\" width=\"1000\" height=\"667\" srcset=\"https:\/\/autofans.com.ar\/wp-content\/uploads\/2025\/10\/basalt-3.jpg 1000w, https:\/\/autofans.com.ar\/wp-content\/uploads\/2025\/10\/basalt-3-300x200.jpg 300w, https:\/\/autofans.com.ar\/wp-content\/uploads\/2025\/10\/basalt-3-768x512.jpg 768w\" sizes=\"(max-width: 1000px) 100vw, 1000px\" \/><\/p>\n<p>&nbsp;<\/p>\n<p class=\"ds-markdown-paragraph\">La propuesta refuerza su look con llantas de aleaci\u00f3n de 16\u201d negras, emblemas oscurecidos y pedales deportivos. El detalle m\u00e1s distintivo es un spoiler trasero con acentos en \u201cAndr\u00e9 Red\u201d, un homenaje al fundador de la marca.<\/p>\n<p class=\"ds-markdown-paragraph\">Esta edici\u00f3n se ofrece en el exclusivo color Sting Grey con techo negro, sum\u00e1ndose a las opciones Negro Perla Nera, Gris Grafito y Gris Artense.<\/p>\n<p>&nbsp;<\/p>\n<h2 class=\"ds-markdown-paragraph\">Interior &#8211; tecnolog\u00eda y confort en un ambiente oscurecido<\/h2>\n<p class=\"ds-markdown-paragraph\">El habit\u00e1culo refleja el esp\u00edritu Dark Edition con una atm\u00f3sfera predominantemente oscura. Las costuras rojas en los asientos y la palanca de cambios aportan un contraste vibrante.<\/p>\n<p>&nbsp;<\/p>\n<div id='gallery-1' class='gallery galleryid-14356 gallery-columns-2 gallery-size-full'><figure class='gallery-item'>\n\t\t\t<div class='gallery-icon landscape'>\n\t\t\t\t<a href='https:\/\/autofans.com.ar\/index.php\/2025\/10\/07\/citroen-lanza-el-basalt-dark-edition\/basalt-2-2\/'><img loading=\"lazy\" width=\"1000\" height=\"667\" src=\"https:\/\/autofans.com.ar\/wp-content\/uploads\/2025\/10\/basalt-2.jpg\" class=\"attachment-full size-full\" alt=\"Basalt\" srcset=\"https:\/\/autofans.com.ar\/wp-content\/uploads\/2025\/10\/basalt-2.jpg 1000w, https:\/\/autofans.com.ar\/wp-content\/uploads\/2025\/10\/basalt-2-300x200.jpg 300w, https:\/\/autofans.com.ar\/wp-content\/uploads\/2025\/10\/basalt-2-768x512.jpg 768w\" sizes=\"auto, (max-width: 1000px) 100vw, 1000px\" loading=\"lazy\" decoding=\"async\" \/><\/a>\n\t\t\t<\/div><\/figure><figure class='gallery-item'>\n\t\t\t<div class='gallery-icon landscape'>\n\t\t\t\t<a href='https:\/\/autofans.com.ar\/index.php\/2025\/10\/07\/citroen-lanza-el-basalt-dark-edition\/basalt-5-2\/'><img loading=\"lazy\" width=\"1000\" height=\"667\" src=\"https:\/\/autofans.com.ar\/wp-content\/uploads\/2025\/10\/basalt-5.jpg\" class=\"attachment-full size-full\" alt=\"Basalt\" srcset=\"https:\/\/autofans.com.ar\/wp-content\/uploads\/2025\/10\/basalt-5.jpg 1000w, https:\/\/autofans.com.ar\/wp-content\/uploads\/2025\/10\/basalt-5-300x200.jpg 300w, https:\/\/autofans.com.ar\/wp-content\/uploads\/2025\/10\/basalt-5-768x512.jpg 768w\" sizes=\"auto, (max-width: 1000px) 100vw, 1000px\" loading=\"lazy\" decoding=\"async\" \/><\/a>\n\t\t\t<\/div><\/figure>\n\t\t<\/div>\n\n<p>&nbsp;<\/p>\n<p class=\"ds-markdown-paragraph\">El cuadro de instrumentos es digital TFT de 7\u201d y el centro multimedia Citro\u00ebn Connect Touchscreen de 10,25\u201d presenta un nuevo borde ultrafino. Incluye conectividad Android Auto y Apple CarPlay, un puerto USB Tipo A y dos puertos USB Tipo C de carga r\u00e1pida para los pasajeros traseros.<\/p>\n<p>&nbsp;<\/p>\n<hr \/>\n<div style=\"display: flex; justify-content: center; width: 100%;\">\n<div style=\"display: flex; align-items: center; justify-content: space-between; background: #f0f2f5; padding: 3px 92px; border-radius: 0px; box-shadow: 0 4px 10px rgba(0, 0, 0, 0.08); margin: 24px 0; max-width: 700px;\">\n<div style=\"flex: 1;\"><a style=\"font-size: 18px; color: #921414; font-weight: bold; text-decoration: underline;\" href=\"https:\/\/autofans.com.ar\/wp-content\/uploads\/2025\/10\/20251006_ft_basalt.pdf\" target=\"_blank\" rel=\"noopener\"><br \/>\n\u2192 Ficha T\u00e9cnica Basalt Dark Edition<br \/>\n<\/a><a style=\"font-size: 18px; color: #007bff; font-weight: 1200; text-decoration: underline;\" href=\"https:\/\/autofans.com.ar\/wp-content\/uploads\/2025\/05\/ftmy26argo-681166d8eb8a6.pdf\" target=\"_blank\" rel=\"noopener\"><br \/>\n<\/a><\/div>\n<div style=\"margin-left: 46px;\"><img decoding=\"async\" class=\"alignright\" style=\"height: 20px; width: auto;\" src=\"https:\/\/autofans.com.ar\/wp-content\/uploads\/2023\/02\/Autofans_600x102_150px5.png\" alt=\"Logo Autofans\" width=\"1200\" height=\"137\" \/><\/div>\n<\/div>\n<\/div>\n<hr \/>\n<p>&nbsp;<\/p>\n<h2 class=\"ds-markdown-paragraph\">Motorizaci\u00f3n y performance del Basalt Dark Edition<\/h2>\n<p class=\"ds-markdown-paragraph\">El modelo cuenta con el motor Turbo 200, que entrega 120 CV y un par de 200 Nm. Est\u00e1 asociado a una transmisi\u00f3n autom\u00e1tica CVT de siete marchas con tres modos de conducci\u00f3n, logrando una aceleraci\u00f3n de 0 a 100 km\/h en 10 segundos.<\/p>\n<p>&nbsp;<\/p>\n<p class=\"ds-markdown-paragraph\"><img decoding=\"async\" class=\"aligncenter wp-image-14359 size-full\" src=\"https:\/\/autofans.com.ar\/wp-content\/uploads\/2025\/10\/basalt-4.jpg\" alt=\"Basalt\" width=\"1000\" height=\"667\" srcset=\"https:\/\/autofans.com.ar\/wp-content\/uploads\/2025\/10\/basalt-4.jpg 1000w, https:\/\/autofans.com.ar\/wp-content\/uploads\/2025\/10\/basalt-4-300x200.jpg 300w, https:\/\/autofans.com.ar\/wp-content\/uploads\/2025\/10\/basalt-4-768x512.jpg 768w\" sizes=\"(max-width: 1000px) 100vw, 1000px\" \/><\/p>\n<p>&nbsp;<\/p>\n<p class=\"ds-markdown-paragraph\">La marca ofrece planes de financiaci\u00f3n a trav\u00e9s de PSA Finance:<\/p>\n<ul>\n<li>\n<p class=\"ds-markdown-paragraph\">Tasa Express: $15.000.000 con TNA 0,0% hasta 18 meses.<\/p>\n<\/li>\n<li>\n<p class=\"ds-markdown-paragraph\">Cr\u00e9ditos UVA: Hasta $26.000.000 con tasas desde 5,9% a 24 meses.<\/p>\n<\/li>\n<\/ul>\n<p class=\"ds-markdown-paragraph\">Como respaldo, el modelo incluye una garant\u00eda de 3 a\u00f1os o 100.000 km. Adem\u00e1s, los clientes pueden acceder a Citro\u00ebn FlexCare, un programa con planes de mantenimiento anticipado y garant\u00eda extendida.<\/p>\n<p class=\"ds-markdown-paragraph\">El modelo tiene un precio de venta de $36.040.000 (IVA incluido).<\/p>\n<p>&nbsp;<\/p>\n<p>&nbsp;<\/p>\n<p>&nbsp;<\/p>\n<p><i>Para enterarte de m\u00e1s novedades, no dejes de leer\u00a0<\/i><a href=\"https:\/\/autofans.thebrandsoup.com\/\"><i>nuestras notas<\/i><\/a><i>, de ver\u00a0<\/i><a href=\"https:\/\/www.youtube.com\/channel\/UCgAC8UGHZYbT6P7PpmVnP7g\"><i>AUTOFANS TV<\/i><\/a><i>\u00a0en nuestro\u00a0canal de Youtube. Adem\u00e1s seguinos en\u00a0<\/i><a href=\"https:\/\/www.instagram.com\/autofanstv\/\"><i>INSTAGRAM<\/i><\/a><i> y <\/i><a href=\"https:\/\/www.facebook.com\/autofansmas\/\"><i>FACEBOOK<\/i><\/a><i> para no perderte nada sobre las novedades del segmento automotor de Argentina y el mundo.<\/i><\/p>\n","protected":false},"excerpt":{"rendered":"<p>Citro\u00ebn Argentina present\u00f3 el Basalt Dark Edition, la versi\u00f3n tope de gama de su SUV&#8230;.<\/p>\n","protected":false},"author":2,"featured_media":14362,"comment_status":"closed","ping_status":"closed","sticky":false,"template":"","format":"standard","meta":{"footnotes":""},"categories":[3,1],"tags":[7519,7516,207,7515,7505,7117,7517,6633,6663,7518],"class_list":["post-14356","post","type-post","status-publish","format-standard","has-post-thumbnail","hentry","category-autos","category-lanzamientos","tag-andre-red","tag-auto-urbano","tag-citroen-argentina","tag-citroen-basalt-dark-edition","tag-citroen-connect","tag-financiacion-auto","tag-motor-turbo-200","tag-precios-de-autos-2024","tag-suv-citroen","tag-version-tope-de-gama"],"yoast_head":"<!-- This site is optimized with the Yoast SEO plugin v27.5 - https:\/\/yoast.com\/product\/yoast-seo-wordpress\/ -->\n<title>Citro\u00ebn lanza el Basalt Dark Edition -<\/title>\n<meta name=\"description\" content=\"Citro\u00ebn Argentina present\u00f3 el Basalt Dark Edition, la versi\u00f3n tope de gama. Este modelo combina una est\u00e9tica oscura con toques de color...\" \/>\n<meta name=\"robots\" content=\"index, follow, max-snippet:-1, max-image-preview:large, max-video-preview:-1\" \/>\n<link rel=\"canonical\" href=\"https:\/\/autofans.com.ar\/index.php\/2025\/10\/07\/citroen-lanza-el-basalt-dark-edition\/\" \/>\n<meta property=\"og:locale\" content=\"es_ES\" \/>\n<meta property=\"og:type\" content=\"article\" \/>\n<meta property=\"og:title\" content=\"Citro\u00ebn lanza el Basalt Dark Edition -\" \/>\n<meta property=\"og:description\" content=\"Citro\u00ebn Argentina present\u00f3 el Basalt Dark Edition, la versi\u00f3n tope de gama. Este modelo combina una est\u00e9tica oscura con toques de color...\" \/>\n<meta property=\"og:url\" content=\"https:\/\/autofans.com.ar\/index.php\/2025\/10\/07\/citroen-lanza-el-basalt-dark-edition\/\" \/>\n<meta property=\"article:published_time\" content=\"2025-10-07T22:10:10+00:00\" \/>\n<meta property=\"article:modified_time\" content=\"2025-10-07T22:14:30+00:00\" \/>\n<meta property=\"og:image\" content=\"https:\/\/autofans.com.ar\/wp-content\/uploads\/2025\/10\/basalt-1.jpg\" \/>\n\t<meta property=\"og:image:width\" content=\"1000\" \/>\n\t<meta property=\"og:image:height\" content=\"667\" \/>\n\t<meta property=\"og:image:type\" content=\"image\/jpeg\" \/>\n<meta name=\"author\" content=\"Alejandro Gabriel Rosito\" \/>\n<meta name=\"twitter:card\" content=\"summary_large_image\" \/>\n<meta name=\"twitter:label1\" content=\"Escrito por\" \/>\n\t<meta name=\"twitter:data1\" content=\"Alejandro Gabriel Rosito\" \/>\n\t<meta name=\"twitter:label2\" content=\"Tiempo de lectura\" \/>\n\t<meta name=\"twitter:data2\" content=\"3 minutos\" \/>\n<script type=\"application\/ld+json\" class=\"yoast-schema-graph\">{\"@context\":\"https:\\\/\\\/schema.org\",\"@graph\":[{\"@type\":\"Article\",\"@id\":\"https:\\\/\\\/autofans.com.ar\\\/index.php\\\/2025\\\/10\\\/07\\\/citroen-lanza-el-basalt-dark-edition\\\/#article\",\"isPartOf\":{\"@id\":\"https:\\\/\\\/autofans.com.ar\\\/index.php\\\/2025\\\/10\\\/07\\\/citroen-lanza-el-basalt-dark-edition\\\/\"},\"author\":{\"name\":\"Alejandro Gabriel Rosito\",\"@id\":\"https:\\\/\\\/autofans.com.ar\\\/#\\\/schema\\\/person\\\/4a8dda0b6df83ac3d6723e921274c2aa\"},\"headline\":\"Citro\u00ebn lanza el Basalt Dark Edition\",\"datePublished\":\"2025-10-07T22:10:10+00:00\",\"dateModified\":\"2025-10-07T22:14:30+00:00\",\"mainEntityOfPage\":{\"@id\":\"https:\\\/\\\/autofans.com.ar\\\/index.php\\\/2025\\\/10\\\/07\\\/citroen-lanza-el-basalt-dark-edition\\\/\"},\"wordCount\":397,\"image\":{\"@id\":\"https:\\\/\\\/autofans.com.ar\\\/index.php\\\/2025\\\/10\\\/07\\\/citroen-lanza-el-basalt-dark-edition\\\/#primaryimage\"},\"thumbnailUrl\":\"https:\\\/\\\/autofans.com.ar\\\/wp-content\\\/uploads\\\/2025\\\/10\\\/basalt-1.jpg\",\"keywords\":[\"Andr\u00e9 Red\",\"auto urbano\",\"Citroen Argentina\",\"Citro\u00ebn Basalt Dark Edition\",\"Citro\u00ebn Connect\",\"financiaci\u00f3n auto\",\"motor Turbo 200\",\"precios de autos 2024\",\"SUV Citro\u00ebn\",\"versi\u00f3n tope de gama\"],\"articleSection\":[\"AUTOS y SUV\",\"LANZAMIENTOS\"],\"inLanguage\":\"es\"},{\"@type\":\"WebPage\",\"@id\":\"https:\\\/\\\/autofans.com.ar\\\/index.php\\\/2025\\\/10\\\/07\\\/citroen-lanza-el-basalt-dark-edition\\\/\",\"url\":\"https:\\\/\\\/autofans.com.ar\\\/index.php\\\/2025\\\/10\\\/07\\\/citroen-lanza-el-basalt-dark-edition\\\/\",\"name\":\"Citro\u00ebn lanza el Basalt Dark Edition -\",\"isPartOf\":{\"@id\":\"https:\\\/\\\/autofans.com.ar\\\/#website\"},\"primaryImageOfPage\":{\"@id\":\"https:\\\/\\\/autofans.com.ar\\\/index.php\\\/2025\\\/10\\\/07\\\/citroen-lanza-el-basalt-dark-edition\\\/#primaryimage\"},\"image\":{\"@id\":\"https:\\\/\\\/autofans.com.ar\\\/index.php\\\/2025\\\/10\\\/07\\\/citroen-lanza-el-basalt-dark-edition\\\/#primaryimage\"},\"thumbnailUrl\":\"https:\\\/\\\/autofans.com.ar\\\/wp-content\\\/uploads\\\/2025\\\/10\\\/basalt-1.jpg\",\"datePublished\":\"2025-10-07T22:10:10+00:00\",\"dateModified\":\"2025-10-07T22:14:30+00:00\",\"author\":{\"@id\":\"https:\\\/\\\/autofans.com.ar\\\/#\\\/schema\\\/person\\\/4a8dda0b6df83ac3d6723e921274c2aa\"},\"description\":\"Citro\u00ebn Argentina present\u00f3 el Basalt Dark Edition, la versi\u00f3n tope de gama. Este modelo combina una est\u00e9tica oscura con toques de color...\",\"breadcrumb\":{\"@id\":\"https:\\\/\\\/autofans.com.ar\\\/index.php\\\/2025\\\/10\\\/07\\\/citroen-lanza-el-basalt-dark-edition\\\/#breadcrumb\"},\"inLanguage\":\"es\",\"potentialAction\":[{\"@type\":\"ReadAction\",\"target\":[\"https:\\\/\\\/autofans.com.ar\\\/index.php\\\/2025\\\/10\\\/07\\\/citroen-lanza-el-basalt-dark-edition\\\/\"]}]},{\"@type\":\"ImageObject\",\"inLanguage\":\"es\",\"@id\":\"https:\\\/\\\/autofans.com.ar\\\/index.php\\\/2025\\\/10\\\/07\\\/citroen-lanza-el-basalt-dark-edition\\\/#primaryimage\",\"url\":\"https:\\\/\\\/autofans.com.ar\\\/wp-content\\\/uploads\\\/2025\\\/10\\\/basalt-1.jpg\",\"contentUrl\":\"https:\\\/\\\/autofans.com.ar\\\/wp-content\\\/uploads\\\/2025\\\/10\\\/basalt-1.jpg\",\"width\":1000,\"height\":667,\"caption\":\"Basalt\"},{\"@type\":\"BreadcrumbList\",\"@id\":\"https:\\\/\\\/autofans.com.ar\\\/index.php\\\/2025\\\/10\\\/07\\\/citroen-lanza-el-basalt-dark-edition\\\/#breadcrumb\",\"itemListElement\":[{\"@type\":\"ListItem\",\"position\":1,\"name\":\"Inicio\",\"item\":\"https:\\\/\\\/autofans.com.ar\\\/\"},{\"@type\":\"ListItem\",\"position\":2,\"name\":\"Citro\u00ebn lanza el Basalt Dark Edition\"}]},{\"@type\":\"WebSite\",\"@id\":\"https:\\\/\\\/autofans.com.ar\\\/#website\",\"url\":\"https:\\\/\\\/autofans.com.ar\\\/\",\"name\":\"\",\"description\":\"El multimedio referente de la industria automotriz\",\"potentialAction\":[{\"@type\":\"SearchAction\",\"target\":{\"@type\":\"EntryPoint\",\"urlTemplate\":\"https:\\\/\\\/autofans.com.ar\\\/?s={search_term_string}\"},\"query-input\":{\"@type\":\"PropertyValueSpecification\",\"valueRequired\":true,\"valueName\":\"search_term_string\"}}],\"inLanguage\":\"es\"},{\"@type\":\"Person\",\"@id\":\"https:\\\/\\\/autofans.com.ar\\\/#\\\/schema\\\/person\\\/4a8dda0b6df83ac3d6723e921274c2aa\",\"name\":\"Alejandro Gabriel Rosito\",\"image\":{\"@type\":\"ImageObject\",\"inLanguage\":\"es\",\"@id\":\"https:\\\/\\\/secure.gravatar.com\\\/avatar\\\/16c5dda1489adfc62618084dcbb91cffd879c374b13fe5dd8e44ed6733852c88?s=96&d=mm&r=g\",\"url\":\"https:\\\/\\\/secure.gravatar.com\\\/avatar\\\/16c5dda1489adfc62618084dcbb91cffd879c374b13fe5dd8e44ed6733852c88?s=96&d=mm&r=g\",\"contentUrl\":\"https:\\\/\\\/secure.gravatar.com\\\/avatar\\\/16c5dda1489adfc62618084dcbb91cffd879c374b13fe5dd8e44ed6733852c88?s=96&d=mm&r=g\",\"caption\":\"Alejandro Gabriel Rosito\"},\"url\":\"https:\\\/\\\/autofans.com.ar\\\/index.php\\\/author\\\/gabrielr\\\/\"}]}<\/script>\n<!-- \/ Yoast SEO plugin. -->","yoast_head_json":{"title":"Citro\u00ebn lanza el Basalt Dark Edition -","description":"Citro\u00ebn Argentina present\u00f3 el Basalt Dark Edition, la versi\u00f3n tope de gama. Este modelo combina una est\u00e9tica oscura con toques de color...","robots":{"index":"index","follow":"follow","max-snippet":"max-snippet:-1","max-image-preview":"max-image-preview:large","max-video-preview":"max-video-preview:-1"},"canonical":"https:\/\/autofans.com.ar\/index.php\/2025\/10\/07\/citroen-lanza-el-basalt-dark-edition\/","og_locale":"es_ES","og_type":"article","og_title":"Citro\u00ebn lanza el Basalt Dark Edition -","og_description":"Citro\u00ebn Argentina present\u00f3 el Basalt Dark Edition, la versi\u00f3n tope de gama. Este modelo combina una est\u00e9tica oscura con toques de color...","og_url":"https:\/\/autofans.com.ar\/index.php\/2025\/10\/07\/citroen-lanza-el-basalt-dark-edition\/","article_published_time":"2025-10-07T22:10:10+00:00","article_modified_time":"2025-10-07T22:14:30+00:00","og_image":[{"width":1000,"height":667,"url":"https:\/\/autofans.com.ar\/wp-content\/uploads\/2025\/10\/basalt-1.jpg","type":"image\/jpeg"}],"author":"Alejandro Gabriel Rosito","twitter_card":"summary_large_image","twitter_misc":{"Escrito por":"Alejandro Gabriel Rosito","Tiempo de lectura":"3 minutos"},"schema":{"@context":"https:\/\/schema.org","@graph":[{"@type":"Article","@id":"https:\/\/autofans.com.ar\/index.php\/2025\/10\/07\/citroen-lanza-el-basalt-dark-edition\/#article","isPartOf":{"@id":"https:\/\/autofans.com.ar\/index.php\/2025\/10\/07\/citroen-lanza-el-basalt-dark-edition\/"},"author":{"name":"Alejandro Gabriel Rosito","@id":"https:\/\/autofans.com.ar\/#\/schema\/person\/4a8dda0b6df83ac3d6723e921274c2aa"},"headline":"Citro\u00ebn lanza el Basalt Dark Edition","datePublished":"2025-10-07T22:10:10+00:00","dateModified":"2025-10-07T22:14:30+00:00","mainEntityOfPage":{"@id":"https:\/\/autofans.com.ar\/index.php\/2025\/10\/07\/citroen-lanza-el-basalt-dark-edition\/"},"wordCount":397,"image":{"@id":"https:\/\/autofans.com.ar\/index.php\/2025\/10\/07\/citroen-lanza-el-basalt-dark-edition\/#primaryimage"},"thumbnailUrl":"https:\/\/autofans.com.ar\/wp-content\/uploads\/2025\/10\/basalt-1.jpg","keywords":["Andr\u00e9 Red","auto urbano","Citroen Argentina","Citro\u00ebn Basalt Dark Edition","Citro\u00ebn Connect","financiaci\u00f3n auto","motor Turbo 200","precios de autos 2024","SUV Citro\u00ebn","versi\u00f3n tope de gama"],"articleSection":["AUTOS y SUV","LANZAMIENTOS"],"inLanguage":"es"},{"@type":"WebPage","@id":"https:\/\/autofans.com.ar\/index.php\/2025\/10\/07\/citroen-lanza-el-basalt-dark-edition\/","url":"https:\/\/autofans.com.ar\/index.php\/2025\/10\/07\/citroen-lanza-el-basalt-dark-edition\/","name":"Citro\u00ebn lanza el Basalt Dark Edition -","isPartOf":{"@id":"https:\/\/autofans.com.ar\/#website"},"primaryImageOfPage":{"@id":"https:\/\/autofans.com.ar\/index.php\/2025\/10\/07\/citroen-lanza-el-basalt-dark-edition\/#primaryimage"},"image":{"@id":"https:\/\/autofans.com.ar\/index.php\/2025\/10\/07\/citroen-lanza-el-basalt-dark-edition\/#primaryimage"},"thumbnailUrl":"https:\/\/autofans.com.ar\/wp-content\/uploads\/2025\/10\/basalt-1.jpg","datePublished":"2025-10-07T22:10:10+00:00","dateModified":"2025-10-07T22:14:30+00:00","author":{"@id":"https:\/\/autofans.com.ar\/#\/schema\/person\/4a8dda0b6df83ac3d6723e921274c2aa"},"description":"Citro\u00ebn Argentina present\u00f3 el Basalt Dark Edition, la versi\u00f3n tope de gama. Este modelo combina una est\u00e9tica oscura con toques de color...","breadcrumb":{"@id":"https:\/\/autofans.com.ar\/index.php\/2025\/10\/07\/citroen-lanza-el-basalt-dark-edition\/#breadcrumb"},"inLanguage":"es","potentialAction":[{"@type":"ReadAction","target":["https:\/\/autofans.com.ar\/index.php\/2025\/10\/07\/citroen-lanza-el-basalt-dark-edition\/"]}]},{"@type":"ImageObject","inLanguage":"es","@id":"https:\/\/autofans.com.ar\/index.php\/2025\/10\/07\/citroen-lanza-el-basalt-dark-edition\/#primaryimage","url":"https:\/\/autofans.com.ar\/wp-content\/uploads\/2025\/10\/basalt-1.jpg","contentUrl":"https:\/\/autofans.com.ar\/wp-content\/uploads\/2025\/10\/basalt-1.jpg","width":1000,"height":667,"caption":"Basalt"},{"@type":"BreadcrumbList","@id":"https:\/\/autofans.com.ar\/index.php\/2025\/10\/07\/citroen-lanza-el-basalt-dark-edition\/#breadcrumb","itemListElement":[{"@type":"ListItem","position":1,"name":"Inicio","item":"https:\/\/autofans.com.ar\/"},{"@type":"ListItem","position":2,"name":"Citro\u00ebn lanza el Basalt Dark Edition"}]},{"@type":"WebSite","@id":"https:\/\/autofans.com.ar\/#website","url":"https:\/\/autofans.com.ar\/","name":"","description":"El multimedio referente de la industria automotriz","potentialAction":[{"@type":"SearchAction","target":{"@type":"EntryPoint","urlTemplate":"https:\/\/autofans.com.ar\/?s={search_term_string}"},"query-input":{"@type":"PropertyValueSpecification","valueRequired":true,"valueName":"search_term_string"}}],"inLanguage":"es"},{"@type":"Person","@id":"https:\/\/autofans.com.ar\/#\/schema\/person\/4a8dda0b6df83ac3d6723e921274c2aa","name":"Alejandro Gabriel Rosito","image":{"@type":"ImageObject","inLanguage":"es","@id":"https:\/\/secure.gravatar.com\/avatar\/16c5dda1489adfc62618084dcbb91cffd879c374b13fe5dd8e44ed6733852c88?s=96&d=mm&r=g","url":"https:\/\/secure.gravatar.com\/avatar\/16c5dda1489adfc62618084dcbb91cffd879c374b13fe5dd8e44ed6733852c88?s=96&d=mm&r=g","contentUrl":"https:\/\/secure.gravatar.com\/avatar\/16c5dda1489adfc62618084dcbb91cffd879c374b13fe5dd8e44ed6733852c88?s=96&d=mm&r=g","caption":"Alejandro Gabriel Rosito"},"url":"https:\/\/autofans.com.ar\/index.php\/author\/gabrielr\/"}]}},"featured_image_urls":{"full":["https:\/\/autofans.com.ar\/wp-content\/uploads\/2025\/10\/basalt-1.jpg",1000,667,false],"thumbnail":["https:\/\/autofans.com.ar\/wp-content\/uploads\/2025\/10\/basalt-1-150x150.jpg",150,150,true],"medium":["https:\/\/autofans.com.ar\/wp-content\/uploads\/2025\/10\/basalt-1-300x200.jpg",300,200,true],"medium_large":["https:\/\/autofans.com.ar\/wp-content\/uploads\/2025\/10\/basalt-1-768x512.jpg",640,427,true],"large":["https:\/\/autofans.com.ar\/wp-content\/uploads\/2025\/10\/basalt-1.jpg",640,427,false],"1536x1536":["https:\/\/autofans.com.ar\/wp-content\/uploads\/2025\/10\/basalt-1.jpg",1000,667,false],"2048x2048":["https:\/\/autofans.com.ar\/wp-content\/uploads\/2025\/10\/basalt-1.jpg",1000,667,false],"covernews-featured":["https:\/\/autofans.com.ar\/wp-content\/uploads\/2025\/10\/basalt-1.jpg",1000,667,false],"covernews-medium":["https:\/\/autofans.com.ar\/wp-content\/uploads\/2025\/10\/basalt-1-540x340.jpg",540,340,true]},"author_info":{"display_name":"Alejandro Gabriel Rosito","author_link":"https:\/\/autofans.com.ar\/index.php\/author\/gabrielr\/"},"category_info":"<a href=\"https:\/\/autofans.com.ar\/index.php\/category\/noticias\/autos\/\" rel=\"category tag\">AUTOS y SUV<\/a> <a href=\"https:\/\/autofans.com.ar\/index.php\/category\/lanzamientos\/\" rel=\"category tag\">LANZAMIENTOS<\/a>","tag_info":"LANZAMIENTOS","comment_count":0,"_links":{"self":[{"href":"https:\/\/autofans.com.ar\/index.php\/wp-json\/wp\/v2\/posts\/14356","targetHints":{"allow":["GET"]}}],"collection":[{"href":"https:\/\/autofans.com.ar\/index.php\/wp-json\/wp\/v2\/posts"}],"about":[{"href":"https:\/\/autofans.com.ar\/index.php\/wp-json\/wp\/v2\/types\/post"}],"author":[{"embeddable":true,"href":"https:\/\/autofans.com.ar\/index.php\/wp-json\/wp\/v2\/users\/2"}],"replies":[{"embeddable":true,"href":"https:\/\/autofans.com.ar\/index.php\/wp-json\/wp\/v2\/comments?post=14356"}],"version-history":[{"count":3,"href":"https:\/\/autofans.com.ar\/index.php\/wp-json\/wp\/v2\/posts\/14356\/revisions"}],"predecessor-version":[{"id":14365,"href":"https:\/\/autofans.com.ar\/index.php\/wp-json\/wp\/v2\/posts\/14356\/revisions\/14365"}],"wp:featuredmedia":[{"embeddable":true,"href":"https:\/\/autofans.com.ar\/index.php\/wp-json\/wp\/v2\/media\/14362"}],"wp:attachment":[{"href":"https:\/\/autofans.com.ar\/index.php\/wp-json\/wp\/v2\/media?parent=14356"}],"wp:term":[{"taxonomy":"category","embeddable":true,"href":"https:\/\/autofans.com.ar\/index.php\/wp-json\/wp\/v2\/categories?post=14356"},{"taxonomy":"post_tag","embeddable":true,"href":"https:\/\/autofans.com.ar\/index.php\/wp-json\/wp\/v2\/tags?post=14356"}],"curies":[{"name":"wp","href":"https:\/\/api.w.org\/{rel}","templated":true}]}}