{"id":14366,"date":"2025-10-08T18:30:15","date_gmt":"2025-10-08T21:30:15","guid":{"rendered":"https:\/\/autofans.com.ar\/?p=14366"},"modified":"2025-10-08T18:30:15","modified_gmt":"2025-10-08T21:30:15","slug":"chevrolet-abre-la-preventa-de-la-captiva-phev","status":"publish","type":"post","link":"https:\/\/autofans.com.ar\/index.php\/2025\/10\/08\/chevrolet-abre-la-preventa-de-la-captiva-phev\/","title":{"rendered":"Chevrolet abre la preventa de la Captiva PHEV"},"content":{"rendered":"<p class=\"ds-markdown-paragraph\">Chevrolet celebra sus 100 a\u00f1os en el pa\u00eds con un lanzamiento que marca un antes y un despu\u00e9s: la preventa de la nueva Captiva PHEV 2026. Se trata del primer modelo h\u00edbrido enchufable de la marca en Argentina, un SUV que combina un motor naftero con uno el\u00e9ctrico para ofrecer una autonom\u00eda total superior a los 1.000 kil\u00f3metros.<\/p>\n<p class=\"ds-markdown-paragraph\">Este veh\u00edculo se suma al Spark EUV el\u00e9ctrico, reforzando la apuesta de la marca por opciones m\u00e1s eficientes y tecnol\u00f3gicas.<\/p>\n<p>&nbsp;<\/p>\n<h2 class=\"ds-markdown-paragraph\">Un dise\u00f1o con personalidad urbana<\/h2>\n<p class=\"ds-markdown-paragraph\">La Captiva PHEV presenta una est\u00e9tica moderna y aerodin\u00e1mica. En el exterior se destacan la parrilla negra brillante, los faros LED y las llantas de aleaci\u00f3n de 18 pulgadas. El interior est\u00e1 pensado para el confort, con asientos de eco-cuero, techo panor\u00e1mico y una distancia entre ejes de 2,8 metros que garantiza amplio espacio para cinco pasajeros. El ba\u00fal, con 532 litros, es ideal para el uso familiar.<\/p>\n<p>&nbsp;<\/p>\n<p class=\"ds-markdown-paragraph\"><img fetchpriority=\"high\" decoding=\"async\" class=\"aligncenter wp-image-14372 size-full\" src=\"https:\/\/autofans.com.ar\/wp-content\/uploads\/2025\/10\/chevrolet-2-1.jpg\" alt=\"Chevrolet\" width=\"1000\" height=\"667\" srcset=\"https:\/\/autofans.com.ar\/wp-content\/uploads\/2025\/10\/chevrolet-2-1.jpg 1000w, https:\/\/autofans.com.ar\/wp-content\/uploads\/2025\/10\/chevrolet-2-1-300x200.jpg 300w, https:\/\/autofans.com.ar\/wp-content\/uploads\/2025\/10\/chevrolet-2-1-768x512.jpg 768w\" sizes=\"(max-width: 1000px) 100vw, 1000px\" \/><\/p>\n<p>&nbsp;<\/p>\n<p class=\"ds-markdown-paragraph\">El coraz\u00f3n de la Captiva PHEV es su sistema h\u00edbrido. Combina un motor naftero 1.5L de 3 cilindros con un propulsor el\u00e9ctrico y una bater\u00eda de 20.5 kWh. Juntos, generan 204 CV de potencia y 310 Nm de torque. Este conjunto le permite circular en modo 100% el\u00e9ctrico por la ciudad y alcanzar esa autonom\u00eda r\u00e9cord en ruta.<\/p>\n<p class=\"ds-markdown-paragraph\">La bater\u00eda se puede cargar con un cargador r\u00e1pido CCS2 o, de manera m\u00e1s sencilla, en cualquier toma de corriente dom\u00e9stica.<\/p>\n<p>&nbsp;<\/p>\n<blockquote>\n<p style=\"text-align: center;\">\u201cEl retorno de Captiva a nuestro mercado, ahora en una versi\u00f3n \u201ch\u00edbrida enchufable\u0351\u201d, marca un hito en nuestra estrategia de electrificaci\u00f3n en la regi\u00f3n. Argentina ser\u00e1 el primer mercado de Latinoam\u00e9rica en recibir este modelo, marcando nuestro compromiso hacia el uso de veh\u00edculos de nuevas energ\u00edas (NEVs) que apuntalan nuestra visi\u00f3n de una movilidad sustentable triple cero. Nuestra red de posventa est\u00e1 lista para acompa\u00f1ar esta transformaci\u00f3n y cuidar la inversi\u00f3n de nuestros clientes que buscan innovaci\u00f3n y seguridad en movilidad\u201d, destac\u00f3 <strong>Andr\u00e9s Carfagna<\/strong>, Director Comercial de GM Argentina, Paraguay y Uruguay.<\/p>\n<\/blockquote>\n<p>&nbsp;<\/p>\n<h2 class=\"ds-markdown-paragraph\">Chevrolet &#8211; tecnolog\u00eda y seguridad al volante<\/h2>\n<p>&nbsp;<\/p>\n<p><img decoding=\"async\" class=\"aligncenter wp-image-14371 size-full\" src=\"https:\/\/autofans.com.ar\/wp-content\/uploads\/2025\/10\/chevrolet-1-1.jpg\" alt=\"Chevrolet\" width=\"1000\" height=\"667\" srcset=\"https:\/\/autofans.com.ar\/wp-content\/uploads\/2025\/10\/chevrolet-1-1.jpg 1000w, https:\/\/autofans.com.ar\/wp-content\/uploads\/2025\/10\/chevrolet-1-1-300x200.jpg 300w, https:\/\/autofans.com.ar\/wp-content\/uploads\/2025\/10\/chevrolet-1-1-768x512.jpg 768w\" sizes=\"(max-width: 1000px) 100vw, 1000px\" \/><\/p>\n<p>&nbsp;<\/p>\n<p class=\"ds-markdown-paragraph\">La conectividad est\u00e1 asegurada por una pantalla t\u00e1ctil central de 15,6 pulgadas, compatible con Android Auto y Apple CarPlay. En materia de protecci\u00f3n, incluye 6 airbags, control de estabilidad, c\u00e1mara de 360\u00b0 y un sistema avanzado de asistencia al conductor (ADAS). Este sistema ofrece frenado aut\u00f3nomo de emergencia, alerta de cambio de carril y control de crucero adaptativo, entre otras funciones.<\/p>\n<p>&nbsp;<\/p>\n<hr \/>\n<div style=\"display: flex; justify-content: center; width: 100%;\">\n<div style=\"display: flex; align-items: center; justify-content: space-between; background: #f0f2f5; padding: 3px 92px; border-radius: 0px; box-shadow: 0 4px 10px rgba(0, 0, 0, 0.08); margin: 24px 0; max-width: 700px;\">\n<div style=\"flex: 1;\"><a style=\"font-size: 18px; color: #921414; font-weight: bold; text-decoration: underline;\" href=\"https:\/\/autofans.com.ar\/wp-content\/uploads\/2025\/10\/ficha-tecnica-captiva-phev-my26.pdf\" target=\"_blank\" rel=\"noopener\"><br \/>\n\u2192 Ficha T\u00e9cnica Captiva PHEV<br \/>\n<\/a><a style=\"font-size: 18px; color: #007bff; font-weight: 1200; text-decoration: underline;\" href=\"https:\/\/autofans.com.ar\/wp-content\/uploads\/2025\/05\/ftmy26argo-681166d8eb8a6.pdf\" target=\"_blank\" rel=\"noopener\"><br \/>\n<\/a><\/div>\n<div style=\"margin-left: 46px;\"><img decoding=\"async\" class=\"alignright\" style=\"height: 20px; width: auto;\" src=\"https:\/\/autofans.com.ar\/wp-content\/uploads\/2023\/02\/Autofans_600x102_150px5.png\" alt=\"Logo Autofans\" width=\"1200\" height=\"137\" \/><\/div>\n<\/div>\n<\/div>\n<hr \/>\n<p>&nbsp;<\/p>\n<h2 class=\"ds-markdown-paragraph\">Store in Store &#8211; el nuevo espacio para la electromovilidad<\/h2>\n<p class=\"ds-markdown-paragraph\">Para estos veh\u00edculos, Chevrolet cre\u00f3 el concepto \u201cStore in Store\u201d: un sector exclusivo dentro de los concesionarios, dedicado a la venta y asesoramiento de modelos electrificados. Ya hay 30 activos en el pa\u00eds, y a fin de a\u00f1o toda la red contar\u00e1 con uno.<\/p>\n<p>&nbsp;<\/p>\n<p><img loading=\"lazy\" decoding=\"async\" class=\"aligncenter wp-image-14369 size-full\" src=\"https:\/\/autofans.com.ar\/wp-content\/uploads\/2025\/10\/chevrolet-4-1.jpg\" alt=\"Chevrolet\" width=\"1000\" height=\"667\" srcset=\"https:\/\/autofans.com.ar\/wp-content\/uploads\/2025\/10\/chevrolet-4-1.jpg 1000w, https:\/\/autofans.com.ar\/wp-content\/uploads\/2025\/10\/chevrolet-4-1-300x200.jpg 300w, https:\/\/autofans.com.ar\/wp-content\/uploads\/2025\/10\/chevrolet-4-1-768x512.jpg 768w\" sizes=\"(max-width: 1000px) 100vw, 1000px\" \/><\/p>\n<p>&nbsp;<\/p>\n<p class=\"ds-markdown-paragraph\">En estos espacios, los clientes son atendidos por Expertos EV, personal especializado que resuelve todas las dudas. Adem\u00e1s, hay un cargador domiciliario en exhibici\u00f3n para entender c\u00f3mo es el proceso de carga. Para una atenci\u00f3n inmediata, tambi\u00e9n est\u00e1 disponible \u201cGenius\u201d, un bot que responde consultas t\u00e9cnicas y de ventas.<\/p>\n<p class=\"ds-markdown-paragraph\">La Captiva PHEV cuenta con una garant\u00eda de 3 a\u00f1os o 100.000 km. La bater\u00eda el\u00e9ctrica tiene una cobertura extendida de 8 a\u00f1os o 150.000 km. Quienes la reserven durante la preventa, recibir\u00e1n los primeros tres servicios de mantenimiento bonificados.<\/p>\n<p>&nbsp;<\/p>\n<p>&nbsp;<\/p>\n<p>&nbsp;<\/p>\n<p><i>Para enterarte de m\u00e1s novedades, no dejes de leer\u00a0<\/i><a href=\"https:\/\/autofans.thebrandsoup.com\/\"><i>nuestras notas<\/i><\/a><i>, de ver\u00a0<\/i><a href=\"https:\/\/www.youtube.com\/channel\/UCgAC8UGHZYbT6P7PpmVnP7g\"><i>AUTOFANS TV<\/i><\/a><i>\u00a0en nuestro\u00a0canal de Youtube. Adem\u00e1s seguinos en\u00a0<\/i><a href=\"https:\/\/www.instagram.com\/autofanstv\/\"><i>INSTAGRAM<\/i><\/a><i> y <\/i><a href=\"https:\/\/www.facebook.com\/autofansmas\/\"><i>FACEBOOK<\/i><\/a><i> para no perderte nada sobre las novedades del segmento automotor de Argentina y el mundo.<\/i><\/p>\n","protected":false},"excerpt":{"rendered":"<p>Chevrolet celebra sus 100 a\u00f1os en el pa\u00eds con un lanzamiento que marca un antes&#8230;<\/p>\n","protected":false},"author":2,"featured_media":14370,"comment_status":"closed","ping_status":"closed","sticky":false,"template":"","format":"standard","meta":{"footnotes":""},"categories":[341,1],"tags":[50,7524,7520,7523,7526,7521,7527,7522,7525,7274],"class_list":["post-14366","post","type-post","status-publish","format-standard","has-post-thumbnail","hentry","category-hibridos-y-electricos","category-lanzamientos","tag-auto-hibrido","tag-captiva-phev-especificaciones","tag-chevrolet-captiva-phev","tag-chevrolet-electromovilidad","tag-coches-ecologicos-argentina","tag-hibrido-enchufable-argentina","tag-motor-hibrido-plug-in","tag-preventa-captiva-2026","tag-store-in-store-chevrolet","tag-suv-hibrido"],"yoast_head":"<!-- This site is optimized with the Yoast SEO plugin v27.5 - https:\/\/yoast.com\/product\/yoast-seo-wordpress\/ -->\n<title>Chevrolet abre la preventa de la Captiva PHEV -<\/title>\n<meta name=\"description\" content=\"Chevrolet celebra sus 100 a\u00f1os en el pa\u00eds con un lanzamiento que marca un antes y un despu\u00e9s: la preventa de la nueva Captiva PHEV 2026...\" \/>\n<meta name=\"robots\" content=\"index, follow, max-snippet:-1, max-image-preview:large, max-video-preview:-1\" \/>\n<link rel=\"canonical\" href=\"https:\/\/autofans.com.ar\/index.php\/2025\/10\/08\/chevrolet-abre-la-preventa-de-la-captiva-phev\/\" \/>\n<meta property=\"og:locale\" content=\"es_ES\" \/>\n<meta property=\"og:type\" content=\"article\" \/>\n<meta property=\"og:title\" content=\"Chevrolet abre la preventa de la Captiva PHEV -\" \/>\n<meta property=\"og:description\" content=\"Chevrolet celebra sus 100 a\u00f1os en el pa\u00eds con un lanzamiento que marca un antes y un despu\u00e9s: la preventa de la nueva Captiva PHEV 2026...\" \/>\n<meta property=\"og:url\" content=\"https:\/\/autofans.com.ar\/index.php\/2025\/10\/08\/chevrolet-abre-la-preventa-de-la-captiva-phev\/\" \/>\n<meta property=\"article:published_time\" content=\"2025-10-08T21:30:15+00:00\" \/>\n<meta property=\"og:image\" content=\"https:\/\/autofans.com.ar\/wp-content\/uploads\/2025\/10\/chevrolet-3-1.jpg\" \/>\n\t<meta property=\"og:image:width\" content=\"1000\" \/>\n\t<meta property=\"og:image:height\" content=\"667\" \/>\n\t<meta property=\"og:image:type\" content=\"image\/jpeg\" \/>\n<meta name=\"author\" content=\"Alejandro Gabriel Rosito\" \/>\n<meta name=\"twitter:card\" content=\"summary_large_image\" \/>\n<meta name=\"twitter:label1\" content=\"Escrito por\" \/>\n\t<meta name=\"twitter:data1\" content=\"Alejandro Gabriel Rosito\" \/>\n\t<meta name=\"twitter:label2\" content=\"Tiempo de lectura\" \/>\n\t<meta name=\"twitter:data2\" content=\"4 minutos\" \/>\n<script type=\"application\/ld+json\" class=\"yoast-schema-graph\">{\"@context\":\"https:\\\/\\\/schema.org\",\"@graph\":[{\"@type\":\"Article\",\"@id\":\"https:\\\/\\\/autofans.com.ar\\\/index.php\\\/2025\\\/10\\\/08\\\/chevrolet-abre-la-preventa-de-la-captiva-phev\\\/#article\",\"isPartOf\":{\"@id\":\"https:\\\/\\\/autofans.com.ar\\\/index.php\\\/2025\\\/10\\\/08\\\/chevrolet-abre-la-preventa-de-la-captiva-phev\\\/\"},\"author\":{\"name\":\"Alejandro Gabriel Rosito\",\"@id\":\"https:\\\/\\\/autofans.com.ar\\\/#\\\/schema\\\/person\\\/4a8dda0b6df83ac3d6723e921274c2aa\"},\"headline\":\"Chevrolet abre la preventa de la Captiva PHEV\",\"datePublished\":\"2025-10-08T21:30:15+00:00\",\"mainEntityOfPage\":{\"@id\":\"https:\\\/\\\/autofans.com.ar\\\/index.php\\\/2025\\\/10\\\/08\\\/chevrolet-abre-la-preventa-de-la-captiva-phev\\\/\"},\"wordCount\":645,\"image\":{\"@id\":\"https:\\\/\\\/autofans.com.ar\\\/index.php\\\/2025\\\/10\\\/08\\\/chevrolet-abre-la-preventa-de-la-captiva-phev\\\/#primaryimage\"},\"thumbnailUrl\":\"https:\\\/\\\/autofans.com.ar\\\/wp-content\\\/uploads\\\/2025\\\/10\\\/chevrolet-3-1.jpg\",\"keywords\":[\"Auto Hibrido\",\"captiva phev especificaciones\",\"chevrolet captiva phev\",\"chevrolet electromovilidad\",\"coches ecol\u00f3gicos argentina\",\"hibrido enchufable argentina\",\"motor hibrido plug-in\",\"preventa captiva 2026\",\"store in store chevrolet\",\"SUV h\u00edbrido\"],\"articleSection\":[\"HIBRIDOS, ELECTRICOS y otros\",\"LANZAMIENTOS\"],\"inLanguage\":\"es\"},{\"@type\":\"WebPage\",\"@id\":\"https:\\\/\\\/autofans.com.ar\\\/index.php\\\/2025\\\/10\\\/08\\\/chevrolet-abre-la-preventa-de-la-captiva-phev\\\/\",\"url\":\"https:\\\/\\\/autofans.com.ar\\\/index.php\\\/2025\\\/10\\\/08\\\/chevrolet-abre-la-preventa-de-la-captiva-phev\\\/\",\"name\":\"Chevrolet abre la preventa de la Captiva PHEV -\",\"isPartOf\":{\"@id\":\"https:\\\/\\\/autofans.com.ar\\\/#website\"},\"primaryImageOfPage\":{\"@id\":\"https:\\\/\\\/autofans.com.ar\\\/index.php\\\/2025\\\/10\\\/08\\\/chevrolet-abre-la-preventa-de-la-captiva-phev\\\/#primaryimage\"},\"image\":{\"@id\":\"https:\\\/\\\/autofans.com.ar\\\/index.php\\\/2025\\\/10\\\/08\\\/chevrolet-abre-la-preventa-de-la-captiva-phev\\\/#primaryimage\"},\"thumbnailUrl\":\"https:\\\/\\\/autofans.com.ar\\\/wp-content\\\/uploads\\\/2025\\\/10\\\/chevrolet-3-1.jpg\",\"datePublished\":\"2025-10-08T21:30:15+00:00\",\"author\":{\"@id\":\"https:\\\/\\\/autofans.com.ar\\\/#\\\/schema\\\/person\\\/4a8dda0b6df83ac3d6723e921274c2aa\"},\"description\":\"Chevrolet celebra sus 100 a\u00f1os en el pa\u00eds con un lanzamiento que marca un antes y un despu\u00e9s: la preventa de la nueva Captiva PHEV 2026...\",\"breadcrumb\":{\"@id\":\"https:\\\/\\\/autofans.com.ar\\\/index.php\\\/2025\\\/10\\\/08\\\/chevrolet-abre-la-preventa-de-la-captiva-phev\\\/#breadcrumb\"},\"inLanguage\":\"es\",\"potentialAction\":[{\"@type\":\"ReadAction\",\"target\":[\"https:\\\/\\\/autofans.com.ar\\\/index.php\\\/2025\\\/10\\\/08\\\/chevrolet-abre-la-preventa-de-la-captiva-phev\\\/\"]}]},{\"@type\":\"ImageObject\",\"inLanguage\":\"es\",\"@id\":\"https:\\\/\\\/autofans.com.ar\\\/index.php\\\/2025\\\/10\\\/08\\\/chevrolet-abre-la-preventa-de-la-captiva-phev\\\/#primaryimage\",\"url\":\"https:\\\/\\\/autofans.com.ar\\\/wp-content\\\/uploads\\\/2025\\\/10\\\/chevrolet-3-1.jpg\",\"contentUrl\":\"https:\\\/\\\/autofans.com.ar\\\/wp-content\\\/uploads\\\/2025\\\/10\\\/chevrolet-3-1.jpg\",\"width\":1000,\"height\":667,\"caption\":\"Chevrolet\"},{\"@type\":\"BreadcrumbList\",\"@id\":\"https:\\\/\\\/autofans.com.ar\\\/index.php\\\/2025\\\/10\\\/08\\\/chevrolet-abre-la-preventa-de-la-captiva-phev\\\/#breadcrumb\",\"itemListElement\":[{\"@type\":\"ListItem\",\"position\":1,\"name\":\"Inicio\",\"item\":\"https:\\\/\\\/autofans.com.ar\\\/\"},{\"@type\":\"ListItem\",\"position\":2,\"name\":\"Chevrolet abre la preventa de la Captiva PHEV\"}]},{\"@type\":\"WebSite\",\"@id\":\"https:\\\/\\\/autofans.com.ar\\\/#website\",\"url\":\"https:\\\/\\\/autofans.com.ar\\\/\",\"name\":\"\",\"description\":\"El multimedio referente de la industria automotriz\",\"potentialAction\":[{\"@type\":\"SearchAction\",\"target\":{\"@type\":\"EntryPoint\",\"urlTemplate\":\"https:\\\/\\\/autofans.com.ar\\\/?s={search_term_string}\"},\"query-input\":{\"@type\":\"PropertyValueSpecification\",\"valueRequired\":true,\"valueName\":\"search_term_string\"}}],\"inLanguage\":\"es\"},{\"@type\":\"Person\",\"@id\":\"https:\\\/\\\/autofans.com.ar\\\/#\\\/schema\\\/person\\\/4a8dda0b6df83ac3d6723e921274c2aa\",\"name\":\"Alejandro Gabriel Rosito\",\"image\":{\"@type\":\"ImageObject\",\"inLanguage\":\"es\",\"@id\":\"https:\\\/\\\/secure.gravatar.com\\\/avatar\\\/16c5dda1489adfc62618084dcbb91cffd879c374b13fe5dd8e44ed6733852c88?s=96&d=mm&r=g\",\"url\":\"https:\\\/\\\/secure.gravatar.com\\\/avatar\\\/16c5dda1489adfc62618084dcbb91cffd879c374b13fe5dd8e44ed6733852c88?s=96&d=mm&r=g\",\"contentUrl\":\"https:\\\/\\\/secure.gravatar.com\\\/avatar\\\/16c5dda1489adfc62618084dcbb91cffd879c374b13fe5dd8e44ed6733852c88?s=96&d=mm&r=g\",\"caption\":\"Alejandro Gabriel Rosito\"},\"url\":\"https:\\\/\\\/autofans.com.ar\\\/index.php\\\/author\\\/gabrielr\\\/\"}]}<\/script>\n<!-- \/ Yoast SEO plugin. -->","yoast_head_json":{"title":"Chevrolet abre la preventa de la Captiva PHEV -","description":"Chevrolet celebra sus 100 a\u00f1os en el pa\u00eds con un lanzamiento que marca un antes y un despu\u00e9s: la preventa de la nueva Captiva PHEV 2026...","robots":{"index":"index","follow":"follow","max-snippet":"max-snippet:-1","max-image-preview":"max-image-preview:large","max-video-preview":"max-video-preview:-1"},"canonical":"https:\/\/autofans.com.ar\/index.php\/2025\/10\/08\/chevrolet-abre-la-preventa-de-la-captiva-phev\/","og_locale":"es_ES","og_type":"article","og_title":"Chevrolet abre la preventa de la Captiva PHEV -","og_description":"Chevrolet celebra sus 100 a\u00f1os en el pa\u00eds con un lanzamiento que marca un antes y un despu\u00e9s: la preventa de la nueva Captiva PHEV 2026...","og_url":"https:\/\/autofans.com.ar\/index.php\/2025\/10\/08\/chevrolet-abre-la-preventa-de-la-captiva-phev\/","article_published_time":"2025-10-08T21:30:15+00:00","og_image":[{"width":1000,"height":667,"url":"https:\/\/autofans.com.ar\/wp-content\/uploads\/2025\/10\/chevrolet-3-1.jpg","type":"image\/jpeg"}],"author":"Alejandro Gabriel Rosito","twitter_card":"summary_large_image","twitter_misc":{"Escrito por":"Alejandro Gabriel Rosito","Tiempo de lectura":"4 minutos"},"schema":{"@context":"https:\/\/schema.org","@graph":[{"@type":"Article","@id":"https:\/\/autofans.com.ar\/index.php\/2025\/10\/08\/chevrolet-abre-la-preventa-de-la-captiva-phev\/#article","isPartOf":{"@id":"https:\/\/autofans.com.ar\/index.php\/2025\/10\/08\/chevrolet-abre-la-preventa-de-la-captiva-phev\/"},"author":{"name":"Alejandro Gabriel Rosito","@id":"https:\/\/autofans.com.ar\/#\/schema\/person\/4a8dda0b6df83ac3d6723e921274c2aa"},"headline":"Chevrolet abre la preventa de la Captiva PHEV","datePublished":"2025-10-08T21:30:15+00:00","mainEntityOfPage":{"@id":"https:\/\/autofans.com.ar\/index.php\/2025\/10\/08\/chevrolet-abre-la-preventa-de-la-captiva-phev\/"},"wordCount":645,"image":{"@id":"https:\/\/autofans.com.ar\/index.php\/2025\/10\/08\/chevrolet-abre-la-preventa-de-la-captiva-phev\/#primaryimage"},"thumbnailUrl":"https:\/\/autofans.com.ar\/wp-content\/uploads\/2025\/10\/chevrolet-3-1.jpg","keywords":["Auto Hibrido","captiva phev especificaciones","chevrolet captiva phev","chevrolet electromovilidad","coches ecol\u00f3gicos argentina","hibrido enchufable argentina","motor hibrido plug-in","preventa captiva 2026","store in store chevrolet","SUV h\u00edbrido"],"articleSection":["HIBRIDOS, ELECTRICOS y otros","LANZAMIENTOS"],"inLanguage":"es"},{"@type":"WebPage","@id":"https:\/\/autofans.com.ar\/index.php\/2025\/10\/08\/chevrolet-abre-la-preventa-de-la-captiva-phev\/","url":"https:\/\/autofans.com.ar\/index.php\/2025\/10\/08\/chevrolet-abre-la-preventa-de-la-captiva-phev\/","name":"Chevrolet abre la preventa de la Captiva PHEV -","isPartOf":{"@id":"https:\/\/autofans.com.ar\/#website"},"primaryImageOfPage":{"@id":"https:\/\/autofans.com.ar\/index.php\/2025\/10\/08\/chevrolet-abre-la-preventa-de-la-captiva-phev\/#primaryimage"},"image":{"@id":"https:\/\/autofans.com.ar\/index.php\/2025\/10\/08\/chevrolet-abre-la-preventa-de-la-captiva-phev\/#primaryimage"},"thumbnailUrl":"https:\/\/autofans.com.ar\/wp-content\/uploads\/2025\/10\/chevrolet-3-1.jpg","datePublished":"2025-10-08T21:30:15+00:00","author":{"@id":"https:\/\/autofans.com.ar\/#\/schema\/person\/4a8dda0b6df83ac3d6723e921274c2aa"},"description":"Chevrolet celebra sus 100 a\u00f1os en el pa\u00eds con un lanzamiento que marca un antes y un despu\u00e9s: la preventa de la nueva Captiva PHEV 2026...","breadcrumb":{"@id":"https:\/\/autofans.com.ar\/index.php\/2025\/10\/08\/chevrolet-abre-la-preventa-de-la-captiva-phev\/#breadcrumb"},"inLanguage":"es","potentialAction":[{"@type":"ReadAction","target":["https:\/\/autofans.com.ar\/index.php\/2025\/10\/08\/chevrolet-abre-la-preventa-de-la-captiva-phev\/"]}]},{"@type":"ImageObject","inLanguage":"es","@id":"https:\/\/autofans.com.ar\/index.php\/2025\/10\/08\/chevrolet-abre-la-preventa-de-la-captiva-phev\/#primaryimage","url":"https:\/\/autofans.com.ar\/wp-content\/uploads\/2025\/10\/chevrolet-3-1.jpg","contentUrl":"https:\/\/autofans.com.ar\/wp-content\/uploads\/2025\/10\/chevrolet-3-1.jpg","width":1000,"height":667,"caption":"Chevrolet"},{"@type":"BreadcrumbList","@id":"https:\/\/autofans.com.ar\/index.php\/2025\/10\/08\/chevrolet-abre-la-preventa-de-la-captiva-phev\/#breadcrumb","itemListElement":[{"@type":"ListItem","position":1,"name":"Inicio","item":"https:\/\/autofans.com.ar\/"},{"@type":"ListItem","position":2,"name":"Chevrolet abre la preventa de la Captiva PHEV"}]},{"@type":"WebSite","@id":"https:\/\/autofans.com.ar\/#website","url":"https:\/\/autofans.com.ar\/","name":"","description":"El multimedio referente de la industria automotriz","potentialAction":[{"@type":"SearchAction","target":{"@type":"EntryPoint","urlTemplate":"https:\/\/autofans.com.ar\/?s={search_term_string}"},"query-input":{"@type":"PropertyValueSpecification","valueRequired":true,"valueName":"search_term_string"}}],"inLanguage":"es"},{"@type":"Person","@id":"https:\/\/autofans.com.ar\/#\/schema\/person\/4a8dda0b6df83ac3d6723e921274c2aa","name":"Alejandro Gabriel Rosito","image":{"@type":"ImageObject","inLanguage":"es","@id":"https:\/\/secure.gravatar.com\/avatar\/16c5dda1489adfc62618084dcbb91cffd879c374b13fe5dd8e44ed6733852c88?s=96&d=mm&r=g","url":"https:\/\/secure.gravatar.com\/avatar\/16c5dda1489adfc62618084dcbb91cffd879c374b13fe5dd8e44ed6733852c88?s=96&d=mm&r=g","contentUrl":"https:\/\/secure.gravatar.com\/avatar\/16c5dda1489adfc62618084dcbb91cffd879c374b13fe5dd8e44ed6733852c88?s=96&d=mm&r=g","caption":"Alejandro Gabriel Rosito"},"url":"https:\/\/autofans.com.ar\/index.php\/author\/gabrielr\/"}]}},"featured_image_urls":{"full":["https:\/\/autofans.com.ar\/wp-content\/uploads\/2025\/10\/chevrolet-3-1.jpg",1000,667,false],"thumbnail":["https:\/\/autofans.com.ar\/wp-content\/uploads\/2025\/10\/chevrolet-3-1-150x150.jpg",150,150,true],"medium":["https:\/\/autofans.com.ar\/wp-content\/uploads\/2025\/10\/chevrolet-3-1-300x200.jpg",300,200,true],"medium_large":["https:\/\/autofans.com.ar\/wp-content\/uploads\/2025\/10\/chevrolet-3-1-768x512.jpg",640,427,true],"large":["https:\/\/autofans.com.ar\/wp-content\/uploads\/2025\/10\/chevrolet-3-1.jpg",640,427,false],"1536x1536":["https:\/\/autofans.com.ar\/wp-content\/uploads\/2025\/10\/chevrolet-3-1.jpg",1000,667,false],"2048x2048":["https:\/\/autofans.com.ar\/wp-content\/uploads\/2025\/10\/chevrolet-3-1.jpg",1000,667,false],"covernews-featured":["https:\/\/autofans.com.ar\/wp-content\/uploads\/2025\/10\/chevrolet-3-1.jpg",1000,667,false],"covernews-medium":["https:\/\/autofans.com.ar\/wp-content\/uploads\/2025\/10\/chevrolet-3-1-540x340.jpg",540,340,true]},"author_info":{"display_name":"Alejandro Gabriel Rosito","author_link":"https:\/\/autofans.com.ar\/index.php\/author\/gabrielr\/"},"category_info":"<a href=\"https:\/\/autofans.com.ar\/index.php\/category\/noticias\/hibridos-y-electricos\/\" rel=\"category tag\">HIBRIDOS, ELECTRICOS y otros<\/a> <a href=\"https:\/\/autofans.com.ar\/index.php\/category\/lanzamientos\/\" rel=\"category tag\">LANZAMIENTOS<\/a>","tag_info":"LANZAMIENTOS","comment_count":0,"_links":{"self":[{"href":"https:\/\/autofans.com.ar\/index.php\/wp-json\/wp\/v2\/posts\/14366","targetHints":{"allow":["GET"]}}],"collection":[{"href":"https:\/\/autofans.com.ar\/index.php\/wp-json\/wp\/v2\/posts"}],"about":[{"href":"https:\/\/autofans.com.ar\/index.php\/wp-json\/wp\/v2\/types\/post"}],"author":[{"embeddable":true,"href":"https:\/\/autofans.com.ar\/index.php\/wp-json\/wp\/v2\/users\/2"}],"replies":[{"embeddable":true,"href":"https:\/\/autofans.com.ar\/index.php\/wp-json\/wp\/v2\/comments?post=14366"}],"version-history":[{"count":3,"href":"https:\/\/autofans.com.ar\/index.php\/wp-json\/wp\/v2\/posts\/14366\/revisions"}],"predecessor-version":[{"id":14375,"href":"https:\/\/autofans.com.ar\/index.php\/wp-json\/wp\/v2\/posts\/14366\/revisions\/14375"}],"wp:featuredmedia":[{"embeddable":true,"href":"https:\/\/autofans.com.ar\/index.php\/wp-json\/wp\/v2\/media\/14370"}],"wp:attachment":[{"href":"https:\/\/autofans.com.ar\/index.php\/wp-json\/wp\/v2\/media?parent=14366"}],"wp:term":[{"taxonomy":"category","embeddable":true,"href":"https:\/\/autofans.com.ar\/index.php\/wp-json\/wp\/v2\/categories?post=14366"},{"taxonomy":"post_tag","embeddable":true,"href":"https:\/\/autofans.com.ar\/index.php\/wp-json\/wp\/v2\/tags?post=14366"}],"curies":[{"name":"wp","href":"https:\/\/api.w.org\/{rel}","templated":true}]}}