{"id":14376,"date":"2025-10-08T19:34:38","date_gmt":"2025-10-08T22:34:38","guid":{"rendered":"https:\/\/autofans.com.ar\/?p=14376"},"modified":"2025-10-08T19:34:38","modified_gmt":"2025-10-08T22:34:38","slug":"stellantis-reconfigura-su-cupula-directiva","status":"publish","type":"post","link":"https:\/\/autofans.com.ar\/index.php\/2025\/10\/08\/stellantis-reconfigura-su-cupula-directiva\/","title":{"rendered":"Stellantis reconfigura su c\u00fapula directiva"},"content":{"rendered":"<p class=\"ds-markdown-paragraph\">Stellantis dio a conocer una reestructuraci\u00f3n en su equipo de liderazgo superior. Los cambios buscan consolidar el rumbo de la empresa de cara a la presentaci\u00f3n de su estrategia actualizada para 2026.<\/p>\n<p>&nbsp;<\/p>\n<blockquote>\n<p style=\"text-align: center;\">\u00abCon estos nuevos nombramientos, estamos promoviendo talentos excepcionales desde adentro y desde fuera a roles de liderazgo, al tiempo que preparamos a nuestra empresa para un futuro exitoso. Tambi\u00e9n hemos mejorado nuestro enfoque regional al asignar responsabilidades espec\u00edficas a nuestras organizaciones de Asia-Pac\u00edfico y Medio Oriente y \u00c1frica a nivel de SLT\u00bb, dijo el CEO Antonio Filosa.<\/p>\n<\/blockquote>\n<p>&nbsp;<\/p>\n<h2 class=\"ds-markdown-paragraph\">Los principales movimientos en la c\u00fapula directiva<\/h2>\n<p class=\"ds-markdown-paragraph\">El holand\u00e9s Emanuele Cappellano suma a su rol actual la direcci\u00f3n de operaciones para las marcas en Europa. Esto permite que Jean-Philippe Imparato se dedique exclusivamente a su cargo como CEO de Maserati.<\/p>\n<p class=\"ds-markdown-paragraph\">En Am\u00e9rica del Sur, Herlander Zola asume como Director de Operaciones, sucediendo al propio Cappellano. Samir Cherfan, por su parte, se incorpora al equipo de liderazgo manteniendo su cargo para Medio Oriente, \u00c1frica y el \u00e1rea de Micromovilidad.<\/p>\n<p>&nbsp;<\/p>\n<figure id=\"attachment_14379\" aria-describedby=\"caption-attachment-14379\" style=\"width: 1000px\" class=\"wp-caption aligncenter\"><img fetchpriority=\"high\" decoding=\"async\" class=\"wp-image-14379 size-full\" src=\"https:\/\/autofans.com.ar\/wp-content\/uploads\/2025\/10\/stellantis-2.jpg\" alt=\"Stellantis\" width=\"1000\" height=\"667\" srcset=\"https:\/\/autofans.com.ar\/wp-content\/uploads\/2025\/10\/stellantis-2.jpg 1000w, https:\/\/autofans.com.ar\/wp-content\/uploads\/2025\/10\/stellantis-2-300x200.jpg 300w, https:\/\/autofans.com.ar\/wp-content\/uploads\/2025\/10\/stellantis-2-768x512.jpg 768w\" sizes=\"(max-width: 1000px) 100vw, 1000px\" \/><figcaption id=\"caption-attachment-14379\" class=\"wp-caption-text\">Emanuele Cappellano<\/figcaption><\/figure>\n<p>&nbsp;<\/p>\n<p class=\"ds-markdown-paragraph\">La compa\u00f1\u00eda confirm\u00f3 el regreso de Francesco Ciancia, quien volver\u00e1 desde Mercedes-Benz para ocupar el puesto de Director Global de Fabricaci\u00f3n a partir del 1 de noviembre. En dise\u00f1o, Ralph Gilles se suma al equipo directivo.<\/p>\n<p class=\"ds-markdown-paragraph\">Por otro lado, Gr\u00e9goire Olivier fue nombrado Director de Operaciones para China y Asia-Pac\u00edfico. La salida de Philippe de Rovira, anunciada en julio, fue formalizada.<\/p>\n<p>&nbsp;<\/p>\n<blockquote>\n<p style=\"text-align: center;\">\u00abEstamos encantados de seguir benefici\u00e1ndonos de la experiencia de Jean-Philippe en su nuevo cargo. Nuestro agradecimiento a Arnaud y Philippe por sus contribuciones a lo largo de los a\u00f1os y les deseamos lo mejor en sus desaf\u00edos futuros\u00bb, agreg\u00f3 Filosa.<\/p>\n<\/blockquote>\n<p>&nbsp;<\/p>\n<h2 class=\"ds-markdown-paragraph\">La composici\u00f3n completa del equipo l\u00edder<\/h2>\n<p>&nbsp;<\/p>\n<figure id=\"attachment_14380\" aria-describedby=\"caption-attachment-14380\" style=\"width: 1000px\" class=\"wp-caption aligncenter\"><img decoding=\"async\" class=\"wp-image-14380 size-full\" src=\"https:\/\/autofans.com.ar\/wp-content\/uploads\/2025\/10\/stellantis-1.jpg\" alt=\"Stellantis\" width=\"1000\" height=\"667\" srcset=\"https:\/\/autofans.com.ar\/wp-content\/uploads\/2025\/10\/stellantis-1.jpg 1000w, https:\/\/autofans.com.ar\/wp-content\/uploads\/2025\/10\/stellantis-1-300x200.jpg 300w, https:\/\/autofans.com.ar\/wp-content\/uploads\/2025\/10\/stellantis-1-768x512.jpg 768w\" sizes=\"(max-width: 1000px) 100vw, 1000px\" \/><figcaption id=\"caption-attachment-14380\" class=\"wp-caption-text\">Herlander Zola<\/figcaption><\/figure>\n<p>&nbsp;<\/p>\n<p class=\"ds-markdown-paragraph\">El Stellantis Leadership Team (SLT) queda conformado por:<\/p>\n<ul>\n<li>\n<p class=\"ds-markdown-paragraph\">Antonio Filosa: CEO y responsable de Norteam\u00e9rica y Marcas Americanas.<\/p>\n<\/li>\n<li>\n<p class=\"ds-markdown-paragraph\">Emanuele Cappellano: Europa Extendida, Marcas Europeas y Stellantis Pro One.<\/p>\n<\/li>\n<li>\n<p class=\"ds-markdown-paragraph\">Herlander Zola: Am\u00e9rica del Sur.<\/p>\n<\/li>\n<li>\n<p class=\"ds-markdown-paragraph\">Samir Cherfan: Medio Oriente, \u00c1frica y Micromovilidad.<\/p>\n<\/li>\n<li>\n<p class=\"ds-markdown-paragraph\">Gr\u00e9goire Olivier: China y Asia-Pac\u00edfico.<\/p>\n<\/li>\n<li>\n<p class=\"ds-markdown-paragraph\">Davide Mele: Planificaci\u00f3n de Productos.<\/p>\n<\/li>\n<li>\n<p class=\"ds-markdown-paragraph\">Ned Curic: Desarrollo de Productos y Tecnolog\u00eda.<\/p>\n<\/li>\n<li>\n<p class=\"ds-markdown-paragraph\">S\u00e9bastien Jacquet: Calidad.<\/p>\n<\/li>\n<li>\n<p class=\"ds-markdown-paragraph\">Monica Genovese: Compras.<\/p>\n<\/li>\n<li>\n<p class=\"ds-markdown-paragraph\">Scott Thiele: Cadena de Suministro.<\/p>\n<\/li>\n<li>\n<p class=\"ds-markdown-paragraph\">Francesco Ciancia: Manufactura (desde el 1\/11).<\/p>\n<\/li>\n<li>\n<p class=\"ds-markdown-paragraph\">Jo\u00e3o Laranjo: Finanzas.<\/p>\n<\/li>\n<li>\n<p class=\"ds-markdown-paragraph\">Xavier Ch\u00e9reau: Recursos Humanos.<\/p>\n<\/li>\n<li>\n<p class=\"ds-markdown-paragraph\">Clara Ingen-Housz: Asuntos Corporativos y Comunicaciones.<\/p>\n<\/li>\n<li>\n<p class=\"ds-markdown-paragraph\">Ralph Gilles: Dise\u00f1o.<\/p>\n<\/li>\n<\/ul>\n<p>&nbsp;<\/p>\n<p><i>Para enterarte de m\u00e1s novedades, no dejes de leer\u00a0<\/i><a href=\"https:\/\/autofans.thebrandsoup.com\/\"><i>nuestras notas<\/i><\/a><i>, de ver\u00a0<\/i><a href=\"https:\/\/www.youtube.com\/channel\/UCgAC8UGHZYbT6P7PpmVnP7g\"><i>AUTOFANS TV<\/i><\/a><i>\u00a0en nuestro\u00a0canal de Youtube. Adem\u00e1s seguinos en\u00a0<\/i><a href=\"https:\/\/www.instagram.com\/autofanstv\/\"><i>INSTAGRAM<\/i><\/a><i> y <\/i><a href=\"https:\/\/www.facebook.com\/autofansmas\/\"><i>FACEBOOK<\/i><\/a><i> para no perderte nada sobre las novedades del segmento automotor de Argentina y el mundo.<\/i><\/p>\n","protected":false},"excerpt":{"rendered":"<p>Stellantis dio a conocer una reestructuraci\u00f3n en su equipo de liderazgo superior. Los cambios buscan&#8230;<\/p>\n","protected":false},"author":2,"featured_media":14378,"comment_status":"closed","ping_status":"closed","sticky":false,"template":"","format":"standard","meta":{"footnotes":""},"categories":[292,16],"tags":[6133,6920,6730,7530,7529,7528,37,7531],"class_list":["post-14376","post","type-post","status-publish","format-standard","has-post-thumbnail","hentry","category-empresas","category-noticias","tag-automotriz-argentina","tag-equipo-directivo-stellantis","tag-gestion-empresarial","tag-industria-automotor","tag-marcas-coches","tag-reestructuracion-automotriz","tag-stellantis","tag-stellantis-2026"],"yoast_head":"<!-- This site is optimized with the Yoast SEO plugin v27.5 - https:\/\/yoast.com\/product\/yoast-seo-wordpress\/ -->\n<title>Stellantis reconfigura su c\u00fapula directiva -<\/title>\n<meta name=\"description\" content=\"Stellantis dio a conocer una reestructuraci\u00f3n en su equipo de liderazgo superior. Los cambios buscan consolidar el rumbo de la empresa...\" \/>\n<meta name=\"robots\" content=\"index, follow, max-snippet:-1, max-image-preview:large, max-video-preview:-1\" \/>\n<link rel=\"canonical\" href=\"https:\/\/autofans.com.ar\/index.php\/2025\/10\/08\/stellantis-reconfigura-su-cupula-directiva\/\" \/>\n<meta property=\"og:locale\" content=\"es_ES\" \/>\n<meta property=\"og:type\" content=\"article\" \/>\n<meta property=\"og:title\" content=\"Stellantis reconfigura su c\u00fapula directiva -\" \/>\n<meta property=\"og:description\" content=\"Stellantis dio a conocer una reestructuraci\u00f3n en su equipo de liderazgo superior. Los cambios buscan consolidar el rumbo de la empresa...\" \/>\n<meta property=\"og:url\" content=\"https:\/\/autofans.com.ar\/index.php\/2025\/10\/08\/stellantis-reconfigura-su-cupula-directiva\/\" \/>\n<meta property=\"article:published_time\" content=\"2025-10-08T22:34:38+00:00\" \/>\n<meta property=\"og:image\" content=\"https:\/\/autofans.com.ar\/wp-content\/uploads\/2025\/10\/stellantis-3.jpg\" \/>\n\t<meta property=\"og:image:width\" content=\"1000\" \/>\n\t<meta property=\"og:image:height\" content=\"667\" \/>\n\t<meta property=\"og:image:type\" content=\"image\/jpeg\" \/>\n<meta name=\"author\" content=\"Alejandro Gabriel Rosito\" \/>\n<meta name=\"twitter:card\" content=\"summary_large_image\" \/>\n<meta name=\"twitter:label1\" content=\"Escrito por\" \/>\n\t<meta name=\"twitter:data1\" content=\"Alejandro Gabriel Rosito\" \/>\n\t<meta name=\"twitter:label2\" content=\"Tiempo de lectura\" \/>\n\t<meta name=\"twitter:data2\" content=\"3 minutos\" \/>\n<script type=\"application\/ld+json\" class=\"yoast-schema-graph\">{\"@context\":\"https:\\\/\\\/schema.org\",\"@graph\":[{\"@type\":\"Article\",\"@id\":\"https:\\\/\\\/autofans.com.ar\\\/index.php\\\/2025\\\/10\\\/08\\\/stellantis-reconfigura-su-cupula-directiva\\\/#article\",\"isPartOf\":{\"@id\":\"https:\\\/\\\/autofans.com.ar\\\/index.php\\\/2025\\\/10\\\/08\\\/stellantis-reconfigura-su-cupula-directiva\\\/\"},\"author\":{\"name\":\"Alejandro Gabriel Rosito\",\"@id\":\"https:\\\/\\\/autofans.com.ar\\\/#\\\/schema\\\/person\\\/4a8dda0b6df83ac3d6723e921274c2aa\"},\"headline\":\"Stellantis reconfigura su c\u00fapula directiva\",\"datePublished\":\"2025-10-08T22:34:38+00:00\",\"mainEntityOfPage\":{\"@id\":\"https:\\\/\\\/autofans.com.ar\\\/index.php\\\/2025\\\/10\\\/08\\\/stellantis-reconfigura-su-cupula-directiva\\\/\"},\"wordCount\":466,\"image\":{\"@id\":\"https:\\\/\\\/autofans.com.ar\\\/index.php\\\/2025\\\/10\\\/08\\\/stellantis-reconfigura-su-cupula-directiva\\\/#primaryimage\"},\"thumbnailUrl\":\"https:\\\/\\\/autofans.com.ar\\\/wp-content\\\/uploads\\\/2025\\\/10\\\/stellantis-3.jpg\",\"keywords\":[\"automotriz Argentina\",\"equipo directivo Stellantis\",\"gesti\u00f3n empresarial\",\"industria automotor\",\"marcas coches\",\"reestructuraci\u00f3n automotriz\",\"Stellantis\",\"Stellantis 2026\"],\"articleSection\":[\"EMPRESAS\",\"NOTICIAS\"],\"inLanguage\":\"es\"},{\"@type\":\"WebPage\",\"@id\":\"https:\\\/\\\/autofans.com.ar\\\/index.php\\\/2025\\\/10\\\/08\\\/stellantis-reconfigura-su-cupula-directiva\\\/\",\"url\":\"https:\\\/\\\/autofans.com.ar\\\/index.php\\\/2025\\\/10\\\/08\\\/stellantis-reconfigura-su-cupula-directiva\\\/\",\"name\":\"Stellantis reconfigura su c\u00fapula directiva -\",\"isPartOf\":{\"@id\":\"https:\\\/\\\/autofans.com.ar\\\/#website\"},\"primaryImageOfPage\":{\"@id\":\"https:\\\/\\\/autofans.com.ar\\\/index.php\\\/2025\\\/10\\\/08\\\/stellantis-reconfigura-su-cupula-directiva\\\/#primaryimage\"},\"image\":{\"@id\":\"https:\\\/\\\/autofans.com.ar\\\/index.php\\\/2025\\\/10\\\/08\\\/stellantis-reconfigura-su-cupula-directiva\\\/#primaryimage\"},\"thumbnailUrl\":\"https:\\\/\\\/autofans.com.ar\\\/wp-content\\\/uploads\\\/2025\\\/10\\\/stellantis-3.jpg\",\"datePublished\":\"2025-10-08T22:34:38+00:00\",\"author\":{\"@id\":\"https:\\\/\\\/autofans.com.ar\\\/#\\\/schema\\\/person\\\/4a8dda0b6df83ac3d6723e921274c2aa\"},\"description\":\"Stellantis dio a conocer una reestructuraci\u00f3n en su equipo de liderazgo superior. Los cambios buscan consolidar el rumbo de la empresa...\",\"breadcrumb\":{\"@id\":\"https:\\\/\\\/autofans.com.ar\\\/index.php\\\/2025\\\/10\\\/08\\\/stellantis-reconfigura-su-cupula-directiva\\\/#breadcrumb\"},\"inLanguage\":\"es\",\"potentialAction\":[{\"@type\":\"ReadAction\",\"target\":[\"https:\\\/\\\/autofans.com.ar\\\/index.php\\\/2025\\\/10\\\/08\\\/stellantis-reconfigura-su-cupula-directiva\\\/\"]}]},{\"@type\":\"ImageObject\",\"inLanguage\":\"es\",\"@id\":\"https:\\\/\\\/autofans.com.ar\\\/index.php\\\/2025\\\/10\\\/08\\\/stellantis-reconfigura-su-cupula-directiva\\\/#primaryimage\",\"url\":\"https:\\\/\\\/autofans.com.ar\\\/wp-content\\\/uploads\\\/2025\\\/10\\\/stellantis-3.jpg\",\"contentUrl\":\"https:\\\/\\\/autofans.com.ar\\\/wp-content\\\/uploads\\\/2025\\\/10\\\/stellantis-3.jpg\",\"width\":1000,\"height\":667,\"caption\":\"Stellantis\"},{\"@type\":\"BreadcrumbList\",\"@id\":\"https:\\\/\\\/autofans.com.ar\\\/index.php\\\/2025\\\/10\\\/08\\\/stellantis-reconfigura-su-cupula-directiva\\\/#breadcrumb\",\"itemListElement\":[{\"@type\":\"ListItem\",\"position\":1,\"name\":\"Inicio\",\"item\":\"https:\\\/\\\/autofans.com.ar\\\/\"},{\"@type\":\"ListItem\",\"position\":2,\"name\":\"Stellantis reconfigura su c\u00fapula directiva\"}]},{\"@type\":\"WebSite\",\"@id\":\"https:\\\/\\\/autofans.com.ar\\\/#website\",\"url\":\"https:\\\/\\\/autofans.com.ar\\\/\",\"name\":\"\",\"description\":\"El multimedio referente de la industria automotriz\",\"potentialAction\":[{\"@type\":\"SearchAction\",\"target\":{\"@type\":\"EntryPoint\",\"urlTemplate\":\"https:\\\/\\\/autofans.com.ar\\\/?s={search_term_string}\"},\"query-input\":{\"@type\":\"PropertyValueSpecification\",\"valueRequired\":true,\"valueName\":\"search_term_string\"}}],\"inLanguage\":\"es\"},{\"@type\":\"Person\",\"@id\":\"https:\\\/\\\/autofans.com.ar\\\/#\\\/schema\\\/person\\\/4a8dda0b6df83ac3d6723e921274c2aa\",\"name\":\"Alejandro Gabriel Rosito\",\"image\":{\"@type\":\"ImageObject\",\"inLanguage\":\"es\",\"@id\":\"https:\\\/\\\/secure.gravatar.com\\\/avatar\\\/16c5dda1489adfc62618084dcbb91cffd879c374b13fe5dd8e44ed6733852c88?s=96&d=mm&r=g\",\"url\":\"https:\\\/\\\/secure.gravatar.com\\\/avatar\\\/16c5dda1489adfc62618084dcbb91cffd879c374b13fe5dd8e44ed6733852c88?s=96&d=mm&r=g\",\"contentUrl\":\"https:\\\/\\\/secure.gravatar.com\\\/avatar\\\/16c5dda1489adfc62618084dcbb91cffd879c374b13fe5dd8e44ed6733852c88?s=96&d=mm&r=g\",\"caption\":\"Alejandro Gabriel Rosito\"},\"url\":\"https:\\\/\\\/autofans.com.ar\\\/index.php\\\/author\\\/gabrielr\\\/\"}]}<\/script>\n<!-- \/ Yoast SEO plugin. -->","yoast_head_json":{"title":"Stellantis reconfigura su c\u00fapula directiva -","description":"Stellantis dio a conocer una reestructuraci\u00f3n en su equipo de liderazgo superior. Los cambios buscan consolidar el rumbo de la empresa...","robots":{"index":"index","follow":"follow","max-snippet":"max-snippet:-1","max-image-preview":"max-image-preview:large","max-video-preview":"max-video-preview:-1"},"canonical":"https:\/\/autofans.com.ar\/index.php\/2025\/10\/08\/stellantis-reconfigura-su-cupula-directiva\/","og_locale":"es_ES","og_type":"article","og_title":"Stellantis reconfigura su c\u00fapula directiva -","og_description":"Stellantis dio a conocer una reestructuraci\u00f3n en su equipo de liderazgo superior. Los cambios buscan consolidar el rumbo de la empresa...","og_url":"https:\/\/autofans.com.ar\/index.php\/2025\/10\/08\/stellantis-reconfigura-su-cupula-directiva\/","article_published_time":"2025-10-08T22:34:38+00:00","og_image":[{"width":1000,"height":667,"url":"https:\/\/autofans.com.ar\/wp-content\/uploads\/2025\/10\/stellantis-3.jpg","type":"image\/jpeg"}],"author":"Alejandro Gabriel Rosito","twitter_card":"summary_large_image","twitter_misc":{"Escrito por":"Alejandro Gabriel Rosito","Tiempo de lectura":"3 minutos"},"schema":{"@context":"https:\/\/schema.org","@graph":[{"@type":"Article","@id":"https:\/\/autofans.com.ar\/index.php\/2025\/10\/08\/stellantis-reconfigura-su-cupula-directiva\/#article","isPartOf":{"@id":"https:\/\/autofans.com.ar\/index.php\/2025\/10\/08\/stellantis-reconfigura-su-cupula-directiva\/"},"author":{"name":"Alejandro Gabriel Rosito","@id":"https:\/\/autofans.com.ar\/#\/schema\/person\/4a8dda0b6df83ac3d6723e921274c2aa"},"headline":"Stellantis reconfigura su c\u00fapula directiva","datePublished":"2025-10-08T22:34:38+00:00","mainEntityOfPage":{"@id":"https:\/\/autofans.com.ar\/index.php\/2025\/10\/08\/stellantis-reconfigura-su-cupula-directiva\/"},"wordCount":466,"image":{"@id":"https:\/\/autofans.com.ar\/index.php\/2025\/10\/08\/stellantis-reconfigura-su-cupula-directiva\/#primaryimage"},"thumbnailUrl":"https:\/\/autofans.com.ar\/wp-content\/uploads\/2025\/10\/stellantis-3.jpg","keywords":["automotriz Argentina","equipo directivo Stellantis","gesti\u00f3n empresarial","industria automotor","marcas coches","reestructuraci\u00f3n automotriz","Stellantis","Stellantis 2026"],"articleSection":["EMPRESAS","NOTICIAS"],"inLanguage":"es"},{"@type":"WebPage","@id":"https:\/\/autofans.com.ar\/index.php\/2025\/10\/08\/stellantis-reconfigura-su-cupula-directiva\/","url":"https:\/\/autofans.com.ar\/index.php\/2025\/10\/08\/stellantis-reconfigura-su-cupula-directiva\/","name":"Stellantis reconfigura su c\u00fapula directiva -","isPartOf":{"@id":"https:\/\/autofans.com.ar\/#website"},"primaryImageOfPage":{"@id":"https:\/\/autofans.com.ar\/index.php\/2025\/10\/08\/stellantis-reconfigura-su-cupula-directiva\/#primaryimage"},"image":{"@id":"https:\/\/autofans.com.ar\/index.php\/2025\/10\/08\/stellantis-reconfigura-su-cupula-directiva\/#primaryimage"},"thumbnailUrl":"https:\/\/autofans.com.ar\/wp-content\/uploads\/2025\/10\/stellantis-3.jpg","datePublished":"2025-10-08T22:34:38+00:00","author":{"@id":"https:\/\/autofans.com.ar\/#\/schema\/person\/4a8dda0b6df83ac3d6723e921274c2aa"},"description":"Stellantis dio a conocer una reestructuraci\u00f3n en su equipo de liderazgo superior. Los cambios buscan consolidar el rumbo de la empresa...","breadcrumb":{"@id":"https:\/\/autofans.com.ar\/index.php\/2025\/10\/08\/stellantis-reconfigura-su-cupula-directiva\/#breadcrumb"},"inLanguage":"es","potentialAction":[{"@type":"ReadAction","target":["https:\/\/autofans.com.ar\/index.php\/2025\/10\/08\/stellantis-reconfigura-su-cupula-directiva\/"]}]},{"@type":"ImageObject","inLanguage":"es","@id":"https:\/\/autofans.com.ar\/index.php\/2025\/10\/08\/stellantis-reconfigura-su-cupula-directiva\/#primaryimage","url":"https:\/\/autofans.com.ar\/wp-content\/uploads\/2025\/10\/stellantis-3.jpg","contentUrl":"https:\/\/autofans.com.ar\/wp-content\/uploads\/2025\/10\/stellantis-3.jpg","width":1000,"height":667,"caption":"Stellantis"},{"@type":"BreadcrumbList","@id":"https:\/\/autofans.com.ar\/index.php\/2025\/10\/08\/stellantis-reconfigura-su-cupula-directiva\/#breadcrumb","itemListElement":[{"@type":"ListItem","position":1,"name":"Inicio","item":"https:\/\/autofans.com.ar\/"},{"@type":"ListItem","position":2,"name":"Stellantis reconfigura su c\u00fapula directiva"}]},{"@type":"WebSite","@id":"https:\/\/autofans.com.ar\/#website","url":"https:\/\/autofans.com.ar\/","name":"","description":"El multimedio referente de la industria automotriz","potentialAction":[{"@type":"SearchAction","target":{"@type":"EntryPoint","urlTemplate":"https:\/\/autofans.com.ar\/?s={search_term_string}"},"query-input":{"@type":"PropertyValueSpecification","valueRequired":true,"valueName":"search_term_string"}}],"inLanguage":"es"},{"@type":"Person","@id":"https:\/\/autofans.com.ar\/#\/schema\/person\/4a8dda0b6df83ac3d6723e921274c2aa","name":"Alejandro Gabriel Rosito","image":{"@type":"ImageObject","inLanguage":"es","@id":"https:\/\/secure.gravatar.com\/avatar\/16c5dda1489adfc62618084dcbb91cffd879c374b13fe5dd8e44ed6733852c88?s=96&d=mm&r=g","url":"https:\/\/secure.gravatar.com\/avatar\/16c5dda1489adfc62618084dcbb91cffd879c374b13fe5dd8e44ed6733852c88?s=96&d=mm&r=g","contentUrl":"https:\/\/secure.gravatar.com\/avatar\/16c5dda1489adfc62618084dcbb91cffd879c374b13fe5dd8e44ed6733852c88?s=96&d=mm&r=g","caption":"Alejandro Gabriel Rosito"},"url":"https:\/\/autofans.com.ar\/index.php\/author\/gabrielr\/"}]}},"featured_image_urls":{"full":["https:\/\/autofans.com.ar\/wp-content\/uploads\/2025\/10\/stellantis-3.jpg",1000,667,false],"thumbnail":["https:\/\/autofans.com.ar\/wp-content\/uploads\/2025\/10\/stellantis-3-150x150.jpg",150,150,true],"medium":["https:\/\/autofans.com.ar\/wp-content\/uploads\/2025\/10\/stellantis-3-300x200.jpg",300,200,true],"medium_large":["https:\/\/autofans.com.ar\/wp-content\/uploads\/2025\/10\/stellantis-3-768x512.jpg",640,427,true],"large":["https:\/\/autofans.com.ar\/wp-content\/uploads\/2025\/10\/stellantis-3.jpg",640,427,false],"1536x1536":["https:\/\/autofans.com.ar\/wp-content\/uploads\/2025\/10\/stellantis-3.jpg",1000,667,false],"2048x2048":["https:\/\/autofans.com.ar\/wp-content\/uploads\/2025\/10\/stellantis-3.jpg",1000,667,false],"covernews-featured":["https:\/\/autofans.com.ar\/wp-content\/uploads\/2025\/10\/stellantis-3.jpg",1000,667,false],"covernews-medium":["https:\/\/autofans.com.ar\/wp-content\/uploads\/2025\/10\/stellantis-3-540x340.jpg",540,340,true]},"author_info":{"display_name":"Alejandro Gabriel Rosito","author_link":"https:\/\/autofans.com.ar\/index.php\/author\/gabrielr\/"},"category_info":"<a href=\"https:\/\/autofans.com.ar\/index.php\/category\/noticias\/empresas\/\" rel=\"category tag\">EMPRESAS<\/a> <a href=\"https:\/\/autofans.com.ar\/index.php\/category\/noticias\/\" rel=\"category tag\">NOTICIAS<\/a>","tag_info":"NOTICIAS","comment_count":0,"_links":{"self":[{"href":"https:\/\/autofans.com.ar\/index.php\/wp-json\/wp\/v2\/posts\/14376","targetHints":{"allow":["GET"]}}],"collection":[{"href":"https:\/\/autofans.com.ar\/index.php\/wp-json\/wp\/v2\/posts"}],"about":[{"href":"https:\/\/autofans.com.ar\/index.php\/wp-json\/wp\/v2\/types\/post"}],"author":[{"embeddable":true,"href":"https:\/\/autofans.com.ar\/index.php\/wp-json\/wp\/v2\/users\/2"}],"replies":[{"embeddable":true,"href":"https:\/\/autofans.com.ar\/index.php\/wp-json\/wp\/v2\/comments?post=14376"}],"version-history":[{"count":4,"href":"https:\/\/autofans.com.ar\/index.php\/wp-json\/wp\/v2\/posts\/14376\/revisions"}],"predecessor-version":[{"id":14383,"href":"https:\/\/autofans.com.ar\/index.php\/wp-json\/wp\/v2\/posts\/14376\/revisions\/14383"}],"wp:featuredmedia":[{"embeddable":true,"href":"https:\/\/autofans.com.ar\/index.php\/wp-json\/wp\/v2\/media\/14378"}],"wp:attachment":[{"href":"https:\/\/autofans.com.ar\/index.php\/wp-json\/wp\/v2\/media?parent=14376"}],"wp:term":[{"taxonomy":"category","embeddable":true,"href":"https:\/\/autofans.com.ar\/index.php\/wp-json\/wp\/v2\/categories?post=14376"},{"taxonomy":"post_tag","embeddable":true,"href":"https:\/\/autofans.com.ar\/index.php\/wp-json\/wp\/v2\/tags?post=14376"}],"curies":[{"name":"wp","href":"https:\/\/api.w.org\/{rel}","templated":true}]}}