{"id":14384,"date":"2025-10-09T17:00:59","date_gmt":"2025-10-09T20:00:59","guid":{"rendered":"https:\/\/autofans.com.ar\/?p=14384"},"modified":"2025-10-09T17:02:30","modified_gmt":"2025-10-09T20:02:30","slug":"asi-es-la-nueva-ram-dakota-que-se-fabricara-en-argentina","status":"publish","type":"post","link":"https:\/\/autofans.com.ar\/index.php\/2025\/10\/09\/asi-es-la-nueva-ram-dakota-que-se-fabricara-en-argentina\/","title":{"rendered":"As\u00ed es la nueva Ram Dakota, que se fabricar\u00e1 en Argentina"},"content":{"rendered":"<p class=\"ds-markdown-paragraph\">Ram acaba de dar un paso crucial con su nueva pick-up mediana para Sudam\u00e9rica. A trav\u00e9s de un video exclusivo, la marca mostr\u00f3 las primeras im\u00e1genes oficiales de la versi\u00f3n final de la Dakota, un nombre con historia y peso en el mercado argentino que ahora regresa.<\/p>\n<p>&nbsp;<\/p>\n<h2 class=\"ds-markdown-paragraph\">El dise\u00f1o de la nueva Ram Dakota<\/h2>\n<p>&nbsp;<\/p>\n<p><img fetchpriority=\"high\" decoding=\"async\" class=\"aligncenter wp-image-14387 size-full\" src=\"https:\/\/autofans.com.ar\/wp-content\/uploads\/2025\/10\/ram-5-1.jpg\" alt=\"\" width=\"1000\" height=\"667\" srcset=\"https:\/\/autofans.com.ar\/wp-content\/uploads\/2025\/10\/ram-5-1.jpg 1000w, https:\/\/autofans.com.ar\/wp-content\/uploads\/2025\/10\/ram-5-1-300x200.jpg 300w, https:\/\/autofans.com.ar\/wp-content\/uploads\/2025\/10\/ram-5-1-768x512.jpg 768w\" sizes=\"(max-width: 1000px) 100vw, 1000px\" \/><\/p>\n<p>&nbsp;<\/p>\n<p class=\"ds-markdown-paragraph\">Las l\u00edneas y los elementos exteriores que se hab\u00edan anticipado con el prototipo Ram Dakota Nightfall en agosto se confirman en este adelanto. La est\u00e9tica mantiene el ADN de la marca, prometiendo un veh\u00edculo que combina presencia y modernidad.<\/p>\n<p>&nbsp;<\/p>\n<h2 class=\"ds-markdown-paragraph\">El interior &#8211; tecnolog\u00eda y confort premium<\/h2>\n<p>&nbsp;<\/p>\n<p><img decoding=\"async\" class=\"aligncenter wp-image-14385 size-full\" src=\"https:\/\/autofans.com.ar\/wp-content\/uploads\/2025\/10\/ram-7.jpg\" alt=\"\" width=\"1000\" height=\"667\" srcset=\"https:\/\/autofans.com.ar\/wp-content\/uploads\/2025\/10\/ram-7.jpg 1000w, https:\/\/autofans.com.ar\/wp-content\/uploads\/2025\/10\/ram-7-300x200.jpg 300w, https:\/\/autofans.com.ar\/wp-content\/uploads\/2025\/10\/ram-7-768x512.jpg 768w\" sizes=\"(max-width: 1000px) 100vw, 1000px\" \/><\/p>\n<p>&nbsp;<\/p>\n<p class=\"ds-markdown-paragraph\">Por primera vez, el video permite echar un vistazo al habit\u00e1culo. All\u00ed se ve una cabina que integra materiales de alta gama y un equipamiento tecnol\u00f3gico a la altura de la firma. El espacio para los ocupantes prioriza el confort y la experiencia de conducci\u00f3n.<\/p>\n<p>&nbsp;<\/p>\n<h2 class=\"ds-markdown-paragraph\">Fabricaci\u00f3n local y compromiso regional<\/h2>\n<p>&nbsp;<\/p>\n<div id='gallery-1' class='gallery galleryid-14384 gallery-columns-3 gallery-size-full'><figure class='gallery-item'>\n\t\t\t<div class='gallery-icon landscape'>\n\t\t\t\t<a href='https:\/\/autofans.com.ar\/index.php\/2025\/10\/09\/asi-es-la-nueva-ram-dakota-que-se-fabricara-en-argentina\/ram-6-6\/'><img loading=\"lazy\" width=\"1000\" height=\"667\" src=\"https:\/\/autofans.com.ar\/wp-content\/uploads\/2025\/10\/ram-6.jpg\" class=\"attachment-full size-full\" alt=\"ram-6\" srcset=\"https:\/\/autofans.com.ar\/wp-content\/uploads\/2025\/10\/ram-6.jpg 1000w, https:\/\/autofans.com.ar\/wp-content\/uploads\/2025\/10\/ram-6-300x200.jpg 300w, https:\/\/autofans.com.ar\/wp-content\/uploads\/2025\/10\/ram-6-768x512.jpg 768w\" sizes=\"auto, (max-width: 1000px) 100vw, 1000px\" loading=\"lazy\" decoding=\"async\" \/><\/a>\n\t\t\t<\/div><\/figure><figure class='gallery-item'>\n\t\t\t<div class='gallery-icon landscape'>\n\t\t\t\t<a href='https:\/\/autofans.com.ar\/index.php\/2025\/10\/09\/asi-es-la-nueva-ram-dakota-que-se-fabricara-en-argentina\/ram-4-11\/'><img loading=\"lazy\" width=\"1000\" height=\"667\" src=\"https:\/\/autofans.com.ar\/wp-content\/uploads\/2025\/10\/ram-4-1.jpg\" class=\"attachment-full size-full\" alt=\"ram-4\" srcset=\"https:\/\/autofans.com.ar\/wp-content\/uploads\/2025\/10\/ram-4-1.jpg 1000w, https:\/\/autofans.com.ar\/wp-content\/uploads\/2025\/10\/ram-4-1-300x200.jpg 300w, https:\/\/autofans.com.ar\/wp-content\/uploads\/2025\/10\/ram-4-1-768x512.jpg 768w\" sizes=\"auto, (max-width: 1000px) 100vw, 1000px\" loading=\"lazy\" decoding=\"async\" \/><\/a>\n\t\t\t<\/div><\/figure><figure class='gallery-item'>\n\t\t\t<div class='gallery-icon landscape'>\n\t\t\t\t<a href='https:\/\/autofans.com.ar\/index.php\/2025\/10\/09\/asi-es-la-nueva-ram-dakota-que-se-fabricara-en-argentina\/ram-3-15\/'><img loading=\"lazy\" width=\"1000\" height=\"667\" src=\"https:\/\/autofans.com.ar\/wp-content\/uploads\/2025\/10\/ram-3-1.jpg\" class=\"attachment-full size-full\" alt=\"ram-3\" srcset=\"https:\/\/autofans.com.ar\/wp-content\/uploads\/2025\/10\/ram-3-1.jpg 1000w, https:\/\/autofans.com.ar\/wp-content\/uploads\/2025\/10\/ram-3-1-300x200.jpg 300w, https:\/\/autofans.com.ar\/wp-content\/uploads\/2025\/10\/ram-3-1-768x512.jpg 768w\" sizes=\"auto, (max-width: 1000px) 100vw, 1000px\" loading=\"lazy\" decoding=\"async\" \/><\/a>\n\t\t\t<\/div><\/figure>\n\t\t<\/div>\n\n<p>&nbsp;<\/p>\n<p class=\"ds-markdown-paragraph\">La nueva Ram Dakota se producir\u00e1 en la planta cordobesa de Stellantis. Esta decisi\u00f3n refuerza la apuesta industrial de la compa\u00f1\u00eda en Argentina y la regi\u00f3n. El modelo reinterpreta el legado del nombre bajo los pilares de Fuerza, Capacidad, Sofisticaci\u00f3n y Tecnolog\u00eda.<\/p>\n<p class=\"ds-markdown-paragraph\">En los pr\u00f3ximos d\u00edas, se espera que Ram anuncie m\u00e1s detalles t\u00e9cnicos, equipamientos y la fecha exacta de lanzamiento. Mantenete al tanto siguiendo las redes sociales de la marca para no perderte ninguna novedad.<\/p>\n<p>&nbsp;<\/p>\n<p>&nbsp;<\/p>\n<p><center><iframe title=\"As\u00ed es la nueva Ram Dakota, que se fabricar\u00e1 en Argentina\" width=\"640\" height=\"360\" src=\"https:\/\/www.youtube.com\/embed\/gOqzpg5iBnI?feature=oembed\" frameborder=\"0\" allow=\"accelerometer; autoplay; clipboard-write; encrypted-media; gyroscope; picture-in-picture; web-share\" referrerpolicy=\"strict-origin-when-cross-origin\" allowfullscreen><\/iframe><\/p>\n<p>&nbsp;<\/p>\n<p>&nbsp;<\/p>\n<p><\/center>&nbsp;<\/p>\n<p>&nbsp;<\/p>\n<p><i>Para enterarte de m\u00e1s novedades, no dejes de leer\u00a0<\/i><a href=\"https:\/\/autofans.thebrandsoup.com\/\"><i>nuestras notas<\/i><\/a><i>, de ver\u00a0<\/i><a href=\"https:\/\/www.youtube.com\/channel\/UCgAC8UGHZYbT6P7PpmVnP7g\"><i>AUTOFANS TV<\/i><\/a><i>\u00a0en nuestro\u00a0canal de Youtube. Adem\u00e1s seguinos en\u00a0<\/i><a href=\"https:\/\/www.instagram.com\/autofanstv\/\"><i>INSTAGRAM<\/i><\/a><i> y <\/i><a href=\"https:\/\/www.facebook.com\/autofansmas\/\"><i>FACEBOOK<\/i><\/a><i> para no perderte nada sobre las novedades del segmento automotor de Argentina y el mundo.<\/i><\/p>\n","protected":false},"excerpt":{"rendered":"<p>Ram acaba de dar un paso crucial con su nueva pick-up mediana para Sudam\u00e9rica. A&#8230;<\/p>\n","protected":false},"author":2,"featured_media":14391,"comment_status":"closed","ping_status":"closed","sticky":false,"template":"","format":"standard","meta":{"footnotes":""},"categories":[16,5],"tags":[7533,7535,7534,7536,7180,7532,2927,7178,108],"class_list":["post-14384","post","type-post","status-publish","format-standard","has-post-thumbnail","hentry","category-noticias","category-otros","tag-camioneta-ram","tag-dakota-nightfall","tag-fabricacion-cordoba","tag-interior-ram-dakota","tag-lanzamiento-ram-2024","tag-nueva-pick-up-mediana","tag-pick-up-argentina","tag-ram-dakota","tag-stellantis-argentina"],"yoast_head":"<!-- This site is optimized with the Yoast SEO plugin v27.5 - https:\/\/yoast.com\/product\/yoast-seo-wordpress\/ -->\n<title>As\u00ed es la nueva Ram Dakota, que se fabricar\u00e1 en Argentina -<\/title>\n<meta name=\"description\" content=\"Ram acaba de dar un paso crucial con su nueva pick-up mediana para Sudam\u00e9rica. La marca mostr\u00f3 las primeras im\u00e1genes oficiales...\" \/>\n<meta name=\"robots\" content=\"index, follow, max-snippet:-1, max-image-preview:large, max-video-preview:-1\" \/>\n<link rel=\"canonical\" href=\"https:\/\/autofans.com.ar\/index.php\/2025\/10\/09\/asi-es-la-nueva-ram-dakota-que-se-fabricara-en-argentina\/\" \/>\n<meta property=\"og:locale\" content=\"es_ES\" \/>\n<meta property=\"og:type\" content=\"article\" \/>\n<meta property=\"og:title\" content=\"As\u00ed es la nueva Ram Dakota, que se fabricar\u00e1 en Argentina -\" \/>\n<meta property=\"og:description\" content=\"Ram acaba de dar un paso crucial con su nueva pick-up mediana para Sudam\u00e9rica. La marca mostr\u00f3 las primeras im\u00e1genes oficiales...\" \/>\n<meta property=\"og:url\" content=\"https:\/\/autofans.com.ar\/index.php\/2025\/10\/09\/asi-es-la-nueva-ram-dakota-que-se-fabricara-en-argentina\/\" \/>\n<meta property=\"article:published_time\" content=\"2025-10-09T20:00:59+00:00\" \/>\n<meta property=\"article:modified_time\" content=\"2025-10-09T20:02:30+00:00\" \/>\n<meta property=\"og:image\" content=\"https:\/\/autofans.com.ar\/wp-content\/uploads\/2025\/10\/ram-1-1.jpg\" \/>\n\t<meta property=\"og:image:width\" content=\"1000\" \/>\n\t<meta property=\"og:image:height\" content=\"667\" \/>\n\t<meta property=\"og:image:type\" content=\"image\/jpeg\" \/>\n<meta name=\"author\" content=\"Alejandro Gabriel Rosito\" \/>\n<meta name=\"twitter:card\" content=\"summary_large_image\" \/>\n<meta name=\"twitter:label1\" content=\"Escrito por\" \/>\n\t<meta name=\"twitter:data1\" content=\"Alejandro Gabriel Rosito\" \/>\n\t<meta name=\"twitter:label2\" content=\"Tiempo de lectura\" \/>\n\t<meta name=\"twitter:data2\" content=\"2 minutos\" \/>\n<script type=\"application\/ld+json\" class=\"yoast-schema-graph\">{\"@context\":\"https:\\\/\\\/schema.org\",\"@graph\":[{\"@type\":\"Article\",\"@id\":\"https:\\\/\\\/autofans.com.ar\\\/index.php\\\/2025\\\/10\\\/09\\\/asi-es-la-nueva-ram-dakota-que-se-fabricara-en-argentina\\\/#article\",\"isPartOf\":{\"@id\":\"https:\\\/\\\/autofans.com.ar\\\/index.php\\\/2025\\\/10\\\/09\\\/asi-es-la-nueva-ram-dakota-que-se-fabricara-en-argentina\\\/\"},\"author\":{\"name\":\"Alejandro Gabriel Rosito\",\"@id\":\"https:\\\/\\\/autofans.com.ar\\\/#\\\/schema\\\/person\\\/4a8dda0b6df83ac3d6723e921274c2aa\"},\"headline\":\"As\u00ed es la nueva Ram Dakota, que se fabricar\u00e1 en Argentina\",\"datePublished\":\"2025-10-09T20:00:59+00:00\",\"dateModified\":\"2025-10-09T20:02:30+00:00\",\"mainEntityOfPage\":{\"@id\":\"https:\\\/\\\/autofans.com.ar\\\/index.php\\\/2025\\\/10\\\/09\\\/asi-es-la-nueva-ram-dakota-que-se-fabricara-en-argentina\\\/\"},\"wordCount\":329,\"image\":{\"@id\":\"https:\\\/\\\/autofans.com.ar\\\/index.php\\\/2025\\\/10\\\/09\\\/asi-es-la-nueva-ram-dakota-que-se-fabricara-en-argentina\\\/#primaryimage\"},\"thumbnailUrl\":\"https:\\\/\\\/autofans.com.ar\\\/wp-content\\\/uploads\\\/2025\\\/10\\\/ram-1-1.jpg\",\"keywords\":[\"camioneta Ram\",\"Dakota Nightfall\",\"fabricaci\u00f3n C\u00f3rdoba\",\"interior Ram Dakota\",\"lanzamiento RAM 2024\",\"nueva pick-up mediana\",\"Pick-up Argentina\",\"RAM Dakota\",\"Stellantis Argentina\"],\"articleSection\":[\"NOTICIAS\",\"PICK UPs, UTILITARIOS Y OTROS\"],\"inLanguage\":\"es\"},{\"@type\":\"WebPage\",\"@id\":\"https:\\\/\\\/autofans.com.ar\\\/index.php\\\/2025\\\/10\\\/09\\\/asi-es-la-nueva-ram-dakota-que-se-fabricara-en-argentina\\\/\",\"url\":\"https:\\\/\\\/autofans.com.ar\\\/index.php\\\/2025\\\/10\\\/09\\\/asi-es-la-nueva-ram-dakota-que-se-fabricara-en-argentina\\\/\",\"name\":\"As\u00ed es la nueva Ram Dakota, que se fabricar\u00e1 en Argentina -\",\"isPartOf\":{\"@id\":\"https:\\\/\\\/autofans.com.ar\\\/#website\"},\"primaryImageOfPage\":{\"@id\":\"https:\\\/\\\/autofans.com.ar\\\/index.php\\\/2025\\\/10\\\/09\\\/asi-es-la-nueva-ram-dakota-que-se-fabricara-en-argentina\\\/#primaryimage\"},\"image\":{\"@id\":\"https:\\\/\\\/autofans.com.ar\\\/index.php\\\/2025\\\/10\\\/09\\\/asi-es-la-nueva-ram-dakota-que-se-fabricara-en-argentina\\\/#primaryimage\"},\"thumbnailUrl\":\"https:\\\/\\\/autofans.com.ar\\\/wp-content\\\/uploads\\\/2025\\\/10\\\/ram-1-1.jpg\",\"datePublished\":\"2025-10-09T20:00:59+00:00\",\"dateModified\":\"2025-10-09T20:02:30+00:00\",\"author\":{\"@id\":\"https:\\\/\\\/autofans.com.ar\\\/#\\\/schema\\\/person\\\/4a8dda0b6df83ac3d6723e921274c2aa\"},\"description\":\"Ram acaba de dar un paso crucial con su nueva pick-up mediana para Sudam\u00e9rica. La marca mostr\u00f3 las primeras im\u00e1genes oficiales...\",\"breadcrumb\":{\"@id\":\"https:\\\/\\\/autofans.com.ar\\\/index.php\\\/2025\\\/10\\\/09\\\/asi-es-la-nueva-ram-dakota-que-se-fabricara-en-argentina\\\/#breadcrumb\"},\"inLanguage\":\"es\",\"potentialAction\":[{\"@type\":\"ReadAction\",\"target\":[\"https:\\\/\\\/autofans.com.ar\\\/index.php\\\/2025\\\/10\\\/09\\\/asi-es-la-nueva-ram-dakota-que-se-fabricara-en-argentina\\\/\"]}]},{\"@type\":\"ImageObject\",\"inLanguage\":\"es\",\"@id\":\"https:\\\/\\\/autofans.com.ar\\\/index.php\\\/2025\\\/10\\\/09\\\/asi-es-la-nueva-ram-dakota-que-se-fabricara-en-argentina\\\/#primaryimage\",\"url\":\"https:\\\/\\\/autofans.com.ar\\\/wp-content\\\/uploads\\\/2025\\\/10\\\/ram-1-1.jpg\",\"contentUrl\":\"https:\\\/\\\/autofans.com.ar\\\/wp-content\\\/uploads\\\/2025\\\/10\\\/ram-1-1.jpg\",\"width\":1000,\"height\":667},{\"@type\":\"BreadcrumbList\",\"@id\":\"https:\\\/\\\/autofans.com.ar\\\/index.php\\\/2025\\\/10\\\/09\\\/asi-es-la-nueva-ram-dakota-que-se-fabricara-en-argentina\\\/#breadcrumb\",\"itemListElement\":[{\"@type\":\"ListItem\",\"position\":1,\"name\":\"Inicio\",\"item\":\"https:\\\/\\\/autofans.com.ar\\\/\"},{\"@type\":\"ListItem\",\"position\":2,\"name\":\"As\u00ed es la nueva Ram Dakota, que se fabricar\u00e1 en Argentina\"}]},{\"@type\":\"WebSite\",\"@id\":\"https:\\\/\\\/autofans.com.ar\\\/#website\",\"url\":\"https:\\\/\\\/autofans.com.ar\\\/\",\"name\":\"\",\"description\":\"El multimedio referente de la industria automotriz\",\"potentialAction\":[{\"@type\":\"SearchAction\",\"target\":{\"@type\":\"EntryPoint\",\"urlTemplate\":\"https:\\\/\\\/autofans.com.ar\\\/?s={search_term_string}\"},\"query-input\":{\"@type\":\"PropertyValueSpecification\",\"valueRequired\":true,\"valueName\":\"search_term_string\"}}],\"inLanguage\":\"es\"},{\"@type\":\"Person\",\"@id\":\"https:\\\/\\\/autofans.com.ar\\\/#\\\/schema\\\/person\\\/4a8dda0b6df83ac3d6723e921274c2aa\",\"name\":\"Alejandro Gabriel Rosito\",\"image\":{\"@type\":\"ImageObject\",\"inLanguage\":\"es\",\"@id\":\"https:\\\/\\\/secure.gravatar.com\\\/avatar\\\/16c5dda1489adfc62618084dcbb91cffd879c374b13fe5dd8e44ed6733852c88?s=96&d=mm&r=g\",\"url\":\"https:\\\/\\\/secure.gravatar.com\\\/avatar\\\/16c5dda1489adfc62618084dcbb91cffd879c374b13fe5dd8e44ed6733852c88?s=96&d=mm&r=g\",\"contentUrl\":\"https:\\\/\\\/secure.gravatar.com\\\/avatar\\\/16c5dda1489adfc62618084dcbb91cffd879c374b13fe5dd8e44ed6733852c88?s=96&d=mm&r=g\",\"caption\":\"Alejandro Gabriel Rosito\"},\"url\":\"https:\\\/\\\/autofans.com.ar\\\/index.php\\\/author\\\/gabrielr\\\/\"}]}<\/script>\n<!-- \/ Yoast SEO plugin. -->","yoast_head_json":{"title":"As\u00ed es la nueva Ram Dakota, que se fabricar\u00e1 en Argentina -","description":"Ram acaba de dar un paso crucial con su nueva pick-up mediana para Sudam\u00e9rica. La marca mostr\u00f3 las primeras im\u00e1genes oficiales...","robots":{"index":"index","follow":"follow","max-snippet":"max-snippet:-1","max-image-preview":"max-image-preview:large","max-video-preview":"max-video-preview:-1"},"canonical":"https:\/\/autofans.com.ar\/index.php\/2025\/10\/09\/asi-es-la-nueva-ram-dakota-que-se-fabricara-en-argentina\/","og_locale":"es_ES","og_type":"article","og_title":"As\u00ed es la nueva Ram Dakota, que se fabricar\u00e1 en Argentina -","og_description":"Ram acaba de dar un paso crucial con su nueva pick-up mediana para Sudam\u00e9rica. La marca mostr\u00f3 las primeras im\u00e1genes oficiales...","og_url":"https:\/\/autofans.com.ar\/index.php\/2025\/10\/09\/asi-es-la-nueva-ram-dakota-que-se-fabricara-en-argentina\/","article_published_time":"2025-10-09T20:00:59+00:00","article_modified_time":"2025-10-09T20:02:30+00:00","og_image":[{"width":1000,"height":667,"url":"https:\/\/autofans.com.ar\/wp-content\/uploads\/2025\/10\/ram-1-1.jpg","type":"image\/jpeg"}],"author":"Alejandro Gabriel Rosito","twitter_card":"summary_large_image","twitter_misc":{"Escrito por":"Alejandro Gabriel Rosito","Tiempo de lectura":"2 minutos"},"schema":{"@context":"https:\/\/schema.org","@graph":[{"@type":"Article","@id":"https:\/\/autofans.com.ar\/index.php\/2025\/10\/09\/asi-es-la-nueva-ram-dakota-que-se-fabricara-en-argentina\/#article","isPartOf":{"@id":"https:\/\/autofans.com.ar\/index.php\/2025\/10\/09\/asi-es-la-nueva-ram-dakota-que-se-fabricara-en-argentina\/"},"author":{"name":"Alejandro Gabriel Rosito","@id":"https:\/\/autofans.com.ar\/#\/schema\/person\/4a8dda0b6df83ac3d6723e921274c2aa"},"headline":"As\u00ed es la nueva Ram Dakota, que se fabricar\u00e1 en Argentina","datePublished":"2025-10-09T20:00:59+00:00","dateModified":"2025-10-09T20:02:30+00:00","mainEntityOfPage":{"@id":"https:\/\/autofans.com.ar\/index.php\/2025\/10\/09\/asi-es-la-nueva-ram-dakota-que-se-fabricara-en-argentina\/"},"wordCount":329,"image":{"@id":"https:\/\/autofans.com.ar\/index.php\/2025\/10\/09\/asi-es-la-nueva-ram-dakota-que-se-fabricara-en-argentina\/#primaryimage"},"thumbnailUrl":"https:\/\/autofans.com.ar\/wp-content\/uploads\/2025\/10\/ram-1-1.jpg","keywords":["camioneta Ram","Dakota Nightfall","fabricaci\u00f3n C\u00f3rdoba","interior Ram Dakota","lanzamiento RAM 2024","nueva pick-up mediana","Pick-up Argentina","RAM Dakota","Stellantis Argentina"],"articleSection":["NOTICIAS","PICK UPs, UTILITARIOS Y OTROS"],"inLanguage":"es"},{"@type":"WebPage","@id":"https:\/\/autofans.com.ar\/index.php\/2025\/10\/09\/asi-es-la-nueva-ram-dakota-que-se-fabricara-en-argentina\/","url":"https:\/\/autofans.com.ar\/index.php\/2025\/10\/09\/asi-es-la-nueva-ram-dakota-que-se-fabricara-en-argentina\/","name":"As\u00ed es la nueva Ram Dakota, que se fabricar\u00e1 en Argentina -","isPartOf":{"@id":"https:\/\/autofans.com.ar\/#website"},"primaryImageOfPage":{"@id":"https:\/\/autofans.com.ar\/index.php\/2025\/10\/09\/asi-es-la-nueva-ram-dakota-que-se-fabricara-en-argentina\/#primaryimage"},"image":{"@id":"https:\/\/autofans.com.ar\/index.php\/2025\/10\/09\/asi-es-la-nueva-ram-dakota-que-se-fabricara-en-argentina\/#primaryimage"},"thumbnailUrl":"https:\/\/autofans.com.ar\/wp-content\/uploads\/2025\/10\/ram-1-1.jpg","datePublished":"2025-10-09T20:00:59+00:00","dateModified":"2025-10-09T20:02:30+00:00","author":{"@id":"https:\/\/autofans.com.ar\/#\/schema\/person\/4a8dda0b6df83ac3d6723e921274c2aa"},"description":"Ram acaba de dar un paso crucial con su nueva pick-up mediana para Sudam\u00e9rica. La marca mostr\u00f3 las primeras im\u00e1genes oficiales...","breadcrumb":{"@id":"https:\/\/autofans.com.ar\/index.php\/2025\/10\/09\/asi-es-la-nueva-ram-dakota-que-se-fabricara-en-argentina\/#breadcrumb"},"inLanguage":"es","potentialAction":[{"@type":"ReadAction","target":["https:\/\/autofans.com.ar\/index.php\/2025\/10\/09\/asi-es-la-nueva-ram-dakota-que-se-fabricara-en-argentina\/"]}]},{"@type":"ImageObject","inLanguage":"es","@id":"https:\/\/autofans.com.ar\/index.php\/2025\/10\/09\/asi-es-la-nueva-ram-dakota-que-se-fabricara-en-argentina\/#primaryimage","url":"https:\/\/autofans.com.ar\/wp-content\/uploads\/2025\/10\/ram-1-1.jpg","contentUrl":"https:\/\/autofans.com.ar\/wp-content\/uploads\/2025\/10\/ram-1-1.jpg","width":1000,"height":667},{"@type":"BreadcrumbList","@id":"https:\/\/autofans.com.ar\/index.php\/2025\/10\/09\/asi-es-la-nueva-ram-dakota-que-se-fabricara-en-argentina\/#breadcrumb","itemListElement":[{"@type":"ListItem","position":1,"name":"Inicio","item":"https:\/\/autofans.com.ar\/"},{"@type":"ListItem","position":2,"name":"As\u00ed es la nueva Ram Dakota, que se fabricar\u00e1 en Argentina"}]},{"@type":"WebSite","@id":"https:\/\/autofans.com.ar\/#website","url":"https:\/\/autofans.com.ar\/","name":"","description":"El multimedio referente de la industria automotriz","potentialAction":[{"@type":"SearchAction","target":{"@type":"EntryPoint","urlTemplate":"https:\/\/autofans.com.ar\/?s={search_term_string}"},"query-input":{"@type":"PropertyValueSpecification","valueRequired":true,"valueName":"search_term_string"}}],"inLanguage":"es"},{"@type":"Person","@id":"https:\/\/autofans.com.ar\/#\/schema\/person\/4a8dda0b6df83ac3d6723e921274c2aa","name":"Alejandro Gabriel Rosito","image":{"@type":"ImageObject","inLanguage":"es","@id":"https:\/\/secure.gravatar.com\/avatar\/16c5dda1489adfc62618084dcbb91cffd879c374b13fe5dd8e44ed6733852c88?s=96&d=mm&r=g","url":"https:\/\/secure.gravatar.com\/avatar\/16c5dda1489adfc62618084dcbb91cffd879c374b13fe5dd8e44ed6733852c88?s=96&d=mm&r=g","contentUrl":"https:\/\/secure.gravatar.com\/avatar\/16c5dda1489adfc62618084dcbb91cffd879c374b13fe5dd8e44ed6733852c88?s=96&d=mm&r=g","caption":"Alejandro Gabriel Rosito"},"url":"https:\/\/autofans.com.ar\/index.php\/author\/gabrielr\/"}]}},"featured_image_urls":{"full":["https:\/\/autofans.com.ar\/wp-content\/uploads\/2025\/10\/ram-1-1.jpg",1000,667,false],"thumbnail":["https:\/\/autofans.com.ar\/wp-content\/uploads\/2025\/10\/ram-1-1-150x150.jpg",150,150,true],"medium":["https:\/\/autofans.com.ar\/wp-content\/uploads\/2025\/10\/ram-1-1-300x200.jpg",300,200,true],"medium_large":["https:\/\/autofans.com.ar\/wp-content\/uploads\/2025\/10\/ram-1-1-768x512.jpg",640,427,true],"large":["https:\/\/autofans.com.ar\/wp-content\/uploads\/2025\/10\/ram-1-1.jpg",640,427,false],"1536x1536":["https:\/\/autofans.com.ar\/wp-content\/uploads\/2025\/10\/ram-1-1.jpg",1000,667,false],"2048x2048":["https:\/\/autofans.com.ar\/wp-content\/uploads\/2025\/10\/ram-1-1.jpg",1000,667,false],"covernews-featured":["https:\/\/autofans.com.ar\/wp-content\/uploads\/2025\/10\/ram-1-1.jpg",1000,667,false],"covernews-medium":["https:\/\/autofans.com.ar\/wp-content\/uploads\/2025\/10\/ram-1-1-540x340.jpg",540,340,true]},"author_info":{"display_name":"Alejandro Gabriel Rosito","author_link":"https:\/\/autofans.com.ar\/index.php\/author\/gabrielr\/"},"category_info":"<a href=\"https:\/\/autofans.com.ar\/index.php\/category\/noticias\/\" rel=\"category tag\">NOTICIAS<\/a> <a href=\"https:\/\/autofans.com.ar\/index.php\/category\/noticias\/otros\/\" rel=\"category tag\">PICK UPs, UTILITARIOS Y OTROS<\/a>","tag_info":"PICK UPs, UTILITARIOS Y OTROS","comment_count":0,"_links":{"self":[{"href":"https:\/\/autofans.com.ar\/index.php\/wp-json\/wp\/v2\/posts\/14384","targetHints":{"allow":["GET"]}}],"collection":[{"href":"https:\/\/autofans.com.ar\/index.php\/wp-json\/wp\/v2\/posts"}],"about":[{"href":"https:\/\/autofans.com.ar\/index.php\/wp-json\/wp\/v2\/types\/post"}],"author":[{"embeddable":true,"href":"https:\/\/autofans.com.ar\/index.php\/wp-json\/wp\/v2\/users\/2"}],"replies":[{"embeddable":true,"href":"https:\/\/autofans.com.ar\/index.php\/wp-json\/wp\/v2\/comments?post=14384"}],"version-history":[{"count":4,"href":"https:\/\/autofans.com.ar\/index.php\/wp-json\/wp\/v2\/posts\/14384\/revisions"}],"predecessor-version":[{"id":14395,"href":"https:\/\/autofans.com.ar\/index.php\/wp-json\/wp\/v2\/posts\/14384\/revisions\/14395"}],"wp:featuredmedia":[{"embeddable":true,"href":"https:\/\/autofans.com.ar\/index.php\/wp-json\/wp\/v2\/media\/14391"}],"wp:attachment":[{"href":"https:\/\/autofans.com.ar\/index.php\/wp-json\/wp\/v2\/media?parent=14384"}],"wp:term":[{"taxonomy":"category","embeddable":true,"href":"https:\/\/autofans.com.ar\/index.php\/wp-json\/wp\/v2\/categories?post=14384"},{"taxonomy":"post_tag","embeddable":true,"href":"https:\/\/autofans.com.ar\/index.php\/wp-json\/wp\/v2\/tags?post=14384"}],"curies":[{"name":"wp","href":"https:\/\/api.w.org\/{rel}","templated":true}]}}