{"id":14396,"date":"2025-10-09T20:12:32","date_gmt":"2025-10-09T23:12:32","guid":{"rendered":"https:\/\/autofans.com.ar\/?p=14396"},"modified":"2025-10-09T20:12:32","modified_gmt":"2025-10-09T23:12:32","slug":"byd-llega-a-la-argentina-con-tres-modelos-electricos","status":"publish","type":"post","link":"https:\/\/autofans.com.ar\/index.php\/2025\/10\/09\/byd-llega-a-la-argentina-con-tres-modelos-electricos\/","title":{"rendered":"BYD llega a la Argentina con tres modelos el\u00e9ctricos"},"content":{"rendered":"<p class=\"ds-markdown-paragraph\">BYD, la automotriz m\u00e1s importante de China, desembarc\u00f3 oficialmente en el pa\u00eds con una estrategia clara: cubrir todos los segmentos del mercado. La apuesta incluye tres modelos electrificados: el Song Pro DMI 2025, el Yuan Pro 2025 y el Dolphin Mini 2025.<\/p>\n<p>&nbsp;<\/p>\n<h2 class=\"ds-markdown-paragraph\">SUV h\u00edbrida enchufable &#8211; el BYD Song Pro DMI<\/h2>\n<p class=\"ds-markdown-paragraph\">Este modelo se posiciona como el m\u00e1s completo de la gama. Es una SUV h\u00edbrida enchufable que combina un motor naftero 1.5 con uno el\u00e9ctrico. Tiene dos versiones:<\/p>\n<ul>\n<li>\n<p class=\"ds-markdown-paragraph\"><strong>GL:<\/strong> Bater\u00eda de 12,9 kWh y 71 km de autonom\u00eda el\u00e9ctrica.<\/p>\n<\/li>\n<li>\n<p class=\"ds-markdown-paragraph\"><strong>GS:<\/strong> Bater\u00eda de 18,3 kWh y 100 km sin combustible.<\/p>\n<\/li>\n<\/ul>\n<p>&nbsp;<\/p>\n<figure id=\"attachment_14406\" aria-describedby=\"caption-attachment-14406\" style=\"width: 1000px\" class=\"wp-caption aligncenter\"><img fetchpriority=\"high\" decoding=\"async\" class=\"wp-image-14406 size-full\" src=\"https:\/\/autofans.com.ar\/wp-content\/uploads\/2025\/10\/byd-3.jpg\" alt=\"BYD\" width=\"1000\" height=\"667\" srcset=\"https:\/\/autofans.com.ar\/wp-content\/uploads\/2025\/10\/byd-3.jpg 1000w, https:\/\/autofans.com.ar\/wp-content\/uploads\/2025\/10\/byd-3-300x200.jpg 300w, https:\/\/autofans.com.ar\/wp-content\/uploads\/2025\/10\/byd-3-768x512.jpg 768w\" sizes=\"(max-width: 1000px) 100vw, 1000px\" \/><figcaption id=\"caption-attachment-14406\" class=\"wp-caption-text\">BYD Song Pro<\/figcaption><\/figure>\n<p>&nbsp;<\/p>\n<p class=\"ds-markdown-paragraph\">La autonom\u00eda total supera los 1.000 km. Consume 4,5 L\/100 km y acelera de 0 a 100 km\/h en 7,9 segundos. La versi\u00f3n GS suma techo panor\u00e1mico, cargador inal\u00e1mbrico y ADAS. Sus precios son US$ 34.990 (GL) y US$ 36.990 (GS). La garant\u00eda es de 6 a\u00f1os o 150.000 km para el veh\u00edculo y 8 a\u00f1os para la bater\u00eda.<\/p>\n<p>&nbsp;<\/p>\n<h2 class=\"ds-markdown-paragraph\">SUV 100% el\u00e9ctrica &#8211; el BYD Yuan Pro<\/h2>\n<p>&nbsp;<\/p>\n<figure id=\"attachment_14407\" aria-describedby=\"caption-attachment-14407\" style=\"width: 1000px\" class=\"wp-caption aligncenter\"><img decoding=\"async\" class=\"wp-image-14407 size-full\" src=\"https:\/\/autofans.com.ar\/wp-content\/uploads\/2025\/10\/byd-2.jpg\" alt=\"BYD\" width=\"1000\" height=\"667\" srcset=\"https:\/\/autofans.com.ar\/wp-content\/uploads\/2025\/10\/byd-2.jpg 1000w, https:\/\/autofans.com.ar\/wp-content\/uploads\/2025\/10\/byd-2-300x200.jpg 300w, https:\/\/autofans.com.ar\/wp-content\/uploads\/2025\/10\/byd-2-768x512.jpg 768w\" sizes=\"(max-width: 1000px) 100vw, 1000px\" \/><figcaption id=\"caption-attachment-14407\" class=\"wp-caption-text\">BYD Yuan Pro<\/figcaption><\/figure>\n<p>&nbsp;<\/p>\n<p class=\"ds-markdown-paragraph\">Para quienes buscan cero emisiones, el Yuan Pro es una SUV completamente el\u00e9ctrica. Tiene un motor de 174 CV y una bater\u00eda de 45 kWh que ofrece 380 km de autonom\u00eda. Tambi\u00e9n disponible en versiones GL y GS, esta \u00faltima con ADAS y techo panor\u00e1mico. El precio parte de US$ 29.990 (GL) y US$ 30.990 (GS). Al ser el\u00e9ctrico, est\u00e1 exento del arancel del 35%.<\/p>\n<p>&nbsp;<\/p>\n<h2 class=\"ds-markdown-paragraph\">El citycar econ\u00f3mico &#8211; el BYD Dolphin Mini<\/h2>\n<p class=\"ds-markdown-paragraph\">Es el modelo de acceso a la marca y uno de los el\u00e9ctricos m\u00e1s accesibles del mercado. Es un hatchback para cuatro personas. Sus versiones son:<\/p>\n<ul>\n<li>\n<p class=\"ds-markdown-paragraph\"><strong>GL:<\/strong> Bater\u00eda de 30 kWh y 280 km de autonom\u00eda.<\/p>\n<\/li>\n<li>\n<p class=\"ds-markdown-paragraph\"><strong>GS:<\/strong> Bater\u00eda de 43 kWh y 380 km de autonom\u00eda.<\/p>\n<\/li>\n<\/ul>\n<p class=\"ds-markdown-paragraph\">Ambas incluyen ADAS de serie y alcanzan 150 km\/h. El precio del Dolphin Mini es de US$ 22.990 (GL) y US$ 23.990 (GS).<\/p>\n<p>&nbsp;<\/p>\n<figure id=\"attachment_14408\" aria-describedby=\"caption-attachment-14408\" style=\"width: 1000px\" class=\"wp-caption aligncenter\"><img decoding=\"async\" class=\"wp-image-14408 size-full\" src=\"https:\/\/autofans.com.ar\/wp-content\/uploads\/2025\/10\/byd-1.jpg\" alt=\"BYD\" width=\"1000\" height=\"667\" srcset=\"https:\/\/autofans.com.ar\/wp-content\/uploads\/2025\/10\/byd-1.jpg 1000w, https:\/\/autofans.com.ar\/wp-content\/uploads\/2025\/10\/byd-1-300x200.jpg 300w, https:\/\/autofans.com.ar\/wp-content\/uploads\/2025\/10\/byd-1-768x512.jpg 768w\" sizes=\"(max-width: 1000px) 100vw, 1000px\" \/><figcaption id=\"caption-attachment-14408\" class=\"wp-caption-text\">BYD Dolphin Mini<\/figcaption><\/figure>\n<p class=\"ds-markdown-paragraph\">La estrategia de la marca es clara: atacar todos los frentes con un citycar, una SUV el\u00e9ctrica y una h\u00edbrida enchufable. El objetivo es democratizar la movilidad el\u00e9ctrica con precios competitivos y tecnolog\u00eda. Sin embargo, el desaf\u00edo ser\u00e1 expandir su red de 14 concesionarios y ganar la confianza del consumidor local. Si lo logra, BYD podr\u00eda convertirse en un referente de la electrificaci\u00f3n en la regi\u00f3n.<\/p>\n<p>&nbsp;<\/p>\n<p>&nbsp;<\/p>\n<p>&nbsp;<\/p>\n<p><i>Para enterarte de m\u00e1s novedades, no dejes de leer\u00a0<\/i><a href=\"https:\/\/autofans.thebrandsoup.com\/\"><i>nuestras notas<\/i><\/a><i>, de ver\u00a0<\/i><a href=\"https:\/\/www.youtube.com\/channel\/UCgAC8UGHZYbT6P7PpmVnP7g\"><i>AUTOFANS TV<\/i><\/a><i>\u00a0en nuestro\u00a0canal de Youtube. Adem\u00e1s seguinos en\u00a0<\/i><a href=\"https:\/\/www.instagram.com\/autofanstv\/\"><i>INSTAGRAM<\/i><\/a><i> y <\/i><a href=\"https:\/\/www.facebook.com\/autofansmas\/\"><i>FACEBOOK<\/i><\/a><i> para no perderte nada sobre las novedades del segmento automotor de Argentina y el mundo.<\/i><\/p>\n","protected":false},"excerpt":{"rendered":"<p>BYD, la automotriz m\u00e1s importante de China, desembarc\u00f3 oficialmente en el pa\u00eds con una estrategia&#8230;<\/p>\n","protected":false},"author":2,"featured_media":14405,"comment_status":"closed","ping_status":"closed","sticky":false,"template":"","format":"standard","meta":{"footnotes":""},"categories":[341,1],"tags":[7543,4180,6080,7542,7538,1460,7541,7540,7537,7539],"class_list":["post-14396","post","type-post","status-publish","format-standard","has-post-thumbnail","hentry","category-hibridos-y-electricos","category-lanzamientos","tag-auto-electrico-economico","tag-autos-electricos-argentina","tag-byd-argentina","tag-byd-concesionarios","tag-dolphin-mini","tag-movilidad-sustentable","tag-precios-autos-electricos","tag-song-pro-dmi","tag-suv-hibrida-enchufable","tag-yuan-pro"],"yoast_head":"<!-- This site is optimized with the Yoast SEO plugin v27.5 - https:\/\/yoast.com\/product\/yoast-seo-wordpress\/ -->\n<title>BYD llega a la Argentina con tres modelos el\u00e9ctricos -<\/title>\n<meta name=\"description\" content=\"BYD, la automotriz m\u00e1s importante de China, desembarc\u00f3 oficialmente en el pa\u00eds con una estrategia clara cubrir todos los segmentos del mercado\" \/>\n<meta name=\"robots\" content=\"index, follow, max-snippet:-1, max-image-preview:large, max-video-preview:-1\" \/>\n<link rel=\"canonical\" href=\"https:\/\/autofans.com.ar\/index.php\/2025\/10\/09\/byd-llega-a-la-argentina-con-tres-modelos-electricos\/\" \/>\n<meta property=\"og:locale\" content=\"es_ES\" \/>\n<meta property=\"og:type\" content=\"article\" \/>\n<meta property=\"og:title\" content=\"BYD llega a la Argentina con tres modelos el\u00e9ctricos -\" \/>\n<meta property=\"og:description\" content=\"BYD, la automotriz m\u00e1s importante de China, desembarc\u00f3 oficialmente en el pa\u00eds con una estrategia clara cubrir todos los segmentos del mercado\" \/>\n<meta property=\"og:url\" content=\"https:\/\/autofans.com.ar\/index.php\/2025\/10\/09\/byd-llega-a-la-argentina-con-tres-modelos-electricos\/\" \/>\n<meta property=\"article:published_time\" content=\"2025-10-09T23:12:32+00:00\" \/>\n<meta property=\"og:image\" content=\"https:\/\/autofans.com.ar\/wp-content\/uploads\/2025\/10\/byd-4.jpg\" \/>\n\t<meta property=\"og:image:width\" content=\"1000\" \/>\n\t<meta property=\"og:image:height\" content=\"667\" \/>\n\t<meta property=\"og:image:type\" content=\"image\/jpeg\" \/>\n<meta name=\"author\" content=\"Alejandro Gabriel Rosito\" \/>\n<meta name=\"twitter:card\" content=\"summary_large_image\" \/>\n<meta name=\"twitter:label1\" content=\"Escrito por\" \/>\n\t<meta name=\"twitter:data1\" content=\"Alejandro Gabriel Rosito\" \/>\n\t<meta name=\"twitter:label2\" content=\"Tiempo de lectura\" \/>\n\t<meta name=\"twitter:data2\" content=\"3 minutos\" \/>\n<script type=\"application\/ld+json\" class=\"yoast-schema-graph\">{\"@context\":\"https:\\\/\\\/schema.org\",\"@graph\":[{\"@type\":\"Article\",\"@id\":\"https:\\\/\\\/autofans.com.ar\\\/index.php\\\/2025\\\/10\\\/09\\\/byd-llega-a-la-argentina-con-tres-modelos-electricos\\\/#article\",\"isPartOf\":{\"@id\":\"https:\\\/\\\/autofans.com.ar\\\/index.php\\\/2025\\\/10\\\/09\\\/byd-llega-a-la-argentina-con-tres-modelos-electricos\\\/\"},\"author\":{\"name\":\"Alejandro Gabriel Rosito\",\"@id\":\"https:\\\/\\\/autofans.com.ar\\\/#\\\/schema\\\/person\\\/4a8dda0b6df83ac3d6723e921274c2aa\"},\"headline\":\"BYD llega a la Argentina con tres modelos el\u00e9ctricos\",\"datePublished\":\"2025-10-09T23:12:32+00:00\",\"mainEntityOfPage\":{\"@id\":\"https:\\\/\\\/autofans.com.ar\\\/index.php\\\/2025\\\/10\\\/09\\\/byd-llega-a-la-argentina-con-tres-modelos-electricos\\\/\"},\"wordCount\":479,\"image\":{\"@id\":\"https:\\\/\\\/autofans.com.ar\\\/index.php\\\/2025\\\/10\\\/09\\\/byd-llega-a-la-argentina-con-tres-modelos-electricos\\\/#primaryimage\"},\"thumbnailUrl\":\"https:\\\/\\\/autofans.com.ar\\\/wp-content\\\/uploads\\\/2025\\\/10\\\/byd-4.jpg\",\"keywords\":[\"auto el\u00e9ctrico econ\u00f3mico\",\"autos el\u00e9ctricos Argentina\",\"BYD Argentina\",\"BYD concesionarios\",\"Dolphin Mini\",\"movilidad sustentable\",\"precios autos el\u00e9ctricos\",\"Song Pro DMI\",\"SUV h\u00edbrida enchufable\",\"Yuan Pro\"],\"articleSection\":[\"HIBRIDOS, ELECTRICOS y otros\",\"LANZAMIENTOS\"],\"inLanguage\":\"es\"},{\"@type\":\"WebPage\",\"@id\":\"https:\\\/\\\/autofans.com.ar\\\/index.php\\\/2025\\\/10\\\/09\\\/byd-llega-a-la-argentina-con-tres-modelos-electricos\\\/\",\"url\":\"https:\\\/\\\/autofans.com.ar\\\/index.php\\\/2025\\\/10\\\/09\\\/byd-llega-a-la-argentina-con-tres-modelos-electricos\\\/\",\"name\":\"BYD llega a la Argentina con tres modelos el\u00e9ctricos -\",\"isPartOf\":{\"@id\":\"https:\\\/\\\/autofans.com.ar\\\/#website\"},\"primaryImageOfPage\":{\"@id\":\"https:\\\/\\\/autofans.com.ar\\\/index.php\\\/2025\\\/10\\\/09\\\/byd-llega-a-la-argentina-con-tres-modelos-electricos\\\/#primaryimage\"},\"image\":{\"@id\":\"https:\\\/\\\/autofans.com.ar\\\/index.php\\\/2025\\\/10\\\/09\\\/byd-llega-a-la-argentina-con-tres-modelos-electricos\\\/#primaryimage\"},\"thumbnailUrl\":\"https:\\\/\\\/autofans.com.ar\\\/wp-content\\\/uploads\\\/2025\\\/10\\\/byd-4.jpg\",\"datePublished\":\"2025-10-09T23:12:32+00:00\",\"author\":{\"@id\":\"https:\\\/\\\/autofans.com.ar\\\/#\\\/schema\\\/person\\\/4a8dda0b6df83ac3d6723e921274c2aa\"},\"description\":\"BYD, la automotriz m\u00e1s importante de China, desembarc\u00f3 oficialmente en el pa\u00eds con una estrategia clara cubrir todos los segmentos del mercado\",\"breadcrumb\":{\"@id\":\"https:\\\/\\\/autofans.com.ar\\\/index.php\\\/2025\\\/10\\\/09\\\/byd-llega-a-la-argentina-con-tres-modelos-electricos\\\/#breadcrumb\"},\"inLanguage\":\"es\",\"potentialAction\":[{\"@type\":\"ReadAction\",\"target\":[\"https:\\\/\\\/autofans.com.ar\\\/index.php\\\/2025\\\/10\\\/09\\\/byd-llega-a-la-argentina-con-tres-modelos-electricos\\\/\"]}]},{\"@type\":\"ImageObject\",\"inLanguage\":\"es\",\"@id\":\"https:\\\/\\\/autofans.com.ar\\\/index.php\\\/2025\\\/10\\\/09\\\/byd-llega-a-la-argentina-con-tres-modelos-electricos\\\/#primaryimage\",\"url\":\"https:\\\/\\\/autofans.com.ar\\\/wp-content\\\/uploads\\\/2025\\\/10\\\/byd-4.jpg\",\"contentUrl\":\"https:\\\/\\\/autofans.com.ar\\\/wp-content\\\/uploads\\\/2025\\\/10\\\/byd-4.jpg\",\"width\":1000,\"height\":667,\"caption\":\"BYD\"},{\"@type\":\"BreadcrumbList\",\"@id\":\"https:\\\/\\\/autofans.com.ar\\\/index.php\\\/2025\\\/10\\\/09\\\/byd-llega-a-la-argentina-con-tres-modelos-electricos\\\/#breadcrumb\",\"itemListElement\":[{\"@type\":\"ListItem\",\"position\":1,\"name\":\"Inicio\",\"item\":\"https:\\\/\\\/autofans.com.ar\\\/\"},{\"@type\":\"ListItem\",\"position\":2,\"name\":\"BYD llega a la Argentina con tres modelos el\u00e9ctricos\"}]},{\"@type\":\"WebSite\",\"@id\":\"https:\\\/\\\/autofans.com.ar\\\/#website\",\"url\":\"https:\\\/\\\/autofans.com.ar\\\/\",\"name\":\"\",\"description\":\"El multimedio referente de la industria automotriz\",\"potentialAction\":[{\"@type\":\"SearchAction\",\"target\":{\"@type\":\"EntryPoint\",\"urlTemplate\":\"https:\\\/\\\/autofans.com.ar\\\/?s={search_term_string}\"},\"query-input\":{\"@type\":\"PropertyValueSpecification\",\"valueRequired\":true,\"valueName\":\"search_term_string\"}}],\"inLanguage\":\"es\"},{\"@type\":\"Person\",\"@id\":\"https:\\\/\\\/autofans.com.ar\\\/#\\\/schema\\\/person\\\/4a8dda0b6df83ac3d6723e921274c2aa\",\"name\":\"Alejandro Gabriel Rosito\",\"image\":{\"@type\":\"ImageObject\",\"inLanguage\":\"es\",\"@id\":\"https:\\\/\\\/secure.gravatar.com\\\/avatar\\\/16c5dda1489adfc62618084dcbb91cffd879c374b13fe5dd8e44ed6733852c88?s=96&d=mm&r=g\",\"url\":\"https:\\\/\\\/secure.gravatar.com\\\/avatar\\\/16c5dda1489adfc62618084dcbb91cffd879c374b13fe5dd8e44ed6733852c88?s=96&d=mm&r=g\",\"contentUrl\":\"https:\\\/\\\/secure.gravatar.com\\\/avatar\\\/16c5dda1489adfc62618084dcbb91cffd879c374b13fe5dd8e44ed6733852c88?s=96&d=mm&r=g\",\"caption\":\"Alejandro Gabriel Rosito\"},\"url\":\"https:\\\/\\\/autofans.com.ar\\\/index.php\\\/author\\\/gabrielr\\\/\"}]}<\/script>\n<!-- \/ Yoast SEO plugin. -->","yoast_head_json":{"title":"BYD llega a la Argentina con tres modelos el\u00e9ctricos -","description":"BYD, la automotriz m\u00e1s importante de China, desembarc\u00f3 oficialmente en el pa\u00eds con una estrategia clara cubrir todos los segmentos del mercado","robots":{"index":"index","follow":"follow","max-snippet":"max-snippet:-1","max-image-preview":"max-image-preview:large","max-video-preview":"max-video-preview:-1"},"canonical":"https:\/\/autofans.com.ar\/index.php\/2025\/10\/09\/byd-llega-a-la-argentina-con-tres-modelos-electricos\/","og_locale":"es_ES","og_type":"article","og_title":"BYD llega a la Argentina con tres modelos el\u00e9ctricos -","og_description":"BYD, la automotriz m\u00e1s importante de China, desembarc\u00f3 oficialmente en el pa\u00eds con una estrategia clara cubrir todos los segmentos del mercado","og_url":"https:\/\/autofans.com.ar\/index.php\/2025\/10\/09\/byd-llega-a-la-argentina-con-tres-modelos-electricos\/","article_published_time":"2025-10-09T23:12:32+00:00","og_image":[{"width":1000,"height":667,"url":"https:\/\/autofans.com.ar\/wp-content\/uploads\/2025\/10\/byd-4.jpg","type":"image\/jpeg"}],"author":"Alejandro Gabriel Rosito","twitter_card":"summary_large_image","twitter_misc":{"Escrito por":"Alejandro Gabriel Rosito","Tiempo de lectura":"3 minutos"},"schema":{"@context":"https:\/\/schema.org","@graph":[{"@type":"Article","@id":"https:\/\/autofans.com.ar\/index.php\/2025\/10\/09\/byd-llega-a-la-argentina-con-tres-modelos-electricos\/#article","isPartOf":{"@id":"https:\/\/autofans.com.ar\/index.php\/2025\/10\/09\/byd-llega-a-la-argentina-con-tres-modelos-electricos\/"},"author":{"name":"Alejandro Gabriel Rosito","@id":"https:\/\/autofans.com.ar\/#\/schema\/person\/4a8dda0b6df83ac3d6723e921274c2aa"},"headline":"BYD llega a la Argentina con tres modelos el\u00e9ctricos","datePublished":"2025-10-09T23:12:32+00:00","mainEntityOfPage":{"@id":"https:\/\/autofans.com.ar\/index.php\/2025\/10\/09\/byd-llega-a-la-argentina-con-tres-modelos-electricos\/"},"wordCount":479,"image":{"@id":"https:\/\/autofans.com.ar\/index.php\/2025\/10\/09\/byd-llega-a-la-argentina-con-tres-modelos-electricos\/#primaryimage"},"thumbnailUrl":"https:\/\/autofans.com.ar\/wp-content\/uploads\/2025\/10\/byd-4.jpg","keywords":["auto el\u00e9ctrico econ\u00f3mico","autos el\u00e9ctricos Argentina","BYD Argentina","BYD concesionarios","Dolphin Mini","movilidad sustentable","precios autos el\u00e9ctricos","Song Pro DMI","SUV h\u00edbrida enchufable","Yuan Pro"],"articleSection":["HIBRIDOS, ELECTRICOS y otros","LANZAMIENTOS"],"inLanguage":"es"},{"@type":"WebPage","@id":"https:\/\/autofans.com.ar\/index.php\/2025\/10\/09\/byd-llega-a-la-argentina-con-tres-modelos-electricos\/","url":"https:\/\/autofans.com.ar\/index.php\/2025\/10\/09\/byd-llega-a-la-argentina-con-tres-modelos-electricos\/","name":"BYD llega a la Argentina con tres modelos el\u00e9ctricos -","isPartOf":{"@id":"https:\/\/autofans.com.ar\/#website"},"primaryImageOfPage":{"@id":"https:\/\/autofans.com.ar\/index.php\/2025\/10\/09\/byd-llega-a-la-argentina-con-tres-modelos-electricos\/#primaryimage"},"image":{"@id":"https:\/\/autofans.com.ar\/index.php\/2025\/10\/09\/byd-llega-a-la-argentina-con-tres-modelos-electricos\/#primaryimage"},"thumbnailUrl":"https:\/\/autofans.com.ar\/wp-content\/uploads\/2025\/10\/byd-4.jpg","datePublished":"2025-10-09T23:12:32+00:00","author":{"@id":"https:\/\/autofans.com.ar\/#\/schema\/person\/4a8dda0b6df83ac3d6723e921274c2aa"},"description":"BYD, la automotriz m\u00e1s importante de China, desembarc\u00f3 oficialmente en el pa\u00eds con una estrategia clara cubrir todos los segmentos del mercado","breadcrumb":{"@id":"https:\/\/autofans.com.ar\/index.php\/2025\/10\/09\/byd-llega-a-la-argentina-con-tres-modelos-electricos\/#breadcrumb"},"inLanguage":"es","potentialAction":[{"@type":"ReadAction","target":["https:\/\/autofans.com.ar\/index.php\/2025\/10\/09\/byd-llega-a-la-argentina-con-tres-modelos-electricos\/"]}]},{"@type":"ImageObject","inLanguage":"es","@id":"https:\/\/autofans.com.ar\/index.php\/2025\/10\/09\/byd-llega-a-la-argentina-con-tres-modelos-electricos\/#primaryimage","url":"https:\/\/autofans.com.ar\/wp-content\/uploads\/2025\/10\/byd-4.jpg","contentUrl":"https:\/\/autofans.com.ar\/wp-content\/uploads\/2025\/10\/byd-4.jpg","width":1000,"height":667,"caption":"BYD"},{"@type":"BreadcrumbList","@id":"https:\/\/autofans.com.ar\/index.php\/2025\/10\/09\/byd-llega-a-la-argentina-con-tres-modelos-electricos\/#breadcrumb","itemListElement":[{"@type":"ListItem","position":1,"name":"Inicio","item":"https:\/\/autofans.com.ar\/"},{"@type":"ListItem","position":2,"name":"BYD llega a la Argentina con tres modelos el\u00e9ctricos"}]},{"@type":"WebSite","@id":"https:\/\/autofans.com.ar\/#website","url":"https:\/\/autofans.com.ar\/","name":"","description":"El multimedio referente de la industria automotriz","potentialAction":[{"@type":"SearchAction","target":{"@type":"EntryPoint","urlTemplate":"https:\/\/autofans.com.ar\/?s={search_term_string}"},"query-input":{"@type":"PropertyValueSpecification","valueRequired":true,"valueName":"search_term_string"}}],"inLanguage":"es"},{"@type":"Person","@id":"https:\/\/autofans.com.ar\/#\/schema\/person\/4a8dda0b6df83ac3d6723e921274c2aa","name":"Alejandro Gabriel Rosito","image":{"@type":"ImageObject","inLanguage":"es","@id":"https:\/\/secure.gravatar.com\/avatar\/16c5dda1489adfc62618084dcbb91cffd879c374b13fe5dd8e44ed6733852c88?s=96&d=mm&r=g","url":"https:\/\/secure.gravatar.com\/avatar\/16c5dda1489adfc62618084dcbb91cffd879c374b13fe5dd8e44ed6733852c88?s=96&d=mm&r=g","contentUrl":"https:\/\/secure.gravatar.com\/avatar\/16c5dda1489adfc62618084dcbb91cffd879c374b13fe5dd8e44ed6733852c88?s=96&d=mm&r=g","caption":"Alejandro Gabriel Rosito"},"url":"https:\/\/autofans.com.ar\/index.php\/author\/gabrielr\/"}]}},"featured_image_urls":{"full":["https:\/\/autofans.com.ar\/wp-content\/uploads\/2025\/10\/byd-4.jpg",1000,667,false],"thumbnail":["https:\/\/autofans.com.ar\/wp-content\/uploads\/2025\/10\/byd-4-150x150.jpg",150,150,true],"medium":["https:\/\/autofans.com.ar\/wp-content\/uploads\/2025\/10\/byd-4-300x200.jpg",300,200,true],"medium_large":["https:\/\/autofans.com.ar\/wp-content\/uploads\/2025\/10\/byd-4-768x512.jpg",640,427,true],"large":["https:\/\/autofans.com.ar\/wp-content\/uploads\/2025\/10\/byd-4.jpg",640,427,false],"1536x1536":["https:\/\/autofans.com.ar\/wp-content\/uploads\/2025\/10\/byd-4.jpg",1000,667,false],"2048x2048":["https:\/\/autofans.com.ar\/wp-content\/uploads\/2025\/10\/byd-4.jpg",1000,667,false],"covernews-featured":["https:\/\/autofans.com.ar\/wp-content\/uploads\/2025\/10\/byd-4.jpg",1000,667,false],"covernews-medium":["https:\/\/autofans.com.ar\/wp-content\/uploads\/2025\/10\/byd-4-540x340.jpg",540,340,true]},"author_info":{"display_name":"Alejandro Gabriel Rosito","author_link":"https:\/\/autofans.com.ar\/index.php\/author\/gabrielr\/"},"category_info":"<a href=\"https:\/\/autofans.com.ar\/index.php\/category\/noticias\/hibridos-y-electricos\/\" rel=\"category tag\">HIBRIDOS, ELECTRICOS y otros<\/a> <a href=\"https:\/\/autofans.com.ar\/index.php\/category\/lanzamientos\/\" rel=\"category tag\">LANZAMIENTOS<\/a>","tag_info":"LANZAMIENTOS","comment_count":0,"_links":{"self":[{"href":"https:\/\/autofans.com.ar\/index.php\/wp-json\/wp\/v2\/posts\/14396","targetHints":{"allow":["GET"]}}],"collection":[{"href":"https:\/\/autofans.com.ar\/index.php\/wp-json\/wp\/v2\/posts"}],"about":[{"href":"https:\/\/autofans.com.ar\/index.php\/wp-json\/wp\/v2\/types\/post"}],"author":[{"embeddable":true,"href":"https:\/\/autofans.com.ar\/index.php\/wp-json\/wp\/v2\/users\/2"}],"replies":[{"embeddable":true,"href":"https:\/\/autofans.com.ar\/index.php\/wp-json\/wp\/v2\/comments?post=14396"}],"version-history":[{"count":5,"href":"https:\/\/autofans.com.ar\/index.php\/wp-json\/wp\/v2\/posts\/14396\/revisions"}],"predecessor-version":[{"id":14416,"href":"https:\/\/autofans.com.ar\/index.php\/wp-json\/wp\/v2\/posts\/14396\/revisions\/14416"}],"wp:featuredmedia":[{"embeddable":true,"href":"https:\/\/autofans.com.ar\/index.php\/wp-json\/wp\/v2\/media\/14405"}],"wp:attachment":[{"href":"https:\/\/autofans.com.ar\/index.php\/wp-json\/wp\/v2\/media?parent=14396"}],"wp:term":[{"taxonomy":"category","embeddable":true,"href":"https:\/\/autofans.com.ar\/index.php\/wp-json\/wp\/v2\/categories?post=14396"},{"taxonomy":"post_tag","embeddable":true,"href":"https:\/\/autofans.com.ar\/index.php\/wp-json\/wp\/v2\/tags?post=14396"}],"curies":[{"name":"wp","href":"https:\/\/api.w.org\/{rel}","templated":true}]}}