{"id":14425,"date":"2025-10-13T19:36:41","date_gmt":"2025-10-13T22:36:41","guid":{"rendered":"https:\/\/autofans.com.ar\/?p=14425"},"modified":"2025-10-13T19:36:41","modified_gmt":"2025-10-13T22:36:41","slug":"audi-argentina-y-la-universidad-austral-impulsan-la-movilidad-del-futuro","status":"publish","type":"post","link":"https:\/\/autofans.com.ar\/index.php\/2025\/10\/13\/audi-argentina-y-la-universidad-austral-impulsan-la-movilidad-del-futuro\/","title":{"rendered":"Audi Argentina y la Universidad Austral impulsan la movilidad del futuro"},"content":{"rendered":"<p class=\"ds-markdown-paragraph\">Audi Argentina y la Universidad Austral presentaron \u201cMovilidad sustentable: Imagin\u00e1 un futuro con Audi\u201d. Se trata de una competencia intensiva de dos semanas dirigida a estudiantes y graduados de la universidad. El objetivo es que desarrollen ideas innovadoras sobre movilidad el\u00e9ctrica y sustentabilidad pensando en el a\u00f1o 2040.<\/p>\n<p class=\"ds-markdown-paragraph\">Esta alianza busca conectar con nuevos talentos y consolidar el liderazgo de Audi en innovaci\u00f3n dentro del segmento premium. El concurso funciona como un proceso colaborativo para explorar y dise\u00f1ar futuros.<\/p>\n<p>&nbsp;<\/p>\n<h2 class=\"ds-markdown-paragraph\">Metodolog\u00eda de trabajo &#8211; Worldbuilding para la innovaci\u00f3n<\/h2>\n<p class=\"ds-markdown-paragraph\">Los participantes formar\u00e1n equipos multidisciplinarios y aplicar\u00e1n la metodolog\u00eda \u201cWorldbuilding for Social Innovation\u201d. A trav\u00e9s de este enfoque, identificar\u00e1n problemas reales y prototipar\u00e1n soluciones de triple impacto: ambiental, social y econ\u00f3mico.<\/p>\n<p>&nbsp;<\/p>\n<p><img fetchpriority=\"high\" decoding=\"async\" class=\"aligncenter wp-image-14430 size-full\" src=\"https:\/\/autofans.com.ar\/wp-content\/uploads\/2025\/10\/audi-4.jpg\" alt=\"Austral\" width=\"1000\" height=\"667\" srcset=\"https:\/\/autofans.com.ar\/wp-content\/uploads\/2025\/10\/audi-4.jpg 1000w, https:\/\/autofans.com.ar\/wp-content\/uploads\/2025\/10\/audi-4-300x200.jpg 300w, https:\/\/autofans.com.ar\/wp-content\/uploads\/2025\/10\/audi-4-768x512.jpg 768w\" sizes=\"(max-width: 1000px) 100vw, 1000px\" \/><\/p>\n<p>&nbsp;<\/p>\n<p class=\"ds-markdown-paragraph\">El lanzamiento oficial se realiz\u00f3 el 7 de octubre en el Audi Lounge. All\u00ed, los participantes fueron recibidos por ejecutivos de la marca y conocieron la metodolog\u00eda de la mano de profesionales de la Universidad Austral.<\/p>\n<p>&nbsp;<\/p>\n<h2 class=\"ds-markdown-paragraph\">Cronograma y final del concurso<\/h2>\n<p class=\"ds-markdown-paragraph\">La agenda incluye talleres presenciales, clases virtuales y jornadas de prototipado en la sede de la Universidad Austral. La actividad finalizar\u00e1 el 21 de octubre, tambi\u00e9n en el Audi Lounge. Ese d\u00eda, los equipos presentar\u00e1n sus propuestas finales ante un jurado compuesto por directivos de Audi y referentes acad\u00e9micos. La jornada concluir\u00e1 con una premiaci\u00f3n y un espacio de networking.<\/p>\n<p>&nbsp;<\/p>\n<p><img decoding=\"async\" class=\"aligncenter wp-image-14429 size-full\" src=\"https:\/\/autofans.com.ar\/wp-content\/uploads\/2025\/10\/audi-3.jpg\" alt=\"Austral\" width=\"1000\" height=\"667\" srcset=\"https:\/\/autofans.com.ar\/wp-content\/uploads\/2025\/10\/audi-3.jpg 1000w, https:\/\/autofans.com.ar\/wp-content\/uploads\/2025\/10\/audi-3-300x200.jpg 300w, https:\/\/autofans.com.ar\/wp-content\/uploads\/2025\/10\/audi-3-768x512.jpg 768w\" sizes=\"(max-width: 1000px) 100vw, 1000px\" \/><\/p>\n<p>&nbsp;<\/p>\n<p class=\"ds-markdown-paragraph\">Con esta iniciativa, Audi Argentina y la Universidad Austral reafirman su compromiso con la innovaci\u00f3n, impulsando a las nuevas generaciones a imaginar el futuro de la movilidad con ideas creativas y tecnol\u00f3gicas.<\/p>\n<p>&nbsp;<\/p>\n<h2 class=\"ds-markdown-paragraph\">\u00bfQu\u00e9 es el Austral World Building Lab?<\/h2>\n<p class=\"ds-markdown-paragraph\">El Austral World Building Lab (AWBL) es un espacio de la Universidad Austral que utiliza la metodolog\u00eda worldbuilding para dise\u00f1ar futuros posibles. Combina investigaci\u00f3n acad\u00e9mica, narrativa colectiva y dise\u00f1o de sistemas para prototipar cambios sociales, culturales y tecnol\u00f3gicos.<\/p>\n<p>&nbsp;<\/p>\n<p><img decoding=\"async\" class=\"aligncenter wp-image-14427 size-full\" src=\"https:\/\/autofans.com.ar\/wp-content\/uploads\/2025\/10\/audi-1.jpg\" alt=\"Austral\" width=\"1000\" height=\"667\" srcset=\"https:\/\/autofans.com.ar\/wp-content\/uploads\/2025\/10\/audi-1.jpg 1000w, https:\/\/autofans.com.ar\/wp-content\/uploads\/2025\/10\/audi-1-300x200.jpg 300w, https:\/\/autofans.com.ar\/wp-content\/uploads\/2025\/10\/audi-1-768x512.jpg 768w\" sizes=\"(max-width: 1000px) 100vw, 1000px\" \/><\/p>\n<p>&nbsp;<\/p>\n<p class=\"ds-markdown-paragraph\">El AWBL cuenta con la mentor\u00eda de Alex McDowell, creador de la metodolog\u00eda y reconocido director creativo de Hollywood. Este laboratorio desarrolla workshops corporativos y promueve experiencias que integran creatividad y sostenibilidad, articulando la universidad con la industria.<\/p>\n<p>&nbsp;<\/p>\n<p>&nbsp;<\/p>\n<p>&nbsp;<\/p>\n<p><i>Para enterarte de m\u00e1s novedades, no dejes de leer\u00a0<\/i><a href=\"https:\/\/autofans.thebrandsoup.com\/\"><i>nuestras notas<\/i><\/a><i>, de ver\u00a0<\/i><a href=\"https:\/\/www.youtube.com\/channel\/UCgAC8UGHZYbT6P7PpmVnP7g\"><i>AUTOFANS TV<\/i><\/a><i>\u00a0en nuestro\u00a0canal de Youtube. Adem\u00e1s seguinos en\u00a0<\/i><a href=\"https:\/\/www.instagram.com\/autofanstv\/\"><i>INSTAGRAM<\/i><\/a><i> y <\/i><a href=\"https:\/\/www.facebook.com\/autofansmas\/\"><i>FACEBOOK<\/i><\/a><i> para no perderte nada sobre las novedades del segmento automotor de Argentina y el mundo.<\/i><\/p>\n","protected":false},"excerpt":{"rendered":"<p>Audi Argentina y la Universidad Austral presentaron \u201cMovilidad sustentable: Imagin\u00e1 un futuro con Audi\u201d. Se&#8230;<\/p>\n","protected":false},"author":2,"featured_media":14428,"comment_status":"closed","ping_status":"closed","sticky":false,"template":"","format":"standard","meta":{"footnotes":""},"categories":[341,16],"tags":[213,55,7548,7546,2798,379,1460,513,7545,7547],"class_list":["post-14425","post","type-post","status-publish","format-standard","has-post-thumbnail","hentry","category-hibridos-y-electricos","category-noticias","tag-innovacion","tag-audi-argentina","tag-austral-world-building-lab","tag-concurso-universitario","tag-futuro-de-la-movilidad","tag-movilidad-electrica","tag-movilidad-sustentable","tag-sustentabilidad","tag-universidad-austral","tag-worldbuilding"],"yoast_head":"<!-- This site is optimized with the Yoast SEO plugin v27.5 - https:\/\/yoast.com\/product\/yoast-seo-wordpress\/ -->\n<title>Audi Argentina y la Universidad Austral impulsan la movilidad del futuro -<\/title>\n<meta name=\"description\" content=\"Audi Argentina y la Universidad Austral presentaron \u201cMovilidad sustentable: Imagin\u00e1 un futuro con Audi\u201d. Se trata de una competencia...\" \/>\n<meta name=\"robots\" content=\"index, follow, max-snippet:-1, max-image-preview:large, max-video-preview:-1\" \/>\n<link rel=\"canonical\" href=\"https:\/\/autofans.com.ar\/index.php\/2025\/10\/13\/audi-argentina-y-la-universidad-austral-impulsan-la-movilidad-del-futuro\/\" \/>\n<meta property=\"og:locale\" content=\"es_ES\" \/>\n<meta property=\"og:type\" content=\"article\" \/>\n<meta property=\"og:title\" content=\"Audi Argentina y la Universidad Austral impulsan la movilidad del futuro -\" \/>\n<meta property=\"og:description\" content=\"Audi Argentina y la Universidad Austral presentaron \u201cMovilidad sustentable: Imagin\u00e1 un futuro con Audi\u201d. Se trata de una competencia...\" \/>\n<meta property=\"og:url\" content=\"https:\/\/autofans.com.ar\/index.php\/2025\/10\/13\/audi-argentina-y-la-universidad-austral-impulsan-la-movilidad-del-futuro\/\" \/>\n<meta property=\"article:published_time\" content=\"2025-10-13T22:36:41+00:00\" \/>\n<meta property=\"og:image\" content=\"https:\/\/autofans.com.ar\/wp-content\/uploads\/2025\/10\/audi-2.jpg\" \/>\n\t<meta property=\"og:image:width\" content=\"1000\" \/>\n\t<meta property=\"og:image:height\" content=\"667\" \/>\n\t<meta property=\"og:image:type\" content=\"image\/jpeg\" \/>\n<meta name=\"author\" content=\"Alejandro Gabriel Rosito\" \/>\n<meta name=\"twitter:card\" content=\"summary_large_image\" \/>\n<meta name=\"twitter:label1\" content=\"Escrito por\" \/>\n\t<meta name=\"twitter:data1\" content=\"Alejandro Gabriel Rosito\" \/>\n\t<meta name=\"twitter:label2\" content=\"Tiempo de lectura\" \/>\n\t<meta name=\"twitter:data2\" content=\"3 minutos\" \/>\n<script type=\"application\/ld+json\" class=\"yoast-schema-graph\">{\"@context\":\"https:\\\/\\\/schema.org\",\"@graph\":[{\"@type\":\"Article\",\"@id\":\"https:\\\/\\\/autofans.com.ar\\\/index.php\\\/2025\\\/10\\\/13\\\/audi-argentina-y-la-universidad-austral-impulsan-la-movilidad-del-futuro\\\/#article\",\"isPartOf\":{\"@id\":\"https:\\\/\\\/autofans.com.ar\\\/index.php\\\/2025\\\/10\\\/13\\\/audi-argentina-y-la-universidad-austral-impulsan-la-movilidad-del-futuro\\\/\"},\"author\":{\"name\":\"Alejandro Gabriel Rosito\",\"@id\":\"https:\\\/\\\/autofans.com.ar\\\/#\\\/schema\\\/person\\\/4a8dda0b6df83ac3d6723e921274c2aa\"},\"headline\":\"Audi Argentina y la Universidad Austral impulsan la movilidad del futuro\",\"datePublished\":\"2025-10-13T22:36:41+00:00\",\"mainEntityOfPage\":{\"@id\":\"https:\\\/\\\/autofans.com.ar\\\/index.php\\\/2025\\\/10\\\/13\\\/audi-argentina-y-la-universidad-austral-impulsan-la-movilidad-del-futuro\\\/\"},\"wordCount\":426,\"image\":{\"@id\":\"https:\\\/\\\/autofans.com.ar\\\/index.php\\\/2025\\\/10\\\/13\\\/audi-argentina-y-la-universidad-austral-impulsan-la-movilidad-del-futuro\\\/#primaryimage\"},\"thumbnailUrl\":\"https:\\\/\\\/autofans.com.ar\\\/wp-content\\\/uploads\\\/2025\\\/10\\\/audi-2.jpg\",\"keywords\":[\"#innovaci\u00f3n\",\"Audi Argentina\",\"Austral World Building Lab\",\"concurso universitario\",\"Futuro de la Movilidad\",\"movilidad el\u00e9ctrica\",\"movilidad sustentable\",\"sustentabilidad\",\"Universidad Austral\",\"Worldbuilding\"],\"articleSection\":[\"HIBRIDOS, ELECTRICOS y otros\",\"NOTICIAS\"],\"inLanguage\":\"es\"},{\"@type\":\"WebPage\",\"@id\":\"https:\\\/\\\/autofans.com.ar\\\/index.php\\\/2025\\\/10\\\/13\\\/audi-argentina-y-la-universidad-austral-impulsan-la-movilidad-del-futuro\\\/\",\"url\":\"https:\\\/\\\/autofans.com.ar\\\/index.php\\\/2025\\\/10\\\/13\\\/audi-argentina-y-la-universidad-austral-impulsan-la-movilidad-del-futuro\\\/\",\"name\":\"Audi Argentina y la Universidad Austral impulsan la movilidad del futuro -\",\"isPartOf\":{\"@id\":\"https:\\\/\\\/autofans.com.ar\\\/#website\"},\"primaryImageOfPage\":{\"@id\":\"https:\\\/\\\/autofans.com.ar\\\/index.php\\\/2025\\\/10\\\/13\\\/audi-argentina-y-la-universidad-austral-impulsan-la-movilidad-del-futuro\\\/#primaryimage\"},\"image\":{\"@id\":\"https:\\\/\\\/autofans.com.ar\\\/index.php\\\/2025\\\/10\\\/13\\\/audi-argentina-y-la-universidad-austral-impulsan-la-movilidad-del-futuro\\\/#primaryimage\"},\"thumbnailUrl\":\"https:\\\/\\\/autofans.com.ar\\\/wp-content\\\/uploads\\\/2025\\\/10\\\/audi-2.jpg\",\"datePublished\":\"2025-10-13T22:36:41+00:00\",\"author\":{\"@id\":\"https:\\\/\\\/autofans.com.ar\\\/#\\\/schema\\\/person\\\/4a8dda0b6df83ac3d6723e921274c2aa\"},\"description\":\"Audi Argentina y la Universidad Austral presentaron \u201cMovilidad sustentable: Imagin\u00e1 un futuro con Audi\u201d. Se trata de una competencia...\",\"breadcrumb\":{\"@id\":\"https:\\\/\\\/autofans.com.ar\\\/index.php\\\/2025\\\/10\\\/13\\\/audi-argentina-y-la-universidad-austral-impulsan-la-movilidad-del-futuro\\\/#breadcrumb\"},\"inLanguage\":\"es\",\"potentialAction\":[{\"@type\":\"ReadAction\",\"target\":[\"https:\\\/\\\/autofans.com.ar\\\/index.php\\\/2025\\\/10\\\/13\\\/audi-argentina-y-la-universidad-austral-impulsan-la-movilidad-del-futuro\\\/\"]}]},{\"@type\":\"ImageObject\",\"inLanguage\":\"es\",\"@id\":\"https:\\\/\\\/autofans.com.ar\\\/index.php\\\/2025\\\/10\\\/13\\\/audi-argentina-y-la-universidad-austral-impulsan-la-movilidad-del-futuro\\\/#primaryimage\",\"url\":\"https:\\\/\\\/autofans.com.ar\\\/wp-content\\\/uploads\\\/2025\\\/10\\\/audi-2.jpg\",\"contentUrl\":\"https:\\\/\\\/autofans.com.ar\\\/wp-content\\\/uploads\\\/2025\\\/10\\\/audi-2.jpg\",\"width\":1000,\"height\":667,\"caption\":\"Austral\"},{\"@type\":\"BreadcrumbList\",\"@id\":\"https:\\\/\\\/autofans.com.ar\\\/index.php\\\/2025\\\/10\\\/13\\\/audi-argentina-y-la-universidad-austral-impulsan-la-movilidad-del-futuro\\\/#breadcrumb\",\"itemListElement\":[{\"@type\":\"ListItem\",\"position\":1,\"name\":\"Inicio\",\"item\":\"https:\\\/\\\/autofans.com.ar\\\/\"},{\"@type\":\"ListItem\",\"position\":2,\"name\":\"Audi Argentina y la Universidad Austral impulsan la movilidad del futuro\"}]},{\"@type\":\"WebSite\",\"@id\":\"https:\\\/\\\/autofans.com.ar\\\/#website\",\"url\":\"https:\\\/\\\/autofans.com.ar\\\/\",\"name\":\"\",\"description\":\"El multimedio referente de la industria automotriz\",\"potentialAction\":[{\"@type\":\"SearchAction\",\"target\":{\"@type\":\"EntryPoint\",\"urlTemplate\":\"https:\\\/\\\/autofans.com.ar\\\/?s={search_term_string}\"},\"query-input\":{\"@type\":\"PropertyValueSpecification\",\"valueRequired\":true,\"valueName\":\"search_term_string\"}}],\"inLanguage\":\"es\"},{\"@type\":\"Person\",\"@id\":\"https:\\\/\\\/autofans.com.ar\\\/#\\\/schema\\\/person\\\/4a8dda0b6df83ac3d6723e921274c2aa\",\"name\":\"Alejandro Gabriel Rosito\",\"image\":{\"@type\":\"ImageObject\",\"inLanguage\":\"es\",\"@id\":\"https:\\\/\\\/secure.gravatar.com\\\/avatar\\\/16c5dda1489adfc62618084dcbb91cffd879c374b13fe5dd8e44ed6733852c88?s=96&d=mm&r=g\",\"url\":\"https:\\\/\\\/secure.gravatar.com\\\/avatar\\\/16c5dda1489adfc62618084dcbb91cffd879c374b13fe5dd8e44ed6733852c88?s=96&d=mm&r=g\",\"contentUrl\":\"https:\\\/\\\/secure.gravatar.com\\\/avatar\\\/16c5dda1489adfc62618084dcbb91cffd879c374b13fe5dd8e44ed6733852c88?s=96&d=mm&r=g\",\"caption\":\"Alejandro Gabriel Rosito\"},\"url\":\"https:\\\/\\\/autofans.com.ar\\\/index.php\\\/author\\\/gabrielr\\\/\"}]}<\/script>\n<!-- \/ Yoast SEO plugin. -->","yoast_head_json":{"title":"Audi Argentina y la Universidad Austral impulsan la movilidad del futuro -","description":"Audi Argentina y la Universidad Austral presentaron \u201cMovilidad sustentable: Imagin\u00e1 un futuro con Audi\u201d. Se trata de una competencia...","robots":{"index":"index","follow":"follow","max-snippet":"max-snippet:-1","max-image-preview":"max-image-preview:large","max-video-preview":"max-video-preview:-1"},"canonical":"https:\/\/autofans.com.ar\/index.php\/2025\/10\/13\/audi-argentina-y-la-universidad-austral-impulsan-la-movilidad-del-futuro\/","og_locale":"es_ES","og_type":"article","og_title":"Audi Argentina y la Universidad Austral impulsan la movilidad del futuro -","og_description":"Audi Argentina y la Universidad Austral presentaron \u201cMovilidad sustentable: Imagin\u00e1 un futuro con Audi\u201d. Se trata de una competencia...","og_url":"https:\/\/autofans.com.ar\/index.php\/2025\/10\/13\/audi-argentina-y-la-universidad-austral-impulsan-la-movilidad-del-futuro\/","article_published_time":"2025-10-13T22:36:41+00:00","og_image":[{"width":1000,"height":667,"url":"https:\/\/autofans.com.ar\/wp-content\/uploads\/2025\/10\/audi-2.jpg","type":"image\/jpeg"}],"author":"Alejandro Gabriel Rosito","twitter_card":"summary_large_image","twitter_misc":{"Escrito por":"Alejandro Gabriel Rosito","Tiempo de lectura":"3 minutos"},"schema":{"@context":"https:\/\/schema.org","@graph":[{"@type":"Article","@id":"https:\/\/autofans.com.ar\/index.php\/2025\/10\/13\/audi-argentina-y-la-universidad-austral-impulsan-la-movilidad-del-futuro\/#article","isPartOf":{"@id":"https:\/\/autofans.com.ar\/index.php\/2025\/10\/13\/audi-argentina-y-la-universidad-austral-impulsan-la-movilidad-del-futuro\/"},"author":{"name":"Alejandro Gabriel Rosito","@id":"https:\/\/autofans.com.ar\/#\/schema\/person\/4a8dda0b6df83ac3d6723e921274c2aa"},"headline":"Audi Argentina y la Universidad Austral impulsan la movilidad del futuro","datePublished":"2025-10-13T22:36:41+00:00","mainEntityOfPage":{"@id":"https:\/\/autofans.com.ar\/index.php\/2025\/10\/13\/audi-argentina-y-la-universidad-austral-impulsan-la-movilidad-del-futuro\/"},"wordCount":426,"image":{"@id":"https:\/\/autofans.com.ar\/index.php\/2025\/10\/13\/audi-argentina-y-la-universidad-austral-impulsan-la-movilidad-del-futuro\/#primaryimage"},"thumbnailUrl":"https:\/\/autofans.com.ar\/wp-content\/uploads\/2025\/10\/audi-2.jpg","keywords":["#innovaci\u00f3n","Audi Argentina","Austral World Building Lab","concurso universitario","Futuro de la Movilidad","movilidad el\u00e9ctrica","movilidad sustentable","sustentabilidad","Universidad Austral","Worldbuilding"],"articleSection":["HIBRIDOS, ELECTRICOS y otros","NOTICIAS"],"inLanguage":"es"},{"@type":"WebPage","@id":"https:\/\/autofans.com.ar\/index.php\/2025\/10\/13\/audi-argentina-y-la-universidad-austral-impulsan-la-movilidad-del-futuro\/","url":"https:\/\/autofans.com.ar\/index.php\/2025\/10\/13\/audi-argentina-y-la-universidad-austral-impulsan-la-movilidad-del-futuro\/","name":"Audi Argentina y la Universidad Austral impulsan la movilidad del futuro -","isPartOf":{"@id":"https:\/\/autofans.com.ar\/#website"},"primaryImageOfPage":{"@id":"https:\/\/autofans.com.ar\/index.php\/2025\/10\/13\/audi-argentina-y-la-universidad-austral-impulsan-la-movilidad-del-futuro\/#primaryimage"},"image":{"@id":"https:\/\/autofans.com.ar\/index.php\/2025\/10\/13\/audi-argentina-y-la-universidad-austral-impulsan-la-movilidad-del-futuro\/#primaryimage"},"thumbnailUrl":"https:\/\/autofans.com.ar\/wp-content\/uploads\/2025\/10\/audi-2.jpg","datePublished":"2025-10-13T22:36:41+00:00","author":{"@id":"https:\/\/autofans.com.ar\/#\/schema\/person\/4a8dda0b6df83ac3d6723e921274c2aa"},"description":"Audi Argentina y la Universidad Austral presentaron \u201cMovilidad sustentable: Imagin\u00e1 un futuro con Audi\u201d. Se trata de una competencia...","breadcrumb":{"@id":"https:\/\/autofans.com.ar\/index.php\/2025\/10\/13\/audi-argentina-y-la-universidad-austral-impulsan-la-movilidad-del-futuro\/#breadcrumb"},"inLanguage":"es","potentialAction":[{"@type":"ReadAction","target":["https:\/\/autofans.com.ar\/index.php\/2025\/10\/13\/audi-argentina-y-la-universidad-austral-impulsan-la-movilidad-del-futuro\/"]}]},{"@type":"ImageObject","inLanguage":"es","@id":"https:\/\/autofans.com.ar\/index.php\/2025\/10\/13\/audi-argentina-y-la-universidad-austral-impulsan-la-movilidad-del-futuro\/#primaryimage","url":"https:\/\/autofans.com.ar\/wp-content\/uploads\/2025\/10\/audi-2.jpg","contentUrl":"https:\/\/autofans.com.ar\/wp-content\/uploads\/2025\/10\/audi-2.jpg","width":1000,"height":667,"caption":"Austral"},{"@type":"BreadcrumbList","@id":"https:\/\/autofans.com.ar\/index.php\/2025\/10\/13\/audi-argentina-y-la-universidad-austral-impulsan-la-movilidad-del-futuro\/#breadcrumb","itemListElement":[{"@type":"ListItem","position":1,"name":"Inicio","item":"https:\/\/autofans.com.ar\/"},{"@type":"ListItem","position":2,"name":"Audi Argentina y la Universidad Austral impulsan la movilidad del futuro"}]},{"@type":"WebSite","@id":"https:\/\/autofans.com.ar\/#website","url":"https:\/\/autofans.com.ar\/","name":"","description":"El multimedio referente de la industria automotriz","potentialAction":[{"@type":"SearchAction","target":{"@type":"EntryPoint","urlTemplate":"https:\/\/autofans.com.ar\/?s={search_term_string}"},"query-input":{"@type":"PropertyValueSpecification","valueRequired":true,"valueName":"search_term_string"}}],"inLanguage":"es"},{"@type":"Person","@id":"https:\/\/autofans.com.ar\/#\/schema\/person\/4a8dda0b6df83ac3d6723e921274c2aa","name":"Alejandro Gabriel Rosito","image":{"@type":"ImageObject","inLanguage":"es","@id":"https:\/\/secure.gravatar.com\/avatar\/16c5dda1489adfc62618084dcbb91cffd879c374b13fe5dd8e44ed6733852c88?s=96&d=mm&r=g","url":"https:\/\/secure.gravatar.com\/avatar\/16c5dda1489adfc62618084dcbb91cffd879c374b13fe5dd8e44ed6733852c88?s=96&d=mm&r=g","contentUrl":"https:\/\/secure.gravatar.com\/avatar\/16c5dda1489adfc62618084dcbb91cffd879c374b13fe5dd8e44ed6733852c88?s=96&d=mm&r=g","caption":"Alejandro Gabriel Rosito"},"url":"https:\/\/autofans.com.ar\/index.php\/author\/gabrielr\/"}]}},"featured_image_urls":{"full":["https:\/\/autofans.com.ar\/wp-content\/uploads\/2025\/10\/audi-2.jpg",1000,667,false],"thumbnail":["https:\/\/autofans.com.ar\/wp-content\/uploads\/2025\/10\/audi-2-150x150.jpg",150,150,true],"medium":["https:\/\/autofans.com.ar\/wp-content\/uploads\/2025\/10\/audi-2-300x200.jpg",300,200,true],"medium_large":["https:\/\/autofans.com.ar\/wp-content\/uploads\/2025\/10\/audi-2-768x512.jpg",640,427,true],"large":["https:\/\/autofans.com.ar\/wp-content\/uploads\/2025\/10\/audi-2.jpg",640,427,false],"1536x1536":["https:\/\/autofans.com.ar\/wp-content\/uploads\/2025\/10\/audi-2.jpg",1000,667,false],"2048x2048":["https:\/\/autofans.com.ar\/wp-content\/uploads\/2025\/10\/audi-2.jpg",1000,667,false],"covernews-featured":["https:\/\/autofans.com.ar\/wp-content\/uploads\/2025\/10\/audi-2.jpg",1000,667,false],"covernews-medium":["https:\/\/autofans.com.ar\/wp-content\/uploads\/2025\/10\/audi-2-540x340.jpg",540,340,true]},"author_info":{"display_name":"Alejandro Gabriel Rosito","author_link":"https:\/\/autofans.com.ar\/index.php\/author\/gabrielr\/"},"category_info":"<a href=\"https:\/\/autofans.com.ar\/index.php\/category\/noticias\/hibridos-y-electricos\/\" rel=\"category tag\">HIBRIDOS, ELECTRICOS y otros<\/a> <a href=\"https:\/\/autofans.com.ar\/index.php\/category\/noticias\/\" rel=\"category tag\">NOTICIAS<\/a>","tag_info":"NOTICIAS","comment_count":0,"_links":{"self":[{"href":"https:\/\/autofans.com.ar\/index.php\/wp-json\/wp\/v2\/posts\/14425","targetHints":{"allow":["GET"]}}],"collection":[{"href":"https:\/\/autofans.com.ar\/index.php\/wp-json\/wp\/v2\/posts"}],"about":[{"href":"https:\/\/autofans.com.ar\/index.php\/wp-json\/wp\/v2\/types\/post"}],"author":[{"embeddable":true,"href":"https:\/\/autofans.com.ar\/index.php\/wp-json\/wp\/v2\/users\/2"}],"replies":[{"embeddable":true,"href":"https:\/\/autofans.com.ar\/index.php\/wp-json\/wp\/v2\/comments?post=14425"}],"version-history":[{"count":2,"href":"https:\/\/autofans.com.ar\/index.php\/wp-json\/wp\/v2\/posts\/14425\/revisions"}],"predecessor-version":[{"id":14431,"href":"https:\/\/autofans.com.ar\/index.php\/wp-json\/wp\/v2\/posts\/14425\/revisions\/14431"}],"wp:featuredmedia":[{"embeddable":true,"href":"https:\/\/autofans.com.ar\/index.php\/wp-json\/wp\/v2\/media\/14428"}],"wp:attachment":[{"href":"https:\/\/autofans.com.ar\/index.php\/wp-json\/wp\/v2\/media?parent=14425"}],"wp:term":[{"taxonomy":"category","embeddable":true,"href":"https:\/\/autofans.com.ar\/index.php\/wp-json\/wp\/v2\/categories?post=14425"},{"taxonomy":"post_tag","embeddable":true,"href":"https:\/\/autofans.com.ar\/index.php\/wp-json\/wp\/v2\/tags?post=14425"}],"curies":[{"name":"wp","href":"https:\/\/api.w.org\/{rel}","templated":true}]}}