{"id":14432,"date":"2025-10-13T20:12:56","date_gmt":"2025-10-13T23:12:56","guid":{"rendered":"https:\/\/autofans.com.ar\/?p=14432"},"modified":"2025-10-13T20:12:56","modified_gmt":"2025-10-13T23:12:56","slug":"llega-el-yaris-cross-con-mas-fuerza","status":"publish","type":"post","link":"https:\/\/autofans.com.ar\/index.php\/2025\/10\/13\/llega-el-yaris-cross-con-mas-fuerza\/","title":{"rendered":"Llega el Yaris Cross con m\u00e1s fuerza"},"content":{"rendered":"<p class=\"ds-markdown-paragraph\">La pr\u00f3xima llegada del Toyota Yaris Cross genera expectativa. Un medio brasile\u00f1o confirm\u00f3 que el SUV contar\u00e1 con una mec\u00e1nica actualizada. Su producci\u00f3n, ubicada en Brasil, sufri\u00f3 demoras por un incidente en la planta de Porto Feliz.<\/p>\n<p>&nbsp;<\/p>\n<h2 class=\"ds-markdown-paragraph\">Cambios en la motorizaci\u00f3n del Yaris Cross<\/h2>\n<p>&nbsp;<\/p>\n<p><img fetchpriority=\"high\" decoding=\"async\" class=\"aligncenter wp-image-14434 size-full\" src=\"https:\/\/autofans.com.ar\/wp-content\/uploads\/2025\/10\/yaris-4.jpg\" alt=\"Yaris Cross\" width=\"1000\" height=\"667\" srcset=\"https:\/\/autofans.com.ar\/wp-content\/uploads\/2025\/10\/yaris-4.jpg 1000w, https:\/\/autofans.com.ar\/wp-content\/uploads\/2025\/10\/yaris-4-300x200.jpg 300w, https:\/\/autofans.com.ar\/wp-content\/uploads\/2025\/10\/yaris-4-768x512.jpg 768w\" sizes=\"(max-width: 1000px) 100vw, 1000px\" \/><\/p>\n<p>&nbsp;<\/p>\n<p class=\"ds-markdown-paragraph\">Seg\u00fan la informaci\u00f3n, el motor naftero 1.5 litros sin electrificaci\u00f3n incorporar\u00e1 inyecci\u00f3n directa. Esta modificaci\u00f3n elevar\u00eda su rendimiento a 122 caballos de potencia y 151 Nm de torque. Representa una mejora de 12 CV y 5 Nm respecto del propulsor utilizado en el Yaris Hatchback.<\/p>\n<p>&nbsp;<\/p>\n<h2 class=\"ds-markdown-paragraph\">Transmisi\u00f3n y versi\u00f3n h\u00edbrida<\/h2>\n<p>&nbsp;<\/p>\n<p><img decoding=\"async\" class=\"aligncenter wp-image-14437 size-full\" src=\"https:\/\/autofans.com.ar\/wp-content\/uploads\/2025\/10\/yaris-1.jpg\" alt=\"Yaris Cross\" width=\"1000\" height=\"667\" srcset=\"https:\/\/autofans.com.ar\/wp-content\/uploads\/2025\/10\/yaris-1.jpg 1000w, https:\/\/autofans.com.ar\/wp-content\/uploads\/2025\/10\/yaris-1-300x200.jpg 300w, https:\/\/autofans.com.ar\/wp-content\/uploads\/2025\/10\/yaris-1-768x512.jpg 768w\" sizes=\"(max-width: 1000px) 100vw, 1000px\" \/><\/p>\n<p>&nbsp;<\/p>\n<p class=\"ds-markdown-paragraph\">La caja de cambios ser\u00e1 autom\u00e1tica CVT, con modo manual de siete velocidades y levas detr\u00e1s del volante. Para la variante h\u00edbrida, se espera una potencia combinada de 111,5 caballos y 142 Nm de torque.<\/p>\n<p>&nbsp;<\/p>\n<h2 class=\"ds-markdown-paragraph\">Lanzamiento en Argentina &#8211; fechas y detalles<\/h2>\n<p>&nbsp;<\/p>\n<p><img decoding=\"async\" class=\"aligncenter wp-image-14435 size-full\" src=\"https:\/\/autofans.com.ar\/wp-content\/uploads\/2025\/10\/yaris-3.jpg\" alt=\"Yaris Cross\" width=\"1000\" height=\"667\" srcset=\"https:\/\/autofans.com.ar\/wp-content\/uploads\/2025\/10\/yaris-3.jpg 1000w, https:\/\/autofans.com.ar\/wp-content\/uploads\/2025\/10\/yaris-3-300x200.jpg 300w, https:\/\/autofans.com.ar\/wp-content\/uploads\/2025\/10\/yaris-3-768x512.jpg 768w\" sizes=\"(max-width: 1000px) 100vw, 1000px\" \/><\/p>\n<p>&nbsp;<\/p>\n<p class=\"ds-markdown-paragraph\">Toyota hab\u00eda planeado su debut local para noviembre. Tras los inconvenientes, la nueva fecha ser\u00e1 anunciada pr\u00f3ximamente. Se desconoce si las cifras de potencia para Argentina ser\u00e1n id\u00e9nticas, dado que aqu\u00ed no se utiliza etanol como combustible.<\/p>\n<p>&nbsp;<\/p>\n<p>&nbsp;<\/p>\n<p><i>Para enterarte de m\u00e1s novedades, no dejes de leer\u00a0<\/i><a href=\"https:\/\/autofans.thebrandsoup.com\/\"><i>nuestras notas<\/i><\/a><i>, de ver\u00a0<\/i><a href=\"https:\/\/www.youtube.com\/channel\/UCgAC8UGHZYbT6P7PpmVnP7g\"><i>AUTOFANS TV<\/i><\/a><i>\u00a0en nuestro\u00a0canal de Youtube. Adem\u00e1s seguinos en\u00a0<\/i><a href=\"https:\/\/www.instagram.com\/autofanstv\/\"><i>INSTAGRAM<\/i><\/a><i> y <\/i><a href=\"https:\/\/www.facebook.com\/autofansmas\/\"><i>FACEBOOK<\/i><\/a><i> para no perderte nada sobre las novedades del segmento automotor de Argentina y el mundo.<\/i><\/p>\n","protected":false},"excerpt":{"rendered":"<p>La pr\u00f3xima llegada del Toyota Yaris Cross genera expectativa. Un medio brasile\u00f1o confirm\u00f3 que el&#8230;<\/p>\n","protected":false},"author":2,"featured_media":14433,"comment_status":"closed","ping_status":"closed","sticky":false,"template":"","format":"standard","meta":{"footnotes":""},"categories":[8,1],"tags":[7555,7550,7551,7553,7554,51,7549,7552],"class_list":["post-14432","post","type-post","status-publish","format-standard","has-post-thumbnail","hentry","category-autos-y-suv","category-lanzamientos","tag-ficha-tecnica-yaris-cross","tag-lanzamiento-suv-2025","tag-motor-1-5-toyota","tag-precio-yaris-cross","tag-suv-segmento-b","tag-toyota-argentina","tag-toyota-yaris-cross-argentina","tag-yaris-cross-hibrido"],"yoast_head":"<!-- This site is optimized with the Yoast SEO plugin v27.5 - https:\/\/yoast.com\/product\/yoast-seo-wordpress\/ -->\n<title>Llega el Yaris Cross con m\u00e1s fuerza -<\/title>\n<meta name=\"description\" content=\"La pr\u00f3xima llegada del Toyota Yaris Cross genera expectativa. Un medio brasile\u00f1o confirm\u00f3 que el SUV contar\u00e1 con una mec\u00e1nica actualizada...\" \/>\n<meta name=\"robots\" content=\"index, follow, max-snippet:-1, max-image-preview:large, max-video-preview:-1\" \/>\n<link rel=\"canonical\" href=\"https:\/\/autofans.com.ar\/index.php\/2025\/10\/13\/llega-el-yaris-cross-con-mas-fuerza\/\" \/>\n<meta property=\"og:locale\" content=\"es_ES\" \/>\n<meta property=\"og:type\" content=\"article\" \/>\n<meta property=\"og:title\" content=\"Llega el Yaris Cross con m\u00e1s fuerza -\" \/>\n<meta property=\"og:description\" content=\"La pr\u00f3xima llegada del Toyota Yaris Cross genera expectativa. Un medio brasile\u00f1o confirm\u00f3 que el SUV contar\u00e1 con una mec\u00e1nica actualizada...\" \/>\n<meta property=\"og:url\" content=\"https:\/\/autofans.com.ar\/index.php\/2025\/10\/13\/llega-el-yaris-cross-con-mas-fuerza\/\" \/>\n<meta property=\"article:published_time\" content=\"2025-10-13T23:12:56+00:00\" \/>\n<meta property=\"og:image\" content=\"https:\/\/autofans.com.ar\/wp-content\/uploads\/2025\/10\/yaris-5.jpg\" \/>\n\t<meta property=\"og:image:width\" content=\"1000\" \/>\n\t<meta property=\"og:image:height\" content=\"667\" \/>\n\t<meta property=\"og:image:type\" content=\"image\/jpeg\" \/>\n<meta name=\"author\" content=\"Alejandro Gabriel Rosito\" \/>\n<meta name=\"twitter:card\" content=\"summary_large_image\" \/>\n<meta name=\"twitter:label1\" content=\"Escrito por\" \/>\n\t<meta name=\"twitter:data1\" content=\"Alejandro Gabriel Rosito\" \/>\n\t<meta name=\"twitter:label2\" content=\"Tiempo de lectura\" \/>\n\t<meta name=\"twitter:data2\" content=\"2 minutos\" \/>\n<script type=\"application\/ld+json\" class=\"yoast-schema-graph\">{\"@context\":\"https:\\\/\\\/schema.org\",\"@graph\":[{\"@type\":\"Article\",\"@id\":\"https:\\\/\\\/autofans.com.ar\\\/index.php\\\/2025\\\/10\\\/13\\\/llega-el-yaris-cross-con-mas-fuerza\\\/#article\",\"isPartOf\":{\"@id\":\"https:\\\/\\\/autofans.com.ar\\\/index.php\\\/2025\\\/10\\\/13\\\/llega-el-yaris-cross-con-mas-fuerza\\\/\"},\"author\":{\"name\":\"Alejandro Gabriel Rosito\",\"@id\":\"https:\\\/\\\/autofans.com.ar\\\/#\\\/schema\\\/person\\\/4a8dda0b6df83ac3d6723e921274c2aa\"},\"headline\":\"Llega el Yaris Cross con m\u00e1s fuerza\",\"datePublished\":\"2025-10-13T23:12:56+00:00\",\"mainEntityOfPage\":{\"@id\":\"https:\\\/\\\/autofans.com.ar\\\/index.php\\\/2025\\\/10\\\/13\\\/llega-el-yaris-cross-con-mas-fuerza\\\/\"},\"wordCount\":248,\"image\":{\"@id\":\"https:\\\/\\\/autofans.com.ar\\\/index.php\\\/2025\\\/10\\\/13\\\/llega-el-yaris-cross-con-mas-fuerza\\\/#primaryimage\"},\"thumbnailUrl\":\"https:\\\/\\\/autofans.com.ar\\\/wp-content\\\/uploads\\\/2025\\\/10\\\/yaris-5.jpg\",\"keywords\":[\"ficha t\u00e9cnica Yaris Cross\",\"lanzamiento SUV 2025\",\"motor 1.5 Toyota\",\"precio Yaris Cross\",\"SUV segmento B\",\"Toyota Argentina\",\"Toyota Yaris Cross Argentina\",\"Yaris Cross h\u00edbrido\"],\"articleSection\":[\"Autos y SUV\",\"LANZAMIENTOS\"],\"inLanguage\":\"es\"},{\"@type\":\"WebPage\",\"@id\":\"https:\\\/\\\/autofans.com.ar\\\/index.php\\\/2025\\\/10\\\/13\\\/llega-el-yaris-cross-con-mas-fuerza\\\/\",\"url\":\"https:\\\/\\\/autofans.com.ar\\\/index.php\\\/2025\\\/10\\\/13\\\/llega-el-yaris-cross-con-mas-fuerza\\\/\",\"name\":\"Llega el Yaris Cross con m\u00e1s fuerza -\",\"isPartOf\":{\"@id\":\"https:\\\/\\\/autofans.com.ar\\\/#website\"},\"primaryImageOfPage\":{\"@id\":\"https:\\\/\\\/autofans.com.ar\\\/index.php\\\/2025\\\/10\\\/13\\\/llega-el-yaris-cross-con-mas-fuerza\\\/#primaryimage\"},\"image\":{\"@id\":\"https:\\\/\\\/autofans.com.ar\\\/index.php\\\/2025\\\/10\\\/13\\\/llega-el-yaris-cross-con-mas-fuerza\\\/#primaryimage\"},\"thumbnailUrl\":\"https:\\\/\\\/autofans.com.ar\\\/wp-content\\\/uploads\\\/2025\\\/10\\\/yaris-5.jpg\",\"datePublished\":\"2025-10-13T23:12:56+00:00\",\"author\":{\"@id\":\"https:\\\/\\\/autofans.com.ar\\\/#\\\/schema\\\/person\\\/4a8dda0b6df83ac3d6723e921274c2aa\"},\"description\":\"La pr\u00f3xima llegada del Toyota Yaris Cross genera expectativa. Un medio brasile\u00f1o confirm\u00f3 que el SUV contar\u00e1 con una mec\u00e1nica actualizada...\",\"breadcrumb\":{\"@id\":\"https:\\\/\\\/autofans.com.ar\\\/index.php\\\/2025\\\/10\\\/13\\\/llega-el-yaris-cross-con-mas-fuerza\\\/#breadcrumb\"},\"inLanguage\":\"es\",\"potentialAction\":[{\"@type\":\"ReadAction\",\"target\":[\"https:\\\/\\\/autofans.com.ar\\\/index.php\\\/2025\\\/10\\\/13\\\/llega-el-yaris-cross-con-mas-fuerza\\\/\"]}]},{\"@type\":\"ImageObject\",\"inLanguage\":\"es\",\"@id\":\"https:\\\/\\\/autofans.com.ar\\\/index.php\\\/2025\\\/10\\\/13\\\/llega-el-yaris-cross-con-mas-fuerza\\\/#primaryimage\",\"url\":\"https:\\\/\\\/autofans.com.ar\\\/wp-content\\\/uploads\\\/2025\\\/10\\\/yaris-5.jpg\",\"contentUrl\":\"https:\\\/\\\/autofans.com.ar\\\/wp-content\\\/uploads\\\/2025\\\/10\\\/yaris-5.jpg\",\"width\":1000,\"height\":667,\"caption\":\"Yaris Cross\"},{\"@type\":\"BreadcrumbList\",\"@id\":\"https:\\\/\\\/autofans.com.ar\\\/index.php\\\/2025\\\/10\\\/13\\\/llega-el-yaris-cross-con-mas-fuerza\\\/#breadcrumb\",\"itemListElement\":[{\"@type\":\"ListItem\",\"position\":1,\"name\":\"Inicio\",\"item\":\"https:\\\/\\\/autofans.com.ar\\\/\"},{\"@type\":\"ListItem\",\"position\":2,\"name\":\"Llega el Yaris Cross con m\u00e1s fuerza\"}]},{\"@type\":\"WebSite\",\"@id\":\"https:\\\/\\\/autofans.com.ar\\\/#website\",\"url\":\"https:\\\/\\\/autofans.com.ar\\\/\",\"name\":\"\",\"description\":\"El multimedio referente de la industria automotriz\",\"potentialAction\":[{\"@type\":\"SearchAction\",\"target\":{\"@type\":\"EntryPoint\",\"urlTemplate\":\"https:\\\/\\\/autofans.com.ar\\\/?s={search_term_string}\"},\"query-input\":{\"@type\":\"PropertyValueSpecification\",\"valueRequired\":true,\"valueName\":\"search_term_string\"}}],\"inLanguage\":\"es\"},{\"@type\":\"Person\",\"@id\":\"https:\\\/\\\/autofans.com.ar\\\/#\\\/schema\\\/person\\\/4a8dda0b6df83ac3d6723e921274c2aa\",\"name\":\"Alejandro Gabriel Rosito\",\"image\":{\"@type\":\"ImageObject\",\"inLanguage\":\"es\",\"@id\":\"https:\\\/\\\/secure.gravatar.com\\\/avatar\\\/16c5dda1489adfc62618084dcbb91cffd879c374b13fe5dd8e44ed6733852c88?s=96&d=mm&r=g\",\"url\":\"https:\\\/\\\/secure.gravatar.com\\\/avatar\\\/16c5dda1489adfc62618084dcbb91cffd879c374b13fe5dd8e44ed6733852c88?s=96&d=mm&r=g\",\"contentUrl\":\"https:\\\/\\\/secure.gravatar.com\\\/avatar\\\/16c5dda1489adfc62618084dcbb91cffd879c374b13fe5dd8e44ed6733852c88?s=96&d=mm&r=g\",\"caption\":\"Alejandro Gabriel Rosito\"},\"url\":\"https:\\\/\\\/autofans.com.ar\\\/index.php\\\/author\\\/gabrielr\\\/\"}]}<\/script>\n<!-- \/ Yoast SEO plugin. -->","yoast_head_json":{"title":"Llega el Yaris Cross con m\u00e1s fuerza -","description":"La pr\u00f3xima llegada del Toyota Yaris Cross genera expectativa. Un medio brasile\u00f1o confirm\u00f3 que el SUV contar\u00e1 con una mec\u00e1nica actualizada...","robots":{"index":"index","follow":"follow","max-snippet":"max-snippet:-1","max-image-preview":"max-image-preview:large","max-video-preview":"max-video-preview:-1"},"canonical":"https:\/\/autofans.com.ar\/index.php\/2025\/10\/13\/llega-el-yaris-cross-con-mas-fuerza\/","og_locale":"es_ES","og_type":"article","og_title":"Llega el Yaris Cross con m\u00e1s fuerza -","og_description":"La pr\u00f3xima llegada del Toyota Yaris Cross genera expectativa. Un medio brasile\u00f1o confirm\u00f3 que el SUV contar\u00e1 con una mec\u00e1nica actualizada...","og_url":"https:\/\/autofans.com.ar\/index.php\/2025\/10\/13\/llega-el-yaris-cross-con-mas-fuerza\/","article_published_time":"2025-10-13T23:12:56+00:00","og_image":[{"width":1000,"height":667,"url":"https:\/\/autofans.com.ar\/wp-content\/uploads\/2025\/10\/yaris-5.jpg","type":"image\/jpeg"}],"author":"Alejandro Gabriel Rosito","twitter_card":"summary_large_image","twitter_misc":{"Escrito por":"Alejandro Gabriel Rosito","Tiempo de lectura":"2 minutos"},"schema":{"@context":"https:\/\/schema.org","@graph":[{"@type":"Article","@id":"https:\/\/autofans.com.ar\/index.php\/2025\/10\/13\/llega-el-yaris-cross-con-mas-fuerza\/#article","isPartOf":{"@id":"https:\/\/autofans.com.ar\/index.php\/2025\/10\/13\/llega-el-yaris-cross-con-mas-fuerza\/"},"author":{"name":"Alejandro Gabriel Rosito","@id":"https:\/\/autofans.com.ar\/#\/schema\/person\/4a8dda0b6df83ac3d6723e921274c2aa"},"headline":"Llega el Yaris Cross con m\u00e1s fuerza","datePublished":"2025-10-13T23:12:56+00:00","mainEntityOfPage":{"@id":"https:\/\/autofans.com.ar\/index.php\/2025\/10\/13\/llega-el-yaris-cross-con-mas-fuerza\/"},"wordCount":248,"image":{"@id":"https:\/\/autofans.com.ar\/index.php\/2025\/10\/13\/llega-el-yaris-cross-con-mas-fuerza\/#primaryimage"},"thumbnailUrl":"https:\/\/autofans.com.ar\/wp-content\/uploads\/2025\/10\/yaris-5.jpg","keywords":["ficha t\u00e9cnica Yaris Cross","lanzamiento SUV 2025","motor 1.5 Toyota","precio Yaris Cross","SUV segmento B","Toyota Argentina","Toyota Yaris Cross Argentina","Yaris Cross h\u00edbrido"],"articleSection":["Autos y SUV","LANZAMIENTOS"],"inLanguage":"es"},{"@type":"WebPage","@id":"https:\/\/autofans.com.ar\/index.php\/2025\/10\/13\/llega-el-yaris-cross-con-mas-fuerza\/","url":"https:\/\/autofans.com.ar\/index.php\/2025\/10\/13\/llega-el-yaris-cross-con-mas-fuerza\/","name":"Llega el Yaris Cross con m\u00e1s fuerza -","isPartOf":{"@id":"https:\/\/autofans.com.ar\/#website"},"primaryImageOfPage":{"@id":"https:\/\/autofans.com.ar\/index.php\/2025\/10\/13\/llega-el-yaris-cross-con-mas-fuerza\/#primaryimage"},"image":{"@id":"https:\/\/autofans.com.ar\/index.php\/2025\/10\/13\/llega-el-yaris-cross-con-mas-fuerza\/#primaryimage"},"thumbnailUrl":"https:\/\/autofans.com.ar\/wp-content\/uploads\/2025\/10\/yaris-5.jpg","datePublished":"2025-10-13T23:12:56+00:00","author":{"@id":"https:\/\/autofans.com.ar\/#\/schema\/person\/4a8dda0b6df83ac3d6723e921274c2aa"},"description":"La pr\u00f3xima llegada del Toyota Yaris Cross genera expectativa. Un medio brasile\u00f1o confirm\u00f3 que el SUV contar\u00e1 con una mec\u00e1nica actualizada...","breadcrumb":{"@id":"https:\/\/autofans.com.ar\/index.php\/2025\/10\/13\/llega-el-yaris-cross-con-mas-fuerza\/#breadcrumb"},"inLanguage":"es","potentialAction":[{"@type":"ReadAction","target":["https:\/\/autofans.com.ar\/index.php\/2025\/10\/13\/llega-el-yaris-cross-con-mas-fuerza\/"]}]},{"@type":"ImageObject","inLanguage":"es","@id":"https:\/\/autofans.com.ar\/index.php\/2025\/10\/13\/llega-el-yaris-cross-con-mas-fuerza\/#primaryimage","url":"https:\/\/autofans.com.ar\/wp-content\/uploads\/2025\/10\/yaris-5.jpg","contentUrl":"https:\/\/autofans.com.ar\/wp-content\/uploads\/2025\/10\/yaris-5.jpg","width":1000,"height":667,"caption":"Yaris Cross"},{"@type":"BreadcrumbList","@id":"https:\/\/autofans.com.ar\/index.php\/2025\/10\/13\/llega-el-yaris-cross-con-mas-fuerza\/#breadcrumb","itemListElement":[{"@type":"ListItem","position":1,"name":"Inicio","item":"https:\/\/autofans.com.ar\/"},{"@type":"ListItem","position":2,"name":"Llega el Yaris Cross con m\u00e1s fuerza"}]},{"@type":"WebSite","@id":"https:\/\/autofans.com.ar\/#website","url":"https:\/\/autofans.com.ar\/","name":"","description":"El multimedio referente de la industria automotriz","potentialAction":[{"@type":"SearchAction","target":{"@type":"EntryPoint","urlTemplate":"https:\/\/autofans.com.ar\/?s={search_term_string}"},"query-input":{"@type":"PropertyValueSpecification","valueRequired":true,"valueName":"search_term_string"}}],"inLanguage":"es"},{"@type":"Person","@id":"https:\/\/autofans.com.ar\/#\/schema\/person\/4a8dda0b6df83ac3d6723e921274c2aa","name":"Alejandro Gabriel Rosito","image":{"@type":"ImageObject","inLanguage":"es","@id":"https:\/\/secure.gravatar.com\/avatar\/16c5dda1489adfc62618084dcbb91cffd879c374b13fe5dd8e44ed6733852c88?s=96&d=mm&r=g","url":"https:\/\/secure.gravatar.com\/avatar\/16c5dda1489adfc62618084dcbb91cffd879c374b13fe5dd8e44ed6733852c88?s=96&d=mm&r=g","contentUrl":"https:\/\/secure.gravatar.com\/avatar\/16c5dda1489adfc62618084dcbb91cffd879c374b13fe5dd8e44ed6733852c88?s=96&d=mm&r=g","caption":"Alejandro Gabriel Rosito"},"url":"https:\/\/autofans.com.ar\/index.php\/author\/gabrielr\/"}]}},"featured_image_urls":{"full":["https:\/\/autofans.com.ar\/wp-content\/uploads\/2025\/10\/yaris-5.jpg",1000,667,false],"thumbnail":["https:\/\/autofans.com.ar\/wp-content\/uploads\/2025\/10\/yaris-5-150x150.jpg",150,150,true],"medium":["https:\/\/autofans.com.ar\/wp-content\/uploads\/2025\/10\/yaris-5-300x200.jpg",300,200,true],"medium_large":["https:\/\/autofans.com.ar\/wp-content\/uploads\/2025\/10\/yaris-5-768x512.jpg",640,427,true],"large":["https:\/\/autofans.com.ar\/wp-content\/uploads\/2025\/10\/yaris-5.jpg",640,427,false],"1536x1536":["https:\/\/autofans.com.ar\/wp-content\/uploads\/2025\/10\/yaris-5.jpg",1000,667,false],"2048x2048":["https:\/\/autofans.com.ar\/wp-content\/uploads\/2025\/10\/yaris-5.jpg",1000,667,false],"covernews-featured":["https:\/\/autofans.com.ar\/wp-content\/uploads\/2025\/10\/yaris-5.jpg",1000,667,false],"covernews-medium":["https:\/\/autofans.com.ar\/wp-content\/uploads\/2025\/10\/yaris-5-540x340.jpg",540,340,true]},"author_info":{"display_name":"Alejandro Gabriel Rosito","author_link":"https:\/\/autofans.com.ar\/index.php\/author\/gabrielr\/"},"category_info":"<a href=\"https:\/\/autofans.com.ar\/index.php\/category\/lanzamientos\/autos-y-suv\/\" rel=\"category tag\">Autos y SUV<\/a> <a href=\"https:\/\/autofans.com.ar\/index.php\/category\/lanzamientos\/\" rel=\"category tag\">LANZAMIENTOS<\/a>","tag_info":"LANZAMIENTOS","comment_count":0,"_links":{"self":[{"href":"https:\/\/autofans.com.ar\/index.php\/wp-json\/wp\/v2\/posts\/14432","targetHints":{"allow":["GET"]}}],"collection":[{"href":"https:\/\/autofans.com.ar\/index.php\/wp-json\/wp\/v2\/posts"}],"about":[{"href":"https:\/\/autofans.com.ar\/index.php\/wp-json\/wp\/v2\/types\/post"}],"author":[{"embeddable":true,"href":"https:\/\/autofans.com.ar\/index.php\/wp-json\/wp\/v2\/users\/2"}],"replies":[{"embeddable":true,"href":"https:\/\/autofans.com.ar\/index.php\/wp-json\/wp\/v2\/comments?post=14432"}],"version-history":[{"count":3,"href":"https:\/\/autofans.com.ar\/index.php\/wp-json\/wp\/v2\/posts\/14432\/revisions"}],"predecessor-version":[{"id":14440,"href":"https:\/\/autofans.com.ar\/index.php\/wp-json\/wp\/v2\/posts\/14432\/revisions\/14440"}],"wp:featuredmedia":[{"embeddable":true,"href":"https:\/\/autofans.com.ar\/index.php\/wp-json\/wp\/v2\/media\/14433"}],"wp:attachment":[{"href":"https:\/\/autofans.com.ar\/index.php\/wp-json\/wp\/v2\/media?parent=14432"}],"wp:term":[{"taxonomy":"category","embeddable":true,"href":"https:\/\/autofans.com.ar\/index.php\/wp-json\/wp\/v2\/categories?post=14432"},{"taxonomy":"post_tag","embeddable":true,"href":"https:\/\/autofans.com.ar\/index.php\/wp-json\/wp\/v2\/tags?post=14432"}],"curies":[{"name":"wp","href":"https:\/\/api.w.org\/{rel}","templated":true}]}}