{"id":14441,"date":"2025-10-14T13:38:12","date_gmt":"2025-10-14T16:38:12","guid":{"rendered":"https:\/\/autofans.com.ar\/?p=14441"},"modified":"2025-10-14T13:38:12","modified_gmt":"2025-10-14T16:38:12","slug":"stellantis-comienza-la-produccion-de-la-nueva-ram-dakota","status":"publish","type":"post","link":"https:\/\/autofans.com.ar\/index.php\/2025\/10\/14\/stellantis-comienza-la-produccion-de-la-nueva-ram-dakota\/","title":{"rendered":"Stellantis comienza la producci\u00f3n de la nueva Ram Dakota"},"content":{"rendered":"<p class=\"ds-markdown-paragraph\">La Ram Dakota se comercializar\u00e1 en el pa\u00eds antes de que finalice este a\u00f1o. Al igual que su gemela, la Titano, tambi\u00e9n est\u00e1 destinada a la exportaci\u00f3n hacia otros mercados de la regi\u00f3n, con foco en Brasil. Ambos proyectos, conocidos como KP1 (Titano) y KP2 (Dakota), representaron una inversi\u00f3n de 385 millones de d\u00f3lares en la f\u00e1brica cordobesa.<\/p>\n<p>&nbsp;<\/p>\n<blockquote>\n<p style=\"text-align: center;\">\u201cEl lanzamiento de la Ram Dakota es un ejemplo concreto de c\u00f3mo la integraci\u00f3n local impulsa la competitividad regional. Este proyecto representa un verdadero motor de desarrollo ya que fortalece estrat\u00e9gicamente nuestra red de proveedores, impulsa la generaci\u00f3n de empleo calificado y nos permite fabricar veh\u00edculos con est\u00e1ndares globales.\u201d Declaro Herlander Zola, presidente de Stellantis Sudam\u00e9rica<\/p>\n<\/blockquote>\n<p>&nbsp;<\/p>\n<h2 class=\"ds-markdown-paragraph\">Ram Dakota &#8211; inversi\u00f3n y generaci\u00f3n de empleo<\/h2>\n<p>&nbsp;<\/p>\n<div id='gallery-1' class='gallery galleryid-14441 gallery-columns-2 gallery-size-full'><figure class='gallery-item'>\n\t\t\t<div class='gallery-icon landscape'>\n\t\t\t\t<a href='https:\/\/autofans.com.ar\/index.php\/2025\/10\/14\/stellantis-comienza-la-produccion-de-la-nueva-ram-dakota\/dakota-3\/'><img loading=\"lazy\" width=\"1000\" height=\"667\" src=\"https:\/\/autofans.com.ar\/wp-content\/uploads\/2025\/10\/dakota-3.jpg\" class=\"attachment-full size-full\" alt=\"Ram Dakota\" srcset=\"https:\/\/autofans.com.ar\/wp-content\/uploads\/2025\/10\/dakota-3.jpg 1000w, https:\/\/autofans.com.ar\/wp-content\/uploads\/2025\/10\/dakota-3-300x200.jpg 300w, https:\/\/autofans.com.ar\/wp-content\/uploads\/2025\/10\/dakota-3-768x512.jpg 768w\" sizes=\"auto, (max-width: 1000px) 100vw, 1000px\" loading=\"lazy\" decoding=\"async\" \/><\/a>\n\t\t\t<\/div><\/figure><figure class='gallery-item'>\n\t\t\t<div class='gallery-icon landscape'>\n\t\t\t\t<a href='https:\/\/autofans.com.ar\/index.php\/2025\/10\/14\/stellantis-comienza-la-produccion-de-la-nueva-ram-dakota\/dakota-4\/'><img loading=\"lazy\" width=\"1000\" height=\"667\" src=\"https:\/\/autofans.com.ar\/wp-content\/uploads\/2025\/10\/dakota-4.jpg\" class=\"attachment-full size-full\" alt=\"Ram Dakota\" srcset=\"https:\/\/autofans.com.ar\/wp-content\/uploads\/2025\/10\/dakota-4.jpg 1000w, https:\/\/autofans.com.ar\/wp-content\/uploads\/2025\/10\/dakota-4-300x200.jpg 300w, https:\/\/autofans.com.ar\/wp-content\/uploads\/2025\/10\/dakota-4-768x512.jpg 768w\" sizes=\"auto, (max-width: 1000px) 100vw, 1000px\" loading=\"lazy\" decoding=\"async\" \/><\/a>\n\t\t\t<\/div><\/figure>\n\t\t<\/div>\n\n<p>&nbsp;<\/p>\n<p class=\"ds-markdown-paragraph\">Esta inversi\u00f3n no solo moderniza la planta, sino que tambi\u00e9n impulsa el empleo local. Se crear\u00e1n 1.800 nuevos puestos de trabajo, con una pol\u00edtica de inclusi\u00f3n que destina la mitad de estas vacantes para mujeres. Del acto de lanzamiento participaron el gobernador de C\u00f3rdoba, Mart\u00edn Llaryora, y el intendente de la ciudad, Daniel Passerini.<\/p>\n<p>&nbsp;<\/p>\n<blockquote>\n<p style=\"text-align: center;\">\u201cCreemos en una Argentina que mire al mundo de frente, que exporte valor agregado, conocimiento y talento argentino. Con este proyecto, estamos recuperando lo mejor de nuestra tradici\u00f3n industrial: proveedores que vuelven a producir, empleos de calidad, oportunidades que transforman la vida de las personas, de sus familias y de toda la sociedad. Esta nueva pick-up Dakota llega con el ADN 100% Ram. Con un dise\u00f1o robusto, un interior que los va a sorprender, tecnolog\u00eda de avanzada y prestaciones \u00fanicas en el segmento.\u00bb Aseguro Mart\u00edn Zuppi, presidente de Stellantis Argentina<\/p>\n<\/blockquote>\n<p>&nbsp;<\/p>\n<h2 class=\"ds-markdown-paragraph\">El motor que mover\u00e1 a la nueva pick-up<\/h2>\n<p>Stellantas confirm\u00f3 que la Dakota equipar\u00e1 el mismo propulsor 2.2 turbodiesel que la Titano. Se trata del motor Multijet de 2.184 cc, que entrega 200 caballos de fuerza y un torque de 450 Nm. Este diesel incluye un filtro de part\u00edculas que requiere la recarga peri\u00f3dica de un tanque de urea (Arla32).<\/p>\n<p>&nbsp;<\/p>\n<div id='gallery-2' class='gallery galleryid-14441 gallery-columns-2 gallery-size-full'><figure class='gallery-item'>\n\t\t\t<div class='gallery-icon landscape'>\n\t\t\t\t<a href='https:\/\/autofans.com.ar\/index.php\/2025\/10\/14\/stellantis-comienza-la-produccion-de-la-nueva-ram-dakota\/dakota-1\/'><img loading=\"lazy\" width=\"1000\" height=\"667\" src=\"https:\/\/autofans.com.ar\/wp-content\/uploads\/2025\/10\/dakota-1.jpg\" class=\"attachment-full size-full\" alt=\"Ram Dakota\" srcset=\"https:\/\/autofans.com.ar\/wp-content\/uploads\/2025\/10\/dakota-1.jpg 1000w, https:\/\/autofans.com.ar\/wp-content\/uploads\/2025\/10\/dakota-1-300x200.jpg 300w, https:\/\/autofans.com.ar\/wp-content\/uploads\/2025\/10\/dakota-1-768x512.jpg 768w\" sizes=\"auto, (max-width: 1000px) 100vw, 1000px\" loading=\"lazy\" decoding=\"async\" \/><\/a>\n\t\t\t<\/div><\/figure><figure class='gallery-item'>\n\t\t\t<div class='gallery-icon landscape'>\n\t\t\t\t<a href='https:\/\/autofans.com.ar\/index.php\/2025\/10\/14\/stellantis-comienza-la-produccion-de-la-nueva-ram-dakota\/dakota-2\/'><img loading=\"lazy\" width=\"1000\" height=\"667\" src=\"https:\/\/autofans.com.ar\/wp-content\/uploads\/2025\/10\/dakota-2.jpg\" class=\"attachment-full size-full\" alt=\"Ram Dakota\" srcset=\"https:\/\/autofans.com.ar\/wp-content\/uploads\/2025\/10\/dakota-2.jpg 1000w, https:\/\/autofans.com.ar\/wp-content\/uploads\/2025\/10\/dakota-2-300x200.jpg 300w, https:\/\/autofans.com.ar\/wp-content\/uploads\/2025\/10\/dakota-2-768x512.jpg 768w\" sizes=\"auto, (max-width: 1000px) 100vw, 1000px\" loading=\"lazy\" decoding=\"async\" \/><\/a>\n\t\t\t<\/div><\/figure>\n\t\t<\/div>\n\n<p>&nbsp;<\/p>\n<p class=\"ds-markdown-paragraph\">A partir del pr\u00f3ximo a\u00f1o, la f\u00e1brica de C\u00f3rdoba tambi\u00e9n sumar\u00e1 la producci\u00f3n local de este motor, consolidando la cadena de valor en el pa\u00eds.<\/p>\n<p>&nbsp;<\/p>\n<p>&nbsp;<\/p>\n<p>&nbsp;<\/p>\n<p><i>Para enterarte de m\u00e1s novedades, no dejes de leer\u00a0<\/i><a href=\"https:\/\/autofans.thebrandsoup.com\/\"><i>nuestras notas<\/i><\/a><i>, de ver\u00a0<\/i><a href=\"https:\/\/www.youtube.com\/channel\/UCgAC8UGHZYbT6P7PpmVnP7g\"><i>AUTOFANS TV<\/i><\/a><i>\u00a0en nuestro\u00a0canal de Youtube. Adem\u00e1s seguinos en\u00a0<\/i><a href=\"https:\/\/www.instagram.com\/autofanstv\/\"><i>INSTAGRAM<\/i><\/a><i> y <\/i><a href=\"https:\/\/www.facebook.com\/autofansmas\/\"><i>FACEBOOK<\/i><\/a><i> para no perderte nada sobre las novedades del segmento automotor de Argentina y el mundo.<\/i><\/p>\n","protected":false},"excerpt":{"rendered":"<p>La Ram Dakota se comercializar\u00e1 en el pa\u00eds antes de que finalice este a\u00f1o. Al&#8230;<\/p>\n","protected":false},"author":2,"featured_media":14443,"comment_status":"closed","ping_status":"closed","sticky":false,"template":"","format":"standard","meta":{"footnotes":""},"categories":[1,5],"tags":[7004,7557,3783,7556,7558,7559,6456,6705,7178,108],"class_list":["post-14441","post","type-post","status-publish","format-standard","has-post-thumbnail","hentry","category-lanzamientos","category-otros","tag-camionetas-argentinas","tag-camionetas-diesel","tag-fiat-titano","tag-lanzamiento-industrial","tag-mercado-automotor-argentina","tag-nuevas-pick-ups","tag-pick-up-mediana","tag-produccion-cordoba","tag-ram-dakota","tag-stellantis-argentina"],"yoast_head":"<!-- This site is optimized with the Yoast SEO plugin v27.5 - https:\/\/yoast.com\/product\/yoast-seo-wordpress\/ -->\n<title>Stellantis comienza la producci\u00f3n de la nueva Ram Dakota -<\/title>\n<meta name=\"description\" content=\"Stellantis ya est\u00e1 produciendo la nueva Ram Dakota en C\u00f3rdoba. La pick-up mediana, gemela de la Fiat Titano, sale a la venta este a\u00f1o...\" \/>\n<meta name=\"robots\" content=\"index, follow, max-snippet:-1, max-image-preview:large, max-video-preview:-1\" \/>\n<link rel=\"canonical\" href=\"https:\/\/autofans.com.ar\/index.php\/2025\/10\/14\/stellantis-comienza-la-produccion-de-la-nueva-ram-dakota\/\" \/>\n<meta property=\"og:locale\" content=\"es_ES\" \/>\n<meta property=\"og:type\" content=\"article\" \/>\n<meta property=\"og:title\" content=\"Stellantis comienza la producci\u00f3n de la nueva Ram Dakota -\" \/>\n<meta property=\"og:description\" content=\"Stellantis ya est\u00e1 produciendo la nueva Ram Dakota en C\u00f3rdoba. La pick-up mediana, gemela de la Fiat Titano, sale a la venta este a\u00f1o...\" \/>\n<meta property=\"og:url\" content=\"https:\/\/autofans.com.ar\/index.php\/2025\/10\/14\/stellantis-comienza-la-produccion-de-la-nueva-ram-dakota\/\" \/>\n<meta property=\"article:published_time\" content=\"2025-10-14T16:38:12+00:00\" \/>\n<meta property=\"og:image\" content=\"https:\/\/autofans.com.ar\/wp-content\/uploads\/2025\/10\/dakota-5.jpg\" \/>\n\t<meta property=\"og:image:width\" content=\"1000\" \/>\n\t<meta property=\"og:image:height\" content=\"667\" \/>\n\t<meta property=\"og:image:type\" content=\"image\/jpeg\" \/>\n<meta name=\"author\" content=\"Alejandro Gabriel Rosito\" \/>\n<meta name=\"twitter:card\" content=\"summary_large_image\" \/>\n<meta name=\"twitter:label1\" content=\"Escrito por\" \/>\n\t<meta name=\"twitter:data1\" content=\"Alejandro Gabriel Rosito\" \/>\n\t<meta name=\"twitter:label2\" content=\"Tiempo de lectura\" \/>\n\t<meta name=\"twitter:data2\" content=\"2 minutos\" \/>\n<script type=\"application\/ld+json\" class=\"yoast-schema-graph\">{\"@context\":\"https:\\\/\\\/schema.org\",\"@graph\":[{\"@type\":\"Article\",\"@id\":\"https:\\\/\\\/autofans.com.ar\\\/index.php\\\/2025\\\/10\\\/14\\\/stellantis-comienza-la-produccion-de-la-nueva-ram-dakota\\\/#article\",\"isPartOf\":{\"@id\":\"https:\\\/\\\/autofans.com.ar\\\/index.php\\\/2025\\\/10\\\/14\\\/stellantis-comienza-la-produccion-de-la-nueva-ram-dakota\\\/\"},\"author\":{\"name\":\"Alejandro Gabriel Rosito\",\"@id\":\"https:\\\/\\\/autofans.com.ar\\\/#\\\/schema\\\/person\\\/4a8dda0b6df83ac3d6723e921274c2aa\"},\"headline\":\"Stellantis comienza la producci\u00f3n de la nueva Ram Dakota\",\"datePublished\":\"2025-10-14T16:38:12+00:00\",\"mainEntityOfPage\":{\"@id\":\"https:\\\/\\\/autofans.com.ar\\\/index.php\\\/2025\\\/10\\\/14\\\/stellantis-comienza-la-produccion-de-la-nueva-ram-dakota\\\/\"},\"wordCount\":455,\"image\":{\"@id\":\"https:\\\/\\\/autofans.com.ar\\\/index.php\\\/2025\\\/10\\\/14\\\/stellantis-comienza-la-produccion-de-la-nueva-ram-dakota\\\/#primaryimage\"},\"thumbnailUrl\":\"https:\\\/\\\/autofans.com.ar\\\/wp-content\\\/uploads\\\/2025\\\/10\\\/dakota-5.jpg\",\"keywords\":[\"camionetas argentinas\",\"camionetas diesel\",\"Fiat Titano\",\"lanzamiento industrial\",\"mercado automotor Argentina\",\"nuevas pick-ups\",\"pick-up mediana\",\"producci\u00f3n C\u00f3rdoba\",\"RAM Dakota\",\"Stellantis Argentina\"],\"articleSection\":[\"LANZAMIENTOS\",\"PICK UPs, UTILITARIOS Y OTROS\"],\"inLanguage\":\"es\"},{\"@type\":\"WebPage\",\"@id\":\"https:\\\/\\\/autofans.com.ar\\\/index.php\\\/2025\\\/10\\\/14\\\/stellantis-comienza-la-produccion-de-la-nueva-ram-dakota\\\/\",\"url\":\"https:\\\/\\\/autofans.com.ar\\\/index.php\\\/2025\\\/10\\\/14\\\/stellantis-comienza-la-produccion-de-la-nueva-ram-dakota\\\/\",\"name\":\"Stellantis comienza la producci\u00f3n de la nueva Ram Dakota -\",\"isPartOf\":{\"@id\":\"https:\\\/\\\/autofans.com.ar\\\/#website\"},\"primaryImageOfPage\":{\"@id\":\"https:\\\/\\\/autofans.com.ar\\\/index.php\\\/2025\\\/10\\\/14\\\/stellantis-comienza-la-produccion-de-la-nueva-ram-dakota\\\/#primaryimage\"},\"image\":{\"@id\":\"https:\\\/\\\/autofans.com.ar\\\/index.php\\\/2025\\\/10\\\/14\\\/stellantis-comienza-la-produccion-de-la-nueva-ram-dakota\\\/#primaryimage\"},\"thumbnailUrl\":\"https:\\\/\\\/autofans.com.ar\\\/wp-content\\\/uploads\\\/2025\\\/10\\\/dakota-5.jpg\",\"datePublished\":\"2025-10-14T16:38:12+00:00\",\"author\":{\"@id\":\"https:\\\/\\\/autofans.com.ar\\\/#\\\/schema\\\/person\\\/4a8dda0b6df83ac3d6723e921274c2aa\"},\"description\":\"Stellantis ya est\u00e1 produciendo la nueva Ram Dakota en C\u00f3rdoba. La pick-up mediana, gemela de la Fiat Titano, sale a la venta este a\u00f1o...\",\"breadcrumb\":{\"@id\":\"https:\\\/\\\/autofans.com.ar\\\/index.php\\\/2025\\\/10\\\/14\\\/stellantis-comienza-la-produccion-de-la-nueva-ram-dakota\\\/#breadcrumb\"},\"inLanguage\":\"es\",\"potentialAction\":[{\"@type\":\"ReadAction\",\"target\":[\"https:\\\/\\\/autofans.com.ar\\\/index.php\\\/2025\\\/10\\\/14\\\/stellantis-comienza-la-produccion-de-la-nueva-ram-dakota\\\/\"]}]},{\"@type\":\"ImageObject\",\"inLanguage\":\"es\",\"@id\":\"https:\\\/\\\/autofans.com.ar\\\/index.php\\\/2025\\\/10\\\/14\\\/stellantis-comienza-la-produccion-de-la-nueva-ram-dakota\\\/#primaryimage\",\"url\":\"https:\\\/\\\/autofans.com.ar\\\/wp-content\\\/uploads\\\/2025\\\/10\\\/dakota-5.jpg\",\"contentUrl\":\"https:\\\/\\\/autofans.com.ar\\\/wp-content\\\/uploads\\\/2025\\\/10\\\/dakota-5.jpg\",\"width\":1000,\"height\":667,\"caption\":\"Ram Dakota\"},{\"@type\":\"BreadcrumbList\",\"@id\":\"https:\\\/\\\/autofans.com.ar\\\/index.php\\\/2025\\\/10\\\/14\\\/stellantis-comienza-la-produccion-de-la-nueva-ram-dakota\\\/#breadcrumb\",\"itemListElement\":[{\"@type\":\"ListItem\",\"position\":1,\"name\":\"Inicio\",\"item\":\"https:\\\/\\\/autofans.com.ar\\\/\"},{\"@type\":\"ListItem\",\"position\":2,\"name\":\"Stellantis comienza la producci\u00f3n de la nueva Ram Dakota\"}]},{\"@type\":\"WebSite\",\"@id\":\"https:\\\/\\\/autofans.com.ar\\\/#website\",\"url\":\"https:\\\/\\\/autofans.com.ar\\\/\",\"name\":\"\",\"description\":\"El multimedio referente de la industria automotriz\",\"potentialAction\":[{\"@type\":\"SearchAction\",\"target\":{\"@type\":\"EntryPoint\",\"urlTemplate\":\"https:\\\/\\\/autofans.com.ar\\\/?s={search_term_string}\"},\"query-input\":{\"@type\":\"PropertyValueSpecification\",\"valueRequired\":true,\"valueName\":\"search_term_string\"}}],\"inLanguage\":\"es\"},{\"@type\":\"Person\",\"@id\":\"https:\\\/\\\/autofans.com.ar\\\/#\\\/schema\\\/person\\\/4a8dda0b6df83ac3d6723e921274c2aa\",\"name\":\"Alejandro Gabriel Rosito\",\"image\":{\"@type\":\"ImageObject\",\"inLanguage\":\"es\",\"@id\":\"https:\\\/\\\/secure.gravatar.com\\\/avatar\\\/16c5dda1489adfc62618084dcbb91cffd879c374b13fe5dd8e44ed6733852c88?s=96&d=mm&r=g\",\"url\":\"https:\\\/\\\/secure.gravatar.com\\\/avatar\\\/16c5dda1489adfc62618084dcbb91cffd879c374b13fe5dd8e44ed6733852c88?s=96&d=mm&r=g\",\"contentUrl\":\"https:\\\/\\\/secure.gravatar.com\\\/avatar\\\/16c5dda1489adfc62618084dcbb91cffd879c374b13fe5dd8e44ed6733852c88?s=96&d=mm&r=g\",\"caption\":\"Alejandro Gabriel Rosito\"},\"url\":\"https:\\\/\\\/autofans.com.ar\\\/index.php\\\/author\\\/gabrielr\\\/\"}]}<\/script>\n<!-- \/ Yoast SEO plugin. -->","yoast_head_json":{"title":"Stellantis comienza la producci\u00f3n de la nueva Ram Dakota -","description":"Stellantis ya est\u00e1 produciendo la nueva Ram Dakota en C\u00f3rdoba. La pick-up mediana, gemela de la Fiat Titano, sale a la venta este a\u00f1o...","robots":{"index":"index","follow":"follow","max-snippet":"max-snippet:-1","max-image-preview":"max-image-preview:large","max-video-preview":"max-video-preview:-1"},"canonical":"https:\/\/autofans.com.ar\/index.php\/2025\/10\/14\/stellantis-comienza-la-produccion-de-la-nueva-ram-dakota\/","og_locale":"es_ES","og_type":"article","og_title":"Stellantis comienza la producci\u00f3n de la nueva Ram Dakota -","og_description":"Stellantis ya est\u00e1 produciendo la nueva Ram Dakota en C\u00f3rdoba. La pick-up mediana, gemela de la Fiat Titano, sale a la venta este a\u00f1o...","og_url":"https:\/\/autofans.com.ar\/index.php\/2025\/10\/14\/stellantis-comienza-la-produccion-de-la-nueva-ram-dakota\/","article_published_time":"2025-10-14T16:38:12+00:00","og_image":[{"width":1000,"height":667,"url":"https:\/\/autofans.com.ar\/wp-content\/uploads\/2025\/10\/dakota-5.jpg","type":"image\/jpeg"}],"author":"Alejandro Gabriel Rosito","twitter_card":"summary_large_image","twitter_misc":{"Escrito por":"Alejandro Gabriel Rosito","Tiempo de lectura":"2 minutos"},"schema":{"@context":"https:\/\/schema.org","@graph":[{"@type":"Article","@id":"https:\/\/autofans.com.ar\/index.php\/2025\/10\/14\/stellantis-comienza-la-produccion-de-la-nueva-ram-dakota\/#article","isPartOf":{"@id":"https:\/\/autofans.com.ar\/index.php\/2025\/10\/14\/stellantis-comienza-la-produccion-de-la-nueva-ram-dakota\/"},"author":{"name":"Alejandro Gabriel Rosito","@id":"https:\/\/autofans.com.ar\/#\/schema\/person\/4a8dda0b6df83ac3d6723e921274c2aa"},"headline":"Stellantis comienza la producci\u00f3n de la nueva Ram Dakota","datePublished":"2025-10-14T16:38:12+00:00","mainEntityOfPage":{"@id":"https:\/\/autofans.com.ar\/index.php\/2025\/10\/14\/stellantis-comienza-la-produccion-de-la-nueva-ram-dakota\/"},"wordCount":455,"image":{"@id":"https:\/\/autofans.com.ar\/index.php\/2025\/10\/14\/stellantis-comienza-la-produccion-de-la-nueva-ram-dakota\/#primaryimage"},"thumbnailUrl":"https:\/\/autofans.com.ar\/wp-content\/uploads\/2025\/10\/dakota-5.jpg","keywords":["camionetas argentinas","camionetas diesel","Fiat Titano","lanzamiento industrial","mercado automotor Argentina","nuevas pick-ups","pick-up mediana","producci\u00f3n C\u00f3rdoba","RAM Dakota","Stellantis Argentina"],"articleSection":["LANZAMIENTOS","PICK UPs, UTILITARIOS Y OTROS"],"inLanguage":"es"},{"@type":"WebPage","@id":"https:\/\/autofans.com.ar\/index.php\/2025\/10\/14\/stellantis-comienza-la-produccion-de-la-nueva-ram-dakota\/","url":"https:\/\/autofans.com.ar\/index.php\/2025\/10\/14\/stellantis-comienza-la-produccion-de-la-nueva-ram-dakota\/","name":"Stellantis comienza la producci\u00f3n de la nueva Ram Dakota -","isPartOf":{"@id":"https:\/\/autofans.com.ar\/#website"},"primaryImageOfPage":{"@id":"https:\/\/autofans.com.ar\/index.php\/2025\/10\/14\/stellantis-comienza-la-produccion-de-la-nueva-ram-dakota\/#primaryimage"},"image":{"@id":"https:\/\/autofans.com.ar\/index.php\/2025\/10\/14\/stellantis-comienza-la-produccion-de-la-nueva-ram-dakota\/#primaryimage"},"thumbnailUrl":"https:\/\/autofans.com.ar\/wp-content\/uploads\/2025\/10\/dakota-5.jpg","datePublished":"2025-10-14T16:38:12+00:00","author":{"@id":"https:\/\/autofans.com.ar\/#\/schema\/person\/4a8dda0b6df83ac3d6723e921274c2aa"},"description":"Stellantis ya est\u00e1 produciendo la nueva Ram Dakota en C\u00f3rdoba. La pick-up mediana, gemela de la Fiat Titano, sale a la venta este a\u00f1o...","breadcrumb":{"@id":"https:\/\/autofans.com.ar\/index.php\/2025\/10\/14\/stellantis-comienza-la-produccion-de-la-nueva-ram-dakota\/#breadcrumb"},"inLanguage":"es","potentialAction":[{"@type":"ReadAction","target":["https:\/\/autofans.com.ar\/index.php\/2025\/10\/14\/stellantis-comienza-la-produccion-de-la-nueva-ram-dakota\/"]}]},{"@type":"ImageObject","inLanguage":"es","@id":"https:\/\/autofans.com.ar\/index.php\/2025\/10\/14\/stellantis-comienza-la-produccion-de-la-nueva-ram-dakota\/#primaryimage","url":"https:\/\/autofans.com.ar\/wp-content\/uploads\/2025\/10\/dakota-5.jpg","contentUrl":"https:\/\/autofans.com.ar\/wp-content\/uploads\/2025\/10\/dakota-5.jpg","width":1000,"height":667,"caption":"Ram Dakota"},{"@type":"BreadcrumbList","@id":"https:\/\/autofans.com.ar\/index.php\/2025\/10\/14\/stellantis-comienza-la-produccion-de-la-nueva-ram-dakota\/#breadcrumb","itemListElement":[{"@type":"ListItem","position":1,"name":"Inicio","item":"https:\/\/autofans.com.ar\/"},{"@type":"ListItem","position":2,"name":"Stellantis comienza la producci\u00f3n de la nueva Ram Dakota"}]},{"@type":"WebSite","@id":"https:\/\/autofans.com.ar\/#website","url":"https:\/\/autofans.com.ar\/","name":"","description":"El multimedio referente de la industria automotriz","potentialAction":[{"@type":"SearchAction","target":{"@type":"EntryPoint","urlTemplate":"https:\/\/autofans.com.ar\/?s={search_term_string}"},"query-input":{"@type":"PropertyValueSpecification","valueRequired":true,"valueName":"search_term_string"}}],"inLanguage":"es"},{"@type":"Person","@id":"https:\/\/autofans.com.ar\/#\/schema\/person\/4a8dda0b6df83ac3d6723e921274c2aa","name":"Alejandro Gabriel Rosito","image":{"@type":"ImageObject","inLanguage":"es","@id":"https:\/\/secure.gravatar.com\/avatar\/16c5dda1489adfc62618084dcbb91cffd879c374b13fe5dd8e44ed6733852c88?s=96&d=mm&r=g","url":"https:\/\/secure.gravatar.com\/avatar\/16c5dda1489adfc62618084dcbb91cffd879c374b13fe5dd8e44ed6733852c88?s=96&d=mm&r=g","contentUrl":"https:\/\/secure.gravatar.com\/avatar\/16c5dda1489adfc62618084dcbb91cffd879c374b13fe5dd8e44ed6733852c88?s=96&d=mm&r=g","caption":"Alejandro Gabriel Rosito"},"url":"https:\/\/autofans.com.ar\/index.php\/author\/gabrielr\/"}]}},"featured_image_urls":{"full":["https:\/\/autofans.com.ar\/wp-content\/uploads\/2025\/10\/dakota-5.jpg",1000,667,false],"thumbnail":["https:\/\/autofans.com.ar\/wp-content\/uploads\/2025\/10\/dakota-5-150x150.jpg",150,150,true],"medium":["https:\/\/autofans.com.ar\/wp-content\/uploads\/2025\/10\/dakota-5-300x200.jpg",300,200,true],"medium_large":["https:\/\/autofans.com.ar\/wp-content\/uploads\/2025\/10\/dakota-5-768x512.jpg",640,427,true],"large":["https:\/\/autofans.com.ar\/wp-content\/uploads\/2025\/10\/dakota-5.jpg",640,427,false],"1536x1536":["https:\/\/autofans.com.ar\/wp-content\/uploads\/2025\/10\/dakota-5.jpg",1000,667,false],"2048x2048":["https:\/\/autofans.com.ar\/wp-content\/uploads\/2025\/10\/dakota-5.jpg",1000,667,false],"covernews-featured":["https:\/\/autofans.com.ar\/wp-content\/uploads\/2025\/10\/dakota-5.jpg",1000,667,false],"covernews-medium":["https:\/\/autofans.com.ar\/wp-content\/uploads\/2025\/10\/dakota-5-540x340.jpg",540,340,true]},"author_info":{"display_name":"Alejandro Gabriel Rosito","author_link":"https:\/\/autofans.com.ar\/index.php\/author\/gabrielr\/"},"category_info":"<a href=\"https:\/\/autofans.com.ar\/index.php\/category\/lanzamientos\/\" rel=\"category tag\">LANZAMIENTOS<\/a> <a href=\"https:\/\/autofans.com.ar\/index.php\/category\/noticias\/otros\/\" rel=\"category tag\">PICK UPs, UTILITARIOS Y OTROS<\/a>","tag_info":"PICK UPs, UTILITARIOS Y OTROS","comment_count":0,"_links":{"self":[{"href":"https:\/\/autofans.com.ar\/index.php\/wp-json\/wp\/v2\/posts\/14441","targetHints":{"allow":["GET"]}}],"collection":[{"href":"https:\/\/autofans.com.ar\/index.php\/wp-json\/wp\/v2\/posts"}],"about":[{"href":"https:\/\/autofans.com.ar\/index.php\/wp-json\/wp\/v2\/types\/post"}],"author":[{"embeddable":true,"href":"https:\/\/autofans.com.ar\/index.php\/wp-json\/wp\/v2\/users\/2"}],"replies":[{"embeddable":true,"href":"https:\/\/autofans.com.ar\/index.php\/wp-json\/wp\/v2\/comments?post=14441"}],"version-history":[{"count":5,"href":"https:\/\/autofans.com.ar\/index.php\/wp-json\/wp\/v2\/posts\/14441\/revisions"}],"predecessor-version":[{"id":14451,"href":"https:\/\/autofans.com.ar\/index.php\/wp-json\/wp\/v2\/posts\/14441\/revisions\/14451"}],"wp:featuredmedia":[{"embeddable":true,"href":"https:\/\/autofans.com.ar\/index.php\/wp-json\/wp\/v2\/media\/14443"}],"wp:attachment":[{"href":"https:\/\/autofans.com.ar\/index.php\/wp-json\/wp\/v2\/media?parent=14441"}],"wp:term":[{"taxonomy":"category","embeddable":true,"href":"https:\/\/autofans.com.ar\/index.php\/wp-json\/wp\/v2\/categories?post=14441"},{"taxonomy":"post_tag","embeddable":true,"href":"https:\/\/autofans.com.ar\/index.php\/wp-json\/wp\/v2\/tags?post=14441"}],"curies":[{"name":"wp","href":"https:\/\/api.w.org\/{rel}","templated":true}]}}