{"id":14452,"date":"2025-10-14T20:18:16","date_gmt":"2025-10-14T23:18:16","guid":{"rendered":"https:\/\/autofans.com.ar\/?p=14452"},"modified":"2025-10-14T20:22:51","modified_gmt":"2025-10-14T23:22:51","slug":"autoclasica-2025-record-de-publico-y-un-historico-doble-ganador","status":"publish","type":"post","link":"https:\/\/autofans.com.ar\/index.php\/2025\/10\/14\/autoclasica-2025-record-de-publico-y-un-historico-doble-ganador\/","title":{"rendered":"Autocl\u00e1sica 2025, r\u00e9cord de p\u00fablico y un hist\u00f3rico doble ganador"},"content":{"rendered":"<p class=\"ds-markdown-paragraph\">Autocl\u00e1sica 2025 cerr\u00f3 sus puertas tras cuatro d\u00edas en el Hip\u00f3dromo de San Isidro con una cifra r\u00e9cord de asistentes, confirmando su lugar como la muestra de autos cl\u00e1sicos m\u00e1s importante de Latinoam\u00e9rica.<\/p>\n<p class=\"ds-markdown-paragraph\">La ceremonia de clausura, que cont\u00f3 con la presencia de legisladores, embajadores y coleccionistas, fue testigo de un hecho sin precedentes: el jurado entreg\u00f3 un doble Best of Show. Los galardonados fueron el Shelby Cobra Daytona Coup\u00e9 (1965) y el Rolls-Royce Phantom III (1937). El premio de este \u00faltimo fue entregado por el presidente del Club de Autom\u00f3viles Cl\u00e1sicos, Ing. Ricardo Battisti, y el embajador brit\u00e1nico, Dr. David Cairns.<\/p>\n<p>&nbsp;<\/p>\n<h2 class=\"ds-markdown-paragraph\">Los ganadores de Autocl\u00e1sica 2025<\/h2>\n<p>&nbsp;<\/p>\n<p><img fetchpriority=\"high\" decoding=\"async\" class=\"aligncenter wp-image-14455 size-full\" src=\"https:\/\/autofans.com.ar\/wp-content\/uploads\/2025\/10\/autoclasica-1.jpg\" alt=\"Autocl\u00e1sica\" width=\"1000\" height=\"667\" srcset=\"https:\/\/autofans.com.ar\/wp-content\/uploads\/2025\/10\/autoclasica-1.jpg 1000w, https:\/\/autofans.com.ar\/wp-content\/uploads\/2025\/10\/autoclasica-1-300x200.jpg 300w, https:\/\/autofans.com.ar\/wp-content\/uploads\/2025\/10\/autoclasica-1-768x512.jpg 768w\" sizes=\"(max-width: 1000px) 100vw, 1000px\" \/><\/p>\n<p>&nbsp;<\/p>\n<p class=\"ds-markdown-paragraph\">El evento distingui\u00f3 a los mejores veh\u00edculos en cada categor\u00eda. Entre los m\u00e1s destacados se encuentran:<\/p>\n<ul>\n<li>\n<p class=\"ds-markdown-paragraph\">Veh\u00edculos Militares: Dodge Brothers (1917, r\u00e9plica).<\/p>\n<\/li>\n<li>\n<p class=\"ds-markdown-paragraph\">Competici\u00f3n Internacional: Maserati 250F (1957).<\/p>\n<\/li>\n<li>\n<p class=\"ds-markdown-paragraph\">Turismo Carretera: Chevrolet TC \u201cEl Monito\u201d (1968).<\/p>\n<\/li>\n<li>\n<p class=\"ds-markdown-paragraph\">Artesan\u00eda Argentina: Valtor Azor GT (2025).<\/p>\n<\/li>\n<\/ul>\n<p>&nbsp;<\/p>\n<h2 class=\"ds-markdown-paragraph\">Una muestra masiva con valor hist\u00f3rico<\/h2>\n<p>&nbsp;<\/p>\n<p><img decoding=\"async\" class=\"aligncenter wp-image-14453 size-full\" src=\"https:\/\/autofans.com.ar\/wp-content\/uploads\/2025\/10\/autoclasica-3.jpg\" alt=\"Autocl\u00e1sica\" width=\"1000\" height=\"667\" srcset=\"https:\/\/autofans.com.ar\/wp-content\/uploads\/2025\/10\/autoclasica-3.jpg 1000w, https:\/\/autofans.com.ar\/wp-content\/uploads\/2025\/10\/autoclasica-3-300x200.jpg 300w, https:\/\/autofans.com.ar\/wp-content\/uploads\/2025\/10\/autoclasica-3-768x512.jpg 768w\" sizes=\"(max-width: 1000px) 100vw, 1000px\" \/><\/p>\n<p>&nbsp;<\/p>\n<p class=\"ds-markdown-paragraph\">Con la presentaci\u00f3n de 1241 autos y m\u00e1quinas, los espacios tem\u00e1ticos recibieron a miles de visitantes. La ceremonia inaugural tambi\u00e9n tuvo un marco protocolar importante, con la presencia del intendente de San Isidro, Dr. Ram\u00f3n Lan\u00fas, y altas autoridades de las Fuerzas Armadas.<\/p>\n<p class=\"ds-markdown-paragraph\">La edici\u00f3n 2025 no solo rompi\u00f3 r\u00e9cords de concurrencia, sino que tambi\u00e9n consolid\u00f3 a Autocl\u00e1sica como uno de los eventos de autos cl\u00e1sicos m\u00e1s prestigiosos a nivel global.<\/p>\n<p>&nbsp;<\/p>\n<h3><strong>Ganadores de Autocl\u00e1sica 2025<\/strong><\/h3>\n<div class=\"ds-scroll-area _1210dd7\">\n<div class=\"ds-scroll-area__gutters\">\n<div class=\"ds-scroll-area__horizontal-gutter\"><\/div>\n<div class=\"ds-scroll-area__vertical-gutter\"><\/div>\n<\/div>\n<table>\n<thead>\n<tr>\n<th>Categor\u00eda<\/th>\n<th>Ganador<\/th>\n<\/tr>\n<\/thead>\n<tbody>\n<tr>\n<td><strong>Stand de Clubes<\/strong><\/td>\n<td>Mustang Club of Argentina<\/td>\n<\/tr>\n<tr>\n<td><strong>Embarcaciones Cl\u00e1sicas<\/strong><\/td>\n<td>Aquamarine Aruba (1980)<\/td>\n<\/tr>\n<tr>\n<td><strong>Veh\u00edculos Comerciales<\/strong><\/td>\n<td>Chevrolet C10 (1966)<\/td>\n<\/tr>\n<tr>\n<td><strong>Veh\u00edculos Militares &#8211; Primer Premio<\/strong><\/td>\n<td>Dodge Brothers (1917, r\u00e9plica)<\/td>\n<\/tr>\n<tr>\n<td><strong>Monoplazas Competici\u00f3n Argentina<\/strong><\/td>\n<td>Volpi Chevrolet \u00abEl Sapito\u00bb (1949)<\/td>\n<\/tr>\n<tr>\n<td><strong>Bipostos Competici\u00f3n Argentina<\/strong><\/td>\n<td>Baufer Chevrolet SP Pantera Rosa (1970)<\/td>\n<\/tr>\n<tr>\n<td><strong>Competici\u00f3n Internacional Monoplazas<\/strong><\/td>\n<td>Maserati 250F (1957)<\/td>\n<\/tr>\n<tr>\n<td><strong>Competici\u00f3n Internacional Biplaza<\/strong><\/td>\n<td>Shelby Cobra Daytona Coup\u00e9 (1965)<\/td>\n<\/tr>\n<tr>\n<td><strong>Turismo Carretera<\/strong><\/td>\n<td>Chevrolet TC \u00abEl Monito\u00bb (1968)<\/td>\n<\/tr>\n<tr>\n<td><strong>Artesan\u00eda Argentina<\/strong><\/td>\n<td>Valtor Azor GT (2025)<\/td>\n<\/tr>\n<tr>\n<td><strong>Revival<\/strong><\/td>\n<td>Alisi Motors Miles GT40<\/td>\n<\/tr>\n<tr>\n<td><strong>Industria Argentina Origen Americano<\/strong><\/td>\n<td>Dodge GTX (1973)<\/td>\n<\/tr>\n<tr>\n<td><strong>Industria Argentina Origen Europeo<\/strong><\/td>\n<td>Fiat Regata S (1992)<\/td>\n<\/tr>\n<tr>\n<td><strong>Industria Argentina Peque\u00f1a Serie<\/strong><\/td>\n<td>Institec Justicialista Preserie (1954)<\/td>\n<\/tr>\n<tr>\n<td><strong>Microcoup\u00e9<\/strong><\/td>\n<td>BMW Isetta 300 Cabriolet (1956)<\/td>\n<\/tr>\n<tr>\n<td><strong>Ancestros<\/strong><\/td>\n<td>Darracq (1903)<\/td>\n<\/tr>\n<tr>\n<td><strong>Veteranos<\/strong><\/td>\n<td>Fiat Tipo 53 A 4C (1912)<\/td>\n<\/tr>\n<tr>\n<td><strong>Vintage Europeo<\/strong><\/td>\n<td>Talbot (1930)<\/td>\n<\/tr>\n<tr>\n<td><strong>Post Vintage Americano<\/strong><\/td>\n<td>Cadillac Coup\u00e9 Convertible (1939)<\/td>\n<\/tr>\n<tr>\n<td><strong>Post Vintage Europeo<\/strong><\/td>\n<td>Rolls-Royce Phantom III V12 (1937)<\/td>\n<\/tr>\n<tr>\n<td><strong>Post-Guerra Americano<\/strong><\/td>\n<td>Cadillac Coup\u00e9 De Ville (1959)<\/td>\n<\/tr>\n<tr>\n<td><strong>Post-Guerra Europea Peque\u00f1a Serie<\/strong><\/td>\n<td>Mercedes-Benz 300 SL Roadster (1957)<\/td>\n<\/tr>\n<tr>\n<td><strong>Post-Guerra Europea Gran Serie<\/strong><\/td>\n<td>Jaguar XK120 (1953)<\/td>\n<\/tr>\n<tr>\n<td><strong>Contempor\u00e1neos Americanos<\/strong><\/td>\n<td>Lincoln Continental Mark IV (1974)<\/td>\n<\/tr>\n<tr>\n<td><strong>Contempor\u00e1nea Europea Peque\u00f1a Serie<\/strong><\/td>\n<td>Lancia Stratos (1972)<\/td>\n<\/tr>\n<tr>\n<td><strong>Contempor\u00e1neos Europeos Gran Serie<\/strong><\/td>\n<td>Jaguar E-Type Serie I<\/td>\n<\/tr>\n<tr>\n<td><strong>Post Contempor\u00e1neos<\/strong><\/td>\n<td>Lotus Esprit Special Equipment (1989)<\/td>\n<\/tr>\n<tr>\n<td><strong>Orientales<\/strong><\/td>\n<td>Acura NSX (1991)<\/td>\n<\/tr>\n<tr>\n<td><strong>Superautos<\/strong><\/td>\n<td>McLaren 750 S (2025)<\/td>\n<\/tr>\n<tr>\n<td><strong>Premio Fundaci\u00f3n Lory Barra<\/strong><\/td>\n<td>Auto Union DKW (1965)<\/td>\n<\/tr>\n<tr>\n<td><strong>Premio Fundaci\u00f3n Museo del Autom\u00f3vil<\/strong><\/td>\n<td>IAME Rastrojero (1958)<\/td>\n<\/tr>\n<tr>\n<td><strong>Premio Germ\u00e1n Sope\u00f1a<\/strong><\/td>\n<td>Crespi C86 Lotus<\/td>\n<\/tr>\n<tr>\n<td><strong>Premio Gustavo Fosco al Dise\u00f1o<\/strong><\/td>\n<td>Dodge Challenger R\/T (1970)<\/td>\n<\/tr>\n<\/tbody>\n<\/table>\n<\/div>\n<p>&nbsp;<\/p>\n<p>&nbsp;<\/p>\n<p>&nbsp;<\/p>\n<p><i>Para enterarte de m\u00e1s novedades, no dejes de leer\u00a0<\/i><a href=\"https:\/\/autofans.thebrandsoup.com\/\"><i>nuestras notas<\/i><\/a><i>, de ver\u00a0<\/i><a href=\"https:\/\/www.youtube.com\/channel\/UCgAC8UGHZYbT6P7PpmVnP7g\"><i>AUTOFANS TV<\/i><\/a><i>\u00a0en nuestro\u00a0canal de Youtube. Adem\u00e1s seguinos en\u00a0<\/i><a href=\"https:\/\/www.instagram.com\/autofanstv\/\"><i>INSTAGRAM<\/i><\/a><i> y <\/i><a href=\"https:\/\/www.facebook.com\/autofansmas\/\"><i>FACEBOOK<\/i><\/a><i> para no perderte nada sobre las novedades del segmento automotor de Argentina y el mundo.<\/i><\/p>\n","protected":false},"excerpt":{"rendered":"<p>Autocl\u00e1sica 2025 cerr\u00f3 sus puertas tras cuatro d\u00edas en el Hip\u00f3dromo de San Isidro con&#8230;<\/p>\n","protected":false},"author":2,"featured_media":14454,"comment_status":"closed","ping_status":"closed","sticky":false,"template":"","format":"standard","meta":{"footnotes":""},"categories":[6,16],"tags":[7560,499,7561,7565,7564,7563,7562],"class_list":["post-14452","post","type-post","status-publish","format-standard","has-post-thumbnail","hentry","category-bizstyle","category-noticias","tag-autoclasica-2025","tag-autos-clasicos","tag-best-of-show","tag-club-automoviles-clasicos","tag-exposicion-autos-argentina","tag-rolls-royce-phantom-iii","tag-shelby-cobra"],"yoast_head":"<!-- This site is optimized with the Yoast SEO plugin v27.5 - https:\/\/yoast.com\/product\/yoast-seo-wordpress\/ -->\n<title>Autocl\u00e1sica 2025, r\u00e9cord de p\u00fablico y un hist\u00f3rico doble ganador -<\/title>\n<meta name=\"description\" content=\"Autocl\u00e1sica organizada por el Club de Autom\u00f3viles Cl\u00e1sicos marc\u00f3 un hito con una concurrencia sin precedentes y un in\u00e9dito doble Best of Show\" \/>\n<meta name=\"robots\" content=\"index, follow, max-snippet:-1, max-image-preview:large, max-video-preview:-1\" \/>\n<link rel=\"canonical\" href=\"https:\/\/autofans.com.ar\/index.php\/2025\/10\/14\/autoclasica-2025-record-de-publico-y-un-historico-doble-ganador\/\" \/>\n<meta property=\"og:locale\" content=\"es_ES\" \/>\n<meta property=\"og:type\" content=\"article\" \/>\n<meta property=\"og:title\" content=\"Autocl\u00e1sica 2025, r\u00e9cord de p\u00fablico y un hist\u00f3rico doble ganador -\" \/>\n<meta property=\"og:description\" content=\"Autocl\u00e1sica organizada por el Club de Autom\u00f3viles Cl\u00e1sicos marc\u00f3 un hito con una concurrencia sin precedentes y un in\u00e9dito doble Best of Show\" \/>\n<meta property=\"og:url\" content=\"https:\/\/autofans.com.ar\/index.php\/2025\/10\/14\/autoclasica-2025-record-de-publico-y-un-historico-doble-ganador\/\" \/>\n<meta property=\"article:published_time\" content=\"2025-10-14T23:18:16+00:00\" \/>\n<meta property=\"article:modified_time\" content=\"2025-10-14T23:22:51+00:00\" \/>\n<meta property=\"og:image\" content=\"https:\/\/autofans.com.ar\/wp-content\/uploads\/2025\/10\/autoclasica-2.jpg\" \/>\n\t<meta property=\"og:image:width\" content=\"1000\" \/>\n\t<meta property=\"og:image:height\" content=\"667\" \/>\n\t<meta property=\"og:image:type\" content=\"image\/jpeg\" \/>\n<meta name=\"author\" content=\"Alejandro Gabriel Rosito\" \/>\n<meta name=\"twitter:card\" content=\"summary_large_image\" \/>\n<meta name=\"twitter:label1\" content=\"Escrito por\" \/>\n\t<meta name=\"twitter:data1\" content=\"Alejandro Gabriel Rosito\" \/>\n\t<meta name=\"twitter:label2\" content=\"Tiempo de lectura\" \/>\n\t<meta name=\"twitter:data2\" content=\"3 minutos\" \/>\n<script type=\"application\/ld+json\" class=\"yoast-schema-graph\">{\"@context\":\"https:\\\/\\\/schema.org\",\"@graph\":[{\"@type\":\"Article\",\"@id\":\"https:\\\/\\\/autofans.com.ar\\\/index.php\\\/2025\\\/10\\\/14\\\/autoclasica-2025-record-de-publico-y-un-historico-doble-ganador\\\/#article\",\"isPartOf\":{\"@id\":\"https:\\\/\\\/autofans.com.ar\\\/index.php\\\/2025\\\/10\\\/14\\\/autoclasica-2025-record-de-publico-y-un-historico-doble-ganador\\\/\"},\"author\":{\"name\":\"Alejandro Gabriel Rosito\",\"@id\":\"https:\\\/\\\/autofans.com.ar\\\/#\\\/schema\\\/person\\\/4a8dda0b6df83ac3d6723e921274c2aa\"},\"headline\":\"Autocl\u00e1sica 2025, r\u00e9cord de p\u00fablico y un hist\u00f3rico doble ganador\",\"datePublished\":\"2025-10-14T23:18:16+00:00\",\"dateModified\":\"2025-10-14T23:22:51+00:00\",\"mainEntityOfPage\":{\"@id\":\"https:\\\/\\\/autofans.com.ar\\\/index.php\\\/2025\\\/10\\\/14\\\/autoclasica-2025-record-de-publico-y-un-historico-doble-ganador\\\/\"},\"wordCount\":533,\"image\":{\"@id\":\"https:\\\/\\\/autofans.com.ar\\\/index.php\\\/2025\\\/10\\\/14\\\/autoclasica-2025-record-de-publico-y-un-historico-doble-ganador\\\/#primaryimage\"},\"thumbnailUrl\":\"https:\\\/\\\/autofans.com.ar\\\/wp-content\\\/uploads\\\/2025\\\/10\\\/autoclasica-2.jpg\",\"keywords\":[\"Autocl\u00e1sica 2025\",\"autos cl\u00e1sicos\",\"Best of Show\",\"Club Autom\u00f3viles Cl\u00e1sicos\",\"exposici\u00f3n autos Argentina\",\"Rolls-Royce Phantom III\",\"Shelby Cobra\"],\"articleSection\":[\"BIZSTYLE\",\"NOTICIAS\"],\"inLanguage\":\"es\"},{\"@type\":\"WebPage\",\"@id\":\"https:\\\/\\\/autofans.com.ar\\\/index.php\\\/2025\\\/10\\\/14\\\/autoclasica-2025-record-de-publico-y-un-historico-doble-ganador\\\/\",\"url\":\"https:\\\/\\\/autofans.com.ar\\\/index.php\\\/2025\\\/10\\\/14\\\/autoclasica-2025-record-de-publico-y-un-historico-doble-ganador\\\/\",\"name\":\"Autocl\u00e1sica 2025, r\u00e9cord de p\u00fablico y un hist\u00f3rico doble ganador -\",\"isPartOf\":{\"@id\":\"https:\\\/\\\/autofans.com.ar\\\/#website\"},\"primaryImageOfPage\":{\"@id\":\"https:\\\/\\\/autofans.com.ar\\\/index.php\\\/2025\\\/10\\\/14\\\/autoclasica-2025-record-de-publico-y-un-historico-doble-ganador\\\/#primaryimage\"},\"image\":{\"@id\":\"https:\\\/\\\/autofans.com.ar\\\/index.php\\\/2025\\\/10\\\/14\\\/autoclasica-2025-record-de-publico-y-un-historico-doble-ganador\\\/#primaryimage\"},\"thumbnailUrl\":\"https:\\\/\\\/autofans.com.ar\\\/wp-content\\\/uploads\\\/2025\\\/10\\\/autoclasica-2.jpg\",\"datePublished\":\"2025-10-14T23:18:16+00:00\",\"dateModified\":\"2025-10-14T23:22:51+00:00\",\"author\":{\"@id\":\"https:\\\/\\\/autofans.com.ar\\\/#\\\/schema\\\/person\\\/4a8dda0b6df83ac3d6723e921274c2aa\"},\"description\":\"Autocl\u00e1sica organizada por el Club de Autom\u00f3viles Cl\u00e1sicos marc\u00f3 un hito con una concurrencia sin precedentes y un in\u00e9dito doble Best of Show\",\"breadcrumb\":{\"@id\":\"https:\\\/\\\/autofans.com.ar\\\/index.php\\\/2025\\\/10\\\/14\\\/autoclasica-2025-record-de-publico-y-un-historico-doble-ganador\\\/#breadcrumb\"},\"inLanguage\":\"es\",\"potentialAction\":[{\"@type\":\"ReadAction\",\"target\":[\"https:\\\/\\\/autofans.com.ar\\\/index.php\\\/2025\\\/10\\\/14\\\/autoclasica-2025-record-de-publico-y-un-historico-doble-ganador\\\/\"]}]},{\"@type\":\"ImageObject\",\"inLanguage\":\"es\",\"@id\":\"https:\\\/\\\/autofans.com.ar\\\/index.php\\\/2025\\\/10\\\/14\\\/autoclasica-2025-record-de-publico-y-un-historico-doble-ganador\\\/#primaryimage\",\"url\":\"https:\\\/\\\/autofans.com.ar\\\/wp-content\\\/uploads\\\/2025\\\/10\\\/autoclasica-2.jpg\",\"contentUrl\":\"https:\\\/\\\/autofans.com.ar\\\/wp-content\\\/uploads\\\/2025\\\/10\\\/autoclasica-2.jpg\",\"width\":1000,\"height\":667,\"caption\":\"Autocl\u00e1sica\"},{\"@type\":\"BreadcrumbList\",\"@id\":\"https:\\\/\\\/autofans.com.ar\\\/index.php\\\/2025\\\/10\\\/14\\\/autoclasica-2025-record-de-publico-y-un-historico-doble-ganador\\\/#breadcrumb\",\"itemListElement\":[{\"@type\":\"ListItem\",\"position\":1,\"name\":\"Inicio\",\"item\":\"https:\\\/\\\/autofans.com.ar\\\/\"},{\"@type\":\"ListItem\",\"position\":2,\"name\":\"Autocl\u00e1sica 2025, r\u00e9cord de p\u00fablico y un hist\u00f3rico doble ganador\"}]},{\"@type\":\"WebSite\",\"@id\":\"https:\\\/\\\/autofans.com.ar\\\/#website\",\"url\":\"https:\\\/\\\/autofans.com.ar\\\/\",\"name\":\"\",\"description\":\"El multimedio referente de la industria automotriz\",\"potentialAction\":[{\"@type\":\"SearchAction\",\"target\":{\"@type\":\"EntryPoint\",\"urlTemplate\":\"https:\\\/\\\/autofans.com.ar\\\/?s={search_term_string}\"},\"query-input\":{\"@type\":\"PropertyValueSpecification\",\"valueRequired\":true,\"valueName\":\"search_term_string\"}}],\"inLanguage\":\"es\"},{\"@type\":\"Person\",\"@id\":\"https:\\\/\\\/autofans.com.ar\\\/#\\\/schema\\\/person\\\/4a8dda0b6df83ac3d6723e921274c2aa\",\"name\":\"Alejandro Gabriel Rosito\",\"image\":{\"@type\":\"ImageObject\",\"inLanguage\":\"es\",\"@id\":\"https:\\\/\\\/secure.gravatar.com\\\/avatar\\\/16c5dda1489adfc62618084dcbb91cffd879c374b13fe5dd8e44ed6733852c88?s=96&d=mm&r=g\",\"url\":\"https:\\\/\\\/secure.gravatar.com\\\/avatar\\\/16c5dda1489adfc62618084dcbb91cffd879c374b13fe5dd8e44ed6733852c88?s=96&d=mm&r=g\",\"contentUrl\":\"https:\\\/\\\/secure.gravatar.com\\\/avatar\\\/16c5dda1489adfc62618084dcbb91cffd879c374b13fe5dd8e44ed6733852c88?s=96&d=mm&r=g\",\"caption\":\"Alejandro Gabriel Rosito\"},\"url\":\"https:\\\/\\\/autofans.com.ar\\\/index.php\\\/author\\\/gabrielr\\\/\"}]}<\/script>\n<!-- \/ Yoast SEO plugin. -->","yoast_head_json":{"title":"Autocl\u00e1sica 2025, r\u00e9cord de p\u00fablico y un hist\u00f3rico doble ganador -","description":"Autocl\u00e1sica organizada por el Club de Autom\u00f3viles Cl\u00e1sicos marc\u00f3 un hito con una concurrencia sin precedentes y un in\u00e9dito doble Best of Show","robots":{"index":"index","follow":"follow","max-snippet":"max-snippet:-1","max-image-preview":"max-image-preview:large","max-video-preview":"max-video-preview:-1"},"canonical":"https:\/\/autofans.com.ar\/index.php\/2025\/10\/14\/autoclasica-2025-record-de-publico-y-un-historico-doble-ganador\/","og_locale":"es_ES","og_type":"article","og_title":"Autocl\u00e1sica 2025, r\u00e9cord de p\u00fablico y un hist\u00f3rico doble ganador -","og_description":"Autocl\u00e1sica organizada por el Club de Autom\u00f3viles Cl\u00e1sicos marc\u00f3 un hito con una concurrencia sin precedentes y un in\u00e9dito doble Best of Show","og_url":"https:\/\/autofans.com.ar\/index.php\/2025\/10\/14\/autoclasica-2025-record-de-publico-y-un-historico-doble-ganador\/","article_published_time":"2025-10-14T23:18:16+00:00","article_modified_time":"2025-10-14T23:22:51+00:00","og_image":[{"width":1000,"height":667,"url":"https:\/\/autofans.com.ar\/wp-content\/uploads\/2025\/10\/autoclasica-2.jpg","type":"image\/jpeg"}],"author":"Alejandro Gabriel Rosito","twitter_card":"summary_large_image","twitter_misc":{"Escrito por":"Alejandro Gabriel Rosito","Tiempo de lectura":"3 minutos"},"schema":{"@context":"https:\/\/schema.org","@graph":[{"@type":"Article","@id":"https:\/\/autofans.com.ar\/index.php\/2025\/10\/14\/autoclasica-2025-record-de-publico-y-un-historico-doble-ganador\/#article","isPartOf":{"@id":"https:\/\/autofans.com.ar\/index.php\/2025\/10\/14\/autoclasica-2025-record-de-publico-y-un-historico-doble-ganador\/"},"author":{"name":"Alejandro Gabriel Rosito","@id":"https:\/\/autofans.com.ar\/#\/schema\/person\/4a8dda0b6df83ac3d6723e921274c2aa"},"headline":"Autocl\u00e1sica 2025, r\u00e9cord de p\u00fablico y un hist\u00f3rico doble ganador","datePublished":"2025-10-14T23:18:16+00:00","dateModified":"2025-10-14T23:22:51+00:00","mainEntityOfPage":{"@id":"https:\/\/autofans.com.ar\/index.php\/2025\/10\/14\/autoclasica-2025-record-de-publico-y-un-historico-doble-ganador\/"},"wordCount":533,"image":{"@id":"https:\/\/autofans.com.ar\/index.php\/2025\/10\/14\/autoclasica-2025-record-de-publico-y-un-historico-doble-ganador\/#primaryimage"},"thumbnailUrl":"https:\/\/autofans.com.ar\/wp-content\/uploads\/2025\/10\/autoclasica-2.jpg","keywords":["Autocl\u00e1sica 2025","autos cl\u00e1sicos","Best of Show","Club Autom\u00f3viles Cl\u00e1sicos","exposici\u00f3n autos Argentina","Rolls-Royce Phantom III","Shelby Cobra"],"articleSection":["BIZSTYLE","NOTICIAS"],"inLanguage":"es"},{"@type":"WebPage","@id":"https:\/\/autofans.com.ar\/index.php\/2025\/10\/14\/autoclasica-2025-record-de-publico-y-un-historico-doble-ganador\/","url":"https:\/\/autofans.com.ar\/index.php\/2025\/10\/14\/autoclasica-2025-record-de-publico-y-un-historico-doble-ganador\/","name":"Autocl\u00e1sica 2025, r\u00e9cord de p\u00fablico y un hist\u00f3rico doble ganador -","isPartOf":{"@id":"https:\/\/autofans.com.ar\/#website"},"primaryImageOfPage":{"@id":"https:\/\/autofans.com.ar\/index.php\/2025\/10\/14\/autoclasica-2025-record-de-publico-y-un-historico-doble-ganador\/#primaryimage"},"image":{"@id":"https:\/\/autofans.com.ar\/index.php\/2025\/10\/14\/autoclasica-2025-record-de-publico-y-un-historico-doble-ganador\/#primaryimage"},"thumbnailUrl":"https:\/\/autofans.com.ar\/wp-content\/uploads\/2025\/10\/autoclasica-2.jpg","datePublished":"2025-10-14T23:18:16+00:00","dateModified":"2025-10-14T23:22:51+00:00","author":{"@id":"https:\/\/autofans.com.ar\/#\/schema\/person\/4a8dda0b6df83ac3d6723e921274c2aa"},"description":"Autocl\u00e1sica organizada por el Club de Autom\u00f3viles Cl\u00e1sicos marc\u00f3 un hito con una concurrencia sin precedentes y un in\u00e9dito doble Best of Show","breadcrumb":{"@id":"https:\/\/autofans.com.ar\/index.php\/2025\/10\/14\/autoclasica-2025-record-de-publico-y-un-historico-doble-ganador\/#breadcrumb"},"inLanguage":"es","potentialAction":[{"@type":"ReadAction","target":["https:\/\/autofans.com.ar\/index.php\/2025\/10\/14\/autoclasica-2025-record-de-publico-y-un-historico-doble-ganador\/"]}]},{"@type":"ImageObject","inLanguage":"es","@id":"https:\/\/autofans.com.ar\/index.php\/2025\/10\/14\/autoclasica-2025-record-de-publico-y-un-historico-doble-ganador\/#primaryimage","url":"https:\/\/autofans.com.ar\/wp-content\/uploads\/2025\/10\/autoclasica-2.jpg","contentUrl":"https:\/\/autofans.com.ar\/wp-content\/uploads\/2025\/10\/autoclasica-2.jpg","width":1000,"height":667,"caption":"Autocl\u00e1sica"},{"@type":"BreadcrumbList","@id":"https:\/\/autofans.com.ar\/index.php\/2025\/10\/14\/autoclasica-2025-record-de-publico-y-un-historico-doble-ganador\/#breadcrumb","itemListElement":[{"@type":"ListItem","position":1,"name":"Inicio","item":"https:\/\/autofans.com.ar\/"},{"@type":"ListItem","position":2,"name":"Autocl\u00e1sica 2025, r\u00e9cord de p\u00fablico y un hist\u00f3rico doble ganador"}]},{"@type":"WebSite","@id":"https:\/\/autofans.com.ar\/#website","url":"https:\/\/autofans.com.ar\/","name":"","description":"El multimedio referente de la industria automotriz","potentialAction":[{"@type":"SearchAction","target":{"@type":"EntryPoint","urlTemplate":"https:\/\/autofans.com.ar\/?s={search_term_string}"},"query-input":{"@type":"PropertyValueSpecification","valueRequired":true,"valueName":"search_term_string"}}],"inLanguage":"es"},{"@type":"Person","@id":"https:\/\/autofans.com.ar\/#\/schema\/person\/4a8dda0b6df83ac3d6723e921274c2aa","name":"Alejandro Gabriel Rosito","image":{"@type":"ImageObject","inLanguage":"es","@id":"https:\/\/secure.gravatar.com\/avatar\/16c5dda1489adfc62618084dcbb91cffd879c374b13fe5dd8e44ed6733852c88?s=96&d=mm&r=g","url":"https:\/\/secure.gravatar.com\/avatar\/16c5dda1489adfc62618084dcbb91cffd879c374b13fe5dd8e44ed6733852c88?s=96&d=mm&r=g","contentUrl":"https:\/\/secure.gravatar.com\/avatar\/16c5dda1489adfc62618084dcbb91cffd879c374b13fe5dd8e44ed6733852c88?s=96&d=mm&r=g","caption":"Alejandro Gabriel Rosito"},"url":"https:\/\/autofans.com.ar\/index.php\/author\/gabrielr\/"}]}},"featured_image_urls":{"full":["https:\/\/autofans.com.ar\/wp-content\/uploads\/2025\/10\/autoclasica-2.jpg",1000,667,false],"thumbnail":["https:\/\/autofans.com.ar\/wp-content\/uploads\/2025\/10\/autoclasica-2-150x150.jpg",150,150,true],"medium":["https:\/\/autofans.com.ar\/wp-content\/uploads\/2025\/10\/autoclasica-2-300x200.jpg",300,200,true],"medium_large":["https:\/\/autofans.com.ar\/wp-content\/uploads\/2025\/10\/autoclasica-2-768x512.jpg",640,427,true],"large":["https:\/\/autofans.com.ar\/wp-content\/uploads\/2025\/10\/autoclasica-2.jpg",640,427,false],"1536x1536":["https:\/\/autofans.com.ar\/wp-content\/uploads\/2025\/10\/autoclasica-2.jpg",1000,667,false],"2048x2048":["https:\/\/autofans.com.ar\/wp-content\/uploads\/2025\/10\/autoclasica-2.jpg",1000,667,false],"covernews-featured":["https:\/\/autofans.com.ar\/wp-content\/uploads\/2025\/10\/autoclasica-2.jpg",1000,667,false],"covernews-medium":["https:\/\/autofans.com.ar\/wp-content\/uploads\/2025\/10\/autoclasica-2-540x340.jpg",540,340,true]},"author_info":{"display_name":"Alejandro Gabriel Rosito","author_link":"https:\/\/autofans.com.ar\/index.php\/author\/gabrielr\/"},"category_info":"<a href=\"https:\/\/autofans.com.ar\/index.php\/category\/noticias\/bizstyle\/\" rel=\"category tag\">BIZSTYLE<\/a> <a href=\"https:\/\/autofans.com.ar\/index.php\/category\/noticias\/\" rel=\"category tag\">NOTICIAS<\/a>","tag_info":"NOTICIAS","comment_count":0,"_links":{"self":[{"href":"https:\/\/autofans.com.ar\/index.php\/wp-json\/wp\/v2\/posts\/14452","targetHints":{"allow":["GET"]}}],"collection":[{"href":"https:\/\/autofans.com.ar\/index.php\/wp-json\/wp\/v2\/posts"}],"about":[{"href":"https:\/\/autofans.com.ar\/index.php\/wp-json\/wp\/v2\/types\/post"}],"author":[{"embeddable":true,"href":"https:\/\/autofans.com.ar\/index.php\/wp-json\/wp\/v2\/users\/2"}],"replies":[{"embeddable":true,"href":"https:\/\/autofans.com.ar\/index.php\/wp-json\/wp\/v2\/comments?post=14452"}],"version-history":[{"count":1,"href":"https:\/\/autofans.com.ar\/index.php\/wp-json\/wp\/v2\/posts\/14452\/revisions"}],"predecessor-version":[{"id":14456,"href":"https:\/\/autofans.com.ar\/index.php\/wp-json\/wp\/v2\/posts\/14452\/revisions\/14456"}],"wp:featuredmedia":[{"embeddable":true,"href":"https:\/\/autofans.com.ar\/index.php\/wp-json\/wp\/v2\/media\/14454"}],"wp:attachment":[{"href":"https:\/\/autofans.com.ar\/index.php\/wp-json\/wp\/v2\/media?parent=14452"}],"wp:term":[{"taxonomy":"category","embeddable":true,"href":"https:\/\/autofans.com.ar\/index.php\/wp-json\/wp\/v2\/categories?post=14452"},{"taxonomy":"post_tag","embeddable":true,"href":"https:\/\/autofans.com.ar\/index.php\/wp-json\/wp\/v2\/tags?post=14452"}],"curies":[{"name":"wp","href":"https:\/\/api.w.org\/{rel}","templated":true}]}}