{"id":14496,"date":"2025-10-17T19:05:57","date_gmt":"2025-10-17T22:05:57","guid":{"rendered":"https:\/\/autofans.com.ar\/?p=14496"},"modified":"2025-10-17T19:05:57","modified_gmt":"2025-10-17T22:05:57","slug":"byd-argendreams-desembarca-en-el-obelisco","status":"publish","type":"post","link":"https:\/\/autofans.com.ar\/index.php\/2025\/10\/17\/byd-argendreams-desembarca-en-el-obelisco\/","title":{"rendered":"BYD Argendreams desembarca en el Obelisco"},"content":{"rendered":"<p class=\"ds-markdown-paragraph\">BYD Argendreams abri\u00f3 oficialmente las puertas de su nueva sucursal en la Ciudad de Buenos Aires. La inauguraci\u00f3n se realiz\u00f3 el domingo 12 de octubre de 2025, en un punto estrat\u00e9gico: la esquina de Avenida Corrientes y Cerrito, frente al Obelisco.<\/p>\n<p class=\"ds-markdown-paragraph\">Este local representa un paso clave en la expansi\u00f3n de BYD en Argentina. La marca, reconocida a nivel mundial por su tecnolog\u00eda en movilidad el\u00e9ctrica, ahora tiene una presencia central en la capital.<\/p>\n<p>&nbsp;<\/p>\n<h2 class=\"ds-markdown-paragraph\">La alianza que trae los veh\u00edculos el\u00e9ctricos a Argentina<\/h2>\n<p class=\"ds-markdown-paragraph\">BYD Argendreams es el resultado de la uni\u00f3n entre Tito Gonz\u00e1lez, un nombre con peso en el sector automotor, y Radio Victoria (RV), una compa\u00f1\u00eda con gran trayectoria en tecnolog\u00eda. Juntos formaron ArgenDreams, un concesionario que combina experiencia y visi\u00f3n de futuro para introducir en el pa\u00eds los modelos de BYD.<\/p>\n<p>&nbsp;<\/p>\n<div id='gallery-1' class='gallery galleryid-14496 gallery-columns-2 gallery-size-full'><figure class='gallery-item'>\n\t\t\t<div class='gallery-icon landscape'>\n\t\t\t\t<a href='https:\/\/autofans.com.ar\/index.php\/2025\/10\/17\/byd-argendreams-desembarca-en-el-obelisco\/foto-4-248\/'><img loading=\"lazy\" width=\"1000\" height=\"667\" src=\"https:\/\/autofans.com.ar\/wp-content\/uploads\/2025\/10\/foto-4.jpg\" class=\"attachment-full size-full\" alt=\"BYD Argendreams\" srcset=\"https:\/\/autofans.com.ar\/wp-content\/uploads\/2025\/10\/foto-4.jpg 1000w, https:\/\/autofans.com.ar\/wp-content\/uploads\/2025\/10\/foto-4-300x200.jpg 300w, https:\/\/autofans.com.ar\/wp-content\/uploads\/2025\/10\/foto-4-768x512.jpg 768w\" sizes=\"auto, (max-width: 1000px) 100vw, 1000px\" loading=\"lazy\" decoding=\"async\" \/><\/a>\n\t\t\t<\/div><\/figure><figure class='gallery-item'>\n\t\t\t<div class='gallery-icon landscape'>\n\t\t\t\t<a href='https:\/\/autofans.com.ar\/index.php\/2025\/10\/17\/byd-argendreams-desembarca-en-el-obelisco\/foto-2-454\/'><img loading=\"lazy\" width=\"1000\" height=\"667\" src=\"https:\/\/autofans.com.ar\/wp-content\/uploads\/2025\/10\/foto-2.jpg\" class=\"attachment-full size-full\" alt=\"BYD Argendreams\" srcset=\"https:\/\/autofans.com.ar\/wp-content\/uploads\/2025\/10\/foto-2.jpg 1000w, https:\/\/autofans.com.ar\/wp-content\/uploads\/2025\/10\/foto-2-300x200.jpg 300w, https:\/\/autofans.com.ar\/wp-content\/uploads\/2025\/10\/foto-2-768x512.jpg 768w\" sizes=\"auto, (max-width: 1000px) 100vw, 1000px\" loading=\"lazy\" decoding=\"async\" \/><\/a>\n\t\t\t<\/div><\/figure>\n\t\t<\/div>\n\n<p>&nbsp;<\/p>\n<p class=\"ds-markdown-paragraph\">La empresa ya cuenta con dos ubicaciones: una en N\u00fa\u00f1ez (Av. del Libertador 7000) y la reci\u00e9n inaugurada en el Obelisco. En ambas, los clientes pueden realizar test drives, recibir asesoramiento y acceder al servicio posventa.<\/p>\n<p>&nbsp;<\/p>\n<h2 class=\"ds-markdown-paragraph\">BYD Argendreams &#8211; figuras p\u00fablicas y una visita internacional de lujo<\/h2>\n<p class=\"ds-markdown-paragraph\">El evento de apertura cont\u00f3 con la participaci\u00f3n de invitados especiales. Sergio \u00abGoyco\u00bb Goycochea, exarquero de la Selecci\u00f3n Argentina, y Marcos Ginocchio, ganador de Gran Hermano 2022, se sumaron a la celebraci\u00f3n y compartieron sus impresiones sobre la movilidad sustentable.<\/p>\n<p>&nbsp;<\/p>\n<div id='gallery-2' class='gallery galleryid-14496 gallery-columns-2 gallery-size-full'><figure class='gallery-item'>\n\t\t\t<div class='gallery-icon landscape'>\n\t\t\t\t<a href='https:\/\/autofans.com.ar\/index.php\/2025\/10\/17\/byd-argendreams-desembarca-en-el-obelisco\/foto-8-25\/'><img loading=\"lazy\" width=\"1000\" height=\"667\" src=\"https:\/\/autofans.com.ar\/wp-content\/uploads\/2025\/10\/foto-8.jpg\" class=\"attachment-full size-full\" alt=\"BYD Argendreams\" srcset=\"https:\/\/autofans.com.ar\/wp-content\/uploads\/2025\/10\/foto-8.jpg 1000w, https:\/\/autofans.com.ar\/wp-content\/uploads\/2025\/10\/foto-8-300x200.jpg 300w, https:\/\/autofans.com.ar\/wp-content\/uploads\/2025\/10\/foto-8-768x512.jpg 768w\" sizes=\"auto, (max-width: 1000px) 100vw, 1000px\" loading=\"lazy\" decoding=\"async\" \/><\/a>\n\t\t\t<\/div><\/figure><figure class='gallery-item'>\n\t\t\t<div class='gallery-icon landscape'>\n\t\t\t\t<a href='https:\/\/autofans.com.ar\/index.php\/2025\/10\/17\/byd-argendreams-desembarca-en-el-obelisco\/foto-7-37\/'><img loading=\"lazy\" width=\"1000\" height=\"667\" src=\"https:\/\/autofans.com.ar\/wp-content\/uploads\/2025\/10\/foto-7.jpg\" class=\"attachment-full size-full\" alt=\"BYD Argendreams\" srcset=\"https:\/\/autofans.com.ar\/wp-content\/uploads\/2025\/10\/foto-7.jpg 1000w, https:\/\/autofans.com.ar\/wp-content\/uploads\/2025\/10\/foto-7-300x200.jpg 300w, https:\/\/autofans.com.ar\/wp-content\/uploads\/2025\/10\/foto-7-768x512.jpg 768w\" sizes=\"auto, (max-width: 1000px) 100vw, 1000px\" loading=\"lazy\" decoding=\"async\" \/><\/a>\n\t\t\t<\/div><\/figure>\n\t\t<\/div>\n\n<p>&nbsp;<\/p>\n<p class=\"ds-markdown-paragraph\">El cierre del d\u00eda estuvo a cargo de una delegaci\u00f3n de BYD Global, liderada por su Presidente y Vicepresidenta. Su visita a la Argentina forma parte de una gira latinoamericana y confirma el rol estrat\u00e9gico del pa\u00eds en los planes de la compa\u00f1\u00eda.<\/p>\n<p>&nbsp;<\/p>\n<h2 class=\"ds-markdown-paragraph\">Los prop\u00f3sitos de la nueva sucursal en el obelisco<\/h2>\n<p>&nbsp;<\/p>\n<p><center><iframe title=\"\u00a1BYD ya est\u00e1 en el OBELISCO! | La Nueva Era de la Movilidad El\u00e9ctrica en Argentina\" width=\"640\" height=\"360\" src=\"https:\/\/www.youtube.com\/embed\/gA5aTSkX1sA?feature=oembed\" frameborder=\"0\" allow=\"accelerometer; autoplay; clipboard-write; encrypted-media; gyroscope; picture-in-picture; web-share\" referrerpolicy=\"strict-origin-when-cross-origin\" allowfullscreen><\/iframe><\/p>\n<p>&nbsp;<\/p>\n<p><\/center>&nbsp;<\/p>\n<p class=\"ds-markdown-paragraph\">Con esta apertura, BYD Argendreams busca:<\/p>\n<ul>\n<li>\n<p class=\"ds-markdown-paragraph\">Democratizar el acceso a la tecnolog\u00eda y la filosof\u00eda BYD.<\/p>\n<\/li>\n<li>\n<p class=\"ds-markdown-paragraph\">Impulsar la movilidad sostenible desde un lugar c\u00e9ntrico y simb\u00f3lico.<\/p>\n<\/li>\n<li>\n<p class=\"ds-markdown-paragraph\">Reforzar su imagen como referente en innovaci\u00f3n, dise\u00f1o y sustentabilidad.<\/p>\n<\/li>\n<\/ul>\n<p>&nbsp;<\/p>\n<p>&nbsp;<\/p>\n<p>&nbsp;<\/p>\n<p><i>Para enterarte de m\u00e1s novedades, no dejes de leer\u00a0<\/i><a href=\"https:\/\/autofans.thebrandsoup.com\/\"><i>nuestras notas<\/i><\/a><i>, de ver\u00a0<\/i><a href=\"https:\/\/www.youtube.com\/channel\/UCgAC8UGHZYbT6P7PpmVnP7g\"><i>AUTOFANS TV<\/i><\/a><i>\u00a0en nuestro\u00a0canal de Youtube. Adem\u00e1s seguinos en\u00a0<\/i><a href=\"https:\/\/www.instagram.com\/autofanstv\/\"><i>INSTAGRAM<\/i><\/a><i> y <\/i><a href=\"https:\/\/www.facebook.com\/autofansmas\/\"><i>FACEBOOK<\/i><\/a><i> para no perderte nada sobre las novedades del segmento automotor de Argentina y el mundo.<\/i><\/p>\n","protected":false},"excerpt":{"rendered":"<p>BYD Argendreams abri\u00f3 oficialmente las puertas de su nueva sucursal en la Ciudad de Buenos&#8230;<\/p>\n","protected":false},"author":2,"featured_media":14499,"comment_status":"closed","ping_status":"closed","sticky":false,"template":"","format":"standard","meta":{"footnotes":""},"categories":[292,16],"tags":[3447,7598,6080,7603,7599,1840,2757,7602,1460,7600,7601,32],"class_list":["post-14496","post","type-post","status-publish","format-standard","has-post-thumbnail","hentry","category-empresas","category-noticias","tag-auto-electrico","tag-byd-argendreams","tag-byd-argentina","tag-byd-global","tag-concesionario-byd","tag-expansion","tag-inauguracion","tag-marcos-ginocchio","tag-movilidad-sustentable","tag-obelisco","tag-sergio-goycochea","tag-vehiculo-electrico"],"yoast_head":"<!-- This site is optimized with the Yoast SEO plugin v27.5 - https:\/\/yoast.com\/product\/yoast-seo-wordpress\/ -->\n<title>BYD Argendreams desembarca en el Obelisco -<\/title>\n<meta name=\"description\" content=\"BYD Argendreams abri\u00f3 las puertas de su nueva sucursal en la Ciudad de Buenos Aires. La inauguraci\u00f3n se realiz\u00f3 el domingo 12 de octubre...\" \/>\n<meta name=\"robots\" content=\"index, follow, max-snippet:-1, max-image-preview:large, max-video-preview:-1\" \/>\n<link rel=\"canonical\" href=\"https:\/\/autofans.com.ar\/index.php\/2025\/10\/17\/byd-argendreams-desembarca-en-el-obelisco\/\" \/>\n<meta property=\"og:locale\" content=\"es_ES\" \/>\n<meta property=\"og:type\" content=\"article\" \/>\n<meta property=\"og:title\" content=\"BYD Argendreams desembarca en el Obelisco -\" \/>\n<meta property=\"og:description\" content=\"BYD Argendreams abri\u00f3 las puertas de su nueva sucursal en la Ciudad de Buenos Aires. La inauguraci\u00f3n se realiz\u00f3 el domingo 12 de octubre...\" \/>\n<meta property=\"og:url\" content=\"https:\/\/autofans.com.ar\/index.php\/2025\/10\/17\/byd-argendreams-desembarca-en-el-obelisco\/\" \/>\n<meta property=\"article:published_time\" content=\"2025-10-17T22:05:57+00:00\" \/>\n<meta property=\"og:image\" content=\"https:\/\/autofans.com.ar\/wp-content\/uploads\/2025\/10\/foto-6.jpg\" \/>\n\t<meta property=\"og:image:width\" content=\"1000\" \/>\n\t<meta property=\"og:image:height\" content=\"667\" \/>\n\t<meta property=\"og:image:type\" content=\"image\/jpeg\" \/>\n<meta name=\"author\" content=\"Alejandro Gabriel Rosito\" \/>\n<meta name=\"twitter:card\" content=\"summary_large_image\" \/>\n<meta name=\"twitter:label1\" content=\"Escrito por\" \/>\n\t<meta name=\"twitter:data1\" content=\"Alejandro Gabriel Rosito\" \/>\n\t<meta name=\"twitter:label2\" content=\"Tiempo de lectura\" \/>\n\t<meta name=\"twitter:data2\" content=\"2 minutos\" \/>\n<script type=\"application\/ld+json\" class=\"yoast-schema-graph\">{\"@context\":\"https:\\\/\\\/schema.org\",\"@graph\":[{\"@type\":\"Article\",\"@id\":\"https:\\\/\\\/autofans.com.ar\\\/index.php\\\/2025\\\/10\\\/17\\\/byd-argendreams-desembarca-en-el-obelisco\\\/#article\",\"isPartOf\":{\"@id\":\"https:\\\/\\\/autofans.com.ar\\\/index.php\\\/2025\\\/10\\\/17\\\/byd-argendreams-desembarca-en-el-obelisco\\\/\"},\"author\":{\"name\":\"Alejandro Gabriel Rosito\",\"@id\":\"https:\\\/\\\/autofans.com.ar\\\/#\\\/schema\\\/person\\\/4a8dda0b6df83ac3d6723e921274c2aa\"},\"headline\":\"BYD Argendreams desembarca en el Obelisco\",\"datePublished\":\"2025-10-17T22:05:57+00:00\",\"mainEntityOfPage\":{\"@id\":\"https:\\\/\\\/autofans.com.ar\\\/index.php\\\/2025\\\/10\\\/17\\\/byd-argendreams-desembarca-en-el-obelisco\\\/\"},\"wordCount\":416,\"image\":{\"@id\":\"https:\\\/\\\/autofans.com.ar\\\/index.php\\\/2025\\\/10\\\/17\\\/byd-argendreams-desembarca-en-el-obelisco\\\/#primaryimage\"},\"thumbnailUrl\":\"https:\\\/\\\/autofans.com.ar\\\/wp-content\\\/uploads\\\/2025\\\/10\\\/foto-6.jpg\",\"keywords\":[\"Auto el\u00e9ctrico\",\"BYD Argendreams\",\"BYD Argentina\",\"BYD Global\",\"concesionario BYD\",\"expansi\u00f3n\",\"inauguraci\u00f3n\",\"Marcos Ginocchio\",\"movilidad sustentable\",\"Obelisco\",\"Sergio Goycochea\",\"Vehiculo electrico\"],\"articleSection\":[\"EMPRESAS\",\"NOTICIAS\"],\"inLanguage\":\"es\"},{\"@type\":\"WebPage\",\"@id\":\"https:\\\/\\\/autofans.com.ar\\\/index.php\\\/2025\\\/10\\\/17\\\/byd-argendreams-desembarca-en-el-obelisco\\\/\",\"url\":\"https:\\\/\\\/autofans.com.ar\\\/index.php\\\/2025\\\/10\\\/17\\\/byd-argendreams-desembarca-en-el-obelisco\\\/\",\"name\":\"BYD Argendreams desembarca en el Obelisco -\",\"isPartOf\":{\"@id\":\"https:\\\/\\\/autofans.com.ar\\\/#website\"},\"primaryImageOfPage\":{\"@id\":\"https:\\\/\\\/autofans.com.ar\\\/index.php\\\/2025\\\/10\\\/17\\\/byd-argendreams-desembarca-en-el-obelisco\\\/#primaryimage\"},\"image\":{\"@id\":\"https:\\\/\\\/autofans.com.ar\\\/index.php\\\/2025\\\/10\\\/17\\\/byd-argendreams-desembarca-en-el-obelisco\\\/#primaryimage\"},\"thumbnailUrl\":\"https:\\\/\\\/autofans.com.ar\\\/wp-content\\\/uploads\\\/2025\\\/10\\\/foto-6.jpg\",\"datePublished\":\"2025-10-17T22:05:57+00:00\",\"author\":{\"@id\":\"https:\\\/\\\/autofans.com.ar\\\/#\\\/schema\\\/person\\\/4a8dda0b6df83ac3d6723e921274c2aa\"},\"description\":\"BYD Argendreams abri\u00f3 las puertas de su nueva sucursal en la Ciudad de Buenos Aires. La inauguraci\u00f3n se realiz\u00f3 el domingo 12 de octubre...\",\"breadcrumb\":{\"@id\":\"https:\\\/\\\/autofans.com.ar\\\/index.php\\\/2025\\\/10\\\/17\\\/byd-argendreams-desembarca-en-el-obelisco\\\/#breadcrumb\"},\"inLanguage\":\"es\",\"potentialAction\":[{\"@type\":\"ReadAction\",\"target\":[\"https:\\\/\\\/autofans.com.ar\\\/index.php\\\/2025\\\/10\\\/17\\\/byd-argendreams-desembarca-en-el-obelisco\\\/\"]}]},{\"@type\":\"ImageObject\",\"inLanguage\":\"es\",\"@id\":\"https:\\\/\\\/autofans.com.ar\\\/index.php\\\/2025\\\/10\\\/17\\\/byd-argendreams-desembarca-en-el-obelisco\\\/#primaryimage\",\"url\":\"https:\\\/\\\/autofans.com.ar\\\/wp-content\\\/uploads\\\/2025\\\/10\\\/foto-6.jpg\",\"contentUrl\":\"https:\\\/\\\/autofans.com.ar\\\/wp-content\\\/uploads\\\/2025\\\/10\\\/foto-6.jpg\",\"width\":1000,\"height\":667,\"caption\":\"BYD Argendreams\"},{\"@type\":\"BreadcrumbList\",\"@id\":\"https:\\\/\\\/autofans.com.ar\\\/index.php\\\/2025\\\/10\\\/17\\\/byd-argendreams-desembarca-en-el-obelisco\\\/#breadcrumb\",\"itemListElement\":[{\"@type\":\"ListItem\",\"position\":1,\"name\":\"Inicio\",\"item\":\"https:\\\/\\\/autofans.com.ar\\\/\"},{\"@type\":\"ListItem\",\"position\":2,\"name\":\"BYD Argendreams desembarca en el Obelisco\"}]},{\"@type\":\"WebSite\",\"@id\":\"https:\\\/\\\/autofans.com.ar\\\/#website\",\"url\":\"https:\\\/\\\/autofans.com.ar\\\/\",\"name\":\"\",\"description\":\"El multimedio referente de la industria automotriz\",\"potentialAction\":[{\"@type\":\"SearchAction\",\"target\":{\"@type\":\"EntryPoint\",\"urlTemplate\":\"https:\\\/\\\/autofans.com.ar\\\/?s={search_term_string}\"},\"query-input\":{\"@type\":\"PropertyValueSpecification\",\"valueRequired\":true,\"valueName\":\"search_term_string\"}}],\"inLanguage\":\"es\"},{\"@type\":\"Person\",\"@id\":\"https:\\\/\\\/autofans.com.ar\\\/#\\\/schema\\\/person\\\/4a8dda0b6df83ac3d6723e921274c2aa\",\"name\":\"Alejandro Gabriel Rosito\",\"image\":{\"@type\":\"ImageObject\",\"inLanguage\":\"es\",\"@id\":\"https:\\\/\\\/secure.gravatar.com\\\/avatar\\\/16c5dda1489adfc62618084dcbb91cffd879c374b13fe5dd8e44ed6733852c88?s=96&d=mm&r=g\",\"url\":\"https:\\\/\\\/secure.gravatar.com\\\/avatar\\\/16c5dda1489adfc62618084dcbb91cffd879c374b13fe5dd8e44ed6733852c88?s=96&d=mm&r=g\",\"contentUrl\":\"https:\\\/\\\/secure.gravatar.com\\\/avatar\\\/16c5dda1489adfc62618084dcbb91cffd879c374b13fe5dd8e44ed6733852c88?s=96&d=mm&r=g\",\"caption\":\"Alejandro Gabriel Rosito\"},\"url\":\"https:\\\/\\\/autofans.com.ar\\\/index.php\\\/author\\\/gabrielr\\\/\"}]}<\/script>\n<!-- \/ Yoast SEO plugin. -->","yoast_head_json":{"title":"BYD Argendreams desembarca en el Obelisco -","description":"BYD Argendreams abri\u00f3 las puertas de su nueva sucursal en la Ciudad de Buenos Aires. La inauguraci\u00f3n se realiz\u00f3 el domingo 12 de octubre...","robots":{"index":"index","follow":"follow","max-snippet":"max-snippet:-1","max-image-preview":"max-image-preview:large","max-video-preview":"max-video-preview:-1"},"canonical":"https:\/\/autofans.com.ar\/index.php\/2025\/10\/17\/byd-argendreams-desembarca-en-el-obelisco\/","og_locale":"es_ES","og_type":"article","og_title":"BYD Argendreams desembarca en el Obelisco -","og_description":"BYD Argendreams abri\u00f3 las puertas de su nueva sucursal en la Ciudad de Buenos Aires. La inauguraci\u00f3n se realiz\u00f3 el domingo 12 de octubre...","og_url":"https:\/\/autofans.com.ar\/index.php\/2025\/10\/17\/byd-argendreams-desembarca-en-el-obelisco\/","article_published_time":"2025-10-17T22:05:57+00:00","og_image":[{"width":1000,"height":667,"url":"https:\/\/autofans.com.ar\/wp-content\/uploads\/2025\/10\/foto-6.jpg","type":"image\/jpeg"}],"author":"Alejandro Gabriel Rosito","twitter_card":"summary_large_image","twitter_misc":{"Escrito por":"Alejandro Gabriel Rosito","Tiempo de lectura":"2 minutos"},"schema":{"@context":"https:\/\/schema.org","@graph":[{"@type":"Article","@id":"https:\/\/autofans.com.ar\/index.php\/2025\/10\/17\/byd-argendreams-desembarca-en-el-obelisco\/#article","isPartOf":{"@id":"https:\/\/autofans.com.ar\/index.php\/2025\/10\/17\/byd-argendreams-desembarca-en-el-obelisco\/"},"author":{"name":"Alejandro Gabriel Rosito","@id":"https:\/\/autofans.com.ar\/#\/schema\/person\/4a8dda0b6df83ac3d6723e921274c2aa"},"headline":"BYD Argendreams desembarca en el Obelisco","datePublished":"2025-10-17T22:05:57+00:00","mainEntityOfPage":{"@id":"https:\/\/autofans.com.ar\/index.php\/2025\/10\/17\/byd-argendreams-desembarca-en-el-obelisco\/"},"wordCount":416,"image":{"@id":"https:\/\/autofans.com.ar\/index.php\/2025\/10\/17\/byd-argendreams-desembarca-en-el-obelisco\/#primaryimage"},"thumbnailUrl":"https:\/\/autofans.com.ar\/wp-content\/uploads\/2025\/10\/foto-6.jpg","keywords":["Auto el\u00e9ctrico","BYD Argendreams","BYD Argentina","BYD Global","concesionario BYD","expansi\u00f3n","inauguraci\u00f3n","Marcos Ginocchio","movilidad sustentable","Obelisco","Sergio Goycochea","Vehiculo electrico"],"articleSection":["EMPRESAS","NOTICIAS"],"inLanguage":"es"},{"@type":"WebPage","@id":"https:\/\/autofans.com.ar\/index.php\/2025\/10\/17\/byd-argendreams-desembarca-en-el-obelisco\/","url":"https:\/\/autofans.com.ar\/index.php\/2025\/10\/17\/byd-argendreams-desembarca-en-el-obelisco\/","name":"BYD Argendreams desembarca en el Obelisco -","isPartOf":{"@id":"https:\/\/autofans.com.ar\/#website"},"primaryImageOfPage":{"@id":"https:\/\/autofans.com.ar\/index.php\/2025\/10\/17\/byd-argendreams-desembarca-en-el-obelisco\/#primaryimage"},"image":{"@id":"https:\/\/autofans.com.ar\/index.php\/2025\/10\/17\/byd-argendreams-desembarca-en-el-obelisco\/#primaryimage"},"thumbnailUrl":"https:\/\/autofans.com.ar\/wp-content\/uploads\/2025\/10\/foto-6.jpg","datePublished":"2025-10-17T22:05:57+00:00","author":{"@id":"https:\/\/autofans.com.ar\/#\/schema\/person\/4a8dda0b6df83ac3d6723e921274c2aa"},"description":"BYD Argendreams abri\u00f3 las puertas de su nueva sucursal en la Ciudad de Buenos Aires. La inauguraci\u00f3n se realiz\u00f3 el domingo 12 de octubre...","breadcrumb":{"@id":"https:\/\/autofans.com.ar\/index.php\/2025\/10\/17\/byd-argendreams-desembarca-en-el-obelisco\/#breadcrumb"},"inLanguage":"es","potentialAction":[{"@type":"ReadAction","target":["https:\/\/autofans.com.ar\/index.php\/2025\/10\/17\/byd-argendreams-desembarca-en-el-obelisco\/"]}]},{"@type":"ImageObject","inLanguage":"es","@id":"https:\/\/autofans.com.ar\/index.php\/2025\/10\/17\/byd-argendreams-desembarca-en-el-obelisco\/#primaryimage","url":"https:\/\/autofans.com.ar\/wp-content\/uploads\/2025\/10\/foto-6.jpg","contentUrl":"https:\/\/autofans.com.ar\/wp-content\/uploads\/2025\/10\/foto-6.jpg","width":1000,"height":667,"caption":"BYD Argendreams"},{"@type":"BreadcrumbList","@id":"https:\/\/autofans.com.ar\/index.php\/2025\/10\/17\/byd-argendreams-desembarca-en-el-obelisco\/#breadcrumb","itemListElement":[{"@type":"ListItem","position":1,"name":"Inicio","item":"https:\/\/autofans.com.ar\/"},{"@type":"ListItem","position":2,"name":"BYD Argendreams desembarca en el Obelisco"}]},{"@type":"WebSite","@id":"https:\/\/autofans.com.ar\/#website","url":"https:\/\/autofans.com.ar\/","name":"","description":"El multimedio referente de la industria automotriz","potentialAction":[{"@type":"SearchAction","target":{"@type":"EntryPoint","urlTemplate":"https:\/\/autofans.com.ar\/?s={search_term_string}"},"query-input":{"@type":"PropertyValueSpecification","valueRequired":true,"valueName":"search_term_string"}}],"inLanguage":"es"},{"@type":"Person","@id":"https:\/\/autofans.com.ar\/#\/schema\/person\/4a8dda0b6df83ac3d6723e921274c2aa","name":"Alejandro Gabriel Rosito","image":{"@type":"ImageObject","inLanguage":"es","@id":"https:\/\/secure.gravatar.com\/avatar\/16c5dda1489adfc62618084dcbb91cffd879c374b13fe5dd8e44ed6733852c88?s=96&d=mm&r=g","url":"https:\/\/secure.gravatar.com\/avatar\/16c5dda1489adfc62618084dcbb91cffd879c374b13fe5dd8e44ed6733852c88?s=96&d=mm&r=g","contentUrl":"https:\/\/secure.gravatar.com\/avatar\/16c5dda1489adfc62618084dcbb91cffd879c374b13fe5dd8e44ed6733852c88?s=96&d=mm&r=g","caption":"Alejandro Gabriel Rosito"},"url":"https:\/\/autofans.com.ar\/index.php\/author\/gabrielr\/"}]}},"featured_image_urls":{"full":["https:\/\/autofans.com.ar\/wp-content\/uploads\/2025\/10\/foto-6.jpg",1000,667,false],"thumbnail":["https:\/\/autofans.com.ar\/wp-content\/uploads\/2025\/10\/foto-6-150x150.jpg",150,150,true],"medium":["https:\/\/autofans.com.ar\/wp-content\/uploads\/2025\/10\/foto-6-300x200.jpg",300,200,true],"medium_large":["https:\/\/autofans.com.ar\/wp-content\/uploads\/2025\/10\/foto-6-768x512.jpg",640,427,true],"large":["https:\/\/autofans.com.ar\/wp-content\/uploads\/2025\/10\/foto-6.jpg",640,427,false],"1536x1536":["https:\/\/autofans.com.ar\/wp-content\/uploads\/2025\/10\/foto-6.jpg",1000,667,false],"2048x2048":["https:\/\/autofans.com.ar\/wp-content\/uploads\/2025\/10\/foto-6.jpg",1000,667,false],"covernews-featured":["https:\/\/autofans.com.ar\/wp-content\/uploads\/2025\/10\/foto-6.jpg",1000,667,false],"covernews-medium":["https:\/\/autofans.com.ar\/wp-content\/uploads\/2025\/10\/foto-6-540x340.jpg",540,340,true]},"author_info":{"display_name":"Alejandro Gabriel Rosito","author_link":"https:\/\/autofans.com.ar\/index.php\/author\/gabrielr\/"},"category_info":"<a href=\"https:\/\/autofans.com.ar\/index.php\/category\/noticias\/empresas\/\" rel=\"category tag\">EMPRESAS<\/a> <a href=\"https:\/\/autofans.com.ar\/index.php\/category\/noticias\/\" rel=\"category tag\">NOTICIAS<\/a>","tag_info":"NOTICIAS","comment_count":0,"_links":{"self":[{"href":"https:\/\/autofans.com.ar\/index.php\/wp-json\/wp\/v2\/posts\/14496","targetHints":{"allow":["GET"]}}],"collection":[{"href":"https:\/\/autofans.com.ar\/index.php\/wp-json\/wp\/v2\/posts"}],"about":[{"href":"https:\/\/autofans.com.ar\/index.php\/wp-json\/wp\/v2\/types\/post"}],"author":[{"embeddable":true,"href":"https:\/\/autofans.com.ar\/index.php\/wp-json\/wp\/v2\/users\/2"}],"replies":[{"embeddable":true,"href":"https:\/\/autofans.com.ar\/index.php\/wp-json\/wp\/v2\/comments?post=14496"}],"version-history":[{"count":5,"href":"https:\/\/autofans.com.ar\/index.php\/wp-json\/wp\/v2\/posts\/14496\/revisions"}],"predecessor-version":[{"id":14509,"href":"https:\/\/autofans.com.ar\/index.php\/wp-json\/wp\/v2\/posts\/14496\/revisions\/14509"}],"wp:featuredmedia":[{"embeddable":true,"href":"https:\/\/autofans.com.ar\/index.php\/wp-json\/wp\/v2\/media\/14499"}],"wp:attachment":[{"href":"https:\/\/autofans.com.ar\/index.php\/wp-json\/wp\/v2\/media?parent=14496"}],"wp:term":[{"taxonomy":"category","embeddable":true,"href":"https:\/\/autofans.com.ar\/index.php\/wp-json\/wp\/v2\/categories?post=14496"},{"taxonomy":"post_tag","embeddable":true,"href":"https:\/\/autofans.com.ar\/index.php\/wp-json\/wp\/v2\/tags?post=14496"}],"curies":[{"name":"wp","href":"https:\/\/api.w.org\/{rel}","templated":true}]}}