{"id":14530,"date":"2025-10-20T17:17:09","date_gmt":"2025-10-20T20:17:09","guid":{"rendered":"https:\/\/autofans.com.ar\/?p=14530"},"modified":"2025-10-20T17:19:45","modified_gmt":"2025-10-20T20:19:45","slug":"geely-ex5-asi-es-el-suv-electrico-que-llega-con-430-km-de-autonomia","status":"publish","type":"post","link":"https:\/\/autofans.com.ar\/index.php\/2025\/10\/20\/geely-ex5-asi-es-el-suv-electrico-que-llega-con-430-km-de-autonomia\/","title":{"rendered":"Geely EX5, as\u00ed es el SUV el\u00e9ctrico que llega con 430 km de autonom\u00eda"},"content":{"rendered":"<p class=\"ds-markdown-paragraph\">La movida el\u00e9ctrica suma un jugador clave. Geely presenta el EX5, un SUV 100% el\u00e9ctrico que estar\u00e1 disponible a partir del 1 de noviembre. La distribuci\u00f3n comenzar\u00e1 en una red de 11 concesionarios ubicados en CABA, Provincia de Buenos Aires, Tierra del Fuego, San Juan, Mendoza, Catamarca, La Rioja, Chaco y Entre R\u00edos.<\/p>\n<p>&nbsp;<\/p>\n<h2 class=\"ds-markdown-paragraph\">Precio y posicionamiento en el mercado<\/h2>\n<p>&nbsp;<\/p>\n<div id='gallery-1' class='gallery galleryid-14530 gallery-columns-2 gallery-size-full'><figure class='gallery-item'>\n\t\t\t<div class='gallery-icon landscape'>\n\t\t\t\t<a href='https:\/\/autofans.com.ar\/index.php\/2025\/10\/20\/geely-ex5-asi-es-el-suv-electrico-que-llega-con-430-km-de-autonomia\/geely-2\/'><img loading=\"lazy\" width=\"1000\" height=\"667\" src=\"https:\/\/autofans.com.ar\/wp-content\/uploads\/2025\/10\/geely-2.jpg\" class=\"attachment-full size-full\" alt=\"Geely EX5\" srcset=\"https:\/\/autofans.com.ar\/wp-content\/uploads\/2025\/10\/geely-2.jpg 1000w, https:\/\/autofans.com.ar\/wp-content\/uploads\/2025\/10\/geely-2-300x200.jpg 300w, https:\/\/autofans.com.ar\/wp-content\/uploads\/2025\/10\/geely-2-768x512.jpg 768w\" sizes=\"auto, (max-width: 1000px) 100vw, 1000px\" loading=\"lazy\" decoding=\"async\" \/><\/a>\n\t\t\t<\/div><\/figure><figure class='gallery-item'>\n\t\t\t<div class='gallery-icon landscape'>\n\t\t\t\t<a href='https:\/\/autofans.com.ar\/index.php\/2025\/10\/20\/geely-ex5-asi-es-el-suv-electrico-que-llega-con-430-km-de-autonomia\/geely-4\/'><img loading=\"lazy\" width=\"1000\" height=\"667\" src=\"https:\/\/autofans.com.ar\/wp-content\/uploads\/2025\/10\/geely-4.jpg\" class=\"attachment-full size-full\" alt=\"Geely EX5\" srcset=\"https:\/\/autofans.com.ar\/wp-content\/uploads\/2025\/10\/geely-4.jpg 1000w, https:\/\/autofans.com.ar\/wp-content\/uploads\/2025\/10\/geely-4-300x200.jpg 300w, https:\/\/autofans.com.ar\/wp-content\/uploads\/2025\/10\/geely-4-768x512.jpg 768w\" sizes=\"auto, (max-width: 1000px) 100vw, 1000px\" loading=\"lazy\" decoding=\"async\" \/><\/a>\n\t\t\t<\/div><\/figure>\n\t\t<\/div>\n\n<p>&nbsp;<\/p>\n<p class=\"ds-markdown-paragraph\">El Geely EX5 tendr\u00e1 un precio inicial de 34.800 d\u00f3lares. La marca apunta a competir con tres argumentos: costo, autonom\u00eda y equipamiento. Incluye una garant\u00eda de 3 a\u00f1os o 100.000 kil\u00f3metros.<\/p>\n<p>&nbsp;<\/p>\n<h2 class=\"ds-markdown-paragraph\">Caracter\u00edsticas t\u00e9cnicas del Geely EX5<\/h2>\n<p>&nbsp;<\/p>\n<p><img fetchpriority=\"high\" decoding=\"async\" class=\"aligncenter wp-image-14533 size-full\" src=\"https:\/\/autofans.com.ar\/wp-content\/uploads\/2025\/10\/geely-5.jpg\" alt=\"Geely EX5\" width=\"1000\" height=\"667\" srcset=\"https:\/\/autofans.com.ar\/wp-content\/uploads\/2025\/10\/geely-5.jpg 1000w, https:\/\/autofans.com.ar\/wp-content\/uploads\/2025\/10\/geely-5-300x200.jpg 300w, https:\/\/autofans.com.ar\/wp-content\/uploads\/2025\/10\/geely-5-768x512.jpg 768w\" sizes=\"(max-width: 1000px) 100vw, 1000px\" \/><\/p>\n<p>&nbsp;<\/p>\n<ul>\n<li>\n<p class=\"ds-markdown-paragraph\">Autonom\u00eda y Motorizaci\u00f3n: Ofrece 430 km de autonom\u00eda con una bater\u00eda de fosfato de hierro y litio de 60,22 kWh. Su motor entrega 218 CV de potencia y 320 Nm de torque.<\/p>\n<\/li>\n<li>\n<p class=\"ds-markdown-paragraph\">Rendimiento: Acelera de 0 a 100 km\/h en 6,9 segundos y alcanza una velocidad m\u00e1xima de 175 km\/h.<\/p>\n<\/li>\n<li>\n<p class=\"ds-markdown-paragraph\">Carga: Con un enchufe dom\u00e9stico, la carga completa demanda 6 horas. En una estaci\u00f3n de carga r\u00e1pida, recupera el 80% de la bater\u00eda en 20 minutos.<\/p>\n<\/li>\n<\/ul>\n<p>&nbsp;<\/p>\n<h2 class=\"ds-markdown-paragraph\">Equipamiento de Seguridad<\/h2>\n<p>&nbsp;<\/p>\n<p><img decoding=\"async\" class=\"aligncenter wp-image-14536 size-full\" src=\"https:\/\/autofans.com.ar\/wp-content\/uploads\/2025\/10\/geely-1.jpg\" alt=\"Geely EX5\" width=\"1000\" height=\"667\" srcset=\"https:\/\/autofans.com.ar\/wp-content\/uploads\/2025\/10\/geely-1.jpg 1000w, https:\/\/autofans.com.ar\/wp-content\/uploads\/2025\/10\/geely-1-300x200.jpg 300w, https:\/\/autofans.com.ar\/wp-content\/uploads\/2025\/10\/geely-1-768x512.jpg 768w\" sizes=\"(max-width: 1000px) 100vw, 1000px\" \/><\/p>\n<p>&nbsp;<\/p>\n<p class=\"ds-markdown-paragraph\">El modelo logr\u00f3 5 estrellas en los tests de seguridad NCAP y ANCAP. Incluye 6 airbags (frontales, laterales y de cortina), control de estabilidad y tracci\u00f3n, frenos ABS, asistente de arranque en pendiente y un sistema de frenado multicolisi\u00f3n. Tambi\u00e9n suma c\u00e1maras 360\u00b0, alerta de presi\u00f3n de neum\u00e1ticos y la funci\u00f3n \u00abFollow Me Home\u00bb, que ilumina el camino al bajar del auto.<\/p>\n<p>&nbsp;<\/p>\n<hr \/>\n<div style=\"display: flex; justify-content: center; width: 100%;\">\n<div style=\"display: flex; align-items: center; justify-content: space-between; background: #f0f2f5; padding: 3px 92px; border-radius: 0px; box-shadow: 0 4px 10px rgba(0, 0, 0, 0.08); margin: 24px 0; max-width: 700px;\">\n<div style=\"flex: 1;\"><a style=\"font-size: 18px; color: #921414; font-weight: bold; text-decoration: underline;\" href=\"https:\/\/autofans.com.ar\/wp-content\/uploads\/2025\/10\/NEW-EX5-FICHA-TECNICA.pdf\" target=\"_blank\" rel=\"noopener\"><br \/>\n\u2192 Ficha T\u00e9cnica Geely EX5<br \/>\n<\/a><a style=\"font-size: 18px; color: #007bff; font-weight: 1200; text-decoration: underline;\" href=\"https:\/\/autofans.com.ar\/wp-content\/uploads\/2025\/05\/ftmy26argo-681166d8eb8a6.pdf\" target=\"_blank\" rel=\"noopener\"><br \/>\n<\/a><\/div>\n<div style=\"margin-left: 46px;\"><img decoding=\"async\" class=\"alignright\" style=\"height: 20px; width: auto;\" src=\"https:\/\/autofans.com.ar\/wp-content\/uploads\/2023\/02\/Autofans_600x102_150px5.png\" alt=\"Logo Autofans\" width=\"1200\" height=\"137\" \/><\/div>\n<\/div>\n<\/div>\n<hr \/>\n<p>&nbsp;<\/p>\n<h2 class=\"ds-markdown-paragraph\">Interior y Confort<\/h2>\n<p class=\"ds-markdown-paragraph\">El habit\u00e1culo se destaca por una pantalla t\u00e1ctil central de 15,4 pulgadas y un cuadro de instrumentos digital de 10,2\u201d. Incluye volante multifunci\u00f3n, asiento del conductor el\u00e9ctrico con memoria, cargador inal\u00e1mbrico y control de crucero. Los asientos son de cuero sint\u00e9tico.<\/p>\n<p>&nbsp;<\/p>\n<p><img loading=\"lazy\" decoding=\"async\" class=\"aligncenter wp-image-14532 size-full\" src=\"https:\/\/autofans.com.ar\/wp-content\/uploads\/2025\/10\/geely-6.jpg\" alt=\"Geely EX5\" width=\"1000\" height=\"667\" srcset=\"https:\/\/autofans.com.ar\/wp-content\/uploads\/2025\/10\/geely-6.jpg 1000w, https:\/\/autofans.com.ar\/wp-content\/uploads\/2025\/10\/geely-6-300x200.jpg 300w, https:\/\/autofans.com.ar\/wp-content\/uploads\/2025\/10\/geely-6-768x512.jpg 768w\" sizes=\"(max-width: 1000px) 100vw, 1000px\" \/><\/p>\n<p>&nbsp;<\/p>\n<p class=\"ds-markdown-paragraph\">Con un ba\u00fal de 461 litros (que se expanden a 1.877 L), es uno de los m\u00e1s amplios de su segmento. Sus medidas son 4.615 mm de largo, 1.901 mm de ancho y 1.670 mm de alto. Tiene capacidad para cinco pasajeros.<\/p>\n<p>&nbsp;<\/p>\n<p>&nbsp;<\/p>\n<p>&nbsp;<\/p>\n<p><i>Para enterarte de m\u00e1s novedades, no dejes de leer\u00a0<\/i><a href=\"https:\/\/autofans.thebrandsoup.com\/\"><i>nuestras notas<\/i><\/a><i>, de ver\u00a0<\/i><a href=\"https:\/\/www.youtube.com\/channel\/UCgAC8UGHZYbT6P7PpmVnP7g\"><i>AUTOFANS TV<\/i><\/a><i>\u00a0en nuestro\u00a0canal de Youtube. Adem\u00e1s seguinos en\u00a0<\/i><a href=\"https:\/\/www.instagram.com\/autofanstv\/\"><i>INSTAGRAM<\/i><\/a><i> y <\/i><a href=\"https:\/\/www.facebook.com\/autofansmas\/\"><i>FACEBOOK<\/i><\/a><i> para no perderte nada sobre las novedades del segmento automotor de Argentina y el mundo.<\/i><\/p>\n","protected":false},"excerpt":{"rendered":"<p>La movida el\u00e9ctrica suma un jugador clave. Geely presenta el EX5, un SUV 100% el\u00e9ctrico&#8230;<\/p>\n","protected":false},"author":2,"featured_media":14535,"comment_status":"closed","ping_status":"closed","sticky":false,"template":"","format":"standard","meta":{"footnotes":""},"categories":[341,1],"tags":[7616,7619,2641,984,7617,7620,7614,7618,7615],"class_list":["post-14530","post","type-post","status-publish","format-standard","has-post-thumbnail","hentry","category-hibridos-y-electricos","category-lanzamientos","tag-auto-electrico-precio","tag-autonomia-430-km","tag-carga-rapida","tag-coche-electrico","tag-ficha-tecnica-geely-ex5","tag-geely-concesionarios","tag-geely-ex5-argentina","tag-movilidad-sustentable-argentina","tag-suv-electrico-geely"],"yoast_head":"<!-- This site is optimized with the Yoast SEO plugin v27.5 - https:\/\/yoast.com\/product\/yoast-seo-wordpress\/ -->\n<title>Geely EX5, as\u00ed es el SUV el\u00e9ctrico que llega con 430 km de autonom\u00eda -<\/title>\n<meta name=\"description\" content=\"La movida el\u00e9ctrica suma un jugador clave. Geely presenta el EX5, un SUV 100% el\u00e9ctrico que estar\u00e1 disponible a partir del 1 de noviembre...\" \/>\n<meta name=\"robots\" content=\"index, follow, max-snippet:-1, max-image-preview:large, max-video-preview:-1\" \/>\n<link rel=\"canonical\" href=\"https:\/\/autofans.com.ar\/index.php\/2025\/10\/20\/geely-ex5-asi-es-el-suv-electrico-que-llega-con-430-km-de-autonomia\/\" \/>\n<meta property=\"og:locale\" content=\"es_ES\" \/>\n<meta property=\"og:type\" content=\"article\" \/>\n<meta property=\"og:title\" content=\"Geely EX5, as\u00ed es el SUV el\u00e9ctrico que llega con 430 km de autonom\u00eda -\" \/>\n<meta property=\"og:description\" content=\"La movida el\u00e9ctrica suma un jugador clave. Geely presenta el EX5, un SUV 100% el\u00e9ctrico que estar\u00e1 disponible a partir del 1 de noviembre...\" \/>\n<meta property=\"og:url\" content=\"https:\/\/autofans.com.ar\/index.php\/2025\/10\/20\/geely-ex5-asi-es-el-suv-electrico-que-llega-con-430-km-de-autonomia\/\" \/>\n<meta property=\"article:published_time\" content=\"2025-10-20T20:17:09+00:00\" \/>\n<meta property=\"article:modified_time\" content=\"2025-10-20T20:19:45+00:00\" \/>\n<meta property=\"og:image\" content=\"https:\/\/autofans.com.ar\/wp-content\/uploads\/2025\/10\/geely-3.jpg\" \/>\n\t<meta property=\"og:image:width\" content=\"1000\" \/>\n\t<meta property=\"og:image:height\" content=\"667\" \/>\n\t<meta property=\"og:image:type\" content=\"image\/jpeg\" \/>\n<meta name=\"author\" content=\"Alejandro Gabriel Rosito\" \/>\n<meta name=\"twitter:card\" content=\"summary_large_image\" \/>\n<meta name=\"twitter:label1\" content=\"Escrito por\" \/>\n\t<meta name=\"twitter:data1\" content=\"Alejandro Gabriel Rosito\" \/>\n\t<meta name=\"twitter:label2\" content=\"Tiempo de lectura\" \/>\n\t<meta name=\"twitter:data2\" content=\"3 minutos\" \/>\n<script type=\"application\/ld+json\" class=\"yoast-schema-graph\">{\"@context\":\"https:\\\/\\\/schema.org\",\"@graph\":[{\"@type\":\"Article\",\"@id\":\"https:\\\/\\\/autofans.com.ar\\\/index.php\\\/2025\\\/10\\\/20\\\/geely-ex5-asi-es-el-suv-electrico-que-llega-con-430-km-de-autonomia\\\/#article\",\"isPartOf\":{\"@id\":\"https:\\\/\\\/autofans.com.ar\\\/index.php\\\/2025\\\/10\\\/20\\\/geely-ex5-asi-es-el-suv-electrico-que-llega-con-430-km-de-autonomia\\\/\"},\"author\":{\"name\":\"Alejandro Gabriel Rosito\",\"@id\":\"https:\\\/\\\/autofans.com.ar\\\/#\\\/schema\\\/person\\\/4a8dda0b6df83ac3d6723e921274c2aa\"},\"headline\":\"Geely EX5, as\u00ed es el SUV el\u00e9ctrico que llega con 430 km de autonom\u00eda\",\"datePublished\":\"2025-10-20T20:17:09+00:00\",\"dateModified\":\"2025-10-20T20:19:45+00:00\",\"mainEntityOfPage\":{\"@id\":\"https:\\\/\\\/autofans.com.ar\\\/index.php\\\/2025\\\/10\\\/20\\\/geely-ex5-asi-es-el-suv-electrico-que-llega-con-430-km-de-autonomia\\\/\"},\"wordCount\":416,\"image\":{\"@id\":\"https:\\\/\\\/autofans.com.ar\\\/index.php\\\/2025\\\/10\\\/20\\\/geely-ex5-asi-es-el-suv-electrico-que-llega-con-430-km-de-autonomia\\\/#primaryimage\"},\"thumbnailUrl\":\"https:\\\/\\\/autofans.com.ar\\\/wp-content\\\/uploads\\\/2025\\\/10\\\/geely-3.jpg\",\"keywords\":[\"auto el\u00e9ctrico precio\",\"autonom\u00eda 430 km\",\"Carga r\u00e1pida\",\"coche el\u00e9ctrico\",\"ficha t\u00e9cnica Geely EX5\",\"Geely concesionarios\",\"Geely EX5 Argentina\",\"movilidad sustentable Argentina\",\"SUV el\u00e9ctrico Geely\"],\"articleSection\":[\"HIBRIDOS, ELECTRICOS y otros\",\"LANZAMIENTOS\"],\"inLanguage\":\"es\"},{\"@type\":\"WebPage\",\"@id\":\"https:\\\/\\\/autofans.com.ar\\\/index.php\\\/2025\\\/10\\\/20\\\/geely-ex5-asi-es-el-suv-electrico-que-llega-con-430-km-de-autonomia\\\/\",\"url\":\"https:\\\/\\\/autofans.com.ar\\\/index.php\\\/2025\\\/10\\\/20\\\/geely-ex5-asi-es-el-suv-electrico-que-llega-con-430-km-de-autonomia\\\/\",\"name\":\"Geely EX5, as\u00ed es el SUV el\u00e9ctrico que llega con 430 km de autonom\u00eda -\",\"isPartOf\":{\"@id\":\"https:\\\/\\\/autofans.com.ar\\\/#website\"},\"primaryImageOfPage\":{\"@id\":\"https:\\\/\\\/autofans.com.ar\\\/index.php\\\/2025\\\/10\\\/20\\\/geely-ex5-asi-es-el-suv-electrico-que-llega-con-430-km-de-autonomia\\\/#primaryimage\"},\"image\":{\"@id\":\"https:\\\/\\\/autofans.com.ar\\\/index.php\\\/2025\\\/10\\\/20\\\/geely-ex5-asi-es-el-suv-electrico-que-llega-con-430-km-de-autonomia\\\/#primaryimage\"},\"thumbnailUrl\":\"https:\\\/\\\/autofans.com.ar\\\/wp-content\\\/uploads\\\/2025\\\/10\\\/geely-3.jpg\",\"datePublished\":\"2025-10-20T20:17:09+00:00\",\"dateModified\":\"2025-10-20T20:19:45+00:00\",\"author\":{\"@id\":\"https:\\\/\\\/autofans.com.ar\\\/#\\\/schema\\\/person\\\/4a8dda0b6df83ac3d6723e921274c2aa\"},\"description\":\"La movida el\u00e9ctrica suma un jugador clave. Geely presenta el EX5, un SUV 100% el\u00e9ctrico que estar\u00e1 disponible a partir del 1 de noviembre...\",\"breadcrumb\":{\"@id\":\"https:\\\/\\\/autofans.com.ar\\\/index.php\\\/2025\\\/10\\\/20\\\/geely-ex5-asi-es-el-suv-electrico-que-llega-con-430-km-de-autonomia\\\/#breadcrumb\"},\"inLanguage\":\"es\",\"potentialAction\":[{\"@type\":\"ReadAction\",\"target\":[\"https:\\\/\\\/autofans.com.ar\\\/index.php\\\/2025\\\/10\\\/20\\\/geely-ex5-asi-es-el-suv-electrico-que-llega-con-430-km-de-autonomia\\\/\"]}]},{\"@type\":\"ImageObject\",\"inLanguage\":\"es\",\"@id\":\"https:\\\/\\\/autofans.com.ar\\\/index.php\\\/2025\\\/10\\\/20\\\/geely-ex5-asi-es-el-suv-electrico-que-llega-con-430-km-de-autonomia\\\/#primaryimage\",\"url\":\"https:\\\/\\\/autofans.com.ar\\\/wp-content\\\/uploads\\\/2025\\\/10\\\/geely-3.jpg\",\"contentUrl\":\"https:\\\/\\\/autofans.com.ar\\\/wp-content\\\/uploads\\\/2025\\\/10\\\/geely-3.jpg\",\"width\":1000,\"height\":667,\"caption\":\"Geely EX5\"},{\"@type\":\"BreadcrumbList\",\"@id\":\"https:\\\/\\\/autofans.com.ar\\\/index.php\\\/2025\\\/10\\\/20\\\/geely-ex5-asi-es-el-suv-electrico-que-llega-con-430-km-de-autonomia\\\/#breadcrumb\",\"itemListElement\":[{\"@type\":\"ListItem\",\"position\":1,\"name\":\"Inicio\",\"item\":\"https:\\\/\\\/autofans.com.ar\\\/\"},{\"@type\":\"ListItem\",\"position\":2,\"name\":\"Geely EX5, as\u00ed es el SUV el\u00e9ctrico que llega con 430 km de autonom\u00eda\"}]},{\"@type\":\"WebSite\",\"@id\":\"https:\\\/\\\/autofans.com.ar\\\/#website\",\"url\":\"https:\\\/\\\/autofans.com.ar\\\/\",\"name\":\"\",\"description\":\"El multimedio referente de la industria automotriz\",\"potentialAction\":[{\"@type\":\"SearchAction\",\"target\":{\"@type\":\"EntryPoint\",\"urlTemplate\":\"https:\\\/\\\/autofans.com.ar\\\/?s={search_term_string}\"},\"query-input\":{\"@type\":\"PropertyValueSpecification\",\"valueRequired\":true,\"valueName\":\"search_term_string\"}}],\"inLanguage\":\"es\"},{\"@type\":\"Person\",\"@id\":\"https:\\\/\\\/autofans.com.ar\\\/#\\\/schema\\\/person\\\/4a8dda0b6df83ac3d6723e921274c2aa\",\"name\":\"Alejandro Gabriel Rosito\",\"image\":{\"@type\":\"ImageObject\",\"inLanguage\":\"es\",\"@id\":\"https:\\\/\\\/secure.gravatar.com\\\/avatar\\\/16c5dda1489adfc62618084dcbb91cffd879c374b13fe5dd8e44ed6733852c88?s=96&d=mm&r=g\",\"url\":\"https:\\\/\\\/secure.gravatar.com\\\/avatar\\\/16c5dda1489adfc62618084dcbb91cffd879c374b13fe5dd8e44ed6733852c88?s=96&d=mm&r=g\",\"contentUrl\":\"https:\\\/\\\/secure.gravatar.com\\\/avatar\\\/16c5dda1489adfc62618084dcbb91cffd879c374b13fe5dd8e44ed6733852c88?s=96&d=mm&r=g\",\"caption\":\"Alejandro Gabriel Rosito\"},\"url\":\"https:\\\/\\\/autofans.com.ar\\\/index.php\\\/author\\\/gabrielr\\\/\"}]}<\/script>\n<!-- \/ Yoast SEO plugin. -->","yoast_head_json":{"title":"Geely EX5, as\u00ed es el SUV el\u00e9ctrico que llega con 430 km de autonom\u00eda -","description":"La movida el\u00e9ctrica suma un jugador clave. Geely presenta el EX5, un SUV 100% el\u00e9ctrico que estar\u00e1 disponible a partir del 1 de noviembre...","robots":{"index":"index","follow":"follow","max-snippet":"max-snippet:-1","max-image-preview":"max-image-preview:large","max-video-preview":"max-video-preview:-1"},"canonical":"https:\/\/autofans.com.ar\/index.php\/2025\/10\/20\/geely-ex5-asi-es-el-suv-electrico-que-llega-con-430-km-de-autonomia\/","og_locale":"es_ES","og_type":"article","og_title":"Geely EX5, as\u00ed es el SUV el\u00e9ctrico que llega con 430 km de autonom\u00eda -","og_description":"La movida el\u00e9ctrica suma un jugador clave. Geely presenta el EX5, un SUV 100% el\u00e9ctrico que estar\u00e1 disponible a partir del 1 de noviembre...","og_url":"https:\/\/autofans.com.ar\/index.php\/2025\/10\/20\/geely-ex5-asi-es-el-suv-electrico-que-llega-con-430-km-de-autonomia\/","article_published_time":"2025-10-20T20:17:09+00:00","article_modified_time":"2025-10-20T20:19:45+00:00","og_image":[{"width":1000,"height":667,"url":"https:\/\/autofans.com.ar\/wp-content\/uploads\/2025\/10\/geely-3.jpg","type":"image\/jpeg"}],"author":"Alejandro Gabriel Rosito","twitter_card":"summary_large_image","twitter_misc":{"Escrito por":"Alejandro Gabriel Rosito","Tiempo de lectura":"3 minutos"},"schema":{"@context":"https:\/\/schema.org","@graph":[{"@type":"Article","@id":"https:\/\/autofans.com.ar\/index.php\/2025\/10\/20\/geely-ex5-asi-es-el-suv-electrico-que-llega-con-430-km-de-autonomia\/#article","isPartOf":{"@id":"https:\/\/autofans.com.ar\/index.php\/2025\/10\/20\/geely-ex5-asi-es-el-suv-electrico-que-llega-con-430-km-de-autonomia\/"},"author":{"name":"Alejandro Gabriel Rosito","@id":"https:\/\/autofans.com.ar\/#\/schema\/person\/4a8dda0b6df83ac3d6723e921274c2aa"},"headline":"Geely EX5, as\u00ed es el SUV el\u00e9ctrico que llega con 430 km de autonom\u00eda","datePublished":"2025-10-20T20:17:09+00:00","dateModified":"2025-10-20T20:19:45+00:00","mainEntityOfPage":{"@id":"https:\/\/autofans.com.ar\/index.php\/2025\/10\/20\/geely-ex5-asi-es-el-suv-electrico-que-llega-con-430-km-de-autonomia\/"},"wordCount":416,"image":{"@id":"https:\/\/autofans.com.ar\/index.php\/2025\/10\/20\/geely-ex5-asi-es-el-suv-electrico-que-llega-con-430-km-de-autonomia\/#primaryimage"},"thumbnailUrl":"https:\/\/autofans.com.ar\/wp-content\/uploads\/2025\/10\/geely-3.jpg","keywords":["auto el\u00e9ctrico precio","autonom\u00eda 430 km","Carga r\u00e1pida","coche el\u00e9ctrico","ficha t\u00e9cnica Geely EX5","Geely concesionarios","Geely EX5 Argentina","movilidad sustentable Argentina","SUV el\u00e9ctrico Geely"],"articleSection":["HIBRIDOS, ELECTRICOS y otros","LANZAMIENTOS"],"inLanguage":"es"},{"@type":"WebPage","@id":"https:\/\/autofans.com.ar\/index.php\/2025\/10\/20\/geely-ex5-asi-es-el-suv-electrico-que-llega-con-430-km-de-autonomia\/","url":"https:\/\/autofans.com.ar\/index.php\/2025\/10\/20\/geely-ex5-asi-es-el-suv-electrico-que-llega-con-430-km-de-autonomia\/","name":"Geely EX5, as\u00ed es el SUV el\u00e9ctrico que llega con 430 km de autonom\u00eda -","isPartOf":{"@id":"https:\/\/autofans.com.ar\/#website"},"primaryImageOfPage":{"@id":"https:\/\/autofans.com.ar\/index.php\/2025\/10\/20\/geely-ex5-asi-es-el-suv-electrico-que-llega-con-430-km-de-autonomia\/#primaryimage"},"image":{"@id":"https:\/\/autofans.com.ar\/index.php\/2025\/10\/20\/geely-ex5-asi-es-el-suv-electrico-que-llega-con-430-km-de-autonomia\/#primaryimage"},"thumbnailUrl":"https:\/\/autofans.com.ar\/wp-content\/uploads\/2025\/10\/geely-3.jpg","datePublished":"2025-10-20T20:17:09+00:00","dateModified":"2025-10-20T20:19:45+00:00","author":{"@id":"https:\/\/autofans.com.ar\/#\/schema\/person\/4a8dda0b6df83ac3d6723e921274c2aa"},"description":"La movida el\u00e9ctrica suma un jugador clave. Geely presenta el EX5, un SUV 100% el\u00e9ctrico que estar\u00e1 disponible a partir del 1 de noviembre...","breadcrumb":{"@id":"https:\/\/autofans.com.ar\/index.php\/2025\/10\/20\/geely-ex5-asi-es-el-suv-electrico-que-llega-con-430-km-de-autonomia\/#breadcrumb"},"inLanguage":"es","potentialAction":[{"@type":"ReadAction","target":["https:\/\/autofans.com.ar\/index.php\/2025\/10\/20\/geely-ex5-asi-es-el-suv-electrico-que-llega-con-430-km-de-autonomia\/"]}]},{"@type":"ImageObject","inLanguage":"es","@id":"https:\/\/autofans.com.ar\/index.php\/2025\/10\/20\/geely-ex5-asi-es-el-suv-electrico-que-llega-con-430-km-de-autonomia\/#primaryimage","url":"https:\/\/autofans.com.ar\/wp-content\/uploads\/2025\/10\/geely-3.jpg","contentUrl":"https:\/\/autofans.com.ar\/wp-content\/uploads\/2025\/10\/geely-3.jpg","width":1000,"height":667,"caption":"Geely EX5"},{"@type":"BreadcrumbList","@id":"https:\/\/autofans.com.ar\/index.php\/2025\/10\/20\/geely-ex5-asi-es-el-suv-electrico-que-llega-con-430-km-de-autonomia\/#breadcrumb","itemListElement":[{"@type":"ListItem","position":1,"name":"Inicio","item":"https:\/\/autofans.com.ar\/"},{"@type":"ListItem","position":2,"name":"Geely EX5, as\u00ed es el SUV el\u00e9ctrico que llega con 430 km de autonom\u00eda"}]},{"@type":"WebSite","@id":"https:\/\/autofans.com.ar\/#website","url":"https:\/\/autofans.com.ar\/","name":"","description":"El multimedio referente de la industria automotriz","potentialAction":[{"@type":"SearchAction","target":{"@type":"EntryPoint","urlTemplate":"https:\/\/autofans.com.ar\/?s={search_term_string}"},"query-input":{"@type":"PropertyValueSpecification","valueRequired":true,"valueName":"search_term_string"}}],"inLanguage":"es"},{"@type":"Person","@id":"https:\/\/autofans.com.ar\/#\/schema\/person\/4a8dda0b6df83ac3d6723e921274c2aa","name":"Alejandro Gabriel Rosito","image":{"@type":"ImageObject","inLanguage":"es","@id":"https:\/\/secure.gravatar.com\/avatar\/16c5dda1489adfc62618084dcbb91cffd879c374b13fe5dd8e44ed6733852c88?s=96&d=mm&r=g","url":"https:\/\/secure.gravatar.com\/avatar\/16c5dda1489adfc62618084dcbb91cffd879c374b13fe5dd8e44ed6733852c88?s=96&d=mm&r=g","contentUrl":"https:\/\/secure.gravatar.com\/avatar\/16c5dda1489adfc62618084dcbb91cffd879c374b13fe5dd8e44ed6733852c88?s=96&d=mm&r=g","caption":"Alejandro Gabriel Rosito"},"url":"https:\/\/autofans.com.ar\/index.php\/author\/gabrielr\/"}]}},"featured_image_urls":{"full":["https:\/\/autofans.com.ar\/wp-content\/uploads\/2025\/10\/geely-3.jpg",1000,667,false],"thumbnail":["https:\/\/autofans.com.ar\/wp-content\/uploads\/2025\/10\/geely-3-150x150.jpg",150,150,true],"medium":["https:\/\/autofans.com.ar\/wp-content\/uploads\/2025\/10\/geely-3-300x200.jpg",300,200,true],"medium_large":["https:\/\/autofans.com.ar\/wp-content\/uploads\/2025\/10\/geely-3-768x512.jpg",640,427,true],"large":["https:\/\/autofans.com.ar\/wp-content\/uploads\/2025\/10\/geely-3.jpg",640,427,false],"1536x1536":["https:\/\/autofans.com.ar\/wp-content\/uploads\/2025\/10\/geely-3.jpg",1000,667,false],"2048x2048":["https:\/\/autofans.com.ar\/wp-content\/uploads\/2025\/10\/geely-3.jpg",1000,667,false],"covernews-featured":["https:\/\/autofans.com.ar\/wp-content\/uploads\/2025\/10\/geely-3.jpg",1000,667,false],"covernews-medium":["https:\/\/autofans.com.ar\/wp-content\/uploads\/2025\/10\/geely-3-540x340.jpg",540,340,true]},"author_info":{"display_name":"Alejandro Gabriel Rosito","author_link":"https:\/\/autofans.com.ar\/index.php\/author\/gabrielr\/"},"category_info":"<a href=\"https:\/\/autofans.com.ar\/index.php\/category\/noticias\/hibridos-y-electricos\/\" rel=\"category tag\">HIBRIDOS, ELECTRICOS y otros<\/a> <a href=\"https:\/\/autofans.com.ar\/index.php\/category\/lanzamientos\/\" rel=\"category tag\">LANZAMIENTOS<\/a>","tag_info":"LANZAMIENTOS","comment_count":0,"_links":{"self":[{"href":"https:\/\/autofans.com.ar\/index.php\/wp-json\/wp\/v2\/posts\/14530","targetHints":{"allow":["GET"]}}],"collection":[{"href":"https:\/\/autofans.com.ar\/index.php\/wp-json\/wp\/v2\/posts"}],"about":[{"href":"https:\/\/autofans.com.ar\/index.php\/wp-json\/wp\/v2\/types\/post"}],"author":[{"embeddable":true,"href":"https:\/\/autofans.com.ar\/index.php\/wp-json\/wp\/v2\/users\/2"}],"replies":[{"embeddable":true,"href":"https:\/\/autofans.com.ar\/index.php\/wp-json\/wp\/v2\/comments?post=14530"}],"version-history":[{"count":4,"href":"https:\/\/autofans.com.ar\/index.php\/wp-json\/wp\/v2\/posts\/14530\/revisions"}],"predecessor-version":[{"id":14541,"href":"https:\/\/autofans.com.ar\/index.php\/wp-json\/wp\/v2\/posts\/14530\/revisions\/14541"}],"wp:featuredmedia":[{"embeddable":true,"href":"https:\/\/autofans.com.ar\/index.php\/wp-json\/wp\/v2\/media\/14535"}],"wp:attachment":[{"href":"https:\/\/autofans.com.ar\/index.php\/wp-json\/wp\/v2\/media?parent=14530"}],"wp:term":[{"taxonomy":"category","embeddable":true,"href":"https:\/\/autofans.com.ar\/index.php\/wp-json\/wp\/v2\/categories?post=14530"},{"taxonomy":"post_tag","embeddable":true,"href":"https:\/\/autofans.com.ar\/index.php\/wp-json\/wp\/v2\/tags?post=14530"}],"curies":[{"name":"wp","href":"https:\/\/api.w.org\/{rel}","templated":true}]}}