{"id":14544,"date":"2025-10-21T16:26:01","date_gmt":"2025-10-21T19:26:01","guid":{"rendered":"https:\/\/autofans.com.ar\/?p=14544"},"modified":"2025-10-21T16:26:35","modified_gmt":"2025-10-21T19:26:35","slug":"nuevo-volkswagen-taos-2026","status":"publish","type":"post","link":"https:\/\/autofans.com.ar\/index.php\/2025\/10\/21\/nuevo-volkswagen-taos-2026\/","title":{"rendered":"Nuevo Volkswagen Taos 2026"},"content":{"rendered":"<p class=\"ds-markdown-paragraph\">El Volkswagen Taos 2026 se presenta oficialmente en la regi\u00f3n. Este modelo, que reemplaza al que se produc\u00eda en la planta de Pacheco, ahora llega importado desde M\u00e9xico. La marca alemana prepara su desembarco en el mercado local, donde se posicionar\u00e1 por debajo de la Tiguan y competir\u00e1 con rivales como el Jeep Compass y el Toyota Corolla Cross.<\/p>\n<p>&nbsp;<\/p>\n<h2>Volkswagen Taos &#8211; un dise\u00f1o exterior m\u00e1s moderno<\/h2>\n<p>&nbsp;<\/p>\n<div id='gallery-1' class='gallery galleryid-14544 gallery-columns-2 gallery-size-full'><figure class='gallery-item'>\n\t\t\t<div class='gallery-icon landscape'>\n\t\t\t\t<a href='https:\/\/autofans.com.ar\/index.php\/2025\/10\/21\/nuevo-volkswagen-taos-2026\/taos-2-2\/'><img loading=\"lazy\" width=\"1000\" height=\"667\" src=\"https:\/\/autofans.com.ar\/wp-content\/uploads\/2025\/10\/taos-2.jpg\" class=\"attachment-full size-full\" alt=\"Volkswagen Taos\" srcset=\"https:\/\/autofans.com.ar\/wp-content\/uploads\/2025\/10\/taos-2.jpg 1000w, https:\/\/autofans.com.ar\/wp-content\/uploads\/2025\/10\/taos-2-300x200.jpg 300w, https:\/\/autofans.com.ar\/wp-content\/uploads\/2025\/10\/taos-2-768x512.jpg 768w\" sizes=\"auto, (max-width: 1000px) 100vw, 1000px\" loading=\"lazy\" decoding=\"async\" \/><\/a>\n\t\t\t<\/div><\/figure><figure class='gallery-item'>\n\t\t\t<div class='gallery-icon landscape'>\n\t\t\t\t<a href='https:\/\/autofans.com.ar\/index.php\/2025\/10\/21\/nuevo-volkswagen-taos-2026\/taos-4\/'><img loading=\"lazy\" width=\"1000\" height=\"667\" src=\"https:\/\/autofans.com.ar\/wp-content\/uploads\/2025\/10\/taos-4.jpg\" class=\"attachment-full size-full\" alt=\"Volkswagen Taos\" srcset=\"https:\/\/autofans.com.ar\/wp-content\/uploads\/2025\/10\/taos-4.jpg 1000w, https:\/\/autofans.com.ar\/wp-content\/uploads\/2025\/10\/taos-4-300x200.jpg 300w, https:\/\/autofans.com.ar\/wp-content\/uploads\/2025\/10\/taos-4-768x512.jpg 768w\" sizes=\"auto, (max-width: 1000px) 100vw, 1000px\" loading=\"lazy\" decoding=\"async\" \/><\/a>\n\t\t\t<\/div><\/figure>\n\t\t<\/div>\n\n<p>&nbsp;<\/p>\n<p class=\"ds-markdown-paragraph\">La parte frontal del SUV muestra una evoluci\u00f3n clara. Incorpora \u00f3pticas con una nueva firma lum\u00ednica LED en forma de tira, una parrilla redise\u00f1ada y un paragolpes actualizado.<\/p>\n<p class=\"ds-markdown-paragraph\">En la zaga, las luces ahora est\u00e1n unidas por una barra LED y presenta el logo de la marca iluminado. Los laterales mantienen sus l\u00edneas, pero estrenan llantas de aleaci\u00f3n de 18 o 19 pulgadas.<\/p>\n<p>&nbsp;<\/p>\n<hr \/>\n<div style=\"display: flex; justify-content: center; width: 100%;\">\n<div style=\"display: flex; align-items: center; justify-content: space-between; background: #f0f2f5; padding: 3px 92px; border-radius: 0px; box-shadow: 0 4px 10px rgba(0, 0, 0, 0.08); margin: 24px 0; max-width: 700px;\">\n<div style=\"flex: 1;\"><a style=\"font-size: 18px; color: #921414; font-weight: bold; text-decoration: underline;\" href=\"https:\/\/autofans.com.ar\/wp-content\/uploads\/2025\/10\/volkswagen-nuevo-taos-2026-ficha-tecnica.pdf\" target=\"_blank\" rel=\"noopener\"><br \/>\n\u2192 Ficha T\u00e9cnica Volkswagen Taos<br \/>\n<\/a><a style=\"font-size: 18px; color: #007bff; font-weight: 1200; text-decoration: underline;\" href=\"https:\/\/autofans.com.ar\/wp-content\/uploads\/2025\/05\/ftmy26argo-681166d8eb8a6.pdf\" target=\"_blank\" rel=\"noopener\"><br \/>\n<\/a><\/div>\n<div style=\"margin-left: 46px;\"><img fetchpriority=\"high\" decoding=\"async\" class=\"alignright\" style=\"height: 20px; width: auto;\" src=\"https:\/\/autofans.com.ar\/wp-content\/uploads\/2023\/02\/Autofans_600x102_150px5.png\" alt=\"Logo Autofans\" width=\"1200\" height=\"137\" \/><\/div>\n<\/div>\n<\/div>\n<hr \/>\n<p>&nbsp;<\/p>\n<h2>Interior &#8211; salto tecnol\u00f3gico y de calidad<\/h2>\n<p>&nbsp;<\/p>\n<div id='gallery-2' class='gallery galleryid-14544 gallery-columns-2 gallery-size-full'><figure class='gallery-item'>\n\t\t\t<div class='gallery-icon landscape'>\n\t\t\t\t<a href='https:\/\/autofans.com.ar\/index.php\/2025\/10\/21\/nuevo-volkswagen-taos-2026\/taos-3-2\/'><img loading=\"lazy\" width=\"1000\" height=\"667\" src=\"https:\/\/autofans.com.ar\/wp-content\/uploads\/2025\/10\/taos-3.jpg\" class=\"attachment-full size-full\" alt=\"Volkswagen Taos\" srcset=\"https:\/\/autofans.com.ar\/wp-content\/uploads\/2025\/10\/taos-3.jpg 1000w, https:\/\/autofans.com.ar\/wp-content\/uploads\/2025\/10\/taos-3-300x200.jpg 300w, https:\/\/autofans.com.ar\/wp-content\/uploads\/2025\/10\/taos-3-768x512.jpg 768w\" sizes=\"auto, (max-width: 1000px) 100vw, 1000px\" loading=\"lazy\" decoding=\"async\" \/><\/a>\n\t\t\t<\/div><\/figure><figure class='gallery-item'>\n\t\t\t<div class='gallery-icon landscape'>\n\t\t\t\t<a href='https:\/\/autofans.com.ar\/index.php\/2025\/10\/21\/nuevo-volkswagen-taos-2026\/taos-1-2\/'><img loading=\"lazy\" width=\"1000\" height=\"667\" src=\"https:\/\/autofans.com.ar\/wp-content\/uploads\/2025\/10\/taos-1.jpg\" class=\"attachment-full size-full\" alt=\"Volkswagen Taos\" srcset=\"https:\/\/autofans.com.ar\/wp-content\/uploads\/2025\/10\/taos-1.jpg 1000w, https:\/\/autofans.com.ar\/wp-content\/uploads\/2025\/10\/taos-1-300x200.jpg 300w, https:\/\/autofans.com.ar\/wp-content\/uploads\/2025\/10\/taos-1-768x512.jpg 768w\" sizes=\"auto, (max-width: 1000px) 100vw, 1000px\" loading=\"lazy\" decoding=\"async\" \/><\/a>\n\t\t\t<\/div><\/figure>\n\t\t<\/div>\n\n<p>&nbsp;<\/p>\n<p class=\"ds-markdown-paragraph\">Adentro, el cambio es notable. La evoluci\u00f3n en dise\u00f1o y materiales incluye un sistema multimedia VW Play Connect con pantalla flotante de 10,1 pulgadas y un tablero digital de 10,25 pulgadas.<\/p>\n<p class=\"ds-markdown-paragraph\">Se suma iluminaci\u00f3n ambiental con diez colores, climatizador bizona, cargador inal\u00e1mbrico y la vuelta de los botones f\u00edsicos en el volante, un acierto para la usabilidad.<\/p>\n<p>&nbsp;<\/p>\n<h2>Equipamiento de seguridad y novedades mec\u00e1nicas<\/h2>\n<p>&nbsp;<\/p>\n<p><img decoding=\"async\" class=\"aligncenter wp-image-14545 size-full\" src=\"https:\/\/autofans.com.ar\/wp-content\/uploads\/2025\/10\/taos-6.jpg\" alt=\"Volkswagen Taos\" width=\"1000\" height=\"667\" srcset=\"https:\/\/autofans.com.ar\/wp-content\/uploads\/2025\/10\/taos-6.jpg 1000w, https:\/\/autofans.com.ar\/wp-content\/uploads\/2025\/10\/taos-6-300x200.jpg 300w, https:\/\/autofans.com.ar\/wp-content\/uploads\/2025\/10\/taos-6-768x512.jpg 768w\" sizes=\"(max-width: 1000px) 100vw, 1000px\" \/><\/p>\n<p>&nbsp;<\/p>\n<p class=\"ds-markdown-paragraph\">Las versiones Comfortline y Highline incluyen un paquete completo de asistentes. Cuenta con Travel Assist, frenado aut\u00f3nomo de emergencia, control de velocidad crucero adaptativo, asistente de carril y monitor de punto ciego.<\/p>\n<p class=\"ds-markdown-paragraph\">Bajo el cap\u00f3, conserva el motor 1.4 TSI de 150 CV y 250 Nm de torque. La gran novedad es la nueva caja autom\u00e1tica de ocho velocidades, que suplanta a la anterior de seis marchas. La tracci\u00f3n sigue siendo delantera<\/p>\n<p>&nbsp;<\/p>\n<p>&nbsp;<\/p>\n<p>&nbsp;<\/p>\n<p><i>Para enterarte de m\u00e1s novedades, no dejes de leer\u00a0<\/i><a href=\"https:\/\/autofans.thebrandsoup.com\/\"><i>nuestras notas<\/i><\/a><i>, de ver\u00a0<\/i><a href=\"https:\/\/www.youtube.com\/channel\/UCgAC8UGHZYbT6P7PpmVnP7g\"><i>AUTOFANS TV<\/i><\/a><i>\u00a0en nuestro\u00a0canal de Youtube. Adem\u00e1s seguinos en\u00a0<\/i><a href=\"https:\/\/www.instagram.com\/autofanstv\/\"><i>INSTAGRAM<\/i><\/a><i> y <\/i><a href=\"https:\/\/www.facebook.com\/autofansmas\/\"><i>FACEBOOK<\/i><\/a><i> para no perderte nada sobre las novedades del segmento automotor de Argentina y el mundo.<\/i><\/p>\n","protected":false},"excerpt":{"rendered":"<p>El Volkswagen Taos 2026 se presenta oficialmente en la regi\u00f3n. Este modelo, que reemplaza al&#8230;<\/p>\n","protected":false},"author":2,"featured_media":14546,"comment_status":"closed","ping_status":"closed","sticky":false,"template":"","format":"standard","meta":{"footnotes":""},"categories":[3,1],"tags":[7626,7625,7624,6999,4370,7622,7623,3143,75,7621],"class_list":["post-14544","post","type-post","status-publish","format-standard","has-post-thumbnail","hentry","category-autos","category-lanzamientos","tag-ficha-tecnica-taos","tag-jeep-compass-rival","tag-nuevo-taos","tag-suv-segmento-c","tag-suv-volkswagen","tag-taos-2026-argentina","tag-taos-mexicano","tag-toyota-corolla-cross","tag-volkswagen-argentina","tag-volkswagen-taos-2026"],"yoast_head":"<!-- This site is optimized with the Yoast SEO plugin v27.5 - https:\/\/yoast.com\/product\/yoast-seo-wordpress\/ -->\n<title>Nuevo Volkswagen Taos 2026 -<\/title>\n<meta name=\"description\" content=\"El Volkswagen Taos 2026 se presenta oficialmente en la regi\u00f3n. Este modelo, que reemplaza al que se produc\u00eda en la planta de Pacheco...\" \/>\n<meta name=\"robots\" content=\"index, follow, max-snippet:-1, max-image-preview:large, max-video-preview:-1\" \/>\n<link rel=\"canonical\" href=\"https:\/\/autofans.com.ar\/index.php\/2025\/10\/21\/nuevo-volkswagen-taos-2026\/\" \/>\n<meta property=\"og:locale\" content=\"es_ES\" \/>\n<meta property=\"og:type\" content=\"article\" \/>\n<meta property=\"og:title\" content=\"Nuevo Volkswagen Taos 2026 -\" \/>\n<meta property=\"og:description\" content=\"El Volkswagen Taos 2026 se presenta oficialmente en la regi\u00f3n. Este modelo, que reemplaza al que se produc\u00eda en la planta de Pacheco...\" \/>\n<meta property=\"og:url\" content=\"https:\/\/autofans.com.ar\/index.php\/2025\/10\/21\/nuevo-volkswagen-taos-2026\/\" \/>\n<meta property=\"article:published_time\" content=\"2025-10-21T19:26:01+00:00\" \/>\n<meta property=\"article:modified_time\" content=\"2025-10-21T19:26:35+00:00\" \/>\n<meta property=\"og:image\" content=\"https:\/\/autofans.com.ar\/wp-content\/uploads\/2025\/10\/taos-5.jpg\" \/>\n\t<meta property=\"og:image:width\" content=\"1000\" \/>\n\t<meta property=\"og:image:height\" content=\"667\" \/>\n\t<meta property=\"og:image:type\" content=\"image\/jpeg\" \/>\n<meta name=\"author\" content=\"Alejandro Gabriel Rosito\" \/>\n<meta name=\"twitter:card\" content=\"summary_large_image\" \/>\n<meta name=\"twitter:label1\" content=\"Escrito por\" \/>\n\t<meta name=\"twitter:data1\" content=\"Alejandro Gabriel Rosito\" \/>\n\t<meta name=\"twitter:label2\" content=\"Tiempo de lectura\" \/>\n\t<meta name=\"twitter:data2\" content=\"3 minutos\" \/>\n<script type=\"application\/ld+json\" class=\"yoast-schema-graph\">{\"@context\":\"https:\\\/\\\/schema.org\",\"@graph\":[{\"@type\":\"Article\",\"@id\":\"https:\\\/\\\/autofans.com.ar\\\/index.php\\\/2025\\\/10\\\/21\\\/nuevo-volkswagen-taos-2026\\\/#article\",\"isPartOf\":{\"@id\":\"https:\\\/\\\/autofans.com.ar\\\/index.php\\\/2025\\\/10\\\/21\\\/nuevo-volkswagen-taos-2026\\\/\"},\"author\":{\"name\":\"Alejandro Gabriel Rosito\",\"@id\":\"https:\\\/\\\/autofans.com.ar\\\/#\\\/schema\\\/person\\\/4a8dda0b6df83ac3d6723e921274c2aa\"},\"headline\":\"Nuevo Volkswagen Taos 2026\",\"datePublished\":\"2025-10-21T19:26:01+00:00\",\"dateModified\":\"2025-10-21T19:26:35+00:00\",\"mainEntityOfPage\":{\"@id\":\"https:\\\/\\\/autofans.com.ar\\\/index.php\\\/2025\\\/10\\\/21\\\/nuevo-volkswagen-taos-2026\\\/\"},\"wordCount\":359,\"image\":{\"@id\":\"https:\\\/\\\/autofans.com.ar\\\/index.php\\\/2025\\\/10\\\/21\\\/nuevo-volkswagen-taos-2026\\\/#primaryimage\"},\"thumbnailUrl\":\"https:\\\/\\\/autofans.com.ar\\\/wp-content\\\/uploads\\\/2025\\\/10\\\/taos-5.jpg\",\"keywords\":[\"ficha tecnica taos\",\"jeep compass rival\",\"nuevo taos\",\"SUV segmento C\",\"SUV Volkswagen\",\"taos 2026 argentina\",\"taos mexicano\",\"Toyota Corolla Cross\",\"Volkswagen Argentina\",\"volkswagen taos 2026\"],\"articleSection\":[\"AUTOS y SUV\",\"LANZAMIENTOS\"],\"inLanguage\":\"es\"},{\"@type\":\"WebPage\",\"@id\":\"https:\\\/\\\/autofans.com.ar\\\/index.php\\\/2025\\\/10\\\/21\\\/nuevo-volkswagen-taos-2026\\\/\",\"url\":\"https:\\\/\\\/autofans.com.ar\\\/index.php\\\/2025\\\/10\\\/21\\\/nuevo-volkswagen-taos-2026\\\/\",\"name\":\"Nuevo Volkswagen Taos 2026 -\",\"isPartOf\":{\"@id\":\"https:\\\/\\\/autofans.com.ar\\\/#website\"},\"primaryImageOfPage\":{\"@id\":\"https:\\\/\\\/autofans.com.ar\\\/index.php\\\/2025\\\/10\\\/21\\\/nuevo-volkswagen-taos-2026\\\/#primaryimage\"},\"image\":{\"@id\":\"https:\\\/\\\/autofans.com.ar\\\/index.php\\\/2025\\\/10\\\/21\\\/nuevo-volkswagen-taos-2026\\\/#primaryimage\"},\"thumbnailUrl\":\"https:\\\/\\\/autofans.com.ar\\\/wp-content\\\/uploads\\\/2025\\\/10\\\/taos-5.jpg\",\"datePublished\":\"2025-10-21T19:26:01+00:00\",\"dateModified\":\"2025-10-21T19:26:35+00:00\",\"author\":{\"@id\":\"https:\\\/\\\/autofans.com.ar\\\/#\\\/schema\\\/person\\\/4a8dda0b6df83ac3d6723e921274c2aa\"},\"description\":\"El Volkswagen Taos 2026 se presenta oficialmente en la regi\u00f3n. Este modelo, que reemplaza al que se produc\u00eda en la planta de Pacheco...\",\"breadcrumb\":{\"@id\":\"https:\\\/\\\/autofans.com.ar\\\/index.php\\\/2025\\\/10\\\/21\\\/nuevo-volkswagen-taos-2026\\\/#breadcrumb\"},\"inLanguage\":\"es\",\"potentialAction\":[{\"@type\":\"ReadAction\",\"target\":[\"https:\\\/\\\/autofans.com.ar\\\/index.php\\\/2025\\\/10\\\/21\\\/nuevo-volkswagen-taos-2026\\\/\"]}]},{\"@type\":\"ImageObject\",\"inLanguage\":\"es\",\"@id\":\"https:\\\/\\\/autofans.com.ar\\\/index.php\\\/2025\\\/10\\\/21\\\/nuevo-volkswagen-taos-2026\\\/#primaryimage\",\"url\":\"https:\\\/\\\/autofans.com.ar\\\/wp-content\\\/uploads\\\/2025\\\/10\\\/taos-5.jpg\",\"contentUrl\":\"https:\\\/\\\/autofans.com.ar\\\/wp-content\\\/uploads\\\/2025\\\/10\\\/taos-5.jpg\",\"width\":1000,\"height\":667,\"caption\":\"Volkswagen Taos\"},{\"@type\":\"BreadcrumbList\",\"@id\":\"https:\\\/\\\/autofans.com.ar\\\/index.php\\\/2025\\\/10\\\/21\\\/nuevo-volkswagen-taos-2026\\\/#breadcrumb\",\"itemListElement\":[{\"@type\":\"ListItem\",\"position\":1,\"name\":\"Inicio\",\"item\":\"https:\\\/\\\/autofans.com.ar\\\/\"},{\"@type\":\"ListItem\",\"position\":2,\"name\":\"Nuevo Volkswagen Taos 2026\"}]},{\"@type\":\"WebSite\",\"@id\":\"https:\\\/\\\/autofans.com.ar\\\/#website\",\"url\":\"https:\\\/\\\/autofans.com.ar\\\/\",\"name\":\"\",\"description\":\"El multimedio referente de la industria automotriz\",\"potentialAction\":[{\"@type\":\"SearchAction\",\"target\":{\"@type\":\"EntryPoint\",\"urlTemplate\":\"https:\\\/\\\/autofans.com.ar\\\/?s={search_term_string}\"},\"query-input\":{\"@type\":\"PropertyValueSpecification\",\"valueRequired\":true,\"valueName\":\"search_term_string\"}}],\"inLanguage\":\"es\"},{\"@type\":\"Person\",\"@id\":\"https:\\\/\\\/autofans.com.ar\\\/#\\\/schema\\\/person\\\/4a8dda0b6df83ac3d6723e921274c2aa\",\"name\":\"Alejandro Gabriel Rosito\",\"image\":{\"@type\":\"ImageObject\",\"inLanguage\":\"es\",\"@id\":\"https:\\\/\\\/secure.gravatar.com\\\/avatar\\\/16c5dda1489adfc62618084dcbb91cffd879c374b13fe5dd8e44ed6733852c88?s=96&d=mm&r=g\",\"url\":\"https:\\\/\\\/secure.gravatar.com\\\/avatar\\\/16c5dda1489adfc62618084dcbb91cffd879c374b13fe5dd8e44ed6733852c88?s=96&d=mm&r=g\",\"contentUrl\":\"https:\\\/\\\/secure.gravatar.com\\\/avatar\\\/16c5dda1489adfc62618084dcbb91cffd879c374b13fe5dd8e44ed6733852c88?s=96&d=mm&r=g\",\"caption\":\"Alejandro Gabriel Rosito\"},\"url\":\"https:\\\/\\\/autofans.com.ar\\\/index.php\\\/author\\\/gabrielr\\\/\"}]}<\/script>\n<!-- \/ Yoast SEO plugin. -->","yoast_head_json":{"title":"Nuevo Volkswagen Taos 2026 -","description":"El Volkswagen Taos 2026 se presenta oficialmente en la regi\u00f3n. Este modelo, que reemplaza al que se produc\u00eda en la planta de Pacheco...","robots":{"index":"index","follow":"follow","max-snippet":"max-snippet:-1","max-image-preview":"max-image-preview:large","max-video-preview":"max-video-preview:-1"},"canonical":"https:\/\/autofans.com.ar\/index.php\/2025\/10\/21\/nuevo-volkswagen-taos-2026\/","og_locale":"es_ES","og_type":"article","og_title":"Nuevo Volkswagen Taos 2026 -","og_description":"El Volkswagen Taos 2026 se presenta oficialmente en la regi\u00f3n. Este modelo, que reemplaza al que se produc\u00eda en la planta de Pacheco...","og_url":"https:\/\/autofans.com.ar\/index.php\/2025\/10\/21\/nuevo-volkswagen-taos-2026\/","article_published_time":"2025-10-21T19:26:01+00:00","article_modified_time":"2025-10-21T19:26:35+00:00","og_image":[{"width":1000,"height":667,"url":"https:\/\/autofans.com.ar\/wp-content\/uploads\/2025\/10\/taos-5.jpg","type":"image\/jpeg"}],"author":"Alejandro Gabriel Rosito","twitter_card":"summary_large_image","twitter_misc":{"Escrito por":"Alejandro Gabriel Rosito","Tiempo de lectura":"3 minutos"},"schema":{"@context":"https:\/\/schema.org","@graph":[{"@type":"Article","@id":"https:\/\/autofans.com.ar\/index.php\/2025\/10\/21\/nuevo-volkswagen-taos-2026\/#article","isPartOf":{"@id":"https:\/\/autofans.com.ar\/index.php\/2025\/10\/21\/nuevo-volkswagen-taos-2026\/"},"author":{"name":"Alejandro Gabriel Rosito","@id":"https:\/\/autofans.com.ar\/#\/schema\/person\/4a8dda0b6df83ac3d6723e921274c2aa"},"headline":"Nuevo Volkswagen Taos 2026","datePublished":"2025-10-21T19:26:01+00:00","dateModified":"2025-10-21T19:26:35+00:00","mainEntityOfPage":{"@id":"https:\/\/autofans.com.ar\/index.php\/2025\/10\/21\/nuevo-volkswagen-taos-2026\/"},"wordCount":359,"image":{"@id":"https:\/\/autofans.com.ar\/index.php\/2025\/10\/21\/nuevo-volkswagen-taos-2026\/#primaryimage"},"thumbnailUrl":"https:\/\/autofans.com.ar\/wp-content\/uploads\/2025\/10\/taos-5.jpg","keywords":["ficha tecnica taos","jeep compass rival","nuevo taos","SUV segmento C","SUV Volkswagen","taos 2026 argentina","taos mexicano","Toyota Corolla Cross","Volkswagen Argentina","volkswagen taos 2026"],"articleSection":["AUTOS y SUV","LANZAMIENTOS"],"inLanguage":"es"},{"@type":"WebPage","@id":"https:\/\/autofans.com.ar\/index.php\/2025\/10\/21\/nuevo-volkswagen-taos-2026\/","url":"https:\/\/autofans.com.ar\/index.php\/2025\/10\/21\/nuevo-volkswagen-taos-2026\/","name":"Nuevo Volkswagen Taos 2026 -","isPartOf":{"@id":"https:\/\/autofans.com.ar\/#website"},"primaryImageOfPage":{"@id":"https:\/\/autofans.com.ar\/index.php\/2025\/10\/21\/nuevo-volkswagen-taos-2026\/#primaryimage"},"image":{"@id":"https:\/\/autofans.com.ar\/index.php\/2025\/10\/21\/nuevo-volkswagen-taos-2026\/#primaryimage"},"thumbnailUrl":"https:\/\/autofans.com.ar\/wp-content\/uploads\/2025\/10\/taos-5.jpg","datePublished":"2025-10-21T19:26:01+00:00","dateModified":"2025-10-21T19:26:35+00:00","author":{"@id":"https:\/\/autofans.com.ar\/#\/schema\/person\/4a8dda0b6df83ac3d6723e921274c2aa"},"description":"El Volkswagen Taos 2026 se presenta oficialmente en la regi\u00f3n. Este modelo, que reemplaza al que se produc\u00eda en la planta de Pacheco...","breadcrumb":{"@id":"https:\/\/autofans.com.ar\/index.php\/2025\/10\/21\/nuevo-volkswagen-taos-2026\/#breadcrumb"},"inLanguage":"es","potentialAction":[{"@type":"ReadAction","target":["https:\/\/autofans.com.ar\/index.php\/2025\/10\/21\/nuevo-volkswagen-taos-2026\/"]}]},{"@type":"ImageObject","inLanguage":"es","@id":"https:\/\/autofans.com.ar\/index.php\/2025\/10\/21\/nuevo-volkswagen-taos-2026\/#primaryimage","url":"https:\/\/autofans.com.ar\/wp-content\/uploads\/2025\/10\/taos-5.jpg","contentUrl":"https:\/\/autofans.com.ar\/wp-content\/uploads\/2025\/10\/taos-5.jpg","width":1000,"height":667,"caption":"Volkswagen Taos"},{"@type":"BreadcrumbList","@id":"https:\/\/autofans.com.ar\/index.php\/2025\/10\/21\/nuevo-volkswagen-taos-2026\/#breadcrumb","itemListElement":[{"@type":"ListItem","position":1,"name":"Inicio","item":"https:\/\/autofans.com.ar\/"},{"@type":"ListItem","position":2,"name":"Nuevo Volkswagen Taos 2026"}]},{"@type":"WebSite","@id":"https:\/\/autofans.com.ar\/#website","url":"https:\/\/autofans.com.ar\/","name":"","description":"El multimedio referente de la industria automotriz","potentialAction":[{"@type":"SearchAction","target":{"@type":"EntryPoint","urlTemplate":"https:\/\/autofans.com.ar\/?s={search_term_string}"},"query-input":{"@type":"PropertyValueSpecification","valueRequired":true,"valueName":"search_term_string"}}],"inLanguage":"es"},{"@type":"Person","@id":"https:\/\/autofans.com.ar\/#\/schema\/person\/4a8dda0b6df83ac3d6723e921274c2aa","name":"Alejandro Gabriel Rosito","image":{"@type":"ImageObject","inLanguage":"es","@id":"https:\/\/secure.gravatar.com\/avatar\/16c5dda1489adfc62618084dcbb91cffd879c374b13fe5dd8e44ed6733852c88?s=96&d=mm&r=g","url":"https:\/\/secure.gravatar.com\/avatar\/16c5dda1489adfc62618084dcbb91cffd879c374b13fe5dd8e44ed6733852c88?s=96&d=mm&r=g","contentUrl":"https:\/\/secure.gravatar.com\/avatar\/16c5dda1489adfc62618084dcbb91cffd879c374b13fe5dd8e44ed6733852c88?s=96&d=mm&r=g","caption":"Alejandro Gabriel Rosito"},"url":"https:\/\/autofans.com.ar\/index.php\/author\/gabrielr\/"}]}},"featured_image_urls":{"full":["https:\/\/autofans.com.ar\/wp-content\/uploads\/2025\/10\/taos-5.jpg",1000,667,false],"thumbnail":["https:\/\/autofans.com.ar\/wp-content\/uploads\/2025\/10\/taos-5-150x150.jpg",150,150,true],"medium":["https:\/\/autofans.com.ar\/wp-content\/uploads\/2025\/10\/taos-5-300x200.jpg",300,200,true],"medium_large":["https:\/\/autofans.com.ar\/wp-content\/uploads\/2025\/10\/taos-5-768x512.jpg",640,427,true],"large":["https:\/\/autofans.com.ar\/wp-content\/uploads\/2025\/10\/taos-5.jpg",640,427,false],"1536x1536":["https:\/\/autofans.com.ar\/wp-content\/uploads\/2025\/10\/taos-5.jpg",1000,667,false],"2048x2048":["https:\/\/autofans.com.ar\/wp-content\/uploads\/2025\/10\/taos-5.jpg",1000,667,false],"covernews-featured":["https:\/\/autofans.com.ar\/wp-content\/uploads\/2025\/10\/taos-5.jpg",1000,667,false],"covernews-medium":["https:\/\/autofans.com.ar\/wp-content\/uploads\/2025\/10\/taos-5-540x340.jpg",540,340,true]},"author_info":{"display_name":"Alejandro Gabriel Rosito","author_link":"https:\/\/autofans.com.ar\/index.php\/author\/gabrielr\/"},"category_info":"<a href=\"https:\/\/autofans.com.ar\/index.php\/category\/noticias\/autos\/\" rel=\"category tag\">AUTOS y SUV<\/a> <a href=\"https:\/\/autofans.com.ar\/index.php\/category\/lanzamientos\/\" rel=\"category tag\">LANZAMIENTOS<\/a>","tag_info":"LANZAMIENTOS","comment_count":0,"_links":{"self":[{"href":"https:\/\/autofans.com.ar\/index.php\/wp-json\/wp\/v2\/posts\/14544","targetHints":{"allow":["GET"]}}],"collection":[{"href":"https:\/\/autofans.com.ar\/index.php\/wp-json\/wp\/v2\/posts"}],"about":[{"href":"https:\/\/autofans.com.ar\/index.php\/wp-json\/wp\/v2\/types\/post"}],"author":[{"embeddable":true,"href":"https:\/\/autofans.com.ar\/index.php\/wp-json\/wp\/v2\/users\/2"}],"replies":[{"embeddable":true,"href":"https:\/\/autofans.com.ar\/index.php\/wp-json\/wp\/v2\/comments?post=14544"}],"version-history":[{"count":4,"href":"https:\/\/autofans.com.ar\/index.php\/wp-json\/wp\/v2\/posts\/14544\/revisions"}],"predecessor-version":[{"id":14556,"href":"https:\/\/autofans.com.ar\/index.php\/wp-json\/wp\/v2\/posts\/14544\/revisions\/14556"}],"wp:featuredmedia":[{"embeddable":true,"href":"https:\/\/autofans.com.ar\/index.php\/wp-json\/wp\/v2\/media\/14546"}],"wp:attachment":[{"href":"https:\/\/autofans.com.ar\/index.php\/wp-json\/wp\/v2\/media?parent=14544"}],"wp:term":[{"taxonomy":"category","embeddable":true,"href":"https:\/\/autofans.com.ar\/index.php\/wp-json\/wp\/v2\/categories?post=14544"},{"taxonomy":"post_tag","embeddable":true,"href":"https:\/\/autofans.com.ar\/index.php\/wp-json\/wp\/v2\/tags?post=14544"}],"curies":[{"name":"wp","href":"https:\/\/api.w.org\/{rel}","templated":true}]}}