{"id":14564,"date":"2025-10-22T16:24:34","date_gmt":"2025-10-22T19:24:34","guid":{"rendered":"https:\/\/autofans.com.ar\/?p=14564"},"modified":"2025-10-22T16:24:34","modified_gmt":"2025-10-22T19:24:34","slug":"audi-concept-c-el-deportivo-electrico-que-ya-rueda-en-la-calle","status":"publish","type":"post","link":"https:\/\/autofans.com.ar\/index.php\/2025\/10\/22\/audi-concept-c-el-deportivo-electrico-que-ya-rueda-en-la-calle\/","title":{"rendered":"Audi Concept C, el deportivo el\u00e9ctrico que ya rueda en la calle"},"content":{"rendered":"<p class=\"ds-markdown-paragraph\">\u00bfViste un auto conceptual con patente? Es algo raro. Por lo general, estos modelos se quedan en los salones de exposici\u00f3n. Sin embargo, Audi rompi\u00f3 el molde, matricularon el Concept C para que pueda circular por la v\u00eda p\u00fablica, a pesar de que no est\u00e1 a la venta.<\/p>\n<p class=\"ds-markdown-paragraph\">Para lograr la homologaci\u00f3n, el deportivo necesit\u00f3 incorporar intermitentes, limpiaparabrisas y bocina. Un detalle que lo aleja de ser una simple escultura y lo acerca a la realidad que se viene.<\/p>\n<p>&nbsp;<\/p>\n<h2 class=\"ds-markdown-paragraph\">Un concept car que se mueve con autonom\u00eda<\/h2>\n<p>&nbsp;<\/p>\n<div id='gallery-1' class='gallery galleryid-14564 gallery-columns-2 gallery-size-full'><figure class='gallery-item'>\n\t\t\t<div class='gallery-icon landscape'>\n\t\t\t\t<a href='https:\/\/autofans.com.ar\/index.php\/2025\/10\/22\/audi-concept-c-el-deportivo-electrico-que-ya-rueda-en-la-calle\/audi-5-4\/'><img loading=\"lazy\" width=\"1000\" height=\"667\" src=\"https:\/\/autofans.com.ar\/wp-content\/uploads\/2025\/10\/audi-5.jpg\" class=\"attachment-full size-full\" alt=\"Audi Concept C\" srcset=\"https:\/\/autofans.com.ar\/wp-content\/uploads\/2025\/10\/audi-5.jpg 1000w, https:\/\/autofans.com.ar\/wp-content\/uploads\/2025\/10\/audi-5-300x200.jpg 300w, https:\/\/autofans.com.ar\/wp-content\/uploads\/2025\/10\/audi-5-768x512.jpg 768w\" sizes=\"auto, (max-width: 1000px) 100vw, 1000px\" loading=\"lazy\" decoding=\"async\" \/><\/a>\n\t\t\t<\/div><\/figure><figure class='gallery-item'>\n\t\t\t<div class='gallery-icon landscape'>\n\t\t\t\t<a href='https:\/\/autofans.com.ar\/index.php\/2025\/10\/22\/audi-concept-c-el-deportivo-electrico-que-ya-rueda-en-la-calle\/audi-6\/'><img loading=\"lazy\" width=\"1000\" height=\"667\" src=\"https:\/\/autofans.com.ar\/wp-content\/uploads\/2025\/10\/audi-6.jpg\" class=\"attachment-full size-full\" alt=\"Audi Concept C\" srcset=\"https:\/\/autofans.com.ar\/wp-content\/uploads\/2025\/10\/audi-6.jpg 1000w, https:\/\/autofans.com.ar\/wp-content\/uploads\/2025\/10\/audi-6-300x200.jpg 300w, https:\/\/autofans.com.ar\/wp-content\/uploads\/2025\/10\/audi-6-768x512.jpg 768w\" sizes=\"auto, (max-width: 1000px) 100vw, 1000px\" loading=\"lazy\" decoding=\"async\" \/><\/a>\n\t\t\t<\/div><\/figure>\n\t\t<\/div>\n\n<p>&nbsp;<\/p>\n<p class=\"ds-markdown-paragraph\">La mayor\u00eda de los prototipos no pueden desplazarse por sus propios medios. O, si lo hacen, suelen ser lentos. El Audi Concept C es diferente. Equipa un motor el\u00e9ctrico trasero que le permite alcanzar los 145 km\/h. Si bien la versi\u00f3n de producci\u00f3n de 2027 ser\u00e1 m\u00e1s veloz, esta cifra es significativa para un veh\u00edculo presentado como muestra est\u00e1tica.<\/p>\n<p>&nbsp;<\/p>\n<h2 class=\"ds-markdown-paragraph\">La plataforma que comparte con Porsche<\/h2>\n<p class=\"ds-markdown-paragraph\">Audi no revel\u00f3 todos los datos t\u00e9cnicos, pero confirm\u00f3 que el Concept C utiliza una arquitectura nueva que se compartir\u00e1 dentro del Grupo Volkswagen. Esto significa que este coup\u00e9 de motor central estar\u00e1 emparentado con los pr\u00f3ximos Porsche Boxster y Cayman el\u00e9ctricos. Se espera adem\u00e1s una variante m\u00e1s potente con doble motor y tracci\u00f3n integral quattro.<\/p>\n<p>&nbsp;<\/p>\n<div id='gallery-2' class='gallery galleryid-14564 gallery-columns-2 gallery-size-full'><figure class='gallery-item'>\n\t\t\t<div class='gallery-icon landscape'>\n\t\t\t\t<a href='https:\/\/autofans.com.ar\/index.php\/2025\/10\/22\/audi-concept-c-el-deportivo-electrico-que-ya-rueda-en-la-calle\/audi-1-14\/'><img loading=\"lazy\" width=\"1000\" height=\"667\" src=\"https:\/\/autofans.com.ar\/wp-content\/uploads\/2025\/10\/audi-1-1.jpg\" class=\"attachment-full size-full\" alt=\"Audi Concept C\" srcset=\"https:\/\/autofans.com.ar\/wp-content\/uploads\/2025\/10\/audi-1-1.jpg 1000w, https:\/\/autofans.com.ar\/wp-content\/uploads\/2025\/10\/audi-1-1-300x200.jpg 300w, https:\/\/autofans.com.ar\/wp-content\/uploads\/2025\/10\/audi-1-1-768x512.jpg 768w\" sizes=\"auto, (max-width: 1000px) 100vw, 1000px\" loading=\"lazy\" decoding=\"async\" \/><\/a>\n\t\t\t<\/div><\/figure><figure class='gallery-item'>\n\t\t\t<div class='gallery-icon landscape'>\n\t\t\t\t<a href='https:\/\/autofans.com.ar\/index.php\/2025\/10\/22\/audi-concept-c-el-deportivo-electrico-que-ya-rueda-en-la-calle\/audi-2-15\/'><img loading=\"lazy\" width=\"1000\" height=\"667\" src=\"https:\/\/autofans.com.ar\/wp-content\/uploads\/2025\/10\/audi-2-1.jpg\" class=\"attachment-full size-full\" alt=\"Audi Concept C\" srcset=\"https:\/\/autofans.com.ar\/wp-content\/uploads\/2025\/10\/audi-2-1.jpg 1000w, https:\/\/autofans.com.ar\/wp-content\/uploads\/2025\/10\/audi-2-1-300x200.jpg 300w, https:\/\/autofans.com.ar\/wp-content\/uploads\/2025\/10\/audi-2-1-768x512.jpg 768w\" sizes=\"auto, (max-width: 1000px) 100vw, 1000px\" loading=\"lazy\" decoding=\"async\" \/><\/a>\n\t\t\t<\/div><\/figure>\n\t\t<\/div>\n\n<p>&nbsp;<\/p>\n<p class=\"ds-markdown-paragraph\">Con un peso de 1.690 kilogramos, similar a un R8 V10 Spyder, el modelo coloca sus bater\u00edas detr\u00e1s del asiento del conductor. Tambi\u00e9n estrenar\u00e1 una suspensi\u00f3n desarrollada espec\u00edficamente para \u00e9l.<\/p>\n<p>&nbsp;<\/p>\n<h2 class=\"ds-markdown-paragraph\">Audi Concept C &#8211; un dise\u00f1o muy cercano al modelo final<\/h2>\n<p class=\"ds-markdown-paragraph\">El jefe de dise\u00f1o de Audi, Massimo Frascella, asegur\u00f3 que el exterior del Concept C refleja \u00abel 87%\u00bb del auto que llegar\u00e1 a los concesionarios. Una de sus caracter\u00edsticas principales ser\u00e1 el techo duro descapotable de forma el\u00e9ctrica, que ser\u00e1 la \u00fanica carrocer\u00eda disponible. No habr\u00e1 versi\u00f3n coup\u00e9 de techo fijo.<\/p>\n<p>&nbsp;<\/p>\n<div id='gallery-3' class='gallery galleryid-14564 gallery-columns-2 gallery-size-full'><figure class='gallery-item'>\n\t\t\t<div class='gallery-icon landscape'>\n\t\t\t\t<a href='https:\/\/autofans.com.ar\/index.php\/2025\/10\/22\/audi-concept-c-el-deportivo-electrico-que-ya-rueda-en-la-calle\/audi-3-14\/'><img loading=\"lazy\" width=\"1000\" height=\"667\" src=\"https:\/\/autofans.com.ar\/wp-content\/uploads\/2025\/10\/audi-3-1.jpg\" class=\"attachment-full size-full\" alt=\"Audi Concept C\" srcset=\"https:\/\/autofans.com.ar\/wp-content\/uploads\/2025\/10\/audi-3-1.jpg 1000w, https:\/\/autofans.com.ar\/wp-content\/uploads\/2025\/10\/audi-3-1-300x200.jpg 300w, https:\/\/autofans.com.ar\/wp-content\/uploads\/2025\/10\/audi-3-1-768x512.jpg 768w\" sizes=\"auto, (max-width: 1000px) 100vw, 1000px\" loading=\"lazy\" decoding=\"async\" \/><\/a>\n\t\t\t<\/div><\/figure><figure class='gallery-item'>\n\t\t\t<div class='gallery-icon landscape'>\n\t\t\t\t<a href='https:\/\/autofans.com.ar\/index.php\/2025\/10\/22\/audi-concept-c-el-deportivo-electrico-que-ya-rueda-en-la-calle\/audi-4-8\/'><img loading=\"lazy\" width=\"1000\" height=\"667\" src=\"https:\/\/autofans.com.ar\/wp-content\/uploads\/2025\/10\/audi-4-1.jpg\" class=\"attachment-full size-full\" alt=\"Audi Concept C\" srcset=\"https:\/\/autofans.com.ar\/wp-content\/uploads\/2025\/10\/audi-4-1.jpg 1000w, https:\/\/autofans.com.ar\/wp-content\/uploads\/2025\/10\/audi-4-1-300x200.jpg 300w, https:\/\/autofans.com.ar\/wp-content\/uploads\/2025\/10\/audi-4-1-768x512.jpg 768w\" sizes=\"auto, (max-width: 1000px) 100vw, 1000px\" loading=\"lazy\" decoding=\"async\" \/><\/a>\n\t\t\t<\/div><\/figure>\n\t\t<\/div>\n\n<p>&nbsp;<\/p>\n<p class=\"ds-markdown-paragraph\">Aclararon que no se trata del reemplazo del TT o del R8, aunque en las sesiones de fotos lo posaron junto a esos modelos. La marca proyecta ventas anuales en n\u00fameros bajos, pero conf\u00eda en su rentabilidad, en parte gracias al desarrollo compartido con Porsche. A diferencia de sus primos, el deportivo de Audi ser\u00e1 exclusivamente el\u00e9ctrico.<\/p>\n<p>&nbsp;<\/p>\n<p>&nbsp;<\/p>\n<p>&nbsp;<\/p>\n<p><i>Para enterarte de m\u00e1s novedades, no dejes de leer\u00a0<\/i><a href=\"https:\/\/autofans.thebrandsoup.com\/\"><i>nuestras notas<\/i><\/a><i>, de ver\u00a0<\/i><a href=\"https:\/\/www.youtube.com\/channel\/UCgAC8UGHZYbT6P7PpmVnP7g\"><i>AUTOFANS TV<\/i><\/a><i>\u00a0en nuestro\u00a0canal de Youtube. Adem\u00e1s seguinos en\u00a0<\/i><a href=\"https:\/\/www.instagram.com\/autofanstv\/\"><i>INSTAGRAM<\/i><\/a><i> y <\/i><a href=\"https:\/\/www.facebook.com\/autofansmas\/\"><i>FACEBOOK<\/i><\/a><i> para no perderte nada sobre las novedades del segmento automotor de Argentina y el mundo.<\/i><\/p>\n","protected":false},"excerpt":{"rendered":"<p>\u00bfViste un auto conceptual con patente? Es algo raro. Por lo general, estos modelos se&#8230;<\/p>\n","protected":false},"author":2,"featured_media":14565,"comment_status":"closed","ping_status":"closed","sticky":false,"template":"","format":"standard","meta":{"footnotes":""},"categories":[371,16],"tags":[7636,7633,7635,7637,7634,7638,7639],"class_list":["post-14564","post","type-post","status-publish","format-standard","has-post-thumbnail","hentry","category-hibridos-electricos-y","category-noticias","tag-audi-2027","tag-audi-concept-c","tag-concept-car-matriculado","tag-coupe-techo-descapotable","tag-deportivo-electrico","tag-plataforma-electrica-vw","tag-porsche-boxster-electrico"],"yoast_head":"<!-- This site is optimized with the Yoast SEO plugin v27.5 - https:\/\/yoast.com\/product\/yoast-seo-wordpress\/ -->\n<title>Audi Concept C, el deportivo el\u00e9ctrico que ya rueda en la calle -<\/title>\n<meta name=\"description\" content=\"Por lo general, estos modelos se quedan en los salones de exposici\u00f3n. Sin embargo, Audi rompi\u00f3 el molde, matricularon el Concept C...\" \/>\n<meta name=\"robots\" content=\"index, follow, max-snippet:-1, max-image-preview:large, max-video-preview:-1\" \/>\n<link rel=\"canonical\" href=\"https:\/\/autofans.com.ar\/index.php\/2025\/10\/22\/audi-concept-c-el-deportivo-electrico-que-ya-rueda-en-la-calle\/\" \/>\n<meta property=\"og:locale\" content=\"es_ES\" \/>\n<meta property=\"og:type\" content=\"article\" \/>\n<meta property=\"og:title\" content=\"Audi Concept C, el deportivo el\u00e9ctrico que ya rueda en la calle -\" \/>\n<meta property=\"og:description\" content=\"Por lo general, estos modelos se quedan en los salones de exposici\u00f3n. Sin embargo, Audi rompi\u00f3 el molde, matricularon el Concept C...\" \/>\n<meta property=\"og:url\" content=\"https:\/\/autofans.com.ar\/index.php\/2025\/10\/22\/audi-concept-c-el-deportivo-electrico-que-ya-rueda-en-la-calle\/\" \/>\n<meta property=\"article:published_time\" content=\"2025-10-22T19:24:34+00:00\" \/>\n<meta property=\"og:image\" content=\"https:\/\/autofans.com.ar\/wp-content\/uploads\/2025\/10\/audi-8.jpg\" \/>\n\t<meta property=\"og:image:width\" content=\"1000\" \/>\n\t<meta property=\"og:image:height\" content=\"667\" \/>\n\t<meta property=\"og:image:type\" content=\"image\/jpeg\" \/>\n<meta name=\"author\" content=\"Alejandro Gabriel Rosito\" \/>\n<meta name=\"twitter:card\" content=\"summary_large_image\" \/>\n<meta name=\"twitter:label1\" content=\"Escrito por\" \/>\n\t<meta name=\"twitter:data1\" content=\"Alejandro Gabriel Rosito\" \/>\n\t<meta name=\"twitter:label2\" content=\"Tiempo de lectura\" \/>\n\t<meta name=\"twitter:data2\" content=\"3 minutos\" \/>\n<script type=\"application\/ld+json\" class=\"yoast-schema-graph\">{\"@context\":\"https:\\\/\\\/schema.org\",\"@graph\":[{\"@type\":\"Article\",\"@id\":\"https:\\\/\\\/autofans.com.ar\\\/index.php\\\/2025\\\/10\\\/22\\\/audi-concept-c-el-deportivo-electrico-que-ya-rueda-en-la-calle\\\/#article\",\"isPartOf\":{\"@id\":\"https:\\\/\\\/autofans.com.ar\\\/index.php\\\/2025\\\/10\\\/22\\\/audi-concept-c-el-deportivo-electrico-que-ya-rueda-en-la-calle\\\/\"},\"author\":{\"name\":\"Alejandro Gabriel Rosito\",\"@id\":\"https:\\\/\\\/autofans.com.ar\\\/#\\\/schema\\\/person\\\/4a8dda0b6df83ac3d6723e921274c2aa\"},\"headline\":\"Audi Concept C, el deportivo el\u00e9ctrico que ya rueda en la calle\",\"datePublished\":\"2025-10-22T19:24:34+00:00\",\"mainEntityOfPage\":{\"@id\":\"https:\\\/\\\/autofans.com.ar\\\/index.php\\\/2025\\\/10\\\/22\\\/audi-concept-c-el-deportivo-electrico-que-ya-rueda-en-la-calle\\\/\"},\"wordCount\":469,\"image\":{\"@id\":\"https:\\\/\\\/autofans.com.ar\\\/index.php\\\/2025\\\/10\\\/22\\\/audi-concept-c-el-deportivo-electrico-que-ya-rueda-en-la-calle\\\/#primaryimage\"},\"thumbnailUrl\":\"https:\\\/\\\/autofans.com.ar\\\/wp-content\\\/uploads\\\/2025\\\/10\\\/audi-8.jpg\",\"keywords\":[\"Audi 2027\",\"Audi Concept C\",\"concept car matriculado\",\"coup\u00e9 techo descapotable\",\"deportivo el\u00e9ctrico\",\"plataforma el\u00e9ctrica VW\",\"Porsche Boxster el\u00e9ctrico\"],\"articleSection\":[\"H\u00edbridos, El\u00e9ctricos y +\",\"NOTICIAS\"],\"inLanguage\":\"es\"},{\"@type\":\"WebPage\",\"@id\":\"https:\\\/\\\/autofans.com.ar\\\/index.php\\\/2025\\\/10\\\/22\\\/audi-concept-c-el-deportivo-electrico-que-ya-rueda-en-la-calle\\\/\",\"url\":\"https:\\\/\\\/autofans.com.ar\\\/index.php\\\/2025\\\/10\\\/22\\\/audi-concept-c-el-deportivo-electrico-que-ya-rueda-en-la-calle\\\/\",\"name\":\"Audi Concept C, el deportivo el\u00e9ctrico que ya rueda en la calle -\",\"isPartOf\":{\"@id\":\"https:\\\/\\\/autofans.com.ar\\\/#website\"},\"primaryImageOfPage\":{\"@id\":\"https:\\\/\\\/autofans.com.ar\\\/index.php\\\/2025\\\/10\\\/22\\\/audi-concept-c-el-deportivo-electrico-que-ya-rueda-en-la-calle\\\/#primaryimage\"},\"image\":{\"@id\":\"https:\\\/\\\/autofans.com.ar\\\/index.php\\\/2025\\\/10\\\/22\\\/audi-concept-c-el-deportivo-electrico-que-ya-rueda-en-la-calle\\\/#primaryimage\"},\"thumbnailUrl\":\"https:\\\/\\\/autofans.com.ar\\\/wp-content\\\/uploads\\\/2025\\\/10\\\/audi-8.jpg\",\"datePublished\":\"2025-10-22T19:24:34+00:00\",\"author\":{\"@id\":\"https:\\\/\\\/autofans.com.ar\\\/#\\\/schema\\\/person\\\/4a8dda0b6df83ac3d6723e921274c2aa\"},\"description\":\"Por lo general, estos modelos se quedan en los salones de exposici\u00f3n. Sin embargo, Audi rompi\u00f3 el molde, matricularon el Concept C...\",\"breadcrumb\":{\"@id\":\"https:\\\/\\\/autofans.com.ar\\\/index.php\\\/2025\\\/10\\\/22\\\/audi-concept-c-el-deportivo-electrico-que-ya-rueda-en-la-calle\\\/#breadcrumb\"},\"inLanguage\":\"es\",\"potentialAction\":[{\"@type\":\"ReadAction\",\"target\":[\"https:\\\/\\\/autofans.com.ar\\\/index.php\\\/2025\\\/10\\\/22\\\/audi-concept-c-el-deportivo-electrico-que-ya-rueda-en-la-calle\\\/\"]}]},{\"@type\":\"ImageObject\",\"inLanguage\":\"es\",\"@id\":\"https:\\\/\\\/autofans.com.ar\\\/index.php\\\/2025\\\/10\\\/22\\\/audi-concept-c-el-deportivo-electrico-que-ya-rueda-en-la-calle\\\/#primaryimage\",\"url\":\"https:\\\/\\\/autofans.com.ar\\\/wp-content\\\/uploads\\\/2025\\\/10\\\/audi-8.jpg\",\"contentUrl\":\"https:\\\/\\\/autofans.com.ar\\\/wp-content\\\/uploads\\\/2025\\\/10\\\/audi-8.jpg\",\"width\":1000,\"height\":667,\"caption\":\"Audi Concept C\"},{\"@type\":\"BreadcrumbList\",\"@id\":\"https:\\\/\\\/autofans.com.ar\\\/index.php\\\/2025\\\/10\\\/22\\\/audi-concept-c-el-deportivo-electrico-que-ya-rueda-en-la-calle\\\/#breadcrumb\",\"itemListElement\":[{\"@type\":\"ListItem\",\"position\":1,\"name\":\"Inicio\",\"item\":\"https:\\\/\\\/autofans.com.ar\\\/\"},{\"@type\":\"ListItem\",\"position\":2,\"name\":\"Audi Concept C, el deportivo el\u00e9ctrico que ya rueda en la calle\"}]},{\"@type\":\"WebSite\",\"@id\":\"https:\\\/\\\/autofans.com.ar\\\/#website\",\"url\":\"https:\\\/\\\/autofans.com.ar\\\/\",\"name\":\"\",\"description\":\"El multimedio referente de la industria automotriz\",\"potentialAction\":[{\"@type\":\"SearchAction\",\"target\":{\"@type\":\"EntryPoint\",\"urlTemplate\":\"https:\\\/\\\/autofans.com.ar\\\/?s={search_term_string}\"},\"query-input\":{\"@type\":\"PropertyValueSpecification\",\"valueRequired\":true,\"valueName\":\"search_term_string\"}}],\"inLanguage\":\"es\"},{\"@type\":\"Person\",\"@id\":\"https:\\\/\\\/autofans.com.ar\\\/#\\\/schema\\\/person\\\/4a8dda0b6df83ac3d6723e921274c2aa\",\"name\":\"Alejandro Gabriel Rosito\",\"image\":{\"@type\":\"ImageObject\",\"inLanguage\":\"es\",\"@id\":\"https:\\\/\\\/secure.gravatar.com\\\/avatar\\\/16c5dda1489adfc62618084dcbb91cffd879c374b13fe5dd8e44ed6733852c88?s=96&d=mm&r=g\",\"url\":\"https:\\\/\\\/secure.gravatar.com\\\/avatar\\\/16c5dda1489adfc62618084dcbb91cffd879c374b13fe5dd8e44ed6733852c88?s=96&d=mm&r=g\",\"contentUrl\":\"https:\\\/\\\/secure.gravatar.com\\\/avatar\\\/16c5dda1489adfc62618084dcbb91cffd879c374b13fe5dd8e44ed6733852c88?s=96&d=mm&r=g\",\"caption\":\"Alejandro Gabriel Rosito\"},\"url\":\"https:\\\/\\\/autofans.com.ar\\\/index.php\\\/author\\\/gabrielr\\\/\"}]}<\/script>\n<!-- \/ Yoast SEO plugin. -->","yoast_head_json":{"title":"Audi Concept C, el deportivo el\u00e9ctrico que ya rueda en la calle -","description":"Por lo general, estos modelos se quedan en los salones de exposici\u00f3n. Sin embargo, Audi rompi\u00f3 el molde, matricularon el Concept C...","robots":{"index":"index","follow":"follow","max-snippet":"max-snippet:-1","max-image-preview":"max-image-preview:large","max-video-preview":"max-video-preview:-1"},"canonical":"https:\/\/autofans.com.ar\/index.php\/2025\/10\/22\/audi-concept-c-el-deportivo-electrico-que-ya-rueda-en-la-calle\/","og_locale":"es_ES","og_type":"article","og_title":"Audi Concept C, el deportivo el\u00e9ctrico que ya rueda en la calle -","og_description":"Por lo general, estos modelos se quedan en los salones de exposici\u00f3n. Sin embargo, Audi rompi\u00f3 el molde, matricularon el Concept C...","og_url":"https:\/\/autofans.com.ar\/index.php\/2025\/10\/22\/audi-concept-c-el-deportivo-electrico-que-ya-rueda-en-la-calle\/","article_published_time":"2025-10-22T19:24:34+00:00","og_image":[{"width":1000,"height":667,"url":"https:\/\/autofans.com.ar\/wp-content\/uploads\/2025\/10\/audi-8.jpg","type":"image\/jpeg"}],"author":"Alejandro Gabriel Rosito","twitter_card":"summary_large_image","twitter_misc":{"Escrito por":"Alejandro Gabriel Rosito","Tiempo de lectura":"3 minutos"},"schema":{"@context":"https:\/\/schema.org","@graph":[{"@type":"Article","@id":"https:\/\/autofans.com.ar\/index.php\/2025\/10\/22\/audi-concept-c-el-deportivo-electrico-que-ya-rueda-en-la-calle\/#article","isPartOf":{"@id":"https:\/\/autofans.com.ar\/index.php\/2025\/10\/22\/audi-concept-c-el-deportivo-electrico-que-ya-rueda-en-la-calle\/"},"author":{"name":"Alejandro Gabriel Rosito","@id":"https:\/\/autofans.com.ar\/#\/schema\/person\/4a8dda0b6df83ac3d6723e921274c2aa"},"headline":"Audi Concept C, el deportivo el\u00e9ctrico que ya rueda en la calle","datePublished":"2025-10-22T19:24:34+00:00","mainEntityOfPage":{"@id":"https:\/\/autofans.com.ar\/index.php\/2025\/10\/22\/audi-concept-c-el-deportivo-electrico-que-ya-rueda-en-la-calle\/"},"wordCount":469,"image":{"@id":"https:\/\/autofans.com.ar\/index.php\/2025\/10\/22\/audi-concept-c-el-deportivo-electrico-que-ya-rueda-en-la-calle\/#primaryimage"},"thumbnailUrl":"https:\/\/autofans.com.ar\/wp-content\/uploads\/2025\/10\/audi-8.jpg","keywords":["Audi 2027","Audi Concept C","concept car matriculado","coup\u00e9 techo descapotable","deportivo el\u00e9ctrico","plataforma el\u00e9ctrica VW","Porsche Boxster el\u00e9ctrico"],"articleSection":["H\u00edbridos, El\u00e9ctricos y +","NOTICIAS"],"inLanguage":"es"},{"@type":"WebPage","@id":"https:\/\/autofans.com.ar\/index.php\/2025\/10\/22\/audi-concept-c-el-deportivo-electrico-que-ya-rueda-en-la-calle\/","url":"https:\/\/autofans.com.ar\/index.php\/2025\/10\/22\/audi-concept-c-el-deportivo-electrico-que-ya-rueda-en-la-calle\/","name":"Audi Concept C, el deportivo el\u00e9ctrico que ya rueda en la calle -","isPartOf":{"@id":"https:\/\/autofans.com.ar\/#website"},"primaryImageOfPage":{"@id":"https:\/\/autofans.com.ar\/index.php\/2025\/10\/22\/audi-concept-c-el-deportivo-electrico-que-ya-rueda-en-la-calle\/#primaryimage"},"image":{"@id":"https:\/\/autofans.com.ar\/index.php\/2025\/10\/22\/audi-concept-c-el-deportivo-electrico-que-ya-rueda-en-la-calle\/#primaryimage"},"thumbnailUrl":"https:\/\/autofans.com.ar\/wp-content\/uploads\/2025\/10\/audi-8.jpg","datePublished":"2025-10-22T19:24:34+00:00","author":{"@id":"https:\/\/autofans.com.ar\/#\/schema\/person\/4a8dda0b6df83ac3d6723e921274c2aa"},"description":"Por lo general, estos modelos se quedan en los salones de exposici\u00f3n. Sin embargo, Audi rompi\u00f3 el molde, matricularon el Concept C...","breadcrumb":{"@id":"https:\/\/autofans.com.ar\/index.php\/2025\/10\/22\/audi-concept-c-el-deportivo-electrico-que-ya-rueda-en-la-calle\/#breadcrumb"},"inLanguage":"es","potentialAction":[{"@type":"ReadAction","target":["https:\/\/autofans.com.ar\/index.php\/2025\/10\/22\/audi-concept-c-el-deportivo-electrico-que-ya-rueda-en-la-calle\/"]}]},{"@type":"ImageObject","inLanguage":"es","@id":"https:\/\/autofans.com.ar\/index.php\/2025\/10\/22\/audi-concept-c-el-deportivo-electrico-que-ya-rueda-en-la-calle\/#primaryimage","url":"https:\/\/autofans.com.ar\/wp-content\/uploads\/2025\/10\/audi-8.jpg","contentUrl":"https:\/\/autofans.com.ar\/wp-content\/uploads\/2025\/10\/audi-8.jpg","width":1000,"height":667,"caption":"Audi Concept C"},{"@type":"BreadcrumbList","@id":"https:\/\/autofans.com.ar\/index.php\/2025\/10\/22\/audi-concept-c-el-deportivo-electrico-que-ya-rueda-en-la-calle\/#breadcrumb","itemListElement":[{"@type":"ListItem","position":1,"name":"Inicio","item":"https:\/\/autofans.com.ar\/"},{"@type":"ListItem","position":2,"name":"Audi Concept C, el deportivo el\u00e9ctrico que ya rueda en la calle"}]},{"@type":"WebSite","@id":"https:\/\/autofans.com.ar\/#website","url":"https:\/\/autofans.com.ar\/","name":"","description":"El multimedio referente de la industria automotriz","potentialAction":[{"@type":"SearchAction","target":{"@type":"EntryPoint","urlTemplate":"https:\/\/autofans.com.ar\/?s={search_term_string}"},"query-input":{"@type":"PropertyValueSpecification","valueRequired":true,"valueName":"search_term_string"}}],"inLanguage":"es"},{"@type":"Person","@id":"https:\/\/autofans.com.ar\/#\/schema\/person\/4a8dda0b6df83ac3d6723e921274c2aa","name":"Alejandro Gabriel Rosito","image":{"@type":"ImageObject","inLanguage":"es","@id":"https:\/\/secure.gravatar.com\/avatar\/16c5dda1489adfc62618084dcbb91cffd879c374b13fe5dd8e44ed6733852c88?s=96&d=mm&r=g","url":"https:\/\/secure.gravatar.com\/avatar\/16c5dda1489adfc62618084dcbb91cffd879c374b13fe5dd8e44ed6733852c88?s=96&d=mm&r=g","contentUrl":"https:\/\/secure.gravatar.com\/avatar\/16c5dda1489adfc62618084dcbb91cffd879c374b13fe5dd8e44ed6733852c88?s=96&d=mm&r=g","caption":"Alejandro Gabriel Rosito"},"url":"https:\/\/autofans.com.ar\/index.php\/author\/gabrielr\/"}]}},"featured_image_urls":{"full":["https:\/\/autofans.com.ar\/wp-content\/uploads\/2025\/10\/audi-8.jpg",1000,667,false],"thumbnail":["https:\/\/autofans.com.ar\/wp-content\/uploads\/2025\/10\/audi-8-150x150.jpg",150,150,true],"medium":["https:\/\/autofans.com.ar\/wp-content\/uploads\/2025\/10\/audi-8-300x200.jpg",300,200,true],"medium_large":["https:\/\/autofans.com.ar\/wp-content\/uploads\/2025\/10\/audi-8-768x512.jpg",640,427,true],"large":["https:\/\/autofans.com.ar\/wp-content\/uploads\/2025\/10\/audi-8.jpg",640,427,false],"1536x1536":["https:\/\/autofans.com.ar\/wp-content\/uploads\/2025\/10\/audi-8.jpg",1000,667,false],"2048x2048":["https:\/\/autofans.com.ar\/wp-content\/uploads\/2025\/10\/audi-8.jpg",1000,667,false],"covernews-featured":["https:\/\/autofans.com.ar\/wp-content\/uploads\/2025\/10\/audi-8.jpg",1000,667,false],"covernews-medium":["https:\/\/autofans.com.ar\/wp-content\/uploads\/2025\/10\/audi-8-540x340.jpg",540,340,true]},"author_info":{"display_name":"Alejandro Gabriel Rosito","author_link":"https:\/\/autofans.com.ar\/index.php\/author\/gabrielr\/"},"category_info":"<a href=\"https:\/\/autofans.com.ar\/index.php\/category\/lanzamientos\/hibridos-electricos-y\/\" rel=\"category tag\">H\u00edbridos, El\u00e9ctricos y +<\/a> <a href=\"https:\/\/autofans.com.ar\/index.php\/category\/noticias\/\" rel=\"category tag\">NOTICIAS<\/a>","tag_info":"NOTICIAS","comment_count":0,"_links":{"self":[{"href":"https:\/\/autofans.com.ar\/index.php\/wp-json\/wp\/v2\/posts\/14564","targetHints":{"allow":["GET"]}}],"collection":[{"href":"https:\/\/autofans.com.ar\/index.php\/wp-json\/wp\/v2\/posts"}],"about":[{"href":"https:\/\/autofans.com.ar\/index.php\/wp-json\/wp\/v2\/types\/post"}],"author":[{"embeddable":true,"href":"https:\/\/autofans.com.ar\/index.php\/wp-json\/wp\/v2\/users\/2"}],"replies":[{"embeddable":true,"href":"https:\/\/autofans.com.ar\/index.php\/wp-json\/wp\/v2\/comments?post=14564"}],"version-history":[{"count":1,"href":"https:\/\/autofans.com.ar\/index.php\/wp-json\/wp\/v2\/posts\/14564\/revisions"}],"predecessor-version":[{"id":14573,"href":"https:\/\/autofans.com.ar\/index.php\/wp-json\/wp\/v2\/posts\/14564\/revisions\/14573"}],"wp:featuredmedia":[{"embeddable":true,"href":"https:\/\/autofans.com.ar\/index.php\/wp-json\/wp\/v2\/media\/14565"}],"wp:attachment":[{"href":"https:\/\/autofans.com.ar\/index.php\/wp-json\/wp\/v2\/media?parent=14564"}],"wp:term":[{"taxonomy":"category","embeddable":true,"href":"https:\/\/autofans.com.ar\/index.php\/wp-json\/wp\/v2\/categories?post=14564"},{"taxonomy":"post_tag","embeddable":true,"href":"https:\/\/autofans.com.ar\/index.php\/wp-json\/wp\/v2\/tags?post=14564"}],"curies":[{"name":"wp","href":"https:\/\/api.w.org\/{rel}","templated":true}]}}