{"id":14574,"date":"2025-10-23T16:44:42","date_gmt":"2025-10-23T19:44:42","guid":{"rendered":"https:\/\/autofans.com.ar\/?p=14574"},"modified":"2025-10-23T16:44:42","modified_gmt":"2025-10-23T19:44:42","slug":"nissan-desembarca-en-el-japan-mobility-show-2025","status":"publish","type":"post","link":"https:\/\/autofans.com.ar\/index.php\/2025\/10\/23\/nissan-desembarca-en-el-japan-mobility-show-2025\/","title":{"rendered":"Nissan desembarca en el Japan Mobility Show 2025"},"content":{"rendered":"<p class=\"ds-markdown-paragraph\">Nissan confirm\u00f3 su participaci\u00f3n en el Japan Mobility Show 2025, donde exhibir\u00e1 su visi\u00f3n para un futuro de movilidad m\u00e1s inteligente y sustentable. El evento, que se desarrollar\u00e1 en el Tokyo Big Sight, ser\u00e1 el escenario para el debut mundial del completamente nuevo Nissan Elgrand y del crossover el\u00e9ctrico Nissan Ariya renovado.<\/p>\n<p class=\"ds-markdown-paragraph\">La estrategia Re:Nissan gu\u00eda esta presentaci\u00f3n, que busca revitalizar su gama en el mercado japon\u00e9s con modelos de \u00faltima generaci\u00f3n y propuestas personalizadas para gustos locales.<\/p>\n<p>&nbsp;<\/p>\n<h2 class=\"ds-markdown-paragraph\">Los Estrenos M\u00e1s Esperados de Nissan<\/h2>\n<p class=\"ds-markdown-paragraph\">El 29 de octubre, durante la conferencia de prensa, Nissan mostrar\u00e1 dos lanzamientos clave. Por un lado, la cuarta generaci\u00f3n del Nissan Elgrand, un monovolumen que por casi 30 a\u00f1os fue un pilar en Jap\u00f3n. Esta nueva versi\u00f3n estar\u00e1 equipada con la tecnolog\u00eda e-POWER de tercera generaci\u00f3n, prometiendo mayor eficiencia. Su lanzamiento est\u00e1 previsto para el pr\u00f3ximo a\u00f1o.<\/p>\n<p>&nbsp;<\/p>\n<p><img fetchpriority=\"high\" decoding=\"async\" class=\"aligncenter wp-image-14576 size-full\" src=\"https:\/\/autofans.com.ar\/wp-content\/uploads\/2025\/10\/nissan-10.jpg\" alt=\"nissan\" width=\"1000\" height=\"667\" srcset=\"https:\/\/autofans.com.ar\/wp-content\/uploads\/2025\/10\/nissan-10.jpg 1000w, https:\/\/autofans.com.ar\/wp-content\/uploads\/2025\/10\/nissan-10-300x200.jpg 300w, https:\/\/autofans.com.ar\/wp-content\/uploads\/2025\/10\/nissan-10-768x512.jpg 768w\" sizes=\"(max-width: 1000px) 100vw, 1000px\" \/><\/p>\n<p>&nbsp;<\/p>\n<p class=\"ds-markdown-paragraph\">Por otro lado, se presentar\u00e1 el Nissan Ariya renovado, que llegar\u00e1 a los concesionarios japoneses antes de que finalice el a\u00f1o fiscal. El modelo incluye un dise\u00f1o m\u00e1s refinado, sistema de infoentretenimiento con Google, funcionalidad Vehicle-to-Load (V2L) y mejoras en la suspensi\u00f3n para las rutas de Jap\u00f3n.<\/p>\n<p>&nbsp;<\/p>\n<h2 class=\"ds-markdown-paragraph\"><strong>Electrificaci\u00f3n y Alto Rendimiento en el Centro de la Escena<\/strong><\/h2>\n<p>&nbsp;<\/p>\n<div id='gallery-1' class='gallery galleryid-14574 gallery-columns-2 gallery-size-full'><figure class='gallery-item'>\n\t\t\t<div class='gallery-icon landscape'>\n\t\t\t\t<a href='https:\/\/autofans.com.ar\/index.php\/2025\/10\/23\/nissan-desembarca-en-el-japan-mobility-show-2025\/nissan-7-5\/'><img loading=\"lazy\" width=\"1000\" height=\"667\" src=\"https:\/\/autofans.com.ar\/wp-content\/uploads\/2025\/10\/nissan-7.jpg\" class=\"attachment-full size-full\" alt=\"nissan\" srcset=\"https:\/\/autofans.com.ar\/wp-content\/uploads\/2025\/10\/nissan-7.jpg 1000w, https:\/\/autofans.com.ar\/wp-content\/uploads\/2025\/10\/nissan-7-300x200.jpg 300w, https:\/\/autofans.com.ar\/wp-content\/uploads\/2025\/10\/nissan-7-768x512.jpg 768w\" sizes=\"auto, (max-width: 1000px) 100vw, 1000px\" loading=\"lazy\" decoding=\"async\" \/><\/a>\n\t\t\t<\/div><\/figure><figure class='gallery-item'>\n\t\t\t<div class='gallery-icon landscape'>\n\t\t\t\t<a href='https:\/\/autofans.com.ar\/index.php\/2025\/10\/23\/nissan-desembarca-en-el-japan-mobility-show-2025\/nissan-4-40\/'><img loading=\"lazy\" width=\"1000\" height=\"667\" src=\"https:\/\/autofans.com.ar\/wp-content\/uploads\/2025\/10\/nissan-4.jpg\" class=\"attachment-full size-full\" alt=\"nissan\" srcset=\"https:\/\/autofans.com.ar\/wp-content\/uploads\/2025\/10\/nissan-4.jpg 1000w, https:\/\/autofans.com.ar\/wp-content\/uploads\/2025\/10\/nissan-4-300x200.jpg 300w, https:\/\/autofans.com.ar\/wp-content\/uploads\/2025\/10\/nissan-4-768x512.jpg 768w\" sizes=\"auto, (max-width: 1000px) 100vw, 1000px\" loading=\"lazy\" decoding=\"async\" \/><\/a>\n\t\t\t<\/div><\/figure>\n\t\t<\/div>\n\n<p>&nbsp;<\/p>\n<p class=\"ds-markdown-paragraph\">El compromiso de Nissan con la movilidad el\u00e9ctrica ser\u00e1 un eje central. Adem\u00e1s del Ariya, se exhibir\u00e1 la tercera generaci\u00f3n del Nissan LEAF y otros veh\u00edculos el\u00e9ctricos globales, como el Micra para Europa y el sed\u00e1n N7 de China.<\/p>\n<p class=\"ds-markdown-paragraph\">La emoci\u00f3n del motorsport tambi\u00e9n tendr\u00e1 su lugar con la presencia del monoplaza con el que Nissan gan\u00f3 el campeonato de pilotos en la temporada 11 de la F\u00f3rmula E.<\/p>\n<p>&nbsp;<\/p>\n<h2 class=\"ds-markdown-paragraph\">Tecnolog\u00eda para la Vida Cotidiana y la Sociedad<\/h2>\n<p class=\"ds-markdown-paragraph\">El stand contar\u00e1 con una experiencia interactiva de Nissan Energy, donde los visitantes podr\u00e1n explorar soluciones de gesti\u00f3n energ\u00e9tica como los sistemas Vehicle-to-Home (V2H) y V2L, que permiten usar la energ\u00eda del auto para el hogar.<\/p>\n<p>&nbsp;<\/p>\n<div id='gallery-2' class='gallery galleryid-14574 gallery-columns-2 gallery-size-full'><figure class='gallery-item'>\n\t\t\t<div class='gallery-icon landscape'>\n\t\t\t\t<a href='https:\/\/autofans.com.ar\/index.php\/2025\/10\/23\/nissan-desembarca-en-el-japan-mobility-show-2025\/nissan-2-68\/'><img loading=\"lazy\" width=\"1000\" height=\"667\" src=\"https:\/\/autofans.com.ar\/wp-content\/uploads\/2025\/10\/nissan-2.jpg\" class=\"attachment-full size-full\" alt=\"nissan\" srcset=\"https:\/\/autofans.com.ar\/wp-content\/uploads\/2025\/10\/nissan-2.jpg 1000w, https:\/\/autofans.com.ar\/wp-content\/uploads\/2025\/10\/nissan-2-300x200.jpg 300w, https:\/\/autofans.com.ar\/wp-content\/uploads\/2025\/10\/nissan-2-768x512.jpg 768w\" sizes=\"auto, (max-width: 1000px) 100vw, 1000px\" loading=\"lazy\" decoding=\"async\" \/><\/a>\n\t\t\t<\/div><\/figure><figure class='gallery-item'>\n\t\t\t<div class='gallery-icon landscape'>\n\t\t\t\t<a href='https:\/\/autofans.com.ar\/index.php\/2025\/10\/23\/nissan-desembarca-en-el-japan-mobility-show-2025\/nissan-1-69\/'><img loading=\"lazy\" width=\"1000\" height=\"667\" src=\"https:\/\/autofans.com.ar\/wp-content\/uploads\/2025\/10\/nissan-1.jpg\" class=\"attachment-full size-full\" alt=\"nissan\" srcset=\"https:\/\/autofans.com.ar\/wp-content\/uploads\/2025\/10\/nissan-1.jpg 1000w, https:\/\/autofans.com.ar\/wp-content\/uploads\/2025\/10\/nissan-1-300x200.jpg 300w, https:\/\/autofans.com.ar\/wp-content\/uploads\/2025\/10\/nissan-1-768x512.jpg 768w\" sizes=\"auto, (max-width: 1000px) 100vw, 1000px\" loading=\"lazy\" decoding=\"async\" \/><\/a>\n\t\t\t<\/div><\/figure>\n\t\t<\/div>\n\n<p>&nbsp;<\/p>\n<p class=\"ds-markdown-paragraph\">Adem\u00e1s, Automotriz presentar\u00e1 un prototipo de veh\u00edculo de servicio aut\u00f3nomo, basado en el Nissan Serena. Este desarrollo forma parte de un programa piloto que comenzar\u00e1 en noviembre en Yokohama, con el objetivo de resolver desaf\u00edos de transporte en una poblaci\u00f3n que envejece.<\/p>\n<p>&nbsp;<\/p>\n<h2 class=\"ds-markdown-paragraph\">Atracciones para el P\u00fablico General<\/h2>\n<p class=\"ds-markdown-paragraph\">Cuando el evento abra sus puertas al p\u00fablico el 31 de octubre, el stand se reconfigurar\u00e1 para mostrar modelos espec\u00edficos para Jap\u00f3n. Los asistentes podr\u00e1n ver de cerca el pr\u00f3ximo Skyline 400R Edici\u00f3n Limitada 2026, el X-Trail versi\u00f3n Rock Creek actualizado y el deportivo Fairlady Z.<\/p>\n<p>&nbsp;<\/p>\n<div id='gallery-3' class='gallery galleryid-14574 gallery-columns-2 gallery-size-full'><figure class='gallery-item'>\n\t\t\t<div class='gallery-icon landscape'>\n\t\t\t\t<a href='https:\/\/autofans.com.ar\/index.php\/2025\/10\/23\/nissan-desembarca-en-el-japan-mobility-show-2025\/nissan-5-22\/'><img loading=\"lazy\" width=\"1000\" height=\"667\" src=\"https:\/\/autofans.com.ar\/wp-content\/uploads\/2025\/10\/nissan-5.jpg\" class=\"attachment-full size-full\" alt=\"nissan\" srcset=\"https:\/\/autofans.com.ar\/wp-content\/uploads\/2025\/10\/nissan-5.jpg 1000w, https:\/\/autofans.com.ar\/wp-content\/uploads\/2025\/10\/nissan-5-300x200.jpg 300w, https:\/\/autofans.com.ar\/wp-content\/uploads\/2025\/10\/nissan-5-768x512.jpg 768w\" sizes=\"auto, (max-width: 1000px) 100vw, 1000px\" loading=\"lazy\" decoding=\"async\" \/><\/a>\n\t\t\t<\/div><\/figure><figure class='gallery-item'>\n\t\t\t<div class='gallery-icon landscape'>\n\t\t\t\t<a href='https:\/\/autofans.com.ar\/index.php\/2025\/10\/23\/nissan-desembarca-en-el-japan-mobility-show-2025\/nissan-6-9\/'><img loading=\"lazy\" width=\"1000\" height=\"667\" src=\"https:\/\/autofans.com.ar\/wp-content\/uploads\/2025\/10\/nissan-6.jpg\" class=\"attachment-full size-full\" alt=\"nissan\" srcset=\"https:\/\/autofans.com.ar\/wp-content\/uploads\/2025\/10\/nissan-6.jpg 1000w, https:\/\/autofans.com.ar\/wp-content\/uploads\/2025\/10\/nissan-6-300x200.jpg 300w, https:\/\/autofans.com.ar\/wp-content\/uploads\/2025\/10\/nissan-6-768x512.jpg 768w\" sizes=\"auto, (max-width: 1000px) 100vw, 1000px\" loading=\"lazy\" decoding=\"async\" \/><\/a>\n\t\t\t<\/div><\/figure>\n\t\t<\/div>\n\n<p>&nbsp;<\/p>\n<h4 class=\"ds-markdown-paragraph\">Detalles del Evento<\/h4>\n<ul>\n<li>\n<p class=\"ds-markdown-paragraph\">Lugar: Tokyo Big Sight, West Hall 1.<\/p>\n<\/li>\n<li>\n<p class=\"ds-markdown-paragraph\">D\u00edas de prensa: 29 y 30 de octubre.<\/p>\n<\/li>\n<li>\n<p class=\"ds-markdown-paragraph\">D\u00edas abiertos al p\u00fablico: 31 de octubre al 9 de noviembre.<\/p>\n<\/li>\n<li>\n<p class=\"ds-markdown-paragraph\">Conferencia de prensa de Nissan: 29 de octubre, 10:40 a.m. (hora de Jap\u00f3n). Se transmitir\u00e1 en vivo.<\/p>\n<\/li>\n<\/ul>\n<p>&nbsp;<\/p>\n<p>&nbsp;<\/p>\n<p>&nbsp;<\/p>\n<p><i>Para enterarte de m\u00e1s novedades, no dejes de leer\u00a0<\/i><a href=\"https:\/\/autofans.thebrandsoup.com\/\"><i>nuestras notas<\/i><\/a><i>, de ver\u00a0<\/i><a href=\"https:\/\/www.youtube.com\/channel\/UCgAC8UGHZYbT6P7PpmVnP7g\"><i>AUTOFANS TV<\/i><\/a><i>\u00a0en nuestro\u00a0canal de Youtube. Adem\u00e1s seguinos en\u00a0<\/i><a href=\"https:\/\/www.instagram.com\/autofanstv\/\"><i>INSTAGRAM<\/i><\/a><i> y <\/i><a href=\"https:\/\/www.facebook.com\/autofansmas\/\"><i>FACEBOOK<\/i><\/a><i> para no perderte nada sobre las novedades del segmento automotor de Argentina y el mundo.<\/i><\/p>\n","protected":false},"excerpt":{"rendered":"<p>Nissan confirm\u00f3 su participaci\u00f3n en el Japan Mobility Show 2025, donde exhibir\u00e1 su visi\u00f3n para&#8230;<\/p>\n","protected":false},"author":2,"featured_media":14578,"comment_status":"closed","ping_status":"closed","sticky":false,"template":"","format":"standard","meta":{"footnotes":""},"categories":[341,16],"tags":[7646,7645,2798,886,7643,7642,7641,7644,7640,5205],"class_list":["post-14574","post","type-post","status-publish","format-standard","has-post-thumbnail","hentry","category-hibridos-y-electricos","category-noticias","tag-autos-autonomos-nissan","tag-formula-e-nissan","tag-futuro-de-la-movilidad","tag-innovacion-automotriz","tag-movilidad-electrica-argentina","tag-nissan-ariya-renovado","tag-nissan-elgrand-2025","tag-nissan-energy","tag-nissan-japan-mobility-show-2025","tag-vehiculos-electricos-nissan"],"yoast_head":"<!-- This site is optimized with the Yoast SEO plugin v27.5 - https:\/\/yoast.com\/product\/yoast-seo-wordpress\/ -->\n<title>Nissan desembarca en el Japan Mobility Show 2025 -<\/title>\n<meta name=\"description\" content=\"Nissan confirm\u00f3 su participaci\u00f3n en el Japan Mobility Show donde exhibir\u00e1 su visi\u00f3n para un futuro de movilidad m\u00e1s inteligente y sustentable\" \/>\n<meta name=\"robots\" content=\"index, follow, max-snippet:-1, max-image-preview:large, max-video-preview:-1\" \/>\n<link rel=\"canonical\" href=\"https:\/\/autofans.com.ar\/index.php\/2025\/10\/23\/nissan-desembarca-en-el-japan-mobility-show-2025\/\" \/>\n<meta property=\"og:locale\" content=\"es_ES\" \/>\n<meta property=\"og:type\" content=\"article\" \/>\n<meta property=\"og:title\" content=\"Nissan desembarca en el Japan Mobility Show 2025 -\" \/>\n<meta property=\"og:description\" content=\"Nissan confirm\u00f3 su participaci\u00f3n en el Japan Mobility Show donde exhibir\u00e1 su visi\u00f3n para un futuro de movilidad m\u00e1s inteligente y sustentable\" \/>\n<meta property=\"og:url\" content=\"https:\/\/autofans.com.ar\/index.php\/2025\/10\/23\/nissan-desembarca-en-el-japan-mobility-show-2025\/\" \/>\n<meta property=\"article:published_time\" content=\"2025-10-23T19:44:42+00:00\" \/>\n<meta property=\"og:image\" content=\"https:\/\/autofans.com.ar\/wp-content\/uploads\/2025\/10\/nissan-8.jpg\" \/>\n\t<meta property=\"og:image:width\" content=\"1000\" \/>\n\t<meta property=\"og:image:height\" content=\"667\" \/>\n\t<meta property=\"og:image:type\" content=\"image\/jpeg\" \/>\n<meta name=\"author\" content=\"Alejandro Gabriel Rosito\" \/>\n<meta name=\"twitter:card\" content=\"summary_large_image\" \/>\n<meta name=\"twitter:label1\" content=\"Escrito por\" \/>\n\t<meta name=\"twitter:data1\" content=\"Alejandro Gabriel Rosito\" \/>\n\t<meta name=\"twitter:label2\" content=\"Tiempo de lectura\" \/>\n\t<meta name=\"twitter:data2\" content=\"3 minutos\" \/>\n<script type=\"application\/ld+json\" class=\"yoast-schema-graph\">{\"@context\":\"https:\\\/\\\/schema.org\",\"@graph\":[{\"@type\":\"Article\",\"@id\":\"https:\\\/\\\/autofans.com.ar\\\/index.php\\\/2025\\\/10\\\/23\\\/nissan-desembarca-en-el-japan-mobility-show-2025\\\/#article\",\"isPartOf\":{\"@id\":\"https:\\\/\\\/autofans.com.ar\\\/index.php\\\/2025\\\/10\\\/23\\\/nissan-desembarca-en-el-japan-mobility-show-2025\\\/\"},\"author\":{\"name\":\"Alejandro Gabriel Rosito\",\"@id\":\"https:\\\/\\\/autofans.com.ar\\\/#\\\/schema\\\/person\\\/4a8dda0b6df83ac3d6723e921274c2aa\"},\"headline\":\"Nissan desembarca en el Japan Mobility Show 2025\",\"datePublished\":\"2025-10-23T19:44:42+00:00\",\"mainEntityOfPage\":{\"@id\":\"https:\\\/\\\/autofans.com.ar\\\/index.php\\\/2025\\\/10\\\/23\\\/nissan-desembarca-en-el-japan-mobility-show-2025\\\/\"},\"wordCount\":577,\"image\":{\"@id\":\"https:\\\/\\\/autofans.com.ar\\\/index.php\\\/2025\\\/10\\\/23\\\/nissan-desembarca-en-el-japan-mobility-show-2025\\\/#primaryimage\"},\"thumbnailUrl\":\"https:\\\/\\\/autofans.com.ar\\\/wp-content\\\/uploads\\\/2025\\\/10\\\/nissan-8.jpg\",\"keywords\":[\"autos aut\u00f3nomos Nissan\",\"Formula E Nissan\",\"Futuro de la Movilidad\",\"Innovaci\u00f3n automotriz\",\"movilidad el\u00e9ctrica Argentina\",\"Nissan Ariya renovado\",\"Nissan Elgrand 2025\",\"Nissan Energy\",\"Nissan Japan Mobility Show 2025\",\"veh\u00edculos el\u00e9ctricos Nissan\"],\"articleSection\":[\"HIBRIDOS, ELECTRICOS y otros\",\"NOTICIAS\"],\"inLanguage\":\"es\"},{\"@type\":\"WebPage\",\"@id\":\"https:\\\/\\\/autofans.com.ar\\\/index.php\\\/2025\\\/10\\\/23\\\/nissan-desembarca-en-el-japan-mobility-show-2025\\\/\",\"url\":\"https:\\\/\\\/autofans.com.ar\\\/index.php\\\/2025\\\/10\\\/23\\\/nissan-desembarca-en-el-japan-mobility-show-2025\\\/\",\"name\":\"Nissan desembarca en el Japan Mobility Show 2025 -\",\"isPartOf\":{\"@id\":\"https:\\\/\\\/autofans.com.ar\\\/#website\"},\"primaryImageOfPage\":{\"@id\":\"https:\\\/\\\/autofans.com.ar\\\/index.php\\\/2025\\\/10\\\/23\\\/nissan-desembarca-en-el-japan-mobility-show-2025\\\/#primaryimage\"},\"image\":{\"@id\":\"https:\\\/\\\/autofans.com.ar\\\/index.php\\\/2025\\\/10\\\/23\\\/nissan-desembarca-en-el-japan-mobility-show-2025\\\/#primaryimage\"},\"thumbnailUrl\":\"https:\\\/\\\/autofans.com.ar\\\/wp-content\\\/uploads\\\/2025\\\/10\\\/nissan-8.jpg\",\"datePublished\":\"2025-10-23T19:44:42+00:00\",\"author\":{\"@id\":\"https:\\\/\\\/autofans.com.ar\\\/#\\\/schema\\\/person\\\/4a8dda0b6df83ac3d6723e921274c2aa\"},\"description\":\"Nissan confirm\u00f3 su participaci\u00f3n en el Japan Mobility Show donde exhibir\u00e1 su visi\u00f3n para un futuro de movilidad m\u00e1s inteligente y sustentable\",\"breadcrumb\":{\"@id\":\"https:\\\/\\\/autofans.com.ar\\\/index.php\\\/2025\\\/10\\\/23\\\/nissan-desembarca-en-el-japan-mobility-show-2025\\\/#breadcrumb\"},\"inLanguage\":\"es\",\"potentialAction\":[{\"@type\":\"ReadAction\",\"target\":[\"https:\\\/\\\/autofans.com.ar\\\/index.php\\\/2025\\\/10\\\/23\\\/nissan-desembarca-en-el-japan-mobility-show-2025\\\/\"]}]},{\"@type\":\"ImageObject\",\"inLanguage\":\"es\",\"@id\":\"https:\\\/\\\/autofans.com.ar\\\/index.php\\\/2025\\\/10\\\/23\\\/nissan-desembarca-en-el-japan-mobility-show-2025\\\/#primaryimage\",\"url\":\"https:\\\/\\\/autofans.com.ar\\\/wp-content\\\/uploads\\\/2025\\\/10\\\/nissan-8.jpg\",\"contentUrl\":\"https:\\\/\\\/autofans.com.ar\\\/wp-content\\\/uploads\\\/2025\\\/10\\\/nissan-8.jpg\",\"width\":1000,\"height\":667},{\"@type\":\"BreadcrumbList\",\"@id\":\"https:\\\/\\\/autofans.com.ar\\\/index.php\\\/2025\\\/10\\\/23\\\/nissan-desembarca-en-el-japan-mobility-show-2025\\\/#breadcrumb\",\"itemListElement\":[{\"@type\":\"ListItem\",\"position\":1,\"name\":\"Inicio\",\"item\":\"https:\\\/\\\/autofans.com.ar\\\/\"},{\"@type\":\"ListItem\",\"position\":2,\"name\":\"Nissan desembarca en el Japan Mobility Show 2025\"}]},{\"@type\":\"WebSite\",\"@id\":\"https:\\\/\\\/autofans.com.ar\\\/#website\",\"url\":\"https:\\\/\\\/autofans.com.ar\\\/\",\"name\":\"\",\"description\":\"El multimedio referente de la industria automotriz\",\"potentialAction\":[{\"@type\":\"SearchAction\",\"target\":{\"@type\":\"EntryPoint\",\"urlTemplate\":\"https:\\\/\\\/autofans.com.ar\\\/?s={search_term_string}\"},\"query-input\":{\"@type\":\"PropertyValueSpecification\",\"valueRequired\":true,\"valueName\":\"search_term_string\"}}],\"inLanguage\":\"es\"},{\"@type\":\"Person\",\"@id\":\"https:\\\/\\\/autofans.com.ar\\\/#\\\/schema\\\/person\\\/4a8dda0b6df83ac3d6723e921274c2aa\",\"name\":\"Alejandro Gabriel Rosito\",\"image\":{\"@type\":\"ImageObject\",\"inLanguage\":\"es\",\"@id\":\"https:\\\/\\\/secure.gravatar.com\\\/avatar\\\/16c5dda1489adfc62618084dcbb91cffd879c374b13fe5dd8e44ed6733852c88?s=96&d=mm&r=g\",\"url\":\"https:\\\/\\\/secure.gravatar.com\\\/avatar\\\/16c5dda1489adfc62618084dcbb91cffd879c374b13fe5dd8e44ed6733852c88?s=96&d=mm&r=g\",\"contentUrl\":\"https:\\\/\\\/secure.gravatar.com\\\/avatar\\\/16c5dda1489adfc62618084dcbb91cffd879c374b13fe5dd8e44ed6733852c88?s=96&d=mm&r=g\",\"caption\":\"Alejandro Gabriel Rosito\"},\"url\":\"https:\\\/\\\/autofans.com.ar\\\/index.php\\\/author\\\/gabrielr\\\/\"}]}<\/script>\n<!-- \/ Yoast SEO plugin. -->","yoast_head_json":{"title":"Nissan desembarca en el Japan Mobility Show 2025 -","description":"Nissan confirm\u00f3 su participaci\u00f3n en el Japan Mobility Show donde exhibir\u00e1 su visi\u00f3n para un futuro de movilidad m\u00e1s inteligente y sustentable","robots":{"index":"index","follow":"follow","max-snippet":"max-snippet:-1","max-image-preview":"max-image-preview:large","max-video-preview":"max-video-preview:-1"},"canonical":"https:\/\/autofans.com.ar\/index.php\/2025\/10\/23\/nissan-desembarca-en-el-japan-mobility-show-2025\/","og_locale":"es_ES","og_type":"article","og_title":"Nissan desembarca en el Japan Mobility Show 2025 -","og_description":"Nissan confirm\u00f3 su participaci\u00f3n en el Japan Mobility Show donde exhibir\u00e1 su visi\u00f3n para un futuro de movilidad m\u00e1s inteligente y sustentable","og_url":"https:\/\/autofans.com.ar\/index.php\/2025\/10\/23\/nissan-desembarca-en-el-japan-mobility-show-2025\/","article_published_time":"2025-10-23T19:44:42+00:00","og_image":[{"width":1000,"height":667,"url":"https:\/\/autofans.com.ar\/wp-content\/uploads\/2025\/10\/nissan-8.jpg","type":"image\/jpeg"}],"author":"Alejandro Gabriel Rosito","twitter_card":"summary_large_image","twitter_misc":{"Escrito por":"Alejandro Gabriel Rosito","Tiempo de lectura":"3 minutos"},"schema":{"@context":"https:\/\/schema.org","@graph":[{"@type":"Article","@id":"https:\/\/autofans.com.ar\/index.php\/2025\/10\/23\/nissan-desembarca-en-el-japan-mobility-show-2025\/#article","isPartOf":{"@id":"https:\/\/autofans.com.ar\/index.php\/2025\/10\/23\/nissan-desembarca-en-el-japan-mobility-show-2025\/"},"author":{"name":"Alejandro Gabriel Rosito","@id":"https:\/\/autofans.com.ar\/#\/schema\/person\/4a8dda0b6df83ac3d6723e921274c2aa"},"headline":"Nissan desembarca en el Japan Mobility Show 2025","datePublished":"2025-10-23T19:44:42+00:00","mainEntityOfPage":{"@id":"https:\/\/autofans.com.ar\/index.php\/2025\/10\/23\/nissan-desembarca-en-el-japan-mobility-show-2025\/"},"wordCount":577,"image":{"@id":"https:\/\/autofans.com.ar\/index.php\/2025\/10\/23\/nissan-desembarca-en-el-japan-mobility-show-2025\/#primaryimage"},"thumbnailUrl":"https:\/\/autofans.com.ar\/wp-content\/uploads\/2025\/10\/nissan-8.jpg","keywords":["autos aut\u00f3nomos Nissan","Formula E Nissan","Futuro de la Movilidad","Innovaci\u00f3n automotriz","movilidad el\u00e9ctrica Argentina","Nissan Ariya renovado","Nissan Elgrand 2025","Nissan Energy","Nissan Japan Mobility Show 2025","veh\u00edculos el\u00e9ctricos Nissan"],"articleSection":["HIBRIDOS, ELECTRICOS y otros","NOTICIAS"],"inLanguage":"es"},{"@type":"WebPage","@id":"https:\/\/autofans.com.ar\/index.php\/2025\/10\/23\/nissan-desembarca-en-el-japan-mobility-show-2025\/","url":"https:\/\/autofans.com.ar\/index.php\/2025\/10\/23\/nissan-desembarca-en-el-japan-mobility-show-2025\/","name":"Nissan desembarca en el Japan Mobility Show 2025 -","isPartOf":{"@id":"https:\/\/autofans.com.ar\/#website"},"primaryImageOfPage":{"@id":"https:\/\/autofans.com.ar\/index.php\/2025\/10\/23\/nissan-desembarca-en-el-japan-mobility-show-2025\/#primaryimage"},"image":{"@id":"https:\/\/autofans.com.ar\/index.php\/2025\/10\/23\/nissan-desembarca-en-el-japan-mobility-show-2025\/#primaryimage"},"thumbnailUrl":"https:\/\/autofans.com.ar\/wp-content\/uploads\/2025\/10\/nissan-8.jpg","datePublished":"2025-10-23T19:44:42+00:00","author":{"@id":"https:\/\/autofans.com.ar\/#\/schema\/person\/4a8dda0b6df83ac3d6723e921274c2aa"},"description":"Nissan confirm\u00f3 su participaci\u00f3n en el Japan Mobility Show donde exhibir\u00e1 su visi\u00f3n para un futuro de movilidad m\u00e1s inteligente y sustentable","breadcrumb":{"@id":"https:\/\/autofans.com.ar\/index.php\/2025\/10\/23\/nissan-desembarca-en-el-japan-mobility-show-2025\/#breadcrumb"},"inLanguage":"es","potentialAction":[{"@type":"ReadAction","target":["https:\/\/autofans.com.ar\/index.php\/2025\/10\/23\/nissan-desembarca-en-el-japan-mobility-show-2025\/"]}]},{"@type":"ImageObject","inLanguage":"es","@id":"https:\/\/autofans.com.ar\/index.php\/2025\/10\/23\/nissan-desembarca-en-el-japan-mobility-show-2025\/#primaryimage","url":"https:\/\/autofans.com.ar\/wp-content\/uploads\/2025\/10\/nissan-8.jpg","contentUrl":"https:\/\/autofans.com.ar\/wp-content\/uploads\/2025\/10\/nissan-8.jpg","width":1000,"height":667},{"@type":"BreadcrumbList","@id":"https:\/\/autofans.com.ar\/index.php\/2025\/10\/23\/nissan-desembarca-en-el-japan-mobility-show-2025\/#breadcrumb","itemListElement":[{"@type":"ListItem","position":1,"name":"Inicio","item":"https:\/\/autofans.com.ar\/"},{"@type":"ListItem","position":2,"name":"Nissan desembarca en el Japan Mobility Show 2025"}]},{"@type":"WebSite","@id":"https:\/\/autofans.com.ar\/#website","url":"https:\/\/autofans.com.ar\/","name":"","description":"El multimedio referente de la industria automotriz","potentialAction":[{"@type":"SearchAction","target":{"@type":"EntryPoint","urlTemplate":"https:\/\/autofans.com.ar\/?s={search_term_string}"},"query-input":{"@type":"PropertyValueSpecification","valueRequired":true,"valueName":"search_term_string"}}],"inLanguage":"es"},{"@type":"Person","@id":"https:\/\/autofans.com.ar\/#\/schema\/person\/4a8dda0b6df83ac3d6723e921274c2aa","name":"Alejandro Gabriel Rosito","image":{"@type":"ImageObject","inLanguage":"es","@id":"https:\/\/secure.gravatar.com\/avatar\/16c5dda1489adfc62618084dcbb91cffd879c374b13fe5dd8e44ed6733852c88?s=96&d=mm&r=g","url":"https:\/\/secure.gravatar.com\/avatar\/16c5dda1489adfc62618084dcbb91cffd879c374b13fe5dd8e44ed6733852c88?s=96&d=mm&r=g","contentUrl":"https:\/\/secure.gravatar.com\/avatar\/16c5dda1489adfc62618084dcbb91cffd879c374b13fe5dd8e44ed6733852c88?s=96&d=mm&r=g","caption":"Alejandro Gabriel Rosito"},"url":"https:\/\/autofans.com.ar\/index.php\/author\/gabrielr\/"}]}},"featured_image_urls":{"full":["https:\/\/autofans.com.ar\/wp-content\/uploads\/2025\/10\/nissan-8.jpg",1000,667,false],"thumbnail":["https:\/\/autofans.com.ar\/wp-content\/uploads\/2025\/10\/nissan-8-150x150.jpg",150,150,true],"medium":["https:\/\/autofans.com.ar\/wp-content\/uploads\/2025\/10\/nissan-8-300x200.jpg",300,200,true],"medium_large":["https:\/\/autofans.com.ar\/wp-content\/uploads\/2025\/10\/nissan-8-768x512.jpg",640,427,true],"large":["https:\/\/autofans.com.ar\/wp-content\/uploads\/2025\/10\/nissan-8.jpg",640,427,false],"1536x1536":["https:\/\/autofans.com.ar\/wp-content\/uploads\/2025\/10\/nissan-8.jpg",1000,667,false],"2048x2048":["https:\/\/autofans.com.ar\/wp-content\/uploads\/2025\/10\/nissan-8.jpg",1000,667,false],"covernews-featured":["https:\/\/autofans.com.ar\/wp-content\/uploads\/2025\/10\/nissan-8.jpg",1000,667,false],"covernews-medium":["https:\/\/autofans.com.ar\/wp-content\/uploads\/2025\/10\/nissan-8-540x340.jpg",540,340,true]},"author_info":{"display_name":"Alejandro Gabriel Rosito","author_link":"https:\/\/autofans.com.ar\/index.php\/author\/gabrielr\/"},"category_info":"<a href=\"https:\/\/autofans.com.ar\/index.php\/category\/noticias\/hibridos-y-electricos\/\" rel=\"category tag\">HIBRIDOS, ELECTRICOS y otros<\/a> <a href=\"https:\/\/autofans.com.ar\/index.php\/category\/noticias\/\" rel=\"category tag\">NOTICIAS<\/a>","tag_info":"NOTICIAS","comment_count":0,"_links":{"self":[{"href":"https:\/\/autofans.com.ar\/index.php\/wp-json\/wp\/v2\/posts\/14574","targetHints":{"allow":["GET"]}}],"collection":[{"href":"https:\/\/autofans.com.ar\/index.php\/wp-json\/wp\/v2\/posts"}],"about":[{"href":"https:\/\/autofans.com.ar\/index.php\/wp-json\/wp\/v2\/types\/post"}],"author":[{"embeddable":true,"href":"https:\/\/autofans.com.ar\/index.php\/wp-json\/wp\/v2\/users\/2"}],"replies":[{"embeddable":true,"href":"https:\/\/autofans.com.ar\/index.php\/wp-json\/wp\/v2\/comments?post=14574"}],"version-history":[{"count":2,"href":"https:\/\/autofans.com.ar\/index.php\/wp-json\/wp\/v2\/posts\/14574\/revisions"}],"predecessor-version":[{"id":14586,"href":"https:\/\/autofans.com.ar\/index.php\/wp-json\/wp\/v2\/posts\/14574\/revisions\/14586"}],"wp:featuredmedia":[{"embeddable":true,"href":"https:\/\/autofans.com.ar\/index.php\/wp-json\/wp\/v2\/media\/14578"}],"wp:attachment":[{"href":"https:\/\/autofans.com.ar\/index.php\/wp-json\/wp\/v2\/media?parent=14574"}],"wp:term":[{"taxonomy":"category","embeddable":true,"href":"https:\/\/autofans.com.ar\/index.php\/wp-json\/wp\/v2\/categories?post=14574"},{"taxonomy":"post_tag","embeddable":true,"href":"https:\/\/autofans.com.ar\/index.php\/wp-json\/wp\/v2\/tags?post=14574"}],"curies":[{"name":"wp","href":"https:\/\/api.w.org\/{rel}","templated":true}]}}