{"id":14604,"date":"2025-10-27T16:44:47","date_gmt":"2025-10-27T19:44:47","guid":{"rendered":"https:\/\/autofans.com.ar\/?p=14604"},"modified":"2025-10-27T18:30:33","modified_gmt":"2025-10-27T21:30:33","slug":"toyota-presenta-su-corolla-cross-aventurero","status":"publish","type":"post","link":"https:\/\/autofans.com.ar\/index.php\/2025\/10\/27\/toyota-presenta-su-corolla-cross-aventurero\/","title":{"rendered":"Toyota presenta su Corolla Cross aventurero"},"content":{"rendered":"<p class=\"ds-markdown-paragraph\">Inspirado en el Monte Nasu de Jap\u00f3n, este modelo combina la eficiencia de su mec\u00e1nica h\u00edbrida con un dise\u00f1o reforzado y accesorios espec\u00edficos. El desarrollo estuvo a cargo del equipo interno de Toyota, utilizando t\u00e9cnicas como dise\u00f1o CAD e impresi\u00f3n 3D.<\/p>\n<p>&nbsp;<\/p>\n<h2 class=\"ds-markdown-paragraph\">Toyota &#8211; equipamiento y dise\u00f1o exterior<\/h2>\n<p>&nbsp;<\/p>\n<div id='gallery-1' class='gallery galleryid-14604 gallery-columns-3 gallery-size-full'><figure class='gallery-item'>\n\t\t\t<div class='gallery-icon landscape'>\n\t\t\t\t<a href='https:\/\/autofans.com.ar\/index.php\/2025\/10\/27\/toyota-presenta-su-corolla-cross-aventurero\/toyota-5-9\/'><img loading=\"lazy\" width=\"1000\" height=\"667\" src=\"https:\/\/autofans.com.ar\/wp-content\/uploads\/2025\/10\/toyota-5.jpg\" class=\"attachment-full size-full\" alt=\"Toyota\" srcset=\"https:\/\/autofans.com.ar\/wp-content\/uploads\/2025\/10\/toyota-5.jpg 1000w, https:\/\/autofans.com.ar\/wp-content\/uploads\/2025\/10\/toyota-5-300x200.jpg 300w, https:\/\/autofans.com.ar\/wp-content\/uploads\/2025\/10\/toyota-5-768x512.jpg 768w\" sizes=\"auto, (max-width: 1000px) 100vw, 1000px\" loading=\"lazy\" decoding=\"async\" \/><\/a>\n\t\t\t<\/div><\/figure><figure class='gallery-item'>\n\t\t\t<div class='gallery-icon landscape'>\n\t\t\t\t<a href='https:\/\/autofans.com.ar\/index.php\/2025\/10\/27\/toyota-presenta-su-corolla-cross-aventurero\/toyota-1-25\/'><img loading=\"lazy\" width=\"1000\" height=\"667\" src=\"https:\/\/autofans.com.ar\/wp-content\/uploads\/2025\/10\/toyota-1.jpg\" class=\"attachment-full size-full\" alt=\"Toyota\" srcset=\"https:\/\/autofans.com.ar\/wp-content\/uploads\/2025\/10\/toyota-1.jpg 1000w, https:\/\/autofans.com.ar\/wp-content\/uploads\/2025\/10\/toyota-1-300x200.jpg 300w, https:\/\/autofans.com.ar\/wp-content\/uploads\/2025\/10\/toyota-1-768x512.jpg 768w\" sizes=\"auto, (max-width: 1000px) 100vw, 1000px\" loading=\"lazy\" decoding=\"async\" \/><\/a>\n\t\t\t<\/div><\/figure><figure class='gallery-item'>\n\t\t\t<div class='gallery-icon landscape'>\n\t\t\t\t<a href='https:\/\/autofans.com.ar\/index.php\/2025\/10\/27\/toyota-presenta-su-corolla-cross-aventurero\/toyota-3-25\/'><img loading=\"lazy\" width=\"1000\" height=\"667\" src=\"https:\/\/autofans.com.ar\/wp-content\/uploads\/2025\/10\/toyota-3.jpg\" class=\"attachment-full size-full\" alt=\"Toyota\" srcset=\"https:\/\/autofans.com.ar\/wp-content\/uploads\/2025\/10\/toyota-3.jpg 1000w, https:\/\/autofans.com.ar\/wp-content\/uploads\/2025\/10\/toyota-3-300x200.jpg 300w, https:\/\/autofans.com.ar\/wp-content\/uploads\/2025\/10\/toyota-3-768x512.jpg 768w\" sizes=\"auto, (max-width: 1000px) 100vw, 1000px\" loading=\"lazy\" decoding=\"async\" \/><\/a>\n\t\t\t<\/div><\/figure>\n\t\t<\/div>\n\n<p>&nbsp;<\/p>\n<p class=\"ds-markdown-paragraph\">El aspecto aventurero se logra con un kit de carrocer\u00eda exclusivo, un cap\u00f3 modificado y una pintura color p\u00farpura. Incluye elementos funcionales como deslizadores de rocas, un portaequipajes articulado y un caj\u00f3n de carga.<\/p>\n<p class=\"ds-markdown-paragraph\">El sistema de iluminaci\u00f3n se completa con barras de LED y luces de charco. En el interior, se utilizaron materiales resistentes y se a\u00f1adi\u00f3 una bicicleta de descenso personalizada.<\/p>\n<p>&nbsp;<\/p>\n<h2 class=\"ds-markdown-paragraph\">La mec\u00e1nica del Corolla Cross Nasu Edition<\/h2>\n<p>&nbsp;<\/p>\n<div id='gallery-2' class='gallery galleryid-14604 gallery-columns-3 gallery-size-full'><figure class='gallery-item'>\n\t\t\t<div class='gallery-icon landscape'>\n\t\t\t\t<a href='https:\/\/autofans.com.ar\/index.php\/2025\/10\/27\/toyota-presenta-su-corolla-cross-aventurero\/toyota-7-3\/'><img loading=\"lazy\" width=\"1000\" height=\"667\" src=\"https:\/\/autofans.com.ar\/wp-content\/uploads\/2025\/10\/toyota-7.jpg\" class=\"attachment-full size-full\" alt=\"toyota-7\" srcset=\"https:\/\/autofans.com.ar\/wp-content\/uploads\/2025\/10\/toyota-7.jpg 1000w, https:\/\/autofans.com.ar\/wp-content\/uploads\/2025\/10\/toyota-7-300x200.jpg 300w, https:\/\/autofans.com.ar\/wp-content\/uploads\/2025\/10\/toyota-7-768x512.jpg 768w\" sizes=\"auto, (max-width: 1000px) 100vw, 1000px\" loading=\"lazy\" decoding=\"async\" \/><\/a>\n\t\t\t<\/div><\/figure><figure class='gallery-item'>\n\t\t\t<div class='gallery-icon landscape'>\n\t\t\t\t<a href='https:\/\/autofans.com.ar\/index.php\/2025\/10\/27\/toyota-presenta-su-corolla-cross-aventurero\/toyota-2-25\/'><img loading=\"lazy\" width=\"1000\" height=\"667\" src=\"https:\/\/autofans.com.ar\/wp-content\/uploads\/2025\/10\/toyota-2.jpg\" class=\"attachment-full size-full\" alt=\"Toyota\" srcset=\"https:\/\/autofans.com.ar\/wp-content\/uploads\/2025\/10\/toyota-2.jpg 1000w, https:\/\/autofans.com.ar\/wp-content\/uploads\/2025\/10\/toyota-2-300x200.jpg 300w, https:\/\/autofans.com.ar\/wp-content\/uploads\/2025\/10\/toyota-2-768x512.jpg 768w\" sizes=\"auto, (max-width: 1000px) 100vw, 1000px\" loading=\"lazy\" decoding=\"async\" \/><\/a>\n\t\t\t<\/div><\/figure><figure class='gallery-item'>\n\t\t\t<div class='gallery-icon landscape'>\n\t\t\t\t<a href='https:\/\/autofans.com.ar\/index.php\/2025\/10\/27\/toyota-presenta-su-corolla-cross-aventurero\/toyota-4-15\/'><img loading=\"lazy\" width=\"1000\" height=\"667\" src=\"https:\/\/autofans.com.ar\/wp-content\/uploads\/2025\/10\/toyota-4.jpg\" class=\"attachment-full size-full\" alt=\"Toyota\" srcset=\"https:\/\/autofans.com.ar\/wp-content\/uploads\/2025\/10\/toyota-4.jpg 1000w, https:\/\/autofans.com.ar\/wp-content\/uploads\/2025\/10\/toyota-4-300x200.jpg 300w, https:\/\/autofans.com.ar\/wp-content\/uploads\/2025\/10\/toyota-4-768x512.jpg 768w\" sizes=\"auto, (max-width: 1000px) 100vw, 1000px\" loading=\"lazy\" decoding=\"async\" \/><\/a>\n\t\t\t<\/div><\/figure>\n\t\t<\/div>\n\n<p>&nbsp;<\/p>\n<p class=\"ds-markdown-paragraph\">A diferencia de la versi\u00f3n que llega a la Argentina, este prototipo utiliza un sistema h\u00edbrido con un motor 2.0 y tres motores el\u00e9ctricos, que generan 196 caballos de fuerza.<\/p>\n<p class=\"ds-markdown-paragraph\">Su capacidad para terrenos dif\u00edciles se potencia con tracci\u00f3n integral, una suspensi\u00f3n elevada y neum\u00e1ticos todo terreno. Esto le otorga una presencia m\u00e1s imponente respecto al modelo de serie.<\/p>\n<p>&nbsp;<\/p>\n<p>&nbsp;<\/p>\n<p><i>Para enterarte de m\u00e1s novedades, no dejes de leer\u00a0<\/i><a href=\"https:\/\/autofans.thebrandsoup.com\/\"><i>nuestras notas<\/i><\/a><i>, de ver\u00a0<\/i><a href=\"https:\/\/www.youtube.com\/channel\/UCgAC8UGHZYbT6P7PpmVnP7g\"><i>AUTOFANS TV<\/i><\/a><i>\u00a0en nuestro\u00a0canal de Youtube. Adem\u00e1s seguinos en\u00a0<\/i><a href=\"https:\/\/www.instagram.com\/autofanstv\/\"><i>INSTAGRAM<\/i><\/a><i> y <\/i><a href=\"https:\/\/www.facebook.com\/autofansmas\/\"><i>FACEBOOK<\/i><\/a><i> para no perderte nada sobre las novedades del segmento automotor de Argentina y el mundo.<\/i><\/p>\n","protected":false},"excerpt":{"rendered":"<p>Inspirado en el Monte Nasu de Jap\u00f3n, este modelo combina la eficiencia de su mec\u00e1nica&#8230;<\/p>\n","protected":false},"author":2,"featured_media":14606,"comment_status":"closed","ping_status":"closed","sticky":false,"template":"","format":"standard","meta":{"footnotes":""},"categories":[341,16],"tags":[5758,7654,7655,7653,7656,7657],"class_list":["post-14604","post","type-post","status-publish","format-standard","has-post-thumbnail","hentry","category-hibridos-y-electricos","category-noticias","tag-corolla-cross-hibrido","tag-nasu-edition","tag-prototipo-toyota","tag-sema-2025","tag-suv-aventura","tag-vehiculo-conceptual"],"yoast_head":"<!-- This site is optimized with the Yoast SEO plugin v27.5 - https:\/\/yoast.com\/product\/yoast-seo-wordpress\/ -->\n<title>Toyota presenta su Corolla Cross aventurero -<\/title>\n<meta name=\"description\" content=\"Este modelo combina la eficiencia de su mec\u00e1nica h\u00edbrida con un dise\u00f1o reforzado. El desarrollo estuvo a cargo del equipo interno de Toyota..\" \/>\n<meta name=\"robots\" content=\"index, follow, max-snippet:-1, max-image-preview:large, max-video-preview:-1\" \/>\n<link rel=\"canonical\" href=\"https:\/\/autofans.com.ar\/index.php\/2025\/10\/27\/toyota-presenta-su-corolla-cross-aventurero\/\" \/>\n<meta property=\"og:locale\" content=\"es_ES\" \/>\n<meta property=\"og:type\" content=\"article\" \/>\n<meta property=\"og:title\" content=\"Toyota presenta su Corolla Cross aventurero -\" \/>\n<meta property=\"og:description\" content=\"Este modelo combina la eficiencia de su mec\u00e1nica h\u00edbrida con un dise\u00f1o reforzado. El desarrollo estuvo a cargo del equipo interno de Toyota..\" \/>\n<meta property=\"og:url\" content=\"https:\/\/autofans.com.ar\/index.php\/2025\/10\/27\/toyota-presenta-su-corolla-cross-aventurero\/\" \/>\n<meta property=\"article:published_time\" content=\"2025-10-27T19:44:47+00:00\" \/>\n<meta property=\"article:modified_time\" content=\"2025-10-27T21:30:33+00:00\" \/>\n<meta property=\"og:image\" content=\"https:\/\/autofans.com.ar\/wp-content\/uploads\/2025\/10\/toyota-6.jpg\" \/>\n\t<meta property=\"og:image:width\" content=\"1000\" \/>\n\t<meta property=\"og:image:height\" content=\"667\" \/>\n\t<meta property=\"og:image:type\" content=\"image\/jpeg\" \/>\n<meta name=\"author\" content=\"Alejandro Gabriel Rosito\" \/>\n<meta name=\"twitter:card\" content=\"summary_large_image\" \/>\n<meta name=\"twitter:label1\" content=\"Escrito por\" \/>\n\t<meta name=\"twitter:data1\" content=\"Alejandro Gabriel Rosito\" \/>\n\t<meta name=\"twitter:label2\" content=\"Tiempo de lectura\" \/>\n\t<meta name=\"twitter:data2\" content=\"2 minutos\" \/>\n<script type=\"application\/ld+json\" class=\"yoast-schema-graph\">{\"@context\":\"https:\\\/\\\/schema.org\",\"@graph\":[{\"@type\":\"Article\",\"@id\":\"https:\\\/\\\/autofans.com.ar\\\/index.php\\\/2025\\\/10\\\/27\\\/toyota-presenta-su-corolla-cross-aventurero\\\/#article\",\"isPartOf\":{\"@id\":\"https:\\\/\\\/autofans.com.ar\\\/index.php\\\/2025\\\/10\\\/27\\\/toyota-presenta-su-corolla-cross-aventurero\\\/\"},\"author\":{\"name\":\"Alejandro Gabriel Rosito\",\"@id\":\"https:\\\/\\\/autofans.com.ar\\\/#\\\/schema\\\/person\\\/4a8dda0b6df83ac3d6723e921274c2aa\"},\"headline\":\"Toyota presenta su Corolla Cross aventurero\",\"datePublished\":\"2025-10-27T19:44:47+00:00\",\"dateModified\":\"2025-10-27T21:30:33+00:00\",\"mainEntityOfPage\":{\"@id\":\"https:\\\/\\\/autofans.com.ar\\\/index.php\\\/2025\\\/10\\\/27\\\/toyota-presenta-su-corolla-cross-aventurero\\\/\"},\"wordCount\":262,\"image\":{\"@id\":\"https:\\\/\\\/autofans.com.ar\\\/index.php\\\/2025\\\/10\\\/27\\\/toyota-presenta-su-corolla-cross-aventurero\\\/#primaryimage\"},\"thumbnailUrl\":\"https:\\\/\\\/autofans.com.ar\\\/wp-content\\\/uploads\\\/2025\\\/10\\\/toyota-6.jpg\",\"keywords\":[\"Corolla Cross h\u00edbrido\",\"Nasu Edition\",\"prototipo Toyota\",\"SEMA 2025\",\"SUV aventura\",\"veh\u00edculo conceptual\"],\"articleSection\":[\"HIBRIDOS, ELECTRICOS y otros\",\"NOTICIAS\"],\"inLanguage\":\"es\"},{\"@type\":\"WebPage\",\"@id\":\"https:\\\/\\\/autofans.com.ar\\\/index.php\\\/2025\\\/10\\\/27\\\/toyota-presenta-su-corolla-cross-aventurero\\\/\",\"url\":\"https:\\\/\\\/autofans.com.ar\\\/index.php\\\/2025\\\/10\\\/27\\\/toyota-presenta-su-corolla-cross-aventurero\\\/\",\"name\":\"Toyota presenta su Corolla Cross aventurero -\",\"isPartOf\":{\"@id\":\"https:\\\/\\\/autofans.com.ar\\\/#website\"},\"primaryImageOfPage\":{\"@id\":\"https:\\\/\\\/autofans.com.ar\\\/index.php\\\/2025\\\/10\\\/27\\\/toyota-presenta-su-corolla-cross-aventurero\\\/#primaryimage\"},\"image\":{\"@id\":\"https:\\\/\\\/autofans.com.ar\\\/index.php\\\/2025\\\/10\\\/27\\\/toyota-presenta-su-corolla-cross-aventurero\\\/#primaryimage\"},\"thumbnailUrl\":\"https:\\\/\\\/autofans.com.ar\\\/wp-content\\\/uploads\\\/2025\\\/10\\\/toyota-6.jpg\",\"datePublished\":\"2025-10-27T19:44:47+00:00\",\"dateModified\":\"2025-10-27T21:30:33+00:00\",\"author\":{\"@id\":\"https:\\\/\\\/autofans.com.ar\\\/#\\\/schema\\\/person\\\/4a8dda0b6df83ac3d6723e921274c2aa\"},\"description\":\"Este modelo combina la eficiencia de su mec\u00e1nica h\u00edbrida con un dise\u00f1o reforzado. El desarrollo estuvo a cargo del equipo interno de Toyota..\",\"breadcrumb\":{\"@id\":\"https:\\\/\\\/autofans.com.ar\\\/index.php\\\/2025\\\/10\\\/27\\\/toyota-presenta-su-corolla-cross-aventurero\\\/#breadcrumb\"},\"inLanguage\":\"es\",\"potentialAction\":[{\"@type\":\"ReadAction\",\"target\":[\"https:\\\/\\\/autofans.com.ar\\\/index.php\\\/2025\\\/10\\\/27\\\/toyota-presenta-su-corolla-cross-aventurero\\\/\"]}]},{\"@type\":\"ImageObject\",\"inLanguage\":\"es\",\"@id\":\"https:\\\/\\\/autofans.com.ar\\\/index.php\\\/2025\\\/10\\\/27\\\/toyota-presenta-su-corolla-cross-aventurero\\\/#primaryimage\",\"url\":\"https:\\\/\\\/autofans.com.ar\\\/wp-content\\\/uploads\\\/2025\\\/10\\\/toyota-6.jpg\",\"contentUrl\":\"https:\\\/\\\/autofans.com.ar\\\/wp-content\\\/uploads\\\/2025\\\/10\\\/toyota-6.jpg\",\"width\":1000,\"height\":667,\"caption\":\"Toyota\"},{\"@type\":\"BreadcrumbList\",\"@id\":\"https:\\\/\\\/autofans.com.ar\\\/index.php\\\/2025\\\/10\\\/27\\\/toyota-presenta-su-corolla-cross-aventurero\\\/#breadcrumb\",\"itemListElement\":[{\"@type\":\"ListItem\",\"position\":1,\"name\":\"Inicio\",\"item\":\"https:\\\/\\\/autofans.com.ar\\\/\"},{\"@type\":\"ListItem\",\"position\":2,\"name\":\"Toyota presenta su Corolla Cross aventurero\"}]},{\"@type\":\"WebSite\",\"@id\":\"https:\\\/\\\/autofans.com.ar\\\/#website\",\"url\":\"https:\\\/\\\/autofans.com.ar\\\/\",\"name\":\"\",\"description\":\"El multimedio referente de la industria automotriz\",\"potentialAction\":[{\"@type\":\"SearchAction\",\"target\":{\"@type\":\"EntryPoint\",\"urlTemplate\":\"https:\\\/\\\/autofans.com.ar\\\/?s={search_term_string}\"},\"query-input\":{\"@type\":\"PropertyValueSpecification\",\"valueRequired\":true,\"valueName\":\"search_term_string\"}}],\"inLanguage\":\"es\"},{\"@type\":\"Person\",\"@id\":\"https:\\\/\\\/autofans.com.ar\\\/#\\\/schema\\\/person\\\/4a8dda0b6df83ac3d6723e921274c2aa\",\"name\":\"Alejandro Gabriel Rosito\",\"image\":{\"@type\":\"ImageObject\",\"inLanguage\":\"es\",\"@id\":\"https:\\\/\\\/secure.gravatar.com\\\/avatar\\\/16c5dda1489adfc62618084dcbb91cffd879c374b13fe5dd8e44ed6733852c88?s=96&d=mm&r=g\",\"url\":\"https:\\\/\\\/secure.gravatar.com\\\/avatar\\\/16c5dda1489adfc62618084dcbb91cffd879c374b13fe5dd8e44ed6733852c88?s=96&d=mm&r=g\",\"contentUrl\":\"https:\\\/\\\/secure.gravatar.com\\\/avatar\\\/16c5dda1489adfc62618084dcbb91cffd879c374b13fe5dd8e44ed6733852c88?s=96&d=mm&r=g\",\"caption\":\"Alejandro Gabriel Rosito\"},\"url\":\"https:\\\/\\\/autofans.com.ar\\\/index.php\\\/author\\\/gabrielr\\\/\"}]}<\/script>\n<!-- \/ Yoast SEO plugin. -->","yoast_head_json":{"title":"Toyota presenta su Corolla Cross aventurero -","description":"Este modelo combina la eficiencia de su mec\u00e1nica h\u00edbrida con un dise\u00f1o reforzado. El desarrollo estuvo a cargo del equipo interno de Toyota..","robots":{"index":"index","follow":"follow","max-snippet":"max-snippet:-1","max-image-preview":"max-image-preview:large","max-video-preview":"max-video-preview:-1"},"canonical":"https:\/\/autofans.com.ar\/index.php\/2025\/10\/27\/toyota-presenta-su-corolla-cross-aventurero\/","og_locale":"es_ES","og_type":"article","og_title":"Toyota presenta su Corolla Cross aventurero -","og_description":"Este modelo combina la eficiencia de su mec\u00e1nica h\u00edbrida con un dise\u00f1o reforzado. El desarrollo estuvo a cargo del equipo interno de Toyota..","og_url":"https:\/\/autofans.com.ar\/index.php\/2025\/10\/27\/toyota-presenta-su-corolla-cross-aventurero\/","article_published_time":"2025-10-27T19:44:47+00:00","article_modified_time":"2025-10-27T21:30:33+00:00","og_image":[{"width":1000,"height":667,"url":"https:\/\/autofans.com.ar\/wp-content\/uploads\/2025\/10\/toyota-6.jpg","type":"image\/jpeg"}],"author":"Alejandro Gabriel Rosito","twitter_card":"summary_large_image","twitter_misc":{"Escrito por":"Alejandro Gabriel Rosito","Tiempo de lectura":"2 minutos"},"schema":{"@context":"https:\/\/schema.org","@graph":[{"@type":"Article","@id":"https:\/\/autofans.com.ar\/index.php\/2025\/10\/27\/toyota-presenta-su-corolla-cross-aventurero\/#article","isPartOf":{"@id":"https:\/\/autofans.com.ar\/index.php\/2025\/10\/27\/toyota-presenta-su-corolla-cross-aventurero\/"},"author":{"name":"Alejandro Gabriel Rosito","@id":"https:\/\/autofans.com.ar\/#\/schema\/person\/4a8dda0b6df83ac3d6723e921274c2aa"},"headline":"Toyota presenta su Corolla Cross aventurero","datePublished":"2025-10-27T19:44:47+00:00","dateModified":"2025-10-27T21:30:33+00:00","mainEntityOfPage":{"@id":"https:\/\/autofans.com.ar\/index.php\/2025\/10\/27\/toyota-presenta-su-corolla-cross-aventurero\/"},"wordCount":262,"image":{"@id":"https:\/\/autofans.com.ar\/index.php\/2025\/10\/27\/toyota-presenta-su-corolla-cross-aventurero\/#primaryimage"},"thumbnailUrl":"https:\/\/autofans.com.ar\/wp-content\/uploads\/2025\/10\/toyota-6.jpg","keywords":["Corolla Cross h\u00edbrido","Nasu Edition","prototipo Toyota","SEMA 2025","SUV aventura","veh\u00edculo conceptual"],"articleSection":["HIBRIDOS, ELECTRICOS y otros","NOTICIAS"],"inLanguage":"es"},{"@type":"WebPage","@id":"https:\/\/autofans.com.ar\/index.php\/2025\/10\/27\/toyota-presenta-su-corolla-cross-aventurero\/","url":"https:\/\/autofans.com.ar\/index.php\/2025\/10\/27\/toyota-presenta-su-corolla-cross-aventurero\/","name":"Toyota presenta su Corolla Cross aventurero -","isPartOf":{"@id":"https:\/\/autofans.com.ar\/#website"},"primaryImageOfPage":{"@id":"https:\/\/autofans.com.ar\/index.php\/2025\/10\/27\/toyota-presenta-su-corolla-cross-aventurero\/#primaryimage"},"image":{"@id":"https:\/\/autofans.com.ar\/index.php\/2025\/10\/27\/toyota-presenta-su-corolla-cross-aventurero\/#primaryimage"},"thumbnailUrl":"https:\/\/autofans.com.ar\/wp-content\/uploads\/2025\/10\/toyota-6.jpg","datePublished":"2025-10-27T19:44:47+00:00","dateModified":"2025-10-27T21:30:33+00:00","author":{"@id":"https:\/\/autofans.com.ar\/#\/schema\/person\/4a8dda0b6df83ac3d6723e921274c2aa"},"description":"Este modelo combina la eficiencia de su mec\u00e1nica h\u00edbrida con un dise\u00f1o reforzado. El desarrollo estuvo a cargo del equipo interno de Toyota..","breadcrumb":{"@id":"https:\/\/autofans.com.ar\/index.php\/2025\/10\/27\/toyota-presenta-su-corolla-cross-aventurero\/#breadcrumb"},"inLanguage":"es","potentialAction":[{"@type":"ReadAction","target":["https:\/\/autofans.com.ar\/index.php\/2025\/10\/27\/toyota-presenta-su-corolla-cross-aventurero\/"]}]},{"@type":"ImageObject","inLanguage":"es","@id":"https:\/\/autofans.com.ar\/index.php\/2025\/10\/27\/toyota-presenta-su-corolla-cross-aventurero\/#primaryimage","url":"https:\/\/autofans.com.ar\/wp-content\/uploads\/2025\/10\/toyota-6.jpg","contentUrl":"https:\/\/autofans.com.ar\/wp-content\/uploads\/2025\/10\/toyota-6.jpg","width":1000,"height":667,"caption":"Toyota"},{"@type":"BreadcrumbList","@id":"https:\/\/autofans.com.ar\/index.php\/2025\/10\/27\/toyota-presenta-su-corolla-cross-aventurero\/#breadcrumb","itemListElement":[{"@type":"ListItem","position":1,"name":"Inicio","item":"https:\/\/autofans.com.ar\/"},{"@type":"ListItem","position":2,"name":"Toyota presenta su Corolla Cross aventurero"}]},{"@type":"WebSite","@id":"https:\/\/autofans.com.ar\/#website","url":"https:\/\/autofans.com.ar\/","name":"","description":"El multimedio referente de la industria automotriz","potentialAction":[{"@type":"SearchAction","target":{"@type":"EntryPoint","urlTemplate":"https:\/\/autofans.com.ar\/?s={search_term_string}"},"query-input":{"@type":"PropertyValueSpecification","valueRequired":true,"valueName":"search_term_string"}}],"inLanguage":"es"},{"@type":"Person","@id":"https:\/\/autofans.com.ar\/#\/schema\/person\/4a8dda0b6df83ac3d6723e921274c2aa","name":"Alejandro Gabriel Rosito","image":{"@type":"ImageObject","inLanguage":"es","@id":"https:\/\/secure.gravatar.com\/avatar\/16c5dda1489adfc62618084dcbb91cffd879c374b13fe5dd8e44ed6733852c88?s=96&d=mm&r=g","url":"https:\/\/secure.gravatar.com\/avatar\/16c5dda1489adfc62618084dcbb91cffd879c374b13fe5dd8e44ed6733852c88?s=96&d=mm&r=g","contentUrl":"https:\/\/secure.gravatar.com\/avatar\/16c5dda1489adfc62618084dcbb91cffd879c374b13fe5dd8e44ed6733852c88?s=96&d=mm&r=g","caption":"Alejandro Gabriel Rosito"},"url":"https:\/\/autofans.com.ar\/index.php\/author\/gabrielr\/"}]}},"featured_image_urls":{"full":["https:\/\/autofans.com.ar\/wp-content\/uploads\/2025\/10\/toyota-6.jpg",1000,667,false],"thumbnail":["https:\/\/autofans.com.ar\/wp-content\/uploads\/2025\/10\/toyota-6-150x150.jpg",150,150,true],"medium":["https:\/\/autofans.com.ar\/wp-content\/uploads\/2025\/10\/toyota-6-300x200.jpg",300,200,true],"medium_large":["https:\/\/autofans.com.ar\/wp-content\/uploads\/2025\/10\/toyota-6-768x512.jpg",640,427,true],"large":["https:\/\/autofans.com.ar\/wp-content\/uploads\/2025\/10\/toyota-6.jpg",640,427,false],"1536x1536":["https:\/\/autofans.com.ar\/wp-content\/uploads\/2025\/10\/toyota-6.jpg",1000,667,false],"2048x2048":["https:\/\/autofans.com.ar\/wp-content\/uploads\/2025\/10\/toyota-6.jpg",1000,667,false],"covernews-featured":["https:\/\/autofans.com.ar\/wp-content\/uploads\/2025\/10\/toyota-6.jpg",1000,667,false],"covernews-medium":["https:\/\/autofans.com.ar\/wp-content\/uploads\/2025\/10\/toyota-6-540x340.jpg",540,340,true]},"author_info":{"display_name":"Alejandro Gabriel Rosito","author_link":"https:\/\/autofans.com.ar\/index.php\/author\/gabrielr\/"},"category_info":"<a href=\"https:\/\/autofans.com.ar\/index.php\/category\/noticias\/hibridos-y-electricos\/\" rel=\"category tag\">HIBRIDOS, ELECTRICOS y otros<\/a> <a href=\"https:\/\/autofans.com.ar\/index.php\/category\/noticias\/\" rel=\"category tag\">NOTICIAS<\/a>","tag_info":"NOTICIAS","comment_count":0,"_links":{"self":[{"href":"https:\/\/autofans.com.ar\/index.php\/wp-json\/wp\/v2\/posts\/14604","targetHints":{"allow":["GET"]}}],"collection":[{"href":"https:\/\/autofans.com.ar\/index.php\/wp-json\/wp\/v2\/posts"}],"about":[{"href":"https:\/\/autofans.com.ar\/index.php\/wp-json\/wp\/v2\/types\/post"}],"author":[{"embeddable":true,"href":"https:\/\/autofans.com.ar\/index.php\/wp-json\/wp\/v2\/users\/2"}],"replies":[{"embeddable":true,"href":"https:\/\/autofans.com.ar\/index.php\/wp-json\/wp\/v2\/comments?post=14604"}],"version-history":[{"count":1,"href":"https:\/\/autofans.com.ar\/index.php\/wp-json\/wp\/v2\/posts\/14604\/revisions"}],"predecessor-version":[{"id":14612,"href":"https:\/\/autofans.com.ar\/index.php\/wp-json\/wp\/v2\/posts\/14604\/revisions\/14612"}],"wp:featuredmedia":[{"embeddable":true,"href":"https:\/\/autofans.com.ar\/index.php\/wp-json\/wp\/v2\/media\/14606"}],"wp:attachment":[{"href":"https:\/\/autofans.com.ar\/index.php\/wp-json\/wp\/v2\/media?parent=14604"}],"wp:term":[{"taxonomy":"category","embeddable":true,"href":"https:\/\/autofans.com.ar\/index.php\/wp-json\/wp\/v2\/categories?post=14604"},{"taxonomy":"post_tag","embeddable":true,"href":"https:\/\/autofans.com.ar\/index.php\/wp-json\/wp\/v2\/tags?post=14604"}],"curies":[{"name":"wp","href":"https:\/\/api.w.org\/{rel}","templated":true}]}}