{"id":14613,"date":"2025-10-28T13:50:25","date_gmt":"2025-10-28T16:50:25","guid":{"rendered":"https:\/\/autofans.com.ar\/?p=14613"},"modified":"2025-10-28T13:59:06","modified_gmt":"2025-10-28T16:59:06","slug":"mercedes-benz-eligio-al-operario-mas-eficiente-del-pais","status":"publish","type":"post","link":"https:\/\/autofans.com.ar\/index.php\/2025\/10\/28\/mercedes-benz-eligio-al-operario-mas-eficiente-del-pais\/","title":{"rendered":"Mercedes-Benz eligi\u00f3 al operario m\u00e1s eficiente del pa\u00eds"},"content":{"rendered":"<p class=\"ds-markdown-paragraph\">En una jornada federal que combin\u00f3 precisi\u00f3n y profesionalismo, Mercedes-Benz Camiones y Buses defini\u00f3 al ganador de su Concurso de Conductores Actros. El t\u00edtulo se lo llev\u00f3 Cristian Mart\u00ednez, de Z\u00e1rate, quien conduce para Transporte Ibarra.<\/p>\n<p>&nbsp;<\/p>\n<h2 class=\"ds-markdown-paragraph\">El cami\u00f3n que deslumbr\u00f3 en la competencia<\/h2>\n<p>&nbsp;<\/p>\n<figure id=\"attachment_14616\" aria-describedby=\"caption-attachment-14616\" style=\"width: 1000px\" class=\"wp-caption aligncenter\"><img fetchpriority=\"high\" decoding=\"async\" class=\"wp-image-14616 size-full\" src=\"https:\/\/autofans.com.ar\/wp-content\/uploads\/2025\/10\/mercedes-2.jpg\" alt=\"Mercedes-Benz\" width=\"1000\" height=\"667\" srcset=\"https:\/\/autofans.com.ar\/wp-content\/uploads\/2025\/10\/mercedes-2.jpg 1000w, https:\/\/autofans.com.ar\/wp-content\/uploads\/2025\/10\/mercedes-2-300x200.jpg 300w, https:\/\/autofans.com.ar\/wp-content\/uploads\/2025\/10\/mercedes-2-768x512.jpg 768w\" sizes=\"(max-width: 1000px) 100vw, 1000px\" \/><figcaption id=\"caption-attachment-14616\" class=\"wp-caption-text\">De izquierda a derecha: Ra\u00fal Barcesat, presidente y CEO de Mercedes-Benz Camiones y Buses, Jorge Guerrero de Log\u00edstica Diesel S.A. (Tercer premio), Cristian Mart\u00ednez de Transporte Ibarra. (Primer premio), Marcelo Stachioti de Transporte Catalina S.A. (Segundo premio), Paula D\u00edaz, Gerenta de Servicios al Cliente y Conectividad de Mercedes-Benz Camiones y Buses. Fernando Rivero, director de Desarrollo de Red Comercial de Ventas y Postventa de Mercedes-Benz Camiones y Buses.<\/figcaption><\/figure>\n<p>&nbsp;<\/p>\n<p class=\"ds-markdown-paragraph\">El protagonista indiscutido fue el Mercedes-Benz Actros. Este veh\u00edculo incorpora tecnolog\u00eda de vanguardia para la seguridad y el confort. Cuenta con sistemas como Active Brake Assist 5, MirrorCam y control de carril. Su puesto de conducci\u00f3n digital Multimedia Cockpit y la plataforma Fleetboard para gesti\u00f3n de flotas completan un equipamiento pensado para el m\u00e1ximo rendimiento.<\/p>\n<p>&nbsp;<\/p>\n<blockquote>\n<p style=\"text-align: center;\">\u201cEste premio significa mucho m\u00e1s que un reconocimiento personal. Es el reflejo de a\u00f1os de esfuerzo, de madrugadas en la ruta, de aprender a manejar con respeto, cuidado y responsabilidad. Estoy profundamente agradecido a Mercedes-Benz Camiones y Buses y a Transporte Ibarra por esta oportunidad, por valorar nuestro trabajo y por impulsar iniciativas que nos motivan a seguir creciendo como profesionales. Hoy me llevo este trofeo, pero tambi\u00e9n el orgullo de representar a tantos compa\u00f1eros que hacen del transporte una vocaci\u00f3n\u201d, expres\u00f3 Cristian Mart\u00ednez, tras recibir el premio.<\/p>\n<\/blockquote>\n<p>&nbsp;<\/p>\n<h2 class=\"ds-markdown-paragraph\">C\u00f3mo se defini\u00f3 al mejor conductor del Actros<\/h2>\n<p>&nbsp;<\/p>\n<p><img decoding=\"async\" class=\"aligncenter wp-image-14614 size-full\" src=\"https:\/\/autofans.com.ar\/wp-content\/uploads\/2025\/10\/mercedes-4.jpg\" alt=\"Mercedes-Benz\" width=\"1000\" height=\"667\" srcset=\"https:\/\/autofans.com.ar\/wp-content\/uploads\/2025\/10\/mercedes-4.jpg 1000w, https:\/\/autofans.com.ar\/wp-content\/uploads\/2025\/10\/mercedes-4-300x200.jpg 300w, https:\/\/autofans.com.ar\/wp-content\/uploads\/2025\/10\/mercedes-4-768x512.jpg 768w\" sizes=\"(max-width: 1000px) 100vw, 1000px\" \/><\/p>\n<p>&nbsp;<\/p>\n<p class=\"ds-markdown-paragraph\">Los 10 finalistas no llegaron por casualidad. Fueron seleccionados por su desempe\u00f1o en la plataforma Fleetboard, que mide eficiencia, seguridad y anticipaci\u00f3n en la conducci\u00f3n. La final los puso a prueba en una pista con desaf\u00edos concretos.<br \/>\nPor la ma\u00f1ana, enfrentaron pruebas de conocimiento y maniobras de precisi\u00f3n. Por la tarde, los tres mejores disputaron la definici\u00f3n con ejercicios clave: un slalom al l\u00edmite, el traslado de un contenedor de agua sin derrames y una prueba final de exactitud y coordinaci\u00f3n que coron\u00f3 al campe\u00f3n.<\/p>\n<p>&nbsp;<\/p>\n<blockquote>\n<p style=\"text-align: center;\">Este concurso es mucho m\u00e1s que una competencia: es una forma de visibilizar el trabajo silencioso y fundamental de quienes conducen con responsabilidad, eficiencia y profesionalismo. Fleetboard nos permite medir objetivamente esas habilidades, y hoy celebramos a quienes las aplican todos los d\u00edas\u201d, destac\u00f3 Paula D\u00edaz, Gerenta de Servicios al Cliente y Conectividad de Mercedes-Benz Camiones y Buses.<\/p>\n<\/blockquote>\n<p>&nbsp;<\/p>\n<h2 class=\"ds-markdown-paragraph\">Mercedes-Benz &#8211; el talento federal sobre el podio<\/h2>\n<p class=\"ds-markdown-paragraph\">Cristian Mart\u00ednez demostr\u00f3 que la excelencia al volante se logra con decisiones inteligentes y dominio t\u00e9cnico. En el podio tambi\u00e9n fueron reconocidos Jorge Guerrero de Log\u00edstica Diesel S.A. y Marcelo Stachioti de Transporte Catalina S.A. La diversidad de origen de los competidores \u2013de provincias como La Pampa, C\u00f3rdoba, Santa Fe y Buenos Aires\u2013 refleja que el profesionalismo recorre todas las rutas del pa\u00eds.<\/p>\n<p>&nbsp;<\/p>\n<figure id=\"attachment_14615\" aria-describedby=\"caption-attachment-14615\" style=\"width: 1000px\" class=\"wp-caption aligncenter\"><img decoding=\"async\" class=\"wp-image-14615 size-full\" src=\"https:\/\/autofans.com.ar\/wp-content\/uploads\/2025\/10\/mercedes-3.jpg\" alt=\"Mercedes-Benz\" width=\"1000\" height=\"667\" srcset=\"https:\/\/autofans.com.ar\/wp-content\/uploads\/2025\/10\/mercedes-3.jpg 1000w, https:\/\/autofans.com.ar\/wp-content\/uploads\/2025\/10\/mercedes-3-300x200.jpg 300w, https:\/\/autofans.com.ar\/wp-content\/uploads\/2025\/10\/mercedes-3-768x512.jpg 768w\" sizes=\"(max-width: 1000px) 100vw, 1000px\" \/><figcaption id=\"caption-attachment-14615\" class=\"wp-caption-text\">de izquierda a derecha: Ra\u00fal Barcesat, presidente y CEO de Mercedes-Benz Camiones y Buses, Jorge Guerrero de Log\u00edstica Diesel S.A. (Tercer premio), Fernando Rivero, director de Desarrollo de Red Comercial de Ventas y Postventa de Mercedes-Benz Camiones y Buses, Cristian Mart\u00ednez de Transporte Ibarra. (Primer premio), Paula D\u00edaz, Gerenta de Servicios al Cliente y Conectividad de Mercedes-Benz Camiones y Buses. Marcelo Stachioti de Transporte Catalina S.A. (Segundo premio)<\/figcaption><\/figure>\n<p>&nbsp;<\/p>\n<p class=\"ds-markdown-paragraph\">Este certamen es parte de la estrategia 360\u00b0 de Mercedes-Benz Camiones y Buses, que acompa\u00f1a a sus clientes en venta, financiaci\u00f3n, mantenimiento y servicios digitales. La compa\u00f1\u00eda reafirma as\u00ed su apoyo a la profesionalizaci\u00f3n del sector, la seguridad vial y los principios de desarrollo sostenible.<\/p>\n<p>&nbsp;<\/p>\n<p>&nbsp;<\/p>\n<p>&nbsp;<\/p>\n<p><i>Para enterarte de m\u00e1s novedades, no dejes de leer\u00a0<\/i><a href=\"https:\/\/autofans.thebrandsoup.com\/\"><i>nuestras notas<\/i><\/a><i>, de ver\u00a0<\/i><a href=\"https:\/\/www.youtube.com\/channel\/UCgAC8UGHZYbT6P7PpmVnP7g\"><i>AUTOFANS TV<\/i><\/a><i>\u00a0en nuestro\u00a0canal de Youtube. Adem\u00e1s seguinos en\u00a0<\/i><a href=\"https:\/\/www.instagram.com\/autofanstv\/\"><i>INSTAGRAM<\/i><\/a><i> y <\/i><a href=\"https:\/\/www.facebook.com\/autofansmas\/\"><i>FACEBOOK<\/i><\/a><i> para no perderte nada sobre las novedades del segmento automotor de Argentina y el mundo.<\/i><\/p>\n","protected":false},"excerpt":{"rendered":"<p>En una jornada federal que combin\u00f3 precisi\u00f3n y profesionalismo, Mercedes-Benz Camiones y Buses defini\u00f3 al&#8230;<\/p>\n","protected":false},"author":2,"featured_media":14617,"comment_status":"closed","ping_status":"closed","sticky":false,"template":"","format":"standard","meta":{"footnotes":""},"categories":[13,16],"tags":[7660,4504,7659,7658,7661,5079,3351,7662],"class_list":["post-14613","post","type-post","status-publish","format-standard","has-post-thumbnail","hentry","category-autofans-tv","category-noticias","tag-camion-actros","tag-camiones-argentina","tag-concurso-mercedes-benz","tag-conductor-actros","tag-cristian-martinez","tag-fleetboard","tag-seguridad-en-el-transporte","tag-transporte-profesional"],"yoast_head":"<!-- This site is optimized with the Yoast SEO plugin v27.5 - https:\/\/yoast.com\/product\/yoast-seo-wordpress\/ -->\n<title>Mercedes-Benz eligi\u00f3 al operario m\u00e1s eficiente del pa\u00eds -<\/title>\n<meta name=\"description\" content=\"En una jornada federal que combin\u00f3 precisi\u00f3n y profesionalismo, Mercedes-Benz Camiones y Buses defini\u00f3 al ganador de su Concurso...\" \/>\n<meta name=\"robots\" content=\"index, follow, max-snippet:-1, max-image-preview:large, max-video-preview:-1\" \/>\n<link rel=\"canonical\" href=\"https:\/\/autofans.com.ar\/index.php\/2025\/10\/28\/mercedes-benz-eligio-al-operario-mas-eficiente-del-pais\/\" \/>\n<meta property=\"og:locale\" content=\"es_ES\" \/>\n<meta property=\"og:type\" content=\"article\" \/>\n<meta property=\"og:title\" content=\"Mercedes-Benz eligi\u00f3 al operario m\u00e1s eficiente del pa\u00eds -\" \/>\n<meta property=\"og:description\" content=\"En una jornada federal que combin\u00f3 precisi\u00f3n y profesionalismo, Mercedes-Benz Camiones y Buses defini\u00f3 al ganador de su Concurso...\" \/>\n<meta property=\"og:url\" content=\"https:\/\/autofans.com.ar\/index.php\/2025\/10\/28\/mercedes-benz-eligio-al-operario-mas-eficiente-del-pais\/\" \/>\n<meta property=\"article:published_time\" content=\"2025-10-28T16:50:25+00:00\" \/>\n<meta property=\"article:modified_time\" content=\"2025-10-28T16:59:06+00:00\" \/>\n<meta property=\"og:image\" content=\"https:\/\/autofans.com.ar\/wp-content\/uploads\/2025\/10\/mercedes-1.jpg\" \/>\n\t<meta property=\"og:image:width\" content=\"1000\" \/>\n\t<meta property=\"og:image:height\" content=\"667\" \/>\n\t<meta property=\"og:image:type\" content=\"image\/jpeg\" \/>\n<meta name=\"author\" content=\"Alejandro Gabriel Rosito\" \/>\n<meta name=\"twitter:card\" content=\"summary_large_image\" \/>\n<meta name=\"twitter:label1\" content=\"Escrito por\" \/>\n\t<meta name=\"twitter:data1\" content=\"Alejandro Gabriel Rosito\" \/>\n\t<meta name=\"twitter:label2\" content=\"Tiempo de lectura\" \/>\n\t<meta name=\"twitter:data2\" content=\"4 minutos\" \/>\n<script type=\"application\/ld+json\" class=\"yoast-schema-graph\">{\"@context\":\"https:\\\/\\\/schema.org\",\"@graph\":[{\"@type\":\"Article\",\"@id\":\"https:\\\/\\\/autofans.com.ar\\\/index.php\\\/2025\\\/10\\\/28\\\/mercedes-benz-eligio-al-operario-mas-eficiente-del-pais\\\/#article\",\"isPartOf\":{\"@id\":\"https:\\\/\\\/autofans.com.ar\\\/index.php\\\/2025\\\/10\\\/28\\\/mercedes-benz-eligio-al-operario-mas-eficiente-del-pais\\\/\"},\"author\":{\"name\":\"Alejandro Gabriel Rosito\",\"@id\":\"https:\\\/\\\/autofans.com.ar\\\/#\\\/schema\\\/person\\\/4a8dda0b6df83ac3d6723e921274c2aa\"},\"headline\":\"Mercedes-Benz eligi\u00f3 al operario m\u00e1s eficiente del pa\u00eds\",\"datePublished\":\"2025-10-28T16:50:25+00:00\",\"dateModified\":\"2025-10-28T16:59:06+00:00\",\"mainEntityOfPage\":{\"@id\":\"https:\\\/\\\/autofans.com.ar\\\/index.php\\\/2025\\\/10\\\/28\\\/mercedes-benz-eligio-al-operario-mas-eficiente-del-pais\\\/\"},\"wordCount\":721,\"image\":{\"@id\":\"https:\\\/\\\/autofans.com.ar\\\/index.php\\\/2025\\\/10\\\/28\\\/mercedes-benz-eligio-al-operario-mas-eficiente-del-pais\\\/#primaryimage\"},\"thumbnailUrl\":\"https:\\\/\\\/autofans.com.ar\\\/wp-content\\\/uploads\\\/2025\\\/10\\\/mercedes-1.jpg\",\"keywords\":[\"cami\u00f3n Actros\",\"camiones Argentina\",\"concurso Mercedes-Benz\",\"conductor Actros\",\"Cristian Mart\u00ednez\",\"Fleetboard\",\"Seguridad en el Transporte\",\"transporte profesional\"],\"articleSection\":[\"AUTOFANS TV\",\"NOTICIAS\"],\"inLanguage\":\"es\"},{\"@type\":\"WebPage\",\"@id\":\"https:\\\/\\\/autofans.com.ar\\\/index.php\\\/2025\\\/10\\\/28\\\/mercedes-benz-eligio-al-operario-mas-eficiente-del-pais\\\/\",\"url\":\"https:\\\/\\\/autofans.com.ar\\\/index.php\\\/2025\\\/10\\\/28\\\/mercedes-benz-eligio-al-operario-mas-eficiente-del-pais\\\/\",\"name\":\"Mercedes-Benz eligi\u00f3 al operario m\u00e1s eficiente del pa\u00eds -\",\"isPartOf\":{\"@id\":\"https:\\\/\\\/autofans.com.ar\\\/#website\"},\"primaryImageOfPage\":{\"@id\":\"https:\\\/\\\/autofans.com.ar\\\/index.php\\\/2025\\\/10\\\/28\\\/mercedes-benz-eligio-al-operario-mas-eficiente-del-pais\\\/#primaryimage\"},\"image\":{\"@id\":\"https:\\\/\\\/autofans.com.ar\\\/index.php\\\/2025\\\/10\\\/28\\\/mercedes-benz-eligio-al-operario-mas-eficiente-del-pais\\\/#primaryimage\"},\"thumbnailUrl\":\"https:\\\/\\\/autofans.com.ar\\\/wp-content\\\/uploads\\\/2025\\\/10\\\/mercedes-1.jpg\",\"datePublished\":\"2025-10-28T16:50:25+00:00\",\"dateModified\":\"2025-10-28T16:59:06+00:00\",\"author\":{\"@id\":\"https:\\\/\\\/autofans.com.ar\\\/#\\\/schema\\\/person\\\/4a8dda0b6df83ac3d6723e921274c2aa\"},\"description\":\"En una jornada federal que combin\u00f3 precisi\u00f3n y profesionalismo, Mercedes-Benz Camiones y Buses defini\u00f3 al ganador de su Concurso...\",\"breadcrumb\":{\"@id\":\"https:\\\/\\\/autofans.com.ar\\\/index.php\\\/2025\\\/10\\\/28\\\/mercedes-benz-eligio-al-operario-mas-eficiente-del-pais\\\/#breadcrumb\"},\"inLanguage\":\"es\",\"potentialAction\":[{\"@type\":\"ReadAction\",\"target\":[\"https:\\\/\\\/autofans.com.ar\\\/index.php\\\/2025\\\/10\\\/28\\\/mercedes-benz-eligio-al-operario-mas-eficiente-del-pais\\\/\"]}]},{\"@type\":\"ImageObject\",\"inLanguage\":\"es\",\"@id\":\"https:\\\/\\\/autofans.com.ar\\\/index.php\\\/2025\\\/10\\\/28\\\/mercedes-benz-eligio-al-operario-mas-eficiente-del-pais\\\/#primaryimage\",\"url\":\"https:\\\/\\\/autofans.com.ar\\\/wp-content\\\/uploads\\\/2025\\\/10\\\/mercedes-1.jpg\",\"contentUrl\":\"https:\\\/\\\/autofans.com.ar\\\/wp-content\\\/uploads\\\/2025\\\/10\\\/mercedes-1.jpg\",\"width\":1000,\"height\":667,\"caption\":\"Mercedes-Benz\"},{\"@type\":\"BreadcrumbList\",\"@id\":\"https:\\\/\\\/autofans.com.ar\\\/index.php\\\/2025\\\/10\\\/28\\\/mercedes-benz-eligio-al-operario-mas-eficiente-del-pais\\\/#breadcrumb\",\"itemListElement\":[{\"@type\":\"ListItem\",\"position\":1,\"name\":\"Inicio\",\"item\":\"https:\\\/\\\/autofans.com.ar\\\/\"},{\"@type\":\"ListItem\",\"position\":2,\"name\":\"Mercedes-Benz eligi\u00f3 al operario m\u00e1s eficiente del pa\u00eds\"}]},{\"@type\":\"WebSite\",\"@id\":\"https:\\\/\\\/autofans.com.ar\\\/#website\",\"url\":\"https:\\\/\\\/autofans.com.ar\\\/\",\"name\":\"\",\"description\":\"El multimedio referente de la industria automotriz\",\"potentialAction\":[{\"@type\":\"SearchAction\",\"target\":{\"@type\":\"EntryPoint\",\"urlTemplate\":\"https:\\\/\\\/autofans.com.ar\\\/?s={search_term_string}\"},\"query-input\":{\"@type\":\"PropertyValueSpecification\",\"valueRequired\":true,\"valueName\":\"search_term_string\"}}],\"inLanguage\":\"es\"},{\"@type\":\"Person\",\"@id\":\"https:\\\/\\\/autofans.com.ar\\\/#\\\/schema\\\/person\\\/4a8dda0b6df83ac3d6723e921274c2aa\",\"name\":\"Alejandro Gabriel Rosito\",\"image\":{\"@type\":\"ImageObject\",\"inLanguage\":\"es\",\"@id\":\"https:\\\/\\\/secure.gravatar.com\\\/avatar\\\/16c5dda1489adfc62618084dcbb91cffd879c374b13fe5dd8e44ed6733852c88?s=96&d=mm&r=g\",\"url\":\"https:\\\/\\\/secure.gravatar.com\\\/avatar\\\/16c5dda1489adfc62618084dcbb91cffd879c374b13fe5dd8e44ed6733852c88?s=96&d=mm&r=g\",\"contentUrl\":\"https:\\\/\\\/secure.gravatar.com\\\/avatar\\\/16c5dda1489adfc62618084dcbb91cffd879c374b13fe5dd8e44ed6733852c88?s=96&d=mm&r=g\",\"caption\":\"Alejandro Gabriel Rosito\"},\"url\":\"https:\\\/\\\/autofans.com.ar\\\/index.php\\\/author\\\/gabrielr\\\/\"}]}<\/script>\n<!-- \/ Yoast SEO plugin. -->","yoast_head_json":{"title":"Mercedes-Benz eligi\u00f3 al operario m\u00e1s eficiente del pa\u00eds -","description":"En una jornada federal que combin\u00f3 precisi\u00f3n y profesionalismo, Mercedes-Benz Camiones y Buses defini\u00f3 al ganador de su Concurso...","robots":{"index":"index","follow":"follow","max-snippet":"max-snippet:-1","max-image-preview":"max-image-preview:large","max-video-preview":"max-video-preview:-1"},"canonical":"https:\/\/autofans.com.ar\/index.php\/2025\/10\/28\/mercedes-benz-eligio-al-operario-mas-eficiente-del-pais\/","og_locale":"es_ES","og_type":"article","og_title":"Mercedes-Benz eligi\u00f3 al operario m\u00e1s eficiente del pa\u00eds -","og_description":"En una jornada federal que combin\u00f3 precisi\u00f3n y profesionalismo, Mercedes-Benz Camiones y Buses defini\u00f3 al ganador de su Concurso...","og_url":"https:\/\/autofans.com.ar\/index.php\/2025\/10\/28\/mercedes-benz-eligio-al-operario-mas-eficiente-del-pais\/","article_published_time":"2025-10-28T16:50:25+00:00","article_modified_time":"2025-10-28T16:59:06+00:00","og_image":[{"width":1000,"height":667,"url":"https:\/\/autofans.com.ar\/wp-content\/uploads\/2025\/10\/mercedes-1.jpg","type":"image\/jpeg"}],"author":"Alejandro Gabriel Rosito","twitter_card":"summary_large_image","twitter_misc":{"Escrito por":"Alejandro Gabriel Rosito","Tiempo de lectura":"4 minutos"},"schema":{"@context":"https:\/\/schema.org","@graph":[{"@type":"Article","@id":"https:\/\/autofans.com.ar\/index.php\/2025\/10\/28\/mercedes-benz-eligio-al-operario-mas-eficiente-del-pais\/#article","isPartOf":{"@id":"https:\/\/autofans.com.ar\/index.php\/2025\/10\/28\/mercedes-benz-eligio-al-operario-mas-eficiente-del-pais\/"},"author":{"name":"Alejandro Gabriel Rosito","@id":"https:\/\/autofans.com.ar\/#\/schema\/person\/4a8dda0b6df83ac3d6723e921274c2aa"},"headline":"Mercedes-Benz eligi\u00f3 al operario m\u00e1s eficiente del pa\u00eds","datePublished":"2025-10-28T16:50:25+00:00","dateModified":"2025-10-28T16:59:06+00:00","mainEntityOfPage":{"@id":"https:\/\/autofans.com.ar\/index.php\/2025\/10\/28\/mercedes-benz-eligio-al-operario-mas-eficiente-del-pais\/"},"wordCount":721,"image":{"@id":"https:\/\/autofans.com.ar\/index.php\/2025\/10\/28\/mercedes-benz-eligio-al-operario-mas-eficiente-del-pais\/#primaryimage"},"thumbnailUrl":"https:\/\/autofans.com.ar\/wp-content\/uploads\/2025\/10\/mercedes-1.jpg","keywords":["cami\u00f3n Actros","camiones Argentina","concurso Mercedes-Benz","conductor Actros","Cristian Mart\u00ednez","Fleetboard","Seguridad en el Transporte","transporte profesional"],"articleSection":["AUTOFANS TV","NOTICIAS"],"inLanguage":"es"},{"@type":"WebPage","@id":"https:\/\/autofans.com.ar\/index.php\/2025\/10\/28\/mercedes-benz-eligio-al-operario-mas-eficiente-del-pais\/","url":"https:\/\/autofans.com.ar\/index.php\/2025\/10\/28\/mercedes-benz-eligio-al-operario-mas-eficiente-del-pais\/","name":"Mercedes-Benz eligi\u00f3 al operario m\u00e1s eficiente del pa\u00eds -","isPartOf":{"@id":"https:\/\/autofans.com.ar\/#website"},"primaryImageOfPage":{"@id":"https:\/\/autofans.com.ar\/index.php\/2025\/10\/28\/mercedes-benz-eligio-al-operario-mas-eficiente-del-pais\/#primaryimage"},"image":{"@id":"https:\/\/autofans.com.ar\/index.php\/2025\/10\/28\/mercedes-benz-eligio-al-operario-mas-eficiente-del-pais\/#primaryimage"},"thumbnailUrl":"https:\/\/autofans.com.ar\/wp-content\/uploads\/2025\/10\/mercedes-1.jpg","datePublished":"2025-10-28T16:50:25+00:00","dateModified":"2025-10-28T16:59:06+00:00","author":{"@id":"https:\/\/autofans.com.ar\/#\/schema\/person\/4a8dda0b6df83ac3d6723e921274c2aa"},"description":"En una jornada federal que combin\u00f3 precisi\u00f3n y profesionalismo, Mercedes-Benz Camiones y Buses defini\u00f3 al ganador de su Concurso...","breadcrumb":{"@id":"https:\/\/autofans.com.ar\/index.php\/2025\/10\/28\/mercedes-benz-eligio-al-operario-mas-eficiente-del-pais\/#breadcrumb"},"inLanguage":"es","potentialAction":[{"@type":"ReadAction","target":["https:\/\/autofans.com.ar\/index.php\/2025\/10\/28\/mercedes-benz-eligio-al-operario-mas-eficiente-del-pais\/"]}]},{"@type":"ImageObject","inLanguage":"es","@id":"https:\/\/autofans.com.ar\/index.php\/2025\/10\/28\/mercedes-benz-eligio-al-operario-mas-eficiente-del-pais\/#primaryimage","url":"https:\/\/autofans.com.ar\/wp-content\/uploads\/2025\/10\/mercedes-1.jpg","contentUrl":"https:\/\/autofans.com.ar\/wp-content\/uploads\/2025\/10\/mercedes-1.jpg","width":1000,"height":667,"caption":"Mercedes-Benz"},{"@type":"BreadcrumbList","@id":"https:\/\/autofans.com.ar\/index.php\/2025\/10\/28\/mercedes-benz-eligio-al-operario-mas-eficiente-del-pais\/#breadcrumb","itemListElement":[{"@type":"ListItem","position":1,"name":"Inicio","item":"https:\/\/autofans.com.ar\/"},{"@type":"ListItem","position":2,"name":"Mercedes-Benz eligi\u00f3 al operario m\u00e1s eficiente del pa\u00eds"}]},{"@type":"WebSite","@id":"https:\/\/autofans.com.ar\/#website","url":"https:\/\/autofans.com.ar\/","name":"","description":"El multimedio referente de la industria automotriz","potentialAction":[{"@type":"SearchAction","target":{"@type":"EntryPoint","urlTemplate":"https:\/\/autofans.com.ar\/?s={search_term_string}"},"query-input":{"@type":"PropertyValueSpecification","valueRequired":true,"valueName":"search_term_string"}}],"inLanguage":"es"},{"@type":"Person","@id":"https:\/\/autofans.com.ar\/#\/schema\/person\/4a8dda0b6df83ac3d6723e921274c2aa","name":"Alejandro Gabriel Rosito","image":{"@type":"ImageObject","inLanguage":"es","@id":"https:\/\/secure.gravatar.com\/avatar\/16c5dda1489adfc62618084dcbb91cffd879c374b13fe5dd8e44ed6733852c88?s=96&d=mm&r=g","url":"https:\/\/secure.gravatar.com\/avatar\/16c5dda1489adfc62618084dcbb91cffd879c374b13fe5dd8e44ed6733852c88?s=96&d=mm&r=g","contentUrl":"https:\/\/secure.gravatar.com\/avatar\/16c5dda1489adfc62618084dcbb91cffd879c374b13fe5dd8e44ed6733852c88?s=96&d=mm&r=g","caption":"Alejandro Gabriel Rosito"},"url":"https:\/\/autofans.com.ar\/index.php\/author\/gabrielr\/"}]}},"featured_image_urls":{"full":["https:\/\/autofans.com.ar\/wp-content\/uploads\/2025\/10\/mercedes-1.jpg",1000,667,false],"thumbnail":["https:\/\/autofans.com.ar\/wp-content\/uploads\/2025\/10\/mercedes-1-150x150.jpg",150,150,true],"medium":["https:\/\/autofans.com.ar\/wp-content\/uploads\/2025\/10\/mercedes-1-300x200.jpg",300,200,true],"medium_large":["https:\/\/autofans.com.ar\/wp-content\/uploads\/2025\/10\/mercedes-1-768x512.jpg",640,427,true],"large":["https:\/\/autofans.com.ar\/wp-content\/uploads\/2025\/10\/mercedes-1.jpg",640,427,false],"1536x1536":["https:\/\/autofans.com.ar\/wp-content\/uploads\/2025\/10\/mercedes-1.jpg",1000,667,false],"2048x2048":["https:\/\/autofans.com.ar\/wp-content\/uploads\/2025\/10\/mercedes-1.jpg",1000,667,false],"covernews-featured":["https:\/\/autofans.com.ar\/wp-content\/uploads\/2025\/10\/mercedes-1.jpg",1000,667,false],"covernews-medium":["https:\/\/autofans.com.ar\/wp-content\/uploads\/2025\/10\/mercedes-1-540x340.jpg",540,340,true]},"author_info":{"display_name":"Alejandro Gabriel Rosito","author_link":"https:\/\/autofans.com.ar\/index.php\/author\/gabrielr\/"},"category_info":"<a href=\"https:\/\/autofans.com.ar\/index.php\/category\/autofans-tv\/\" rel=\"category tag\">AUTOFANS TV<\/a> <a href=\"https:\/\/autofans.com.ar\/index.php\/category\/noticias\/\" rel=\"category tag\">NOTICIAS<\/a>","tag_info":"NOTICIAS","comment_count":0,"_links":{"self":[{"href":"https:\/\/autofans.com.ar\/index.php\/wp-json\/wp\/v2\/posts\/14613","targetHints":{"allow":["GET"]}}],"collection":[{"href":"https:\/\/autofans.com.ar\/index.php\/wp-json\/wp\/v2\/posts"}],"about":[{"href":"https:\/\/autofans.com.ar\/index.php\/wp-json\/wp\/v2\/types\/post"}],"author":[{"embeddable":true,"href":"https:\/\/autofans.com.ar\/index.php\/wp-json\/wp\/v2\/users\/2"}],"replies":[{"embeddable":true,"href":"https:\/\/autofans.com.ar\/index.php\/wp-json\/wp\/v2\/comments?post=14613"}],"version-history":[{"count":5,"href":"https:\/\/autofans.com.ar\/index.php\/wp-json\/wp\/v2\/posts\/14613\/revisions"}],"predecessor-version":[{"id":14622,"href":"https:\/\/autofans.com.ar\/index.php\/wp-json\/wp\/v2\/posts\/14613\/revisions\/14622"}],"wp:featuredmedia":[{"embeddable":true,"href":"https:\/\/autofans.com.ar\/index.php\/wp-json\/wp\/v2\/media\/14617"}],"wp:attachment":[{"href":"https:\/\/autofans.com.ar\/index.php\/wp-json\/wp\/v2\/media?parent=14613"}],"wp:term":[{"taxonomy":"category","embeddable":true,"href":"https:\/\/autofans.com.ar\/index.php\/wp-json\/wp\/v2\/categories?post=14613"},{"taxonomy":"post_tag","embeddable":true,"href":"https:\/\/autofans.com.ar\/index.php\/wp-json\/wp\/v2\/tags?post=14613"}],"curies":[{"name":"wp","href":"https:\/\/api.w.org\/{rel}","templated":true}]}}