{"id":1470,"date":"2023-04-11T17:29:09","date_gmt":"2023-04-11T20:29:09","guid":{"rendered":"https:\/\/autofans.com.ar\/?p=1470"},"modified":"2023-04-11T17:31:28","modified_gmt":"2023-04-11T20:31:28","slug":"iveco-y-su-alianza-con-transportes-rodriguez","status":"publish","type":"post","link":"https:\/\/autofans.com.ar\/index.php\/2023\/04\/11\/iveco-y-su-alianza-con-transportes-rodriguez\/","title":{"rendered":"IVECO y su alianza con Transportes Rodr\u00edguez"},"content":{"rendered":"<p>Transportes Eduardo Osvaldo Rodr\u00edguez SRL, empresa l\u00edder en Neuqu\u00e9n que trabaja para YPF, adquiere 39 nuevas unidades de IVECO con suspensi\u00f3n neum\u00e1tica para el traslado de combustible. Con una flota de m\u00e1s de 200 camiones IVECO, la empresa elige los nuevos camiones Hi-Road 530S36 con techo bajo, llantas de aluminio, ESP y suspensi\u00f3n neum\u00e1tica. Cumpliendo con las normativas y requisitos de seguridad del transporte de sustancias peligrosas en Argentina.<\/p>\n<blockquote>\n<p style=\"text-align: center;\"><i>\u201cDesde hace 20 a\u00f1os que trabajamos con IVECO. Quedamos muy conformes cuando probamos sus veh\u00edculos, tuvimos muy buen resultado y gran acompa\u00f1amiento\u201d<\/i> , expres\u00f3 Ra\u00fal Rodr\u00edguez, director de la compa\u00f1\u00eda de transporte.<\/p>\n<\/blockquote>\n<p><img fetchpriority=\"high\" decoding=\"async\" class=\"aligncenter wp-image-1471 size-full\" src=\"https:\/\/autofans.com.ar\/wp-content\/uploads\/2023\/04\/foto-4-8-jpg.webp\" alt=\"iveco\" width=\"1000\" height=\"667\" srcset=\"https:\/\/autofans.com.ar\/wp-content\/uploads\/2023\/04\/foto-4-8-jpg.webp 1000w, https:\/\/autofans.com.ar\/wp-content\/uploads\/2023\/04\/foto-4-8-300x200.webp 300w, https:\/\/autofans.com.ar\/wp-content\/uploads\/2023\/04\/foto-4-8-768x512.webp 768w\" sizes=\"(max-width: 1000px) 100vw, 1000px\" \/><\/p>\n<blockquote>\n<p style=\"text-align: center;\"><i>\u201cPara nosotros es muy importante que una empresa como Transportes Eduardo Osvaldo Rodr\u00edguez SRL conf\u00ede en nuestras tecnolog\u00edas. Sab\u00edamos que tanto ellos como otros clientes que transportan sustancias peligrosas necesitan un veh\u00edculo acorde a sus necesidades, con componentes electr\u00f3nicos que les brindan mayor seguridad. Cuando en 2022 presentamos nuestra suspensi\u00f3n neum\u00e1tica de producci\u00f3n nacional, lo hicimos pensando en ellos\u201d<\/i> , manifest\u00f3 Francisco Spasaro, director comercial de IVECO Argentina.<\/p>\n<\/blockquote>\n<p>&nbsp;<\/p>\n<h3><b>TECNOLOG\u00cdAS NACIONALES PARA MAYOR SEGURIDAD<\/b><\/h3>\n<p>El Stralis Hi-Road 530S36 6&#215;2 con suspensi\u00f3n neum\u00e1tica para transporte de combustible, posee un peso bruto total de 29.100 Kg., motor FPT Cursor 9 de 6 cilindros en l\u00ednea modelo ZF 16AS 2230 TD, con una potencia de 265 kW (360 CV) y 2.200 rpm. Sus frenos son de tipo Tambor con sistema neum\u00e1tico y 2 circuitos independientes en eje delantero y trasero, remolque y sistema EBS Y ESC 3.0. La elecci\u00f3n de este tipo de freno por encima del freno a disco no fue aleatoria.<\/p>\n<p>&nbsp;<\/p>\n<div id='gallery-1' class='gallery galleryid-1470 gallery-columns-2 gallery-size-large'><figure class='gallery-item'>\n\t\t\t<div class='gallery-icon landscape'>\n\t\t\t\t<a href='https:\/\/autofans.com.ar\/index.php\/2023\/04\/11\/iveco-y-su-alianza-con-transportes-rodriguez\/foto-1-27\/'><img loading=\"lazy\" width=\"640\" height=\"427\" src=\"https:\/\/autofans.com.ar\/wp-content\/uploads\/2023\/04\/foto-1-13-jpg.webp\" class=\"attachment-large size-large\" alt=\"iveco\" srcset=\"https:\/\/autofans.com.ar\/wp-content\/uploads\/2023\/04\/foto-1-13-jpg.webp 1000w, https:\/\/autofans.com.ar\/wp-content\/uploads\/2023\/04\/foto-1-13-300x200.webp 300w, https:\/\/autofans.com.ar\/wp-content\/uploads\/2023\/04\/foto-1-13-768x512.webp 768w\" sizes=\"auto, (max-width: 640px) 100vw, 640px\" loading=\"lazy\" decoding=\"async\" \/><\/a>\n\t\t\t<\/div><\/figure><figure class='gallery-item'>\n\t\t\t<div class='gallery-icon landscape'>\n\t\t\t\t<a href='https:\/\/autofans.com.ar\/index.php\/2023\/04\/11\/iveco-y-su-alianza-con-transportes-rodriguez\/foto-3-25\/'><img loading=\"lazy\" width=\"640\" height=\"427\" src=\"https:\/\/autofans.com.ar\/wp-content\/uploads\/2023\/04\/foto-3-11-jpg.webp\" class=\"attachment-large size-large\" alt=\"iveco\" srcset=\"https:\/\/autofans.com.ar\/wp-content\/uploads\/2023\/04\/foto-3-11-jpg.webp 1000w, https:\/\/autofans.com.ar\/wp-content\/uploads\/2023\/04\/foto-3-11-300x200.webp 300w, https:\/\/autofans.com.ar\/wp-content\/uploads\/2023\/04\/foto-3-11-768x512.webp 768w\" sizes=\"auto, (max-width: 640px) 100vw, 640px\" loading=\"lazy\" decoding=\"async\" \/><\/a>\n\t\t\t<\/div><\/figure>\n\t\t<\/div>\n\n<p>En cuanto a la cabina, mejorada aerodin\u00e1micamente y dise\u00f1ada a partir de la ergonom\u00eda de los ocupantes. Tambi\u00e9n cuenta con nuevos asientos preformados con suspensi\u00f3n neum\u00e1tica para el conductor y su acompa\u00f1ante.<\/p>\n<blockquote>\n<p style=\"text-align: center;\"><i>\u201cNos alegra saber que existe una gran demanda de camiones para transporte de combustible, por lo que el Stralis Hi-Road es la mejor opci\u00f3n para nuestros clientes. Es un producto pensado y dise\u00f1ado para este tipo de trabajos\u201d , <\/i>cerr\u00f3 Princich .<\/p>\n<\/blockquote>\n<p>&nbsp;<\/p>\n<p><i>Para enterarte de m\u00e1s novedades, no dejes de leer\u00a0<\/i><a href=\"https:\/\/autofans.thebrandsoup.com\/\"><i>nuestras notas<\/i><\/a><i>, de ver<\/i><b><i>\u00a0<\/i><\/b><a href=\"https:\/\/www.youtube.com\/channel\/UCgAC8UGHZYbT6P7PpmVnP7g\"><b><i>AUTOFANS TV<\/i><\/b><\/a><b><i>\u00a0<\/i><\/b><i>en nuestro\u00a0canal de Youtube. Adem\u00e1s seguinos en\u00a0<\/i><a href=\"https:\/\/www.instagram.com\/autofanstv\/\"><i>INSTAGRAM<\/i><\/a><i> y <\/i><a href=\"https:\/\/www.facebook.com\/autofansmas\/\"><i>FACEBOOK<\/i><\/a><i> para no perderte nada sobre las novedades del segmento automotor de Argentina y el mundo.<\/i><\/p>\n","protected":false},"excerpt":{"rendered":"<p>Transportes Eduardo Osvaldo Rodr\u00edguez SRL, empresa l\u00edder en Neuqu\u00e9n que trabaja para YPF, adquiere 39&#8230;<\/p>\n","protected":false},"author":2,"featured_media":1473,"comment_status":"closed","ping_status":"closed","sticky":false,"template":"","format":"standard","meta":{"footnotes":""},"categories":[292,16],"tags":[657,659,654,369,656,658,655],"class_list":["post-1470","post","type-post","status-publish","format-standard","has-post-thumbnail","hentry","category-empresas","category-noticias","tag-camiones","tag-carga-rentada","tag-iveco","tag-seguridad","tag-suspension-neumatica","tag-tecnologia-nacional","tag-transporte-de-combustible"],"yoast_head":"<!-- This site is optimized with the Yoast SEO plugin v27.5 - https:\/\/yoast.com\/product\/yoast-seo-wordpress\/ -->\n<title>IVECO y su alianza con Transportes Rodr\u00edguez -<\/title>\n<meta name=\"description\" content=\"Transportes Eduardo Osvaldo Rodr\u00edguez SRL, empresa l\u00edder en Neuqu\u00e9n que trabaja para YPF, adquiere 39 nuevas unidades de IVECO...\" \/>\n<meta name=\"robots\" content=\"index, follow, max-snippet:-1, max-image-preview:large, max-video-preview:-1\" \/>\n<link rel=\"canonical\" href=\"https:\/\/autofans.com.ar\/index.php\/2023\/04\/11\/iveco-y-su-alianza-con-transportes-rodriguez\/\" \/>\n<meta property=\"og:locale\" content=\"es_ES\" \/>\n<meta property=\"og:type\" content=\"article\" \/>\n<meta property=\"og:title\" content=\"IVECO y su alianza con Transportes Rodr\u00edguez -\" \/>\n<meta property=\"og:description\" content=\"Transportes Eduardo Osvaldo Rodr\u00edguez SRL, empresa l\u00edder en Neuqu\u00e9n que trabaja para YPF, adquiere 39 nuevas unidades de IVECO...\" \/>\n<meta property=\"og:url\" content=\"https:\/\/autofans.com.ar\/index.php\/2023\/04\/11\/iveco-y-su-alianza-con-transportes-rodriguez\/\" \/>\n<meta property=\"article:published_time\" content=\"2023-04-11T20:29:09+00:00\" \/>\n<meta property=\"article:modified_time\" content=\"2023-04-11T20:31:28+00:00\" \/>\n<meta property=\"og:image\" content=\"https:\/\/autofans.com.ar\/wp-content\/uploads\/2023\/04\/foto-2-13-jpg.webp\" \/>\n\t<meta property=\"og:image:width\" content=\"1000\" \/>\n\t<meta property=\"og:image:height\" content=\"667\" \/>\n\t<meta property=\"og:image:type\" content=\"image\/jpeg\" \/>\n<meta name=\"author\" content=\"Alejandro Gabriel Rosito\" \/>\n<meta name=\"twitter:card\" content=\"summary_large_image\" \/>\n<meta name=\"twitter:label1\" content=\"Escrito por\" \/>\n\t<meta name=\"twitter:data1\" content=\"Alejandro Gabriel Rosito\" \/>\n\t<meta name=\"twitter:label2\" content=\"Tiempo de lectura\" \/>\n\t<meta name=\"twitter:data2\" content=\"2 minutos\" \/>\n<script type=\"application\/ld+json\" class=\"yoast-schema-graph\">{\"@context\":\"https:\\\/\\\/schema.org\",\"@graph\":[{\"@type\":\"Article\",\"@id\":\"https:\\\/\\\/autofans.com.ar\\\/index.php\\\/2023\\\/04\\\/11\\\/iveco-y-su-alianza-con-transportes-rodriguez\\\/#article\",\"isPartOf\":{\"@id\":\"https:\\\/\\\/autofans.com.ar\\\/index.php\\\/2023\\\/04\\\/11\\\/iveco-y-su-alianza-con-transportes-rodriguez\\\/\"},\"author\":{\"name\":\"Alejandro Gabriel Rosito\",\"@id\":\"https:\\\/\\\/autofans.com.ar\\\/#\\\/schema\\\/person\\\/4a8dda0b6df83ac3d6723e921274c2aa\"},\"headline\":\"IVECO y su alianza con Transportes Rodr\u00edguez\",\"datePublished\":\"2023-04-11T20:29:09+00:00\",\"dateModified\":\"2023-04-11T20:31:28+00:00\",\"mainEntityOfPage\":{\"@id\":\"https:\\\/\\\/autofans.com.ar\\\/index.php\\\/2023\\\/04\\\/11\\\/iveco-y-su-alianza-con-transportes-rodriguez\\\/\"},\"wordCount\":414,\"image\":{\"@id\":\"https:\\\/\\\/autofans.com.ar\\\/index.php\\\/2023\\\/04\\\/11\\\/iveco-y-su-alianza-con-transportes-rodriguez\\\/#primaryimage\"},\"thumbnailUrl\":\"https:\\\/\\\/autofans.com.ar\\\/wp-content\\\/uploads\\\/2023\\\/04\\\/foto-2-13-jpg.webp\",\"keywords\":[\"camiones\",\"carga rentada\",\"IVECO\",\"seguridad\",\"suspensi\u00f3n neum\u00e1tica\",\"tecnolog\u00eda nacional\",\"transporte de combustible\"],\"articleSection\":[\"EMPRESAS\",\"NOTICIAS\"],\"inLanguage\":\"es\"},{\"@type\":\"WebPage\",\"@id\":\"https:\\\/\\\/autofans.com.ar\\\/index.php\\\/2023\\\/04\\\/11\\\/iveco-y-su-alianza-con-transportes-rodriguez\\\/\",\"url\":\"https:\\\/\\\/autofans.com.ar\\\/index.php\\\/2023\\\/04\\\/11\\\/iveco-y-su-alianza-con-transportes-rodriguez\\\/\",\"name\":\"IVECO y su alianza con Transportes Rodr\u00edguez -\",\"isPartOf\":{\"@id\":\"https:\\\/\\\/autofans.com.ar\\\/#website\"},\"primaryImageOfPage\":{\"@id\":\"https:\\\/\\\/autofans.com.ar\\\/index.php\\\/2023\\\/04\\\/11\\\/iveco-y-su-alianza-con-transportes-rodriguez\\\/#primaryimage\"},\"image\":{\"@id\":\"https:\\\/\\\/autofans.com.ar\\\/index.php\\\/2023\\\/04\\\/11\\\/iveco-y-su-alianza-con-transportes-rodriguez\\\/#primaryimage\"},\"thumbnailUrl\":\"https:\\\/\\\/autofans.com.ar\\\/wp-content\\\/uploads\\\/2023\\\/04\\\/foto-2-13-jpg.webp\",\"datePublished\":\"2023-04-11T20:29:09+00:00\",\"dateModified\":\"2023-04-11T20:31:28+00:00\",\"author\":{\"@id\":\"https:\\\/\\\/autofans.com.ar\\\/#\\\/schema\\\/person\\\/4a8dda0b6df83ac3d6723e921274c2aa\"},\"description\":\"Transportes Eduardo Osvaldo Rodr\u00edguez SRL, empresa l\u00edder en Neuqu\u00e9n que trabaja para YPF, adquiere 39 nuevas unidades de IVECO...\",\"breadcrumb\":{\"@id\":\"https:\\\/\\\/autofans.com.ar\\\/index.php\\\/2023\\\/04\\\/11\\\/iveco-y-su-alianza-con-transportes-rodriguez\\\/#breadcrumb\"},\"inLanguage\":\"es\",\"potentialAction\":[{\"@type\":\"ReadAction\",\"target\":[\"https:\\\/\\\/autofans.com.ar\\\/index.php\\\/2023\\\/04\\\/11\\\/iveco-y-su-alianza-con-transportes-rodriguez\\\/\"]}]},{\"@type\":\"ImageObject\",\"inLanguage\":\"es\",\"@id\":\"https:\\\/\\\/autofans.com.ar\\\/index.php\\\/2023\\\/04\\\/11\\\/iveco-y-su-alianza-con-transportes-rodriguez\\\/#primaryimage\",\"url\":\"https:\\\/\\\/autofans.com.ar\\\/wp-content\\\/uploads\\\/2023\\\/04\\\/foto-2-13-jpg.webp\",\"contentUrl\":\"https:\\\/\\\/autofans.com.ar\\\/wp-content\\\/uploads\\\/2023\\\/04\\\/foto-2-13-jpg.webp\",\"width\":1000,\"height\":667,\"caption\":\"iveco\"},{\"@type\":\"BreadcrumbList\",\"@id\":\"https:\\\/\\\/autofans.com.ar\\\/index.php\\\/2023\\\/04\\\/11\\\/iveco-y-su-alianza-con-transportes-rodriguez\\\/#breadcrumb\",\"itemListElement\":[{\"@type\":\"ListItem\",\"position\":1,\"name\":\"Inicio\",\"item\":\"https:\\\/\\\/autofans.com.ar\\\/\"},{\"@type\":\"ListItem\",\"position\":2,\"name\":\"IVECO y su alianza con Transportes Rodr\u00edguez\"}]},{\"@type\":\"WebSite\",\"@id\":\"https:\\\/\\\/autofans.com.ar\\\/#website\",\"url\":\"https:\\\/\\\/autofans.com.ar\\\/\",\"name\":\"\",\"description\":\"El multimedio referente de la industria automotriz\",\"potentialAction\":[{\"@type\":\"SearchAction\",\"target\":{\"@type\":\"EntryPoint\",\"urlTemplate\":\"https:\\\/\\\/autofans.com.ar\\\/?s={search_term_string}\"},\"query-input\":{\"@type\":\"PropertyValueSpecification\",\"valueRequired\":true,\"valueName\":\"search_term_string\"}}],\"inLanguage\":\"es\"},{\"@type\":\"Person\",\"@id\":\"https:\\\/\\\/autofans.com.ar\\\/#\\\/schema\\\/person\\\/4a8dda0b6df83ac3d6723e921274c2aa\",\"name\":\"Alejandro Gabriel Rosito\",\"image\":{\"@type\":\"ImageObject\",\"inLanguage\":\"es\",\"@id\":\"https:\\\/\\\/secure.gravatar.com\\\/avatar\\\/16c5dda1489adfc62618084dcbb91cffd879c374b13fe5dd8e44ed6733852c88?s=96&d=mm&r=g\",\"url\":\"https:\\\/\\\/secure.gravatar.com\\\/avatar\\\/16c5dda1489adfc62618084dcbb91cffd879c374b13fe5dd8e44ed6733852c88?s=96&d=mm&r=g\",\"contentUrl\":\"https:\\\/\\\/secure.gravatar.com\\\/avatar\\\/16c5dda1489adfc62618084dcbb91cffd879c374b13fe5dd8e44ed6733852c88?s=96&d=mm&r=g\",\"caption\":\"Alejandro Gabriel Rosito\"},\"url\":\"https:\\\/\\\/autofans.com.ar\\\/index.php\\\/author\\\/gabrielr\\\/\"}]}<\/script>\n<!-- \/ Yoast SEO plugin. -->","yoast_head_json":{"title":"IVECO y su alianza con Transportes Rodr\u00edguez -","description":"Transportes Eduardo Osvaldo Rodr\u00edguez SRL, empresa l\u00edder en Neuqu\u00e9n que trabaja para YPF, adquiere 39 nuevas unidades de IVECO...","robots":{"index":"index","follow":"follow","max-snippet":"max-snippet:-1","max-image-preview":"max-image-preview:large","max-video-preview":"max-video-preview:-1"},"canonical":"https:\/\/autofans.com.ar\/index.php\/2023\/04\/11\/iveco-y-su-alianza-con-transportes-rodriguez\/","og_locale":"es_ES","og_type":"article","og_title":"IVECO y su alianza con Transportes Rodr\u00edguez -","og_description":"Transportes Eduardo Osvaldo Rodr\u00edguez SRL, empresa l\u00edder en Neuqu\u00e9n que trabaja para YPF, adquiere 39 nuevas unidades de IVECO...","og_url":"https:\/\/autofans.com.ar\/index.php\/2023\/04\/11\/iveco-y-su-alianza-con-transportes-rodriguez\/","article_published_time":"2023-04-11T20:29:09+00:00","article_modified_time":"2023-04-11T20:31:28+00:00","og_image":[{"width":1000,"height":667,"url":"https:\/\/autofans.com.ar\/wp-content\/uploads\/2023\/04\/foto-2-13-jpg.webp","type":"image\/jpeg"}],"author":"Alejandro Gabriel Rosito","twitter_card":"summary_large_image","twitter_misc":{"Escrito por":"Alejandro Gabriel Rosito","Tiempo de lectura":"2 minutos"},"schema":{"@context":"https:\/\/schema.org","@graph":[{"@type":"Article","@id":"https:\/\/autofans.com.ar\/index.php\/2023\/04\/11\/iveco-y-su-alianza-con-transportes-rodriguez\/#article","isPartOf":{"@id":"https:\/\/autofans.com.ar\/index.php\/2023\/04\/11\/iveco-y-su-alianza-con-transportes-rodriguez\/"},"author":{"name":"Alejandro Gabriel Rosito","@id":"https:\/\/autofans.com.ar\/#\/schema\/person\/4a8dda0b6df83ac3d6723e921274c2aa"},"headline":"IVECO y su alianza con Transportes Rodr\u00edguez","datePublished":"2023-04-11T20:29:09+00:00","dateModified":"2023-04-11T20:31:28+00:00","mainEntityOfPage":{"@id":"https:\/\/autofans.com.ar\/index.php\/2023\/04\/11\/iveco-y-su-alianza-con-transportes-rodriguez\/"},"wordCount":414,"image":{"@id":"https:\/\/autofans.com.ar\/index.php\/2023\/04\/11\/iveco-y-su-alianza-con-transportes-rodriguez\/#primaryimage"},"thumbnailUrl":"https:\/\/autofans.com.ar\/wp-content\/uploads\/2023\/04\/foto-2-13-jpg.webp","keywords":["camiones","carga rentada","IVECO","seguridad","suspensi\u00f3n neum\u00e1tica","tecnolog\u00eda nacional","transporte de combustible"],"articleSection":["EMPRESAS","NOTICIAS"],"inLanguage":"es"},{"@type":"WebPage","@id":"https:\/\/autofans.com.ar\/index.php\/2023\/04\/11\/iveco-y-su-alianza-con-transportes-rodriguez\/","url":"https:\/\/autofans.com.ar\/index.php\/2023\/04\/11\/iveco-y-su-alianza-con-transportes-rodriguez\/","name":"IVECO y su alianza con Transportes Rodr\u00edguez -","isPartOf":{"@id":"https:\/\/autofans.com.ar\/#website"},"primaryImageOfPage":{"@id":"https:\/\/autofans.com.ar\/index.php\/2023\/04\/11\/iveco-y-su-alianza-con-transportes-rodriguez\/#primaryimage"},"image":{"@id":"https:\/\/autofans.com.ar\/index.php\/2023\/04\/11\/iveco-y-su-alianza-con-transportes-rodriguez\/#primaryimage"},"thumbnailUrl":"https:\/\/autofans.com.ar\/wp-content\/uploads\/2023\/04\/foto-2-13-jpg.webp","datePublished":"2023-04-11T20:29:09+00:00","dateModified":"2023-04-11T20:31:28+00:00","author":{"@id":"https:\/\/autofans.com.ar\/#\/schema\/person\/4a8dda0b6df83ac3d6723e921274c2aa"},"description":"Transportes Eduardo Osvaldo Rodr\u00edguez SRL, empresa l\u00edder en Neuqu\u00e9n que trabaja para YPF, adquiere 39 nuevas unidades de IVECO...","breadcrumb":{"@id":"https:\/\/autofans.com.ar\/index.php\/2023\/04\/11\/iveco-y-su-alianza-con-transportes-rodriguez\/#breadcrumb"},"inLanguage":"es","potentialAction":[{"@type":"ReadAction","target":["https:\/\/autofans.com.ar\/index.php\/2023\/04\/11\/iveco-y-su-alianza-con-transportes-rodriguez\/"]}]},{"@type":"ImageObject","inLanguage":"es","@id":"https:\/\/autofans.com.ar\/index.php\/2023\/04\/11\/iveco-y-su-alianza-con-transportes-rodriguez\/#primaryimage","url":"https:\/\/autofans.com.ar\/wp-content\/uploads\/2023\/04\/foto-2-13-jpg.webp","contentUrl":"https:\/\/autofans.com.ar\/wp-content\/uploads\/2023\/04\/foto-2-13-jpg.webp","width":1000,"height":667,"caption":"iveco"},{"@type":"BreadcrumbList","@id":"https:\/\/autofans.com.ar\/index.php\/2023\/04\/11\/iveco-y-su-alianza-con-transportes-rodriguez\/#breadcrumb","itemListElement":[{"@type":"ListItem","position":1,"name":"Inicio","item":"https:\/\/autofans.com.ar\/"},{"@type":"ListItem","position":2,"name":"IVECO y su alianza con Transportes Rodr\u00edguez"}]},{"@type":"WebSite","@id":"https:\/\/autofans.com.ar\/#website","url":"https:\/\/autofans.com.ar\/","name":"","description":"El multimedio referente de la industria automotriz","potentialAction":[{"@type":"SearchAction","target":{"@type":"EntryPoint","urlTemplate":"https:\/\/autofans.com.ar\/?s={search_term_string}"},"query-input":{"@type":"PropertyValueSpecification","valueRequired":true,"valueName":"search_term_string"}}],"inLanguage":"es"},{"@type":"Person","@id":"https:\/\/autofans.com.ar\/#\/schema\/person\/4a8dda0b6df83ac3d6723e921274c2aa","name":"Alejandro Gabriel Rosito","image":{"@type":"ImageObject","inLanguage":"es","@id":"https:\/\/secure.gravatar.com\/avatar\/16c5dda1489adfc62618084dcbb91cffd879c374b13fe5dd8e44ed6733852c88?s=96&d=mm&r=g","url":"https:\/\/secure.gravatar.com\/avatar\/16c5dda1489adfc62618084dcbb91cffd879c374b13fe5dd8e44ed6733852c88?s=96&d=mm&r=g","contentUrl":"https:\/\/secure.gravatar.com\/avatar\/16c5dda1489adfc62618084dcbb91cffd879c374b13fe5dd8e44ed6733852c88?s=96&d=mm&r=g","caption":"Alejandro Gabriel Rosito"},"url":"https:\/\/autofans.com.ar\/index.php\/author\/gabrielr\/"}]}},"featured_image_urls":{"full":["https:\/\/autofans.com.ar\/wp-content\/uploads\/2023\/04\/foto-2-13-jpg.webp",1000,667,false],"thumbnail":["https:\/\/autofans.com.ar\/wp-content\/uploads\/2023\/04\/foto-2-13-150x150.webp",150,150,true],"medium":["https:\/\/autofans.com.ar\/wp-content\/uploads\/2023\/04\/foto-2-13-300x200.webp",300,200,true],"medium_large":["https:\/\/autofans.com.ar\/wp-content\/uploads\/2023\/04\/foto-2-13-768x512.webp",640,427,true],"large":["https:\/\/autofans.com.ar\/wp-content\/uploads\/2023\/04\/foto-2-13-jpg.webp",640,427,false],"1536x1536":["https:\/\/autofans.com.ar\/wp-content\/uploads\/2023\/04\/foto-2-13-jpg.webp",1000,667,false],"2048x2048":["https:\/\/autofans.com.ar\/wp-content\/uploads\/2023\/04\/foto-2-13-jpg.webp",1000,667,false],"covernews-featured":["https:\/\/autofans.com.ar\/wp-content\/uploads\/2023\/04\/foto-2-13-jpg.webp",1000,667,false],"covernews-medium":["https:\/\/autofans.com.ar\/wp-content\/uploads\/2023\/04\/foto-2-13-540x340.webp",540,340,true]},"author_info":{"display_name":"Alejandro Gabriel Rosito","author_link":"https:\/\/autofans.com.ar\/index.php\/author\/gabrielr\/"},"category_info":"<a href=\"https:\/\/autofans.com.ar\/index.php\/category\/noticias\/empresas\/\" rel=\"category tag\">EMPRESAS<\/a> <a href=\"https:\/\/autofans.com.ar\/index.php\/category\/noticias\/\" rel=\"category tag\">NOTICIAS<\/a>","tag_info":"NOTICIAS","comment_count":0,"_links":{"self":[{"href":"https:\/\/autofans.com.ar\/index.php\/wp-json\/wp\/v2\/posts\/1470","targetHints":{"allow":["GET"]}}],"collection":[{"href":"https:\/\/autofans.com.ar\/index.php\/wp-json\/wp\/v2\/posts"}],"about":[{"href":"https:\/\/autofans.com.ar\/index.php\/wp-json\/wp\/v2\/types\/post"}],"author":[{"embeddable":true,"href":"https:\/\/autofans.com.ar\/index.php\/wp-json\/wp\/v2\/users\/2"}],"replies":[{"embeddable":true,"href":"https:\/\/autofans.com.ar\/index.php\/wp-json\/wp\/v2\/comments?post=1470"}],"version-history":[{"count":8,"href":"https:\/\/autofans.com.ar\/index.php\/wp-json\/wp\/v2\/posts\/1470\/revisions"}],"predecessor-version":[{"id":1482,"href":"https:\/\/autofans.com.ar\/index.php\/wp-json\/wp\/v2\/posts\/1470\/revisions\/1482"}],"wp:featuredmedia":[{"embeddable":true,"href":"https:\/\/autofans.com.ar\/index.php\/wp-json\/wp\/v2\/media\/1473"}],"wp:attachment":[{"href":"https:\/\/autofans.com.ar\/index.php\/wp-json\/wp\/v2\/media?parent=1470"}],"wp:term":[{"taxonomy":"category","embeddable":true,"href":"https:\/\/autofans.com.ar\/index.php\/wp-json\/wp\/v2\/categories?post=1470"},{"taxonomy":"post_tag","embeddable":true,"href":"https:\/\/autofans.com.ar\/index.php\/wp-json\/wp\/v2\/tags?post=1470"}],"curies":[{"name":"wp","href":"https:\/\/api.w.org\/{rel}","templated":true}]}}