{"id":14891,"date":"2025-11-19T18:54:48","date_gmt":"2025-11-19T21:54:48","guid":{"rendered":"https:\/\/autofans.com.ar\/?p=14891"},"modified":"2025-11-19T18:54:48","modified_gmt":"2025-11-19T21:54:48","slug":"ktm-lanza-en-argentina-tres-nuevas-390","status":"publish","type":"post","link":"https:\/\/autofans.com.ar\/index.php\/2025\/11\/19\/ktm-lanza-en-argentina-tres-nuevas-390\/","title":{"rendered":"KTM lanza en Argentina tres nuevas 390"},"content":{"rendered":"<p class=\"ds-markdown-paragraph\">KTM acaba de reforzar su presencia en Argentina con el lanzamiento oficial de su renovada l\u00ednea 390. Bajo el ADN READY TO RACE, la marca introduce tres modelos dise\u00f1ados para transitar desde el asfalto hasta los caminos m\u00e1s desafiantes.<\/p>\n<p>&nbsp;<\/p>\n<h2 class=\"ds-markdown-paragraph\">KTM 390 Adventure X, La puerta de entrada al mundo trail<\/h2>\n<p>&nbsp;<\/p>\n<div id='gallery-1' class='gallery galleryid-14891 gallery-columns-3 gallery-size-full'><figure class='gallery-item'>\n\t\t\t<div class='gallery-icon landscape'>\n\t\t\t\t<a href='https:\/\/autofans.com.ar\/index.php\/2025\/11\/19\/ktm-lanza-en-argentina-tres-nuevas-390\/adv-x-2\/'><img loading=\"lazy\" width=\"1000\" height=\"667\" src=\"https:\/\/autofans.com.ar\/wp-content\/uploads\/2025\/11\/adv-x-2.jpg\" class=\"attachment-full size-full\" alt=\"KTM\" aria-describedby=\"gallery-1-14899\" srcset=\"https:\/\/autofans.com.ar\/wp-content\/uploads\/2025\/11\/adv-x-2.jpg 1000w, https:\/\/autofans.com.ar\/wp-content\/uploads\/2025\/11\/adv-x-2-300x200.jpg 300w, https:\/\/autofans.com.ar\/wp-content\/uploads\/2025\/11\/adv-x-2-768x512.jpg 768w\" sizes=\"auto, (max-width: 1000px) 100vw, 1000px\" loading=\"lazy\" decoding=\"async\" \/><\/a>\n\t\t\t<\/div>\n\t\t\t\t<figcaption class='wp-caption-text gallery-caption' id='gallery-1-14899'>\n\t\t\t\tKTM 390 Adventure X\n\t\t\t\t<\/figcaption><\/figure><figure class='gallery-item'>\n\t\t\t<div class='gallery-icon landscape'>\n\t\t\t\t<a href='https:\/\/autofans.com.ar\/index.php\/2025\/11\/19\/ktm-lanza-en-argentina-tres-nuevas-390\/adv-x-3\/'><img loading=\"lazy\" width=\"1000\" height=\"667\" src=\"https:\/\/autofans.com.ar\/wp-content\/uploads\/2025\/11\/adv-x-3.jpg\" class=\"attachment-full size-full\" alt=\"KTM\" aria-describedby=\"gallery-1-14898\" srcset=\"https:\/\/autofans.com.ar\/wp-content\/uploads\/2025\/11\/adv-x-3.jpg 1000w, https:\/\/autofans.com.ar\/wp-content\/uploads\/2025\/11\/adv-x-3-300x200.jpg 300w, https:\/\/autofans.com.ar\/wp-content\/uploads\/2025\/11\/adv-x-3-768x512.jpg 768w\" sizes=\"auto, (max-width: 1000px) 100vw, 1000px\" loading=\"lazy\" decoding=\"async\" \/><\/a>\n\t\t\t<\/div>\n\t\t\t\t<figcaption class='wp-caption-text gallery-caption' id='gallery-1-14898'>\n\t\t\t\tKTM 390 Adventure X\n\t\t\t\t<\/figcaption><\/figure><figure class='gallery-item'>\n\t\t\t<div class='gallery-icon landscape'>\n\t\t\t\t<a href='https:\/\/autofans.com.ar\/index.php\/2025\/11\/19\/ktm-lanza-en-argentina-tres-nuevas-390\/adv-x-1\/'><img loading=\"lazy\" width=\"1000\" height=\"667\" src=\"https:\/\/autofans.com.ar\/wp-content\/uploads\/2025\/11\/adv-x-1.jpg\" class=\"attachment-full size-full\" alt=\"KTM\" aria-describedby=\"gallery-1-14900\" srcset=\"https:\/\/autofans.com.ar\/wp-content\/uploads\/2025\/11\/adv-x-1.jpg 1000w, https:\/\/autofans.com.ar\/wp-content\/uploads\/2025\/11\/adv-x-1-300x200.jpg 300w, https:\/\/autofans.com.ar\/wp-content\/uploads\/2025\/11\/adv-x-1-768x512.jpg 768w\" sizes=\"auto, (max-width: 1000px) 100vw, 1000px\" loading=\"lazy\" decoding=\"async\" \/><\/a>\n\t\t\t<\/div>\n\t\t\t\t<figcaption class='wp-caption-text gallery-caption' id='gallery-1-14900'>\n\t\t\t\tKTM 390 Adventure X\n\t\t\t\t<\/figcaption><\/figure>\n\t\t<\/div>\n\n<div style=\"display: flex; justify-content: center; width: 100%;\">\n<div style=\"display: flex; align-items: center; justify-content: space-between; background: #f0f2f5; padding: 3px 92px; border-radius: 0px; box-shadow: 0 4px 10px rgba(0, 0, 0, 0.08); margin: 24px 0; max-width: 700px;\">\n<div style=\"flex: 1;\"><a style=\"font-size: 18px; color: #921414; font-weight: bold; text-decoration: underline;\" href=\"https:\/\/autofans.com.ar\/wp-content\/uploads\/2025\/11\/KTM-Adventure-X.png\" target=\"_blank\" rel=\"noopener\"><br \/>\n\u2192 Ficha T\u00e9cnica Adventure X<br \/>\n<\/a><a style=\"font-size: 18px; color: #007bff; font-weight: 1200; text-decoration: underline;\" href=\"https:\/\/autofans.com.ar\/wp-content\/uploads\/2025\/05\/ftmy26argo-681166d8eb8a6.pdf\" target=\"_blank\" rel=\"noopener\"><br \/>\n<\/a><\/div>\n<div style=\"margin-left: 46px;\"><img fetchpriority=\"high\" decoding=\"async\" class=\"alignright\" style=\"height: 20px; width: auto;\" src=\"https:\/\/autofans.com.ar\/wp-content\/uploads\/2023\/02\/Autofans_600x102_150px5.png\" alt=\"Logo Autofans\" width=\"1200\" height=\"137\" \/><\/div>\n<\/div>\n<\/div>\n<p>&nbsp;<\/p>\n<p class=\"ds-markdown-paragraph\">Ideal para quienes se inician en el segmento, la Adventure X se posiciona como una opci\u00f3n accesible y \u00e1gil. Es una moto confiable para el uso diario en la ciudad, sin sacrificar las capacidades necesarias para escapadas travel. Representa el primer paso en el universo KTM con un enfoque vers\u00e1til.<\/p>\n<p>&nbsp;<\/p>\n<h2 class=\"ds-markdown-paragraph\">KTM 390 Adventure R, la aventura sin l\u00edmites<\/h2>\n<p>&nbsp;<\/p>\n<div id='gallery-2' class='gallery galleryid-14891 gallery-columns-3 gallery-size-full'><figure class='gallery-item'>\n\t\t\t<div class='gallery-icon landscape'>\n\t\t\t\t<a href='https:\/\/autofans.com.ar\/index.php\/2025\/11\/19\/ktm-lanza-en-argentina-tres-nuevas-390\/adv-r-2\/'><img loading=\"lazy\" width=\"1000\" height=\"667\" src=\"https:\/\/autofans.com.ar\/wp-content\/uploads\/2025\/11\/adv-r-2.jpg\" class=\"attachment-full size-full\" alt=\"KTM\" aria-describedby=\"gallery-2-14902\" srcset=\"https:\/\/autofans.com.ar\/wp-content\/uploads\/2025\/11\/adv-r-2.jpg 1000w, https:\/\/autofans.com.ar\/wp-content\/uploads\/2025\/11\/adv-r-2-300x200.jpg 300w, https:\/\/autofans.com.ar\/wp-content\/uploads\/2025\/11\/adv-r-2-768x512.jpg 768w\" sizes=\"auto, (max-width: 1000px) 100vw, 1000px\" loading=\"lazy\" decoding=\"async\" \/><\/a>\n\t\t\t<\/div>\n\t\t\t\t<figcaption class='wp-caption-text gallery-caption' id='gallery-2-14902'>\n\t\t\t\tKTM 390 Adventure R\n\t\t\t\t<\/figcaption><\/figure><figure class='gallery-item'>\n\t\t\t<div class='gallery-icon landscape'>\n\t\t\t\t<a href='https:\/\/autofans.com.ar\/index.php\/2025\/11\/19\/ktm-lanza-en-argentina-tres-nuevas-390\/adv-r-1\/'><img loading=\"lazy\" width=\"1000\" height=\"667\" src=\"https:\/\/autofans.com.ar\/wp-content\/uploads\/2025\/11\/adv-r-1.jpg\" class=\"attachment-full size-full\" alt=\"KTM\" aria-describedby=\"gallery-2-14903\" srcset=\"https:\/\/autofans.com.ar\/wp-content\/uploads\/2025\/11\/adv-r-1.jpg 1000w, https:\/\/autofans.com.ar\/wp-content\/uploads\/2025\/11\/adv-r-1-300x200.jpg 300w, https:\/\/autofans.com.ar\/wp-content\/uploads\/2025\/11\/adv-r-1-768x512.jpg 768w\" sizes=\"auto, (max-width: 1000px) 100vw, 1000px\" loading=\"lazy\" decoding=\"async\" \/><\/a>\n\t\t\t<\/div>\n\t\t\t\t<figcaption class='wp-caption-text gallery-caption' id='gallery-2-14903'>\n\t\t\t\tKTM 390 Adventure R\n\t\t\t\t<\/figcaption><\/figure><figure class='gallery-item'>\n\t\t\t<div class='gallery-icon landscape'>\n\t\t\t\t<a href='https:\/\/autofans.com.ar\/index.php\/2025\/11\/19\/ktm-lanza-en-argentina-tres-nuevas-390\/adv-r-3\/'><img loading=\"lazy\" width=\"1000\" height=\"667\" src=\"https:\/\/autofans.com.ar\/wp-content\/uploads\/2025\/11\/adv-r-3.jpg\" class=\"attachment-full size-full\" alt=\"KTM\" aria-describedby=\"gallery-2-14901\" srcset=\"https:\/\/autofans.com.ar\/wp-content\/uploads\/2025\/11\/adv-r-3.jpg 1000w, https:\/\/autofans.com.ar\/wp-content\/uploads\/2025\/11\/adv-r-3-300x200.jpg 300w, https:\/\/autofans.com.ar\/wp-content\/uploads\/2025\/11\/adv-r-3-768x512.jpg 768w\" sizes=\"auto, (max-width: 1000px) 100vw, 1000px\" loading=\"lazy\" decoding=\"async\" \/><\/a>\n\t\t\t<\/div>\n\t\t\t\t<figcaption class='wp-caption-text gallery-caption' id='gallery-2-14901'>\n\t\t\t\tKTM 390 Adventure R\n\t\t\t\t<\/figcaption><\/figure>\n\t\t<\/div>\n\n<div style=\"display: flex; justify-content: center; width: 100%;\">\n<div style=\"display: flex; align-items: center; justify-content: space-between; background: #f0f2f5; padding: 3px 92px; border-radius: 0px; box-shadow: 0 4px 10px rgba(0, 0, 0, 0.08); margin: 24px 0; max-width: 700px;\">\n<div style=\"flex: 1;\"><a style=\"font-size: 18px; color: #921414; font-weight: bold; text-decoration: underline;\" href=\"https:\/\/autofans.com.ar\/wp-content\/uploads\/2025\/11\/KTM-Adventure-R.png\" target=\"_blank\" rel=\"noopener\"><br \/>\n\u2192 Ficha T\u00e9cnica Enduro R<br \/>\n<\/a><a style=\"font-size: 18px; color: #007bff; font-weight: 1200; text-decoration: underline;\" href=\"https:\/\/autofans.com.ar\/wp-content\/uploads\/2025\/05\/ftmy26argo-681166d8eb8a6.pdf\" target=\"_blank\" rel=\"noopener\"><br \/>\n<\/a><\/div>\n<div style=\"margin-left: 46px;\"><img fetchpriority=\"high\" decoding=\"async\" class=\"alignright\" style=\"height: 20px; width: auto;\" src=\"https:\/\/autofans.com.ar\/wp-content\/uploads\/2023\/02\/Autofans_600x102_150px5.png\" alt=\"Logo Autofans\" width=\"1200\" height=\"137\" \/><\/div>\n<\/div>\n<\/div>\n<p>&nbsp;<\/p>\n<p class=\"ds-markdown-paragraph\">Heredera directa del legado Dakar, la Adventure R est\u00e1 pensada para el piloto que busca ir m\u00e1s lejos. Incorpora un chasis de nueva generaci\u00f3n, suspensiones de alto rendimiento y una electr\u00f3nica avanzada. Est\u00e1 desarrollada para ofrecer control m\u00e1ximo en cualquier tipo de superficie, permiti\u00e9ndote crear tu propio camino.<\/p>\n<p>&nbsp;<\/p>\n<h2 class=\"ds-markdown-paragraph\">KTM 390 Enduro R, competencia homologada para la calle<\/h2>\n<p>&nbsp;<\/p>\n<div id='gallery-3' class='gallery galleryid-14891 gallery-columns-3 gallery-size-full'><figure class='gallery-item'>\n\t\t\t<div class='gallery-icon landscape'>\n\t\t\t\t<a href='https:\/\/autofans.com.ar\/index.php\/2025\/11\/19\/ktm-lanza-en-argentina-tres-nuevas-390\/enduro-r-1\/'><img loading=\"lazy\" width=\"1000\" height=\"667\" src=\"https:\/\/autofans.com.ar\/wp-content\/uploads\/2025\/11\/enduro-r-1.jpg\" class=\"attachment-full size-full\" alt=\"KTM\" aria-describedby=\"gallery-3-14897\" srcset=\"https:\/\/autofans.com.ar\/wp-content\/uploads\/2025\/11\/enduro-r-1.jpg 1000w, https:\/\/autofans.com.ar\/wp-content\/uploads\/2025\/11\/enduro-r-1-300x200.jpg 300w, https:\/\/autofans.com.ar\/wp-content\/uploads\/2025\/11\/enduro-r-1-768x512.jpg 768w\" sizes=\"auto, (max-width: 1000px) 100vw, 1000px\" loading=\"lazy\" decoding=\"async\" \/><\/a>\n\t\t\t<\/div>\n\t\t\t\t<figcaption class='wp-caption-text gallery-caption' id='gallery-3-14897'>\n\t\t\t\tKTM 390 Enduro R\n\t\t\t\t<\/figcaption><\/figure><figure class='gallery-item'>\n\t\t\t<div class='gallery-icon landscape'>\n\t\t\t\t<a href='https:\/\/autofans.com.ar\/index.php\/2025\/11\/19\/ktm-lanza-en-argentina-tres-nuevas-390\/enduro-r-3\/'><img loading=\"lazy\" width=\"1000\" height=\"667\" src=\"https:\/\/autofans.com.ar\/wp-content\/uploads\/2025\/11\/enduro-r-3.jpg\" class=\"attachment-full size-full\" alt=\"KTM\" aria-describedby=\"gallery-3-14895\" srcset=\"https:\/\/autofans.com.ar\/wp-content\/uploads\/2025\/11\/enduro-r-3.jpg 1000w, https:\/\/autofans.com.ar\/wp-content\/uploads\/2025\/11\/enduro-r-3-300x200.jpg 300w, https:\/\/autofans.com.ar\/wp-content\/uploads\/2025\/11\/enduro-r-3-768x512.jpg 768w\" sizes=\"auto, (max-width: 1000px) 100vw, 1000px\" loading=\"lazy\" decoding=\"async\" \/><\/a>\n\t\t\t<\/div>\n\t\t\t\t<figcaption class='wp-caption-text gallery-caption' id='gallery-3-14895'>\n\t\t\t\tKTM 390 Enduro R\n\t\t\t\t<\/figcaption><\/figure><figure class='gallery-item'>\n\t\t\t<div class='gallery-icon landscape'>\n\t\t\t\t<a href='https:\/\/autofans.com.ar\/index.php\/2025\/11\/19\/ktm-lanza-en-argentina-tres-nuevas-390\/enduro-r-2\/'><img loading=\"lazy\" width=\"1000\" height=\"667\" src=\"https:\/\/autofans.com.ar\/wp-content\/uploads\/2025\/11\/enduro-r-2.jpg\" class=\"attachment-full size-full\" alt=\"KTM\" aria-describedby=\"gallery-3-14896\" srcset=\"https:\/\/autofans.com.ar\/wp-content\/uploads\/2025\/11\/enduro-r-2.jpg 1000w, https:\/\/autofans.com.ar\/wp-content\/uploads\/2025\/11\/enduro-r-2-300x200.jpg 300w, https:\/\/autofans.com.ar\/wp-content\/uploads\/2025\/11\/enduro-r-2-768x512.jpg 768w\" sizes=\"auto, (max-width: 1000px) 100vw, 1000px\" loading=\"lazy\" decoding=\"async\" \/><\/a>\n\t\t\t<\/div>\n\t\t\t\t<figcaption class='wp-caption-text gallery-caption' id='gallery-3-14896'>\n\t\t\t\tKTM 390 Enduro R\n\t\t\t\t<\/figcaption><\/figure>\n\t\t<\/div>\n\n<div style=\"display: flex; justify-content: center; width: 100%;\">\n<div style=\"display: flex; align-items: center; justify-content: space-between; background: #f0f2f5; padding: 3px 92px; border-radius: 0px; box-shadow: 0 4px 10px rgba(0, 0, 0, 0.08); margin: 24px 0; max-width: 700px;\">\n<div style=\"flex: 1;\"><a style=\"font-size: 18px; color: #921414; font-weight: bold; text-decoration: underline;\" href=\"https:\/\/autofans.com.ar\/wp-content\/uploads\/2025\/11\/KTM-Enduro-R.png\" target=\"_blank\" rel=\"noopener\"><br \/>\n\u2192 Ficha T\u00e9cnica Adventure R<br \/>\n<\/a><a style=\"font-size: 18px; color: #007bff; font-weight: 1200; text-decoration: underline;\" href=\"https:\/\/autofans.com.ar\/wp-content\/uploads\/2025\/05\/ftmy26argo-681166d8eb8a6.pdf\" target=\"_blank\" rel=\"noopener\"><br \/>\n<\/a><\/div>\n<div style=\"margin-left: 46px;\"><img fetchpriority=\"high\" decoding=\"async\" class=\"alignright\" style=\"height: 20px; width: auto;\" src=\"https:\/\/autofans.com.ar\/wp-content\/uploads\/2023\/02\/Autofans_600x102_150px5.png\" alt=\"Logo Autofans\" width=\"1200\" height=\"137\" \/><\/div>\n<\/div>\n<\/div>\n<p>&nbsp;<\/p>\n<p class=\"ds-markdown-paragraph\">Para quienes buscan una m\u00e1quina con esp\u00edritu netamente enduro pero que pueda circular de manera legal, llega la Enduro R. Esta moto combina la agilidad off-road de la competici\u00f3n con la libertad de transitar en ruta. Es una propuesta \u00fanica para riders que no aceptan l\u00edmites.<\/p>\n<p class=\"ds-markdown-paragraph\">Con esta triple presentaci\u00f3n y \u00a0de la mano de Grupo Simpa, consolida su propuesta en el segmento de media cilindrada. Las tres motos ya se encuentran disponibles en los concesionarios oficiales de la marca.<\/p>\n<ul>\n<li>\n<p class=\"ds-markdown-paragraph\">KTM 390 Adventure X: $13.200.000<\/p>\n<\/li>\n<li>\n<p class=\"ds-markdown-paragraph\">KTM 390 Adventure R: $16.000.000<\/p>\n<\/li>\n<li>\n<p class=\"ds-markdown-paragraph\">KTM 390 Enduro R: $13.327.000<\/p>\n<\/li>\n<\/ul>\n<p>&nbsp;<\/p>\n<p>&nbsp;<\/p>\n<p>&nbsp;<\/p>\n<p>&nbsp;<\/p>\n<p><i>Para enterarte de m\u00e1s novedades, no dejes de leer\u00a0<\/i><a href=\"https:\/\/autofans.thebrandsoup.com\/\"><i>nuestras notas<\/i><\/a><i>, de ver\u00a0<\/i><a href=\"https:\/\/www.youtube.com\/channel\/UCgAC8UGHZYbT6P7PpmVnP7g\"><i>AUTOFANS TV<\/i><\/a><i>\u00a0en nuestro\u00a0canal de Youtube. Adem\u00e1s seguinos en\u00a0<\/i><a href=\"https:\/\/www.instagram.com\/autofanstv\/\"><i>INSTAGRAM<\/i><\/a><i> y <\/i><a href=\"https:\/\/www.facebook.com\/autofansmas\/\"><i>FACEBOOK<\/i><\/a><i> para no perderte nada sobre las novedades del segmento automotor de Argentina y el mundo.<\/i><\/p>\n","protected":false},"excerpt":{"rendered":"<p>KTM acaba de reforzar su presencia en Argentina con el lanzamiento oficial de su renovada&#8230;<\/p>\n","protected":false},"author":2,"featured_media":14904,"comment_status":"closed","ping_status":"closed","sticky":false,"template":"","format":"standard","meta":{"footnotes":""},"categories":[1,4],"tags":[246,7839,7838,7842,7840,7843,7841,7837],"class_list":["post-14891","post","type-post","status-publish","format-standard","has-post-thumbnail","hentry","category-lanzamientos","category-motos","tag-grupo-simpa","tag-ktm-390-adventure-r-off-road","tag-ktm-390-adventure-x-precio","tag-ktm-argentina-concesionarios","tag-ktm-enduro-r-homologada","tag-motos-aventura","tag-motos-trail-media-cilindrada","tag-nueva-ktm-390-argentina"],"yoast_head":"<!-- This site is optimized with the Yoast SEO plugin v27.5 - https:\/\/yoast.com\/product\/yoast-seo-wordpress\/ -->\n<title>KTM lanza en Argentina tres nuevas 390 -<\/title>\n<meta name=\"description\" content=\"KTM acaba de reforzar su presencia en Argentina con el lanzamiento oficial de su renovada l\u00ednea 390. Bajo el ADN READY TO RACE...\" \/>\n<meta name=\"robots\" content=\"index, follow, max-snippet:-1, max-image-preview:large, max-video-preview:-1\" \/>\n<link rel=\"canonical\" href=\"https:\/\/autofans.com.ar\/index.php\/2025\/11\/19\/ktm-lanza-en-argentina-tres-nuevas-390\/\" \/>\n<meta property=\"og:locale\" content=\"es_ES\" \/>\n<meta property=\"og:type\" content=\"article\" \/>\n<meta property=\"og:title\" content=\"KTM lanza en Argentina tres nuevas 390 -\" \/>\n<meta property=\"og:description\" content=\"KTM acaba de reforzar su presencia en Argentina con el lanzamiento oficial de su renovada l\u00ednea 390. Bajo el ADN READY TO RACE...\" \/>\n<meta property=\"og:url\" content=\"https:\/\/autofans.com.ar\/index.php\/2025\/11\/19\/ktm-lanza-en-argentina-tres-nuevas-390\/\" \/>\n<meta property=\"article:published_time\" content=\"2025-11-19T21:54:48+00:00\" \/>\n<meta property=\"og:image\" content=\"https:\/\/autofans.com.ar\/wp-content\/uploads\/2025\/11\/ktm-2.jpg\" \/>\n\t<meta property=\"og:image:width\" content=\"1000\" \/>\n\t<meta property=\"og:image:height\" content=\"667\" \/>\n\t<meta property=\"og:image:type\" content=\"image\/jpeg\" \/>\n<meta name=\"author\" content=\"Alejandro Gabriel Rosito\" \/>\n<meta name=\"twitter:card\" content=\"summary_large_image\" \/>\n<meta name=\"twitter:label1\" content=\"Escrito por\" \/>\n\t<meta name=\"twitter:data1\" content=\"Alejandro Gabriel Rosito\" \/>\n\t<meta name=\"twitter:label2\" content=\"Tiempo de lectura\" \/>\n\t<meta name=\"twitter:data2\" content=\"3 minutos\" \/>\n<script type=\"application\/ld+json\" class=\"yoast-schema-graph\">{\"@context\":\"https:\\\/\\\/schema.org\",\"@graph\":[{\"@type\":\"Article\",\"@id\":\"https:\\\/\\\/autofans.com.ar\\\/index.php\\\/2025\\\/11\\\/19\\\/ktm-lanza-en-argentina-tres-nuevas-390\\\/#article\",\"isPartOf\":{\"@id\":\"https:\\\/\\\/autofans.com.ar\\\/index.php\\\/2025\\\/11\\\/19\\\/ktm-lanza-en-argentina-tres-nuevas-390\\\/\"},\"author\":{\"name\":\"Alejandro Gabriel Rosito\",\"@id\":\"https:\\\/\\\/autofans.com.ar\\\/#\\\/schema\\\/person\\\/4a8dda0b6df83ac3d6723e921274c2aa\"},\"headline\":\"KTM lanza en Argentina tres nuevas 390\",\"datePublished\":\"2025-11-19T21:54:48+00:00\",\"mainEntityOfPage\":{\"@id\":\"https:\\\/\\\/autofans.com.ar\\\/index.php\\\/2025\\\/11\\\/19\\\/ktm-lanza-en-argentina-tres-nuevas-390\\\/\"},\"wordCount\":355,\"image\":{\"@id\":\"https:\\\/\\\/autofans.com.ar\\\/index.php\\\/2025\\\/11\\\/19\\\/ktm-lanza-en-argentina-tres-nuevas-390\\\/#primaryimage\"},\"thumbnailUrl\":\"https:\\\/\\\/autofans.com.ar\\\/wp-content\\\/uploads\\\/2025\\\/11\\\/ktm-2.jpg\",\"keywords\":[\"Grupo Simpa\",\"KTM 390 Adventure R off-road\",\"KTM 390 Adventure X precio\",\"KTM Argentina concesionarios\",\"KTM Enduro R homologada\",\"motos aventura\",\"motos trail media cilindrada\",\"nueva KTM 390 Argentina\"],\"articleSection\":[\"LANZAMIENTOS\",\"MOTOS\"],\"inLanguage\":\"es\"},{\"@type\":\"WebPage\",\"@id\":\"https:\\\/\\\/autofans.com.ar\\\/index.php\\\/2025\\\/11\\\/19\\\/ktm-lanza-en-argentina-tres-nuevas-390\\\/\",\"url\":\"https:\\\/\\\/autofans.com.ar\\\/index.php\\\/2025\\\/11\\\/19\\\/ktm-lanza-en-argentina-tres-nuevas-390\\\/\",\"name\":\"KTM lanza en Argentina tres nuevas 390 -\",\"isPartOf\":{\"@id\":\"https:\\\/\\\/autofans.com.ar\\\/#website\"},\"primaryImageOfPage\":{\"@id\":\"https:\\\/\\\/autofans.com.ar\\\/index.php\\\/2025\\\/11\\\/19\\\/ktm-lanza-en-argentina-tres-nuevas-390\\\/#primaryimage\"},\"image\":{\"@id\":\"https:\\\/\\\/autofans.com.ar\\\/index.php\\\/2025\\\/11\\\/19\\\/ktm-lanza-en-argentina-tres-nuevas-390\\\/#primaryimage\"},\"thumbnailUrl\":\"https:\\\/\\\/autofans.com.ar\\\/wp-content\\\/uploads\\\/2025\\\/11\\\/ktm-2.jpg\",\"datePublished\":\"2025-11-19T21:54:48+00:00\",\"author\":{\"@id\":\"https:\\\/\\\/autofans.com.ar\\\/#\\\/schema\\\/person\\\/4a8dda0b6df83ac3d6723e921274c2aa\"},\"description\":\"KTM acaba de reforzar su presencia en Argentina con el lanzamiento oficial de su renovada l\u00ednea 390. Bajo el ADN READY TO RACE...\",\"breadcrumb\":{\"@id\":\"https:\\\/\\\/autofans.com.ar\\\/index.php\\\/2025\\\/11\\\/19\\\/ktm-lanza-en-argentina-tres-nuevas-390\\\/#breadcrumb\"},\"inLanguage\":\"es\",\"potentialAction\":[{\"@type\":\"ReadAction\",\"target\":[\"https:\\\/\\\/autofans.com.ar\\\/index.php\\\/2025\\\/11\\\/19\\\/ktm-lanza-en-argentina-tres-nuevas-390\\\/\"]}]},{\"@type\":\"ImageObject\",\"inLanguage\":\"es\",\"@id\":\"https:\\\/\\\/autofans.com.ar\\\/index.php\\\/2025\\\/11\\\/19\\\/ktm-lanza-en-argentina-tres-nuevas-390\\\/#primaryimage\",\"url\":\"https:\\\/\\\/autofans.com.ar\\\/wp-content\\\/uploads\\\/2025\\\/11\\\/ktm-2.jpg\",\"contentUrl\":\"https:\\\/\\\/autofans.com.ar\\\/wp-content\\\/uploads\\\/2025\\\/11\\\/ktm-2.jpg\",\"width\":1000,\"height\":667,\"caption\":\"KTM\"},{\"@type\":\"BreadcrumbList\",\"@id\":\"https:\\\/\\\/autofans.com.ar\\\/index.php\\\/2025\\\/11\\\/19\\\/ktm-lanza-en-argentina-tres-nuevas-390\\\/#breadcrumb\",\"itemListElement\":[{\"@type\":\"ListItem\",\"position\":1,\"name\":\"Inicio\",\"item\":\"https:\\\/\\\/autofans.com.ar\\\/\"},{\"@type\":\"ListItem\",\"position\":2,\"name\":\"KTM lanza en Argentina tres nuevas 390\"}]},{\"@type\":\"WebSite\",\"@id\":\"https:\\\/\\\/autofans.com.ar\\\/#website\",\"url\":\"https:\\\/\\\/autofans.com.ar\\\/\",\"name\":\"\",\"description\":\"El multimedio referente de la industria automotriz\",\"potentialAction\":[{\"@type\":\"SearchAction\",\"target\":{\"@type\":\"EntryPoint\",\"urlTemplate\":\"https:\\\/\\\/autofans.com.ar\\\/?s={search_term_string}\"},\"query-input\":{\"@type\":\"PropertyValueSpecification\",\"valueRequired\":true,\"valueName\":\"search_term_string\"}}],\"inLanguage\":\"es\"},{\"@type\":\"Person\",\"@id\":\"https:\\\/\\\/autofans.com.ar\\\/#\\\/schema\\\/person\\\/4a8dda0b6df83ac3d6723e921274c2aa\",\"name\":\"Alejandro Gabriel Rosito\",\"image\":{\"@type\":\"ImageObject\",\"inLanguage\":\"es\",\"@id\":\"https:\\\/\\\/secure.gravatar.com\\\/avatar\\\/16c5dda1489adfc62618084dcbb91cffd879c374b13fe5dd8e44ed6733852c88?s=96&d=mm&r=g\",\"url\":\"https:\\\/\\\/secure.gravatar.com\\\/avatar\\\/16c5dda1489adfc62618084dcbb91cffd879c374b13fe5dd8e44ed6733852c88?s=96&d=mm&r=g\",\"contentUrl\":\"https:\\\/\\\/secure.gravatar.com\\\/avatar\\\/16c5dda1489adfc62618084dcbb91cffd879c374b13fe5dd8e44ed6733852c88?s=96&d=mm&r=g\",\"caption\":\"Alejandro Gabriel Rosito\"},\"url\":\"https:\\\/\\\/autofans.com.ar\\\/index.php\\\/author\\\/gabrielr\\\/\"}]}<\/script>\n<!-- \/ Yoast SEO plugin. -->","yoast_head_json":{"title":"KTM lanza en Argentina tres nuevas 390 -","description":"KTM acaba de reforzar su presencia en Argentina con el lanzamiento oficial de su renovada l\u00ednea 390. Bajo el ADN READY TO RACE...","robots":{"index":"index","follow":"follow","max-snippet":"max-snippet:-1","max-image-preview":"max-image-preview:large","max-video-preview":"max-video-preview:-1"},"canonical":"https:\/\/autofans.com.ar\/index.php\/2025\/11\/19\/ktm-lanza-en-argentina-tres-nuevas-390\/","og_locale":"es_ES","og_type":"article","og_title":"KTM lanza en Argentina tres nuevas 390 -","og_description":"KTM acaba de reforzar su presencia en Argentina con el lanzamiento oficial de su renovada l\u00ednea 390. Bajo el ADN READY TO RACE...","og_url":"https:\/\/autofans.com.ar\/index.php\/2025\/11\/19\/ktm-lanza-en-argentina-tres-nuevas-390\/","article_published_time":"2025-11-19T21:54:48+00:00","og_image":[{"width":1000,"height":667,"url":"https:\/\/autofans.com.ar\/wp-content\/uploads\/2025\/11\/ktm-2.jpg","type":"image\/jpeg"}],"author":"Alejandro Gabriel Rosito","twitter_card":"summary_large_image","twitter_misc":{"Escrito por":"Alejandro Gabriel Rosito","Tiempo de lectura":"3 minutos"},"schema":{"@context":"https:\/\/schema.org","@graph":[{"@type":"Article","@id":"https:\/\/autofans.com.ar\/index.php\/2025\/11\/19\/ktm-lanza-en-argentina-tres-nuevas-390\/#article","isPartOf":{"@id":"https:\/\/autofans.com.ar\/index.php\/2025\/11\/19\/ktm-lanza-en-argentina-tres-nuevas-390\/"},"author":{"name":"Alejandro Gabriel Rosito","@id":"https:\/\/autofans.com.ar\/#\/schema\/person\/4a8dda0b6df83ac3d6723e921274c2aa"},"headline":"KTM lanza en Argentina tres nuevas 390","datePublished":"2025-11-19T21:54:48+00:00","mainEntityOfPage":{"@id":"https:\/\/autofans.com.ar\/index.php\/2025\/11\/19\/ktm-lanza-en-argentina-tres-nuevas-390\/"},"wordCount":355,"image":{"@id":"https:\/\/autofans.com.ar\/index.php\/2025\/11\/19\/ktm-lanza-en-argentina-tres-nuevas-390\/#primaryimage"},"thumbnailUrl":"https:\/\/autofans.com.ar\/wp-content\/uploads\/2025\/11\/ktm-2.jpg","keywords":["Grupo Simpa","KTM 390 Adventure R off-road","KTM 390 Adventure X precio","KTM Argentina concesionarios","KTM Enduro R homologada","motos aventura","motos trail media cilindrada","nueva KTM 390 Argentina"],"articleSection":["LANZAMIENTOS","MOTOS"],"inLanguage":"es"},{"@type":"WebPage","@id":"https:\/\/autofans.com.ar\/index.php\/2025\/11\/19\/ktm-lanza-en-argentina-tres-nuevas-390\/","url":"https:\/\/autofans.com.ar\/index.php\/2025\/11\/19\/ktm-lanza-en-argentina-tres-nuevas-390\/","name":"KTM lanza en Argentina tres nuevas 390 -","isPartOf":{"@id":"https:\/\/autofans.com.ar\/#website"},"primaryImageOfPage":{"@id":"https:\/\/autofans.com.ar\/index.php\/2025\/11\/19\/ktm-lanza-en-argentina-tres-nuevas-390\/#primaryimage"},"image":{"@id":"https:\/\/autofans.com.ar\/index.php\/2025\/11\/19\/ktm-lanza-en-argentina-tres-nuevas-390\/#primaryimage"},"thumbnailUrl":"https:\/\/autofans.com.ar\/wp-content\/uploads\/2025\/11\/ktm-2.jpg","datePublished":"2025-11-19T21:54:48+00:00","author":{"@id":"https:\/\/autofans.com.ar\/#\/schema\/person\/4a8dda0b6df83ac3d6723e921274c2aa"},"description":"KTM acaba de reforzar su presencia en Argentina con el lanzamiento oficial de su renovada l\u00ednea 390. Bajo el ADN READY TO RACE...","breadcrumb":{"@id":"https:\/\/autofans.com.ar\/index.php\/2025\/11\/19\/ktm-lanza-en-argentina-tres-nuevas-390\/#breadcrumb"},"inLanguage":"es","potentialAction":[{"@type":"ReadAction","target":["https:\/\/autofans.com.ar\/index.php\/2025\/11\/19\/ktm-lanza-en-argentina-tres-nuevas-390\/"]}]},{"@type":"ImageObject","inLanguage":"es","@id":"https:\/\/autofans.com.ar\/index.php\/2025\/11\/19\/ktm-lanza-en-argentina-tres-nuevas-390\/#primaryimage","url":"https:\/\/autofans.com.ar\/wp-content\/uploads\/2025\/11\/ktm-2.jpg","contentUrl":"https:\/\/autofans.com.ar\/wp-content\/uploads\/2025\/11\/ktm-2.jpg","width":1000,"height":667,"caption":"KTM"},{"@type":"BreadcrumbList","@id":"https:\/\/autofans.com.ar\/index.php\/2025\/11\/19\/ktm-lanza-en-argentina-tres-nuevas-390\/#breadcrumb","itemListElement":[{"@type":"ListItem","position":1,"name":"Inicio","item":"https:\/\/autofans.com.ar\/"},{"@type":"ListItem","position":2,"name":"KTM lanza en Argentina tres nuevas 390"}]},{"@type":"WebSite","@id":"https:\/\/autofans.com.ar\/#website","url":"https:\/\/autofans.com.ar\/","name":"","description":"El multimedio referente de la industria automotriz","potentialAction":[{"@type":"SearchAction","target":{"@type":"EntryPoint","urlTemplate":"https:\/\/autofans.com.ar\/?s={search_term_string}"},"query-input":{"@type":"PropertyValueSpecification","valueRequired":true,"valueName":"search_term_string"}}],"inLanguage":"es"},{"@type":"Person","@id":"https:\/\/autofans.com.ar\/#\/schema\/person\/4a8dda0b6df83ac3d6723e921274c2aa","name":"Alejandro Gabriel Rosito","image":{"@type":"ImageObject","inLanguage":"es","@id":"https:\/\/secure.gravatar.com\/avatar\/16c5dda1489adfc62618084dcbb91cffd879c374b13fe5dd8e44ed6733852c88?s=96&d=mm&r=g","url":"https:\/\/secure.gravatar.com\/avatar\/16c5dda1489adfc62618084dcbb91cffd879c374b13fe5dd8e44ed6733852c88?s=96&d=mm&r=g","contentUrl":"https:\/\/secure.gravatar.com\/avatar\/16c5dda1489adfc62618084dcbb91cffd879c374b13fe5dd8e44ed6733852c88?s=96&d=mm&r=g","caption":"Alejandro Gabriel Rosito"},"url":"https:\/\/autofans.com.ar\/index.php\/author\/gabrielr\/"}]}},"featured_image_urls":{"full":["https:\/\/autofans.com.ar\/wp-content\/uploads\/2025\/11\/ktm-2.jpg",1000,667,false],"thumbnail":["https:\/\/autofans.com.ar\/wp-content\/uploads\/2025\/11\/ktm-2-150x150.jpg",150,150,true],"medium":["https:\/\/autofans.com.ar\/wp-content\/uploads\/2025\/11\/ktm-2-300x200.jpg",300,200,true],"medium_large":["https:\/\/autofans.com.ar\/wp-content\/uploads\/2025\/11\/ktm-2-768x512.jpg",640,427,true],"large":["https:\/\/autofans.com.ar\/wp-content\/uploads\/2025\/11\/ktm-2.jpg",640,427,false],"1536x1536":["https:\/\/autofans.com.ar\/wp-content\/uploads\/2025\/11\/ktm-2.jpg",1000,667,false],"2048x2048":["https:\/\/autofans.com.ar\/wp-content\/uploads\/2025\/11\/ktm-2.jpg",1000,667,false],"covernews-featured":["https:\/\/autofans.com.ar\/wp-content\/uploads\/2025\/11\/ktm-2.jpg",1000,667,false],"covernews-medium":["https:\/\/autofans.com.ar\/wp-content\/uploads\/2025\/11\/ktm-2-540x340.jpg",540,340,true]},"author_info":{"display_name":"Alejandro Gabriel Rosito","author_link":"https:\/\/autofans.com.ar\/index.php\/author\/gabrielr\/"},"category_info":"<a href=\"https:\/\/autofans.com.ar\/index.php\/category\/lanzamientos\/\" rel=\"category tag\">LANZAMIENTOS<\/a> <a href=\"https:\/\/autofans.com.ar\/index.php\/category\/noticias\/motos\/\" rel=\"category tag\">MOTOS<\/a>","tag_info":"MOTOS","comment_count":0,"_links":{"self":[{"href":"https:\/\/autofans.com.ar\/index.php\/wp-json\/wp\/v2\/posts\/14891","targetHints":{"allow":["GET"]}}],"collection":[{"href":"https:\/\/autofans.com.ar\/index.php\/wp-json\/wp\/v2\/posts"}],"about":[{"href":"https:\/\/autofans.com.ar\/index.php\/wp-json\/wp\/v2\/types\/post"}],"author":[{"embeddable":true,"href":"https:\/\/autofans.com.ar\/index.php\/wp-json\/wp\/v2\/users\/2"}],"replies":[{"embeddable":true,"href":"https:\/\/autofans.com.ar\/index.php\/wp-json\/wp\/v2\/comments?post=14891"}],"version-history":[{"count":9,"href":"https:\/\/autofans.com.ar\/index.php\/wp-json\/wp\/v2\/posts\/14891\/revisions"}],"predecessor-version":[{"id":14915,"href":"https:\/\/autofans.com.ar\/index.php\/wp-json\/wp\/v2\/posts\/14891\/revisions\/14915"}],"wp:featuredmedia":[{"embeddable":true,"href":"https:\/\/autofans.com.ar\/index.php\/wp-json\/wp\/v2\/media\/14904"}],"wp:attachment":[{"href":"https:\/\/autofans.com.ar\/index.php\/wp-json\/wp\/v2\/media?parent=14891"}],"wp:term":[{"taxonomy":"category","embeddable":true,"href":"https:\/\/autofans.com.ar\/index.php\/wp-json\/wp\/v2\/categories?post=14891"},{"taxonomy":"post_tag","embeddable":true,"href":"https:\/\/autofans.com.ar\/index.php\/wp-json\/wp\/v2\/tags?post=14891"}],"curies":[{"name":"wp","href":"https:\/\/api.w.org\/{rel}","templated":true}]}}