{"id":14925,"date":"2025-11-20T18:07:00","date_gmt":"2025-11-20T21:07:00","guid":{"rendered":"https:\/\/autofans.com.ar\/?p=14925"},"modified":"2025-11-20T18:09:19","modified_gmt":"2025-11-20T21:09:19","slug":"cambio-en-la-presidencia-de-gm-sudamerica","status":"publish","type":"post","link":"https:\/\/autofans.com.ar\/index.php\/2025\/11\/20\/cambio-en-la-presidencia-de-gm-sudamerica\/","title":{"rendered":"Cambio en la presidencia de GM Sudam\u00e9rica"},"content":{"rendered":"<p class=\"ds-markdown-paragraph\">GM Sudam\u00e9rica inform\u00f3 una modificaci\u00f3n en su c\u00fapula directiva. Santiago Chamorro, presidente de la firma, decidi\u00f3 apartarse de sus funciones para emprender nuevos rumbos profesionales.<\/p>\n<p class=\"ds-markdown-paragraph\">Esta decisi\u00f3n marca el cierre de una etapa de 30 a\u00f1os dentro de la automotriz. Su partida se har\u00e1 efectiva el 31 de enero de 2026.<\/p>\n<p>&nbsp;<\/p>\n<blockquote>\n<p style=\"text-align: center;\">\u201cEstoy profundamente agradecido por la oportunidad de haber trabajado y dirigido a equipos incre\u00edbles de profesionales a lo largo de los \u00faltimos 32 a\u00f1os, ofreciendo experiencias excepcionales a nuestros clientes, guiando a la compa\u00f1\u00eda en el per\u00edodo de mayor transformaci\u00f3n de la industria y creando nuevas oportunidades de crecimiento\u201d, afirm\u00f3 Chamorro.<\/p>\n<\/blockquote>\n<p>&nbsp;<\/p>\n<h2 class=\"ds-markdown-paragraph\">La huella de un l\u00edder en la regi\u00f3n<\/h2>\n<p>&nbsp;<\/p>\n<p><img fetchpriority=\"high\" decoding=\"async\" class=\"aligncenter wp-image-14926 size-full\" src=\"https:\/\/autofans.com.ar\/wp-content\/uploads\/2025\/11\/gm-3-1.jpg\" alt=\"GM\" width=\"1000\" height=\"667\" srcset=\"https:\/\/autofans.com.ar\/wp-content\/uploads\/2025\/11\/gm-3-1.jpg 1000w, https:\/\/autofans.com.ar\/wp-content\/uploads\/2025\/11\/gm-3-1-300x200.jpg 300w, https:\/\/autofans.com.ar\/wp-content\/uploads\/2025\/11\/gm-3-1-768x512.jpg 768w\" sizes=\"(max-width: 1000px) 100vw, 1000px\" \/><\/p>\n<p>&nbsp;<\/p>\n<p class=\"ds-markdown-paragraph\">Rory Harvey, presidente de GM Global Markets, remarc\u00f3 el legado de Chamorro. Subray\u00f3 que sent\u00f3 bases s\u00f3lidas para el crecimiento futuro y consolid\u00f3 a Chevrolet entre las marcas m\u00e1s valoradas de Sudam\u00e9rica.<\/p>\n<p>&nbsp;<\/p>\n<blockquote>\n<p style=\"text-align: center;\">\u201cMe siento satisfecho por haber conseguido el apoyo corporativo para anunciar nuevas inversiones, introducir veh\u00edculos con tecnolog\u00edas avanzadas como h\u00edbridos y el\u00e9ctricos, establecer acuerdos laborales clave para mejorar la eficiencia, fortalecer el liderazgo de GM en conectividad con OnStar y defender la reindustrializaci\u00f3n en Brasil y Argentina\u201d, finaliz\u00f3 el ejecutivo.<\/p>\n<\/blockquote>\n<p>&nbsp;<\/p>\n<h2 class=\"ds-markdown-paragraph\">Una carrera de tres d\u00e9cadas en GM<\/h2>\n<p class=\"ds-markdown-paragraph\">Chamorro asumi\u00f3 el mando regional en agosto de 2021. Antes de eso, tuvo un paso por la vicepresidencia de Servicios Conectados Globales en Michigan. Tambi\u00e9n ocup\u00f3 posiciones clave como presidente de GM Colmotores en Colombia y director ejecutivo de GM Brasil.<\/p>\n<p>&nbsp;<\/p>\n<p><img decoding=\"async\" class=\"aligncenter wp-image-14927 size-full\" src=\"https:\/\/autofans.com.ar\/wp-content\/uploads\/2025\/11\/gm-2-1.jpg\" alt=\"GM\" width=\"1000\" height=\"667\" srcset=\"https:\/\/autofans.com.ar\/wp-content\/uploads\/2025\/11\/gm-2-1.jpg 1000w, https:\/\/autofans.com.ar\/wp-content\/uploads\/2025\/11\/gm-2-1-300x200.jpg 300w, https:\/\/autofans.com.ar\/wp-content\/uploads\/2025\/11\/gm-2-1-768x512.jpg 768w\" sizes=\"(max-width: 1000px) 100vw, 1000px\" \/><\/p>\n<p>&nbsp;<\/p>\n<p class=\"ds-markdown-paragraph\">Durante su gesti\u00f3n, se destac\u00f3 el impulso a la innovaci\u00f3n y la conectividad vehicular a trav\u00e9s del sistema OnStar.<\/p>\n<p class=\"ds-markdown-paragraph\">La empresa confirm\u00f3 que en los pr\u00f3ximos d\u00edas comunicar\u00e1 qui\u00e9n ser\u00e1 el reemplazo al frente de la operaci\u00f3n sudamericana.<\/p>\n<p>&nbsp;<\/p>\n<p>&nbsp;<\/p>\n<p>&nbsp;<\/p>\n<p><i>Para enterarte de m\u00e1s novedades, no dejes de leer\u00a0<\/i><a href=\"https:\/\/autofans.thebrandsoup.com\/\"><i>nuestras notas<\/i><\/a><i>, de ver\u00a0<\/i><a href=\"https:\/\/www.youtube.com\/channel\/UCgAC8UGHZYbT6P7PpmVnP7g\"><i>AUTOFANS TV<\/i><\/a><i>\u00a0en nuestro\u00a0canal de Youtube. Adem\u00e1s seguinos en\u00a0<\/i><a href=\"https:\/\/www.instagram.com\/autofanstv\/\"><i>INSTAGRAM<\/i><\/a><i> y <\/i><a href=\"https:\/\/www.facebook.com\/autofansmas\/\"><i>FACEBOOK<\/i><\/a><i> para no perderte nada sobre las novedades del segmento automotor de Argentina y el mundo.<\/i><\/p>\n","protected":false},"excerpt":{"rendered":"<p>GM Sudam\u00e9rica inform\u00f3 una modificaci\u00f3n en su c\u00fapula directiva. Santiago Chamorro, presidente de la firma,&#8230;<\/p>\n","protected":false},"author":2,"featured_media":14928,"comment_status":"closed","ping_status":"closed","sticky":false,"template":"","format":"standard","meta":{"footnotes":""},"categories":[292,16],"tags":[49,7852,272,435,2526,2332,1905,7850,7853,7851],"class_list":["post-14925","post","type-post","status-publish","format-standard","has-post-thumbnail","hentry","category-empresas","category-noticias","tag-automotriz","tag-cambio-directivo","tag-chevrolet","tag-gm-sudamerica","tag-industria-automotriz-argentina","tag-liderazgo","tag-onstar","tag-presidente-gm","tag-rory-harvey","tag-santiago-chamorro"],"yoast_head":"<!-- This site is optimized with the Yoast SEO plugin v27.5 - https:\/\/yoast.com\/product\/yoast-seo-wordpress\/ -->\n<title>Cambio en la presidencia de GM Sudam\u00e9rica -<\/title>\n<meta name=\"description\" content=\"GM Sudam\u00e9rica inform\u00f3 una modificaci\u00f3n en su c\u00fapula directiva. Santiago Chamorro, presidente de la firma, decidi\u00f3 apartarse de sus funciones.\" \/>\n<meta name=\"robots\" content=\"index, follow, max-snippet:-1, max-image-preview:large, max-video-preview:-1\" \/>\n<link rel=\"canonical\" href=\"https:\/\/autofans.com.ar\/index.php\/2025\/11\/20\/cambio-en-la-presidencia-de-gm-sudamerica\/\" \/>\n<meta property=\"og:locale\" content=\"es_ES\" \/>\n<meta property=\"og:type\" content=\"article\" \/>\n<meta property=\"og:title\" content=\"Cambio en la presidencia de GM Sudam\u00e9rica -\" \/>\n<meta property=\"og:description\" content=\"GM Sudam\u00e9rica inform\u00f3 una modificaci\u00f3n en su c\u00fapula directiva. Santiago Chamorro, presidente de la firma, decidi\u00f3 apartarse de sus funciones.\" \/>\n<meta property=\"og:url\" content=\"https:\/\/autofans.com.ar\/index.php\/2025\/11\/20\/cambio-en-la-presidencia-de-gm-sudamerica\/\" \/>\n<meta property=\"article:published_time\" content=\"2025-11-20T21:07:00+00:00\" \/>\n<meta property=\"article:modified_time\" content=\"2025-11-20T21:09:19+00:00\" \/>\n<meta property=\"og:image\" content=\"https:\/\/autofans.com.ar\/wp-content\/uploads\/2025\/11\/gm-1-1.jpg\" \/>\n\t<meta property=\"og:image:width\" content=\"1000\" \/>\n\t<meta property=\"og:image:height\" content=\"667\" \/>\n\t<meta property=\"og:image:type\" content=\"image\/jpeg\" \/>\n<meta name=\"author\" content=\"Alejandro Gabriel Rosito\" \/>\n<meta name=\"twitter:card\" content=\"summary_large_image\" \/>\n<meta name=\"twitter:label1\" content=\"Escrito por\" \/>\n\t<meta name=\"twitter:data1\" content=\"Alejandro Gabriel Rosito\" \/>\n\t<meta name=\"twitter:label2\" content=\"Tiempo de lectura\" \/>\n\t<meta name=\"twitter:data2\" content=\"2 minutos\" \/>\n<script type=\"application\/ld+json\" class=\"yoast-schema-graph\">{\"@context\":\"https:\\\/\\\/schema.org\",\"@graph\":[{\"@type\":\"Article\",\"@id\":\"https:\\\/\\\/autofans.com.ar\\\/index.php\\\/2025\\\/11\\\/20\\\/cambio-en-la-presidencia-de-gm-sudamerica\\\/#article\",\"isPartOf\":{\"@id\":\"https:\\\/\\\/autofans.com.ar\\\/index.php\\\/2025\\\/11\\\/20\\\/cambio-en-la-presidencia-de-gm-sudamerica\\\/\"},\"author\":{\"name\":\"Alejandro Gabriel Rosito\",\"@id\":\"https:\\\/\\\/autofans.com.ar\\\/#\\\/schema\\\/person\\\/4a8dda0b6df83ac3d6723e921274c2aa\"},\"headline\":\"Cambio en la presidencia de GM Sudam\u00e9rica\",\"datePublished\":\"2025-11-20T21:07:00+00:00\",\"dateModified\":\"2025-11-20T21:09:19+00:00\",\"mainEntityOfPage\":{\"@id\":\"https:\\\/\\\/autofans.com.ar\\\/index.php\\\/2025\\\/11\\\/20\\\/cambio-en-la-presidencia-de-gm-sudamerica\\\/\"},\"wordCount\":364,\"image\":{\"@id\":\"https:\\\/\\\/autofans.com.ar\\\/index.php\\\/2025\\\/11\\\/20\\\/cambio-en-la-presidencia-de-gm-sudamerica\\\/#primaryimage\"},\"thumbnailUrl\":\"https:\\\/\\\/autofans.com.ar\\\/wp-content\\\/uploads\\\/2025\\\/11\\\/gm-1-1.jpg\",\"keywords\":[\"Automotriz\",\"cambio directivo\",\"Chevrolet\",\"GM Sudam\u00e9rica\",\"industria automotriz argentina\",\"liderazgo\",\"OnStar\",\"presidente GM\",\"Rory Harvey\",\"Santiago Chamorro\"],\"articleSection\":[\"EMPRESAS\",\"NOTICIAS\"],\"inLanguage\":\"es\"},{\"@type\":\"WebPage\",\"@id\":\"https:\\\/\\\/autofans.com.ar\\\/index.php\\\/2025\\\/11\\\/20\\\/cambio-en-la-presidencia-de-gm-sudamerica\\\/\",\"url\":\"https:\\\/\\\/autofans.com.ar\\\/index.php\\\/2025\\\/11\\\/20\\\/cambio-en-la-presidencia-de-gm-sudamerica\\\/\",\"name\":\"Cambio en la presidencia de GM Sudam\u00e9rica -\",\"isPartOf\":{\"@id\":\"https:\\\/\\\/autofans.com.ar\\\/#website\"},\"primaryImageOfPage\":{\"@id\":\"https:\\\/\\\/autofans.com.ar\\\/index.php\\\/2025\\\/11\\\/20\\\/cambio-en-la-presidencia-de-gm-sudamerica\\\/#primaryimage\"},\"image\":{\"@id\":\"https:\\\/\\\/autofans.com.ar\\\/index.php\\\/2025\\\/11\\\/20\\\/cambio-en-la-presidencia-de-gm-sudamerica\\\/#primaryimage\"},\"thumbnailUrl\":\"https:\\\/\\\/autofans.com.ar\\\/wp-content\\\/uploads\\\/2025\\\/11\\\/gm-1-1.jpg\",\"datePublished\":\"2025-11-20T21:07:00+00:00\",\"dateModified\":\"2025-11-20T21:09:19+00:00\",\"author\":{\"@id\":\"https:\\\/\\\/autofans.com.ar\\\/#\\\/schema\\\/person\\\/4a8dda0b6df83ac3d6723e921274c2aa\"},\"description\":\"GM Sudam\u00e9rica inform\u00f3 una modificaci\u00f3n en su c\u00fapula directiva. Santiago Chamorro, presidente de la firma, decidi\u00f3 apartarse de sus funciones.\",\"breadcrumb\":{\"@id\":\"https:\\\/\\\/autofans.com.ar\\\/index.php\\\/2025\\\/11\\\/20\\\/cambio-en-la-presidencia-de-gm-sudamerica\\\/#breadcrumb\"},\"inLanguage\":\"es\",\"potentialAction\":[{\"@type\":\"ReadAction\",\"target\":[\"https:\\\/\\\/autofans.com.ar\\\/index.php\\\/2025\\\/11\\\/20\\\/cambio-en-la-presidencia-de-gm-sudamerica\\\/\"]}]},{\"@type\":\"ImageObject\",\"inLanguage\":\"es\",\"@id\":\"https:\\\/\\\/autofans.com.ar\\\/index.php\\\/2025\\\/11\\\/20\\\/cambio-en-la-presidencia-de-gm-sudamerica\\\/#primaryimage\",\"url\":\"https:\\\/\\\/autofans.com.ar\\\/wp-content\\\/uploads\\\/2025\\\/11\\\/gm-1-1.jpg\",\"contentUrl\":\"https:\\\/\\\/autofans.com.ar\\\/wp-content\\\/uploads\\\/2025\\\/11\\\/gm-1-1.jpg\",\"width\":1000,\"height\":667,\"caption\":\"GM\"},{\"@type\":\"BreadcrumbList\",\"@id\":\"https:\\\/\\\/autofans.com.ar\\\/index.php\\\/2025\\\/11\\\/20\\\/cambio-en-la-presidencia-de-gm-sudamerica\\\/#breadcrumb\",\"itemListElement\":[{\"@type\":\"ListItem\",\"position\":1,\"name\":\"Inicio\",\"item\":\"https:\\\/\\\/autofans.com.ar\\\/\"},{\"@type\":\"ListItem\",\"position\":2,\"name\":\"Cambio en la presidencia de GM Sudam\u00e9rica\"}]},{\"@type\":\"WebSite\",\"@id\":\"https:\\\/\\\/autofans.com.ar\\\/#website\",\"url\":\"https:\\\/\\\/autofans.com.ar\\\/\",\"name\":\"\",\"description\":\"El multimedio referente de la industria automotriz\",\"potentialAction\":[{\"@type\":\"SearchAction\",\"target\":{\"@type\":\"EntryPoint\",\"urlTemplate\":\"https:\\\/\\\/autofans.com.ar\\\/?s={search_term_string}\"},\"query-input\":{\"@type\":\"PropertyValueSpecification\",\"valueRequired\":true,\"valueName\":\"search_term_string\"}}],\"inLanguage\":\"es\"},{\"@type\":\"Person\",\"@id\":\"https:\\\/\\\/autofans.com.ar\\\/#\\\/schema\\\/person\\\/4a8dda0b6df83ac3d6723e921274c2aa\",\"name\":\"Alejandro Gabriel Rosito\",\"image\":{\"@type\":\"ImageObject\",\"inLanguage\":\"es\",\"@id\":\"https:\\\/\\\/secure.gravatar.com\\\/avatar\\\/16c5dda1489adfc62618084dcbb91cffd879c374b13fe5dd8e44ed6733852c88?s=96&d=mm&r=g\",\"url\":\"https:\\\/\\\/secure.gravatar.com\\\/avatar\\\/16c5dda1489adfc62618084dcbb91cffd879c374b13fe5dd8e44ed6733852c88?s=96&d=mm&r=g\",\"contentUrl\":\"https:\\\/\\\/secure.gravatar.com\\\/avatar\\\/16c5dda1489adfc62618084dcbb91cffd879c374b13fe5dd8e44ed6733852c88?s=96&d=mm&r=g\",\"caption\":\"Alejandro Gabriel Rosito\"},\"url\":\"https:\\\/\\\/autofans.com.ar\\\/index.php\\\/author\\\/gabrielr\\\/\"}]}<\/script>\n<!-- \/ Yoast SEO plugin. -->","yoast_head_json":{"title":"Cambio en la presidencia de GM Sudam\u00e9rica -","description":"GM Sudam\u00e9rica inform\u00f3 una modificaci\u00f3n en su c\u00fapula directiva. Santiago Chamorro, presidente de la firma, decidi\u00f3 apartarse de sus funciones.","robots":{"index":"index","follow":"follow","max-snippet":"max-snippet:-1","max-image-preview":"max-image-preview:large","max-video-preview":"max-video-preview:-1"},"canonical":"https:\/\/autofans.com.ar\/index.php\/2025\/11\/20\/cambio-en-la-presidencia-de-gm-sudamerica\/","og_locale":"es_ES","og_type":"article","og_title":"Cambio en la presidencia de GM Sudam\u00e9rica -","og_description":"GM Sudam\u00e9rica inform\u00f3 una modificaci\u00f3n en su c\u00fapula directiva. Santiago Chamorro, presidente de la firma, decidi\u00f3 apartarse de sus funciones.","og_url":"https:\/\/autofans.com.ar\/index.php\/2025\/11\/20\/cambio-en-la-presidencia-de-gm-sudamerica\/","article_published_time":"2025-11-20T21:07:00+00:00","article_modified_time":"2025-11-20T21:09:19+00:00","og_image":[{"width":1000,"height":667,"url":"https:\/\/autofans.com.ar\/wp-content\/uploads\/2025\/11\/gm-1-1.jpg","type":"image\/jpeg"}],"author":"Alejandro Gabriel Rosito","twitter_card":"summary_large_image","twitter_misc":{"Escrito por":"Alejandro Gabriel Rosito","Tiempo de lectura":"2 minutos"},"schema":{"@context":"https:\/\/schema.org","@graph":[{"@type":"Article","@id":"https:\/\/autofans.com.ar\/index.php\/2025\/11\/20\/cambio-en-la-presidencia-de-gm-sudamerica\/#article","isPartOf":{"@id":"https:\/\/autofans.com.ar\/index.php\/2025\/11\/20\/cambio-en-la-presidencia-de-gm-sudamerica\/"},"author":{"name":"Alejandro Gabriel Rosito","@id":"https:\/\/autofans.com.ar\/#\/schema\/person\/4a8dda0b6df83ac3d6723e921274c2aa"},"headline":"Cambio en la presidencia de GM Sudam\u00e9rica","datePublished":"2025-11-20T21:07:00+00:00","dateModified":"2025-11-20T21:09:19+00:00","mainEntityOfPage":{"@id":"https:\/\/autofans.com.ar\/index.php\/2025\/11\/20\/cambio-en-la-presidencia-de-gm-sudamerica\/"},"wordCount":364,"image":{"@id":"https:\/\/autofans.com.ar\/index.php\/2025\/11\/20\/cambio-en-la-presidencia-de-gm-sudamerica\/#primaryimage"},"thumbnailUrl":"https:\/\/autofans.com.ar\/wp-content\/uploads\/2025\/11\/gm-1-1.jpg","keywords":["Automotriz","cambio directivo","Chevrolet","GM Sudam\u00e9rica","industria automotriz argentina","liderazgo","OnStar","presidente GM","Rory Harvey","Santiago Chamorro"],"articleSection":["EMPRESAS","NOTICIAS"],"inLanguage":"es"},{"@type":"WebPage","@id":"https:\/\/autofans.com.ar\/index.php\/2025\/11\/20\/cambio-en-la-presidencia-de-gm-sudamerica\/","url":"https:\/\/autofans.com.ar\/index.php\/2025\/11\/20\/cambio-en-la-presidencia-de-gm-sudamerica\/","name":"Cambio en la presidencia de GM Sudam\u00e9rica -","isPartOf":{"@id":"https:\/\/autofans.com.ar\/#website"},"primaryImageOfPage":{"@id":"https:\/\/autofans.com.ar\/index.php\/2025\/11\/20\/cambio-en-la-presidencia-de-gm-sudamerica\/#primaryimage"},"image":{"@id":"https:\/\/autofans.com.ar\/index.php\/2025\/11\/20\/cambio-en-la-presidencia-de-gm-sudamerica\/#primaryimage"},"thumbnailUrl":"https:\/\/autofans.com.ar\/wp-content\/uploads\/2025\/11\/gm-1-1.jpg","datePublished":"2025-11-20T21:07:00+00:00","dateModified":"2025-11-20T21:09:19+00:00","author":{"@id":"https:\/\/autofans.com.ar\/#\/schema\/person\/4a8dda0b6df83ac3d6723e921274c2aa"},"description":"GM Sudam\u00e9rica inform\u00f3 una modificaci\u00f3n en su c\u00fapula directiva. Santiago Chamorro, presidente de la firma, decidi\u00f3 apartarse de sus funciones.","breadcrumb":{"@id":"https:\/\/autofans.com.ar\/index.php\/2025\/11\/20\/cambio-en-la-presidencia-de-gm-sudamerica\/#breadcrumb"},"inLanguage":"es","potentialAction":[{"@type":"ReadAction","target":["https:\/\/autofans.com.ar\/index.php\/2025\/11\/20\/cambio-en-la-presidencia-de-gm-sudamerica\/"]}]},{"@type":"ImageObject","inLanguage":"es","@id":"https:\/\/autofans.com.ar\/index.php\/2025\/11\/20\/cambio-en-la-presidencia-de-gm-sudamerica\/#primaryimage","url":"https:\/\/autofans.com.ar\/wp-content\/uploads\/2025\/11\/gm-1-1.jpg","contentUrl":"https:\/\/autofans.com.ar\/wp-content\/uploads\/2025\/11\/gm-1-1.jpg","width":1000,"height":667,"caption":"GM"},{"@type":"BreadcrumbList","@id":"https:\/\/autofans.com.ar\/index.php\/2025\/11\/20\/cambio-en-la-presidencia-de-gm-sudamerica\/#breadcrumb","itemListElement":[{"@type":"ListItem","position":1,"name":"Inicio","item":"https:\/\/autofans.com.ar\/"},{"@type":"ListItem","position":2,"name":"Cambio en la presidencia de GM Sudam\u00e9rica"}]},{"@type":"WebSite","@id":"https:\/\/autofans.com.ar\/#website","url":"https:\/\/autofans.com.ar\/","name":"","description":"El multimedio referente de la industria automotriz","potentialAction":[{"@type":"SearchAction","target":{"@type":"EntryPoint","urlTemplate":"https:\/\/autofans.com.ar\/?s={search_term_string}"},"query-input":{"@type":"PropertyValueSpecification","valueRequired":true,"valueName":"search_term_string"}}],"inLanguage":"es"},{"@type":"Person","@id":"https:\/\/autofans.com.ar\/#\/schema\/person\/4a8dda0b6df83ac3d6723e921274c2aa","name":"Alejandro Gabriel Rosito","image":{"@type":"ImageObject","inLanguage":"es","@id":"https:\/\/secure.gravatar.com\/avatar\/16c5dda1489adfc62618084dcbb91cffd879c374b13fe5dd8e44ed6733852c88?s=96&d=mm&r=g","url":"https:\/\/secure.gravatar.com\/avatar\/16c5dda1489adfc62618084dcbb91cffd879c374b13fe5dd8e44ed6733852c88?s=96&d=mm&r=g","contentUrl":"https:\/\/secure.gravatar.com\/avatar\/16c5dda1489adfc62618084dcbb91cffd879c374b13fe5dd8e44ed6733852c88?s=96&d=mm&r=g","caption":"Alejandro Gabriel Rosito"},"url":"https:\/\/autofans.com.ar\/index.php\/author\/gabrielr\/"}]}},"featured_image_urls":{"full":["https:\/\/autofans.com.ar\/wp-content\/uploads\/2025\/11\/gm-1-1.jpg",1000,667,false],"thumbnail":["https:\/\/autofans.com.ar\/wp-content\/uploads\/2025\/11\/gm-1-1-150x150.jpg",150,150,true],"medium":["https:\/\/autofans.com.ar\/wp-content\/uploads\/2025\/11\/gm-1-1-300x200.jpg",300,200,true],"medium_large":["https:\/\/autofans.com.ar\/wp-content\/uploads\/2025\/11\/gm-1-1-768x512.jpg",640,427,true],"large":["https:\/\/autofans.com.ar\/wp-content\/uploads\/2025\/11\/gm-1-1.jpg",640,427,false],"1536x1536":["https:\/\/autofans.com.ar\/wp-content\/uploads\/2025\/11\/gm-1-1.jpg",1000,667,false],"2048x2048":["https:\/\/autofans.com.ar\/wp-content\/uploads\/2025\/11\/gm-1-1.jpg",1000,667,false],"covernews-featured":["https:\/\/autofans.com.ar\/wp-content\/uploads\/2025\/11\/gm-1-1.jpg",1000,667,false],"covernews-medium":["https:\/\/autofans.com.ar\/wp-content\/uploads\/2025\/11\/gm-1-1-540x340.jpg",540,340,true]},"author_info":{"display_name":"Alejandro Gabriel Rosito","author_link":"https:\/\/autofans.com.ar\/index.php\/author\/gabrielr\/"},"category_info":"<a href=\"https:\/\/autofans.com.ar\/index.php\/category\/noticias\/empresas\/\" rel=\"category tag\">EMPRESAS<\/a> <a href=\"https:\/\/autofans.com.ar\/index.php\/category\/noticias\/\" rel=\"category tag\">NOTICIAS<\/a>","tag_info":"NOTICIAS","comment_count":0,"_links":{"self":[{"href":"https:\/\/autofans.com.ar\/index.php\/wp-json\/wp\/v2\/posts\/14925","targetHints":{"allow":["GET"]}}],"collection":[{"href":"https:\/\/autofans.com.ar\/index.php\/wp-json\/wp\/v2\/posts"}],"about":[{"href":"https:\/\/autofans.com.ar\/index.php\/wp-json\/wp\/v2\/types\/post"}],"author":[{"embeddable":true,"href":"https:\/\/autofans.com.ar\/index.php\/wp-json\/wp\/v2\/users\/2"}],"replies":[{"embeddable":true,"href":"https:\/\/autofans.com.ar\/index.php\/wp-json\/wp\/v2\/comments?post=14925"}],"version-history":[{"count":5,"href":"https:\/\/autofans.com.ar\/index.php\/wp-json\/wp\/v2\/posts\/14925\/revisions"}],"predecessor-version":[{"id":14933,"href":"https:\/\/autofans.com.ar\/index.php\/wp-json\/wp\/v2\/posts\/14925\/revisions\/14933"}],"wp:featuredmedia":[{"embeddable":true,"href":"https:\/\/autofans.com.ar\/index.php\/wp-json\/wp\/v2\/media\/14928"}],"wp:attachment":[{"href":"https:\/\/autofans.com.ar\/index.php\/wp-json\/wp\/v2\/media?parent=14925"}],"wp:term":[{"taxonomy":"category","embeddable":true,"href":"https:\/\/autofans.com.ar\/index.php\/wp-json\/wp\/v2\/categories?post=14925"},{"taxonomy":"post_tag","embeddable":true,"href":"https:\/\/autofans.com.ar\/index.php\/wp-json\/wp\/v2\/tags?post=14925"}],"curies":[{"name":"wp","href":"https:\/\/api.w.org\/{rel}","templated":true}]}}