{"id":14934,"date":"2025-11-20T19:31:19","date_gmt":"2025-11-20T22:31:19","guid":{"rendered":"https:\/\/autofans.com.ar\/?p=14934"},"modified":"2025-11-20T19:31:19","modified_gmt":"2025-11-20T22:31:19","slug":"jac-motors-amplia-su-gama-en-argentina","status":"publish","type":"post","link":"https:\/\/autofans.com.ar\/index.php\/2025\/11\/20\/jac-motors-amplia-su-gama-en-argentina\/","title":{"rendered":"JAC Motors ampl\u00eda su gama en Argentina"},"content":{"rendered":"<p class=\"ds-markdown-paragraph\">JAC Motors cierra el a\u00f1o con una movida clave para el mercado local: la presentaci\u00f3n oficial de tres nuevos modelos. La estrategia busca consolidar su posici\u00f3n con propuestas que van desde la movilidad 100% el\u00e9ctrica hasta veh\u00edculos para el trabajo y la aventura.<\/p>\n<p class=\"ds-markdown-paragraph\">Los tres lanzamientos son el JS6 PHEV, una SUV h\u00edbrida enchufable; el EV 30X, un hatchback el\u00e9ctrico; y la JACT9, una pickup mediana. Con esta ampliaci\u00f3n, la marca fortalece su portfolio para captar la atenci\u00f3n de un p\u00fablico diverso.<\/p>\n<p>&nbsp;<\/p>\n<h2 class=\"ds-markdown-paragraph\">JS6 PHEV, una SUV h\u00edbrida con autonom\u00eda extendida<\/h2>\n<p>&nbsp;<\/p>\n<div id='gallery-1' class='gallery galleryid-14934 gallery-columns-3 gallery-size-full'><figure class='gallery-item'>\n\t\t\t<div class='gallery-icon landscape'>\n\t\t\t\t<a href='https:\/\/autofans.com.ar\/index.php\/2025\/11\/20\/jac-motors-amplia-su-gama-en-argentina\/js6-2\/'><img loading=\"lazy\" width=\"1000\" height=\"667\" src=\"https:\/\/autofans.com.ar\/wp-content\/uploads\/2025\/11\/js6-2.jpg\" class=\"attachment-full size-full\" alt=\"JAC Motors\" srcset=\"https:\/\/autofans.com.ar\/wp-content\/uploads\/2025\/11\/js6-2.jpg 1000w, https:\/\/autofans.com.ar\/wp-content\/uploads\/2025\/11\/js6-2-300x200.jpg 300w, https:\/\/autofans.com.ar\/wp-content\/uploads\/2025\/11\/js6-2-768x512.jpg 768w\" sizes=\"auto, (max-width: 1000px) 100vw, 1000px\" loading=\"lazy\" decoding=\"async\" \/><\/a>\n\t\t\t<\/div><\/figure><figure class='gallery-item'>\n\t\t\t<div class='gallery-icon landscape'>\n\t\t\t\t<a href='https:\/\/autofans.com.ar\/index.php\/2025\/11\/20\/jac-motors-amplia-su-gama-en-argentina\/js6-1\/'><img loading=\"lazy\" width=\"1000\" height=\"667\" src=\"https:\/\/autofans.com.ar\/wp-content\/uploads\/2025\/11\/js6-1.jpg\" class=\"attachment-full size-full\" alt=\"JAC Motors\" srcset=\"https:\/\/autofans.com.ar\/wp-content\/uploads\/2025\/11\/js6-1.jpg 1000w, https:\/\/autofans.com.ar\/wp-content\/uploads\/2025\/11\/js6-1-300x200.jpg 300w, https:\/\/autofans.com.ar\/wp-content\/uploads\/2025\/11\/js6-1-768x512.jpg 768w\" sizes=\"auto, (max-width: 1000px) 100vw, 1000px\" loading=\"lazy\" decoding=\"async\" \/><\/a>\n\t\t\t<\/div><\/figure><figure class='gallery-item'>\n\t\t\t<div class='gallery-icon landscape'>\n\t\t\t\t<a href='https:\/\/autofans.com.ar\/index.php\/2025\/11\/20\/jac-motors-amplia-su-gama-en-argentina\/js6-3\/'><img loading=\"lazy\" width=\"1000\" height=\"667\" src=\"https:\/\/autofans.com.ar\/wp-content\/uploads\/2025\/11\/js6-3.jpg\" class=\"attachment-full size-full\" alt=\"JAC Motors\" srcset=\"https:\/\/autofans.com.ar\/wp-content\/uploads\/2025\/11\/js6-3.jpg 1000w, https:\/\/autofans.com.ar\/wp-content\/uploads\/2025\/11\/js6-3-300x200.jpg 300w, https:\/\/autofans.com.ar\/wp-content\/uploads\/2025\/11\/js6-3-768x512.jpg 768w\" sizes=\"auto, (max-width: 1000px) 100vw, 1000px\" loading=\"lazy\" decoding=\"async\" \/><\/a>\n\t\t\t<\/div><\/figure>\n\t\t<\/div>\n\n<p>&nbsp;<\/p>\n<div style=\"display: flex; justify-content: center; width: 100%;\">\n<div style=\"display: flex; align-items: center; justify-content: space-between; background: #f0f2f5; padding: 3px 92px; border-radius: 0px; box-shadow: 0 4px 10px rgba(0, 0, 0, 0.08); margin: 24px 0; max-width: 700px;\">\n<div style=\"flex: 1;\"><a style=\"font-size: 18px; color: #921414; font-weight: bold; text-decoration: underline;\" href=\"https:\/\/autofans.com.ar\/wp-content\/uploads\/2025\/11\/20251003_jac_js6phev_fichatecnica.pdf\" target=\"_blank\" rel=\"noopener\"><br \/>\n\u2192 Ficha T\u00e9cnica JS6<br \/>\n<\/a><a style=\"font-size: 18px; color: #007bff; font-weight: 1200; text-decoration: underline;\" href=\"https:\/\/autofans.com.ar\/wp-content\/uploads\/2025\/05\/ftmy26argo-681166d8eb8a6.pdf\" target=\"_blank\" rel=\"noopener\"><br \/>\n<\/a><\/div>\n<div style=\"margin-left: 46px;\"><img fetchpriority=\"high\" decoding=\"async\" class=\"alignright\" style=\"height: 20px; width: auto;\" src=\"https:\/\/autofans.com.ar\/wp-content\/uploads\/2023\/02\/Autofans_600x102_150px5.png\" alt=\"Logo Autofans\" width=\"1200\" height=\"137\" \/><\/div>\n<\/div>\n<\/div>\n<p>&nbsp;<\/p>\n<p class=\"ds-markdown-paragraph\">El JS6 PHEV ingresa al competitivo segmento de los h\u00edbridos enchufables. Combina un motor naftero 1.5L con un sistema el\u00e9ctrico, logrando una potencia de 310 CV. Su ventaja distintiva es la autonom\u00eda total, que puede alcanzar los 1150 km.<\/p>\n<p class=\"ds-markdown-paragraph\">En modo 100% el\u00e9ctrico, puede recorrer hasta 120 km, ideal para el uso diario en la ciudad. Incluye cargador r\u00e1pido, que en 26 minutos recupera la bater\u00eda del 30% al 80%. El equipamiento abarca pantallas digitales duales de 12.3\u201d, climatizador bizona, seis airbags y un sistema avanzado de asistencia a la conducci\u00f3n (ADAS).<\/p>\n<p>&nbsp;<\/p>\n<h2 class=\"ds-markdown-paragraph\">EV 30X, tecnolog\u00eda y cero emisiones para la ciudad<\/h2>\n<p>&nbsp;<\/p>\n<div id='gallery-2' class='gallery galleryid-14934 gallery-columns-3 gallery-size-full'><figure class='gallery-item'>\n\t\t\t<div class='gallery-icon landscape'>\n\t\t\t\t<a href='https:\/\/autofans.com.ar\/index.php\/2025\/11\/20\/jac-motors-amplia-su-gama-en-argentina\/ev30-3\/'><img loading=\"lazy\" width=\"1000\" height=\"667\" src=\"https:\/\/autofans.com.ar\/wp-content\/uploads\/2025\/11\/ev30-3.jpg\" class=\"attachment-full size-full\" alt=\"JAC Motors\" srcset=\"https:\/\/autofans.com.ar\/wp-content\/uploads\/2025\/11\/ev30-3.jpg 1000w, https:\/\/autofans.com.ar\/wp-content\/uploads\/2025\/11\/ev30-3-300x200.jpg 300w, https:\/\/autofans.com.ar\/wp-content\/uploads\/2025\/11\/ev30-3-768x512.jpg 768w\" sizes=\"auto, (max-width: 1000px) 100vw, 1000px\" loading=\"lazy\" decoding=\"async\" \/><\/a>\n\t\t\t<\/div><\/figure><figure class='gallery-item'>\n\t\t\t<div class='gallery-icon landscape'>\n\t\t\t\t<a href='https:\/\/autofans.com.ar\/index.php\/2025\/11\/20\/jac-motors-amplia-su-gama-en-argentina\/ev30-2\/'><img loading=\"lazy\" width=\"1000\" height=\"667\" src=\"https:\/\/autofans.com.ar\/wp-content\/uploads\/2025\/11\/ev30-2.jpg\" class=\"attachment-full size-full\" alt=\"JAC Motors\" srcset=\"https:\/\/autofans.com.ar\/wp-content\/uploads\/2025\/11\/ev30-2.jpg 1000w, https:\/\/autofans.com.ar\/wp-content\/uploads\/2025\/11\/ev30-2-300x200.jpg 300w, https:\/\/autofans.com.ar\/wp-content\/uploads\/2025\/11\/ev30-2-768x512.jpg 768w\" sizes=\"auto, (max-width: 1000px) 100vw, 1000px\" loading=\"lazy\" decoding=\"async\" \/><\/a>\n\t\t\t<\/div><\/figure><figure class='gallery-item'>\n\t\t\t<div class='gallery-icon landscape'>\n\t\t\t\t<a href='https:\/\/autofans.com.ar\/index.php\/2025\/11\/20\/jac-motors-amplia-su-gama-en-argentina\/ev30-1\/'><img loading=\"lazy\" width=\"1000\" height=\"667\" src=\"https:\/\/autofans.com.ar\/wp-content\/uploads\/2025\/11\/ev30-1.jpg\" class=\"attachment-full size-full\" alt=\"JAC Motors\" srcset=\"https:\/\/autofans.com.ar\/wp-content\/uploads\/2025\/11\/ev30-1.jpg 1000w, https:\/\/autofans.com.ar\/wp-content\/uploads\/2025\/11\/ev30-1-300x200.jpg 300w, https:\/\/autofans.com.ar\/wp-content\/uploads\/2025\/11\/ev30-1-768x512.jpg 768w\" sizes=\"auto, (max-width: 1000px) 100vw, 1000px\" loading=\"lazy\" decoding=\"async\" \/><\/a>\n\t\t\t<\/div><\/figure>\n\t\t<\/div>\n\n<p>&nbsp;<\/p>\n<div style=\"display: flex; justify-content: center; width: 100%;\">\n<div style=\"display: flex; align-items: center; justify-content: space-between; background: #f0f2f5; padding: 3px 92px; border-radius: 0px; box-shadow: 0 4px 10px rgba(0, 0, 0, 0.08); margin: 24px 0; max-width: 700px;\">\n<div style=\"flex: 1;\"><a style=\"font-size: 18px; color: #921414; font-weight: bold; text-decoration: underline;\" href=\"https:\/\/autofans.com.ar\/wp-content\/uploads\/2025\/11\/20250922_jac_ev30x_fichatecnica-1.pdf\" target=\"_blank\" rel=\"noopener\"><br \/>\n\u2192 Ficha T\u00e9cnica EV 30X<br \/>\n<\/a><a style=\"font-size: 18px; color: #007bff; font-weight: 1200; text-decoration: underline;\" href=\"https:\/\/autofans.com.ar\/wp-content\/uploads\/2025\/05\/ftmy26argo-681166d8eb8a6.pdf\" target=\"_blank\" rel=\"noopener\"><br \/>\n<\/a><\/div>\n<div style=\"margin-left: 46px;\"><img fetchpriority=\"high\" decoding=\"async\" class=\"alignright\" style=\"height: 20px; width: auto;\" src=\"https:\/\/autofans.com.ar\/wp-content\/uploads\/2023\/02\/Autofans_600x102_150px5.png\" alt=\"Logo Autofans\" width=\"1200\" height=\"137\" \/><\/div>\n<\/div>\n<\/div>\n<p>&nbsp;<\/p>\n<p class=\"ds-markdown-paragraph\">Dirigido a un p\u00fablico urbano, el EV 30X Luxury es un hatchback cero emisiones. Su motor entrega 135 CV y una autonom\u00eda de 405 km. La carga r\u00e1pida en corriente continua permite pasar del 30% al 80% de bater\u00eda en 30 minutos.<\/p>\n<p class=\"ds-markdown-paragraph\">Se destaca por su paquete tecnol\u00f3gico, que incluye una pantalla multimedia de 15.6\u201d y una c\u00e1mara de 360\u00b0 para asistencia al estacionamiento. Tambi\u00e9n incorpora asistente de mantenimiento de carril, freno de emergencia autom\u00e1tico y control de crucero adaptativo.<\/p>\n<p>&nbsp;<\/p>\n<h2 class=\"ds-markdown-paragraph\">JACT9, robustez y confort para el trabajo y la aventura<\/h2>\n<p>&nbsp;<\/p>\n<div id='gallery-3' class='gallery galleryid-14934 gallery-columns-3 gallery-size-full'><figure class='gallery-item'>\n\t\t\t<div class='gallery-icon landscape'>\n\t\t\t\t<a href='https:\/\/autofans.com.ar\/index.php\/2025\/11\/20\/jac-motors-amplia-su-gama-en-argentina\/jact9-1\/'><img loading=\"lazy\" width=\"1000\" height=\"667\" src=\"https:\/\/autofans.com.ar\/wp-content\/uploads\/2025\/11\/jact9-1.jpg\" class=\"attachment-full size-full\" alt=\"JAC Motors\" srcset=\"https:\/\/autofans.com.ar\/wp-content\/uploads\/2025\/11\/jact9-1.jpg 1000w, https:\/\/autofans.com.ar\/wp-content\/uploads\/2025\/11\/jact9-1-300x200.jpg 300w, https:\/\/autofans.com.ar\/wp-content\/uploads\/2025\/11\/jact9-1-768x512.jpg 768w\" sizes=\"auto, (max-width: 1000px) 100vw, 1000px\" loading=\"lazy\" decoding=\"async\" \/><\/a>\n\t\t\t<\/div><\/figure><figure class='gallery-item'>\n\t\t\t<div class='gallery-icon landscape'>\n\t\t\t\t<a href='https:\/\/autofans.com.ar\/index.php\/2025\/11\/20\/jac-motors-amplia-su-gama-en-argentina\/jact9-2\/'><img loading=\"lazy\" width=\"1000\" height=\"667\" src=\"https:\/\/autofans.com.ar\/wp-content\/uploads\/2025\/11\/jact9-2.jpg\" class=\"attachment-full size-full\" alt=\"JAC Motors\" srcset=\"https:\/\/autofans.com.ar\/wp-content\/uploads\/2025\/11\/jact9-2.jpg 1000w, https:\/\/autofans.com.ar\/wp-content\/uploads\/2025\/11\/jact9-2-300x200.jpg 300w, https:\/\/autofans.com.ar\/wp-content\/uploads\/2025\/11\/jact9-2-768x512.jpg 768w\" sizes=\"auto, (max-width: 1000px) 100vw, 1000px\" loading=\"lazy\" decoding=\"async\" \/><\/a>\n\t\t\t<\/div><\/figure><figure class='gallery-item'>\n\t\t\t<div class='gallery-icon landscape'>\n\t\t\t\t<a href='https:\/\/autofans.com.ar\/index.php\/2025\/11\/20\/jac-motors-amplia-su-gama-en-argentina\/jact9-3\/'><img loading=\"lazy\" width=\"1000\" height=\"667\" src=\"https:\/\/autofans.com.ar\/wp-content\/uploads\/2025\/11\/jact9-3.jpg\" class=\"attachment-full size-full\" alt=\"JAC Motors\" srcset=\"https:\/\/autofans.com.ar\/wp-content\/uploads\/2025\/11\/jact9-3.jpg 1000w, https:\/\/autofans.com.ar\/wp-content\/uploads\/2025\/11\/jact9-3-300x200.jpg 300w, https:\/\/autofans.com.ar\/wp-content\/uploads\/2025\/11\/jact9-3-768x512.jpg 768w\" sizes=\"auto, (max-width: 1000px) 100vw, 1000px\" loading=\"lazy\" decoding=\"async\" \/><\/a>\n\t\t\t<\/div><\/figure>\n\t\t<\/div>\n\n<p>&nbsp;<\/p>\n<div style=\"display: flex; justify-content: center; width: 100%;\">\n<div style=\"display: flex; align-items: center; justify-content: space-between; background: #f0f2f5; padding: 3px 92px; border-radius: 0px; box-shadow: 0 4px 10px rgba(0, 0, 0, 0.08); margin: 24px 0; max-width: 700px;\">\n<div style=\"flex: 1;\"><a style=\"font-size: 18px; color: #921414; font-weight: bold; text-decoration: underline;\" href=\"https:\/\/autofans.com.ar\/wp-content\/uploads\/2025\/11\/20250922_jac_t9_fichatecnica.pdf\" target=\"_blank\" rel=\"noopener\"><br \/>\n\u2192 Ficha T\u00e9cnica JACT9<br \/>\n<\/a><a style=\"font-size: 18px; color: #007bff; font-weight: 1200; text-decoration: underline;\" href=\"https:\/\/autofans.com.ar\/wp-content\/uploads\/2025\/05\/ftmy26argo-681166d8eb8a6.pdf\" target=\"_blank\" rel=\"noopener\"><br \/>\n<\/a><\/div>\n<div style=\"margin-left: 46px;\"><img fetchpriority=\"high\" decoding=\"async\" class=\"alignright\" style=\"height: 20px; width: auto;\" src=\"https:\/\/autofans.com.ar\/wp-content\/uploads\/2023\/02\/Autofans_600x102_150px5.png\" alt=\"Logo Autofans\" width=\"1200\" height=\"137\" \/><\/div>\n<\/div>\n<\/div>\n<p>&nbsp;<\/p>\n<p class=\"ds-markdown-paragraph\">La JACT9 es una pickup 4&#215;4 mediana con caja autom\u00e1tica de 8 velocidades. Est\u00e1 impulsada por un motor turbo di\u00e9sel 2.0 de 170 CV, con una capacidad de carga de 1.000 kg. Obtuvo 5 estrellas en seguridad en las pruebas C-NCAP.<\/p>\n<p class=\"ds-markdown-paragraph\">En confort, ofrece asientos calefaccionados, techo solar el\u00e9ctrico y climatizador. Est\u00e1 desarrollada para un uso mixto, sin descuidar el equipamiento en tecnolog\u00eda y asistencia al conductor.<\/p>\n<p class=\"ds-markdown-paragraph\">Cada modelo incluye una garant\u00eda extensa:<\/p>\n<ul>\n<li>\n<p class=\"ds-markdown-paragraph\">JS6 PHEV: 5 a\u00f1os o 100.000 km (8 a\u00f1os\/150.000 km para la bater\u00eda).<\/p>\n<\/li>\n<li>\n<p class=\"ds-markdown-paragraph\">EV 30X: 6 a\u00f1os o 150.000 km (8 a\u00f1os\/150.000 km para la bater\u00eda).<\/p>\n<\/li>\n<li>\n<p class=\"ds-markdown-paragraph\">JACT9: 5 a\u00f1os o 150.000 km.<\/p>\n<\/li>\n<\/ul>\n<p class=\"ds-markdown-paragraph\">Los veh\u00edculos ya se encuentran disponibles en la red de concesionarios oficiales de JAC Motors en el pa\u00eds, con opciones de financiaci\u00f3n.<\/p>\n<p>&nbsp;<\/p>\n<p>&nbsp;<\/p>\n<p>&nbsp;<\/p>\n<p><i>Para enterarte de m\u00e1s novedades, no dejes de leer\u00a0<\/i><a href=\"https:\/\/autofans.thebrandsoup.com\/\"><i>nuestras notas<\/i><\/a><i>, de ver\u00a0<\/i><a href=\"https:\/\/www.youtube.com\/channel\/UCgAC8UGHZYbT6P7PpmVnP7g\"><i>AUTOFANS TV<\/i><\/a><i>\u00a0en nuestro\u00a0canal de Youtube. Adem\u00e1s seguinos en\u00a0<\/i><a href=\"https:\/\/www.instagram.com\/autofanstv\/\"><i>INSTAGRAM<\/i><\/a><i> y <\/i><a href=\"https:\/\/www.facebook.com\/autofansmas\/\"><i>FACEBOOK<\/i><\/a><i> para no perderte nada sobre las novedades del segmento automotor de Argentina y el mundo.<\/i><\/p>\n","protected":false},"excerpt":{"rendered":"<p>JAC Motors cierra el a\u00f1o con una movida clave para el mercado local: la presentaci\u00f3n&#8230;<\/p>\n","protected":false},"author":2,"featured_media":14944,"comment_status":"closed","ping_status":"closed","sticky":false,"template":"","format":"standard","meta":{"footnotes":""},"categories":[341,1],"tags":[7856,4180,7859,6938,7854,1460,7857,7858,7855,3301],"class_list":["post-14934","post","type-post","status-publish","format-standard","has-post-thumbnail","hentry","category-hibridos-y-electricos","category-lanzamientos","tag-auto-electrico-ev-30x","tag-autos-electricos-argentina","tag-concesionarios-jac","tag-jac-motors-argentina","tag-lanzamiento-nuevos-modelos","tag-movilidad-sustentable","tag-pickup-jact9","tag-precios-jac-argentina","tag-suv-hibrida-js6-phev","tag-vehiculos-hibridos"],"yoast_head":"<!-- This site is optimized with the Yoast SEO plugin v27.5 - https:\/\/yoast.com\/product\/yoast-seo-wordpress\/ -->\n<title>JAC Motors ampl\u00eda su gama en Argentina -<\/title>\n<meta name=\"description\" content=\"JAC Motors cierra el a\u00f1o con una movida clave para el mercado local: la presentaci\u00f3n oficial de tres nuevos modelos...\" \/>\n<meta name=\"robots\" content=\"index, follow, max-snippet:-1, max-image-preview:large, max-video-preview:-1\" \/>\n<link rel=\"canonical\" href=\"https:\/\/autofans.com.ar\/index.php\/2025\/11\/20\/jac-motors-amplia-su-gama-en-argentina\/\" \/>\n<meta property=\"og:locale\" content=\"es_ES\" \/>\n<meta property=\"og:type\" content=\"article\" \/>\n<meta property=\"og:title\" content=\"JAC Motors ampl\u00eda su gama en Argentina -\" \/>\n<meta property=\"og:description\" content=\"JAC Motors cierra el a\u00f1o con una movida clave para el mercado local: la presentaci\u00f3n oficial de tres nuevos modelos...\" \/>\n<meta property=\"og:url\" content=\"https:\/\/autofans.com.ar\/index.php\/2025\/11\/20\/jac-motors-amplia-su-gama-en-argentina\/\" \/>\n<meta property=\"article:published_time\" content=\"2025-11-20T22:31:19+00:00\" \/>\n<meta property=\"og:image\" content=\"https:\/\/autofans.com.ar\/wp-content\/uploads\/2025\/11\/jac-1.jpg\" \/>\n\t<meta property=\"og:image:width\" content=\"1000\" \/>\n\t<meta property=\"og:image:height\" content=\"667\" \/>\n\t<meta property=\"og:image:type\" content=\"image\/jpeg\" \/>\n<meta name=\"author\" content=\"Alejandro Gabriel Rosito\" \/>\n<meta name=\"twitter:card\" content=\"summary_large_image\" \/>\n<meta name=\"twitter:label1\" content=\"Escrito por\" \/>\n\t<meta name=\"twitter:data1\" content=\"Alejandro Gabriel Rosito\" \/>\n\t<meta name=\"twitter:label2\" content=\"Tiempo de lectura\" \/>\n\t<meta name=\"twitter:data2\" content=\"3 minutos\" \/>\n<script type=\"application\/ld+json\" class=\"yoast-schema-graph\">{\"@context\":\"https:\\\/\\\/schema.org\",\"@graph\":[{\"@type\":\"Article\",\"@id\":\"https:\\\/\\\/autofans.com.ar\\\/index.php\\\/2025\\\/11\\\/20\\\/jac-motors-amplia-su-gama-en-argentina\\\/#article\",\"isPartOf\":{\"@id\":\"https:\\\/\\\/autofans.com.ar\\\/index.php\\\/2025\\\/11\\\/20\\\/jac-motors-amplia-su-gama-en-argentina\\\/\"},\"author\":{\"name\":\"Alejandro Gabriel Rosito\",\"@id\":\"https:\\\/\\\/autofans.com.ar\\\/#\\\/schema\\\/person\\\/4a8dda0b6df83ac3d6723e921274c2aa\"},\"headline\":\"JAC Motors ampl\u00eda su gama en Argentina\",\"datePublished\":\"2025-11-20T22:31:19+00:00\",\"mainEntityOfPage\":{\"@id\":\"https:\\\/\\\/autofans.com.ar\\\/index.php\\\/2025\\\/11\\\/20\\\/jac-motors-amplia-su-gama-en-argentina\\\/\"},\"wordCount\":513,\"image\":{\"@id\":\"https:\\\/\\\/autofans.com.ar\\\/index.php\\\/2025\\\/11\\\/20\\\/jac-motors-amplia-su-gama-en-argentina\\\/#primaryimage\"},\"thumbnailUrl\":\"https:\\\/\\\/autofans.com.ar\\\/wp-content\\\/uploads\\\/2025\\\/11\\\/jac-1.jpg\",\"keywords\":[\"auto el\u00e9ctrico EV 30X\",\"autos el\u00e9ctricos Argentina\",\"concesionarios JAC\",\"JAC Motors Argentina\",\"lanzamiento nuevos modelos\",\"movilidad sustentable\",\"pickup JACT9\",\"precios JAC Argentina\",\"SUV h\u00edbrida JS6 PHEV\",\"veh\u00edculos h\u00edbridos\"],\"articleSection\":[\"HIBRIDOS, ELECTRICOS y otros\",\"LANZAMIENTOS\"],\"inLanguage\":\"es\"},{\"@type\":\"WebPage\",\"@id\":\"https:\\\/\\\/autofans.com.ar\\\/index.php\\\/2025\\\/11\\\/20\\\/jac-motors-amplia-su-gama-en-argentina\\\/\",\"url\":\"https:\\\/\\\/autofans.com.ar\\\/index.php\\\/2025\\\/11\\\/20\\\/jac-motors-amplia-su-gama-en-argentina\\\/\",\"name\":\"JAC Motors ampl\u00eda su gama en Argentina -\",\"isPartOf\":{\"@id\":\"https:\\\/\\\/autofans.com.ar\\\/#website\"},\"primaryImageOfPage\":{\"@id\":\"https:\\\/\\\/autofans.com.ar\\\/index.php\\\/2025\\\/11\\\/20\\\/jac-motors-amplia-su-gama-en-argentina\\\/#primaryimage\"},\"image\":{\"@id\":\"https:\\\/\\\/autofans.com.ar\\\/index.php\\\/2025\\\/11\\\/20\\\/jac-motors-amplia-su-gama-en-argentina\\\/#primaryimage\"},\"thumbnailUrl\":\"https:\\\/\\\/autofans.com.ar\\\/wp-content\\\/uploads\\\/2025\\\/11\\\/jac-1.jpg\",\"datePublished\":\"2025-11-20T22:31:19+00:00\",\"author\":{\"@id\":\"https:\\\/\\\/autofans.com.ar\\\/#\\\/schema\\\/person\\\/4a8dda0b6df83ac3d6723e921274c2aa\"},\"description\":\"JAC Motors cierra el a\u00f1o con una movida clave para el mercado local: la presentaci\u00f3n oficial de tres nuevos modelos...\",\"breadcrumb\":{\"@id\":\"https:\\\/\\\/autofans.com.ar\\\/index.php\\\/2025\\\/11\\\/20\\\/jac-motors-amplia-su-gama-en-argentina\\\/#breadcrumb\"},\"inLanguage\":\"es\",\"potentialAction\":[{\"@type\":\"ReadAction\",\"target\":[\"https:\\\/\\\/autofans.com.ar\\\/index.php\\\/2025\\\/11\\\/20\\\/jac-motors-amplia-su-gama-en-argentina\\\/\"]}]},{\"@type\":\"ImageObject\",\"inLanguage\":\"es\",\"@id\":\"https:\\\/\\\/autofans.com.ar\\\/index.php\\\/2025\\\/11\\\/20\\\/jac-motors-amplia-su-gama-en-argentina\\\/#primaryimage\",\"url\":\"https:\\\/\\\/autofans.com.ar\\\/wp-content\\\/uploads\\\/2025\\\/11\\\/jac-1.jpg\",\"contentUrl\":\"https:\\\/\\\/autofans.com.ar\\\/wp-content\\\/uploads\\\/2025\\\/11\\\/jac-1.jpg\",\"width\":1000,\"height\":667,\"caption\":\"JAC Motors\"},{\"@type\":\"BreadcrumbList\",\"@id\":\"https:\\\/\\\/autofans.com.ar\\\/index.php\\\/2025\\\/11\\\/20\\\/jac-motors-amplia-su-gama-en-argentina\\\/#breadcrumb\",\"itemListElement\":[{\"@type\":\"ListItem\",\"position\":1,\"name\":\"Inicio\",\"item\":\"https:\\\/\\\/autofans.com.ar\\\/\"},{\"@type\":\"ListItem\",\"position\":2,\"name\":\"JAC Motors ampl\u00eda su gama en Argentina\"}]},{\"@type\":\"WebSite\",\"@id\":\"https:\\\/\\\/autofans.com.ar\\\/#website\",\"url\":\"https:\\\/\\\/autofans.com.ar\\\/\",\"name\":\"\",\"description\":\"El multimedio referente de la industria automotriz\",\"potentialAction\":[{\"@type\":\"SearchAction\",\"target\":{\"@type\":\"EntryPoint\",\"urlTemplate\":\"https:\\\/\\\/autofans.com.ar\\\/?s={search_term_string}\"},\"query-input\":{\"@type\":\"PropertyValueSpecification\",\"valueRequired\":true,\"valueName\":\"search_term_string\"}}],\"inLanguage\":\"es\"},{\"@type\":\"Person\",\"@id\":\"https:\\\/\\\/autofans.com.ar\\\/#\\\/schema\\\/person\\\/4a8dda0b6df83ac3d6723e921274c2aa\",\"name\":\"Alejandro Gabriel Rosito\",\"image\":{\"@type\":\"ImageObject\",\"inLanguage\":\"es\",\"@id\":\"https:\\\/\\\/secure.gravatar.com\\\/avatar\\\/16c5dda1489adfc62618084dcbb91cffd879c374b13fe5dd8e44ed6733852c88?s=96&d=mm&r=g\",\"url\":\"https:\\\/\\\/secure.gravatar.com\\\/avatar\\\/16c5dda1489adfc62618084dcbb91cffd879c374b13fe5dd8e44ed6733852c88?s=96&d=mm&r=g\",\"contentUrl\":\"https:\\\/\\\/secure.gravatar.com\\\/avatar\\\/16c5dda1489adfc62618084dcbb91cffd879c374b13fe5dd8e44ed6733852c88?s=96&d=mm&r=g\",\"caption\":\"Alejandro Gabriel Rosito\"},\"url\":\"https:\\\/\\\/autofans.com.ar\\\/index.php\\\/author\\\/gabrielr\\\/\"}]}<\/script>\n<!-- \/ Yoast SEO plugin. -->","yoast_head_json":{"title":"JAC Motors ampl\u00eda su gama en Argentina -","description":"JAC Motors cierra el a\u00f1o con una movida clave para el mercado local: la presentaci\u00f3n oficial de tres nuevos modelos...","robots":{"index":"index","follow":"follow","max-snippet":"max-snippet:-1","max-image-preview":"max-image-preview:large","max-video-preview":"max-video-preview:-1"},"canonical":"https:\/\/autofans.com.ar\/index.php\/2025\/11\/20\/jac-motors-amplia-su-gama-en-argentina\/","og_locale":"es_ES","og_type":"article","og_title":"JAC Motors ampl\u00eda su gama en Argentina -","og_description":"JAC Motors cierra el a\u00f1o con una movida clave para el mercado local: la presentaci\u00f3n oficial de tres nuevos modelos...","og_url":"https:\/\/autofans.com.ar\/index.php\/2025\/11\/20\/jac-motors-amplia-su-gama-en-argentina\/","article_published_time":"2025-11-20T22:31:19+00:00","og_image":[{"width":1000,"height":667,"url":"https:\/\/autofans.com.ar\/wp-content\/uploads\/2025\/11\/jac-1.jpg","type":"image\/jpeg"}],"author":"Alejandro Gabriel Rosito","twitter_card":"summary_large_image","twitter_misc":{"Escrito por":"Alejandro Gabriel Rosito","Tiempo de lectura":"3 minutos"},"schema":{"@context":"https:\/\/schema.org","@graph":[{"@type":"Article","@id":"https:\/\/autofans.com.ar\/index.php\/2025\/11\/20\/jac-motors-amplia-su-gama-en-argentina\/#article","isPartOf":{"@id":"https:\/\/autofans.com.ar\/index.php\/2025\/11\/20\/jac-motors-amplia-su-gama-en-argentina\/"},"author":{"name":"Alejandro Gabriel Rosito","@id":"https:\/\/autofans.com.ar\/#\/schema\/person\/4a8dda0b6df83ac3d6723e921274c2aa"},"headline":"JAC Motors ampl\u00eda su gama en Argentina","datePublished":"2025-11-20T22:31:19+00:00","mainEntityOfPage":{"@id":"https:\/\/autofans.com.ar\/index.php\/2025\/11\/20\/jac-motors-amplia-su-gama-en-argentina\/"},"wordCount":513,"image":{"@id":"https:\/\/autofans.com.ar\/index.php\/2025\/11\/20\/jac-motors-amplia-su-gama-en-argentina\/#primaryimage"},"thumbnailUrl":"https:\/\/autofans.com.ar\/wp-content\/uploads\/2025\/11\/jac-1.jpg","keywords":["auto el\u00e9ctrico EV 30X","autos el\u00e9ctricos Argentina","concesionarios JAC","JAC Motors Argentina","lanzamiento nuevos modelos","movilidad sustentable","pickup JACT9","precios JAC Argentina","SUV h\u00edbrida JS6 PHEV","veh\u00edculos h\u00edbridos"],"articleSection":["HIBRIDOS, ELECTRICOS y otros","LANZAMIENTOS"],"inLanguage":"es"},{"@type":"WebPage","@id":"https:\/\/autofans.com.ar\/index.php\/2025\/11\/20\/jac-motors-amplia-su-gama-en-argentina\/","url":"https:\/\/autofans.com.ar\/index.php\/2025\/11\/20\/jac-motors-amplia-su-gama-en-argentina\/","name":"JAC Motors ampl\u00eda su gama en Argentina -","isPartOf":{"@id":"https:\/\/autofans.com.ar\/#website"},"primaryImageOfPage":{"@id":"https:\/\/autofans.com.ar\/index.php\/2025\/11\/20\/jac-motors-amplia-su-gama-en-argentina\/#primaryimage"},"image":{"@id":"https:\/\/autofans.com.ar\/index.php\/2025\/11\/20\/jac-motors-amplia-su-gama-en-argentina\/#primaryimage"},"thumbnailUrl":"https:\/\/autofans.com.ar\/wp-content\/uploads\/2025\/11\/jac-1.jpg","datePublished":"2025-11-20T22:31:19+00:00","author":{"@id":"https:\/\/autofans.com.ar\/#\/schema\/person\/4a8dda0b6df83ac3d6723e921274c2aa"},"description":"JAC Motors cierra el a\u00f1o con una movida clave para el mercado local: la presentaci\u00f3n oficial de tres nuevos modelos...","breadcrumb":{"@id":"https:\/\/autofans.com.ar\/index.php\/2025\/11\/20\/jac-motors-amplia-su-gama-en-argentina\/#breadcrumb"},"inLanguage":"es","potentialAction":[{"@type":"ReadAction","target":["https:\/\/autofans.com.ar\/index.php\/2025\/11\/20\/jac-motors-amplia-su-gama-en-argentina\/"]}]},{"@type":"ImageObject","inLanguage":"es","@id":"https:\/\/autofans.com.ar\/index.php\/2025\/11\/20\/jac-motors-amplia-su-gama-en-argentina\/#primaryimage","url":"https:\/\/autofans.com.ar\/wp-content\/uploads\/2025\/11\/jac-1.jpg","contentUrl":"https:\/\/autofans.com.ar\/wp-content\/uploads\/2025\/11\/jac-1.jpg","width":1000,"height":667,"caption":"JAC Motors"},{"@type":"BreadcrumbList","@id":"https:\/\/autofans.com.ar\/index.php\/2025\/11\/20\/jac-motors-amplia-su-gama-en-argentina\/#breadcrumb","itemListElement":[{"@type":"ListItem","position":1,"name":"Inicio","item":"https:\/\/autofans.com.ar\/"},{"@type":"ListItem","position":2,"name":"JAC Motors ampl\u00eda su gama en Argentina"}]},{"@type":"WebSite","@id":"https:\/\/autofans.com.ar\/#website","url":"https:\/\/autofans.com.ar\/","name":"","description":"El multimedio referente de la industria automotriz","potentialAction":[{"@type":"SearchAction","target":{"@type":"EntryPoint","urlTemplate":"https:\/\/autofans.com.ar\/?s={search_term_string}"},"query-input":{"@type":"PropertyValueSpecification","valueRequired":true,"valueName":"search_term_string"}}],"inLanguage":"es"},{"@type":"Person","@id":"https:\/\/autofans.com.ar\/#\/schema\/person\/4a8dda0b6df83ac3d6723e921274c2aa","name":"Alejandro Gabriel Rosito","image":{"@type":"ImageObject","inLanguage":"es","@id":"https:\/\/secure.gravatar.com\/avatar\/16c5dda1489adfc62618084dcbb91cffd879c374b13fe5dd8e44ed6733852c88?s=96&d=mm&r=g","url":"https:\/\/secure.gravatar.com\/avatar\/16c5dda1489adfc62618084dcbb91cffd879c374b13fe5dd8e44ed6733852c88?s=96&d=mm&r=g","contentUrl":"https:\/\/secure.gravatar.com\/avatar\/16c5dda1489adfc62618084dcbb91cffd879c374b13fe5dd8e44ed6733852c88?s=96&d=mm&r=g","caption":"Alejandro Gabriel Rosito"},"url":"https:\/\/autofans.com.ar\/index.php\/author\/gabrielr\/"}]}},"featured_image_urls":{"full":["https:\/\/autofans.com.ar\/wp-content\/uploads\/2025\/11\/jac-1.jpg",1000,667,false],"thumbnail":["https:\/\/autofans.com.ar\/wp-content\/uploads\/2025\/11\/jac-1-150x150.jpg",150,150,true],"medium":["https:\/\/autofans.com.ar\/wp-content\/uploads\/2025\/11\/jac-1-300x200.jpg",300,200,true],"medium_large":["https:\/\/autofans.com.ar\/wp-content\/uploads\/2025\/11\/jac-1-768x512.jpg",640,427,true],"large":["https:\/\/autofans.com.ar\/wp-content\/uploads\/2025\/11\/jac-1.jpg",640,427,false],"1536x1536":["https:\/\/autofans.com.ar\/wp-content\/uploads\/2025\/11\/jac-1.jpg",1000,667,false],"2048x2048":["https:\/\/autofans.com.ar\/wp-content\/uploads\/2025\/11\/jac-1.jpg",1000,667,false],"covernews-featured":["https:\/\/autofans.com.ar\/wp-content\/uploads\/2025\/11\/jac-1.jpg",1000,667,false],"covernews-medium":["https:\/\/autofans.com.ar\/wp-content\/uploads\/2025\/11\/jac-1-540x340.jpg",540,340,true]},"author_info":{"display_name":"Alejandro Gabriel Rosito","author_link":"https:\/\/autofans.com.ar\/index.php\/author\/gabrielr\/"},"category_info":"<a href=\"https:\/\/autofans.com.ar\/index.php\/category\/noticias\/hibridos-y-electricos\/\" rel=\"category tag\">HIBRIDOS, ELECTRICOS y otros<\/a> <a href=\"https:\/\/autofans.com.ar\/index.php\/category\/lanzamientos\/\" rel=\"category tag\">LANZAMIENTOS<\/a>","tag_info":"LANZAMIENTOS","comment_count":0,"_links":{"self":[{"href":"https:\/\/autofans.com.ar\/index.php\/wp-json\/wp\/v2\/posts\/14934","targetHints":{"allow":["GET"]}}],"collection":[{"href":"https:\/\/autofans.com.ar\/index.php\/wp-json\/wp\/v2\/posts"}],"about":[{"href":"https:\/\/autofans.com.ar\/index.php\/wp-json\/wp\/v2\/types\/post"}],"author":[{"embeddable":true,"href":"https:\/\/autofans.com.ar\/index.php\/wp-json\/wp\/v2\/users\/2"}],"replies":[{"embeddable":true,"href":"https:\/\/autofans.com.ar\/index.php\/wp-json\/wp\/v2\/comments?post=14934"}],"version-history":[{"count":6,"href":"https:\/\/autofans.com.ar\/index.php\/wp-json\/wp\/v2\/posts\/14934\/revisions"}],"predecessor-version":[{"id":14953,"href":"https:\/\/autofans.com.ar\/index.php\/wp-json\/wp\/v2\/posts\/14934\/revisions\/14953"}],"wp:featuredmedia":[{"embeddable":true,"href":"https:\/\/autofans.com.ar\/index.php\/wp-json\/wp\/v2\/media\/14944"}],"wp:attachment":[{"href":"https:\/\/autofans.com.ar\/index.php\/wp-json\/wp\/v2\/media?parent=14934"}],"wp:term":[{"taxonomy":"category","embeddable":true,"href":"https:\/\/autofans.com.ar\/index.php\/wp-json\/wp\/v2\/categories?post=14934"},{"taxonomy":"post_tag","embeddable":true,"href":"https:\/\/autofans.com.ar\/index.php\/wp-json\/wp\/v2\/tags?post=14934"}],"curies":[{"name":"wp","href":"https:\/\/api.w.org\/{rel}","templated":true}]}}