{"id":14954,"date":"2025-11-21T14:06:57","date_gmt":"2025-11-21T17:06:57","guid":{"rendered":"https:\/\/autofans.com.ar\/?p=14954"},"modified":"2025-11-21T14:06:57","modified_gmt":"2025-11-21T17:06:57","slug":"mercedes-benz-camiones-y-buses-se-corono-al-campeon-del-tc-en-la-pampa","status":"publish","type":"post","link":"https:\/\/autofans.com.ar\/index.php\/2025\/11\/21\/mercedes-benz-camiones-y-buses-se-corono-al-campeon-del-tc-en-la-pampa\/","title":{"rendered":"Mercedes-Benz Camiones y Buses se coron\u00f3 al campe\u00f3n del TC en La Pampa"},"content":{"rendered":"<p class=\"ds-markdown-paragraph\">Mercedes-Benz Camiones y Buses fue protagonista en la pen\u00faltima fecha de la Copa de Oro del Turismo Carretera. El Aut\u00f3dromo Provincia de La Pampa, en Toay, fue el escenario donde la compa\u00f1\u00eda, junto a su concesionario oficial Tauro, distingui\u00f3 al ganador de la competencia.<\/p>\n<p>&nbsp;<\/p>\n<blockquote>\n<p style=\"text-align: center;\">El Turismo Carretera representa un punto de encuentro muy valioso con nuestros clientes. Nos permite compartir la pasi\u00f3n por el automovilismo y mostrar la evoluci\u00f3n constante de nuestra marca. La entrega de la Copa Mercedes-Benz Camiones y Buses es un reconocimiento al esfuerzo y al esp\u00edritu competitivo que caracteriza tanto a los pilotos como a quienes forman parte del transporte en nuestro pa\u00eds\u201d, afirm\u00f3 Roberto Faist, Gerente de Producto &amp; Marketing de Mercedes- Benz Camiones y Buses.<\/p>\n<\/blockquote>\n<p>&nbsp;<\/p>\n<h2 class=\"ds-markdown-paragraph\">Mercedes-Benz y una jornada de pura pasi\u00f3n automovil\u00edstica<\/h2>\n<p class=\"ds-markdown-paragraph\">El domingo de carrera reuni\u00f3 a clientes e invitados especiales del sector. Desde el concesionario Tauro en Santa Rosa, se ofreci\u00f3 un espacio exclusivo con vista privilegiada a la pista. All\u00ed, los asistentes disfrutaron de actividades especiales y pudieron apreciar las unidades de la Nueva Generaci\u00f3n de camiones de la marca.<\/p>\n<p class=\"ds-markdown-paragraph\">Los representantes de la marca y de Tauro fueron los encargados de entregar los trofeos a los triunfadores. El podio final lo integraron Christian Ledesma en el primer lugar, Mauricio Lambiris en el segundo y Valent\u00edn Aguirre en el tercer puesto.<\/p>\n<p>&nbsp;<\/p>\n<p><img fetchpriority=\"high\" decoding=\"async\" class=\"aligncenter wp-image-14955 size-full\" src=\"https:\/\/autofans.com.ar\/wp-content\/uploads\/2025\/11\/mercedes-1-4.jpg\" alt=\"Mercedes-Benz\" width=\"1000\" height=\"667\" srcset=\"https:\/\/autofans.com.ar\/wp-content\/uploads\/2025\/11\/mercedes-1-4.jpg 1000w, https:\/\/autofans.com.ar\/wp-content\/uploads\/2025\/11\/mercedes-1-4-300x200.jpg 300w, https:\/\/autofans.com.ar\/wp-content\/uploads\/2025\/11\/mercedes-1-4-768x512.jpg 768w\" sizes=\"(max-width: 1000px) 100vw, 1000px\" \/><\/p>\n<p>&nbsp;<\/p>\n<h2 class=\"ds-markdown-paragraph\">Un v\u00ednculo que acelera hace nueve a\u00f1os<\/h2>\n<p class=\"ds-markdown-paragraph\">Esta acci\u00f3n forma parte del apoyo sostenido que Mercedes-Benz Camiones y Buses mantiene con el Turismo Carretera. La compa\u00f1\u00eda acompa\u00f1a a la categor\u00eda hace nueve temporadas consecutivas, reafirmando su historia con el automovilismo argentino.<\/p>\n<p class=\"ds-markdown-paragraph\">La presencia en el TC refleja el prop\u00f3sito de la marca de estar cerca de las industrias que mueven al pa\u00eds. A trav\u00e9s de una red de 45 puntos de atenci\u00f3n, como el concesionario Tauro en Santa Rosa, se adapta a las necesidades de los transportistas. La propuesta incluye venta de unidades, repuestos, servicios postventa, financiaci\u00f3n y herramientas digitales como FleetBoard para optimizar la gesti\u00f3n de flotas.<\/p>\n<p>&nbsp;<\/p>\n<p>&nbsp;<\/p>\n<p>&nbsp;<\/p>\n<p><i>Para enterarte de m\u00e1s novedades, no dejes de leer\u00a0<\/i><a href=\"https:\/\/autofans.thebrandsoup.com\/\"><i>nuestras notas<\/i><\/a><i>, de ver\u00a0<\/i><a href=\"https:\/\/www.youtube.com\/channel\/UCgAC8UGHZYbT6P7PpmVnP7g\"><i>AUTOFANS TV<\/i><\/a><i>\u00a0en nuestro\u00a0canal de Youtube. Adem\u00e1s seguinos en\u00a0<\/i><a href=\"https:\/\/www.instagram.com\/autofanstv\/\"><i>INSTAGRAM<\/i><\/a><i> y <\/i><a href=\"https:\/\/www.facebook.com\/autofansmas\/\"><i>FACEBOOK<\/i><\/a><i> para no perderte nada sobre las novedades del segmento automotor de Argentina y el mundo.<\/i><\/p>\n","protected":false},"excerpt":{"rendered":"<p>Mercedes-Benz Camiones y Buses fue protagonista en la pen\u00faltima fecha de la Copa de Oro&#8230;<\/p>\n","protected":false},"author":2,"featured_media":14956,"comment_status":"closed","ping_status":"closed","sticky":false,"template":"","format":"standard","meta":{"footnotes":""},"categories":[127,16],"tags":[1334,7862,4504,7864,7860,5079,2689,869,7861,7863,767],"class_list":["post-14954","post","type-post","status-publish","format-standard","has-post-thumbnail","hentry","category-deporte","category-noticias","tag-automovilismo-argentino","tag-buses-argentina","tag-camiones-argentina","tag-christian-ledesma","tag-copa-de-oro","tag-fleetboard","tag-gestion-de-flotas","tag-mercedes-benz-camiones-y-buses","tag-tauro-concesionario","tag-toay-la-pampa","tag-turismo-carretera"],"yoast_head":"<!-- This site is optimized with the Yoast SEO plugin v27.5 - https:\/\/yoast.com\/product\/yoast-seo-wordpress\/ -->\n<title>Mercedes-Benz Camiones y Buses se coron\u00f3 al campe\u00f3n del TC en La Pampa -<\/title>\n<meta name=\"description\" content=\"Mercedes-Benz Camiones y Buses fue protagonista de la Copa de Oro del Turismo Carretera. El Aut\u00f3dromo Provincia de La Pampa...\" \/>\n<meta name=\"robots\" content=\"index, follow, max-snippet:-1, max-image-preview:large, max-video-preview:-1\" \/>\n<link rel=\"canonical\" href=\"https:\/\/autofans.com.ar\/index.php\/2025\/11\/21\/mercedes-benz-camiones-y-buses-se-corono-al-campeon-del-tc-en-la-pampa\/\" \/>\n<meta property=\"og:locale\" content=\"es_ES\" \/>\n<meta property=\"og:type\" content=\"article\" \/>\n<meta property=\"og:title\" content=\"Mercedes-Benz Camiones y Buses se coron\u00f3 al campe\u00f3n del TC en La Pampa -\" \/>\n<meta property=\"og:description\" content=\"Mercedes-Benz Camiones y Buses fue protagonista de la Copa de Oro del Turismo Carretera. El Aut\u00f3dromo Provincia de La Pampa...\" \/>\n<meta property=\"og:url\" content=\"https:\/\/autofans.com.ar\/index.php\/2025\/11\/21\/mercedes-benz-camiones-y-buses-se-corono-al-campeon-del-tc-en-la-pampa\/\" \/>\n<meta property=\"article:published_time\" content=\"2025-11-21T17:06:57+00:00\" \/>\n<meta property=\"og:image\" content=\"https:\/\/autofans.com.ar\/wp-content\/uploads\/2025\/11\/mercedes-2-4.jpg\" \/>\n\t<meta property=\"og:image:width\" content=\"1000\" \/>\n\t<meta property=\"og:image:height\" content=\"667\" \/>\n\t<meta property=\"og:image:type\" content=\"image\/jpeg\" \/>\n<meta name=\"author\" content=\"Alejandro Gabriel Rosito\" \/>\n<meta name=\"twitter:card\" content=\"summary_large_image\" \/>\n<meta name=\"twitter:label1\" content=\"Escrito por\" \/>\n\t<meta name=\"twitter:data1\" content=\"Alejandro Gabriel Rosito\" \/>\n\t<meta name=\"twitter:label2\" content=\"Tiempo de lectura\" \/>\n\t<meta name=\"twitter:data2\" content=\"2 minutos\" \/>\n<script type=\"application\/ld+json\" class=\"yoast-schema-graph\">{\"@context\":\"https:\\\/\\\/schema.org\",\"@graph\":[{\"@type\":\"Article\",\"@id\":\"https:\\\/\\\/autofans.com.ar\\\/index.php\\\/2025\\\/11\\\/21\\\/mercedes-benz-camiones-y-buses-se-corono-al-campeon-del-tc-en-la-pampa\\\/#article\",\"isPartOf\":{\"@id\":\"https:\\\/\\\/autofans.com.ar\\\/index.php\\\/2025\\\/11\\\/21\\\/mercedes-benz-camiones-y-buses-se-corono-al-campeon-del-tc-en-la-pampa\\\/\"},\"author\":{\"name\":\"Alejandro Gabriel Rosito\",\"@id\":\"https:\\\/\\\/autofans.com.ar\\\/#\\\/schema\\\/person\\\/4a8dda0b6df83ac3d6723e921274c2aa\"},\"headline\":\"Mercedes-Benz Camiones y Buses se coron\u00f3 al campe\u00f3n del TC en La Pampa\",\"datePublished\":\"2025-11-21T17:06:57+00:00\",\"mainEntityOfPage\":{\"@id\":\"https:\\\/\\\/autofans.com.ar\\\/index.php\\\/2025\\\/11\\\/21\\\/mercedes-benz-camiones-y-buses-se-corono-al-campeon-del-tc-en-la-pampa\\\/\"},\"wordCount\":415,\"image\":{\"@id\":\"https:\\\/\\\/autofans.com.ar\\\/index.php\\\/2025\\\/11\\\/21\\\/mercedes-benz-camiones-y-buses-se-corono-al-campeon-del-tc-en-la-pampa\\\/#primaryimage\"},\"thumbnailUrl\":\"https:\\\/\\\/autofans.com.ar\\\/wp-content\\\/uploads\\\/2025\\\/11\\\/mercedes-2-4.jpg\",\"keywords\":[\"Automovilismo argentino\",\"buses Argentina\",\"camiones Argentina\",\"Christian Ledesma\",\"Copa de Oro\",\"Fleetboard\",\"Gesti\u00f3n de Flotas\",\"Mercedes-Benz Camiones y Buses\",\"Tauro concesionario\",\"Toay La Pampa\",\"turismo Carretera\"],\"articleSection\":[\"DEPORTE MOTOR\",\"NOTICIAS\"],\"inLanguage\":\"es\"},{\"@type\":\"WebPage\",\"@id\":\"https:\\\/\\\/autofans.com.ar\\\/index.php\\\/2025\\\/11\\\/21\\\/mercedes-benz-camiones-y-buses-se-corono-al-campeon-del-tc-en-la-pampa\\\/\",\"url\":\"https:\\\/\\\/autofans.com.ar\\\/index.php\\\/2025\\\/11\\\/21\\\/mercedes-benz-camiones-y-buses-se-corono-al-campeon-del-tc-en-la-pampa\\\/\",\"name\":\"Mercedes-Benz Camiones y Buses se coron\u00f3 al campe\u00f3n del TC en La Pampa -\",\"isPartOf\":{\"@id\":\"https:\\\/\\\/autofans.com.ar\\\/#website\"},\"primaryImageOfPage\":{\"@id\":\"https:\\\/\\\/autofans.com.ar\\\/index.php\\\/2025\\\/11\\\/21\\\/mercedes-benz-camiones-y-buses-se-corono-al-campeon-del-tc-en-la-pampa\\\/#primaryimage\"},\"image\":{\"@id\":\"https:\\\/\\\/autofans.com.ar\\\/index.php\\\/2025\\\/11\\\/21\\\/mercedes-benz-camiones-y-buses-se-corono-al-campeon-del-tc-en-la-pampa\\\/#primaryimage\"},\"thumbnailUrl\":\"https:\\\/\\\/autofans.com.ar\\\/wp-content\\\/uploads\\\/2025\\\/11\\\/mercedes-2-4.jpg\",\"datePublished\":\"2025-11-21T17:06:57+00:00\",\"author\":{\"@id\":\"https:\\\/\\\/autofans.com.ar\\\/#\\\/schema\\\/person\\\/4a8dda0b6df83ac3d6723e921274c2aa\"},\"description\":\"Mercedes-Benz Camiones y Buses fue protagonista de la Copa de Oro del Turismo Carretera. El Aut\u00f3dromo Provincia de La Pampa...\",\"breadcrumb\":{\"@id\":\"https:\\\/\\\/autofans.com.ar\\\/index.php\\\/2025\\\/11\\\/21\\\/mercedes-benz-camiones-y-buses-se-corono-al-campeon-del-tc-en-la-pampa\\\/#breadcrumb\"},\"inLanguage\":\"es\",\"potentialAction\":[{\"@type\":\"ReadAction\",\"target\":[\"https:\\\/\\\/autofans.com.ar\\\/index.php\\\/2025\\\/11\\\/21\\\/mercedes-benz-camiones-y-buses-se-corono-al-campeon-del-tc-en-la-pampa\\\/\"]}]},{\"@type\":\"ImageObject\",\"inLanguage\":\"es\",\"@id\":\"https:\\\/\\\/autofans.com.ar\\\/index.php\\\/2025\\\/11\\\/21\\\/mercedes-benz-camiones-y-buses-se-corono-al-campeon-del-tc-en-la-pampa\\\/#primaryimage\",\"url\":\"https:\\\/\\\/autofans.com.ar\\\/wp-content\\\/uploads\\\/2025\\\/11\\\/mercedes-2-4.jpg\",\"contentUrl\":\"https:\\\/\\\/autofans.com.ar\\\/wp-content\\\/uploads\\\/2025\\\/11\\\/mercedes-2-4.jpg\",\"width\":1000,\"height\":667,\"caption\":\"Mercedes-Benz\"},{\"@type\":\"BreadcrumbList\",\"@id\":\"https:\\\/\\\/autofans.com.ar\\\/index.php\\\/2025\\\/11\\\/21\\\/mercedes-benz-camiones-y-buses-se-corono-al-campeon-del-tc-en-la-pampa\\\/#breadcrumb\",\"itemListElement\":[{\"@type\":\"ListItem\",\"position\":1,\"name\":\"Inicio\",\"item\":\"https:\\\/\\\/autofans.com.ar\\\/\"},{\"@type\":\"ListItem\",\"position\":2,\"name\":\"Mercedes-Benz Camiones y Buses se coron\u00f3 al campe\u00f3n del TC en La Pampa\"}]},{\"@type\":\"WebSite\",\"@id\":\"https:\\\/\\\/autofans.com.ar\\\/#website\",\"url\":\"https:\\\/\\\/autofans.com.ar\\\/\",\"name\":\"\",\"description\":\"El multimedio referente de la industria automotriz\",\"potentialAction\":[{\"@type\":\"SearchAction\",\"target\":{\"@type\":\"EntryPoint\",\"urlTemplate\":\"https:\\\/\\\/autofans.com.ar\\\/?s={search_term_string}\"},\"query-input\":{\"@type\":\"PropertyValueSpecification\",\"valueRequired\":true,\"valueName\":\"search_term_string\"}}],\"inLanguage\":\"es\"},{\"@type\":\"Person\",\"@id\":\"https:\\\/\\\/autofans.com.ar\\\/#\\\/schema\\\/person\\\/4a8dda0b6df83ac3d6723e921274c2aa\",\"name\":\"Alejandro Gabriel Rosito\",\"image\":{\"@type\":\"ImageObject\",\"inLanguage\":\"es\",\"@id\":\"https:\\\/\\\/secure.gravatar.com\\\/avatar\\\/16c5dda1489adfc62618084dcbb91cffd879c374b13fe5dd8e44ed6733852c88?s=96&d=mm&r=g\",\"url\":\"https:\\\/\\\/secure.gravatar.com\\\/avatar\\\/16c5dda1489adfc62618084dcbb91cffd879c374b13fe5dd8e44ed6733852c88?s=96&d=mm&r=g\",\"contentUrl\":\"https:\\\/\\\/secure.gravatar.com\\\/avatar\\\/16c5dda1489adfc62618084dcbb91cffd879c374b13fe5dd8e44ed6733852c88?s=96&d=mm&r=g\",\"caption\":\"Alejandro Gabriel Rosito\"},\"url\":\"https:\\\/\\\/autofans.com.ar\\\/index.php\\\/author\\\/gabrielr\\\/\"}]}<\/script>\n<!-- \/ Yoast SEO plugin. -->","yoast_head_json":{"title":"Mercedes-Benz Camiones y Buses se coron\u00f3 al campe\u00f3n del TC en La Pampa -","description":"Mercedes-Benz Camiones y Buses fue protagonista de la Copa de Oro del Turismo Carretera. El Aut\u00f3dromo Provincia de La Pampa...","robots":{"index":"index","follow":"follow","max-snippet":"max-snippet:-1","max-image-preview":"max-image-preview:large","max-video-preview":"max-video-preview:-1"},"canonical":"https:\/\/autofans.com.ar\/index.php\/2025\/11\/21\/mercedes-benz-camiones-y-buses-se-corono-al-campeon-del-tc-en-la-pampa\/","og_locale":"es_ES","og_type":"article","og_title":"Mercedes-Benz Camiones y Buses se coron\u00f3 al campe\u00f3n del TC en La Pampa -","og_description":"Mercedes-Benz Camiones y Buses fue protagonista de la Copa de Oro del Turismo Carretera. El Aut\u00f3dromo Provincia de La Pampa...","og_url":"https:\/\/autofans.com.ar\/index.php\/2025\/11\/21\/mercedes-benz-camiones-y-buses-se-corono-al-campeon-del-tc-en-la-pampa\/","article_published_time":"2025-11-21T17:06:57+00:00","og_image":[{"width":1000,"height":667,"url":"https:\/\/autofans.com.ar\/wp-content\/uploads\/2025\/11\/mercedes-2-4.jpg","type":"image\/jpeg"}],"author":"Alejandro Gabriel Rosito","twitter_card":"summary_large_image","twitter_misc":{"Escrito por":"Alejandro Gabriel Rosito","Tiempo de lectura":"2 minutos"},"schema":{"@context":"https:\/\/schema.org","@graph":[{"@type":"Article","@id":"https:\/\/autofans.com.ar\/index.php\/2025\/11\/21\/mercedes-benz-camiones-y-buses-se-corono-al-campeon-del-tc-en-la-pampa\/#article","isPartOf":{"@id":"https:\/\/autofans.com.ar\/index.php\/2025\/11\/21\/mercedes-benz-camiones-y-buses-se-corono-al-campeon-del-tc-en-la-pampa\/"},"author":{"name":"Alejandro Gabriel Rosito","@id":"https:\/\/autofans.com.ar\/#\/schema\/person\/4a8dda0b6df83ac3d6723e921274c2aa"},"headline":"Mercedes-Benz Camiones y Buses se coron\u00f3 al campe\u00f3n del TC en La Pampa","datePublished":"2025-11-21T17:06:57+00:00","mainEntityOfPage":{"@id":"https:\/\/autofans.com.ar\/index.php\/2025\/11\/21\/mercedes-benz-camiones-y-buses-se-corono-al-campeon-del-tc-en-la-pampa\/"},"wordCount":415,"image":{"@id":"https:\/\/autofans.com.ar\/index.php\/2025\/11\/21\/mercedes-benz-camiones-y-buses-se-corono-al-campeon-del-tc-en-la-pampa\/#primaryimage"},"thumbnailUrl":"https:\/\/autofans.com.ar\/wp-content\/uploads\/2025\/11\/mercedes-2-4.jpg","keywords":["Automovilismo argentino","buses Argentina","camiones Argentina","Christian Ledesma","Copa de Oro","Fleetboard","Gesti\u00f3n de Flotas","Mercedes-Benz Camiones y Buses","Tauro concesionario","Toay La Pampa","turismo Carretera"],"articleSection":["DEPORTE MOTOR","NOTICIAS"],"inLanguage":"es"},{"@type":"WebPage","@id":"https:\/\/autofans.com.ar\/index.php\/2025\/11\/21\/mercedes-benz-camiones-y-buses-se-corono-al-campeon-del-tc-en-la-pampa\/","url":"https:\/\/autofans.com.ar\/index.php\/2025\/11\/21\/mercedes-benz-camiones-y-buses-se-corono-al-campeon-del-tc-en-la-pampa\/","name":"Mercedes-Benz Camiones y Buses se coron\u00f3 al campe\u00f3n del TC en La Pampa -","isPartOf":{"@id":"https:\/\/autofans.com.ar\/#website"},"primaryImageOfPage":{"@id":"https:\/\/autofans.com.ar\/index.php\/2025\/11\/21\/mercedes-benz-camiones-y-buses-se-corono-al-campeon-del-tc-en-la-pampa\/#primaryimage"},"image":{"@id":"https:\/\/autofans.com.ar\/index.php\/2025\/11\/21\/mercedes-benz-camiones-y-buses-se-corono-al-campeon-del-tc-en-la-pampa\/#primaryimage"},"thumbnailUrl":"https:\/\/autofans.com.ar\/wp-content\/uploads\/2025\/11\/mercedes-2-4.jpg","datePublished":"2025-11-21T17:06:57+00:00","author":{"@id":"https:\/\/autofans.com.ar\/#\/schema\/person\/4a8dda0b6df83ac3d6723e921274c2aa"},"description":"Mercedes-Benz Camiones y Buses fue protagonista de la Copa de Oro del Turismo Carretera. El Aut\u00f3dromo Provincia de La Pampa...","breadcrumb":{"@id":"https:\/\/autofans.com.ar\/index.php\/2025\/11\/21\/mercedes-benz-camiones-y-buses-se-corono-al-campeon-del-tc-en-la-pampa\/#breadcrumb"},"inLanguage":"es","potentialAction":[{"@type":"ReadAction","target":["https:\/\/autofans.com.ar\/index.php\/2025\/11\/21\/mercedes-benz-camiones-y-buses-se-corono-al-campeon-del-tc-en-la-pampa\/"]}]},{"@type":"ImageObject","inLanguage":"es","@id":"https:\/\/autofans.com.ar\/index.php\/2025\/11\/21\/mercedes-benz-camiones-y-buses-se-corono-al-campeon-del-tc-en-la-pampa\/#primaryimage","url":"https:\/\/autofans.com.ar\/wp-content\/uploads\/2025\/11\/mercedes-2-4.jpg","contentUrl":"https:\/\/autofans.com.ar\/wp-content\/uploads\/2025\/11\/mercedes-2-4.jpg","width":1000,"height":667,"caption":"Mercedes-Benz"},{"@type":"BreadcrumbList","@id":"https:\/\/autofans.com.ar\/index.php\/2025\/11\/21\/mercedes-benz-camiones-y-buses-se-corono-al-campeon-del-tc-en-la-pampa\/#breadcrumb","itemListElement":[{"@type":"ListItem","position":1,"name":"Inicio","item":"https:\/\/autofans.com.ar\/"},{"@type":"ListItem","position":2,"name":"Mercedes-Benz Camiones y Buses se coron\u00f3 al campe\u00f3n del TC en La Pampa"}]},{"@type":"WebSite","@id":"https:\/\/autofans.com.ar\/#website","url":"https:\/\/autofans.com.ar\/","name":"","description":"El multimedio referente de la industria automotriz","potentialAction":[{"@type":"SearchAction","target":{"@type":"EntryPoint","urlTemplate":"https:\/\/autofans.com.ar\/?s={search_term_string}"},"query-input":{"@type":"PropertyValueSpecification","valueRequired":true,"valueName":"search_term_string"}}],"inLanguage":"es"},{"@type":"Person","@id":"https:\/\/autofans.com.ar\/#\/schema\/person\/4a8dda0b6df83ac3d6723e921274c2aa","name":"Alejandro Gabriel Rosito","image":{"@type":"ImageObject","inLanguage":"es","@id":"https:\/\/secure.gravatar.com\/avatar\/16c5dda1489adfc62618084dcbb91cffd879c374b13fe5dd8e44ed6733852c88?s=96&d=mm&r=g","url":"https:\/\/secure.gravatar.com\/avatar\/16c5dda1489adfc62618084dcbb91cffd879c374b13fe5dd8e44ed6733852c88?s=96&d=mm&r=g","contentUrl":"https:\/\/secure.gravatar.com\/avatar\/16c5dda1489adfc62618084dcbb91cffd879c374b13fe5dd8e44ed6733852c88?s=96&d=mm&r=g","caption":"Alejandro Gabriel Rosito"},"url":"https:\/\/autofans.com.ar\/index.php\/author\/gabrielr\/"}]}},"featured_image_urls":{"full":["https:\/\/autofans.com.ar\/wp-content\/uploads\/2025\/11\/mercedes-2-4.jpg",1000,667,false],"thumbnail":["https:\/\/autofans.com.ar\/wp-content\/uploads\/2025\/11\/mercedes-2-4-150x150.jpg",150,150,true],"medium":["https:\/\/autofans.com.ar\/wp-content\/uploads\/2025\/11\/mercedes-2-4-300x200.jpg",300,200,true],"medium_large":["https:\/\/autofans.com.ar\/wp-content\/uploads\/2025\/11\/mercedes-2-4-768x512.jpg",640,427,true],"large":["https:\/\/autofans.com.ar\/wp-content\/uploads\/2025\/11\/mercedes-2-4.jpg",640,427,false],"1536x1536":["https:\/\/autofans.com.ar\/wp-content\/uploads\/2025\/11\/mercedes-2-4.jpg",1000,667,false],"2048x2048":["https:\/\/autofans.com.ar\/wp-content\/uploads\/2025\/11\/mercedes-2-4.jpg",1000,667,false],"covernews-featured":["https:\/\/autofans.com.ar\/wp-content\/uploads\/2025\/11\/mercedes-2-4.jpg",1000,667,false],"covernews-medium":["https:\/\/autofans.com.ar\/wp-content\/uploads\/2025\/11\/mercedes-2-4-540x340.jpg",540,340,true]},"author_info":{"display_name":"Alejandro Gabriel Rosito","author_link":"https:\/\/autofans.com.ar\/index.php\/author\/gabrielr\/"},"category_info":"<a href=\"https:\/\/autofans.com.ar\/index.php\/category\/noticias\/deporte\/\" rel=\"category tag\">DEPORTE MOTOR<\/a> <a href=\"https:\/\/autofans.com.ar\/index.php\/category\/noticias\/\" rel=\"category tag\">NOTICIAS<\/a>","tag_info":"NOTICIAS","comment_count":0,"_links":{"self":[{"href":"https:\/\/autofans.com.ar\/index.php\/wp-json\/wp\/v2\/posts\/14954","targetHints":{"allow":["GET"]}}],"collection":[{"href":"https:\/\/autofans.com.ar\/index.php\/wp-json\/wp\/v2\/posts"}],"about":[{"href":"https:\/\/autofans.com.ar\/index.php\/wp-json\/wp\/v2\/types\/post"}],"author":[{"embeddable":true,"href":"https:\/\/autofans.com.ar\/index.php\/wp-json\/wp\/v2\/users\/2"}],"replies":[{"embeddable":true,"href":"https:\/\/autofans.com.ar\/index.php\/wp-json\/wp\/v2\/comments?post=14954"}],"version-history":[{"count":4,"href":"https:\/\/autofans.com.ar\/index.php\/wp-json\/wp\/v2\/posts\/14954\/revisions"}],"predecessor-version":[{"id":14960,"href":"https:\/\/autofans.com.ar\/index.php\/wp-json\/wp\/v2\/posts\/14954\/revisions\/14960"}],"wp:featuredmedia":[{"embeddable":true,"href":"https:\/\/autofans.com.ar\/index.php\/wp-json\/wp\/v2\/media\/14956"}],"wp:attachment":[{"href":"https:\/\/autofans.com.ar\/index.php\/wp-json\/wp\/v2\/media?parent=14954"}],"wp:term":[{"taxonomy":"category","embeddable":true,"href":"https:\/\/autofans.com.ar\/index.php\/wp-json\/wp\/v2\/categories?post=14954"},{"taxonomy":"post_tag","embeddable":true,"href":"https:\/\/autofans.com.ar\/index.php\/wp-json\/wp\/v2\/tags?post=14954"}],"curies":[{"name":"wp","href":"https:\/\/api.w.org\/{rel}","templated":true}]}}