{"id":15108,"date":"2025-12-03T16:20:14","date_gmt":"2025-12-03T19:20:14","guid":{"rendered":"https:\/\/autofans.com.ar\/?p=15108"},"modified":"2025-12-03T16:20:14","modified_gmt":"2025-12-03T19:20:14","slug":"en-el-gp-de-abu-dhabi-pirelli-ya-trabaja-para-la-f1-de-2026","status":"publish","type":"post","link":"https:\/\/autofans.com.ar\/index.php\/2025\/12\/03\/en-el-gp-de-abu-dhabi-pirelli-ya-trabaja-para-la-f1-de-2026\/","title":{"rendered":"En el GP de Abu Dhabi, Pirelli ya trabaja para la F1 de 2026"},"content":{"rendered":"<p class=\"ds-markdown-paragraph\">El cierre de la temporada 2025 en el Gran Premio de Abu Dhabi no es solo una despedida. Es tambi\u00e9n un primer vistazo al futuro. Este fin de semana ser\u00e1 la \u00faltima aparici\u00f3n de la especificaci\u00f3n de neum\u00e1ticos usada desde 2022. A partir de 2026, los neum\u00e1ticos ser\u00e1n m\u00e1s angostos para adaptarse a los nuevos autos, aunque mantendr\u00e1n la llanta de 18 pulgadas.<\/p>\n<p class=\"ds-markdown-paragraph\">El martes 9 de diciembre, el circuito de Yas Marina ser\u00e1 escenario de una prueba de postemporada clave. Todos los equipos participar\u00e1n con un piloto titular manejando un \u00abcoche mulette\u00bb, espec\u00edficamente adaptado para probar la gama de neum\u00e1ticos que competir\u00e1 en 2026. Este test es el primer paso concreto hacia la nueva era t\u00e9cnica.<\/p>\n<p>&nbsp;<\/p>\n<h2 class=\"ds-markdown-paragraph\">La estrategia en pista, \u00bfQu\u00e9 esperar en la carrera?<\/h2>\n<p>&nbsp;<\/p>\n<p><img fetchpriority=\"high\" decoding=\"async\" class=\"aligncenter wp-image-15110 size-full\" src=\"https:\/\/autofans.com.ar\/wp-content\/uploads\/2025\/12\/pirelli-3.jpg\" alt=\"Abu Dhabi\" width=\"1000\" height=\"667\" srcset=\"https:\/\/autofans.com.ar\/wp-content\/uploads\/2025\/12\/pirelli-3.jpg 1000w, https:\/\/autofans.com.ar\/wp-content\/uploads\/2025\/12\/pirelli-3-300x200.jpg 300w, https:\/\/autofans.com.ar\/wp-content\/uploads\/2025\/12\/pirelli-3-768x512.jpg 768w\" sizes=\"(max-width: 1000px) 100vw, 1000px\" \/><\/p>\n<p>&nbsp;<\/p>\n<p class=\"ds-markdown-paragraph\">Para el domingo, Pirelli eligi\u00f3 los compuestos m\u00e1s blandos de su gama: C3, C4 y C5. Aunque Yas Marina sol\u00eda provocar granulado, desde 2024 este fen\u00f3meno se redujo. La mayor resistencia de los neum\u00e1ticos actuales podr\u00eda incluso hacer que los Soft (C5) sean una opci\u00f3n v\u00e1lida para la carrera, y no solo para la clasificaci\u00f3n. La degradaci\u00f3n suele ser t\u00e9rmica y afecta m\u00e1s a los traseros por las exigencias de tracci\u00f3n.<\/p>\n<p class=\"ds-markdown-paragraph\">El a\u00f1o pasado, 19 pilotos largaron con Medium y la estrategia ganadora fue una sola parada, usando duros en el segundo stint. El bajo desgaste permiti\u00f3 a muchos completar dos tandas sin problemas, incluso con paradas tempranas.<\/p>\n<p>&nbsp;<\/p>\n<h2 class=\"ds-markdown-paragraph\">Claves del circuito de Yas Marina<\/h2>\n<p>&nbsp;<\/p>\n<p><img decoding=\"async\" class=\"aligncenter wp-image-15111 size-full\" src=\"https:\/\/autofans.com.ar\/wp-content\/uploads\/2025\/12\/pirelli-2.jpg\" alt=\"Abu Dhabi\" width=\"1000\" height=\"667\" srcset=\"https:\/\/autofans.com.ar\/wp-content\/uploads\/2025\/12\/pirelli-2.jpg 1000w, https:\/\/autofans.com.ar\/wp-content\/uploads\/2025\/12\/pirelli-2-300x200.jpg 300w, https:\/\/autofans.com.ar\/wp-content\/uploads\/2025\/12\/pirelli-2-768x512.jpg 768w\" sizes=\"(max-width: 1000px) 100vw, 1000px\" \/><\/p>\n<p>&nbsp;<\/p>\n<p class=\"ds-markdown-paragraph\">El trazado, remodelado hace cuatro a\u00f1os, es m\u00e1s r\u00e1pido y fluido. Esto genera m\u00e1s chances de adelantamiento, especialmente en la recta de 1,2 km entre las curvas 5 y 6. La secci\u00f3n entre las curvas 10, 11 y 12 exige frenadas fuertes y carga lateral extrema. Este a\u00f1o, se renov\u00f3 el asfalto de la curva 1 a la 4 para suavizar irregularidades.<\/p>\n<p class=\"ds-markdown-paragraph\">Como toda carrera nocturna, la ca\u00edda de temperatura entre sesiones es significativa. El estado de la pista var\u00eda seg\u00fan la hora y la cantidad de goma depositada por las series de apoyo, como la F\u00f3rmula 2.<\/p>\n<p>&nbsp;<\/p>\n<h2 class=\"ds-markdown-paragraph\">Detalles de la prueba del martes 9<\/h2>\n<p class=\"ds-markdown-paragraph\">En la prueba de postemporada, cada equipo tendr\u00e1 un juego de C2, tres de C3, C4 y C5, y un set de intermedios por si llueve. Los neum\u00e1ticos de 2026 lucir\u00e1n gr\u00e1ficos actualizados en los flancos. Adem\u00e1s, cada escuder\u00eda deber\u00e1 poner a un \u00abpiloto joven\u00bb (con menos de 3 GP) en su auto de 2025, utilizando cubiertas de esta temporada.<\/p>\n<p>&nbsp;<\/p>\n<p><img decoding=\"async\" class=\"aligncenter wp-image-15112 size-full\" src=\"https:\/\/autofans.com.ar\/wp-content\/uploads\/2025\/12\/pirelli-1.jpg\" alt=\"Abu Dhabi\" width=\"1000\" height=\"667\" srcset=\"https:\/\/autofans.com.ar\/wp-content\/uploads\/2025\/12\/pirelli-1.jpg 1000w, https:\/\/autofans.com.ar\/wp-content\/uploads\/2025\/12\/pirelli-1-300x200.jpg 300w, https:\/\/autofans.com.ar\/wp-content\/uploads\/2025\/12\/pirelli-1-768x512.jpg 768w\" sizes=\"(max-width: 1000px) 100vw, 1000px\" \/><\/p>\n<p>&nbsp;<\/p>\n<p class=\"ds-markdown-paragraph\">El \u00faltimo podio del a\u00f1o tendr\u00e1 un elemento distintivo: los pilotos usar\u00e1n la \u00abAbu Dhabi Podium Cap\u00bb. Esta gorra beige, dise\u00f1ada por Pirelli Design y Denis Dekovic, evoca las dunas del desierto y est\u00e1 a la venta en <strong><a href=\"https:\/\/store.pirelli.com\/\" target=\"_blank\" rel=\"noopener noreferrer\">store.pirelli.com<\/a><\/strong>.<\/p>\n<p class=\"ds-markdown-paragraph\">Es el a\u00f1o 17 consecutivo que Yas Marina alberga el GP. Lewis Hamilton es el piloto m\u00e1s exitoso aqu\u00ed, con 5 victorias y 5 poles. Max Verstappen podr\u00eda igualarlo, ya que tiene 4. Red Bull lidera con 7 triunfos, seguido por Mercedes con 6. Este circuito fue testigo hist\u00f3rico en 2021 del primer t\u00edtulo mundial de Verstappen y del octavo de constructores para Mercedes.<\/p>\n<p>&nbsp;<\/p>\n<p>&nbsp;<\/p>\n<p>&nbsp;<\/p>\n<p><i>Para enterarte de m\u00e1s novedades, no dejes de leer\u00a0<\/i><a href=\"https:\/\/autofans.thebrandsoup.com\/\"><i>nuestras notas<\/i><\/a><i>, de ver\u00a0<\/i><a href=\"https:\/\/www.youtube.com\/channel\/UCgAC8UGHZYbT6P7PpmVnP7g\"><i>AUTOFANS TV<\/i><\/a><i>\u00a0en nuestro\u00a0canal de Youtube. Adem\u00e1s seguinos en\u00a0<\/i><a href=\"https:\/\/www.instagram.com\/autofanstv\/\"><i>INSTAGRAM<\/i><\/a><i> y <\/i><a href=\"https:\/\/www.facebook.com\/autofansmas\/\"><i>FACEBOOK<\/i><\/a><i> para no perderte nada sobre las novedades del segmento automotor de Argentina y el mundo.<\/i><\/p>\n","protected":false},"excerpt":{"rendered":"<p>El cierre de la temporada 2025 en el Gran Premio de Abu Dhabi no es&#8230;<\/p>\n","protected":false},"author":2,"featured_media":15109,"comment_status":"closed","ping_status":"closed","sticky":false,"template":"","format":"standard","meta":{"footnotes":""},"categories":[127,16],"tags":[7946,7947,590,7948,7943,7944,7945],"class_list":["post-15108","post","type-post","status-publish","format-standard","has-post-thumbnail","hentry","category-deporte","category-noticias","tag-circuito-yas-marina","tag-estrategia-neumaticos-f1","tag-formula-1","tag-gorra-podio-pirelli","tag-gran-premio-abu-dhabi-2025","tag-neumaticos-pirelli","tag-prueba-postemporada-f1-2026"],"yoast_head":"<!-- This site is optimized with the Yoast SEO plugin v27.5 - https:\/\/yoast.com\/product\/yoast-seo-wordpress\/ -->\n<title>En el GP de Abu Dhabi, Pirelli ya trabaja para la F1 de 2026 -<\/title>\n<meta name=\"description\" content=\"El cierre de la temporada 2025 en el Gran Premio de Abu Dhabi no es solo una despedida. Es tambi\u00e9n un primer vistazo al futuro...\" \/>\n<meta name=\"robots\" content=\"index, follow, max-snippet:-1, max-image-preview:large, max-video-preview:-1\" \/>\n<link rel=\"canonical\" href=\"https:\/\/autofans.com.ar\/index.php\/2025\/12\/03\/en-el-gp-de-abu-dhabi-pirelli-ya-trabaja-para-la-f1-de-2026\/\" \/>\n<meta property=\"og:locale\" content=\"es_ES\" \/>\n<meta property=\"og:type\" content=\"article\" \/>\n<meta property=\"og:title\" content=\"En el GP de Abu Dhabi, Pirelli ya trabaja para la F1 de 2026 -\" \/>\n<meta property=\"og:description\" content=\"El cierre de la temporada 2025 en el Gran Premio de Abu Dhabi no es solo una despedida. Es tambi\u00e9n un primer vistazo al futuro...\" \/>\n<meta property=\"og:url\" content=\"https:\/\/autofans.com.ar\/index.php\/2025\/12\/03\/en-el-gp-de-abu-dhabi-pirelli-ya-trabaja-para-la-f1-de-2026\/\" \/>\n<meta property=\"article:published_time\" content=\"2025-12-03T19:20:14+00:00\" \/>\n<meta property=\"og:image\" content=\"https:\/\/autofans.com.ar\/wp-content\/uploads\/2025\/12\/pirelli-4.jpg\" \/>\n\t<meta property=\"og:image:width\" content=\"1000\" \/>\n\t<meta property=\"og:image:height\" content=\"667\" \/>\n\t<meta property=\"og:image:type\" content=\"image\/jpeg\" \/>\n<meta name=\"author\" content=\"Alejandro Gabriel Rosito\" \/>\n<meta name=\"twitter:card\" content=\"summary_large_image\" \/>\n<meta name=\"twitter:label1\" content=\"Escrito por\" \/>\n\t<meta name=\"twitter:data1\" content=\"Alejandro Gabriel Rosito\" \/>\n\t<meta name=\"twitter:label2\" content=\"Tiempo de lectura\" \/>\n\t<meta name=\"twitter:data2\" content=\"4 minutos\" \/>\n<script type=\"application\/ld+json\" class=\"yoast-schema-graph\">{\"@context\":\"https:\\\/\\\/schema.org\",\"@graph\":[{\"@type\":\"Article\",\"@id\":\"https:\\\/\\\/autofans.com.ar\\\/index.php\\\/2025\\\/12\\\/03\\\/en-el-gp-de-abu-dhabi-pirelli-ya-trabaja-para-la-f1-de-2026\\\/#article\",\"isPartOf\":{\"@id\":\"https:\\\/\\\/autofans.com.ar\\\/index.php\\\/2025\\\/12\\\/03\\\/en-el-gp-de-abu-dhabi-pirelli-ya-trabaja-para-la-f1-de-2026\\\/\"},\"author\":{\"name\":\"Alejandro Gabriel Rosito\",\"@id\":\"https:\\\/\\\/autofans.com.ar\\\/#\\\/schema\\\/person\\\/4a8dda0b6df83ac3d6723e921274c2aa\"},\"headline\":\"En el GP de Abu Dhabi, Pirelli ya trabaja para la F1 de 2026\",\"datePublished\":\"2025-12-03T19:20:14+00:00\",\"mainEntityOfPage\":{\"@id\":\"https:\\\/\\\/autofans.com.ar\\\/index.php\\\/2025\\\/12\\\/03\\\/en-el-gp-de-abu-dhabi-pirelli-ya-trabaja-para-la-f1-de-2026\\\/\"},\"wordCount\":598,\"image\":{\"@id\":\"https:\\\/\\\/autofans.com.ar\\\/index.php\\\/2025\\\/12\\\/03\\\/en-el-gp-de-abu-dhabi-pirelli-ya-trabaja-para-la-f1-de-2026\\\/#primaryimage\"},\"thumbnailUrl\":\"https:\\\/\\\/autofans.com.ar\\\/wp-content\\\/uploads\\\/2025\\\/12\\\/pirelli-4.jpg\",\"keywords\":[\"circuito Yas Marina\",\"estrategia neum\u00e1ticos F1\",\"F\u00f3rmula 1\",\"gorra podio Pirelli.\",\"Gran Premio Abu Dhabi 2025\",\"neum\u00e1ticos Pirelli\",\"prueba postemporada F1 2026\"],\"articleSection\":[\"DEPORTE MOTOR\",\"NOTICIAS\"],\"inLanguage\":\"es\"},{\"@type\":\"WebPage\",\"@id\":\"https:\\\/\\\/autofans.com.ar\\\/index.php\\\/2025\\\/12\\\/03\\\/en-el-gp-de-abu-dhabi-pirelli-ya-trabaja-para-la-f1-de-2026\\\/\",\"url\":\"https:\\\/\\\/autofans.com.ar\\\/index.php\\\/2025\\\/12\\\/03\\\/en-el-gp-de-abu-dhabi-pirelli-ya-trabaja-para-la-f1-de-2026\\\/\",\"name\":\"En el GP de Abu Dhabi, Pirelli ya trabaja para la F1 de 2026 -\",\"isPartOf\":{\"@id\":\"https:\\\/\\\/autofans.com.ar\\\/#website\"},\"primaryImageOfPage\":{\"@id\":\"https:\\\/\\\/autofans.com.ar\\\/index.php\\\/2025\\\/12\\\/03\\\/en-el-gp-de-abu-dhabi-pirelli-ya-trabaja-para-la-f1-de-2026\\\/#primaryimage\"},\"image\":{\"@id\":\"https:\\\/\\\/autofans.com.ar\\\/index.php\\\/2025\\\/12\\\/03\\\/en-el-gp-de-abu-dhabi-pirelli-ya-trabaja-para-la-f1-de-2026\\\/#primaryimage\"},\"thumbnailUrl\":\"https:\\\/\\\/autofans.com.ar\\\/wp-content\\\/uploads\\\/2025\\\/12\\\/pirelli-4.jpg\",\"datePublished\":\"2025-12-03T19:20:14+00:00\",\"author\":{\"@id\":\"https:\\\/\\\/autofans.com.ar\\\/#\\\/schema\\\/person\\\/4a8dda0b6df83ac3d6723e921274c2aa\"},\"description\":\"El cierre de la temporada 2025 en el Gran Premio de Abu Dhabi no es solo una despedida. Es tambi\u00e9n un primer vistazo al futuro...\",\"breadcrumb\":{\"@id\":\"https:\\\/\\\/autofans.com.ar\\\/index.php\\\/2025\\\/12\\\/03\\\/en-el-gp-de-abu-dhabi-pirelli-ya-trabaja-para-la-f1-de-2026\\\/#breadcrumb\"},\"inLanguage\":\"es\",\"potentialAction\":[{\"@type\":\"ReadAction\",\"target\":[\"https:\\\/\\\/autofans.com.ar\\\/index.php\\\/2025\\\/12\\\/03\\\/en-el-gp-de-abu-dhabi-pirelli-ya-trabaja-para-la-f1-de-2026\\\/\"]}]},{\"@type\":\"ImageObject\",\"inLanguage\":\"es\",\"@id\":\"https:\\\/\\\/autofans.com.ar\\\/index.php\\\/2025\\\/12\\\/03\\\/en-el-gp-de-abu-dhabi-pirelli-ya-trabaja-para-la-f1-de-2026\\\/#primaryimage\",\"url\":\"https:\\\/\\\/autofans.com.ar\\\/wp-content\\\/uploads\\\/2025\\\/12\\\/pirelli-4.jpg\",\"contentUrl\":\"https:\\\/\\\/autofans.com.ar\\\/wp-content\\\/uploads\\\/2025\\\/12\\\/pirelli-4.jpg\",\"width\":1000,\"height\":667,\"caption\":\"Abu Dhabi\"},{\"@type\":\"BreadcrumbList\",\"@id\":\"https:\\\/\\\/autofans.com.ar\\\/index.php\\\/2025\\\/12\\\/03\\\/en-el-gp-de-abu-dhabi-pirelli-ya-trabaja-para-la-f1-de-2026\\\/#breadcrumb\",\"itemListElement\":[{\"@type\":\"ListItem\",\"position\":1,\"name\":\"Inicio\",\"item\":\"https:\\\/\\\/autofans.com.ar\\\/\"},{\"@type\":\"ListItem\",\"position\":2,\"name\":\"En el GP de Abu Dhabi, Pirelli ya trabaja para la F1 de 2026\"}]},{\"@type\":\"WebSite\",\"@id\":\"https:\\\/\\\/autofans.com.ar\\\/#website\",\"url\":\"https:\\\/\\\/autofans.com.ar\\\/\",\"name\":\"\",\"description\":\"El multimedio referente de la industria automotriz\",\"potentialAction\":[{\"@type\":\"SearchAction\",\"target\":{\"@type\":\"EntryPoint\",\"urlTemplate\":\"https:\\\/\\\/autofans.com.ar\\\/?s={search_term_string}\"},\"query-input\":{\"@type\":\"PropertyValueSpecification\",\"valueRequired\":true,\"valueName\":\"search_term_string\"}}],\"inLanguage\":\"es\"},{\"@type\":\"Person\",\"@id\":\"https:\\\/\\\/autofans.com.ar\\\/#\\\/schema\\\/person\\\/4a8dda0b6df83ac3d6723e921274c2aa\",\"name\":\"Alejandro Gabriel Rosito\",\"image\":{\"@type\":\"ImageObject\",\"inLanguage\":\"es\",\"@id\":\"https:\\\/\\\/secure.gravatar.com\\\/avatar\\\/16c5dda1489adfc62618084dcbb91cffd879c374b13fe5dd8e44ed6733852c88?s=96&d=mm&r=g\",\"url\":\"https:\\\/\\\/secure.gravatar.com\\\/avatar\\\/16c5dda1489adfc62618084dcbb91cffd879c374b13fe5dd8e44ed6733852c88?s=96&d=mm&r=g\",\"contentUrl\":\"https:\\\/\\\/secure.gravatar.com\\\/avatar\\\/16c5dda1489adfc62618084dcbb91cffd879c374b13fe5dd8e44ed6733852c88?s=96&d=mm&r=g\",\"caption\":\"Alejandro Gabriel Rosito\"},\"url\":\"https:\\\/\\\/autofans.com.ar\\\/index.php\\\/author\\\/gabrielr\\\/\"}]}<\/script>\n<!-- \/ Yoast SEO plugin. -->","yoast_head_json":{"title":"En el GP de Abu Dhabi, Pirelli ya trabaja para la F1 de 2026 -","description":"El cierre de la temporada 2025 en el Gran Premio de Abu Dhabi no es solo una despedida. Es tambi\u00e9n un primer vistazo al futuro...","robots":{"index":"index","follow":"follow","max-snippet":"max-snippet:-1","max-image-preview":"max-image-preview:large","max-video-preview":"max-video-preview:-1"},"canonical":"https:\/\/autofans.com.ar\/index.php\/2025\/12\/03\/en-el-gp-de-abu-dhabi-pirelli-ya-trabaja-para-la-f1-de-2026\/","og_locale":"es_ES","og_type":"article","og_title":"En el GP de Abu Dhabi, Pirelli ya trabaja para la F1 de 2026 -","og_description":"El cierre de la temporada 2025 en el Gran Premio de Abu Dhabi no es solo una despedida. Es tambi\u00e9n un primer vistazo al futuro...","og_url":"https:\/\/autofans.com.ar\/index.php\/2025\/12\/03\/en-el-gp-de-abu-dhabi-pirelli-ya-trabaja-para-la-f1-de-2026\/","article_published_time":"2025-12-03T19:20:14+00:00","og_image":[{"width":1000,"height":667,"url":"https:\/\/autofans.com.ar\/wp-content\/uploads\/2025\/12\/pirelli-4.jpg","type":"image\/jpeg"}],"author":"Alejandro Gabriel Rosito","twitter_card":"summary_large_image","twitter_misc":{"Escrito por":"Alejandro Gabriel Rosito","Tiempo de lectura":"4 minutos"},"schema":{"@context":"https:\/\/schema.org","@graph":[{"@type":"Article","@id":"https:\/\/autofans.com.ar\/index.php\/2025\/12\/03\/en-el-gp-de-abu-dhabi-pirelli-ya-trabaja-para-la-f1-de-2026\/#article","isPartOf":{"@id":"https:\/\/autofans.com.ar\/index.php\/2025\/12\/03\/en-el-gp-de-abu-dhabi-pirelli-ya-trabaja-para-la-f1-de-2026\/"},"author":{"name":"Alejandro Gabriel Rosito","@id":"https:\/\/autofans.com.ar\/#\/schema\/person\/4a8dda0b6df83ac3d6723e921274c2aa"},"headline":"En el GP de Abu Dhabi, Pirelli ya trabaja para la F1 de 2026","datePublished":"2025-12-03T19:20:14+00:00","mainEntityOfPage":{"@id":"https:\/\/autofans.com.ar\/index.php\/2025\/12\/03\/en-el-gp-de-abu-dhabi-pirelli-ya-trabaja-para-la-f1-de-2026\/"},"wordCount":598,"image":{"@id":"https:\/\/autofans.com.ar\/index.php\/2025\/12\/03\/en-el-gp-de-abu-dhabi-pirelli-ya-trabaja-para-la-f1-de-2026\/#primaryimage"},"thumbnailUrl":"https:\/\/autofans.com.ar\/wp-content\/uploads\/2025\/12\/pirelli-4.jpg","keywords":["circuito Yas Marina","estrategia neum\u00e1ticos F1","F\u00f3rmula 1","gorra podio Pirelli.","Gran Premio Abu Dhabi 2025","neum\u00e1ticos Pirelli","prueba postemporada F1 2026"],"articleSection":["DEPORTE MOTOR","NOTICIAS"],"inLanguage":"es"},{"@type":"WebPage","@id":"https:\/\/autofans.com.ar\/index.php\/2025\/12\/03\/en-el-gp-de-abu-dhabi-pirelli-ya-trabaja-para-la-f1-de-2026\/","url":"https:\/\/autofans.com.ar\/index.php\/2025\/12\/03\/en-el-gp-de-abu-dhabi-pirelli-ya-trabaja-para-la-f1-de-2026\/","name":"En el GP de Abu Dhabi, Pirelli ya trabaja para la F1 de 2026 -","isPartOf":{"@id":"https:\/\/autofans.com.ar\/#website"},"primaryImageOfPage":{"@id":"https:\/\/autofans.com.ar\/index.php\/2025\/12\/03\/en-el-gp-de-abu-dhabi-pirelli-ya-trabaja-para-la-f1-de-2026\/#primaryimage"},"image":{"@id":"https:\/\/autofans.com.ar\/index.php\/2025\/12\/03\/en-el-gp-de-abu-dhabi-pirelli-ya-trabaja-para-la-f1-de-2026\/#primaryimage"},"thumbnailUrl":"https:\/\/autofans.com.ar\/wp-content\/uploads\/2025\/12\/pirelli-4.jpg","datePublished":"2025-12-03T19:20:14+00:00","author":{"@id":"https:\/\/autofans.com.ar\/#\/schema\/person\/4a8dda0b6df83ac3d6723e921274c2aa"},"description":"El cierre de la temporada 2025 en el Gran Premio de Abu Dhabi no es solo una despedida. Es tambi\u00e9n un primer vistazo al futuro...","breadcrumb":{"@id":"https:\/\/autofans.com.ar\/index.php\/2025\/12\/03\/en-el-gp-de-abu-dhabi-pirelli-ya-trabaja-para-la-f1-de-2026\/#breadcrumb"},"inLanguage":"es","potentialAction":[{"@type":"ReadAction","target":["https:\/\/autofans.com.ar\/index.php\/2025\/12\/03\/en-el-gp-de-abu-dhabi-pirelli-ya-trabaja-para-la-f1-de-2026\/"]}]},{"@type":"ImageObject","inLanguage":"es","@id":"https:\/\/autofans.com.ar\/index.php\/2025\/12\/03\/en-el-gp-de-abu-dhabi-pirelli-ya-trabaja-para-la-f1-de-2026\/#primaryimage","url":"https:\/\/autofans.com.ar\/wp-content\/uploads\/2025\/12\/pirelli-4.jpg","contentUrl":"https:\/\/autofans.com.ar\/wp-content\/uploads\/2025\/12\/pirelli-4.jpg","width":1000,"height":667,"caption":"Abu Dhabi"},{"@type":"BreadcrumbList","@id":"https:\/\/autofans.com.ar\/index.php\/2025\/12\/03\/en-el-gp-de-abu-dhabi-pirelli-ya-trabaja-para-la-f1-de-2026\/#breadcrumb","itemListElement":[{"@type":"ListItem","position":1,"name":"Inicio","item":"https:\/\/autofans.com.ar\/"},{"@type":"ListItem","position":2,"name":"En el GP de Abu Dhabi, Pirelli ya trabaja para la F1 de 2026"}]},{"@type":"WebSite","@id":"https:\/\/autofans.com.ar\/#website","url":"https:\/\/autofans.com.ar\/","name":"","description":"El multimedio referente de la industria automotriz","potentialAction":[{"@type":"SearchAction","target":{"@type":"EntryPoint","urlTemplate":"https:\/\/autofans.com.ar\/?s={search_term_string}"},"query-input":{"@type":"PropertyValueSpecification","valueRequired":true,"valueName":"search_term_string"}}],"inLanguage":"es"},{"@type":"Person","@id":"https:\/\/autofans.com.ar\/#\/schema\/person\/4a8dda0b6df83ac3d6723e921274c2aa","name":"Alejandro Gabriel Rosito","image":{"@type":"ImageObject","inLanguage":"es","@id":"https:\/\/secure.gravatar.com\/avatar\/16c5dda1489adfc62618084dcbb91cffd879c374b13fe5dd8e44ed6733852c88?s=96&d=mm&r=g","url":"https:\/\/secure.gravatar.com\/avatar\/16c5dda1489adfc62618084dcbb91cffd879c374b13fe5dd8e44ed6733852c88?s=96&d=mm&r=g","contentUrl":"https:\/\/secure.gravatar.com\/avatar\/16c5dda1489adfc62618084dcbb91cffd879c374b13fe5dd8e44ed6733852c88?s=96&d=mm&r=g","caption":"Alejandro Gabriel Rosito"},"url":"https:\/\/autofans.com.ar\/index.php\/author\/gabrielr\/"}]}},"featured_image_urls":{"full":["https:\/\/autofans.com.ar\/wp-content\/uploads\/2025\/12\/pirelli-4.jpg",1000,667,false],"thumbnail":["https:\/\/autofans.com.ar\/wp-content\/uploads\/2025\/12\/pirelli-4-150x150.jpg",150,150,true],"medium":["https:\/\/autofans.com.ar\/wp-content\/uploads\/2025\/12\/pirelli-4-300x200.jpg",300,200,true],"medium_large":["https:\/\/autofans.com.ar\/wp-content\/uploads\/2025\/12\/pirelli-4-768x512.jpg",640,427,true],"large":["https:\/\/autofans.com.ar\/wp-content\/uploads\/2025\/12\/pirelli-4.jpg",640,427,false],"1536x1536":["https:\/\/autofans.com.ar\/wp-content\/uploads\/2025\/12\/pirelli-4.jpg",1000,667,false],"2048x2048":["https:\/\/autofans.com.ar\/wp-content\/uploads\/2025\/12\/pirelli-4.jpg",1000,667,false],"covernews-featured":["https:\/\/autofans.com.ar\/wp-content\/uploads\/2025\/12\/pirelli-4.jpg",1000,667,false],"covernews-medium":["https:\/\/autofans.com.ar\/wp-content\/uploads\/2025\/12\/pirelli-4-540x340.jpg",540,340,true]},"author_info":{"display_name":"Alejandro Gabriel Rosito","author_link":"https:\/\/autofans.com.ar\/index.php\/author\/gabrielr\/"},"category_info":"<a href=\"https:\/\/autofans.com.ar\/index.php\/category\/noticias\/deporte\/\" rel=\"category tag\">DEPORTE MOTOR<\/a> <a href=\"https:\/\/autofans.com.ar\/index.php\/category\/noticias\/\" rel=\"category tag\">NOTICIAS<\/a>","tag_info":"NOTICIAS","comment_count":0,"_links":{"self":[{"href":"https:\/\/autofans.com.ar\/index.php\/wp-json\/wp\/v2\/posts\/15108","targetHints":{"allow":["GET"]}}],"collection":[{"href":"https:\/\/autofans.com.ar\/index.php\/wp-json\/wp\/v2\/posts"}],"about":[{"href":"https:\/\/autofans.com.ar\/index.php\/wp-json\/wp\/v2\/types\/post"}],"author":[{"embeddable":true,"href":"https:\/\/autofans.com.ar\/index.php\/wp-json\/wp\/v2\/users\/2"}],"replies":[{"embeddable":true,"href":"https:\/\/autofans.com.ar\/index.php\/wp-json\/wp\/v2\/comments?post=15108"}],"version-history":[{"count":2,"href":"https:\/\/autofans.com.ar\/index.php\/wp-json\/wp\/v2\/posts\/15108\/revisions"}],"predecessor-version":[{"id":15114,"href":"https:\/\/autofans.com.ar\/index.php\/wp-json\/wp\/v2\/posts\/15108\/revisions\/15114"}],"wp:featuredmedia":[{"embeddable":true,"href":"https:\/\/autofans.com.ar\/index.php\/wp-json\/wp\/v2\/media\/15109"}],"wp:attachment":[{"href":"https:\/\/autofans.com.ar\/index.php\/wp-json\/wp\/v2\/media?parent=15108"}],"wp:term":[{"taxonomy":"category","embeddable":true,"href":"https:\/\/autofans.com.ar\/index.php\/wp-json\/wp\/v2\/categories?post=15108"},{"taxonomy":"post_tag","embeddable":true,"href":"https:\/\/autofans.com.ar\/index.php\/wp-json\/wp\/v2\/tags?post=15108"}],"curies":[{"name":"wp","href":"https:\/\/api.w.org\/{rel}","templated":true}]}}