{"id":1512,"date":"2023-04-12T22:03:10","date_gmt":"2023-04-13T01:03:10","guid":{"rendered":"https:\/\/autofans.com.ar\/?p=1512"},"modified":"2023-04-13T12:20:31","modified_gmt":"2023-04-13T15:20:31","slug":"paladini-racing-compite-en-el-gran-premio-100-anos-en-rosario","status":"publish","type":"post","link":"https:\/\/autofans.com.ar\/index.php\/2023\/04\/12\/paladini-racing-compite-en-el-gran-premio-100-anos-en-rosario\/","title":{"rendered":"Paladini Racing en el TCR South America Banco BRB que se realiza en Rosario"},"content":{"rendered":"<p>En el marco de las celebraciones e iniciativas por sus 100 a\u00f1os, Paladini es sponsor oficial de TCR South America BRB. TCR South America Banco BRB es una de las competencias de automovilismo m\u00e1s importantes de la regi\u00f3n y consta de diez competencias, cuatro en Argentina, cuatro en Brasil y dos en Uruguay.<\/p>\n<p><img fetchpriority=\"high\" decoding=\"async\" class=\"aligncenter wp-image-1514 size-full\" src=\"https:\/\/autofans.com.ar\/wp-content\/uploads\/2023\/04\/foto-2-17-jpg.webp\" alt=\"paladini\" width=\"1000\" height=\"667\" srcset=\"https:\/\/autofans.com.ar\/wp-content\/uploads\/2023\/04\/foto-2-17-jpg.webp 1000w, https:\/\/autofans.com.ar\/wp-content\/uploads\/2023\/04\/foto-2-17-300x200.webp 300w, https:\/\/autofans.com.ar\/wp-content\/uploads\/2023\/04\/foto-2-17-768x512.webp 768w\" sizes=\"(max-width: 1000px) 100vw, 1000px\" \/><\/p>\n<p>Por su parte, la empresa familiar que es sponsor oficial tambi\u00e9n participa en la carrera con Paladini Racing, su equipo de TCR. La escuadra es comandada por V\u00edctor Rosso y el equipo es representado en pista por Juan \u00c1ngel \u00abColo\u00bb Rosso y Fabi\u00e1n \u00abPatito\u00bb Yannantuoni.<\/p>\n<blockquote>\n<p style=\"text-align: center;\">\u201cEl Gran Premio Paladini 100 a\u00f1os ser\u00e1 una carrera sumamente especial para nosotros. No s\u00f3lo porque acompa\u00f1amos al automovilismo en nuestro pa\u00eds, sino tambi\u00e9n porque es una manera de celebrar nuestro aniversario nada m\u00e1s y nada menos que en Rosario y encima compitiendo con <a href=\"https:\/\/www.paladini.com.ar\/en\/automovilismo\/\" target=\"_blank\" rel=\"noopener\">Paladini Racing<\/a>\u201d, destac\u00f3 Marcelo D\u00edaz, Gerente Comercial de Paladini.<\/p>\n<\/blockquote>\n<p><img decoding=\"async\" class=\"aligncenter wp-image-1515 size-full\" src=\"https:\/\/autofans.com.ar\/wp-content\/uploads\/2023\/04\/foto-1-17-jpg.webp\" alt=\"paladini\" width=\"1000\" height=\"667\" srcset=\"https:\/\/autofans.com.ar\/wp-content\/uploads\/2023\/04\/foto-1-17-jpg.webp 1000w, https:\/\/autofans.com.ar\/wp-content\/uploads\/2023\/04\/foto-1-17-300x200.webp 300w, https:\/\/autofans.com.ar\/wp-content\/uploads\/2023\/04\/foto-1-17-768x512.webp 768w\" sizes=\"(max-width: 1000px) 100vw, 1000px\" \/><\/p>\n<p>En la segunda fecha que es del 14 al 16 de abril, la locaci\u00f3n ser\u00e1 la ciudad de Rosario donde la actividad en pista comenzar\u00e1 el d\u00eda viernes con un shakedown, continuar\u00e1 el s\u00e1bado con los entrenamientos oficiales y la clasificaci\u00f3n, y cerrar\u00e1 el domingo con las dos carreras habituales. El inicio de temporada se di\u00f3 del 23 al 26 de marzo en el Aut\u00f3dromo Oscar Cabal\u00e9n de Alta Gracia, C\u00f3rdoba.<\/p>\n<p>&nbsp;<\/p>\n<p><i>Para enterarte de m\u00e1s novedades, no dejes de leer\u00a0<\/i><a href=\"https:\/\/autofans.thebrandsoup.com\/\"><i>nuestras notas<\/i><\/a><i>, de ver<\/i><b><i>\u00a0<\/i><\/b><a href=\"https:\/\/www.youtube.com\/channel\/UCgAC8UGHZYbT6P7PpmVnP7g\"><b><i>AUTOFANS TV<\/i><\/b><\/a><b><i>\u00a0<\/i><\/b><i>en nuestro\u00a0canal de Youtube. Adem\u00e1s seguinos en\u00a0<\/i><a href=\"https:\/\/www.instagram.com\/autofanstv\/\"><i>INSTAGRAM<\/i><\/a><i> y <\/i><a href=\"https:\/\/www.facebook.com\/autofansmas\/\"><i>FACEBOOK<\/i><\/a><i> para no perderte nada sobre las novedades del segmento automotor de Argentina y el mundo.<\/i><\/p>\n","protected":false},"excerpt":{"rendered":"<p>En el marco de las celebraciones e iniciativas por sus 100 a\u00f1os, Paladini es sponsor&#8230;<\/p>\n","protected":false},"author":2,"featured_media":1513,"comment_status":"closed","ping_status":"closed","sticky":false,"template":"","format":"standard","meta":{"footnotes":""},"categories":[292,16],"tags":[185,679,676,678,63,677],"class_list":["post-1512","post","type-post","status-publish","format-standard","has-post-thumbnail","hentry","category-empresas","category-noticias","tag-automovilismo","tag-paladini","tag-paladini100anos","tag-paladiniracing","tag-rosario","tag-tcrsouthamerica"],"yoast_head":"<!-- This site is optimized with the Yoast SEO plugin v27.5 - https:\/\/yoast.com\/product\/yoast-seo-wordpress\/ -->\n<title>Paladini Racing en el TCR South America Banco BRB que se realiza en Rosario -<\/title>\n<meta name=\"description\" content=\"Paladini celebra sus 100 a\u00f1os como sponsor oficial del TCR South America BRB en Rosario. En el marco de sus celebraciones por su centenario..\" \/>\n<meta name=\"robots\" content=\"index, follow, max-snippet:-1, max-image-preview:large, max-video-preview:-1\" \/>\n<link rel=\"canonical\" href=\"https:\/\/autofans.com.ar\/index.php\/2023\/04\/12\/paladini-racing-compite-en-el-gran-premio-100-anos-en-rosario\/\" \/>\n<meta property=\"og:locale\" content=\"es_ES\" \/>\n<meta property=\"og:type\" content=\"article\" \/>\n<meta property=\"og:title\" content=\"Paladini Racing en el TCR South America Banco BRB que se realiza en Rosario -\" \/>\n<meta property=\"og:description\" content=\"Paladini celebra sus 100 a\u00f1os como sponsor oficial del TCR South America BRB en Rosario. En el marco de sus celebraciones por su centenario..\" \/>\n<meta property=\"og:url\" content=\"https:\/\/autofans.com.ar\/index.php\/2023\/04\/12\/paladini-racing-compite-en-el-gran-premio-100-anos-en-rosario\/\" \/>\n<meta property=\"article:published_time\" content=\"2023-04-13T01:03:10+00:00\" \/>\n<meta property=\"article:modified_time\" content=\"2023-04-13T15:20:31+00:00\" \/>\n<meta property=\"og:image\" content=\"https:\/\/autofans.com.ar\/wp-content\/uploads\/2023\/04\/foto-3-15-jpg.webp\" \/>\n\t<meta property=\"og:image:width\" content=\"1000\" \/>\n\t<meta property=\"og:image:height\" content=\"667\" \/>\n\t<meta property=\"og:image:type\" content=\"image\/jpeg\" \/>\n<meta name=\"author\" content=\"Alejandro Gabriel Rosito\" \/>\n<meta name=\"twitter:card\" content=\"summary_large_image\" \/>\n<meta name=\"twitter:label1\" content=\"Escrito por\" \/>\n\t<meta name=\"twitter:data1\" content=\"Alejandro Gabriel Rosito\" \/>\n\t<meta name=\"twitter:label2\" content=\"Tiempo de lectura\" \/>\n\t<meta name=\"twitter:data2\" content=\"2 minutos\" \/>\n<script type=\"application\/ld+json\" class=\"yoast-schema-graph\">{\"@context\":\"https:\\\/\\\/schema.org\",\"@graph\":[{\"@type\":\"Article\",\"@id\":\"https:\\\/\\\/autofans.com.ar\\\/index.php\\\/2023\\\/04\\\/12\\\/paladini-racing-compite-en-el-gran-premio-100-anos-en-rosario\\\/#article\",\"isPartOf\":{\"@id\":\"https:\\\/\\\/autofans.com.ar\\\/index.php\\\/2023\\\/04\\\/12\\\/paladini-racing-compite-en-el-gran-premio-100-anos-en-rosario\\\/\"},\"author\":{\"name\":\"Alejandro Gabriel Rosito\",\"@id\":\"https:\\\/\\\/autofans.com.ar\\\/#\\\/schema\\\/person\\\/4a8dda0b6df83ac3d6723e921274c2aa\"},\"headline\":\"Paladini Racing en el TCR South America Banco BRB que se realiza en Rosario\",\"datePublished\":\"2023-04-13T01:03:10+00:00\",\"dateModified\":\"2023-04-13T15:20:31+00:00\",\"mainEntityOfPage\":{\"@id\":\"https:\\\/\\\/autofans.com.ar\\\/index.php\\\/2023\\\/04\\\/12\\\/paladini-racing-compite-en-el-gran-premio-100-anos-en-rosario\\\/\"},\"wordCount\":294,\"image\":{\"@id\":\"https:\\\/\\\/autofans.com.ar\\\/index.php\\\/2023\\\/04\\\/12\\\/paladini-racing-compite-en-el-gran-premio-100-anos-en-rosario\\\/#primaryimage\"},\"thumbnailUrl\":\"https:\\\/\\\/autofans.com.ar\\\/wp-content\\\/uploads\\\/2023\\\/04\\\/foto-3-15-jpg.webp\",\"keywords\":[\"#automovilismo\",\"paladini\",\"Paladini100a\u00f1os\",\"PaladiniRacing\",\"Rosario\",\"TCRSouthAmerica\"],\"articleSection\":[\"EMPRESAS\",\"NOTICIAS\"],\"inLanguage\":\"es\"},{\"@type\":\"WebPage\",\"@id\":\"https:\\\/\\\/autofans.com.ar\\\/index.php\\\/2023\\\/04\\\/12\\\/paladini-racing-compite-en-el-gran-premio-100-anos-en-rosario\\\/\",\"url\":\"https:\\\/\\\/autofans.com.ar\\\/index.php\\\/2023\\\/04\\\/12\\\/paladini-racing-compite-en-el-gran-premio-100-anos-en-rosario\\\/\",\"name\":\"Paladini Racing en el TCR South America Banco BRB que se realiza en Rosario -\",\"isPartOf\":{\"@id\":\"https:\\\/\\\/autofans.com.ar\\\/#website\"},\"primaryImageOfPage\":{\"@id\":\"https:\\\/\\\/autofans.com.ar\\\/index.php\\\/2023\\\/04\\\/12\\\/paladini-racing-compite-en-el-gran-premio-100-anos-en-rosario\\\/#primaryimage\"},\"image\":{\"@id\":\"https:\\\/\\\/autofans.com.ar\\\/index.php\\\/2023\\\/04\\\/12\\\/paladini-racing-compite-en-el-gran-premio-100-anos-en-rosario\\\/#primaryimage\"},\"thumbnailUrl\":\"https:\\\/\\\/autofans.com.ar\\\/wp-content\\\/uploads\\\/2023\\\/04\\\/foto-3-15-jpg.webp\",\"datePublished\":\"2023-04-13T01:03:10+00:00\",\"dateModified\":\"2023-04-13T15:20:31+00:00\",\"author\":{\"@id\":\"https:\\\/\\\/autofans.com.ar\\\/#\\\/schema\\\/person\\\/4a8dda0b6df83ac3d6723e921274c2aa\"},\"description\":\"Paladini celebra sus 100 a\u00f1os como sponsor oficial del TCR South America BRB en Rosario. En el marco de sus celebraciones por su centenario..\",\"breadcrumb\":{\"@id\":\"https:\\\/\\\/autofans.com.ar\\\/index.php\\\/2023\\\/04\\\/12\\\/paladini-racing-compite-en-el-gran-premio-100-anos-en-rosario\\\/#breadcrumb\"},\"inLanguage\":\"es\",\"potentialAction\":[{\"@type\":\"ReadAction\",\"target\":[\"https:\\\/\\\/autofans.com.ar\\\/index.php\\\/2023\\\/04\\\/12\\\/paladini-racing-compite-en-el-gran-premio-100-anos-en-rosario\\\/\"]}]},{\"@type\":\"ImageObject\",\"inLanguage\":\"es\",\"@id\":\"https:\\\/\\\/autofans.com.ar\\\/index.php\\\/2023\\\/04\\\/12\\\/paladini-racing-compite-en-el-gran-premio-100-anos-en-rosario\\\/#primaryimage\",\"url\":\"https:\\\/\\\/autofans.com.ar\\\/wp-content\\\/uploads\\\/2023\\\/04\\\/foto-3-15-jpg.webp\",\"contentUrl\":\"https:\\\/\\\/autofans.com.ar\\\/wp-content\\\/uploads\\\/2023\\\/04\\\/foto-3-15-jpg.webp\",\"width\":1000,\"height\":667,\"caption\":\"paladini\"},{\"@type\":\"BreadcrumbList\",\"@id\":\"https:\\\/\\\/autofans.com.ar\\\/index.php\\\/2023\\\/04\\\/12\\\/paladini-racing-compite-en-el-gran-premio-100-anos-en-rosario\\\/#breadcrumb\",\"itemListElement\":[{\"@type\":\"ListItem\",\"position\":1,\"name\":\"Inicio\",\"item\":\"https:\\\/\\\/autofans.com.ar\\\/\"},{\"@type\":\"ListItem\",\"position\":2,\"name\":\"Paladini Racing en el TCR South America Banco BRB que se realiza en Rosario\"}]},{\"@type\":\"WebSite\",\"@id\":\"https:\\\/\\\/autofans.com.ar\\\/#website\",\"url\":\"https:\\\/\\\/autofans.com.ar\\\/\",\"name\":\"\",\"description\":\"El multimedio referente de la industria automotriz\",\"potentialAction\":[{\"@type\":\"SearchAction\",\"target\":{\"@type\":\"EntryPoint\",\"urlTemplate\":\"https:\\\/\\\/autofans.com.ar\\\/?s={search_term_string}\"},\"query-input\":{\"@type\":\"PropertyValueSpecification\",\"valueRequired\":true,\"valueName\":\"search_term_string\"}}],\"inLanguage\":\"es\"},{\"@type\":\"Person\",\"@id\":\"https:\\\/\\\/autofans.com.ar\\\/#\\\/schema\\\/person\\\/4a8dda0b6df83ac3d6723e921274c2aa\",\"name\":\"Alejandro Gabriel Rosito\",\"image\":{\"@type\":\"ImageObject\",\"inLanguage\":\"es\",\"@id\":\"https:\\\/\\\/secure.gravatar.com\\\/avatar\\\/16c5dda1489adfc62618084dcbb91cffd879c374b13fe5dd8e44ed6733852c88?s=96&d=mm&r=g\",\"url\":\"https:\\\/\\\/secure.gravatar.com\\\/avatar\\\/16c5dda1489adfc62618084dcbb91cffd879c374b13fe5dd8e44ed6733852c88?s=96&d=mm&r=g\",\"contentUrl\":\"https:\\\/\\\/secure.gravatar.com\\\/avatar\\\/16c5dda1489adfc62618084dcbb91cffd879c374b13fe5dd8e44ed6733852c88?s=96&d=mm&r=g\",\"caption\":\"Alejandro Gabriel Rosito\"},\"url\":\"https:\\\/\\\/autofans.com.ar\\\/index.php\\\/author\\\/gabrielr\\\/\"}]}<\/script>\n<!-- \/ Yoast SEO plugin. -->","yoast_head_json":{"title":"Paladini Racing en el TCR South America Banco BRB que se realiza en Rosario -","description":"Paladini celebra sus 100 a\u00f1os como sponsor oficial del TCR South America BRB en Rosario. En el marco de sus celebraciones por su centenario..","robots":{"index":"index","follow":"follow","max-snippet":"max-snippet:-1","max-image-preview":"max-image-preview:large","max-video-preview":"max-video-preview:-1"},"canonical":"https:\/\/autofans.com.ar\/index.php\/2023\/04\/12\/paladini-racing-compite-en-el-gran-premio-100-anos-en-rosario\/","og_locale":"es_ES","og_type":"article","og_title":"Paladini Racing en el TCR South America Banco BRB que se realiza en Rosario -","og_description":"Paladini celebra sus 100 a\u00f1os como sponsor oficial del TCR South America BRB en Rosario. En el marco de sus celebraciones por su centenario..","og_url":"https:\/\/autofans.com.ar\/index.php\/2023\/04\/12\/paladini-racing-compite-en-el-gran-premio-100-anos-en-rosario\/","article_published_time":"2023-04-13T01:03:10+00:00","article_modified_time":"2023-04-13T15:20:31+00:00","og_image":[{"width":1000,"height":667,"url":"https:\/\/autofans.com.ar\/wp-content\/uploads\/2023\/04\/foto-3-15-jpg.webp","type":"image\/jpeg"}],"author":"Alejandro Gabriel Rosito","twitter_card":"summary_large_image","twitter_misc":{"Escrito por":"Alejandro Gabriel Rosito","Tiempo de lectura":"2 minutos"},"schema":{"@context":"https:\/\/schema.org","@graph":[{"@type":"Article","@id":"https:\/\/autofans.com.ar\/index.php\/2023\/04\/12\/paladini-racing-compite-en-el-gran-premio-100-anos-en-rosario\/#article","isPartOf":{"@id":"https:\/\/autofans.com.ar\/index.php\/2023\/04\/12\/paladini-racing-compite-en-el-gran-premio-100-anos-en-rosario\/"},"author":{"name":"Alejandro Gabriel Rosito","@id":"https:\/\/autofans.com.ar\/#\/schema\/person\/4a8dda0b6df83ac3d6723e921274c2aa"},"headline":"Paladini Racing en el TCR South America Banco BRB que se realiza en Rosario","datePublished":"2023-04-13T01:03:10+00:00","dateModified":"2023-04-13T15:20:31+00:00","mainEntityOfPage":{"@id":"https:\/\/autofans.com.ar\/index.php\/2023\/04\/12\/paladini-racing-compite-en-el-gran-premio-100-anos-en-rosario\/"},"wordCount":294,"image":{"@id":"https:\/\/autofans.com.ar\/index.php\/2023\/04\/12\/paladini-racing-compite-en-el-gran-premio-100-anos-en-rosario\/#primaryimage"},"thumbnailUrl":"https:\/\/autofans.com.ar\/wp-content\/uploads\/2023\/04\/foto-3-15-jpg.webp","keywords":["#automovilismo","paladini","Paladini100a\u00f1os","PaladiniRacing","Rosario","TCRSouthAmerica"],"articleSection":["EMPRESAS","NOTICIAS"],"inLanguage":"es"},{"@type":"WebPage","@id":"https:\/\/autofans.com.ar\/index.php\/2023\/04\/12\/paladini-racing-compite-en-el-gran-premio-100-anos-en-rosario\/","url":"https:\/\/autofans.com.ar\/index.php\/2023\/04\/12\/paladini-racing-compite-en-el-gran-premio-100-anos-en-rosario\/","name":"Paladini Racing en el TCR South America Banco BRB que se realiza en Rosario -","isPartOf":{"@id":"https:\/\/autofans.com.ar\/#website"},"primaryImageOfPage":{"@id":"https:\/\/autofans.com.ar\/index.php\/2023\/04\/12\/paladini-racing-compite-en-el-gran-premio-100-anos-en-rosario\/#primaryimage"},"image":{"@id":"https:\/\/autofans.com.ar\/index.php\/2023\/04\/12\/paladini-racing-compite-en-el-gran-premio-100-anos-en-rosario\/#primaryimage"},"thumbnailUrl":"https:\/\/autofans.com.ar\/wp-content\/uploads\/2023\/04\/foto-3-15-jpg.webp","datePublished":"2023-04-13T01:03:10+00:00","dateModified":"2023-04-13T15:20:31+00:00","author":{"@id":"https:\/\/autofans.com.ar\/#\/schema\/person\/4a8dda0b6df83ac3d6723e921274c2aa"},"description":"Paladini celebra sus 100 a\u00f1os como sponsor oficial del TCR South America BRB en Rosario. En el marco de sus celebraciones por su centenario..","breadcrumb":{"@id":"https:\/\/autofans.com.ar\/index.php\/2023\/04\/12\/paladini-racing-compite-en-el-gran-premio-100-anos-en-rosario\/#breadcrumb"},"inLanguage":"es","potentialAction":[{"@type":"ReadAction","target":["https:\/\/autofans.com.ar\/index.php\/2023\/04\/12\/paladini-racing-compite-en-el-gran-premio-100-anos-en-rosario\/"]}]},{"@type":"ImageObject","inLanguage":"es","@id":"https:\/\/autofans.com.ar\/index.php\/2023\/04\/12\/paladini-racing-compite-en-el-gran-premio-100-anos-en-rosario\/#primaryimage","url":"https:\/\/autofans.com.ar\/wp-content\/uploads\/2023\/04\/foto-3-15-jpg.webp","contentUrl":"https:\/\/autofans.com.ar\/wp-content\/uploads\/2023\/04\/foto-3-15-jpg.webp","width":1000,"height":667,"caption":"paladini"},{"@type":"BreadcrumbList","@id":"https:\/\/autofans.com.ar\/index.php\/2023\/04\/12\/paladini-racing-compite-en-el-gran-premio-100-anos-en-rosario\/#breadcrumb","itemListElement":[{"@type":"ListItem","position":1,"name":"Inicio","item":"https:\/\/autofans.com.ar\/"},{"@type":"ListItem","position":2,"name":"Paladini Racing en el TCR South America Banco BRB que se realiza en Rosario"}]},{"@type":"WebSite","@id":"https:\/\/autofans.com.ar\/#website","url":"https:\/\/autofans.com.ar\/","name":"","description":"El multimedio referente de la industria automotriz","potentialAction":[{"@type":"SearchAction","target":{"@type":"EntryPoint","urlTemplate":"https:\/\/autofans.com.ar\/?s={search_term_string}"},"query-input":{"@type":"PropertyValueSpecification","valueRequired":true,"valueName":"search_term_string"}}],"inLanguage":"es"},{"@type":"Person","@id":"https:\/\/autofans.com.ar\/#\/schema\/person\/4a8dda0b6df83ac3d6723e921274c2aa","name":"Alejandro Gabriel Rosito","image":{"@type":"ImageObject","inLanguage":"es","@id":"https:\/\/secure.gravatar.com\/avatar\/16c5dda1489adfc62618084dcbb91cffd879c374b13fe5dd8e44ed6733852c88?s=96&d=mm&r=g","url":"https:\/\/secure.gravatar.com\/avatar\/16c5dda1489adfc62618084dcbb91cffd879c374b13fe5dd8e44ed6733852c88?s=96&d=mm&r=g","contentUrl":"https:\/\/secure.gravatar.com\/avatar\/16c5dda1489adfc62618084dcbb91cffd879c374b13fe5dd8e44ed6733852c88?s=96&d=mm&r=g","caption":"Alejandro Gabriel Rosito"},"url":"https:\/\/autofans.com.ar\/index.php\/author\/gabrielr\/"}]}},"featured_image_urls":{"full":["https:\/\/autofans.com.ar\/wp-content\/uploads\/2023\/04\/foto-3-15-jpg.webp",1000,667,false],"thumbnail":["https:\/\/autofans.com.ar\/wp-content\/uploads\/2023\/04\/foto-3-15-150x150.webp",150,150,true],"medium":["https:\/\/autofans.com.ar\/wp-content\/uploads\/2023\/04\/foto-3-15-300x200.webp",300,200,true],"medium_large":["https:\/\/autofans.com.ar\/wp-content\/uploads\/2023\/04\/foto-3-15-768x512.webp",640,427,true],"large":["https:\/\/autofans.com.ar\/wp-content\/uploads\/2023\/04\/foto-3-15-jpg.webp",640,427,false],"1536x1536":["https:\/\/autofans.com.ar\/wp-content\/uploads\/2023\/04\/foto-3-15-jpg.webp",1000,667,false],"2048x2048":["https:\/\/autofans.com.ar\/wp-content\/uploads\/2023\/04\/foto-3-15-jpg.webp",1000,667,false],"covernews-featured":["https:\/\/autofans.com.ar\/wp-content\/uploads\/2023\/04\/foto-3-15-jpg.webp",1000,667,false],"covernews-medium":["https:\/\/autofans.com.ar\/wp-content\/uploads\/2023\/04\/foto-3-15-540x340.webp",540,340,true]},"author_info":{"display_name":"Alejandro Gabriel Rosito","author_link":"https:\/\/autofans.com.ar\/index.php\/author\/gabrielr\/"},"category_info":"<a href=\"https:\/\/autofans.com.ar\/index.php\/category\/noticias\/empresas\/\" rel=\"category tag\">EMPRESAS<\/a> <a href=\"https:\/\/autofans.com.ar\/index.php\/category\/noticias\/\" rel=\"category tag\">NOTICIAS<\/a>","tag_info":"NOTICIAS","comment_count":0,"_links":{"self":[{"href":"https:\/\/autofans.com.ar\/index.php\/wp-json\/wp\/v2\/posts\/1512","targetHints":{"allow":["GET"]}}],"collection":[{"href":"https:\/\/autofans.com.ar\/index.php\/wp-json\/wp\/v2\/posts"}],"about":[{"href":"https:\/\/autofans.com.ar\/index.php\/wp-json\/wp\/v2\/types\/post"}],"author":[{"embeddable":true,"href":"https:\/\/autofans.com.ar\/index.php\/wp-json\/wp\/v2\/users\/2"}],"replies":[{"embeddable":true,"href":"https:\/\/autofans.com.ar\/index.php\/wp-json\/wp\/v2\/comments?post=1512"}],"version-history":[{"count":6,"href":"https:\/\/autofans.com.ar\/index.php\/wp-json\/wp\/v2\/posts\/1512\/revisions"}],"predecessor-version":[{"id":1521,"href":"https:\/\/autofans.com.ar\/index.php\/wp-json\/wp\/v2\/posts\/1512\/revisions\/1521"}],"wp:featuredmedia":[{"embeddable":true,"href":"https:\/\/autofans.com.ar\/index.php\/wp-json\/wp\/v2\/media\/1513"}],"wp:attachment":[{"href":"https:\/\/autofans.com.ar\/index.php\/wp-json\/wp\/v2\/media?parent=1512"}],"wp:term":[{"taxonomy":"category","embeddable":true,"href":"https:\/\/autofans.com.ar\/index.php\/wp-json\/wp\/v2\/categories?post=1512"},{"taxonomy":"post_tag","embeddable":true,"href":"https:\/\/autofans.com.ar\/index.php\/wp-json\/wp\/v2\/tags?post=1512"}],"curies":[{"name":"wp","href":"https:\/\/api.w.org\/{rel}","templated":true}]}}