{"id":15134,"date":"2025-12-04T18:39:13","date_gmt":"2025-12-04T21:39:13","guid":{"rendered":"https:\/\/autofans.com.ar\/?p=15134"},"modified":"2025-12-04T18:39:13","modified_gmt":"2025-12-04T21:39:13","slug":"llega-el-nissan-kait-un-suv-con-foco-en-espacio-y-seguridad","status":"publish","type":"post","link":"https:\/\/autofans.com.ar\/index.php\/2025\/12\/04\/llega-el-nissan-kait-un-suv-con-foco-en-espacio-y-seguridad\/","title":{"rendered":"Llega el Nissan KAIT, un SUV con foco en espacio y seguridad"},"content":{"rendered":"<p class=\"ds-markdown-paragraph\">Nissan realiz\u00f3 en S\u00e3o Paulo, Brasil, el lanzamiento mundial de su nuevo SUV: el KAIT. El evento cont\u00f3 con m\u00e1s de 400 invitados y marca la llegada de la \u00faltima generaci\u00f3n de veh\u00edculos de la marca a Latinoam\u00e9rica.<\/p>\n<p class=\"ds-markdown-paragraph\">Este modelo se posiciona como central en el portafolio de Nissan. Combina un dise\u00f1o expresivo, gran amplitud interna y un tren motriz confiable. Est\u00e1 dirigido a quienes buscan un SUV moderno, con equipamiento de seguridad y la confiabilidad de la marca.<\/p>\n<p>&nbsp;<\/p>\n<h2 class=\"ds-markdown-paragraph\">Producci\u00f3n e inversi\u00f3n en la regi\u00f3n<\/h2>\n<p class=\"ds-markdown-paragraph\">La fabricaci\u00f3n del Nissan KAIT ya comenz\u00f3 en el Complejo Industrial de Resende, en R\u00edo de Janeiro. Este veh\u00edculo es el segundo SUV anunciado como parte de una inversi\u00f3n de 540 millones de d\u00f3lares de Nissan en Brasil. Los fondos permitieron modernizar la planta con nueva maquinaria, robots y procesos.<\/p>\n<p>&nbsp;<\/p>\n<div id='gallery-1' class='gallery galleryid-15134 gallery-columns-2 gallery-size-full'><figure class='gallery-item'>\n\t\t\t<div class='gallery-icon landscape'>\n\t\t\t\t<a href='https:\/\/autofans.com.ar\/index.php\/2025\/12\/04\/llega-el-nissan-kait-un-suv-con-foco-en-espacio-y-seguridad\/kai-3\/'><img loading=\"lazy\" width=\"1000\" height=\"667\" src=\"https:\/\/autofans.com.ar\/wp-content\/uploads\/2025\/12\/kai-3.jpg\" class=\"attachment-full size-full\" alt=\"Nissan KAIT\" srcset=\"https:\/\/autofans.com.ar\/wp-content\/uploads\/2025\/12\/kai-3.jpg 1000w, https:\/\/autofans.com.ar\/wp-content\/uploads\/2025\/12\/kai-3-300x200.jpg 300w, https:\/\/autofans.com.ar\/wp-content\/uploads\/2025\/12\/kai-3-768x512.jpg 768w\" sizes=\"auto, (max-width: 1000px) 100vw, 1000px\" loading=\"lazy\" decoding=\"async\" \/><\/a>\n\t\t\t<\/div><\/figure><figure class='gallery-item'>\n\t\t\t<div class='gallery-icon landscape'>\n\t\t\t\t<a href='https:\/\/autofans.com.ar\/index.php\/2025\/12\/04\/llega-el-nissan-kait-un-suv-con-foco-en-espacio-y-seguridad\/kait-2\/'><img loading=\"lazy\" width=\"1000\" height=\"667\" src=\"https:\/\/autofans.com.ar\/wp-content\/uploads\/2025\/12\/kait-2.jpg\" class=\"attachment-full size-full\" alt=\"Nissan KAIT\" srcset=\"https:\/\/autofans.com.ar\/wp-content\/uploads\/2025\/12\/kait-2.jpg 1000w, https:\/\/autofans.com.ar\/wp-content\/uploads\/2025\/12\/kait-2-300x200.jpg 300w, https:\/\/autofans.com.ar\/wp-content\/uploads\/2025\/12\/kait-2-768x512.jpg 768w\" sizes=\"auto, (max-width: 1000px) 100vw, 1000px\" loading=\"lazy\" decoding=\"async\" \/><\/a>\n\t\t\t<\/div><\/figure>\n\t\t<\/div>\n\n<p>&nbsp;<\/p>\n<p class=\"ds-markdown-paragraph\">La producci\u00f3n en Resende consolida al sitio como un centro de exportaci\u00f3n. El KAIT se enviar\u00e1 a m\u00e1s de 20 pa\u00edses, y los clientes latinoamericanos ser\u00e1n los primeros en conocerlo.<\/p>\n<p>&nbsp;<\/p>\n<h2 class=\"ds-markdown-paragraph\">Nissan KAIT, dimensiones y espacio<\/h2>\n<p>&nbsp;<\/p>\n<p><img fetchpriority=\"high\" decoding=\"async\" class=\"aligncenter wp-image-15141 size-full\" src=\"https:\/\/autofans.com.ar\/wp-content\/uploads\/2025\/12\/kait-1.jpg\" alt=\"Nissan KAIT\" width=\"1000\" height=\"667\" srcset=\"https:\/\/autofans.com.ar\/wp-content\/uploads\/2025\/12\/kait-1.jpg 1000w, https:\/\/autofans.com.ar\/wp-content\/uploads\/2025\/12\/kait-1-300x200.jpg 300w, https:\/\/autofans.com.ar\/wp-content\/uploads\/2025\/12\/kait-1-768x512.jpg 768w\" sizes=\"(max-width: 1000px) 100vw, 1000px\" \/><\/p>\n<p>&nbsp;<\/p>\n<p class=\"ds-markdown-paragraph\">El KAIT se destaca por sus medidas dentro del segmento. Tiene 4.30 metros de largo, 1.76 metros de ancho y una distancia entre ejes de 2.62 metros. Esta configuraci\u00f3n garantiza un amplio espacio para los ocupantes. El maletero ofrece una capacidad de 432 litros.<\/p>\n<p>&nbsp;<\/p>\n<h2 class=\"ds-markdown-paragraph\">El camino de Nissan en LATAM<\/h2>\n<p>&nbsp;<\/p>\n<p><img decoding=\"async\" class=\"aligncenter wp-image-15138 size-full\" src=\"https:\/\/autofans.com.ar\/wp-content\/uploads\/2025\/12\/kait-4.jpg\" alt=\"Nissan KAIT\" width=\"1000\" height=\"667\" srcset=\"https:\/\/autofans.com.ar\/wp-content\/uploads\/2025\/12\/kait-4.jpg 1000w, https:\/\/autofans.com.ar\/wp-content\/uploads\/2025\/12\/kait-4-300x200.jpg 300w, https:\/\/autofans.com.ar\/wp-content\/uploads\/2025\/12\/kait-4-768x512.jpg 768w\" sizes=\"(max-width: 1000px) 100vw, 1000px\" \/><\/p>\n<p>&nbsp;<\/p>\n<p class=\"ds-markdown-paragraph\">La presentaci\u00f3n del KAIT refuerza la introducci\u00f3n de la nueva generaci\u00f3n de SUVs de Nissan en la regi\u00f3n. Este camino comenz\u00f3 con los lanzamientos del renovado Kicks y del Nissan Magnite.<\/p>\n<p class=\"ds-markdown-paragraph\">Las especificaciones t\u00e9cnicas completas y los detalles de equipamiento se anunciar\u00e1n en el lanzamiento oficial en cada mercado, incluida la Argentina.<\/p>\n<p>&nbsp;<\/p>\n<p>&nbsp;<\/p>\n<p>&nbsp;<\/p>\n<p><i>Para enterarte de m\u00e1s novedades, no dejes de leer\u00a0<\/i><a href=\"https:\/\/autofans.thebrandsoup.com\/\"><i>nuestras notas<\/i><\/a><i>, de ver\u00a0<\/i><a href=\"https:\/\/www.youtube.com\/channel\/UCgAC8UGHZYbT6P7PpmVnP7g\"><i>AUTOFANS TV<\/i><\/a><i>\u00a0en nuestro\u00a0canal de Youtube. Adem\u00e1s seguinos en\u00a0<\/i><a href=\"https:\/\/www.instagram.com\/autofanstv\/\"><i>INSTAGRAM<\/i><\/a><i> y <\/i><a href=\"https:\/\/www.facebook.com\/autofansmas\/\"><i>FACEBOOK<\/i><\/a><i> para no perderte nada sobre las novedades del segmento automotor de Argentina y el mundo.<\/i><\/p>\n","protected":false},"excerpt":{"rendered":"<p>Nissan realiz\u00f3 en S\u00e3o Paulo, Brasil, el lanzamiento mundial de su nuevo SUV: el KAIT&#8230;.<\/p>\n","protected":false},"author":2,"featured_media":15137,"comment_status":"closed","ping_status":"closed","sticky":false,"template":"","format":"standard","meta":{"footnotes":""},"categories":[8,1],"tags":[7959,7958,7956,7957,7323,46,7669,1619,7955,7085,7954],"class_list":["post-15134","post","type-post","status-publish","format-standard","has-post-thumbnail","hentry","category-autos-y-suv","category-lanzamientos","tag-dimensiones-suv","tag-espacio-maletero","tag-fabricado-en-brasil","tag-inversion-brasil","tag-lanzamiento-automotor","tag-nissan-argentina","tag-nissan-kait","tag-nissan-resende","tag-seguridad-automotor","tag-suv-familiar","tag-suv-nuevo-2024"],"yoast_head":"<!-- This site is optimized with the Yoast SEO plugin v27.5 - https:\/\/yoast.com\/product\/yoast-seo-wordpress\/ -->\n<title>Llega el Nissan KAIT, un SUV con foco en espacio y seguridad -<\/title>\n<meta name=\"description\" content=\"Nissan realiz\u00f3 en S\u00e3o Paulo, Brasil, el lanzamiento mundial de su nuevo SUV: el KAIT. El evento cont\u00f3 con m\u00e1s de 400 invitados...\" \/>\n<meta name=\"robots\" content=\"index, follow, max-snippet:-1, max-image-preview:large, max-video-preview:-1\" \/>\n<link rel=\"canonical\" href=\"https:\/\/autofans.com.ar\/index.php\/2025\/12\/04\/llega-el-nissan-kait-un-suv-con-foco-en-espacio-y-seguridad\/\" \/>\n<meta property=\"og:locale\" content=\"es_ES\" \/>\n<meta property=\"og:type\" content=\"article\" \/>\n<meta property=\"og:title\" content=\"Llega el Nissan KAIT, un SUV con foco en espacio y seguridad -\" \/>\n<meta property=\"og:description\" content=\"Nissan realiz\u00f3 en S\u00e3o Paulo, Brasil, el lanzamiento mundial de su nuevo SUV: el KAIT. El evento cont\u00f3 con m\u00e1s de 400 invitados...\" \/>\n<meta property=\"og:url\" content=\"https:\/\/autofans.com.ar\/index.php\/2025\/12\/04\/llega-el-nissan-kait-un-suv-con-foco-en-espacio-y-seguridad\/\" \/>\n<meta property=\"article:published_time\" content=\"2025-12-04T21:39:13+00:00\" \/>\n<meta property=\"og:image\" content=\"https:\/\/autofans.com.ar\/wp-content\/uploads\/2025\/12\/kait-5.jpg\" \/>\n\t<meta property=\"og:image:width\" content=\"1000\" \/>\n\t<meta property=\"og:image:height\" content=\"667\" \/>\n\t<meta property=\"og:image:type\" content=\"image\/jpeg\" \/>\n<meta name=\"author\" content=\"Alejandro Gabriel Rosito\" \/>\n<meta name=\"twitter:card\" content=\"summary_large_image\" \/>\n<meta name=\"twitter:label1\" content=\"Escrito por\" \/>\n\t<meta name=\"twitter:data1\" content=\"Alejandro Gabriel Rosito\" \/>\n\t<meta name=\"twitter:label2\" content=\"Tiempo de lectura\" \/>\n\t<meta name=\"twitter:data2\" content=\"3 minutos\" \/>\n<script type=\"application\/ld+json\" class=\"yoast-schema-graph\">{\"@context\":\"https:\\\/\\\/schema.org\",\"@graph\":[{\"@type\":\"Article\",\"@id\":\"https:\\\/\\\/autofans.com.ar\\\/index.php\\\/2025\\\/12\\\/04\\\/llega-el-nissan-kait-un-suv-con-foco-en-espacio-y-seguridad\\\/#article\",\"isPartOf\":{\"@id\":\"https:\\\/\\\/autofans.com.ar\\\/index.php\\\/2025\\\/12\\\/04\\\/llega-el-nissan-kait-un-suv-con-foco-en-espacio-y-seguridad\\\/\"},\"author\":{\"name\":\"Alejandro Gabriel Rosito\",\"@id\":\"https:\\\/\\\/autofans.com.ar\\\/#\\\/schema\\\/person\\\/4a8dda0b6df83ac3d6723e921274c2aa\"},\"headline\":\"Llega el Nissan KAIT, un SUV con foco en espacio y seguridad\",\"datePublished\":\"2025-12-04T21:39:13+00:00\",\"mainEntityOfPage\":{\"@id\":\"https:\\\/\\\/autofans.com.ar\\\/index.php\\\/2025\\\/12\\\/04\\\/llega-el-nissan-kait-un-suv-con-foco-en-espacio-y-seguridad\\\/\"},\"wordCount\":363,\"image\":{\"@id\":\"https:\\\/\\\/autofans.com.ar\\\/index.php\\\/2025\\\/12\\\/04\\\/llega-el-nissan-kait-un-suv-con-foco-en-espacio-y-seguridad\\\/#primaryimage\"},\"thumbnailUrl\":\"https:\\\/\\\/autofans.com.ar\\\/wp-content\\\/uploads\\\/2025\\\/12\\\/kait-5.jpg\",\"keywords\":[\"dimensiones SUV\",\"espacio maletero\",\"fabricado en Brasil\",\"inversi\u00f3n Brasil\",\"lanzamiento automotor\",\"Nissan Argentina\",\"Nissan KAIT\",\"Nissan Resende\",\"seguridad automotor\",\"SUV familiar\",\"SUV nuevo 2024\"],\"articleSection\":[\"Autos y SUV\",\"LANZAMIENTOS\"],\"inLanguage\":\"es\"},{\"@type\":\"WebPage\",\"@id\":\"https:\\\/\\\/autofans.com.ar\\\/index.php\\\/2025\\\/12\\\/04\\\/llega-el-nissan-kait-un-suv-con-foco-en-espacio-y-seguridad\\\/\",\"url\":\"https:\\\/\\\/autofans.com.ar\\\/index.php\\\/2025\\\/12\\\/04\\\/llega-el-nissan-kait-un-suv-con-foco-en-espacio-y-seguridad\\\/\",\"name\":\"Llega el Nissan KAIT, un SUV con foco en espacio y seguridad -\",\"isPartOf\":{\"@id\":\"https:\\\/\\\/autofans.com.ar\\\/#website\"},\"primaryImageOfPage\":{\"@id\":\"https:\\\/\\\/autofans.com.ar\\\/index.php\\\/2025\\\/12\\\/04\\\/llega-el-nissan-kait-un-suv-con-foco-en-espacio-y-seguridad\\\/#primaryimage\"},\"image\":{\"@id\":\"https:\\\/\\\/autofans.com.ar\\\/index.php\\\/2025\\\/12\\\/04\\\/llega-el-nissan-kait-un-suv-con-foco-en-espacio-y-seguridad\\\/#primaryimage\"},\"thumbnailUrl\":\"https:\\\/\\\/autofans.com.ar\\\/wp-content\\\/uploads\\\/2025\\\/12\\\/kait-5.jpg\",\"datePublished\":\"2025-12-04T21:39:13+00:00\",\"author\":{\"@id\":\"https:\\\/\\\/autofans.com.ar\\\/#\\\/schema\\\/person\\\/4a8dda0b6df83ac3d6723e921274c2aa\"},\"description\":\"Nissan realiz\u00f3 en S\u00e3o Paulo, Brasil, el lanzamiento mundial de su nuevo SUV: el KAIT. El evento cont\u00f3 con m\u00e1s de 400 invitados...\",\"breadcrumb\":{\"@id\":\"https:\\\/\\\/autofans.com.ar\\\/index.php\\\/2025\\\/12\\\/04\\\/llega-el-nissan-kait-un-suv-con-foco-en-espacio-y-seguridad\\\/#breadcrumb\"},\"inLanguage\":\"es\",\"potentialAction\":[{\"@type\":\"ReadAction\",\"target\":[\"https:\\\/\\\/autofans.com.ar\\\/index.php\\\/2025\\\/12\\\/04\\\/llega-el-nissan-kait-un-suv-con-foco-en-espacio-y-seguridad\\\/\"]}]},{\"@type\":\"ImageObject\",\"inLanguage\":\"es\",\"@id\":\"https:\\\/\\\/autofans.com.ar\\\/index.php\\\/2025\\\/12\\\/04\\\/llega-el-nissan-kait-un-suv-con-foco-en-espacio-y-seguridad\\\/#primaryimage\",\"url\":\"https:\\\/\\\/autofans.com.ar\\\/wp-content\\\/uploads\\\/2025\\\/12\\\/kait-5.jpg\",\"contentUrl\":\"https:\\\/\\\/autofans.com.ar\\\/wp-content\\\/uploads\\\/2025\\\/12\\\/kait-5.jpg\",\"width\":1000,\"height\":667,\"caption\":\"Nissan KAIT\"},{\"@type\":\"BreadcrumbList\",\"@id\":\"https:\\\/\\\/autofans.com.ar\\\/index.php\\\/2025\\\/12\\\/04\\\/llega-el-nissan-kait-un-suv-con-foco-en-espacio-y-seguridad\\\/#breadcrumb\",\"itemListElement\":[{\"@type\":\"ListItem\",\"position\":1,\"name\":\"Inicio\",\"item\":\"https:\\\/\\\/autofans.com.ar\\\/\"},{\"@type\":\"ListItem\",\"position\":2,\"name\":\"Llega el Nissan KAIT, un SUV con foco en espacio y seguridad\"}]},{\"@type\":\"WebSite\",\"@id\":\"https:\\\/\\\/autofans.com.ar\\\/#website\",\"url\":\"https:\\\/\\\/autofans.com.ar\\\/\",\"name\":\"\",\"description\":\"El multimedio referente de la industria automotriz\",\"potentialAction\":[{\"@type\":\"SearchAction\",\"target\":{\"@type\":\"EntryPoint\",\"urlTemplate\":\"https:\\\/\\\/autofans.com.ar\\\/?s={search_term_string}\"},\"query-input\":{\"@type\":\"PropertyValueSpecification\",\"valueRequired\":true,\"valueName\":\"search_term_string\"}}],\"inLanguage\":\"es\"},{\"@type\":\"Person\",\"@id\":\"https:\\\/\\\/autofans.com.ar\\\/#\\\/schema\\\/person\\\/4a8dda0b6df83ac3d6723e921274c2aa\",\"name\":\"Alejandro Gabriel Rosito\",\"image\":{\"@type\":\"ImageObject\",\"inLanguage\":\"es\",\"@id\":\"https:\\\/\\\/secure.gravatar.com\\\/avatar\\\/16c5dda1489adfc62618084dcbb91cffd879c374b13fe5dd8e44ed6733852c88?s=96&d=mm&r=g\",\"url\":\"https:\\\/\\\/secure.gravatar.com\\\/avatar\\\/16c5dda1489adfc62618084dcbb91cffd879c374b13fe5dd8e44ed6733852c88?s=96&d=mm&r=g\",\"contentUrl\":\"https:\\\/\\\/secure.gravatar.com\\\/avatar\\\/16c5dda1489adfc62618084dcbb91cffd879c374b13fe5dd8e44ed6733852c88?s=96&d=mm&r=g\",\"caption\":\"Alejandro Gabriel Rosito\"},\"url\":\"https:\\\/\\\/autofans.com.ar\\\/index.php\\\/author\\\/gabrielr\\\/\"}]}<\/script>\n<!-- \/ Yoast SEO plugin. -->","yoast_head_json":{"title":"Llega el Nissan KAIT, un SUV con foco en espacio y seguridad -","description":"Nissan realiz\u00f3 en S\u00e3o Paulo, Brasil, el lanzamiento mundial de su nuevo SUV: el KAIT. El evento cont\u00f3 con m\u00e1s de 400 invitados...","robots":{"index":"index","follow":"follow","max-snippet":"max-snippet:-1","max-image-preview":"max-image-preview:large","max-video-preview":"max-video-preview:-1"},"canonical":"https:\/\/autofans.com.ar\/index.php\/2025\/12\/04\/llega-el-nissan-kait-un-suv-con-foco-en-espacio-y-seguridad\/","og_locale":"es_ES","og_type":"article","og_title":"Llega el Nissan KAIT, un SUV con foco en espacio y seguridad -","og_description":"Nissan realiz\u00f3 en S\u00e3o Paulo, Brasil, el lanzamiento mundial de su nuevo SUV: el KAIT. El evento cont\u00f3 con m\u00e1s de 400 invitados...","og_url":"https:\/\/autofans.com.ar\/index.php\/2025\/12\/04\/llega-el-nissan-kait-un-suv-con-foco-en-espacio-y-seguridad\/","article_published_time":"2025-12-04T21:39:13+00:00","og_image":[{"width":1000,"height":667,"url":"https:\/\/autofans.com.ar\/wp-content\/uploads\/2025\/12\/kait-5.jpg","type":"image\/jpeg"}],"author":"Alejandro Gabriel Rosito","twitter_card":"summary_large_image","twitter_misc":{"Escrito por":"Alejandro Gabriel Rosito","Tiempo de lectura":"3 minutos"},"schema":{"@context":"https:\/\/schema.org","@graph":[{"@type":"Article","@id":"https:\/\/autofans.com.ar\/index.php\/2025\/12\/04\/llega-el-nissan-kait-un-suv-con-foco-en-espacio-y-seguridad\/#article","isPartOf":{"@id":"https:\/\/autofans.com.ar\/index.php\/2025\/12\/04\/llega-el-nissan-kait-un-suv-con-foco-en-espacio-y-seguridad\/"},"author":{"name":"Alejandro Gabriel Rosito","@id":"https:\/\/autofans.com.ar\/#\/schema\/person\/4a8dda0b6df83ac3d6723e921274c2aa"},"headline":"Llega el Nissan KAIT, un SUV con foco en espacio y seguridad","datePublished":"2025-12-04T21:39:13+00:00","mainEntityOfPage":{"@id":"https:\/\/autofans.com.ar\/index.php\/2025\/12\/04\/llega-el-nissan-kait-un-suv-con-foco-en-espacio-y-seguridad\/"},"wordCount":363,"image":{"@id":"https:\/\/autofans.com.ar\/index.php\/2025\/12\/04\/llega-el-nissan-kait-un-suv-con-foco-en-espacio-y-seguridad\/#primaryimage"},"thumbnailUrl":"https:\/\/autofans.com.ar\/wp-content\/uploads\/2025\/12\/kait-5.jpg","keywords":["dimensiones SUV","espacio maletero","fabricado en Brasil","inversi\u00f3n Brasil","lanzamiento automotor","Nissan Argentina","Nissan KAIT","Nissan Resende","seguridad automotor","SUV familiar","SUV nuevo 2024"],"articleSection":["Autos y SUV","LANZAMIENTOS"],"inLanguage":"es"},{"@type":"WebPage","@id":"https:\/\/autofans.com.ar\/index.php\/2025\/12\/04\/llega-el-nissan-kait-un-suv-con-foco-en-espacio-y-seguridad\/","url":"https:\/\/autofans.com.ar\/index.php\/2025\/12\/04\/llega-el-nissan-kait-un-suv-con-foco-en-espacio-y-seguridad\/","name":"Llega el Nissan KAIT, un SUV con foco en espacio y seguridad -","isPartOf":{"@id":"https:\/\/autofans.com.ar\/#website"},"primaryImageOfPage":{"@id":"https:\/\/autofans.com.ar\/index.php\/2025\/12\/04\/llega-el-nissan-kait-un-suv-con-foco-en-espacio-y-seguridad\/#primaryimage"},"image":{"@id":"https:\/\/autofans.com.ar\/index.php\/2025\/12\/04\/llega-el-nissan-kait-un-suv-con-foco-en-espacio-y-seguridad\/#primaryimage"},"thumbnailUrl":"https:\/\/autofans.com.ar\/wp-content\/uploads\/2025\/12\/kait-5.jpg","datePublished":"2025-12-04T21:39:13+00:00","author":{"@id":"https:\/\/autofans.com.ar\/#\/schema\/person\/4a8dda0b6df83ac3d6723e921274c2aa"},"description":"Nissan realiz\u00f3 en S\u00e3o Paulo, Brasil, el lanzamiento mundial de su nuevo SUV: el KAIT. El evento cont\u00f3 con m\u00e1s de 400 invitados...","breadcrumb":{"@id":"https:\/\/autofans.com.ar\/index.php\/2025\/12\/04\/llega-el-nissan-kait-un-suv-con-foco-en-espacio-y-seguridad\/#breadcrumb"},"inLanguage":"es","potentialAction":[{"@type":"ReadAction","target":["https:\/\/autofans.com.ar\/index.php\/2025\/12\/04\/llega-el-nissan-kait-un-suv-con-foco-en-espacio-y-seguridad\/"]}]},{"@type":"ImageObject","inLanguage":"es","@id":"https:\/\/autofans.com.ar\/index.php\/2025\/12\/04\/llega-el-nissan-kait-un-suv-con-foco-en-espacio-y-seguridad\/#primaryimage","url":"https:\/\/autofans.com.ar\/wp-content\/uploads\/2025\/12\/kait-5.jpg","contentUrl":"https:\/\/autofans.com.ar\/wp-content\/uploads\/2025\/12\/kait-5.jpg","width":1000,"height":667,"caption":"Nissan KAIT"},{"@type":"BreadcrumbList","@id":"https:\/\/autofans.com.ar\/index.php\/2025\/12\/04\/llega-el-nissan-kait-un-suv-con-foco-en-espacio-y-seguridad\/#breadcrumb","itemListElement":[{"@type":"ListItem","position":1,"name":"Inicio","item":"https:\/\/autofans.com.ar\/"},{"@type":"ListItem","position":2,"name":"Llega el Nissan KAIT, un SUV con foco en espacio y seguridad"}]},{"@type":"WebSite","@id":"https:\/\/autofans.com.ar\/#website","url":"https:\/\/autofans.com.ar\/","name":"","description":"El multimedio referente de la industria automotriz","potentialAction":[{"@type":"SearchAction","target":{"@type":"EntryPoint","urlTemplate":"https:\/\/autofans.com.ar\/?s={search_term_string}"},"query-input":{"@type":"PropertyValueSpecification","valueRequired":true,"valueName":"search_term_string"}}],"inLanguage":"es"},{"@type":"Person","@id":"https:\/\/autofans.com.ar\/#\/schema\/person\/4a8dda0b6df83ac3d6723e921274c2aa","name":"Alejandro Gabriel Rosito","image":{"@type":"ImageObject","inLanguage":"es","@id":"https:\/\/secure.gravatar.com\/avatar\/16c5dda1489adfc62618084dcbb91cffd879c374b13fe5dd8e44ed6733852c88?s=96&d=mm&r=g","url":"https:\/\/secure.gravatar.com\/avatar\/16c5dda1489adfc62618084dcbb91cffd879c374b13fe5dd8e44ed6733852c88?s=96&d=mm&r=g","contentUrl":"https:\/\/secure.gravatar.com\/avatar\/16c5dda1489adfc62618084dcbb91cffd879c374b13fe5dd8e44ed6733852c88?s=96&d=mm&r=g","caption":"Alejandro Gabriel Rosito"},"url":"https:\/\/autofans.com.ar\/index.php\/author\/gabrielr\/"}]}},"featured_image_urls":{"full":["https:\/\/autofans.com.ar\/wp-content\/uploads\/2025\/12\/kait-5.jpg",1000,667,false],"thumbnail":["https:\/\/autofans.com.ar\/wp-content\/uploads\/2025\/12\/kait-5-150x150.jpg",150,150,true],"medium":["https:\/\/autofans.com.ar\/wp-content\/uploads\/2025\/12\/kait-5-300x200.jpg",300,200,true],"medium_large":["https:\/\/autofans.com.ar\/wp-content\/uploads\/2025\/12\/kait-5-768x512.jpg",640,427,true],"large":["https:\/\/autofans.com.ar\/wp-content\/uploads\/2025\/12\/kait-5.jpg",640,427,false],"1536x1536":["https:\/\/autofans.com.ar\/wp-content\/uploads\/2025\/12\/kait-5.jpg",1000,667,false],"2048x2048":["https:\/\/autofans.com.ar\/wp-content\/uploads\/2025\/12\/kait-5.jpg",1000,667,false],"covernews-featured":["https:\/\/autofans.com.ar\/wp-content\/uploads\/2025\/12\/kait-5.jpg",1000,667,false],"covernews-medium":["https:\/\/autofans.com.ar\/wp-content\/uploads\/2025\/12\/kait-5-540x340.jpg",540,340,true]},"author_info":{"display_name":"Alejandro Gabriel Rosito","author_link":"https:\/\/autofans.com.ar\/index.php\/author\/gabrielr\/"},"category_info":"<a href=\"https:\/\/autofans.com.ar\/index.php\/category\/lanzamientos\/autos-y-suv\/\" rel=\"category tag\">Autos y SUV<\/a> <a href=\"https:\/\/autofans.com.ar\/index.php\/category\/lanzamientos\/\" rel=\"category tag\">LANZAMIENTOS<\/a>","tag_info":"LANZAMIENTOS","comment_count":0,"_links":{"self":[{"href":"https:\/\/autofans.com.ar\/index.php\/wp-json\/wp\/v2\/posts\/15134","targetHints":{"allow":["GET"]}}],"collection":[{"href":"https:\/\/autofans.com.ar\/index.php\/wp-json\/wp\/v2\/posts"}],"about":[{"href":"https:\/\/autofans.com.ar\/index.php\/wp-json\/wp\/v2\/types\/post"}],"author":[{"embeddable":true,"href":"https:\/\/autofans.com.ar\/index.php\/wp-json\/wp\/v2\/users\/2"}],"replies":[{"embeddable":true,"href":"https:\/\/autofans.com.ar\/index.php\/wp-json\/wp\/v2\/comments?post=15134"}],"version-history":[{"count":1,"href":"https:\/\/autofans.com.ar\/index.php\/wp-json\/wp\/v2\/posts\/15134\/revisions"}],"predecessor-version":[{"id":15142,"href":"https:\/\/autofans.com.ar\/index.php\/wp-json\/wp\/v2\/posts\/15134\/revisions\/15142"}],"wp:featuredmedia":[{"embeddable":true,"href":"https:\/\/autofans.com.ar\/index.php\/wp-json\/wp\/v2\/media\/15137"}],"wp:attachment":[{"href":"https:\/\/autofans.com.ar\/index.php\/wp-json\/wp\/v2\/media?parent=15134"}],"wp:term":[{"taxonomy":"category","embeddable":true,"href":"https:\/\/autofans.com.ar\/index.php\/wp-json\/wp\/v2\/categories?post=15134"},{"taxonomy":"post_tag","embeddable":true,"href":"https:\/\/autofans.com.ar\/index.php\/wp-json\/wp\/v2\/tags?post=15134"}],"curies":[{"name":"wp","href":"https:\/\/api.w.org\/{rel}","templated":true}]}}