{"id":15143,"date":"2025-12-05T19:13:33","date_gmt":"2025-12-05T22:13:33","guid":{"rendered":"https:\/\/autofans.com.ar\/?p=15143"},"modified":"2025-12-05T19:13:33","modified_gmt":"2025-12-05T22:13:33","slug":"scania-suma-12-conductoras-profesionales-al-sector","status":"publish","type":"post","link":"https:\/\/autofans.com.ar\/index.php\/2025\/12\/05\/scania-suma-12-conductoras-profesionales-al-sector\/","title":{"rendered":"Scania suma 12 conductoras profesionales al sector"},"content":{"rendered":"<p class=\"ds-markdown-paragraph\">Scania Argentina celebr\u00f3 la graduaci\u00f3n de la s\u00e9ptima cohorte de su programa \u201cConductoras\u201d. Doce mujeres de siete provincias finalizaron la capacitaci\u00f3n que las habilita para insertarse en el transporte de carga, una industria con marcada desigualdad de g\u00e9nero.<\/p>\n<p class=\"ds-markdown-paragraph\">El acto se realiz\u00f3 en la torre de YPF en Buenos Aires, empresa que junto a Cervecer\u00eda Quilmes y Yusen Logistics, respalda la iniciativa de manera sostenida. El programa, lanzado de forma pionera por Scania, ofrece una beca integral que cubre formaci\u00f3n, alojamiento y vi\u00e1ticos, eliminando barreras econ\u00f3micas para el acceso.<\/p>\n<p>&nbsp;<\/p>\n<blockquote>\n<p style=\"text-align: center;\">Florencia Tiscornia, Vicepresidente de Personas y Cultura de YPF, destac\u00f3 el compromiso con la iniciativa. \u201cColaborar para formar mujeres en una industria donde solo el 1% de las licencias profesionales son femeninas es una gran oportunidad. Apuntamos a entornos m\u00e1s diversos y a sumar talento para los desaf\u00edos del sector\u201d, afirm\u00f3.<\/p>\n<\/blockquote>\n<p>&nbsp;<\/p>\n<h2 class=\"ds-markdown-paragraph\">Formaci\u00f3n completa para un oficio demandado<\/h2>\n<p>&nbsp;<\/p>\n<div id='gallery-1' class='gallery galleryid-15143 gallery-columns-3 gallery-size-full'><figure class='gallery-item'>\n\t\t\t<div class='gallery-icon landscape'>\n\t\t\t\t<a href='https:\/\/autofans.com.ar\/index.php\/2025\/12\/05\/scania-suma-12-conductoras-profesionales-al-sector\/scania-1-29\/'><img loading=\"lazy\" width=\"1000\" height=\"667\" src=\"https:\/\/autofans.com.ar\/wp-content\/uploads\/2025\/12\/scania-1.jpg\" class=\"attachment-full size-full\" alt=\"Scania\" srcset=\"https:\/\/autofans.com.ar\/wp-content\/uploads\/2025\/12\/scania-1.jpg 1000w, https:\/\/autofans.com.ar\/wp-content\/uploads\/2025\/12\/scania-1-300x200.jpg 300w, https:\/\/autofans.com.ar\/wp-content\/uploads\/2025\/12\/scania-1-768x512.jpg 768w\" sizes=\"auto, (max-width: 1000px) 100vw, 1000px\" loading=\"lazy\" decoding=\"async\" \/><\/a>\n\t\t\t<\/div><\/figure><figure class='gallery-item'>\n\t\t\t<div class='gallery-icon landscape'>\n\t\t\t\t<a href='https:\/\/autofans.com.ar\/index.php\/2025\/12\/05\/scania-suma-12-conductoras-profesionales-al-sector\/scania-2-30\/'><img loading=\"lazy\" width=\"1000\" height=\"667\" src=\"https:\/\/autofans.com.ar\/wp-content\/uploads\/2025\/12\/scania-2.jpg\" class=\"attachment-full size-full\" alt=\"Scania\" srcset=\"https:\/\/autofans.com.ar\/wp-content\/uploads\/2025\/12\/scania-2.jpg 1000w, https:\/\/autofans.com.ar\/wp-content\/uploads\/2025\/12\/scania-2-300x200.jpg 300w, https:\/\/autofans.com.ar\/wp-content\/uploads\/2025\/12\/scania-2-768x512.jpg 768w\" sizes=\"auto, (max-width: 1000px) 100vw, 1000px\" loading=\"lazy\" decoding=\"async\" \/><\/a>\n\t\t\t<\/div><\/figure><figure class='gallery-item'>\n\t\t\t<div class='gallery-icon landscape'>\n\t\t\t\t<a href='https:\/\/autofans.com.ar\/index.php\/2025\/12\/05\/scania-suma-12-conductoras-profesionales-al-sector\/scania-3-30\/'><img loading=\"lazy\" width=\"1000\" height=\"667\" src=\"https:\/\/autofans.com.ar\/wp-content\/uploads\/2025\/12\/scania-3.jpg\" class=\"attachment-full size-full\" alt=\"Scania\" srcset=\"https:\/\/autofans.com.ar\/wp-content\/uploads\/2025\/12\/scania-3.jpg 1000w, https:\/\/autofans.com.ar\/wp-content\/uploads\/2025\/12\/scania-3-300x200.jpg 300w, https:\/\/autofans.com.ar\/wp-content\/uploads\/2025\/12\/scania-3-768x512.jpg 768w\" sizes=\"auto, (max-width: 1000px) 100vw, 1000px\" loading=\"lazy\" decoding=\"async\" \/><\/a>\n\t\t\t<\/div><\/figure>\n\t\t<\/div>\n\n<p>&nbsp;<\/p>\n<p class=\"ds-markdown-paragraph\">La capacitaci\u00f3n combina teor\u00eda, m\u00f3dulos virtuales y una pr\u00e1ctica intensiva en Buenos Aires. Esta etapa incluye manejo en simuladores, conducci\u00f3n en pista y entrenamiento t\u00e9cnico especializado en el Centro de Capacitaci\u00f3n de Scania y la Fundaci\u00f3n Profesional para el Transporte (FPT).<\/p>\n<p>&nbsp;<\/p>\n<blockquote>\n<p class=\"ds-markdown-paragraph\" style=\"text-align: center;\">Sergio Ruppel, presidente de la FPT, remarc\u00f3 el est\u00e1ndar alto que marca el programa para toda la industria. \u201cEsta alianza permite poner nuestra experiencia al servicio de una iniciativa que eleva la profesionalizaci\u00f3n, seguridad y calidad del transporte en Argentina\u201d, se\u00f1al\u00f3.<\/p>\n<\/blockquote>\n<p>&nbsp;<\/p>\n<h2 class=\"ds-markdown-paragraph\">Impacto federal y reconocimiento a empresas inclusivas<\/h2>\n<p>&nbsp;<\/p>\n<p><img fetchpriority=\"high\" decoding=\"async\" class=\"aligncenter wp-image-15146 size-full\" src=\"https:\/\/autofans.com.ar\/wp-content\/uploads\/2025\/12\/scania-5.jpg\" alt=\"Scania\" width=\"1000\" height=\"667\" srcset=\"https:\/\/autofans.com.ar\/wp-content\/uploads\/2025\/12\/scania-5.jpg 1000w, https:\/\/autofans.com.ar\/wp-content\/uploads\/2025\/12\/scania-5-300x200.jpg 300w, https:\/\/autofans.com.ar\/wp-content\/uploads\/2025\/12\/scania-5-768x512.jpg 768w\" sizes=\"(max-width: 1000px) 100vw, 1000px\" \/><\/p>\n<p>&nbsp;<\/p>\n<p class=\"ds-markdown-paragraph\">Las nuevas conductoras provienen de Neuqu\u00e9n, C\u00f3rdoba, Entre R\u00edos, Buenos Aires, Jujuy, Chubut y CABA. Durante la ceremonia, se reconoci\u00f3 a las firmas que ya incorporan egresadas en sus equipos: Transporte Lastau, Laurenzano Log\u00edstica, Grupo LAC y Transporte Copparoni.<\/p>\n<p>&nbsp;<\/p>\n<blockquote>\n<p style=\"text-align: center;\">\u201cNos llena de orgullo ver c\u00f3mo este programa se consolida a\u00f1o tras a\u00f1o, generando impacto real en la vida de las participantes y en el sector. Apostamos a un transporte m\u00e1s sustentable y tambi\u00e9n m\u00e1s inclusivo, donde todas las personas tengan las mismas oportunidades de desarrollarse profesionalmente\u201d, afirm\u00f3 Sebasti\u00e1n Figueroa, CEO de Scania Argentina.<\/p>\n<\/blockquote>\n<p>&nbsp;<\/p>\n<p>&nbsp;<\/p>\n<h2 class=\"ds-markdown-paragraph\">Un programa que marca la diferencia y recibe distinciones<\/h2>\n<p>&nbsp;<\/p>\n<div id='gallery-2' class='gallery galleryid-15143 gallery-columns-2 gallery-size-full'><figure class='gallery-item'>\n\t\t\t<div class='gallery-icon landscape'>\n\t\t\t\t<a href='https:\/\/autofans.com.ar\/index.php\/2025\/12\/05\/scania-suma-12-conductoras-profesionales-al-sector\/scania-4-22\/'><img loading=\"lazy\" width=\"1000\" height=\"667\" src=\"https:\/\/autofans.com.ar\/wp-content\/uploads\/2025\/12\/scania-4.jpg\" class=\"attachment-full size-full\" alt=\"Scania\" srcset=\"https:\/\/autofans.com.ar\/wp-content\/uploads\/2025\/12\/scania-4.jpg 1000w, https:\/\/autofans.com.ar\/wp-content\/uploads\/2025\/12\/scania-4-300x200.jpg 300w, https:\/\/autofans.com.ar\/wp-content\/uploads\/2025\/12\/scania-4-768x512.jpg 768w\" sizes=\"auto, (max-width: 1000px) 100vw, 1000px\" loading=\"lazy\" decoding=\"async\" \/><\/a>\n\t\t\t<\/div><\/figure><figure class='gallery-item'>\n\t\t\t<div class='gallery-icon landscape'>\n\t\t\t\t<a href='https:\/\/autofans.com.ar\/index.php\/2025\/12\/05\/scania-suma-12-conductoras-profesionales-al-sector\/scania-6-7\/'><img loading=\"lazy\" width=\"1000\" height=\"667\" src=\"https:\/\/autofans.com.ar\/wp-content\/uploads\/2025\/12\/scania-6.jpg\" class=\"attachment-full size-full\" alt=\"Scania\" srcset=\"https:\/\/autofans.com.ar\/wp-content\/uploads\/2025\/12\/scania-6.jpg 1000w, https:\/\/autofans.com.ar\/wp-content\/uploads\/2025\/12\/scania-6-300x200.jpg 300w, https:\/\/autofans.com.ar\/wp-content\/uploads\/2025\/12\/scania-6-768x512.jpg 768w\" sizes=\"auto, (max-width: 1000px) 100vw, 1000px\" loading=\"lazy\" decoding=\"async\" \/><\/a>\n\t\t\t<\/div><\/figure>\n\t\t<\/div>\n\n<p>&nbsp;<\/p>\n<p class=\"ds-markdown-paragraph\">\u201cConductoras\u201d aborda una brecha de g\u00e9nero concreta: seg\u00fan la Agencia Nacional de Seguridad Vial, solo el 1.2% de las licencias profesionales de transporte en Argentina son de mujeres.<\/p>\n<p class=\"ds-markdown-paragraph\">El impacto del programa trasciende las fronteras. En 2025, obtuvo la distinci\u00f3n nacional \u201cMujeres en ruta 2025\u201d del Observatorio Latinoamericano de G\u00e9nero y Movilidad y un reconocimiento regional, compitiendo con iniciativas de Per\u00fa, Bolivia, M\u00e9xico, Chile y Colombia.<\/p>\n<p>&nbsp;<\/p>\n<p>&nbsp;<\/p>\n<p>&nbsp;<\/p>\n<p><i>Para enterarte de m\u00e1s novedades, no dejes de leer\u00a0<\/i><a href=\"https:\/\/autofans.thebrandsoup.com\/\"><i>nuestras notas<\/i><\/a><i>, de ver\u00a0<\/i><a href=\"https:\/\/www.youtube.com\/channel\/UCgAC8UGHZYbT6P7PpmVnP7g\"><i>AUTOFANS TV<\/i><\/a><i>\u00a0en nuestro\u00a0canal de Youtube. Adem\u00e1s seguinos en\u00a0<\/i><a href=\"https:\/\/www.instagram.com\/autofanstv\/\"><i>INSTAGRAM<\/i><\/a><i> y <\/i><a href=\"https:\/\/www.facebook.com\/autofansmas\/\"><i>FACEBOOK<\/i><\/a><i> para no perderte nada sobre las novedades del segmento automotor de Argentina y el mundo.<\/i><\/p>\n","protected":false},"excerpt":{"rendered":"<p>Scania Argentina celebr\u00f3 la graduaci\u00f3n de la s\u00e9ptima cohorte de su programa \u201cConductoras\u201d. Doce mujeres&#8230;<\/p>\n","protected":false},"author":2,"featured_media":15144,"comment_status":"closed","ping_status":"closed","sticky":false,"template":"","format":"standard","meta":{"footnotes":""},"categories":[461,1],"tags":[7133,4426,7965,7962,1571,7961,7963,7131,7960,166,7964,797,141],"class_list":["post-15143","post","type-post","status-publish","format-standard","has-post-thumbnail","hentry","category-empresas-lanzamientos","category-lanzamientos","tag-capacitacion-profesional","tag-fadeeac","tag-florencia-tiscornia","tag-fundacion-profesional-para-el-transporte","tag-igualdad-de-genero","tag-insercion-laboral-femenina","tag-logistica-argentina","tag-mujeres-en-el-transporte","tag-programa-conductoras","tag-scania-argentina","tag-sergio-ruppel","tag-transporte-de-carga","tag-ypf"],"yoast_head":"<!-- This site is optimized with the Yoast SEO plugin v27.5 - https:\/\/yoast.com\/product\/yoast-seo-wordpress\/ -->\n<title>Scania suma 12 conductoras profesionales al sector -<\/title>\n<meta name=\"description\" content=\"Scania Argentina celebr\u00f3 la graduaci\u00f3n de la s\u00e9ptima cohorte de su programa \u201cConductoras\u201d. Doce mujeres de siete provincias finalizaron...\" \/>\n<meta name=\"robots\" content=\"index, follow, max-snippet:-1, max-image-preview:large, max-video-preview:-1\" \/>\n<link rel=\"canonical\" href=\"https:\/\/autofans.com.ar\/index.php\/2025\/12\/05\/scania-suma-12-conductoras-profesionales-al-sector\/\" \/>\n<meta property=\"og:locale\" content=\"es_ES\" \/>\n<meta property=\"og:type\" content=\"article\" \/>\n<meta property=\"og:title\" content=\"Scania suma 12 conductoras profesionales al sector -\" \/>\n<meta property=\"og:description\" content=\"Scania Argentina celebr\u00f3 la graduaci\u00f3n de la s\u00e9ptima cohorte de su programa \u201cConductoras\u201d. Doce mujeres de siete provincias finalizaron...\" \/>\n<meta property=\"og:url\" content=\"https:\/\/autofans.com.ar\/index.php\/2025\/12\/05\/scania-suma-12-conductoras-profesionales-al-sector\/\" \/>\n<meta property=\"article:published_time\" content=\"2025-12-05T22:13:33+00:00\" \/>\n<meta property=\"og:image\" content=\"https:\/\/autofans.com.ar\/wp-content\/uploads\/2025\/12\/scania-7.jpg\" \/>\n\t<meta property=\"og:image:width\" content=\"1000\" \/>\n\t<meta property=\"og:image:height\" content=\"667\" \/>\n\t<meta property=\"og:image:type\" content=\"image\/jpeg\" \/>\n<meta name=\"author\" content=\"Alejandro Gabriel Rosito\" \/>\n<meta name=\"twitter:card\" content=\"summary_large_image\" \/>\n<meta name=\"twitter:label1\" content=\"Escrito por\" \/>\n\t<meta name=\"twitter:data1\" content=\"Alejandro Gabriel Rosito\" \/>\n\t<meta name=\"twitter:label2\" content=\"Tiempo de lectura\" \/>\n\t<meta name=\"twitter:data2\" content=\"2 minutos\" \/>\n<script type=\"application\/ld+json\" class=\"yoast-schema-graph\">{\"@context\":\"https:\\\/\\\/schema.org\",\"@graph\":[{\"@type\":\"Article\",\"@id\":\"https:\\\/\\\/autofans.com.ar\\\/index.php\\\/2025\\\/12\\\/05\\\/scania-suma-12-conductoras-profesionales-al-sector\\\/#article\",\"isPartOf\":{\"@id\":\"https:\\\/\\\/autofans.com.ar\\\/index.php\\\/2025\\\/12\\\/05\\\/scania-suma-12-conductoras-profesionales-al-sector\\\/\"},\"author\":{\"name\":\"Alejandro Gabriel Rosito\",\"@id\":\"https:\\\/\\\/autofans.com.ar\\\/#\\\/schema\\\/person\\\/4a8dda0b6df83ac3d6723e921274c2aa\"},\"headline\":\"Scania suma 12 conductoras profesionales al sector\",\"datePublished\":\"2025-12-05T22:13:33+00:00\",\"mainEntityOfPage\":{\"@id\":\"https:\\\/\\\/autofans.com.ar\\\/index.php\\\/2025\\\/12\\\/05\\\/scania-suma-12-conductoras-profesionales-al-sector\\\/\"},\"wordCount\":511,\"image\":{\"@id\":\"https:\\\/\\\/autofans.com.ar\\\/index.php\\\/2025\\\/12\\\/05\\\/scania-suma-12-conductoras-profesionales-al-sector\\\/#primaryimage\"},\"thumbnailUrl\":\"https:\\\/\\\/autofans.com.ar\\\/wp-content\\\/uploads\\\/2025\\\/12\\\/scania-7.jpg\",\"keywords\":[\"capacitaci\u00f3n profesional\",\"FADEEAC\",\"Florencia Tiscornia.\",\"Fundaci\u00f3n Profesional para el Transporte\",\"igualdad de g\u00e9nero\",\"inserci\u00f3n laboral femenina\",\"log\u00edstica argentina\",\"mujeres en el transporte\",\"programa Conductoras\",\"Scania Argentina\",\"Sergio Ruppel\",\"transporte de carga\",\"ypf\"],\"articleSection\":[\"Empresas\",\"LANZAMIENTOS\"],\"inLanguage\":\"es\"},{\"@type\":\"WebPage\",\"@id\":\"https:\\\/\\\/autofans.com.ar\\\/index.php\\\/2025\\\/12\\\/05\\\/scania-suma-12-conductoras-profesionales-al-sector\\\/\",\"url\":\"https:\\\/\\\/autofans.com.ar\\\/index.php\\\/2025\\\/12\\\/05\\\/scania-suma-12-conductoras-profesionales-al-sector\\\/\",\"name\":\"Scania suma 12 conductoras profesionales al sector -\",\"isPartOf\":{\"@id\":\"https:\\\/\\\/autofans.com.ar\\\/#website\"},\"primaryImageOfPage\":{\"@id\":\"https:\\\/\\\/autofans.com.ar\\\/index.php\\\/2025\\\/12\\\/05\\\/scania-suma-12-conductoras-profesionales-al-sector\\\/#primaryimage\"},\"image\":{\"@id\":\"https:\\\/\\\/autofans.com.ar\\\/index.php\\\/2025\\\/12\\\/05\\\/scania-suma-12-conductoras-profesionales-al-sector\\\/#primaryimage\"},\"thumbnailUrl\":\"https:\\\/\\\/autofans.com.ar\\\/wp-content\\\/uploads\\\/2025\\\/12\\\/scania-7.jpg\",\"datePublished\":\"2025-12-05T22:13:33+00:00\",\"author\":{\"@id\":\"https:\\\/\\\/autofans.com.ar\\\/#\\\/schema\\\/person\\\/4a8dda0b6df83ac3d6723e921274c2aa\"},\"description\":\"Scania Argentina celebr\u00f3 la graduaci\u00f3n de la s\u00e9ptima cohorte de su programa \u201cConductoras\u201d. Doce mujeres de siete provincias finalizaron...\",\"breadcrumb\":{\"@id\":\"https:\\\/\\\/autofans.com.ar\\\/index.php\\\/2025\\\/12\\\/05\\\/scania-suma-12-conductoras-profesionales-al-sector\\\/#breadcrumb\"},\"inLanguage\":\"es\",\"potentialAction\":[{\"@type\":\"ReadAction\",\"target\":[\"https:\\\/\\\/autofans.com.ar\\\/index.php\\\/2025\\\/12\\\/05\\\/scania-suma-12-conductoras-profesionales-al-sector\\\/\"]}]},{\"@type\":\"ImageObject\",\"inLanguage\":\"es\",\"@id\":\"https:\\\/\\\/autofans.com.ar\\\/index.php\\\/2025\\\/12\\\/05\\\/scania-suma-12-conductoras-profesionales-al-sector\\\/#primaryimage\",\"url\":\"https:\\\/\\\/autofans.com.ar\\\/wp-content\\\/uploads\\\/2025\\\/12\\\/scania-7.jpg\",\"contentUrl\":\"https:\\\/\\\/autofans.com.ar\\\/wp-content\\\/uploads\\\/2025\\\/12\\\/scania-7.jpg\",\"width\":1000,\"height\":667,\"caption\":\"Scania\"},{\"@type\":\"BreadcrumbList\",\"@id\":\"https:\\\/\\\/autofans.com.ar\\\/index.php\\\/2025\\\/12\\\/05\\\/scania-suma-12-conductoras-profesionales-al-sector\\\/#breadcrumb\",\"itemListElement\":[{\"@type\":\"ListItem\",\"position\":1,\"name\":\"Inicio\",\"item\":\"https:\\\/\\\/autofans.com.ar\\\/\"},{\"@type\":\"ListItem\",\"position\":2,\"name\":\"Scania suma 12 conductoras profesionales al sector\"}]},{\"@type\":\"WebSite\",\"@id\":\"https:\\\/\\\/autofans.com.ar\\\/#website\",\"url\":\"https:\\\/\\\/autofans.com.ar\\\/\",\"name\":\"\",\"description\":\"El multimedio referente de la industria automotriz\",\"potentialAction\":[{\"@type\":\"SearchAction\",\"target\":{\"@type\":\"EntryPoint\",\"urlTemplate\":\"https:\\\/\\\/autofans.com.ar\\\/?s={search_term_string}\"},\"query-input\":{\"@type\":\"PropertyValueSpecification\",\"valueRequired\":true,\"valueName\":\"search_term_string\"}}],\"inLanguage\":\"es\"},{\"@type\":\"Person\",\"@id\":\"https:\\\/\\\/autofans.com.ar\\\/#\\\/schema\\\/person\\\/4a8dda0b6df83ac3d6723e921274c2aa\",\"name\":\"Alejandro Gabriel Rosito\",\"image\":{\"@type\":\"ImageObject\",\"inLanguage\":\"es\",\"@id\":\"https:\\\/\\\/secure.gravatar.com\\\/avatar\\\/16c5dda1489adfc62618084dcbb91cffd879c374b13fe5dd8e44ed6733852c88?s=96&d=mm&r=g\",\"url\":\"https:\\\/\\\/secure.gravatar.com\\\/avatar\\\/16c5dda1489adfc62618084dcbb91cffd879c374b13fe5dd8e44ed6733852c88?s=96&d=mm&r=g\",\"contentUrl\":\"https:\\\/\\\/secure.gravatar.com\\\/avatar\\\/16c5dda1489adfc62618084dcbb91cffd879c374b13fe5dd8e44ed6733852c88?s=96&d=mm&r=g\",\"caption\":\"Alejandro Gabriel Rosito\"},\"url\":\"https:\\\/\\\/autofans.com.ar\\\/index.php\\\/author\\\/gabrielr\\\/\"}]}<\/script>\n<!-- \/ Yoast SEO plugin. -->","yoast_head_json":{"title":"Scania suma 12 conductoras profesionales al sector -","description":"Scania Argentina celebr\u00f3 la graduaci\u00f3n de la s\u00e9ptima cohorte de su programa \u201cConductoras\u201d. Doce mujeres de siete provincias finalizaron...","robots":{"index":"index","follow":"follow","max-snippet":"max-snippet:-1","max-image-preview":"max-image-preview:large","max-video-preview":"max-video-preview:-1"},"canonical":"https:\/\/autofans.com.ar\/index.php\/2025\/12\/05\/scania-suma-12-conductoras-profesionales-al-sector\/","og_locale":"es_ES","og_type":"article","og_title":"Scania suma 12 conductoras profesionales al sector -","og_description":"Scania Argentina celebr\u00f3 la graduaci\u00f3n de la s\u00e9ptima cohorte de su programa \u201cConductoras\u201d. Doce mujeres de siete provincias finalizaron...","og_url":"https:\/\/autofans.com.ar\/index.php\/2025\/12\/05\/scania-suma-12-conductoras-profesionales-al-sector\/","article_published_time":"2025-12-05T22:13:33+00:00","og_image":[{"width":1000,"height":667,"url":"https:\/\/autofans.com.ar\/wp-content\/uploads\/2025\/12\/scania-7.jpg","type":"image\/jpeg"}],"author":"Alejandro Gabriel Rosito","twitter_card":"summary_large_image","twitter_misc":{"Escrito por":"Alejandro Gabriel Rosito","Tiempo de lectura":"2 minutos"},"schema":{"@context":"https:\/\/schema.org","@graph":[{"@type":"Article","@id":"https:\/\/autofans.com.ar\/index.php\/2025\/12\/05\/scania-suma-12-conductoras-profesionales-al-sector\/#article","isPartOf":{"@id":"https:\/\/autofans.com.ar\/index.php\/2025\/12\/05\/scania-suma-12-conductoras-profesionales-al-sector\/"},"author":{"name":"Alejandro Gabriel Rosito","@id":"https:\/\/autofans.com.ar\/#\/schema\/person\/4a8dda0b6df83ac3d6723e921274c2aa"},"headline":"Scania suma 12 conductoras profesionales al sector","datePublished":"2025-12-05T22:13:33+00:00","mainEntityOfPage":{"@id":"https:\/\/autofans.com.ar\/index.php\/2025\/12\/05\/scania-suma-12-conductoras-profesionales-al-sector\/"},"wordCount":511,"image":{"@id":"https:\/\/autofans.com.ar\/index.php\/2025\/12\/05\/scania-suma-12-conductoras-profesionales-al-sector\/#primaryimage"},"thumbnailUrl":"https:\/\/autofans.com.ar\/wp-content\/uploads\/2025\/12\/scania-7.jpg","keywords":["capacitaci\u00f3n profesional","FADEEAC","Florencia Tiscornia.","Fundaci\u00f3n Profesional para el Transporte","igualdad de g\u00e9nero","inserci\u00f3n laboral femenina","log\u00edstica argentina","mujeres en el transporte","programa Conductoras","Scania Argentina","Sergio Ruppel","transporte de carga","ypf"],"articleSection":["Empresas","LANZAMIENTOS"],"inLanguage":"es"},{"@type":"WebPage","@id":"https:\/\/autofans.com.ar\/index.php\/2025\/12\/05\/scania-suma-12-conductoras-profesionales-al-sector\/","url":"https:\/\/autofans.com.ar\/index.php\/2025\/12\/05\/scania-suma-12-conductoras-profesionales-al-sector\/","name":"Scania suma 12 conductoras profesionales al sector -","isPartOf":{"@id":"https:\/\/autofans.com.ar\/#website"},"primaryImageOfPage":{"@id":"https:\/\/autofans.com.ar\/index.php\/2025\/12\/05\/scania-suma-12-conductoras-profesionales-al-sector\/#primaryimage"},"image":{"@id":"https:\/\/autofans.com.ar\/index.php\/2025\/12\/05\/scania-suma-12-conductoras-profesionales-al-sector\/#primaryimage"},"thumbnailUrl":"https:\/\/autofans.com.ar\/wp-content\/uploads\/2025\/12\/scania-7.jpg","datePublished":"2025-12-05T22:13:33+00:00","author":{"@id":"https:\/\/autofans.com.ar\/#\/schema\/person\/4a8dda0b6df83ac3d6723e921274c2aa"},"description":"Scania Argentina celebr\u00f3 la graduaci\u00f3n de la s\u00e9ptima cohorte de su programa \u201cConductoras\u201d. Doce mujeres de siete provincias finalizaron...","breadcrumb":{"@id":"https:\/\/autofans.com.ar\/index.php\/2025\/12\/05\/scania-suma-12-conductoras-profesionales-al-sector\/#breadcrumb"},"inLanguage":"es","potentialAction":[{"@type":"ReadAction","target":["https:\/\/autofans.com.ar\/index.php\/2025\/12\/05\/scania-suma-12-conductoras-profesionales-al-sector\/"]}]},{"@type":"ImageObject","inLanguage":"es","@id":"https:\/\/autofans.com.ar\/index.php\/2025\/12\/05\/scania-suma-12-conductoras-profesionales-al-sector\/#primaryimage","url":"https:\/\/autofans.com.ar\/wp-content\/uploads\/2025\/12\/scania-7.jpg","contentUrl":"https:\/\/autofans.com.ar\/wp-content\/uploads\/2025\/12\/scania-7.jpg","width":1000,"height":667,"caption":"Scania"},{"@type":"BreadcrumbList","@id":"https:\/\/autofans.com.ar\/index.php\/2025\/12\/05\/scania-suma-12-conductoras-profesionales-al-sector\/#breadcrumb","itemListElement":[{"@type":"ListItem","position":1,"name":"Inicio","item":"https:\/\/autofans.com.ar\/"},{"@type":"ListItem","position":2,"name":"Scania suma 12 conductoras profesionales al sector"}]},{"@type":"WebSite","@id":"https:\/\/autofans.com.ar\/#website","url":"https:\/\/autofans.com.ar\/","name":"","description":"El multimedio referente de la industria automotriz","potentialAction":[{"@type":"SearchAction","target":{"@type":"EntryPoint","urlTemplate":"https:\/\/autofans.com.ar\/?s={search_term_string}"},"query-input":{"@type":"PropertyValueSpecification","valueRequired":true,"valueName":"search_term_string"}}],"inLanguage":"es"},{"@type":"Person","@id":"https:\/\/autofans.com.ar\/#\/schema\/person\/4a8dda0b6df83ac3d6723e921274c2aa","name":"Alejandro Gabriel Rosito","image":{"@type":"ImageObject","inLanguage":"es","@id":"https:\/\/secure.gravatar.com\/avatar\/16c5dda1489adfc62618084dcbb91cffd879c374b13fe5dd8e44ed6733852c88?s=96&d=mm&r=g","url":"https:\/\/secure.gravatar.com\/avatar\/16c5dda1489adfc62618084dcbb91cffd879c374b13fe5dd8e44ed6733852c88?s=96&d=mm&r=g","contentUrl":"https:\/\/secure.gravatar.com\/avatar\/16c5dda1489adfc62618084dcbb91cffd879c374b13fe5dd8e44ed6733852c88?s=96&d=mm&r=g","caption":"Alejandro Gabriel Rosito"},"url":"https:\/\/autofans.com.ar\/index.php\/author\/gabrielr\/"}]}},"featured_image_urls":{"full":["https:\/\/autofans.com.ar\/wp-content\/uploads\/2025\/12\/scania-7.jpg",1000,667,false],"thumbnail":["https:\/\/autofans.com.ar\/wp-content\/uploads\/2025\/12\/scania-7-150x150.jpg",150,150,true],"medium":["https:\/\/autofans.com.ar\/wp-content\/uploads\/2025\/12\/scania-7-300x200.jpg",300,200,true],"medium_large":["https:\/\/autofans.com.ar\/wp-content\/uploads\/2025\/12\/scania-7-768x512.jpg",640,427,true],"large":["https:\/\/autofans.com.ar\/wp-content\/uploads\/2025\/12\/scania-7.jpg",640,427,false],"1536x1536":["https:\/\/autofans.com.ar\/wp-content\/uploads\/2025\/12\/scania-7.jpg",1000,667,false],"2048x2048":["https:\/\/autofans.com.ar\/wp-content\/uploads\/2025\/12\/scania-7.jpg",1000,667,false],"covernews-featured":["https:\/\/autofans.com.ar\/wp-content\/uploads\/2025\/12\/scania-7.jpg",1000,667,false],"covernews-medium":["https:\/\/autofans.com.ar\/wp-content\/uploads\/2025\/12\/scania-7-540x340.jpg",540,340,true]},"author_info":{"display_name":"Alejandro Gabriel Rosito","author_link":"https:\/\/autofans.com.ar\/index.php\/author\/gabrielr\/"},"category_info":"<a href=\"https:\/\/autofans.com.ar\/index.php\/category\/lanzamientos\/empresas-lanzamientos\/\" rel=\"category tag\">Empresas<\/a> <a href=\"https:\/\/autofans.com.ar\/index.php\/category\/lanzamientos\/\" rel=\"category tag\">LANZAMIENTOS<\/a>","tag_info":"LANZAMIENTOS","comment_count":0,"_links":{"self":[{"href":"https:\/\/autofans.com.ar\/index.php\/wp-json\/wp\/v2\/posts\/15143","targetHints":{"allow":["GET"]}}],"collection":[{"href":"https:\/\/autofans.com.ar\/index.php\/wp-json\/wp\/v2\/posts"}],"about":[{"href":"https:\/\/autofans.com.ar\/index.php\/wp-json\/wp\/v2\/types\/post"}],"author":[{"embeddable":true,"href":"https:\/\/autofans.com.ar\/index.php\/wp-json\/wp\/v2\/users\/2"}],"replies":[{"embeddable":true,"href":"https:\/\/autofans.com.ar\/index.php\/wp-json\/wp\/v2\/comments?post=15143"}],"version-history":[{"count":1,"href":"https:\/\/autofans.com.ar\/index.php\/wp-json\/wp\/v2\/posts\/15143\/revisions"}],"predecessor-version":[{"id":15151,"href":"https:\/\/autofans.com.ar\/index.php\/wp-json\/wp\/v2\/posts\/15143\/revisions\/15151"}],"wp:featuredmedia":[{"embeddable":true,"href":"https:\/\/autofans.com.ar\/index.php\/wp-json\/wp\/v2\/media\/15144"}],"wp:attachment":[{"href":"https:\/\/autofans.com.ar\/index.php\/wp-json\/wp\/v2\/media?parent=15143"}],"wp:term":[{"taxonomy":"category","embeddable":true,"href":"https:\/\/autofans.com.ar\/index.php\/wp-json\/wp\/v2\/categories?post=15143"},{"taxonomy":"post_tag","embeddable":true,"href":"https:\/\/autofans.com.ar\/index.php\/wp-json\/wp\/v2\/tags?post=15143"}],"curies":[{"name":"wp","href":"https:\/\/api.w.org\/{rel}","templated":true}]}}