{"id":15161,"date":"2025-12-09T16:32:06","date_gmt":"2025-12-09T19:32:06","guid":{"rendered":"https:\/\/autofans.com.ar\/?p=15161"},"modified":"2025-12-09T16:32:06","modified_gmt":"2025-12-09T19:32:06","slug":"renault-estrena-en-argentina-su-primer-electro-care-hub-mundial","status":"publish","type":"post","link":"https:\/\/autofans.com.ar\/index.php\/2025\/12\/09\/renault-estrena-en-argentina-su-primer-electro-care-hub-mundial\/","title":{"rendered":"Renault estrena en Argentina su primer Electro Care Hub mundial"},"content":{"rendered":"<p class=\"ds-markdown-paragraph\">Renault dio un paso clave en su transformaci\u00f3n con la apertura en Argentina del primer \u00abElectro Care Hub\u00bb a nivel global. Este concepto, que redefine el rol tradicional del concesionario, se estren\u00f3 en la ciudad de Resistencia, Chaco, de la mano del Concesionario Car France.<\/p>\n<p>&nbsp;<\/p>\n<blockquote>\n<p style=\"text-align: center;\">\u201cEstamos orgullosos de ser el pa\u00eds pionero dentro del Grupo Renault en inaugurar el primer \u201celectro care hub\u201d del mundo. Sin dudas este hito marca el inicio de una nueva generaci\u00f3n de Concesionarios, preparados para los desaf\u00edos de la movilidad el\u00e9ctrica y dise\u00f1ados bajo una visi\u00f3n profundamente sustentable. Se trata de un espacio accesible, eficiente y pensado para ofrecer una experiencia fluida, moderna y respetuosa con el entorno. Es un orgullo que esta transformaci\u00f3n comience en el norte de nuestro querido \u00a0pa\u00eds, de la mano de nuestro concesionario Car France, con un edificio que redefine nuestros est\u00e1ndares a nivel global\u201d, destac\u00f3 Valentina Solari, directora comercial de Renault Argentina.<\/p>\n<\/blockquote>\n<p>&nbsp;<\/p>\n<h2 class=\"ds-markdown-paragraph\">Renault Concentra Todos sus Servicios en un Solo Lugar<\/h2>\n<p>&nbsp;<\/p>\n<div id='gallery-1' class='gallery galleryid-15161 gallery-columns-2 gallery-size-full'><figure class='gallery-item'>\n\t\t\t<div class='gallery-icon landscape'>\n\t\t\t\t<a href='https:\/\/autofans.com.ar\/index.php\/2025\/12\/09\/renault-estrena-en-argentina-su-primer-electro-care-hub-mundial\/renault-6-5\/'><img loading=\"lazy\" width=\"1000\" height=\"667\" src=\"https:\/\/autofans.com.ar\/wp-content\/uploads\/2025\/12\/renault-6.jpg\" class=\"attachment-full size-full\" alt=\"Renault\" srcset=\"https:\/\/autofans.com.ar\/wp-content\/uploads\/2025\/12\/renault-6.jpg 1000w, https:\/\/autofans.com.ar\/wp-content\/uploads\/2025\/12\/renault-6-300x200.jpg 300w, https:\/\/autofans.com.ar\/wp-content\/uploads\/2025\/12\/renault-6-768x512.jpg 768w\" sizes=\"auto, (max-width: 1000px) 100vw, 1000px\" loading=\"lazy\" decoding=\"async\" \/><\/a>\n\t\t\t<\/div><\/figure><figure class='gallery-item'>\n\t\t\t<div class='gallery-icon landscape'>\n\t\t\t\t<a href='https:\/\/autofans.com.ar\/index.php\/2025\/12\/09\/renault-estrena-en-argentina-su-primer-electro-care-hub-mundial\/renault-7-3\/'><img loading=\"lazy\" width=\"1000\" height=\"667\" src=\"https:\/\/autofans.com.ar\/wp-content\/uploads\/2025\/12\/renault-7.jpg\" class=\"attachment-full size-full\" alt=\"Renault\" srcset=\"https:\/\/autofans.com.ar\/wp-content\/uploads\/2025\/12\/renault-7.jpg 1000w, https:\/\/autofans.com.ar\/wp-content\/uploads\/2025\/12\/renault-7-300x200.jpg 300w, https:\/\/autofans.com.ar\/wp-content\/uploads\/2025\/12\/renault-7-768x512.jpg 768w\" sizes=\"auto, (max-width: 1000px) 100vw, 1000px\" loading=\"lazy\" decoding=\"async\" \/><\/a>\n\t\t\t<\/div><\/figure>\n\t\t<\/div>\n\n<p>&nbsp;<\/p>\n<p class=\"ds-markdown-paragraph\">El Electro Care Hub integra en un solo lugar todos los servicios de la marca. El espacio combina la venta de veh\u00edculos 0 km, la comercializaci\u00f3n de usados certificados Renew, los servicios de posventa (mec\u00e1nica y carrocer\u00eda), puntos de carga el\u00e9ctrica Mobilize y soluciones Pro+ para clientes profesionales.<\/p>\n<p>&nbsp;<\/p>\n<blockquote>\n<p style=\"text-align: center;\">Es un honor que los equipos de la marca a nivel mundial, liderados por Arnaud Belloni, conf\u00eden en Renault Argentina para desplegar este nuevo concepto de Concesionarios denominados -electro care hub- que marcan el futuro de lo que ser\u00e1 la nueva Renault. Un concepto completamente moderno e innovador.\u201d Agreg\u00f3 Solari<\/p>\n<\/blockquote>\n<p>&nbsp;<\/p>\n<h2 class=\"ds-markdown-paragraph\">Un Edificio de 6.700 m\u00b2 con Paneles Solares y Tratamiento de Aguas<\/h2>\n<p>&nbsp;<\/p>\n<div id='gallery-2' class='gallery galleryid-15161 gallery-columns-2 gallery-size-full'><figure class='gallery-item'>\n\t\t\t<div class='gallery-icon landscape'>\n\t\t\t\t<a href='https:\/\/autofans.com.ar\/index.php\/2025\/12\/09\/renault-estrena-en-argentina-su-primer-electro-care-hub-mundial\/renault-3-19\/'><img loading=\"lazy\" width=\"1000\" height=\"667\" src=\"https:\/\/autofans.com.ar\/wp-content\/uploads\/2025\/12\/renault-3-1.jpg\" class=\"attachment-full size-full\" alt=\"Renault\" srcset=\"https:\/\/autofans.com.ar\/wp-content\/uploads\/2025\/12\/renault-3-1.jpg 1000w, https:\/\/autofans.com.ar\/wp-content\/uploads\/2025\/12\/renault-3-1-300x200.jpg 300w, https:\/\/autofans.com.ar\/wp-content\/uploads\/2025\/12\/renault-3-1-768x512.jpg 768w\" sizes=\"auto, (max-width: 1000px) 100vw, 1000px\" loading=\"lazy\" decoding=\"async\" \/><\/a>\n\t\t\t<\/div><\/figure><figure class='gallery-item'>\n\t\t\t<div class='gallery-icon landscape'>\n\t\t\t\t<a href='https:\/\/autofans.com.ar\/index.php\/2025\/12\/09\/renault-estrena-en-argentina-su-primer-electro-care-hub-mundial\/renault-2-22\/'><img loading=\"lazy\" width=\"1000\" height=\"667\" src=\"https:\/\/autofans.com.ar\/wp-content\/uploads\/2025\/12\/renault-2-1.jpg\" class=\"attachment-full size-full\" alt=\"Renault\" srcset=\"https:\/\/autofans.com.ar\/wp-content\/uploads\/2025\/12\/renault-2-1.jpg 1000w, https:\/\/autofans.com.ar\/wp-content\/uploads\/2025\/12\/renault-2-1-300x200.jpg 300w, https:\/\/autofans.com.ar\/wp-content\/uploads\/2025\/12\/renault-2-1-768x512.jpg 768w\" sizes=\"auto, (max-width: 1000px) 100vw, 1000px\" loading=\"lazy\" decoding=\"async\" \/><\/a>\n\t\t\t<\/div><\/figure>\n\t\t<\/div>\n\n<p>&nbsp;<\/p>\n<p class=\"ds-markdown-paragraph\">El proyecto se desarroll\u00f3 bajo est\u00e1ndares de sustentabilidad, accesibilidad e innovaci\u00f3n. Ubicado sobre la Colectora de la Ruta Nacional 16, km 13, en Resistencia, el edificio de 6.700 m\u00b2 aplica principios de arquitectura responsable. La construcci\u00f3n en Steel Framing, paneles solares, gesti\u00f3n inteligente de la iluminaci\u00f3n, tratamiento de aguas y \u00e1reas verdes forman parte de su dise\u00f1o eco-consciente.<\/p>\n<p>&nbsp;<\/p>\n<blockquote>\n<p style=\"text-align: center;\">\u201cEste proyecto marca un antes y un despu\u00e9s, pero tambi\u00e9n abre una nueva etapa, la de seguir apostando por la innovaci\u00f3n y por mejorar la experiencia de nuestros clientes, siempre en l\u00ednea con la visi\u00f3n global de Renault. El desaf\u00edo ahora es expandir este concepto, seguir impulsando la movilidad e-tech y fortalecer el compromiso con la sustentabilidad. Los desaf\u00edos que se vienen es continuar liderando el cambio y seguir dejando huella en el futuro de la movilidad tanto para Argentina como para el mundo\u201d, destac\u00f3 Eduardo Yubrin, Titular de Car France.<\/p>\n<\/blockquote>\n<p>&nbsp;<\/p>\n<h2 class=\"ds-markdown-paragraph\">Un modelo para el futuro de la red<\/h2>\n<p>&nbsp;<\/p>\n<div id='gallery-3' class='gallery galleryid-15161 gallery-columns-3 gallery-size-full'><figure class='gallery-item'>\n\t\t\t<div class='gallery-icon landscape'>\n\t\t\t\t<a href='https:\/\/autofans.com.ar\/index.php\/2025\/12\/09\/renault-estrena-en-argentina-su-primer-electro-care-hub-mundial\/renault-1-21\/'><img loading=\"lazy\" width=\"1000\" height=\"667\" src=\"https:\/\/autofans.com.ar\/wp-content\/uploads\/2025\/12\/renault-1-1.jpg\" class=\"attachment-full size-full\" alt=\"Renault\" srcset=\"https:\/\/autofans.com.ar\/wp-content\/uploads\/2025\/12\/renault-1-1.jpg 1000w, https:\/\/autofans.com.ar\/wp-content\/uploads\/2025\/12\/renault-1-1-300x200.jpg 300w, https:\/\/autofans.com.ar\/wp-content\/uploads\/2025\/12\/renault-1-1-768x512.jpg 768w\" sizes=\"auto, (max-width: 1000px) 100vw, 1000px\" loading=\"lazy\" decoding=\"async\" \/><\/a>\n\t\t\t<\/div><\/figure><figure class='gallery-item'>\n\t\t\t<div class='gallery-icon landscape'>\n\t\t\t\t<a href='https:\/\/autofans.com.ar\/index.php\/2025\/12\/09\/renault-estrena-en-argentina-su-primer-electro-care-hub-mundial\/renault-4-15\/'><img loading=\"lazy\" width=\"1000\" height=\"667\" src=\"https:\/\/autofans.com.ar\/wp-content\/uploads\/2025\/12\/renault-4-1.jpg\" class=\"attachment-full size-full\" alt=\"Renault\" srcset=\"https:\/\/autofans.com.ar\/wp-content\/uploads\/2025\/12\/renault-4-1.jpg 1000w, https:\/\/autofans.com.ar\/wp-content\/uploads\/2025\/12\/renault-4-1-300x200.jpg 300w, https:\/\/autofans.com.ar\/wp-content\/uploads\/2025\/12\/renault-4-1-768x512.jpg 768w\" sizes=\"auto, (max-width: 1000px) 100vw, 1000px\" loading=\"lazy\" decoding=\"async\" \/><\/a>\n\t\t\t<\/div><\/figure><figure class='gallery-item'>\n\t\t\t<div class='gallery-icon landscape'>\n\t\t\t\t<a href='https:\/\/autofans.com.ar\/index.php\/2025\/12\/09\/renault-estrena-en-argentina-su-primer-electro-care-hub-mundial\/renault-5-11\/'><img loading=\"lazy\" width=\"1000\" height=\"667\" src=\"https:\/\/autofans.com.ar\/wp-content\/uploads\/2025\/12\/renault-5-1.jpg\" class=\"attachment-full size-full\" alt=\"Renault\" srcset=\"https:\/\/autofans.com.ar\/wp-content\/uploads\/2025\/12\/renault-5-1.jpg 1000w, https:\/\/autofans.com.ar\/wp-content\/uploads\/2025\/12\/renault-5-1-300x200.jpg 300w, https:\/\/autofans.com.ar\/wp-content\/uploads\/2025\/12\/renault-5-1-768x512.jpg 768w\" sizes=\"auto, (max-width: 1000px) 100vw, 1000px\" loading=\"lazy\" decoding=\"async\" \/><\/a>\n\t\t\t<\/div><\/figure>\n\t\t<\/div>\n\n<p>&nbsp;<\/p>\n<p class=\"ds-markdown-paragraph\">Este hito representa la evoluci\u00f3n de Renault Argentina hacia un formato que homogeneiza la imagen y eleva la experiencia del cliente. El concepto prepara a la red para los desaf\u00edos de la movilidad futura, donde la electrificaci\u00f3n y los servicios digitales ser\u00e1n centrales.<\/p>\n<p class=\"ds-markdown-paragraph\">El recorrido dentro del Electro Care Hub es intuitivo y funcional, poniendo a los veh\u00edculos y servicios como protagonistas dentro de un entorno moderno y accesible.<\/p>\n<p>&nbsp;<\/p>\n<p>&nbsp;<\/p>\n<p>&nbsp;<\/p>\n<p><i>Para enterarte de m\u00e1s novedades, no dejes de leer\u00a0<\/i><a href=\"https:\/\/autofans.thebrandsoup.com\/\"><i>nuestras notas<\/i><\/a><i>, de ver\u00a0<\/i><a href=\"https:\/\/www.youtube.com\/channel\/UCgAC8UGHZYbT6P7PpmVnP7g\"><i>AUTOFANS TV<\/i><\/a><i>\u00a0en nuestro\u00a0canal de Youtube. Adem\u00e1s seguinos en\u00a0<\/i><a href=\"https:\/\/www.instagram.com\/autofanstv\/\"><i>INSTAGRAM<\/i><\/a><i> y <\/i><a href=\"https:\/\/www.facebook.com\/autofansmas\/\"><i>FACEBOOK<\/i><\/a><i> para no perderte nada sobre las novedades del segmento automotor de Argentina y el mundo.<\/i><\/p>\n","protected":false},"excerpt":{"rendered":"<p>Renault dio un paso clave en su transformaci\u00f3n con la apertura en Argentina del primer&#8230;<\/p>\n","protected":false},"author":2,"featured_media":15163,"comment_status":"closed","ping_status":"closed","sticky":false,"template":"","format":"standard","meta":{"footnotes":""},"categories":[292,16],"tags":[4180,7972,7971,7970,3205,565,7973,1770],"class_list":["post-15161","post","type-post","status-publish","format-standard","has-post-thumbnail","hentry","category-empresas","category-noticias","tag-autos-electricos-argentina","tag-carga-electrica","tag-concesionario-sustentable","tag-electro-care-hub","tag-mobilize","tag-renault-argentina","tag-renault-innovacion","tag-resistencia"],"yoast_head":"<!-- This site is optimized with the Yoast SEO plugin v27.5 - https:\/\/yoast.com\/product\/yoast-seo-wordpress\/ -->\n<title>Renault estrena en Argentina su primer Electro Care Hub mundial -<\/title>\n<meta name=\"description\" content=\"Renault dio un paso clave en su transformaci\u00f3n con la apertura en Argentina del primer &quot;Electro Care Hub&quot; a nivel global...\" \/>\n<meta name=\"robots\" content=\"index, follow, max-snippet:-1, max-image-preview:large, max-video-preview:-1\" \/>\n<link rel=\"canonical\" href=\"https:\/\/autofans.com.ar\/index.php\/2025\/12\/09\/renault-estrena-en-argentina-su-primer-electro-care-hub-mundial\/\" \/>\n<meta property=\"og:locale\" content=\"es_ES\" \/>\n<meta property=\"og:type\" content=\"article\" \/>\n<meta property=\"og:title\" content=\"Renault estrena en Argentina su primer Electro Care Hub mundial -\" \/>\n<meta property=\"og:description\" content=\"Renault dio un paso clave en su transformaci\u00f3n con la apertura en Argentina del primer &quot;Electro Care Hub&quot; a nivel global...\" \/>\n<meta property=\"og:url\" content=\"https:\/\/autofans.com.ar\/index.php\/2025\/12\/09\/renault-estrena-en-argentina-su-primer-electro-care-hub-mundial\/\" \/>\n<meta property=\"article:published_time\" content=\"2025-12-09T19:32:06+00:00\" \/>\n<meta property=\"og:image\" content=\"https:\/\/autofans.com.ar\/wp-content\/uploads\/2025\/12\/renault-8.jpg\" \/>\n\t<meta property=\"og:image:width\" content=\"1000\" \/>\n\t<meta property=\"og:image:height\" content=\"667\" \/>\n\t<meta property=\"og:image:type\" content=\"image\/jpeg\" \/>\n<meta name=\"author\" content=\"Alejandro Gabriel Rosito\" \/>\n<meta name=\"twitter:card\" content=\"summary_large_image\" \/>\n<meta name=\"twitter:label1\" content=\"Escrito por\" \/>\n\t<meta name=\"twitter:data1\" content=\"Alejandro Gabriel Rosito\" \/>\n\t<meta name=\"twitter:label2\" content=\"Tiempo de lectura\" \/>\n\t<meta name=\"twitter:data2\" content=\"2 minutos\" \/>\n<script type=\"application\/ld+json\" class=\"yoast-schema-graph\">{\"@context\":\"https:\\\/\\\/schema.org\",\"@graph\":[{\"@type\":\"Article\",\"@id\":\"https:\\\/\\\/autofans.com.ar\\\/index.php\\\/2025\\\/12\\\/09\\\/renault-estrena-en-argentina-su-primer-electro-care-hub-mundial\\\/#article\",\"isPartOf\":{\"@id\":\"https:\\\/\\\/autofans.com.ar\\\/index.php\\\/2025\\\/12\\\/09\\\/renault-estrena-en-argentina-su-primer-electro-care-hub-mundial\\\/\"},\"author\":{\"name\":\"Alejandro Gabriel Rosito\",\"@id\":\"https:\\\/\\\/autofans.com.ar\\\/#\\\/schema\\\/person\\\/4a8dda0b6df83ac3d6723e921274c2aa\"},\"headline\":\"Renault estrena en Argentina su primer Electro Care Hub mundial\",\"datePublished\":\"2025-12-09T19:32:06+00:00\",\"mainEntityOfPage\":{\"@id\":\"https:\\\/\\\/autofans.com.ar\\\/index.php\\\/2025\\\/12\\\/09\\\/renault-estrena-en-argentina-su-primer-electro-care-hub-mundial\\\/\"},\"wordCount\":609,\"image\":{\"@id\":\"https:\\\/\\\/autofans.com.ar\\\/index.php\\\/2025\\\/12\\\/09\\\/renault-estrena-en-argentina-su-primer-electro-care-hub-mundial\\\/#primaryimage\"},\"thumbnailUrl\":\"https:\\\/\\\/autofans.com.ar\\\/wp-content\\\/uploads\\\/2025\\\/12\\\/renault-8.jpg\",\"keywords\":[\"autos el\u00e9ctricos Argentina\",\"carga el\u00e9ctrica\",\"concesionario sustentable\",\"Electro Care Hub\",\"Mobilize\",\"Renault Argentina\",\"Renault innovaci\u00f3n\",\"resistencia\"],\"articleSection\":[\"EMPRESAS\",\"NOTICIAS\"],\"inLanguage\":\"es\"},{\"@type\":\"WebPage\",\"@id\":\"https:\\\/\\\/autofans.com.ar\\\/index.php\\\/2025\\\/12\\\/09\\\/renault-estrena-en-argentina-su-primer-electro-care-hub-mundial\\\/\",\"url\":\"https:\\\/\\\/autofans.com.ar\\\/index.php\\\/2025\\\/12\\\/09\\\/renault-estrena-en-argentina-su-primer-electro-care-hub-mundial\\\/\",\"name\":\"Renault estrena en Argentina su primer Electro Care Hub mundial -\",\"isPartOf\":{\"@id\":\"https:\\\/\\\/autofans.com.ar\\\/#website\"},\"primaryImageOfPage\":{\"@id\":\"https:\\\/\\\/autofans.com.ar\\\/index.php\\\/2025\\\/12\\\/09\\\/renault-estrena-en-argentina-su-primer-electro-care-hub-mundial\\\/#primaryimage\"},\"image\":{\"@id\":\"https:\\\/\\\/autofans.com.ar\\\/index.php\\\/2025\\\/12\\\/09\\\/renault-estrena-en-argentina-su-primer-electro-care-hub-mundial\\\/#primaryimage\"},\"thumbnailUrl\":\"https:\\\/\\\/autofans.com.ar\\\/wp-content\\\/uploads\\\/2025\\\/12\\\/renault-8.jpg\",\"datePublished\":\"2025-12-09T19:32:06+00:00\",\"author\":{\"@id\":\"https:\\\/\\\/autofans.com.ar\\\/#\\\/schema\\\/person\\\/4a8dda0b6df83ac3d6723e921274c2aa\"},\"description\":\"Renault dio un paso clave en su transformaci\u00f3n con la apertura en Argentina del primer \\\"Electro Care Hub\\\" a nivel global...\",\"breadcrumb\":{\"@id\":\"https:\\\/\\\/autofans.com.ar\\\/index.php\\\/2025\\\/12\\\/09\\\/renault-estrena-en-argentina-su-primer-electro-care-hub-mundial\\\/#breadcrumb\"},\"inLanguage\":\"es\",\"potentialAction\":[{\"@type\":\"ReadAction\",\"target\":[\"https:\\\/\\\/autofans.com.ar\\\/index.php\\\/2025\\\/12\\\/09\\\/renault-estrena-en-argentina-su-primer-electro-care-hub-mundial\\\/\"]}]},{\"@type\":\"ImageObject\",\"inLanguage\":\"es\",\"@id\":\"https:\\\/\\\/autofans.com.ar\\\/index.php\\\/2025\\\/12\\\/09\\\/renault-estrena-en-argentina-su-primer-electro-care-hub-mundial\\\/#primaryimage\",\"url\":\"https:\\\/\\\/autofans.com.ar\\\/wp-content\\\/uploads\\\/2025\\\/12\\\/renault-8.jpg\",\"contentUrl\":\"https:\\\/\\\/autofans.com.ar\\\/wp-content\\\/uploads\\\/2025\\\/12\\\/renault-8.jpg\",\"width\":1000,\"height\":667,\"caption\":\"Renault\"},{\"@type\":\"BreadcrumbList\",\"@id\":\"https:\\\/\\\/autofans.com.ar\\\/index.php\\\/2025\\\/12\\\/09\\\/renault-estrena-en-argentina-su-primer-electro-care-hub-mundial\\\/#breadcrumb\",\"itemListElement\":[{\"@type\":\"ListItem\",\"position\":1,\"name\":\"Inicio\",\"item\":\"https:\\\/\\\/autofans.com.ar\\\/\"},{\"@type\":\"ListItem\",\"position\":2,\"name\":\"Renault estrena en Argentina su primer Electro Care Hub mundial\"}]},{\"@type\":\"WebSite\",\"@id\":\"https:\\\/\\\/autofans.com.ar\\\/#website\",\"url\":\"https:\\\/\\\/autofans.com.ar\\\/\",\"name\":\"\",\"description\":\"El multimedio referente de la industria automotriz\",\"potentialAction\":[{\"@type\":\"SearchAction\",\"target\":{\"@type\":\"EntryPoint\",\"urlTemplate\":\"https:\\\/\\\/autofans.com.ar\\\/?s={search_term_string}\"},\"query-input\":{\"@type\":\"PropertyValueSpecification\",\"valueRequired\":true,\"valueName\":\"search_term_string\"}}],\"inLanguage\":\"es\"},{\"@type\":\"Person\",\"@id\":\"https:\\\/\\\/autofans.com.ar\\\/#\\\/schema\\\/person\\\/4a8dda0b6df83ac3d6723e921274c2aa\",\"name\":\"Alejandro Gabriel Rosito\",\"image\":{\"@type\":\"ImageObject\",\"inLanguage\":\"es\",\"@id\":\"https:\\\/\\\/secure.gravatar.com\\\/avatar\\\/16c5dda1489adfc62618084dcbb91cffd879c374b13fe5dd8e44ed6733852c88?s=96&d=mm&r=g\",\"url\":\"https:\\\/\\\/secure.gravatar.com\\\/avatar\\\/16c5dda1489adfc62618084dcbb91cffd879c374b13fe5dd8e44ed6733852c88?s=96&d=mm&r=g\",\"contentUrl\":\"https:\\\/\\\/secure.gravatar.com\\\/avatar\\\/16c5dda1489adfc62618084dcbb91cffd879c374b13fe5dd8e44ed6733852c88?s=96&d=mm&r=g\",\"caption\":\"Alejandro Gabriel Rosito\"},\"url\":\"https:\\\/\\\/autofans.com.ar\\\/index.php\\\/author\\\/gabrielr\\\/\"}]}<\/script>\n<!-- \/ Yoast SEO plugin. -->","yoast_head_json":{"title":"Renault estrena en Argentina su primer Electro Care Hub mundial -","description":"Renault dio un paso clave en su transformaci\u00f3n con la apertura en Argentina del primer \"Electro Care Hub\" a nivel global...","robots":{"index":"index","follow":"follow","max-snippet":"max-snippet:-1","max-image-preview":"max-image-preview:large","max-video-preview":"max-video-preview:-1"},"canonical":"https:\/\/autofans.com.ar\/index.php\/2025\/12\/09\/renault-estrena-en-argentina-su-primer-electro-care-hub-mundial\/","og_locale":"es_ES","og_type":"article","og_title":"Renault estrena en Argentina su primer Electro Care Hub mundial -","og_description":"Renault dio un paso clave en su transformaci\u00f3n con la apertura en Argentina del primer \"Electro Care Hub\" a nivel global...","og_url":"https:\/\/autofans.com.ar\/index.php\/2025\/12\/09\/renault-estrena-en-argentina-su-primer-electro-care-hub-mundial\/","article_published_time":"2025-12-09T19:32:06+00:00","og_image":[{"width":1000,"height":667,"url":"https:\/\/autofans.com.ar\/wp-content\/uploads\/2025\/12\/renault-8.jpg","type":"image\/jpeg"}],"author":"Alejandro Gabriel Rosito","twitter_card":"summary_large_image","twitter_misc":{"Escrito por":"Alejandro Gabriel Rosito","Tiempo de lectura":"2 minutos"},"schema":{"@context":"https:\/\/schema.org","@graph":[{"@type":"Article","@id":"https:\/\/autofans.com.ar\/index.php\/2025\/12\/09\/renault-estrena-en-argentina-su-primer-electro-care-hub-mundial\/#article","isPartOf":{"@id":"https:\/\/autofans.com.ar\/index.php\/2025\/12\/09\/renault-estrena-en-argentina-su-primer-electro-care-hub-mundial\/"},"author":{"name":"Alejandro Gabriel Rosito","@id":"https:\/\/autofans.com.ar\/#\/schema\/person\/4a8dda0b6df83ac3d6723e921274c2aa"},"headline":"Renault estrena en Argentina su primer Electro Care Hub mundial","datePublished":"2025-12-09T19:32:06+00:00","mainEntityOfPage":{"@id":"https:\/\/autofans.com.ar\/index.php\/2025\/12\/09\/renault-estrena-en-argentina-su-primer-electro-care-hub-mundial\/"},"wordCount":609,"image":{"@id":"https:\/\/autofans.com.ar\/index.php\/2025\/12\/09\/renault-estrena-en-argentina-su-primer-electro-care-hub-mundial\/#primaryimage"},"thumbnailUrl":"https:\/\/autofans.com.ar\/wp-content\/uploads\/2025\/12\/renault-8.jpg","keywords":["autos el\u00e9ctricos Argentina","carga el\u00e9ctrica","concesionario sustentable","Electro Care Hub","Mobilize","Renault Argentina","Renault innovaci\u00f3n","resistencia"],"articleSection":["EMPRESAS","NOTICIAS"],"inLanguage":"es"},{"@type":"WebPage","@id":"https:\/\/autofans.com.ar\/index.php\/2025\/12\/09\/renault-estrena-en-argentina-su-primer-electro-care-hub-mundial\/","url":"https:\/\/autofans.com.ar\/index.php\/2025\/12\/09\/renault-estrena-en-argentina-su-primer-electro-care-hub-mundial\/","name":"Renault estrena en Argentina su primer Electro Care Hub mundial -","isPartOf":{"@id":"https:\/\/autofans.com.ar\/#website"},"primaryImageOfPage":{"@id":"https:\/\/autofans.com.ar\/index.php\/2025\/12\/09\/renault-estrena-en-argentina-su-primer-electro-care-hub-mundial\/#primaryimage"},"image":{"@id":"https:\/\/autofans.com.ar\/index.php\/2025\/12\/09\/renault-estrena-en-argentina-su-primer-electro-care-hub-mundial\/#primaryimage"},"thumbnailUrl":"https:\/\/autofans.com.ar\/wp-content\/uploads\/2025\/12\/renault-8.jpg","datePublished":"2025-12-09T19:32:06+00:00","author":{"@id":"https:\/\/autofans.com.ar\/#\/schema\/person\/4a8dda0b6df83ac3d6723e921274c2aa"},"description":"Renault dio un paso clave en su transformaci\u00f3n con la apertura en Argentina del primer \"Electro Care Hub\" a nivel global...","breadcrumb":{"@id":"https:\/\/autofans.com.ar\/index.php\/2025\/12\/09\/renault-estrena-en-argentina-su-primer-electro-care-hub-mundial\/#breadcrumb"},"inLanguage":"es","potentialAction":[{"@type":"ReadAction","target":["https:\/\/autofans.com.ar\/index.php\/2025\/12\/09\/renault-estrena-en-argentina-su-primer-electro-care-hub-mundial\/"]}]},{"@type":"ImageObject","inLanguage":"es","@id":"https:\/\/autofans.com.ar\/index.php\/2025\/12\/09\/renault-estrena-en-argentina-su-primer-electro-care-hub-mundial\/#primaryimage","url":"https:\/\/autofans.com.ar\/wp-content\/uploads\/2025\/12\/renault-8.jpg","contentUrl":"https:\/\/autofans.com.ar\/wp-content\/uploads\/2025\/12\/renault-8.jpg","width":1000,"height":667,"caption":"Renault"},{"@type":"BreadcrumbList","@id":"https:\/\/autofans.com.ar\/index.php\/2025\/12\/09\/renault-estrena-en-argentina-su-primer-electro-care-hub-mundial\/#breadcrumb","itemListElement":[{"@type":"ListItem","position":1,"name":"Inicio","item":"https:\/\/autofans.com.ar\/"},{"@type":"ListItem","position":2,"name":"Renault estrena en Argentina su primer Electro Care Hub mundial"}]},{"@type":"WebSite","@id":"https:\/\/autofans.com.ar\/#website","url":"https:\/\/autofans.com.ar\/","name":"","description":"El multimedio referente de la industria automotriz","potentialAction":[{"@type":"SearchAction","target":{"@type":"EntryPoint","urlTemplate":"https:\/\/autofans.com.ar\/?s={search_term_string}"},"query-input":{"@type":"PropertyValueSpecification","valueRequired":true,"valueName":"search_term_string"}}],"inLanguage":"es"},{"@type":"Person","@id":"https:\/\/autofans.com.ar\/#\/schema\/person\/4a8dda0b6df83ac3d6723e921274c2aa","name":"Alejandro Gabriel Rosito","image":{"@type":"ImageObject","inLanguage":"es","@id":"https:\/\/secure.gravatar.com\/avatar\/16c5dda1489adfc62618084dcbb91cffd879c374b13fe5dd8e44ed6733852c88?s=96&d=mm&r=g","url":"https:\/\/secure.gravatar.com\/avatar\/16c5dda1489adfc62618084dcbb91cffd879c374b13fe5dd8e44ed6733852c88?s=96&d=mm&r=g","contentUrl":"https:\/\/secure.gravatar.com\/avatar\/16c5dda1489adfc62618084dcbb91cffd879c374b13fe5dd8e44ed6733852c88?s=96&d=mm&r=g","caption":"Alejandro Gabriel Rosito"},"url":"https:\/\/autofans.com.ar\/index.php\/author\/gabrielr\/"}]}},"featured_image_urls":{"full":["https:\/\/autofans.com.ar\/wp-content\/uploads\/2025\/12\/renault-8.jpg",1000,667,false],"thumbnail":["https:\/\/autofans.com.ar\/wp-content\/uploads\/2025\/12\/renault-8-150x150.jpg",150,150,true],"medium":["https:\/\/autofans.com.ar\/wp-content\/uploads\/2025\/12\/renault-8-300x200.jpg",300,200,true],"medium_large":["https:\/\/autofans.com.ar\/wp-content\/uploads\/2025\/12\/renault-8-768x512.jpg",640,427,true],"large":["https:\/\/autofans.com.ar\/wp-content\/uploads\/2025\/12\/renault-8.jpg",640,427,false],"1536x1536":["https:\/\/autofans.com.ar\/wp-content\/uploads\/2025\/12\/renault-8.jpg",1000,667,false],"2048x2048":["https:\/\/autofans.com.ar\/wp-content\/uploads\/2025\/12\/renault-8.jpg",1000,667,false],"covernews-featured":["https:\/\/autofans.com.ar\/wp-content\/uploads\/2025\/12\/renault-8.jpg",1000,667,false],"covernews-medium":["https:\/\/autofans.com.ar\/wp-content\/uploads\/2025\/12\/renault-8-540x340.jpg",540,340,true]},"author_info":{"display_name":"Alejandro Gabriel Rosito","author_link":"https:\/\/autofans.com.ar\/index.php\/author\/gabrielr\/"},"category_info":"<a href=\"https:\/\/autofans.com.ar\/index.php\/category\/noticias\/empresas\/\" rel=\"category tag\">EMPRESAS<\/a> <a href=\"https:\/\/autofans.com.ar\/index.php\/category\/noticias\/\" rel=\"category tag\">NOTICIAS<\/a>","tag_info":"NOTICIAS","comment_count":0,"_links":{"self":[{"href":"https:\/\/autofans.com.ar\/index.php\/wp-json\/wp\/v2\/posts\/15161","targetHints":{"allow":["GET"]}}],"collection":[{"href":"https:\/\/autofans.com.ar\/index.php\/wp-json\/wp\/v2\/posts"}],"about":[{"href":"https:\/\/autofans.com.ar\/index.php\/wp-json\/wp\/v2\/types\/post"}],"author":[{"embeddable":true,"href":"https:\/\/autofans.com.ar\/index.php\/wp-json\/wp\/v2\/users\/2"}],"replies":[{"embeddable":true,"href":"https:\/\/autofans.com.ar\/index.php\/wp-json\/wp\/v2\/comments?post=15161"}],"version-history":[{"count":2,"href":"https:\/\/autofans.com.ar\/index.php\/wp-json\/wp\/v2\/posts\/15161\/revisions"}],"predecessor-version":[{"id":15171,"href":"https:\/\/autofans.com.ar\/index.php\/wp-json\/wp\/v2\/posts\/15161\/revisions\/15171"}],"wp:featuredmedia":[{"embeddable":true,"href":"https:\/\/autofans.com.ar\/index.php\/wp-json\/wp\/v2\/media\/15163"}],"wp:attachment":[{"href":"https:\/\/autofans.com.ar\/index.php\/wp-json\/wp\/v2\/media?parent=15161"}],"wp:term":[{"taxonomy":"category","embeddable":true,"href":"https:\/\/autofans.com.ar\/index.php\/wp-json\/wp\/v2\/categories?post=15161"},{"taxonomy":"post_tag","embeddable":true,"href":"https:\/\/autofans.com.ar\/index.php\/wp-json\/wp\/v2\/tags?post=15161"}],"curies":[{"name":"wp","href":"https:\/\/api.w.org\/{rel}","templated":true}]}}