{"id":15177,"date":"2025-12-10T16:34:41","date_gmt":"2025-12-10T19:34:41","guid":{"rendered":"https:\/\/autofans.com.ar\/?p=15177"},"modified":"2025-12-10T16:34:41","modified_gmt":"2025-12-10T19:34:41","slug":"prestige-auto-presenta-su-mercedes-amg-para-el-turismo-carretera-2026","status":"publish","type":"post","link":"https:\/\/autofans.com.ar\/index.php\/2025\/12\/10\/prestige-auto-presenta-su-mercedes-amg-para-el-turismo-carretera-2026\/","title":{"rendered":"Prestige Auto presenta su Mercedes-AMG para el Turismo Carretera 2026"},"content":{"rendered":"<p class=\"ds-markdown-paragraph\">Prestige Auto, representante de Mercedes-Benz en Argentina, present\u00f3 el TC Mercedes-AMG CLE 53. Con este veh\u00edculo, el Prestige Auto Racing Team debutar\u00e1 en la temporada 2026 del Turismo Carretera. La presentaci\u00f3n se realiz\u00f3 en el Aut\u00f3dromo Roberto Mouras de La Plata. Este lanzamiento marca el retorno de la marca al TC despu\u00e9s de casi nueve d\u00e9cadas, desde la participaci\u00f3n de Luis Brosutti en 1937.<\/p>\n<p>&nbsp;<\/p>\n<blockquote>\n<p style=\"text-align: center;\">Daniel Herrero, presidente y CEO de Prestige Auto, se\u00f1al\u00f3: \u201cEl TC forma parte de la historia deportiva de Argentina y volver con un auto Mercedes desarrollado junto a socios locales es una se\u00f1al muy clara de nuestro compromiso con el pa\u00eds, con el automovilismo y con el talento argentino. Este proyecto une tradici\u00f3n, tecnolog\u00eda y trabajo en equipo\u201d.<\/p>\n<\/blockquote>\n<p>&nbsp;<\/p>\n<h2 class=\"ds-markdown-paragraph\">Un desarrollo a medida para la pista<\/h2>\n<p>&nbsp;<\/p>\n<div id='gallery-1' class='gallery galleryid-15177 gallery-columns-2 gallery-size-full'><figure class='gallery-item'>\n\t\t\t<div class='gallery-icon landscape'>\n\t\t\t\t<a href='https:\/\/autofans.com.ar\/index.php\/2025\/12\/10\/prestige-auto-presenta-su-mercedes-amg-para-el-turismo-carretera-2026\/prestige-3-2\/'><img loading=\"lazy\" width=\"1000\" height=\"667\" src=\"https:\/\/autofans.com.ar\/wp-content\/uploads\/2025\/12\/prestige-3.jpg\" class=\"attachment-full size-full\" alt=\"Prestige Auto\" srcset=\"https:\/\/autofans.com.ar\/wp-content\/uploads\/2025\/12\/prestige-3.jpg 1000w, https:\/\/autofans.com.ar\/wp-content\/uploads\/2025\/12\/prestige-3-300x200.jpg 300w, https:\/\/autofans.com.ar\/wp-content\/uploads\/2025\/12\/prestige-3-768x512.jpg 768w\" sizes=\"auto, (max-width: 1000px) 100vw, 1000px\" loading=\"lazy\" decoding=\"async\" \/><\/a>\n\t\t\t<\/div><\/figure><figure class='gallery-item'>\n\t\t\t<div class='gallery-icon landscape'>\n\t\t\t\t<a href='https:\/\/autofans.com.ar\/index.php\/2025\/12\/10\/prestige-auto-presenta-su-mercedes-amg-para-el-turismo-carretera-2026\/prestige-2-2\/'><img loading=\"lazy\" width=\"1000\" height=\"667\" src=\"https:\/\/autofans.com.ar\/wp-content\/uploads\/2025\/12\/prestige-2.jpg\" class=\"attachment-full size-full\" alt=\"Prestige Auto\" srcset=\"https:\/\/autofans.com.ar\/wp-content\/uploads\/2025\/12\/prestige-2.jpg 1000w, https:\/\/autofans.com.ar\/wp-content\/uploads\/2025\/12\/prestige-2-300x200.jpg 300w, https:\/\/autofans.com.ar\/wp-content\/uploads\/2025\/12\/prestige-2-768x512.jpg 768w\" sizes=\"auto, (max-width: 1000px) 100vw, 1000px\" loading=\"lazy\" decoding=\"async\" \/><\/a>\n\t\t\t<\/div><\/figure>\n\t\t<\/div>\n\n<p>&nbsp;<\/p>\n<p class=\"ds-markdown-paragraph\">El auto de competici\u00f3n se basa en el Mercedes-AMG CLE 53 4MATIC+ Coup\u00e9. Conserva su silueta y rasgos de dise\u00f1o, pero adaptados al reglamento de la ACTC. Fue desarrollado en conjunto con el equipo Maquin Parts Racing y cuenta con la autorizaci\u00f3n global de Mercedes-Benz para lucir sus emblemas. Tras su exhibici\u00f3n, el equipo continuar\u00e1 con un programa de ensayos privados y pruebas para afinar detalles antes del debut oficial.<\/p>\n<p>&nbsp;<\/p>\n<blockquote>\n<p style=\"text-align: center;\">Alfonso Prat-Gay, vicepresidente de Prestige Auto, agreg\u00f3: \u201cNuestro desembarco en el Turismo Carretera nos permite conectar de una manera distinta con clientes y fan\u00e1ticos. El CLE 53 del TC es la expresi\u00f3n deportiva de la misma ingenier\u00eda que est\u00e1 detr\u00e1s de nuestros veh\u00edculos de calle, y al mismo tiempo un laboratorio rodante para seguir aprendiendo y mejorando\u201d.<\/p>\n<\/blockquote>\n<p>&nbsp;<\/p>\n<h2 class=\"ds-markdown-paragraph\">Prestige Auto la dupla de pilotos que comandar\u00e1 el proyecto<\/h2>\n<p>&nbsp;<\/p>\n<figure id=\"attachment_15179\" aria-describedby=\"caption-attachment-15179\" style=\"width: 1000px\" class=\"wp-caption aligncenter\"><img fetchpriority=\"high\" decoding=\"async\" class=\"wp-image-15179 size-full\" src=\"https:\/\/autofans.com.ar\/wp-content\/uploads\/2025\/12\/otto.jpg\" alt=\"Prestige Auto\" width=\"1000\" height=\"667\" srcset=\"https:\/\/autofans.com.ar\/wp-content\/uploads\/2025\/12\/otto.jpg 1000w, https:\/\/autofans.com.ar\/wp-content\/uploads\/2025\/12\/otto-300x200.jpg 300w, https:\/\/autofans.com.ar\/wp-content\/uploads\/2025\/12\/otto-768x512.jpg 768w\" sizes=\"(max-width: 1000px) 100vw, 1000px\" \/><figcaption id=\"caption-attachment-15179\" class=\"wp-caption-text\">Otto Fritzler<\/figcaption><\/figure>\n<p>&nbsp;<\/p>\n<p class=\"ds-markdown-paragraph\">El Prestige Auto Racing Team tendr\u00e1 a Otto Fritzler y Diego Azar como pilotos oficiales. Fritzler, de 22 a\u00f1os, es campe\u00f3n de TC Pista (2022) y ya tiene experiencia en la categor\u00eda mayor. Azar, de 30 a\u00f1os, es bicampe\u00f3n de Top Race y debut\u00f3 en el TC este a\u00f1o. Adem\u00e1s, ya tiene un historial compitiendo para la marca Mercedes-Benz en el pasado.<\/p>\n<p>&nbsp;<\/p>\n<blockquote>\n<p style=\"text-align: center;\">Por su parte, Otto Fritzler afirm\u00f3: \u201cSer piloto oficial de Mercedes es una responsabilidad enorme y una oportunidad \u00fanica. Vamos a trabajar al m\u00e1ximo con Maquin Parts Racing y con todo el equipo de Prestige Auto para pelear adelante desde la primera carrera\u201d.<\/p>\n<\/blockquote>\n<p>&nbsp;<\/p>\n<h2 class=\"ds-markdown-paragraph\">Una alianza con sello local e internacional<\/h2>\n<p>&nbsp;<\/p>\n<figure id=\"attachment_15178\" aria-describedby=\"caption-attachment-15178\" style=\"width: 1000px\" class=\"wp-caption aligncenter\"><img decoding=\"async\" class=\"wp-image-15178 size-full\" src=\"https:\/\/autofans.com.ar\/wp-content\/uploads\/2025\/12\/diego.jpg\" alt=\"Prestige Auto\" width=\"1000\" height=\"667\" srcset=\"https:\/\/autofans.com.ar\/wp-content\/uploads\/2025\/12\/diego.jpg 1000w, https:\/\/autofans.com.ar\/wp-content\/uploads\/2025\/12\/diego-300x200.jpg 300w, https:\/\/autofans.com.ar\/wp-content\/uploads\/2025\/12\/diego-768x512.jpg 768w\" sizes=\"(max-width: 1000px) 100vw, 1000px\" \/><figcaption id=\"caption-attachment-15178\" class=\"wp-caption-text\">Diego Azar<\/figcaption><\/figure>\n<p>&nbsp;<\/p>\n<p class=\"ds-markdown-paragraph\">El proyecto fusiona la experiencia global de Mercedes-Benz con el conocimiento t\u00e9cnico y deportivo del equipo santafesino Maquin Parts Racing. Esta combinaci\u00f3n busca llevar a la estrella a lo m\u00e1s alto del podio en el Turismo Carretera, una de las competencias m\u00e1s tradicionales del pa\u00eds.<\/p>\n<p>&nbsp;<\/p>\n<blockquote>\n<p style=\"text-align: center;\">Y Diego Azar complet\u00f3: \u201cEs un orgullo volver a representar a la estrella, ahora en el Turismo Carretera. Con Otto formamos una dupla muy complementaria y vamos a poner toda nuestra experiencia para que el proyecto est\u00e9 a la altura de lo que significa Mercedes-Benz en Argentina\u201d.<\/p>\n<\/blockquote>\n<p>&nbsp;<\/p>\n<p>&nbsp;<\/p>\n<p>&nbsp;<\/p>\n<p>&nbsp;<\/p>\n<p><i>Para enterarte de m\u00e1s novedades, no dejes de leer\u00a0<\/i><a href=\"https:\/\/autofans.thebrandsoup.com\/\"><i>nuestras notas<\/i><\/a><i>, de ver\u00a0<\/i><a href=\"https:\/\/www.youtube.com\/channel\/UCgAC8UGHZYbT6P7PpmVnP7g\"><i>AUTOFANS TV<\/i><\/a><i>\u00a0en nuestro\u00a0canal de Youtube. Adem\u00e1s seguinos en\u00a0<\/i><a href=\"https:\/\/www.instagram.com\/autofanstv\/\"><i>INSTAGRAM<\/i><\/a><i> y <\/i><a href=\"https:\/\/www.facebook.com\/autofansmas\/\"><i>FACEBOOK<\/i><\/a><i> para no perderte nada sobre las novedades del segmento automotor de Argentina y el mundo.<\/i><\/p>\n","protected":false},"excerpt":{"rendered":"<p>Prestige Auto, representante de Mercedes-Benz en Argentina, present\u00f3 el TC Mercedes-AMG CLE 53. Con este&#8230;<\/p>\n","protected":false},"author":2,"featured_media":15180,"comment_status":"closed","ping_status":"closed","sticky":false,"template":"","format":"standard","meta":{"footnotes":""},"categories":[127,16],"tags":[1334,7256,1336,7254,7981,7255,7983,7982],"class_list":["post-15177","post","type-post","status-publish","format-standard","has-post-thumbnail","hentry","category-deporte","category-noticias","tag-automovilismo-argentino","tag-diego-azar","tag-maquin-parts-racing","tag-mercedes-amg-cle-53","tag-mercedes-benz-turismo-carretera","tag-otto-fritzler","tag-prestige-auto-racing","tag-tc-2026"],"yoast_head":"<!-- This site is optimized with the Yoast SEO plugin v27.5 - https:\/\/yoast.com\/product\/yoast-seo-wordpress\/ -->\n<title>Prestige Auto presenta su Mercedes-AMG para el Turismo Carretera 2026 -<\/title>\n<meta name=\"description\" content=\"Prestige Auto, representante de Mercedes-Benz en Argentina present\u00f3 el TC Mercedes-AMG CLE 53. Con este veh\u00edculo el Prestige Auto Racing Team\" \/>\n<meta name=\"robots\" content=\"index, follow, max-snippet:-1, max-image-preview:large, max-video-preview:-1\" \/>\n<link rel=\"canonical\" href=\"https:\/\/autofans.com.ar\/index.php\/2025\/12\/10\/prestige-auto-presenta-su-mercedes-amg-para-el-turismo-carretera-2026\/\" \/>\n<meta property=\"og:locale\" content=\"es_ES\" \/>\n<meta property=\"og:type\" content=\"article\" \/>\n<meta property=\"og:title\" content=\"Prestige Auto presenta su Mercedes-AMG para el Turismo Carretera 2026 -\" \/>\n<meta property=\"og:description\" content=\"Prestige Auto, representante de Mercedes-Benz en Argentina present\u00f3 el TC Mercedes-AMG CLE 53. Con este veh\u00edculo el Prestige Auto Racing Team\" \/>\n<meta property=\"og:url\" content=\"https:\/\/autofans.com.ar\/index.php\/2025\/12\/10\/prestige-auto-presenta-su-mercedes-amg-para-el-turismo-carretera-2026\/\" \/>\n<meta property=\"article:published_time\" content=\"2025-12-10T19:34:41+00:00\" \/>\n<meta property=\"og:image\" content=\"https:\/\/autofans.com.ar\/wp-content\/uploads\/2025\/12\/prestige-4.jpg\" \/>\n\t<meta property=\"og:image:width\" content=\"1000\" \/>\n\t<meta property=\"og:image:height\" content=\"667\" \/>\n\t<meta property=\"og:image:type\" content=\"image\/jpeg\" \/>\n<meta name=\"author\" content=\"Alejandro Gabriel Rosito\" \/>\n<meta name=\"twitter:card\" content=\"summary_large_image\" \/>\n<meta name=\"twitter:label1\" content=\"Escrito por\" \/>\n\t<meta name=\"twitter:data1\" content=\"Alejandro Gabriel Rosito\" \/>\n\t<meta name=\"twitter:label2\" content=\"Tiempo de lectura\" \/>\n\t<meta name=\"twitter:data2\" content=\"3 minutos\" \/>\n<script type=\"application\/ld+json\" class=\"yoast-schema-graph\">{\"@context\":\"https:\\\/\\\/schema.org\",\"@graph\":[{\"@type\":\"Article\",\"@id\":\"https:\\\/\\\/autofans.com.ar\\\/index.php\\\/2025\\\/12\\\/10\\\/prestige-auto-presenta-su-mercedes-amg-para-el-turismo-carretera-2026\\\/#article\",\"isPartOf\":{\"@id\":\"https:\\\/\\\/autofans.com.ar\\\/index.php\\\/2025\\\/12\\\/10\\\/prestige-auto-presenta-su-mercedes-amg-para-el-turismo-carretera-2026\\\/\"},\"author\":{\"name\":\"Alejandro Gabriel Rosito\",\"@id\":\"https:\\\/\\\/autofans.com.ar\\\/#\\\/schema\\\/person\\\/4a8dda0b6df83ac3d6723e921274c2aa\"},\"headline\":\"Prestige Auto presenta su Mercedes-AMG para el Turismo Carretera 2026\",\"datePublished\":\"2025-12-10T19:34:41+00:00\",\"mainEntityOfPage\":{\"@id\":\"https:\\\/\\\/autofans.com.ar\\\/index.php\\\/2025\\\/12\\\/10\\\/prestige-auto-presenta-su-mercedes-amg-para-el-turismo-carretera-2026\\\/\"},\"wordCount\":587,\"image\":{\"@id\":\"https:\\\/\\\/autofans.com.ar\\\/index.php\\\/2025\\\/12\\\/10\\\/prestige-auto-presenta-su-mercedes-amg-para-el-turismo-carretera-2026\\\/#primaryimage\"},\"thumbnailUrl\":\"https:\\\/\\\/autofans.com.ar\\\/wp-content\\\/uploads\\\/2025\\\/12\\\/prestige-4.jpg\",\"keywords\":[\"Automovilismo argentino\",\"Diego Azar\",\"Maquin Parts Racing\",\"Mercedes-AMG CLE 53\",\"Mercedes-Benz Turismo Carretera\",\"Otto Fritzler\",\"Prestige Auto Racing\",\"TC 2026\"],\"articleSection\":[\"DEPORTE MOTOR\",\"NOTICIAS\"],\"inLanguage\":\"es\"},{\"@type\":\"WebPage\",\"@id\":\"https:\\\/\\\/autofans.com.ar\\\/index.php\\\/2025\\\/12\\\/10\\\/prestige-auto-presenta-su-mercedes-amg-para-el-turismo-carretera-2026\\\/\",\"url\":\"https:\\\/\\\/autofans.com.ar\\\/index.php\\\/2025\\\/12\\\/10\\\/prestige-auto-presenta-su-mercedes-amg-para-el-turismo-carretera-2026\\\/\",\"name\":\"Prestige Auto presenta su Mercedes-AMG para el Turismo Carretera 2026 -\",\"isPartOf\":{\"@id\":\"https:\\\/\\\/autofans.com.ar\\\/#website\"},\"primaryImageOfPage\":{\"@id\":\"https:\\\/\\\/autofans.com.ar\\\/index.php\\\/2025\\\/12\\\/10\\\/prestige-auto-presenta-su-mercedes-amg-para-el-turismo-carretera-2026\\\/#primaryimage\"},\"image\":{\"@id\":\"https:\\\/\\\/autofans.com.ar\\\/index.php\\\/2025\\\/12\\\/10\\\/prestige-auto-presenta-su-mercedes-amg-para-el-turismo-carretera-2026\\\/#primaryimage\"},\"thumbnailUrl\":\"https:\\\/\\\/autofans.com.ar\\\/wp-content\\\/uploads\\\/2025\\\/12\\\/prestige-4.jpg\",\"datePublished\":\"2025-12-10T19:34:41+00:00\",\"author\":{\"@id\":\"https:\\\/\\\/autofans.com.ar\\\/#\\\/schema\\\/person\\\/4a8dda0b6df83ac3d6723e921274c2aa\"},\"description\":\"Prestige Auto, representante de Mercedes-Benz en Argentina present\u00f3 el TC Mercedes-AMG CLE 53. Con este veh\u00edculo el Prestige Auto Racing Team\",\"breadcrumb\":{\"@id\":\"https:\\\/\\\/autofans.com.ar\\\/index.php\\\/2025\\\/12\\\/10\\\/prestige-auto-presenta-su-mercedes-amg-para-el-turismo-carretera-2026\\\/#breadcrumb\"},\"inLanguage\":\"es\",\"potentialAction\":[{\"@type\":\"ReadAction\",\"target\":[\"https:\\\/\\\/autofans.com.ar\\\/index.php\\\/2025\\\/12\\\/10\\\/prestige-auto-presenta-su-mercedes-amg-para-el-turismo-carretera-2026\\\/\"]}]},{\"@type\":\"ImageObject\",\"inLanguage\":\"es\",\"@id\":\"https:\\\/\\\/autofans.com.ar\\\/index.php\\\/2025\\\/12\\\/10\\\/prestige-auto-presenta-su-mercedes-amg-para-el-turismo-carretera-2026\\\/#primaryimage\",\"url\":\"https:\\\/\\\/autofans.com.ar\\\/wp-content\\\/uploads\\\/2025\\\/12\\\/prestige-4.jpg\",\"contentUrl\":\"https:\\\/\\\/autofans.com.ar\\\/wp-content\\\/uploads\\\/2025\\\/12\\\/prestige-4.jpg\",\"width\":1000,\"height\":667,\"caption\":\"Prestige Auto\"},{\"@type\":\"BreadcrumbList\",\"@id\":\"https:\\\/\\\/autofans.com.ar\\\/index.php\\\/2025\\\/12\\\/10\\\/prestige-auto-presenta-su-mercedes-amg-para-el-turismo-carretera-2026\\\/#breadcrumb\",\"itemListElement\":[{\"@type\":\"ListItem\",\"position\":1,\"name\":\"Inicio\",\"item\":\"https:\\\/\\\/autofans.com.ar\\\/\"},{\"@type\":\"ListItem\",\"position\":2,\"name\":\"Prestige Auto presenta su Mercedes-AMG para el Turismo Carretera 2026\"}]},{\"@type\":\"WebSite\",\"@id\":\"https:\\\/\\\/autofans.com.ar\\\/#website\",\"url\":\"https:\\\/\\\/autofans.com.ar\\\/\",\"name\":\"\",\"description\":\"El multimedio referente de la industria automotriz\",\"potentialAction\":[{\"@type\":\"SearchAction\",\"target\":{\"@type\":\"EntryPoint\",\"urlTemplate\":\"https:\\\/\\\/autofans.com.ar\\\/?s={search_term_string}\"},\"query-input\":{\"@type\":\"PropertyValueSpecification\",\"valueRequired\":true,\"valueName\":\"search_term_string\"}}],\"inLanguage\":\"es\"},{\"@type\":\"Person\",\"@id\":\"https:\\\/\\\/autofans.com.ar\\\/#\\\/schema\\\/person\\\/4a8dda0b6df83ac3d6723e921274c2aa\",\"name\":\"Alejandro Gabriel Rosito\",\"image\":{\"@type\":\"ImageObject\",\"inLanguage\":\"es\",\"@id\":\"https:\\\/\\\/secure.gravatar.com\\\/avatar\\\/16c5dda1489adfc62618084dcbb91cffd879c374b13fe5dd8e44ed6733852c88?s=96&d=mm&r=g\",\"url\":\"https:\\\/\\\/secure.gravatar.com\\\/avatar\\\/16c5dda1489adfc62618084dcbb91cffd879c374b13fe5dd8e44ed6733852c88?s=96&d=mm&r=g\",\"contentUrl\":\"https:\\\/\\\/secure.gravatar.com\\\/avatar\\\/16c5dda1489adfc62618084dcbb91cffd879c374b13fe5dd8e44ed6733852c88?s=96&d=mm&r=g\",\"caption\":\"Alejandro Gabriel Rosito\"},\"url\":\"https:\\\/\\\/autofans.com.ar\\\/index.php\\\/author\\\/gabrielr\\\/\"}]}<\/script>\n<!-- \/ Yoast SEO plugin. -->","yoast_head_json":{"title":"Prestige Auto presenta su Mercedes-AMG para el Turismo Carretera 2026 -","description":"Prestige Auto, representante de Mercedes-Benz en Argentina present\u00f3 el TC Mercedes-AMG CLE 53. Con este veh\u00edculo el Prestige Auto Racing Team","robots":{"index":"index","follow":"follow","max-snippet":"max-snippet:-1","max-image-preview":"max-image-preview:large","max-video-preview":"max-video-preview:-1"},"canonical":"https:\/\/autofans.com.ar\/index.php\/2025\/12\/10\/prestige-auto-presenta-su-mercedes-amg-para-el-turismo-carretera-2026\/","og_locale":"es_ES","og_type":"article","og_title":"Prestige Auto presenta su Mercedes-AMG para el Turismo Carretera 2026 -","og_description":"Prestige Auto, representante de Mercedes-Benz en Argentina present\u00f3 el TC Mercedes-AMG CLE 53. Con este veh\u00edculo el Prestige Auto Racing Team","og_url":"https:\/\/autofans.com.ar\/index.php\/2025\/12\/10\/prestige-auto-presenta-su-mercedes-amg-para-el-turismo-carretera-2026\/","article_published_time":"2025-12-10T19:34:41+00:00","og_image":[{"width":1000,"height":667,"url":"https:\/\/autofans.com.ar\/wp-content\/uploads\/2025\/12\/prestige-4.jpg","type":"image\/jpeg"}],"author":"Alejandro Gabriel Rosito","twitter_card":"summary_large_image","twitter_misc":{"Escrito por":"Alejandro Gabriel Rosito","Tiempo de lectura":"3 minutos"},"schema":{"@context":"https:\/\/schema.org","@graph":[{"@type":"Article","@id":"https:\/\/autofans.com.ar\/index.php\/2025\/12\/10\/prestige-auto-presenta-su-mercedes-amg-para-el-turismo-carretera-2026\/#article","isPartOf":{"@id":"https:\/\/autofans.com.ar\/index.php\/2025\/12\/10\/prestige-auto-presenta-su-mercedes-amg-para-el-turismo-carretera-2026\/"},"author":{"name":"Alejandro Gabriel Rosito","@id":"https:\/\/autofans.com.ar\/#\/schema\/person\/4a8dda0b6df83ac3d6723e921274c2aa"},"headline":"Prestige Auto presenta su Mercedes-AMG para el Turismo Carretera 2026","datePublished":"2025-12-10T19:34:41+00:00","mainEntityOfPage":{"@id":"https:\/\/autofans.com.ar\/index.php\/2025\/12\/10\/prestige-auto-presenta-su-mercedes-amg-para-el-turismo-carretera-2026\/"},"wordCount":587,"image":{"@id":"https:\/\/autofans.com.ar\/index.php\/2025\/12\/10\/prestige-auto-presenta-su-mercedes-amg-para-el-turismo-carretera-2026\/#primaryimage"},"thumbnailUrl":"https:\/\/autofans.com.ar\/wp-content\/uploads\/2025\/12\/prestige-4.jpg","keywords":["Automovilismo argentino","Diego Azar","Maquin Parts Racing","Mercedes-AMG CLE 53","Mercedes-Benz Turismo Carretera","Otto Fritzler","Prestige Auto Racing","TC 2026"],"articleSection":["DEPORTE MOTOR","NOTICIAS"],"inLanguage":"es"},{"@type":"WebPage","@id":"https:\/\/autofans.com.ar\/index.php\/2025\/12\/10\/prestige-auto-presenta-su-mercedes-amg-para-el-turismo-carretera-2026\/","url":"https:\/\/autofans.com.ar\/index.php\/2025\/12\/10\/prestige-auto-presenta-su-mercedes-amg-para-el-turismo-carretera-2026\/","name":"Prestige Auto presenta su Mercedes-AMG para el Turismo Carretera 2026 -","isPartOf":{"@id":"https:\/\/autofans.com.ar\/#website"},"primaryImageOfPage":{"@id":"https:\/\/autofans.com.ar\/index.php\/2025\/12\/10\/prestige-auto-presenta-su-mercedes-amg-para-el-turismo-carretera-2026\/#primaryimage"},"image":{"@id":"https:\/\/autofans.com.ar\/index.php\/2025\/12\/10\/prestige-auto-presenta-su-mercedes-amg-para-el-turismo-carretera-2026\/#primaryimage"},"thumbnailUrl":"https:\/\/autofans.com.ar\/wp-content\/uploads\/2025\/12\/prestige-4.jpg","datePublished":"2025-12-10T19:34:41+00:00","author":{"@id":"https:\/\/autofans.com.ar\/#\/schema\/person\/4a8dda0b6df83ac3d6723e921274c2aa"},"description":"Prestige Auto, representante de Mercedes-Benz en Argentina present\u00f3 el TC Mercedes-AMG CLE 53. Con este veh\u00edculo el Prestige Auto Racing Team","breadcrumb":{"@id":"https:\/\/autofans.com.ar\/index.php\/2025\/12\/10\/prestige-auto-presenta-su-mercedes-amg-para-el-turismo-carretera-2026\/#breadcrumb"},"inLanguage":"es","potentialAction":[{"@type":"ReadAction","target":["https:\/\/autofans.com.ar\/index.php\/2025\/12\/10\/prestige-auto-presenta-su-mercedes-amg-para-el-turismo-carretera-2026\/"]}]},{"@type":"ImageObject","inLanguage":"es","@id":"https:\/\/autofans.com.ar\/index.php\/2025\/12\/10\/prestige-auto-presenta-su-mercedes-amg-para-el-turismo-carretera-2026\/#primaryimage","url":"https:\/\/autofans.com.ar\/wp-content\/uploads\/2025\/12\/prestige-4.jpg","contentUrl":"https:\/\/autofans.com.ar\/wp-content\/uploads\/2025\/12\/prestige-4.jpg","width":1000,"height":667,"caption":"Prestige Auto"},{"@type":"BreadcrumbList","@id":"https:\/\/autofans.com.ar\/index.php\/2025\/12\/10\/prestige-auto-presenta-su-mercedes-amg-para-el-turismo-carretera-2026\/#breadcrumb","itemListElement":[{"@type":"ListItem","position":1,"name":"Inicio","item":"https:\/\/autofans.com.ar\/"},{"@type":"ListItem","position":2,"name":"Prestige Auto presenta su Mercedes-AMG para el Turismo Carretera 2026"}]},{"@type":"WebSite","@id":"https:\/\/autofans.com.ar\/#website","url":"https:\/\/autofans.com.ar\/","name":"","description":"El multimedio referente de la industria automotriz","potentialAction":[{"@type":"SearchAction","target":{"@type":"EntryPoint","urlTemplate":"https:\/\/autofans.com.ar\/?s={search_term_string}"},"query-input":{"@type":"PropertyValueSpecification","valueRequired":true,"valueName":"search_term_string"}}],"inLanguage":"es"},{"@type":"Person","@id":"https:\/\/autofans.com.ar\/#\/schema\/person\/4a8dda0b6df83ac3d6723e921274c2aa","name":"Alejandro Gabriel Rosito","image":{"@type":"ImageObject","inLanguage":"es","@id":"https:\/\/secure.gravatar.com\/avatar\/16c5dda1489adfc62618084dcbb91cffd879c374b13fe5dd8e44ed6733852c88?s=96&d=mm&r=g","url":"https:\/\/secure.gravatar.com\/avatar\/16c5dda1489adfc62618084dcbb91cffd879c374b13fe5dd8e44ed6733852c88?s=96&d=mm&r=g","contentUrl":"https:\/\/secure.gravatar.com\/avatar\/16c5dda1489adfc62618084dcbb91cffd879c374b13fe5dd8e44ed6733852c88?s=96&d=mm&r=g","caption":"Alejandro Gabriel Rosito"},"url":"https:\/\/autofans.com.ar\/index.php\/author\/gabrielr\/"}]}},"featured_image_urls":{"full":["https:\/\/autofans.com.ar\/wp-content\/uploads\/2025\/12\/prestige-4.jpg",1000,667,false],"thumbnail":["https:\/\/autofans.com.ar\/wp-content\/uploads\/2025\/12\/prestige-4-150x150.jpg",150,150,true],"medium":["https:\/\/autofans.com.ar\/wp-content\/uploads\/2025\/12\/prestige-4-300x200.jpg",300,200,true],"medium_large":["https:\/\/autofans.com.ar\/wp-content\/uploads\/2025\/12\/prestige-4-768x512.jpg",640,427,true],"large":["https:\/\/autofans.com.ar\/wp-content\/uploads\/2025\/12\/prestige-4.jpg",640,427,false],"1536x1536":["https:\/\/autofans.com.ar\/wp-content\/uploads\/2025\/12\/prestige-4.jpg",1000,667,false],"2048x2048":["https:\/\/autofans.com.ar\/wp-content\/uploads\/2025\/12\/prestige-4.jpg",1000,667,false],"covernews-featured":["https:\/\/autofans.com.ar\/wp-content\/uploads\/2025\/12\/prestige-4.jpg",1000,667,false],"covernews-medium":["https:\/\/autofans.com.ar\/wp-content\/uploads\/2025\/12\/prestige-4-540x340.jpg",540,340,true]},"author_info":{"display_name":"Alejandro Gabriel Rosito","author_link":"https:\/\/autofans.com.ar\/index.php\/author\/gabrielr\/"},"category_info":"<a href=\"https:\/\/autofans.com.ar\/index.php\/category\/noticias\/deporte\/\" rel=\"category tag\">DEPORTE MOTOR<\/a> <a href=\"https:\/\/autofans.com.ar\/index.php\/category\/noticias\/\" rel=\"category tag\">NOTICIAS<\/a>","tag_info":"NOTICIAS","comment_count":0,"_links":{"self":[{"href":"https:\/\/autofans.com.ar\/index.php\/wp-json\/wp\/v2\/posts\/15177","targetHints":{"allow":["GET"]}}],"collection":[{"href":"https:\/\/autofans.com.ar\/index.php\/wp-json\/wp\/v2\/posts"}],"about":[{"href":"https:\/\/autofans.com.ar\/index.php\/wp-json\/wp\/v2\/types\/post"}],"author":[{"embeddable":true,"href":"https:\/\/autofans.com.ar\/index.php\/wp-json\/wp\/v2\/users\/2"}],"replies":[{"embeddable":true,"href":"https:\/\/autofans.com.ar\/index.php\/wp-json\/wp\/v2\/comments?post=15177"}],"version-history":[{"count":2,"href":"https:\/\/autofans.com.ar\/index.php\/wp-json\/wp\/v2\/posts\/15177\/revisions"}],"predecessor-version":[{"id":15186,"href":"https:\/\/autofans.com.ar\/index.php\/wp-json\/wp\/v2\/posts\/15177\/revisions\/15186"}],"wp:featuredmedia":[{"embeddable":true,"href":"https:\/\/autofans.com.ar\/index.php\/wp-json\/wp\/v2\/media\/15180"}],"wp:attachment":[{"href":"https:\/\/autofans.com.ar\/index.php\/wp-json\/wp\/v2\/media?parent=15177"}],"wp:term":[{"taxonomy":"category","embeddable":true,"href":"https:\/\/autofans.com.ar\/index.php\/wp-json\/wp\/v2\/categories?post=15177"},{"taxonomy":"post_tag","embeddable":true,"href":"https:\/\/autofans.com.ar\/index.php\/wp-json\/wp\/v2\/tags?post=15177"}],"curies":[{"name":"wp","href":"https:\/\/api.w.org\/{rel}","templated":true}]}}