{"id":15187,"date":"2025-12-10T18:21:10","date_gmt":"2025-12-10T21:21:10","guid":{"rendered":"https:\/\/autofans.com.ar\/?p=15187"},"modified":"2025-12-10T18:21:10","modified_gmt":"2025-12-10T21:21:10","slug":"china-y-la-mega-fabrica-de-autos-electricos-de-byd","status":"publish","type":"post","link":"https:\/\/autofans.com.ar\/index.php\/2025\/12\/10\/china-y-la-mega-fabrica-de-autos-electricos-de-byd\/","title":{"rendered":"China y la mega f\u00e1brica de autos el\u00e9ctricos de BYD"},"content":{"rendered":"<p class=\"ds-markdown-paragraph\">China est\u00e1 reescribiendo las reglas de la industria automotriz. No con un auto nuevo, sino con un concepto radical de f\u00e1brica. BYD, el gigante chino de veh\u00edculos el\u00e9ctricos, est\u00e1 construyendo un complejo que no es solo una planta de producci\u00f3n: es una ciudad industrial autosuficiente.<\/p>\n<p class=\"ds-markdown-paragraph\">Este megaproyecto, uno de los mayores de BYD fuera de su sede en Shenzhen, tiene una escala urbana. Su tama\u00f1o superar\u00e1 al de la ciudad de Barcelona. Dentro de sus l\u00edmites funciona un ecosistema completo: calles internas, transporte p\u00fablico el\u00e9ctrico, dormitorios para empleados, hospitales, centrales energ\u00e9ticas y sistemas de reciclaje. Miles de trabajadores viven, producen y se desplazan sin salir del predio.<\/p>\n<p>&nbsp;<\/p>\n<h2 class=\"ds-markdown-paragraph\">\u00bfC\u00f3mo funciona esta mega f\u00e1brica?<\/h2>\n<p>&nbsp;<\/p>\n<p><img fetchpriority=\"high\" decoding=\"async\" class=\"aligncenter wp-image-15189 size-full\" src=\"https:\/\/autofans.com.ar\/wp-content\/uploads\/2025\/12\/BYD-2.jpg\" alt=\"BYD\" width=\"1000\" height=\"667\" srcset=\"https:\/\/autofans.com.ar\/wp-content\/uploads\/2025\/12\/BYD-2.jpg 1000w, https:\/\/autofans.com.ar\/wp-content\/uploads\/2025\/12\/BYD-2-300x200.jpg 300w, https:\/\/autofans.com.ar\/wp-content\/uploads\/2025\/12\/BYD-2-768x512.jpg 768w\" sizes=\"(max-width: 1000px) 100vw, 1000px\" \/><\/p>\n<p>&nbsp;<\/p>\n<p class=\"ds-markdown-paragraph\">La estrategia es clara: control total. El objetivo es fabricar autos el\u00e9ctricos accesibles y eficientes para el mercado global a una velocidad sin precedentes.<\/p>\n<p class=\"ds-markdown-paragraph\">La clave est\u00e1 en la verticalizaci\u00f3n. La planta no es una simple l\u00ednea de ensamblaje. En un mismo territorio, produce desde las celdas de las bater\u00edas y los chips semiconductores hasta los motores y el veh\u00edculo terminado. Esta integraci\u00f3n elimina la dependencia de proveedores externos.<\/p>\n<p>&nbsp;<\/p>\n<h2 class=\"ds-markdown-paragraph\">BYD, los pilares de la \u201curbe corporativa\u201d<\/h2>\n<p>&nbsp;<\/p>\n<p><img decoding=\"async\" class=\"aligncenter wp-image-15190 size-full\" src=\"https:\/\/autofans.com.ar\/wp-content\/uploads\/2025\/12\/byd-1.jpg\" alt=\"BYD\" width=\"1000\" height=\"667\" srcset=\"https:\/\/autofans.com.ar\/wp-content\/uploads\/2025\/12\/byd-1.jpg 1000w, https:\/\/autofans.com.ar\/wp-content\/uploads\/2025\/12\/byd-1-300x200.jpg 300w, https:\/\/autofans.com.ar\/wp-content\/uploads\/2025\/12\/byd-1-768x512.jpg 768w\" sizes=\"(max-width: 1000px) 100vw, 1000px\" \/><\/p>\n<p>&nbsp;<\/p>\n<ul>\n<li>\n<p class=\"ds-markdown-paragraph\">Autosuficiencia energ\u00e9tica: El complejo integra paneles solares, sistemas de almacenamiento y gesti\u00f3n inteligente de energ\u00eda.<\/p>\n<\/li>\n<li>\n<p class=\"ds-markdown-paragraph\">Automatizaci\u00f3n masiva: Miles de robots realizan tareas de ensamblaje con precisi\u00f3n milim\u00e9trica.<\/p>\n<\/li>\n<li>\n<p class=\"ds-markdown-paragraph\">Reducci\u00f3n de costos operativos: Al evitar el transporte de componentes y minimizar la log\u00edstica externa, se recortan gastos y tiempos muertos.<\/p>\n<\/li>\n<li>\n<p class=\"ds-markdown-paragraph\">Foco exportador: La producci\u00f3n est\u00e1 dise\u00f1ada para abastecer mercados clave como Am\u00e9rica Latina, Europa y \u00c1frica.<\/p>\n<\/li>\n<li>\n<p class=\"ds-markdown-paragraph\">Innovaci\u00f3n in situ: El campus incluye laboratorios de prueba y desarrollo para la mejora continua.<\/p>\n<\/li>\n<\/ul>\n<p class=\"ds-markdown-paragraph\">La velocidad de su construcci\u00f3n no es casual. Es una jugada estrat\u00e9gica para posicionar a BYD como la respuesta inmediata cuando el mundo demande movilidad el\u00e9ctrica a gran escala. Este complejo simboliza un cambio de era: China ya no imita, sino que arquitecta el futuro del transporte global.<\/p>\n<p>&nbsp;<\/p>\n<p>&nbsp;<\/p>\n<p>&nbsp;<\/p>\n<p><i>Para enterarte de m\u00e1s novedades, no dejes de leer\u00a0<\/i><a href=\"https:\/\/autofans.thebrandsoup.com\/\"><i>nuestras notas<\/i><\/a><i>, de ver\u00a0<\/i><a href=\"https:\/\/www.youtube.com\/channel\/UCgAC8UGHZYbT6P7PpmVnP7g\"><i>AUTOFANS TV<\/i><\/a><i>\u00a0en nuestro\u00a0canal de Youtube. Adem\u00e1s seguinos en\u00a0<\/i><a href=\"https:\/\/www.instagram.com\/autofanstv\/\"><i>INSTAGRAM<\/i><\/a><i> y <\/i><a href=\"https:\/\/www.facebook.com\/autofansmas\/\"><i>FACEBOOK<\/i><\/a><i> para no perderte nada sobre las novedades del segmento automotor de Argentina y el mundo.<\/i><\/p>\n","protected":false},"excerpt":{"rendered":"<p>China est\u00e1 reescribiendo las reglas de la industria automotriz. No con un auto nuevo, sino&#8230;<\/p>\n","protected":false},"author":2,"featured_media":15188,"comment_status":"closed","ping_status":"closed","sticky":false,"template":"","format":"standard","meta":{"footnotes":""},"categories":[292,16],"tags":[49,1767,6076,1189,7986,1223,7984,86,886,7985,7987,359],"class_list":["post-15187","post","type-post","status-publish","format-standard","has-post-thumbnail","hentry","category-empresas","category-noticias","tag-automotriz","tag-baterias","tag-byd","tag-china","tag-ciudad-industrial","tag-exportacion","tag-fabrica-de-autos-electricos","tag-industria-automotriz","tag-innovacion-automotriz","tag-mega-fabrica","tag-produccion-verticalizada","tag-vehiculos-electricos"],"yoast_head":"<!-- This site is optimized with the Yoast SEO plugin v27.5 - https:\/\/yoast.com\/product\/yoast-seo-wordpress\/ -->\n<title>China y la mega f\u00e1brica de autos el\u00e9ctricos de BYD -<\/title>\n<meta name=\"description\" content=\"China est\u00e1 reescribiendo las reglas de la industria automotriz. No con un auto nuevo, sino con un concepto radical de f\u00e1brica. BYD...\" \/>\n<meta name=\"robots\" content=\"index, follow, max-snippet:-1, max-image-preview:large, max-video-preview:-1\" \/>\n<link rel=\"canonical\" href=\"https:\/\/autofans.com.ar\/index.php\/2025\/12\/10\/china-y-la-mega-fabrica-de-autos-electricos-de-byd\/\" \/>\n<meta property=\"og:locale\" content=\"es_ES\" \/>\n<meta property=\"og:type\" content=\"article\" \/>\n<meta property=\"og:title\" content=\"China y la mega f\u00e1brica de autos el\u00e9ctricos de BYD -\" \/>\n<meta property=\"og:description\" content=\"China est\u00e1 reescribiendo las reglas de la industria automotriz. No con un auto nuevo, sino con un concepto radical de f\u00e1brica. BYD...\" \/>\n<meta property=\"og:url\" content=\"https:\/\/autofans.com.ar\/index.php\/2025\/12\/10\/china-y-la-mega-fabrica-de-autos-electricos-de-byd\/\" \/>\n<meta property=\"article:published_time\" content=\"2025-12-10T21:21:10+00:00\" \/>\n<meta property=\"og:image\" content=\"https:\/\/autofans.com.ar\/wp-content\/uploads\/2025\/12\/BYD-3.jpg\" \/>\n\t<meta property=\"og:image:width\" content=\"1000\" \/>\n\t<meta property=\"og:image:height\" content=\"667\" \/>\n\t<meta property=\"og:image:type\" content=\"image\/jpeg\" \/>\n<meta name=\"author\" content=\"Alejandro Gabriel Rosito\" \/>\n<meta name=\"twitter:card\" content=\"summary_large_image\" \/>\n<meta name=\"twitter:label1\" content=\"Escrito por\" \/>\n\t<meta name=\"twitter:data1\" content=\"Alejandro Gabriel Rosito\" \/>\n\t<meta name=\"twitter:label2\" content=\"Tiempo de lectura\" \/>\n\t<meta name=\"twitter:data2\" content=\"3 minutos\" \/>\n<script type=\"application\/ld+json\" class=\"yoast-schema-graph\">{\"@context\":\"https:\\\/\\\/schema.org\",\"@graph\":[{\"@type\":\"Article\",\"@id\":\"https:\\\/\\\/autofans.com.ar\\\/index.php\\\/2025\\\/12\\\/10\\\/china-y-la-mega-fabrica-de-autos-electricos-de-byd\\\/#article\",\"isPartOf\":{\"@id\":\"https:\\\/\\\/autofans.com.ar\\\/index.php\\\/2025\\\/12\\\/10\\\/china-y-la-mega-fabrica-de-autos-electricos-de-byd\\\/\"},\"author\":{\"name\":\"Alejandro Gabriel Rosito\",\"@id\":\"https:\\\/\\\/autofans.com.ar\\\/#\\\/schema\\\/person\\\/4a8dda0b6df83ac3d6723e921274c2aa\"},\"headline\":\"China y la mega f\u00e1brica de autos el\u00e9ctricos de BYD\",\"datePublished\":\"2025-12-10T21:21:10+00:00\",\"mainEntityOfPage\":{\"@id\":\"https:\\\/\\\/autofans.com.ar\\\/index.php\\\/2025\\\/12\\\/10\\\/china-y-la-mega-fabrica-de-autos-electricos-de-byd\\\/\"},\"wordCount\":411,\"image\":{\"@id\":\"https:\\\/\\\/autofans.com.ar\\\/index.php\\\/2025\\\/12\\\/10\\\/china-y-la-mega-fabrica-de-autos-electricos-de-byd\\\/#primaryimage\"},\"thumbnailUrl\":\"https:\\\/\\\/autofans.com.ar\\\/wp-content\\\/uploads\\\/2025\\\/12\\\/BYD-3.jpg\",\"keywords\":[\"Automotriz\",\"bater\u00edas\",\"BYD\",\"China\",\"ciudad industrial\",\"exportaci\u00f3n\",\"f\u00e1brica de autos el\u00e9ctricos\",\"Industria Automotriz\",\"Innovaci\u00f3n automotriz\",\"mega f\u00e1brica\",\"producci\u00f3n verticalizada\",\"veh\u00edculos el\u00e9ctricos\"],\"articleSection\":[\"EMPRESAS\",\"NOTICIAS\"],\"inLanguage\":\"es\"},{\"@type\":\"WebPage\",\"@id\":\"https:\\\/\\\/autofans.com.ar\\\/index.php\\\/2025\\\/12\\\/10\\\/china-y-la-mega-fabrica-de-autos-electricos-de-byd\\\/\",\"url\":\"https:\\\/\\\/autofans.com.ar\\\/index.php\\\/2025\\\/12\\\/10\\\/china-y-la-mega-fabrica-de-autos-electricos-de-byd\\\/\",\"name\":\"China y la mega f\u00e1brica de autos el\u00e9ctricos de BYD -\",\"isPartOf\":{\"@id\":\"https:\\\/\\\/autofans.com.ar\\\/#website\"},\"primaryImageOfPage\":{\"@id\":\"https:\\\/\\\/autofans.com.ar\\\/index.php\\\/2025\\\/12\\\/10\\\/china-y-la-mega-fabrica-de-autos-electricos-de-byd\\\/#primaryimage\"},\"image\":{\"@id\":\"https:\\\/\\\/autofans.com.ar\\\/index.php\\\/2025\\\/12\\\/10\\\/china-y-la-mega-fabrica-de-autos-electricos-de-byd\\\/#primaryimage\"},\"thumbnailUrl\":\"https:\\\/\\\/autofans.com.ar\\\/wp-content\\\/uploads\\\/2025\\\/12\\\/BYD-3.jpg\",\"datePublished\":\"2025-12-10T21:21:10+00:00\",\"author\":{\"@id\":\"https:\\\/\\\/autofans.com.ar\\\/#\\\/schema\\\/person\\\/4a8dda0b6df83ac3d6723e921274c2aa\"},\"description\":\"China est\u00e1 reescribiendo las reglas de la industria automotriz. No con un auto nuevo, sino con un concepto radical de f\u00e1brica. BYD...\",\"breadcrumb\":{\"@id\":\"https:\\\/\\\/autofans.com.ar\\\/index.php\\\/2025\\\/12\\\/10\\\/china-y-la-mega-fabrica-de-autos-electricos-de-byd\\\/#breadcrumb\"},\"inLanguage\":\"es\",\"potentialAction\":[{\"@type\":\"ReadAction\",\"target\":[\"https:\\\/\\\/autofans.com.ar\\\/index.php\\\/2025\\\/12\\\/10\\\/china-y-la-mega-fabrica-de-autos-electricos-de-byd\\\/\"]}]},{\"@type\":\"ImageObject\",\"inLanguage\":\"es\",\"@id\":\"https:\\\/\\\/autofans.com.ar\\\/index.php\\\/2025\\\/12\\\/10\\\/china-y-la-mega-fabrica-de-autos-electricos-de-byd\\\/#primaryimage\",\"url\":\"https:\\\/\\\/autofans.com.ar\\\/wp-content\\\/uploads\\\/2025\\\/12\\\/BYD-3.jpg\",\"contentUrl\":\"https:\\\/\\\/autofans.com.ar\\\/wp-content\\\/uploads\\\/2025\\\/12\\\/BYD-3.jpg\",\"width\":1000,\"height\":667,\"caption\":\"BYD\"},{\"@type\":\"BreadcrumbList\",\"@id\":\"https:\\\/\\\/autofans.com.ar\\\/index.php\\\/2025\\\/12\\\/10\\\/china-y-la-mega-fabrica-de-autos-electricos-de-byd\\\/#breadcrumb\",\"itemListElement\":[{\"@type\":\"ListItem\",\"position\":1,\"name\":\"Inicio\",\"item\":\"https:\\\/\\\/autofans.com.ar\\\/\"},{\"@type\":\"ListItem\",\"position\":2,\"name\":\"China y la mega f\u00e1brica de autos el\u00e9ctricos de BYD\"}]},{\"@type\":\"WebSite\",\"@id\":\"https:\\\/\\\/autofans.com.ar\\\/#website\",\"url\":\"https:\\\/\\\/autofans.com.ar\\\/\",\"name\":\"\",\"description\":\"El multimedio referente de la industria automotriz\",\"potentialAction\":[{\"@type\":\"SearchAction\",\"target\":{\"@type\":\"EntryPoint\",\"urlTemplate\":\"https:\\\/\\\/autofans.com.ar\\\/?s={search_term_string}\"},\"query-input\":{\"@type\":\"PropertyValueSpecification\",\"valueRequired\":true,\"valueName\":\"search_term_string\"}}],\"inLanguage\":\"es\"},{\"@type\":\"Person\",\"@id\":\"https:\\\/\\\/autofans.com.ar\\\/#\\\/schema\\\/person\\\/4a8dda0b6df83ac3d6723e921274c2aa\",\"name\":\"Alejandro Gabriel Rosito\",\"image\":{\"@type\":\"ImageObject\",\"inLanguage\":\"es\",\"@id\":\"https:\\\/\\\/secure.gravatar.com\\\/avatar\\\/16c5dda1489adfc62618084dcbb91cffd879c374b13fe5dd8e44ed6733852c88?s=96&d=mm&r=g\",\"url\":\"https:\\\/\\\/secure.gravatar.com\\\/avatar\\\/16c5dda1489adfc62618084dcbb91cffd879c374b13fe5dd8e44ed6733852c88?s=96&d=mm&r=g\",\"contentUrl\":\"https:\\\/\\\/secure.gravatar.com\\\/avatar\\\/16c5dda1489adfc62618084dcbb91cffd879c374b13fe5dd8e44ed6733852c88?s=96&d=mm&r=g\",\"caption\":\"Alejandro Gabriel Rosito\"},\"url\":\"https:\\\/\\\/autofans.com.ar\\\/index.php\\\/author\\\/gabrielr\\\/\"}]}<\/script>\n<!-- \/ Yoast SEO plugin. -->","yoast_head_json":{"title":"China y la mega f\u00e1brica de autos el\u00e9ctricos de BYD -","description":"China est\u00e1 reescribiendo las reglas de la industria automotriz. No con un auto nuevo, sino con un concepto radical de f\u00e1brica. BYD...","robots":{"index":"index","follow":"follow","max-snippet":"max-snippet:-1","max-image-preview":"max-image-preview:large","max-video-preview":"max-video-preview:-1"},"canonical":"https:\/\/autofans.com.ar\/index.php\/2025\/12\/10\/china-y-la-mega-fabrica-de-autos-electricos-de-byd\/","og_locale":"es_ES","og_type":"article","og_title":"China y la mega f\u00e1brica de autos el\u00e9ctricos de BYD -","og_description":"China est\u00e1 reescribiendo las reglas de la industria automotriz. No con un auto nuevo, sino con un concepto radical de f\u00e1brica. BYD...","og_url":"https:\/\/autofans.com.ar\/index.php\/2025\/12\/10\/china-y-la-mega-fabrica-de-autos-electricos-de-byd\/","article_published_time":"2025-12-10T21:21:10+00:00","og_image":[{"width":1000,"height":667,"url":"https:\/\/autofans.com.ar\/wp-content\/uploads\/2025\/12\/BYD-3.jpg","type":"image\/jpeg"}],"author":"Alejandro Gabriel Rosito","twitter_card":"summary_large_image","twitter_misc":{"Escrito por":"Alejandro Gabriel Rosito","Tiempo de lectura":"3 minutos"},"schema":{"@context":"https:\/\/schema.org","@graph":[{"@type":"Article","@id":"https:\/\/autofans.com.ar\/index.php\/2025\/12\/10\/china-y-la-mega-fabrica-de-autos-electricos-de-byd\/#article","isPartOf":{"@id":"https:\/\/autofans.com.ar\/index.php\/2025\/12\/10\/china-y-la-mega-fabrica-de-autos-electricos-de-byd\/"},"author":{"name":"Alejandro Gabriel Rosito","@id":"https:\/\/autofans.com.ar\/#\/schema\/person\/4a8dda0b6df83ac3d6723e921274c2aa"},"headline":"China y la mega f\u00e1brica de autos el\u00e9ctricos de BYD","datePublished":"2025-12-10T21:21:10+00:00","mainEntityOfPage":{"@id":"https:\/\/autofans.com.ar\/index.php\/2025\/12\/10\/china-y-la-mega-fabrica-de-autos-electricos-de-byd\/"},"wordCount":411,"image":{"@id":"https:\/\/autofans.com.ar\/index.php\/2025\/12\/10\/china-y-la-mega-fabrica-de-autos-electricos-de-byd\/#primaryimage"},"thumbnailUrl":"https:\/\/autofans.com.ar\/wp-content\/uploads\/2025\/12\/BYD-3.jpg","keywords":["Automotriz","bater\u00edas","BYD","China","ciudad industrial","exportaci\u00f3n","f\u00e1brica de autos el\u00e9ctricos","Industria Automotriz","Innovaci\u00f3n automotriz","mega f\u00e1brica","producci\u00f3n verticalizada","veh\u00edculos el\u00e9ctricos"],"articleSection":["EMPRESAS","NOTICIAS"],"inLanguage":"es"},{"@type":"WebPage","@id":"https:\/\/autofans.com.ar\/index.php\/2025\/12\/10\/china-y-la-mega-fabrica-de-autos-electricos-de-byd\/","url":"https:\/\/autofans.com.ar\/index.php\/2025\/12\/10\/china-y-la-mega-fabrica-de-autos-electricos-de-byd\/","name":"China y la mega f\u00e1brica de autos el\u00e9ctricos de BYD -","isPartOf":{"@id":"https:\/\/autofans.com.ar\/#website"},"primaryImageOfPage":{"@id":"https:\/\/autofans.com.ar\/index.php\/2025\/12\/10\/china-y-la-mega-fabrica-de-autos-electricos-de-byd\/#primaryimage"},"image":{"@id":"https:\/\/autofans.com.ar\/index.php\/2025\/12\/10\/china-y-la-mega-fabrica-de-autos-electricos-de-byd\/#primaryimage"},"thumbnailUrl":"https:\/\/autofans.com.ar\/wp-content\/uploads\/2025\/12\/BYD-3.jpg","datePublished":"2025-12-10T21:21:10+00:00","author":{"@id":"https:\/\/autofans.com.ar\/#\/schema\/person\/4a8dda0b6df83ac3d6723e921274c2aa"},"description":"China est\u00e1 reescribiendo las reglas de la industria automotriz. No con un auto nuevo, sino con un concepto radical de f\u00e1brica. BYD...","breadcrumb":{"@id":"https:\/\/autofans.com.ar\/index.php\/2025\/12\/10\/china-y-la-mega-fabrica-de-autos-electricos-de-byd\/#breadcrumb"},"inLanguage":"es","potentialAction":[{"@type":"ReadAction","target":["https:\/\/autofans.com.ar\/index.php\/2025\/12\/10\/china-y-la-mega-fabrica-de-autos-electricos-de-byd\/"]}]},{"@type":"ImageObject","inLanguage":"es","@id":"https:\/\/autofans.com.ar\/index.php\/2025\/12\/10\/china-y-la-mega-fabrica-de-autos-electricos-de-byd\/#primaryimage","url":"https:\/\/autofans.com.ar\/wp-content\/uploads\/2025\/12\/BYD-3.jpg","contentUrl":"https:\/\/autofans.com.ar\/wp-content\/uploads\/2025\/12\/BYD-3.jpg","width":1000,"height":667,"caption":"BYD"},{"@type":"BreadcrumbList","@id":"https:\/\/autofans.com.ar\/index.php\/2025\/12\/10\/china-y-la-mega-fabrica-de-autos-electricos-de-byd\/#breadcrumb","itemListElement":[{"@type":"ListItem","position":1,"name":"Inicio","item":"https:\/\/autofans.com.ar\/"},{"@type":"ListItem","position":2,"name":"China y la mega f\u00e1brica de autos el\u00e9ctricos de BYD"}]},{"@type":"WebSite","@id":"https:\/\/autofans.com.ar\/#website","url":"https:\/\/autofans.com.ar\/","name":"","description":"El multimedio referente de la industria automotriz","potentialAction":[{"@type":"SearchAction","target":{"@type":"EntryPoint","urlTemplate":"https:\/\/autofans.com.ar\/?s={search_term_string}"},"query-input":{"@type":"PropertyValueSpecification","valueRequired":true,"valueName":"search_term_string"}}],"inLanguage":"es"},{"@type":"Person","@id":"https:\/\/autofans.com.ar\/#\/schema\/person\/4a8dda0b6df83ac3d6723e921274c2aa","name":"Alejandro Gabriel Rosito","image":{"@type":"ImageObject","inLanguage":"es","@id":"https:\/\/secure.gravatar.com\/avatar\/16c5dda1489adfc62618084dcbb91cffd879c374b13fe5dd8e44ed6733852c88?s=96&d=mm&r=g","url":"https:\/\/secure.gravatar.com\/avatar\/16c5dda1489adfc62618084dcbb91cffd879c374b13fe5dd8e44ed6733852c88?s=96&d=mm&r=g","contentUrl":"https:\/\/secure.gravatar.com\/avatar\/16c5dda1489adfc62618084dcbb91cffd879c374b13fe5dd8e44ed6733852c88?s=96&d=mm&r=g","caption":"Alejandro Gabriel Rosito"},"url":"https:\/\/autofans.com.ar\/index.php\/author\/gabrielr\/"}]}},"featured_image_urls":{"full":["https:\/\/autofans.com.ar\/wp-content\/uploads\/2025\/12\/BYD-3.jpg",1000,667,false],"thumbnail":["https:\/\/autofans.com.ar\/wp-content\/uploads\/2025\/12\/BYD-3-150x150.jpg",150,150,true],"medium":["https:\/\/autofans.com.ar\/wp-content\/uploads\/2025\/12\/BYD-3-300x200.jpg",300,200,true],"medium_large":["https:\/\/autofans.com.ar\/wp-content\/uploads\/2025\/12\/BYD-3-768x512.jpg",640,427,true],"large":["https:\/\/autofans.com.ar\/wp-content\/uploads\/2025\/12\/BYD-3.jpg",640,427,false],"1536x1536":["https:\/\/autofans.com.ar\/wp-content\/uploads\/2025\/12\/BYD-3.jpg",1000,667,false],"2048x2048":["https:\/\/autofans.com.ar\/wp-content\/uploads\/2025\/12\/BYD-3.jpg",1000,667,false],"covernews-featured":["https:\/\/autofans.com.ar\/wp-content\/uploads\/2025\/12\/BYD-3.jpg",1000,667,false],"covernews-medium":["https:\/\/autofans.com.ar\/wp-content\/uploads\/2025\/12\/BYD-3-540x340.jpg",540,340,true]},"author_info":{"display_name":"Alejandro Gabriel Rosito","author_link":"https:\/\/autofans.com.ar\/index.php\/author\/gabrielr\/"},"category_info":"<a href=\"https:\/\/autofans.com.ar\/index.php\/category\/noticias\/empresas\/\" rel=\"category tag\">EMPRESAS<\/a> <a href=\"https:\/\/autofans.com.ar\/index.php\/category\/noticias\/\" rel=\"category tag\">NOTICIAS<\/a>","tag_info":"NOTICIAS","comment_count":0,"_links":{"self":[{"href":"https:\/\/autofans.com.ar\/index.php\/wp-json\/wp\/v2\/posts\/15187","targetHints":{"allow":["GET"]}}],"collection":[{"href":"https:\/\/autofans.com.ar\/index.php\/wp-json\/wp\/v2\/posts"}],"about":[{"href":"https:\/\/autofans.com.ar\/index.php\/wp-json\/wp\/v2\/types\/post"}],"author":[{"embeddable":true,"href":"https:\/\/autofans.com.ar\/index.php\/wp-json\/wp\/v2\/users\/2"}],"replies":[{"embeddable":true,"href":"https:\/\/autofans.com.ar\/index.php\/wp-json\/wp\/v2\/comments?post=15187"}],"version-history":[{"count":1,"href":"https:\/\/autofans.com.ar\/index.php\/wp-json\/wp\/v2\/posts\/15187\/revisions"}],"predecessor-version":[{"id":15191,"href":"https:\/\/autofans.com.ar\/index.php\/wp-json\/wp\/v2\/posts\/15187\/revisions\/15191"}],"wp:featuredmedia":[{"embeddable":true,"href":"https:\/\/autofans.com.ar\/index.php\/wp-json\/wp\/v2\/media\/15188"}],"wp:attachment":[{"href":"https:\/\/autofans.com.ar\/index.php\/wp-json\/wp\/v2\/media?parent=15187"}],"wp:term":[{"taxonomy":"category","embeddable":true,"href":"https:\/\/autofans.com.ar\/index.php\/wp-json\/wp\/v2\/categories?post=15187"},{"taxonomy":"post_tag","embeddable":true,"href":"https:\/\/autofans.com.ar\/index.php\/wp-json\/wp\/v2\/tags?post=15187"}],"curies":[{"name":"wp","href":"https:\/\/api.w.org\/{rel}","templated":true}]}}