{"id":1559,"date":"2023-04-14T13:45:26","date_gmt":"2023-04-14T16:45:26","guid":{"rendered":"https:\/\/autofans.com.ar\/?p=1559"},"modified":"2023-04-14T13:45:26","modified_gmt":"2023-04-14T16:45:26","slug":"mercedes-benz-y-bosch-inauguran-centro-de-pruebas-de-vehiculos-en-iracemapolis","status":"publish","type":"post","link":"https:\/\/autofans.com.ar\/index.php\/2023\/04\/14\/mercedes-benz-y-bosch-inauguran-centro-de-pruebas-de-vehiculos-en-iracemapolis\/","title":{"rendered":"Mercedes-Benz y Bosch inauguran Centro de Pruebas de Veh\u00edculos en Iracem\u00e1polis"},"content":{"rendered":"<p>Mercedes-Benz do Brasil, en colaboraci\u00f3n con Robert Bosch Latin America, ha completado la construcci\u00f3n del Centro de Pruebas de Veh\u00edculos de Iracem\u00e1polis (CTVI). El complejo de pruebas m\u00e1s tecnol\u00f3gico del hemisferio sur para el desarrollo y homologaci\u00f3n de productos y componentes de la industria automotriz. Con cinco pistas de prueba en un \u00e1rea de 400.000 metros cuadrados, el CTVI ofrece infraestructura de vanguardia para fabricantes de veh\u00edculos y repuestos automotrices. Con el objetivo de preparar el mercado para los veh\u00edculos y tecnolog\u00edas del futuro.<\/p>\n<p>&nbsp;<\/p>\n<p><img fetchpriority=\"high\" decoding=\"async\" class=\"aligncenter wp-image-1563 size-full\" src=\"https:\/\/autofans.com.ar\/wp-content\/uploads\/2023\/04\/FOTO-1-20-jpg.webp\" alt=\"Mercedes-Benz\" width=\"1000\" height=\"667\" srcset=\"https:\/\/autofans.com.ar\/wp-content\/uploads\/2023\/04\/FOTO-1-20-jpg.webp 1000w, https:\/\/autofans.com.ar\/wp-content\/uploads\/2023\/04\/FOTO-1-20-300x200.webp 300w, https:\/\/autofans.com.ar\/wp-content\/uploads\/2023\/04\/FOTO-1-20-768x512.webp 768w\" sizes=\"(max-width: 1000px) 100vw, 1000px\" \/><\/p>\n<h3>UN HITO EN LA INDUSTRIA AUTOMOTRIZ EN AM\u00c9RICA LATINA<\/h3>\n<p>En cuanto a la nueva instalaci\u00f3n, ubicada en el interior de S\u00e3o Paulo, forma parte de un hito importante para la industria automotriz en Am\u00e9rica Latina y representa un legado para el sector. El CTVI est\u00e1 dise\u00f1ado para realizar pruebas y simulaciones de seguridad. Como as\u00ed tambi\u00e9n eficiencia energ\u00e9tica y nuevas tecnolog\u00edas de asistencia al conductor en veh\u00edculos comerciales ligeros, camiones, autobuses, autom\u00f3viles y maquinaria agr\u00edcola. Entre las pruebas que se realizan en el complejo se encuentran el programa electr\u00f3nico de estabilidad (ESP), el frenado autom\u00e1tico de emergencia, la protecci\u00f3n de peatones y ciclistas (AEB) y los sistemas avanzados de asistencia al conductor (ADAS)\u00ae. Adem\u00e1s, el CTVI tambi\u00e9n permitir\u00e1 pruebas con veh\u00edculos aut\u00f3nomos, h\u00edbridos y el\u00e9ctricos.<\/p>\n<blockquote>\n<p style=\"text-align: center;\">\u00abAl poner esta nueva y moderna estructura a disposici\u00f3n de otras empresas del sector, contribuimos al desarrollo de la industria automotriz. Con el importante diferencial de que toda la estructura se concentrar\u00e1 en una sola ubicaci\u00f3n, optimizando procesos y asegurando ganancias en eficiencia, agilidad y productividad, con calidad, seguridad y confiabilidad\u00bb, se\u00f1al\u00f3 Achim Puchert, Presidente de Mercedes-Benz do Brasil y CEO para Am\u00e9rica Latina.<\/p>\n<\/blockquote>\n<p><img decoding=\"async\" class=\"aligncenter wp-image-1561 size-full\" src=\"https:\/\/autofans.com.ar\/wp-content\/uploads\/2023\/04\/FOTO-3-17-jpg.webp\" alt=\"Mercedes-Benz\" width=\"1000\" height=\"667\" srcset=\"https:\/\/autofans.com.ar\/wp-content\/uploads\/2023\/04\/FOTO-3-17-jpg.webp 1000w, https:\/\/autofans.com.ar\/wp-content\/uploads\/2023\/04\/FOTO-3-17-300x200.webp 300w, https:\/\/autofans.com.ar\/wp-content\/uploads\/2023\/04\/FOTO-3-17-768x512.webp 768w\" sizes=\"(max-width: 1000px) 100vw, 1000px\" \/><\/p>\n<p>Con esta nueva instalaci\u00f3n, <a href=\"https:\/\/www.mercedes-benz-trucks.com\/es_AR\/home.html\" target=\"_blank\" rel=\"noopener\">Mercedes-Benz<\/a> do Brasil y Bosch buscan promover la innovaci\u00f3n y la creaci\u00f3n de soluciones sostenibles para la industria automotriz, ofreciendo su moderna y completa infraestructura a otras empresas del sector. Asimismo el complejo estar\u00e1 disponible para alquiler y ofrecer\u00e1 cajas de taller. Tambi\u00e9n cuenta con estacionamiento de prototipos y oficinas individuales, garantizando total privacidad y confidencialidad. El CTVI representa un avance significativo en la industria automotriz de Am\u00e9rica Latina, brindando a los fabricantes de veh\u00edculos y repuestos automotrices una infraestructura de vanguardia para el desarrollo y homologaci\u00f3n de productos y componentes. Con su ADN pionero de origen Alem\u00e1n, Mercedes-Benz do Brasil <a href=\"https:\/\/www.bosch.com.ar\" target=\"_blank\" rel=\"noopener\">y Bosch<\/a> est\u00e1n comprometidos con la innovaci\u00f3n y la creaci\u00f3n de soluciones sostenibles.<\/p>\n<p>&nbsp;<\/p>\n<p><i>Para enterarte de m\u00e1s novedades, no dejes de leer\u00a0<\/i><a href=\"https:\/\/autofans.thebrandsoup.com\/\"><i>nuestras notas<\/i><\/a><i>, de ver<\/i><b><i>\u00a0<\/i><\/b><a href=\"https:\/\/www.youtube.com\/channel\/UCgAC8UGHZYbT6P7PpmVnP7g\"><b><i>AUTOFANS TV<\/i><\/b><\/a><b><i>\u00a0<\/i><\/b><i>en nuestro\u00a0canal de Youtube. Adem\u00e1s seguinos en\u00a0<\/i><a href=\"https:\/\/www.instagram.com\/autofanstv\/\"><i>INSTAGRAM<\/i><\/a><i> y <\/i><a href=\"https:\/\/www.facebook.com\/autofansmas\/\"><i>FACEBOOK<\/i><\/a><i> para no perderte nada sobre las novedades del segmento automotor de Argentina y el mundo. <\/i><\/p>\n","protected":false},"excerpt":{"rendered":"<p>Mercedes-Benz do Brasil, en colaboraci\u00f3n con Robert Bosch Latin America, ha completado la construcci\u00f3n del&#8230;<\/p>\n","protected":false},"author":2,"featured_media":1560,"comment_status":"closed","ping_status":"closed","sticky":false,"template":"","format":"standard","meta":{"footnotes":""},"categories":[292,16],"tags":[551,692,693,696,695,86,694,364,388],"class_list":["post-1559","post","type-post","status-publish","format-standard","has-post-thumbnail","hentry","category-empresas","category-noticias","tag-america-latina","tag-bosch","tag-centro-de-pruebas","tag-componentes-automotrices","tag-desarrollo-de-productos","tag-industria-automotriz","tag-iracemapolis","tag-mercedes-benz","tag-vehiculos"],"yoast_head":"<!-- This site is optimized with the Yoast SEO plugin v27.5 - https:\/\/yoast.com\/product\/yoast-seo-wordpress\/ -->\n<title>Mercedes-Benz y Bosch inauguran Centro de Pruebas de Veh\u00edculos en Iracem\u00e1polis -<\/title>\n<meta name=\"description\" content=\"Mercedes-Benz do Brasil, en colaboraci\u00f3n con Robert Bosch Latin America, ha completado la construcci\u00f3n del Centro de Pruebas de Veh\u00edculos...\" \/>\n<meta name=\"robots\" content=\"index, follow, max-snippet:-1, max-image-preview:large, max-video-preview:-1\" \/>\n<link rel=\"canonical\" href=\"https:\/\/autofans.com.ar\/index.php\/2023\/04\/14\/mercedes-benz-y-bosch-inauguran-centro-de-pruebas-de-vehiculos-en-iracemapolis\/\" \/>\n<meta property=\"og:locale\" content=\"es_ES\" \/>\n<meta property=\"og:type\" content=\"article\" \/>\n<meta property=\"og:title\" content=\"Mercedes-Benz y Bosch inauguran Centro de Pruebas de Veh\u00edculos en Iracem\u00e1polis -\" \/>\n<meta property=\"og:description\" content=\"Mercedes-Benz do Brasil, en colaboraci\u00f3n con Robert Bosch Latin America, ha completado la construcci\u00f3n del Centro de Pruebas de Veh\u00edculos...\" \/>\n<meta property=\"og:url\" content=\"https:\/\/autofans.com.ar\/index.php\/2023\/04\/14\/mercedes-benz-y-bosch-inauguran-centro-de-pruebas-de-vehiculos-en-iracemapolis\/\" \/>\n<meta property=\"article:published_time\" content=\"2023-04-14T16:45:26+00:00\" \/>\n<meta property=\"og:image\" content=\"https:\/\/autofans.com.ar\/wp-content\/uploads\/2023\/04\/FOTO-4-12-jpg.webp\" \/>\n\t<meta property=\"og:image:width\" content=\"1000\" \/>\n\t<meta property=\"og:image:height\" content=\"667\" \/>\n\t<meta property=\"og:image:type\" content=\"image\/jpeg\" \/>\n<meta name=\"author\" content=\"Alejandro Gabriel Rosito\" \/>\n<meta name=\"twitter:card\" content=\"summary_large_image\" \/>\n<meta name=\"twitter:label1\" content=\"Escrito por\" \/>\n\t<meta name=\"twitter:data1\" content=\"Alejandro Gabriel Rosito\" \/>\n\t<meta name=\"twitter:label2\" content=\"Tiempo de lectura\" \/>\n\t<meta name=\"twitter:data2\" content=\"3 minutos\" \/>\n<script type=\"application\/ld+json\" class=\"yoast-schema-graph\">{\"@context\":\"https:\\\/\\\/schema.org\",\"@graph\":[{\"@type\":\"Article\",\"@id\":\"https:\\\/\\\/autofans.com.ar\\\/index.php\\\/2023\\\/04\\\/14\\\/mercedes-benz-y-bosch-inauguran-centro-de-pruebas-de-vehiculos-en-iracemapolis\\\/#article\",\"isPartOf\":{\"@id\":\"https:\\\/\\\/autofans.com.ar\\\/index.php\\\/2023\\\/04\\\/14\\\/mercedes-benz-y-bosch-inauguran-centro-de-pruebas-de-vehiculos-en-iracemapolis\\\/\"},\"author\":{\"name\":\"Alejandro Gabriel Rosito\",\"@id\":\"https:\\\/\\\/autofans.com.ar\\\/#\\\/schema\\\/person\\\/4a8dda0b6df83ac3d6723e921274c2aa\"},\"headline\":\"Mercedes-Benz y Bosch inauguran Centro de Pruebas de Veh\u00edculos en Iracem\u00e1polis\",\"datePublished\":\"2023-04-14T16:45:26+00:00\",\"mainEntityOfPage\":{\"@id\":\"https:\\\/\\\/autofans.com.ar\\\/index.php\\\/2023\\\/04\\\/14\\\/mercedes-benz-y-bosch-inauguran-centro-de-pruebas-de-vehiculos-en-iracemapolis\\\/\"},\"wordCount\":493,\"image\":{\"@id\":\"https:\\\/\\\/autofans.com.ar\\\/index.php\\\/2023\\\/04\\\/14\\\/mercedes-benz-y-bosch-inauguran-centro-de-pruebas-de-vehiculos-en-iracemapolis\\\/#primaryimage\"},\"thumbnailUrl\":\"https:\\\/\\\/autofans.com.ar\\\/wp-content\\\/uploads\\\/2023\\\/04\\\/FOTO-4-12-jpg.webp\",\"keywords\":[\"Am\u00e9rica Latina\",\"Bosch\",\"Centro de Pruebas\",\"componentes automotrices\",\"desarrollo de productos\",\"Industria Automotriz\",\"Iracem\u00e1polis\",\"Mercedes-Benz\",\"veh\u00edculos\"],\"articleSection\":[\"EMPRESAS\",\"NOTICIAS\"],\"inLanguage\":\"es\"},{\"@type\":\"WebPage\",\"@id\":\"https:\\\/\\\/autofans.com.ar\\\/index.php\\\/2023\\\/04\\\/14\\\/mercedes-benz-y-bosch-inauguran-centro-de-pruebas-de-vehiculos-en-iracemapolis\\\/\",\"url\":\"https:\\\/\\\/autofans.com.ar\\\/index.php\\\/2023\\\/04\\\/14\\\/mercedes-benz-y-bosch-inauguran-centro-de-pruebas-de-vehiculos-en-iracemapolis\\\/\",\"name\":\"Mercedes-Benz y Bosch inauguran Centro de Pruebas de Veh\u00edculos en Iracem\u00e1polis -\",\"isPartOf\":{\"@id\":\"https:\\\/\\\/autofans.com.ar\\\/#website\"},\"primaryImageOfPage\":{\"@id\":\"https:\\\/\\\/autofans.com.ar\\\/index.php\\\/2023\\\/04\\\/14\\\/mercedes-benz-y-bosch-inauguran-centro-de-pruebas-de-vehiculos-en-iracemapolis\\\/#primaryimage\"},\"image\":{\"@id\":\"https:\\\/\\\/autofans.com.ar\\\/index.php\\\/2023\\\/04\\\/14\\\/mercedes-benz-y-bosch-inauguran-centro-de-pruebas-de-vehiculos-en-iracemapolis\\\/#primaryimage\"},\"thumbnailUrl\":\"https:\\\/\\\/autofans.com.ar\\\/wp-content\\\/uploads\\\/2023\\\/04\\\/FOTO-4-12-jpg.webp\",\"datePublished\":\"2023-04-14T16:45:26+00:00\",\"author\":{\"@id\":\"https:\\\/\\\/autofans.com.ar\\\/#\\\/schema\\\/person\\\/4a8dda0b6df83ac3d6723e921274c2aa\"},\"description\":\"Mercedes-Benz do Brasil, en colaboraci\u00f3n con Robert Bosch Latin America, ha completado la construcci\u00f3n del Centro de Pruebas de Veh\u00edculos...\",\"breadcrumb\":{\"@id\":\"https:\\\/\\\/autofans.com.ar\\\/index.php\\\/2023\\\/04\\\/14\\\/mercedes-benz-y-bosch-inauguran-centro-de-pruebas-de-vehiculos-en-iracemapolis\\\/#breadcrumb\"},\"inLanguage\":\"es\",\"potentialAction\":[{\"@type\":\"ReadAction\",\"target\":[\"https:\\\/\\\/autofans.com.ar\\\/index.php\\\/2023\\\/04\\\/14\\\/mercedes-benz-y-bosch-inauguran-centro-de-pruebas-de-vehiculos-en-iracemapolis\\\/\"]}]},{\"@type\":\"ImageObject\",\"inLanguage\":\"es\",\"@id\":\"https:\\\/\\\/autofans.com.ar\\\/index.php\\\/2023\\\/04\\\/14\\\/mercedes-benz-y-bosch-inauguran-centro-de-pruebas-de-vehiculos-en-iracemapolis\\\/#primaryimage\",\"url\":\"https:\\\/\\\/autofans.com.ar\\\/wp-content\\\/uploads\\\/2023\\\/04\\\/FOTO-4-12-jpg.webp\",\"contentUrl\":\"https:\\\/\\\/autofans.com.ar\\\/wp-content\\\/uploads\\\/2023\\\/04\\\/FOTO-4-12-jpg.webp\",\"width\":1000,\"height\":667,\"caption\":\"Mercedes-Benz\"},{\"@type\":\"BreadcrumbList\",\"@id\":\"https:\\\/\\\/autofans.com.ar\\\/index.php\\\/2023\\\/04\\\/14\\\/mercedes-benz-y-bosch-inauguran-centro-de-pruebas-de-vehiculos-en-iracemapolis\\\/#breadcrumb\",\"itemListElement\":[{\"@type\":\"ListItem\",\"position\":1,\"name\":\"Inicio\",\"item\":\"https:\\\/\\\/autofans.com.ar\\\/\"},{\"@type\":\"ListItem\",\"position\":2,\"name\":\"Mercedes-Benz y Bosch inauguran Centro de Pruebas de Veh\u00edculos en Iracem\u00e1polis\"}]},{\"@type\":\"WebSite\",\"@id\":\"https:\\\/\\\/autofans.com.ar\\\/#website\",\"url\":\"https:\\\/\\\/autofans.com.ar\\\/\",\"name\":\"\",\"description\":\"El multimedio referente de la industria automotriz\",\"potentialAction\":[{\"@type\":\"SearchAction\",\"target\":{\"@type\":\"EntryPoint\",\"urlTemplate\":\"https:\\\/\\\/autofans.com.ar\\\/?s={search_term_string}\"},\"query-input\":{\"@type\":\"PropertyValueSpecification\",\"valueRequired\":true,\"valueName\":\"search_term_string\"}}],\"inLanguage\":\"es\"},{\"@type\":\"Person\",\"@id\":\"https:\\\/\\\/autofans.com.ar\\\/#\\\/schema\\\/person\\\/4a8dda0b6df83ac3d6723e921274c2aa\",\"name\":\"Alejandro Gabriel Rosito\",\"image\":{\"@type\":\"ImageObject\",\"inLanguage\":\"es\",\"@id\":\"https:\\\/\\\/secure.gravatar.com\\\/avatar\\\/16c5dda1489adfc62618084dcbb91cffd879c374b13fe5dd8e44ed6733852c88?s=96&d=mm&r=g\",\"url\":\"https:\\\/\\\/secure.gravatar.com\\\/avatar\\\/16c5dda1489adfc62618084dcbb91cffd879c374b13fe5dd8e44ed6733852c88?s=96&d=mm&r=g\",\"contentUrl\":\"https:\\\/\\\/secure.gravatar.com\\\/avatar\\\/16c5dda1489adfc62618084dcbb91cffd879c374b13fe5dd8e44ed6733852c88?s=96&d=mm&r=g\",\"caption\":\"Alejandro Gabriel Rosito\"},\"url\":\"https:\\\/\\\/autofans.com.ar\\\/index.php\\\/author\\\/gabrielr\\\/\"}]}<\/script>\n<!-- \/ Yoast SEO plugin. -->","yoast_head_json":{"title":"Mercedes-Benz y Bosch inauguran Centro de Pruebas de Veh\u00edculos en Iracem\u00e1polis -","description":"Mercedes-Benz do Brasil, en colaboraci\u00f3n con Robert Bosch Latin America, ha completado la construcci\u00f3n del Centro de Pruebas de Veh\u00edculos...","robots":{"index":"index","follow":"follow","max-snippet":"max-snippet:-1","max-image-preview":"max-image-preview:large","max-video-preview":"max-video-preview:-1"},"canonical":"https:\/\/autofans.com.ar\/index.php\/2023\/04\/14\/mercedes-benz-y-bosch-inauguran-centro-de-pruebas-de-vehiculos-en-iracemapolis\/","og_locale":"es_ES","og_type":"article","og_title":"Mercedes-Benz y Bosch inauguran Centro de Pruebas de Veh\u00edculos en Iracem\u00e1polis -","og_description":"Mercedes-Benz do Brasil, en colaboraci\u00f3n con Robert Bosch Latin America, ha completado la construcci\u00f3n del Centro de Pruebas de Veh\u00edculos...","og_url":"https:\/\/autofans.com.ar\/index.php\/2023\/04\/14\/mercedes-benz-y-bosch-inauguran-centro-de-pruebas-de-vehiculos-en-iracemapolis\/","article_published_time":"2023-04-14T16:45:26+00:00","og_image":[{"width":1000,"height":667,"url":"https:\/\/autofans.com.ar\/wp-content\/uploads\/2023\/04\/FOTO-4-12-jpg.webp","type":"image\/jpeg"}],"author":"Alejandro Gabriel Rosito","twitter_card":"summary_large_image","twitter_misc":{"Escrito por":"Alejandro Gabriel Rosito","Tiempo de lectura":"3 minutos"},"schema":{"@context":"https:\/\/schema.org","@graph":[{"@type":"Article","@id":"https:\/\/autofans.com.ar\/index.php\/2023\/04\/14\/mercedes-benz-y-bosch-inauguran-centro-de-pruebas-de-vehiculos-en-iracemapolis\/#article","isPartOf":{"@id":"https:\/\/autofans.com.ar\/index.php\/2023\/04\/14\/mercedes-benz-y-bosch-inauguran-centro-de-pruebas-de-vehiculos-en-iracemapolis\/"},"author":{"name":"Alejandro Gabriel Rosito","@id":"https:\/\/autofans.com.ar\/#\/schema\/person\/4a8dda0b6df83ac3d6723e921274c2aa"},"headline":"Mercedes-Benz y Bosch inauguran Centro de Pruebas de Veh\u00edculos en Iracem\u00e1polis","datePublished":"2023-04-14T16:45:26+00:00","mainEntityOfPage":{"@id":"https:\/\/autofans.com.ar\/index.php\/2023\/04\/14\/mercedes-benz-y-bosch-inauguran-centro-de-pruebas-de-vehiculos-en-iracemapolis\/"},"wordCount":493,"image":{"@id":"https:\/\/autofans.com.ar\/index.php\/2023\/04\/14\/mercedes-benz-y-bosch-inauguran-centro-de-pruebas-de-vehiculos-en-iracemapolis\/#primaryimage"},"thumbnailUrl":"https:\/\/autofans.com.ar\/wp-content\/uploads\/2023\/04\/FOTO-4-12-jpg.webp","keywords":["Am\u00e9rica Latina","Bosch","Centro de Pruebas","componentes automotrices","desarrollo de productos","Industria Automotriz","Iracem\u00e1polis","Mercedes-Benz","veh\u00edculos"],"articleSection":["EMPRESAS","NOTICIAS"],"inLanguage":"es"},{"@type":"WebPage","@id":"https:\/\/autofans.com.ar\/index.php\/2023\/04\/14\/mercedes-benz-y-bosch-inauguran-centro-de-pruebas-de-vehiculos-en-iracemapolis\/","url":"https:\/\/autofans.com.ar\/index.php\/2023\/04\/14\/mercedes-benz-y-bosch-inauguran-centro-de-pruebas-de-vehiculos-en-iracemapolis\/","name":"Mercedes-Benz y Bosch inauguran Centro de Pruebas de Veh\u00edculos en Iracem\u00e1polis -","isPartOf":{"@id":"https:\/\/autofans.com.ar\/#website"},"primaryImageOfPage":{"@id":"https:\/\/autofans.com.ar\/index.php\/2023\/04\/14\/mercedes-benz-y-bosch-inauguran-centro-de-pruebas-de-vehiculos-en-iracemapolis\/#primaryimage"},"image":{"@id":"https:\/\/autofans.com.ar\/index.php\/2023\/04\/14\/mercedes-benz-y-bosch-inauguran-centro-de-pruebas-de-vehiculos-en-iracemapolis\/#primaryimage"},"thumbnailUrl":"https:\/\/autofans.com.ar\/wp-content\/uploads\/2023\/04\/FOTO-4-12-jpg.webp","datePublished":"2023-04-14T16:45:26+00:00","author":{"@id":"https:\/\/autofans.com.ar\/#\/schema\/person\/4a8dda0b6df83ac3d6723e921274c2aa"},"description":"Mercedes-Benz do Brasil, en colaboraci\u00f3n con Robert Bosch Latin America, ha completado la construcci\u00f3n del Centro de Pruebas de Veh\u00edculos...","breadcrumb":{"@id":"https:\/\/autofans.com.ar\/index.php\/2023\/04\/14\/mercedes-benz-y-bosch-inauguran-centro-de-pruebas-de-vehiculos-en-iracemapolis\/#breadcrumb"},"inLanguage":"es","potentialAction":[{"@type":"ReadAction","target":["https:\/\/autofans.com.ar\/index.php\/2023\/04\/14\/mercedes-benz-y-bosch-inauguran-centro-de-pruebas-de-vehiculos-en-iracemapolis\/"]}]},{"@type":"ImageObject","inLanguage":"es","@id":"https:\/\/autofans.com.ar\/index.php\/2023\/04\/14\/mercedes-benz-y-bosch-inauguran-centro-de-pruebas-de-vehiculos-en-iracemapolis\/#primaryimage","url":"https:\/\/autofans.com.ar\/wp-content\/uploads\/2023\/04\/FOTO-4-12-jpg.webp","contentUrl":"https:\/\/autofans.com.ar\/wp-content\/uploads\/2023\/04\/FOTO-4-12-jpg.webp","width":1000,"height":667,"caption":"Mercedes-Benz"},{"@type":"BreadcrumbList","@id":"https:\/\/autofans.com.ar\/index.php\/2023\/04\/14\/mercedes-benz-y-bosch-inauguran-centro-de-pruebas-de-vehiculos-en-iracemapolis\/#breadcrumb","itemListElement":[{"@type":"ListItem","position":1,"name":"Inicio","item":"https:\/\/autofans.com.ar\/"},{"@type":"ListItem","position":2,"name":"Mercedes-Benz y Bosch inauguran Centro de Pruebas de Veh\u00edculos en Iracem\u00e1polis"}]},{"@type":"WebSite","@id":"https:\/\/autofans.com.ar\/#website","url":"https:\/\/autofans.com.ar\/","name":"","description":"El multimedio referente de la industria automotriz","potentialAction":[{"@type":"SearchAction","target":{"@type":"EntryPoint","urlTemplate":"https:\/\/autofans.com.ar\/?s={search_term_string}"},"query-input":{"@type":"PropertyValueSpecification","valueRequired":true,"valueName":"search_term_string"}}],"inLanguage":"es"},{"@type":"Person","@id":"https:\/\/autofans.com.ar\/#\/schema\/person\/4a8dda0b6df83ac3d6723e921274c2aa","name":"Alejandro Gabriel Rosito","image":{"@type":"ImageObject","inLanguage":"es","@id":"https:\/\/secure.gravatar.com\/avatar\/16c5dda1489adfc62618084dcbb91cffd879c374b13fe5dd8e44ed6733852c88?s=96&d=mm&r=g","url":"https:\/\/secure.gravatar.com\/avatar\/16c5dda1489adfc62618084dcbb91cffd879c374b13fe5dd8e44ed6733852c88?s=96&d=mm&r=g","contentUrl":"https:\/\/secure.gravatar.com\/avatar\/16c5dda1489adfc62618084dcbb91cffd879c374b13fe5dd8e44ed6733852c88?s=96&d=mm&r=g","caption":"Alejandro Gabriel Rosito"},"url":"https:\/\/autofans.com.ar\/index.php\/author\/gabrielr\/"}]}},"featured_image_urls":{"full":["https:\/\/autofans.com.ar\/wp-content\/uploads\/2023\/04\/FOTO-4-12-jpg.webp",1000,667,false],"thumbnail":["https:\/\/autofans.com.ar\/wp-content\/uploads\/2023\/04\/FOTO-4-12-150x150.webp",150,150,true],"medium":["https:\/\/autofans.com.ar\/wp-content\/uploads\/2023\/04\/FOTO-4-12-300x200.webp",300,200,true],"medium_large":["https:\/\/autofans.com.ar\/wp-content\/uploads\/2023\/04\/FOTO-4-12-768x512.webp",640,427,true],"large":["https:\/\/autofans.com.ar\/wp-content\/uploads\/2023\/04\/FOTO-4-12-jpg.webp",640,427,false],"1536x1536":["https:\/\/autofans.com.ar\/wp-content\/uploads\/2023\/04\/FOTO-4-12-jpg.webp",1000,667,false],"2048x2048":["https:\/\/autofans.com.ar\/wp-content\/uploads\/2023\/04\/FOTO-4-12-jpg.webp",1000,667,false],"covernews-featured":["https:\/\/autofans.com.ar\/wp-content\/uploads\/2023\/04\/FOTO-4-12-jpg.webp",1000,667,false],"covernews-medium":["https:\/\/autofans.com.ar\/wp-content\/uploads\/2023\/04\/FOTO-4-12-540x340.webp",540,340,true]},"author_info":{"display_name":"Alejandro Gabriel Rosito","author_link":"https:\/\/autofans.com.ar\/index.php\/author\/gabrielr\/"},"category_info":"<a href=\"https:\/\/autofans.com.ar\/index.php\/category\/noticias\/empresas\/\" rel=\"category tag\">EMPRESAS<\/a> <a href=\"https:\/\/autofans.com.ar\/index.php\/category\/noticias\/\" rel=\"category tag\">NOTICIAS<\/a>","tag_info":"NOTICIAS","comment_count":0,"_links":{"self":[{"href":"https:\/\/autofans.com.ar\/index.php\/wp-json\/wp\/v2\/posts\/1559","targetHints":{"allow":["GET"]}}],"collection":[{"href":"https:\/\/autofans.com.ar\/index.php\/wp-json\/wp\/v2\/posts"}],"about":[{"href":"https:\/\/autofans.com.ar\/index.php\/wp-json\/wp\/v2\/types\/post"}],"author":[{"embeddable":true,"href":"https:\/\/autofans.com.ar\/index.php\/wp-json\/wp\/v2\/users\/2"}],"replies":[{"embeddable":true,"href":"https:\/\/autofans.com.ar\/index.php\/wp-json\/wp\/v2\/comments?post=1559"}],"version-history":[{"count":5,"href":"https:\/\/autofans.com.ar\/index.php\/wp-json\/wp\/v2\/posts\/1559\/revisions"}],"predecessor-version":[{"id":1568,"href":"https:\/\/autofans.com.ar\/index.php\/wp-json\/wp\/v2\/posts\/1559\/revisions\/1568"}],"wp:featuredmedia":[{"embeddable":true,"href":"https:\/\/autofans.com.ar\/index.php\/wp-json\/wp\/v2\/media\/1560"}],"wp:attachment":[{"href":"https:\/\/autofans.com.ar\/index.php\/wp-json\/wp\/v2\/media?parent=1559"}],"wp:term":[{"taxonomy":"category","embeddable":true,"href":"https:\/\/autofans.com.ar\/index.php\/wp-json\/wp\/v2\/categories?post=1559"},{"taxonomy":"post_tag","embeddable":true,"href":"https:\/\/autofans.com.ar\/index.php\/wp-json\/wp\/v2\/tags?post=1559"}],"curies":[{"name":"wp","href":"https:\/\/api.w.org\/{rel}","templated":true}]}}